{"id":32884,"date":"2023-08-06T20:24:26","date_gmt":"2023-08-06T20:24:26","guid":{"rendered":"https:\/\/appsaf.apieproject.com\/news\/?p=32884"},"modified":"2023-08-06T20:24:28","modified_gmt":"2023-08-06T20:24:28","slug":"la-foret-sacree-de-kpasse-ou-le-musee-du-vaudou","status":"publish","type":"post","link":"https:\/\/appsaf.apieproject.com\/news\/fr\/2023\/08\/06\/la-foret-sacree-de-kpasse-ou-le-musee-du-vaudou\/","title":{"rendered":"La For\u00eat Sacr\u00e9e De KPASS\u00c8 Ou Le Mus\u00e9e Du Vaudou"},"content":{"rendered":"<p>Selon la l\u00e9gende, au XIVe si\u00e8cle, le roi Kpass\u00e8 (fondateur de la ville de Ouidah) aurait myst\u00e9rieusement disparu l\u00e0 o\u00f9 un arbre iroko aurait miraculeusement pouss\u00e9. Il se serait transform\u00e9 en cet iroko qui perdure encore depuis des si\u00e8cles. L\u2019arbre serait en mesure d\u2019exaucer des voeux. De nombreuses personnes viennent \u00e0 cet endroit pour y faire des offrandes et toucher de la main le myst\u00e9rieux arbre.<\/p>\n<p>Autour de cet arbre, s\u2019est constitu\u00e9e toute une for\u00eat qui a rev\u00eatu un aspect sacr\u00e9 au fil du temps car elle demeure un lieu de rituel. Elle servait de lieu d\u2019initiation et d\u2019apprentissage aux jeunes sorciers vaudous qui apprenaient aupr\u00e8s des plus vieux. Aujourd\u2019hui, une partie de la for\u00eat est ouverte au public sous forme de mus\u00e9e. L\u2019on y d\u00e9couvre des sculptures symbolisant des divinit\u00e9s et autres aspects du culte vaudou.<\/p>\n<p>La ville de Ouidah repr\u00e9sente le point de d\u00e9part du culte vaudou. Le vaudou compte aujourd\u2019hui des millions d\u2019initi\u00e9s \u00e0 travers le monde. Du fait de la colonisation, on les retrouve au Br\u00e9sil, en Ha\u00efti etc. De nombreuses personnes viennent des quatre coins du monde pour vivre leur foi sur cette terre qui a donn\u00e9e naissance au vaudou.<\/p>\n","protected":false},"excerpt":{"rendered":"<p>La for\u00eat sacr\u00e9e du Kpass\u00e8 est un mus\u00e9e d\u00e9di\u00e9 aux divinit\u00e9s vaudous. Elle se situe dans la ville de Ouidah au B\u00e9nin. Cette ville est aujourd\u2019hui reconnue comme la capitale du vaudou et elle abrite chaque 10 janvier la f\u00eate du vaudou.<\/p>\n","protected":false},"author":12963,"featured_media":32881,"comment_status":"open","ping_status":"open","sticky":false,"template":"","format":"standard","meta":{"footnotes":""},"categories":[55,75],"tags":[78,88,93],"class_list":{"0":"post-32884","1":"post","2":"type-post","3":"status-publish","4":"format-standard","5":"has-post-thumbnail","7":"category-divertissement","8":"category-voyager","9":"tag-apie-project-2","10":"tag-divertissement","11":"tag-voyager"},"yoast_head":"<!-- This site is optimized with the Yoast SEO plugin v24.4 - https:\/\/yoast.com\/wordpress\/plugins\/seo\/ -->\n<title>La For\u00eat Sacr\u00e9e De KPASS\u00c8 Ou Le Mus\u00e9e Du Vaudou - APIE NEWS<\/title>\n<meta name=\"robots\" content=\"index, follow, max-snippet:-1, max-image-preview:large, max-video-preview:-1\" \/>\n<link rel=\"canonical\" href=\"https:\/\/appsaf.apieproject.com\/news\/fr\/2023\/08\/06\/la-foret-sacree-de-kpasse-ou-le-musee-du-vaudou\/\" \/>\n<meta property=\"og:locale\" content=\"fr_FR\" \/>\n<meta property=\"og:type\" content=\"article\" \/>\n<meta property=\"og:title\" content=\"La For\u00eat Sacr\u00e9e De KPASS\u00c8 Ou Le Mus\u00e9e Du Vaudou - APIE NEWS\" \/>\n<meta property=\"og:description\" content=\"La for\u00eat sacr\u00e9e du Kpass\u00e8 est un mus\u00e9e d\u00e9di\u00e9 aux divinit\u00e9s vaudous. Elle se situe dans la ville de Ouidah au B\u00e9nin. Cette ville est aujourd\u2019hui reconnue comme la capitale du vaudou et elle abrite chaque 10 janvier la f\u00eate du vaudou.\" \/>\n<meta property=\"og:url\" content=\"https:\/\/appsaf.apieproject.com\/news\/fr\/2023\/08\/06\/la-foret-sacree-de-kpasse-ou-le-musee-du-vaudou\/\" \/>\n<meta property=\"og:site_name\" content=\"APIE NEWS\" \/>\n<meta property=\"article:publisher\" content=\"https:\/\/facebook.com\/apieproject\" \/>\n<meta property=\"article:published_time\" content=\"2023-08-06T20:24:26+00:00\" \/>\n<meta property=\"article:modified_time\" content=\"2023-08-06T20:24:28+00:00\" \/>\n<meta property=\"og:image\" content=\"https:\/\/appsaf.apieproject.com\/news\/wp-content\/uploads\/sites\/29\/2023\/07\/foret-sacree-de-kpasse-zoun_crop_600x400-b3dbc8d990faeb2be704fd0d4653b86f.jpg\" \/>\n\t<meta property=\"og:image:width\" content=\"600\" \/>\n\t<meta property=\"og:image:height\" content=\"400\" \/>\n\t<meta property=\"og:image:type\" content=\"image\/jpeg\" \/>\n<meta name=\"author\" content=\"staff\" \/>\n<meta name=\"twitter:card\" content=\"summary_large_image\" \/>\n<meta name=\"twitter:creator\" content=\"@apieproject\" \/>\n<meta name=\"twitter:site\" content=\"@apieproject\" \/>\n<meta name=\"twitter:label1\" content=\"\u00c9crit par\" \/>\n\t<meta name=\"twitter:data1\" content=\"staff\" \/>\n\t<meta name=\"twitter:label2\" content=\"Dur\u00e9e de lecture estim\u00e9e\" \/>\n\t<meta name=\"twitter:data2\" content=\"1 minute\" \/>\n<script type=\"application\/ld+json\" class=\"yoast-schema-graph\">{\"@context\":\"https:\/\/schema.org\",\"@graph\":[{\"@type\":\"Article\",\"@id\":\"https:\/\/appsaf.apieproject.com\/news\/fr\/2023\/08\/06\/la-foret-sacree-de-kpasse-ou-le-musee-du-vaudou\/#article\",\"isPartOf\":{\"@id\":\"https:\/\/appsaf.apieproject.com\/news\/fr\/2023\/08\/06\/la-foret-sacree-de-kpasse-ou-le-musee-du-vaudou\/\"},\"author\":{\"name\":\"staff\",\"@id\":\"https:\/\/appsaf.apieproject.com\/news\/#\/schema\/person\/399517cac378948cd7b39086f9ddc2a7\"},\"headline\":\"La For\u00eat Sacr\u00e9e De KPASS\u00c8 Ou Le Mus\u00e9e Du Vaudou\",\"datePublished\":\"2023-08-06T20:24:26+00:00\",\"dateModified\":\"2023-08-06T20:24:28+00:00\",\"mainEntityOfPage\":{\"@id\":\"https:\/\/appsaf.apieproject.com\/news\/fr\/2023\/08\/06\/la-foret-sacree-de-kpasse-ou-le-musee-du-vaudou\/\"},\"wordCount\":234,\"commentCount\":0,\"publisher\":{\"@id\":\"https:\/\/appsaf.apieproject.com\/news\/#organization\"},\"image\":{\"@id\":\"https:\/\/appsaf.apieproject.com\/news\/fr\/2023\/08\/06\/la-foret-sacree-de-kpasse-ou-le-musee-du-vaudou\/#primaryimage\"},\"thumbnailUrl\":\"https:\/\/appsaf.apieproject.com\/news\/wp-content\/uploads\/sites\/29\/2023\/07\/foret-sacree-de-kpasse-zoun_crop_600x400-b3dbc8d990faeb2be704fd0d4653b86f.jpg\",\"keywords\":[\"apie project\",\"divertissement\",\"voyager\"],\"articleSection\":[\"Divertissement\",\"Voyager\"],\"inLanguage\":\"fr-FR\",\"potentialAction\":[{\"@type\":\"CommentAction\",\"name\":\"Comment\",\"target\":[\"https:\/\/appsaf.apieproject.com\/news\/fr\/2023\/08\/06\/la-foret-sacree-de-kpasse-ou-le-musee-du-vaudou\/#respond\"]}]},{\"@type\":\"WebPage\",\"@id\":\"https:\/\/appsaf.apieproject.com\/news\/fr\/2023\/08\/06\/la-foret-sacree-de-kpasse-ou-le-musee-du-vaudou\/\",\"url\":\"https:\/\/appsaf.apieproject.com\/news\/fr\/2023\/08\/06\/la-foret-sacree-de-kpasse-ou-le-musee-du-vaudou\/\",\"name\":\"La For\u00eat Sacr\u00e9e De KPASS\u00c8 Ou Le Mus\u00e9e Du Vaudou - APIE NEWS\",\"isPartOf\":{\"@id\":\"https:\/\/appsaf.apieproject.com\/news\/#website\"},\"primaryImageOfPage\":{\"@id\":\"https:\/\/appsaf.apieproject.com\/news\/fr\/2023\/08\/06\/la-foret-sacree-de-kpasse-ou-le-musee-du-vaudou\/#primaryimage\"},\"image\":{\"@id\":\"https:\/\/appsaf.apieproject.com\/news\/fr\/2023\/08\/06\/la-foret-sacree-de-kpasse-ou-le-musee-du-vaudou\/#primaryimage\"},\"thumbnailUrl\":\"https:\/\/appsaf.apieproject.com\/news\/wp-content\/uploads\/sites\/29\/2023\/07\/foret-sacree-de-kpasse-zoun_crop_600x400-b3dbc8d990faeb2be704fd0d4653b86f.jpg\",\"datePublished\":\"2023-08-06T20:24:26+00:00\",\"dateModified\":\"2023-08-06T20:24:28+00:00\",\"breadcrumb\":{\"@id\":\"https:\/\/appsaf.apieproject.com\/news\/fr\/2023\/08\/06\/la-foret-sacree-de-kpasse-ou-le-musee-du-vaudou\/#breadcrumb\"},\"inLanguage\":\"fr-FR\",\"potentialAction\":[{\"@type\":\"ReadAction\",\"target\":[\"https:\/\/appsaf.apieproject.com\/news\/fr\/2023\/08\/06\/la-foret-sacree-de-kpasse-ou-le-musee-du-vaudou\/\"]}]},{\"@type\":\"ImageObject\",\"inLanguage\":\"fr-FR\",\"@id\":\"https:\/\/appsaf.apieproject.com\/news\/fr\/2023\/08\/06\/la-foret-sacree-de-kpasse-ou-le-musee-du-vaudou\/#primaryimage\",\"url\":\"https:\/\/appsaf.apieproject.com\/news\/wp-content\/uploads\/sites\/29\/2023\/07\/foret-sacree-de-kpasse-zoun_crop_600x400-b3dbc8d990faeb2be704fd0d4653b86f.jpg\",\"contentUrl\":\"https:\/\/appsaf.apieproject.com\/news\/wp-content\/uploads\/sites\/29\/2023\/07\/foret-sacree-de-kpasse-zoun_crop_600x400-b3dbc8d990faeb2be704fd0d4653b86f.jpg\",\"width\":600,\"height\":400},{\"@type\":\"BreadcrumbList\",\"@id\":\"https:\/\/appsaf.apieproject.com\/news\/fr\/2023\/08\/06\/la-foret-sacree-de-kpasse-ou-le-musee-du-vaudou\/#breadcrumb\",\"itemListElement\":[{\"@type\":\"ListItem\",\"position\":1,\"name\":\"Home\",\"item\":\"https:\/\/appsaf.apieproject.com\/news\/fr\/home\/\"},{\"@type\":\"ListItem\",\"position\":2,\"name\":\"La For\u00eat Sacr\u00e9e De KPASS\u00c8 Ou Le Mus\u00e9e Du Vaudou\"}]},{\"@type\":\"WebSite\",\"@id\":\"https:\/\/appsaf.apieproject.com\/news\/#website\",\"url\":\"https:\/\/appsaf.apieproject.com\/news\/\",\"name\":\"APIE NEWS\",\"description\":\"PANAFRICANISM NEWS PORTAL\",\"publisher\":{\"@id\":\"https:\/\/appsaf.apieproject.com\/news\/#organization\"},\"potentialAction\":[{\"@type\":\"SearchAction\",\"target\":{\"@type\":\"EntryPoint\",\"urlTemplate\":\"https:\/\/appsaf.apieproject.com\/news\/?s={search_term_string}\"},\"query-input\":{\"@type\":\"PropertyValueSpecification\",\"valueRequired\":true,\"valueName\":\"search_term_string\"}}],\"inLanguage\":\"fr-FR\"},{\"@type\":\"Organization\",\"@id\":\"https:\/\/appsaf.apieproject.com\/news\/#organization\",\"name\":\"APIE PROJECT\",\"url\":\"https:\/\/appsaf.apieproject.com\/news\/\",\"logo\":{\"@type\":\"ImageObject\",\"inLanguage\":\"fr-FR\",\"@id\":\"https:\/\/appsaf.apieproject.com\/news\/#\/schema\/logo\/image\/\",\"url\":\"https:\/\/appsaf.apieproject.com\/news\/wp-content\/uploads\/sites\/29\/2022\/07\/logo-R-TransparentBackground.png\",\"contentUrl\":\"https:\/\/appsaf.apieproject.com\/news\/wp-content\/uploads\/sites\/29\/2022\/07\/logo-R-TransparentBackground.png\",\"width\":512,\"height\":512,\"caption\":\"APIE PROJECT\"},\"image\":{\"@id\":\"https:\/\/appsaf.apieproject.com\/news\/#\/schema\/logo\/image\/\"},\"sameAs\":[\"https:\/\/facebook.com\/apieproject\",\"https:\/\/x.com\/apieproject\"]},{\"@type\":\"Person\",\"@id\":\"https:\/\/appsaf.apieproject.com\/news\/#\/schema\/person\/399517cac378948cd7b39086f9ddc2a7\",\"name\":\"staff\",\"image\":{\"@type\":\"ImageObject\",\"inLanguage\":\"fr-FR\",\"@id\":\"https:\/\/appsaf.apieproject.com\/news\/#\/schema\/person\/image\/\",\"url\":\"https:\/\/secure.gravatar.com\/avatar\/5386283c5db150efe261184bd59f072a?s=96&d=mm&r=g\",\"contentUrl\":\"https:\/\/secure.gravatar.com\/avatar\/5386283c5db150efe261184bd59f072a?s=96&d=mm&r=g\",\"caption\":\"staff\"},\"url\":\"https:\/\/appsaf.apieproject.com\/news\/fr\/author\/staff\/\"}]}<\/script>\n<!-- \/ Yoast SEO plugin. -->","yoast_head_json":{"title":"La For\u00eat Sacr\u00e9e De KPASS\u00c8 Ou Le Mus\u00e9e Du Vaudou - APIE NEWS","robots":{"index":"index","follow":"follow","max-snippet":"max-snippet:-1","max-image-preview":"max-image-preview:large","max-video-preview":"max-video-preview:-1"},"canonical":"https:\/\/appsaf.apieproject.com\/news\/fr\/2023\/08\/06\/la-foret-sacree-de-kpasse-ou-le-musee-du-vaudou\/","og_locale":"fr_FR","og_type":"article","og_title":"La For\u00eat Sacr\u00e9e De KPASS\u00c8 Ou Le Mus\u00e9e Du Vaudou - APIE NEWS","og_description":"La for\u00eat sacr\u00e9e du Kpass\u00e8 est un mus\u00e9e d\u00e9di\u00e9 aux divinit\u00e9s vaudous. Elle se situe dans la ville de Ouidah au B\u00e9nin. Cette ville est aujourd\u2019hui reconnue comme la capitale du vaudou et elle abrite chaque 10 janvier la f\u00eate du vaudou.","og_url":"https:\/\/appsaf.apieproject.com\/news\/fr\/2023\/08\/06\/la-foret-sacree-de-kpasse-ou-le-musee-du-vaudou\/","og_site_name":"APIE NEWS","article_publisher":"https:\/\/facebook.com\/apieproject","article_published_time":"2023-08-06T20:24:26+00:00","article_modified_time":"2023-08-06T20:24:28+00:00","og_image":[{"width":600,"height":400,"url":"https:\/\/appsaf.apieproject.com\/news\/wp-content\/uploads\/sites\/29\/2023\/07\/foret-sacree-de-kpasse-zoun_crop_600x400-b3dbc8d990faeb2be704fd0d4653b86f.jpg","type":"image\/jpeg"}],"author":"staff","twitter_card":"summary_large_image","twitter_creator":"@apieproject","twitter_site":"@apieproject","twitter_misc":{"\u00c9crit par":"staff","Dur\u00e9e de lecture estim\u00e9e":"1 minute"},"schema":{"@context":"https:\/\/schema.org","@graph":[{"@type":"Article","@id":"https:\/\/appsaf.apieproject.com\/news\/fr\/2023\/08\/06\/la-foret-sacree-de-kpasse-ou-le-musee-du-vaudou\/#article","isPartOf":{"@id":"https:\/\/appsaf.apieproject.com\/news\/fr\/2023\/08\/06\/la-foret-sacree-de-kpasse-ou-le-musee-du-vaudou\/"},"author":{"name":"staff","@id":"https:\/\/appsaf.apieproject.com\/news\/#\/schema\/person\/399517cac378948cd7b39086f9ddc2a7"},"headline":"La For\u00eat Sacr\u00e9e De KPASS\u00c8 Ou Le Mus\u00e9e Du Vaudou","datePublished":"2023-08-06T20:24:26+00:00","dateModified":"2023-08-06T20:24:28+00:00","mainEntityOfPage":{"@id":"https:\/\/appsaf.apieproject.com\/news\/fr\/2023\/08\/06\/la-foret-sacree-de-kpasse-ou-le-musee-du-vaudou\/"},"wordCount":234,"commentCount":0,"publisher":{"@id":"https:\/\/appsaf.apieproject.com\/news\/#organization"},"image":{"@id":"https:\/\/appsaf.apieproject.com\/news\/fr\/2023\/08\/06\/la-foret-sacree-de-kpasse-ou-le-musee-du-vaudou\/#primaryimage"},"thumbnailUrl":"https:\/\/appsaf.apieproject.com\/news\/wp-content\/uploads\/sites\/29\/2023\/07\/foret-sacree-de-kpasse-zoun_crop_600x400-b3dbc8d990faeb2be704fd0d4653b86f.jpg","keywords":["apie project","divertissement","voyager"],"articleSection":["Divertissement","Voyager"],"inLanguage":"fr-FR","potentialAction":[{"@type":"CommentAction","name":"Comment","target":["https:\/\/appsaf.apieproject.com\/news\/fr\/2023\/08\/06\/la-foret-sacree-de-kpasse-ou-le-musee-du-vaudou\/#respond"]}]},{"@type":"WebPage","@id":"https:\/\/appsaf.apieproject.com\/news\/fr\/2023\/08\/06\/la-foret-sacree-de-kpasse-ou-le-musee-du-vaudou\/","url":"https:\/\/appsaf.apieproject.com\/news\/fr\/2023\/08\/06\/la-foret-sacree-de-kpasse-ou-le-musee-du-vaudou\/","name":"La For\u00eat Sacr\u00e9e De KPASS\u00c8 Ou Le Mus\u00e9e Du Vaudou - APIE NEWS","isPartOf":{"@id":"https:\/\/appsaf.apieproject.com\/news\/#website"},"primaryImageOfPage":{"@id":"https:\/\/appsaf.apieproject.com\/news\/fr\/2023\/08\/06\/la-foret-sacree-de-kpasse-ou-le-musee-du-vaudou\/#primaryimage"},"image":{"@id":"https:\/\/appsaf.apieproject.com\/news\/fr\/2023\/08\/06\/la-foret-sacree-de-kpasse-ou-le-musee-du-vaudou\/#primaryimage"},"thumbnailUrl":"https:\/\/appsaf.apieproject.com\/news\/wp-content\/uploads\/sites\/29\/2023\/07\/foret-sacree-de-kpasse-zoun_crop_600x400-b3dbc8d990faeb2be704fd0d4653b86f.jpg","datePublished":"2023-08-06T20:24:26+00:00","dateModified":"2023-08-06T20:24:28+00:00","breadcrumb":{"@id":"https:\/\/appsaf.apieproject.com\/news\/fr\/2023\/08\/06\/la-foret-sacree-de-kpasse-ou-le-musee-du-vaudou\/#breadcrumb"},"inLanguage":"fr-FR","potentialAction":[{"@type":"ReadAction","target":["https:\/\/appsaf.apieproject.com\/news\/fr\/2023\/08\/06\/la-foret-sacree-de-kpasse-ou-le-musee-du-vaudou\/"]}]},{"@type":"ImageObject","inLanguage":"fr-FR","@id":"https:\/\/appsaf.apieproject.com\/news\/fr\/2023\/08\/06\/la-foret-sacree-de-kpasse-ou-le-musee-du-vaudou\/#primaryimage","url":"https:\/\/appsaf.apieproject.com\/news\/wp-content\/uploads\/sites\/29\/2023\/07\/foret-sacree-de-kpasse-zoun_crop_600x400-b3dbc8d990faeb2be704fd0d4653b86f.jpg","contentUrl":"https:\/\/appsaf.apieproject.com\/news\/wp-content\/uploads\/sites\/29\/2023\/07\/foret-sacree-de-kpasse-zoun_crop_600x400-b3dbc8d990faeb2be704fd0d4653b86f.jpg","width":600,"height":400},{"@type":"BreadcrumbList","@id":"https:\/\/appsaf.apieproject.com\/news\/fr\/2023\/08\/06\/la-foret-sacree-de-kpasse-ou-le-musee-du-vaudou\/#breadcrumb","itemListElement":[{"@type":"ListItem","position":1,"name":"Home","item":"https:\/\/appsaf.apieproject.com\/news\/fr\/home\/"},{"@type":"ListItem","position":2,"name":"La For\u00eat Sacr\u00e9e De KPASS\u00c8 Ou Le Mus\u00e9e Du Vaudou"}]},{"@type":"WebSite","@id":"https:\/\/appsaf.apieproject.com\/news\/#website","url":"https:\/\/appsaf.apieproject.com\/news\/","name":"APIE NEWS","description":"PANAFRICANISM NEWS PORTAL","publisher":{"@id":"https:\/\/appsaf.apieproject.com\/news\/#organization"},"potentialAction":[{"@type":"SearchAction","target":{"@type":"EntryPoint","urlTemplate":"https:\/\/appsaf.apieproject.com\/news\/?s={search_term_string}"},"query-input":{"@type":"PropertyValueSpecification","valueRequired":true,"valueName":"search_term_string"}}],"inLanguage":"fr-FR"},{"@type":"Organization","@id":"https:\/\/appsaf.apieproject.com\/news\/#organization","name":"APIE PROJECT","url":"https:\/\/appsaf.apieproject.com\/news\/","logo":{"@type":"ImageObject","inLanguage":"fr-FR","@id":"https:\/\/appsaf.apieproject.com\/news\/#\/schema\/logo\/image\/","url":"https:\/\/appsaf.apieproject.com\/news\/wp-content\/uploads\/sites\/29\/2022\/07\/logo-R-TransparentBackground.png","contentUrl":"https:\/\/appsaf.apieproject.com\/news\/wp-content\/uploads\/sites\/29\/2022\/07\/logo-R-TransparentBackground.png","width":512,"height":512,"caption":"APIE PROJECT"},"image":{"@id":"https:\/\/appsaf.apieproject.com\/news\/#\/schema\/logo\/image\/"},"sameAs":["https:\/\/facebook.com\/apieproject","https:\/\/x.com\/apieproject"]},{"@type":"Person","@id":"https:\/\/appsaf.apieproject.com\/news\/#\/schema\/person\/399517cac378948cd7b39086f9ddc2a7","name":"staff","image":{"@type":"ImageObject","inLanguage":"fr-FR","@id":"https:\/\/appsaf.apieproject.com\/news\/#\/schema\/person\/image\/","url":"https:\/\/secure.gravatar.com\/avatar\/5386283c5db150efe261184bd59f072a?s=96&d=mm&r=g","contentUrl":"https:\/\/secure.gravatar.com\/avatar\/5386283c5db150efe261184bd59f072a?s=96&d=mm&r=g","caption":"staff"},"url":"https:\/\/appsaf.apieproject.com\/news\/fr\/author\/staff\/"}]}},"_links":{"self":[{"href":"https:\/\/appsaf.apieproject.com\/news\/fr\/wp-json\/wp\/v2\/posts\/32884","targetHints":{"allow":["GET"]}}],"collection":[{"href":"https:\/\/appsaf.apieproject.com\/news\/fr\/wp-json\/wp\/v2\/posts"}],"about":[{"href":"https:\/\/appsaf.apieproject.com\/news\/fr\/wp-json\/wp\/v2\/types\/post"}],"author":[{"embeddable":true,"href":"https:\/\/appsaf.apieproject.com\/news\/fr\/wp-json\/wp\/v2\/users\/12963"}],"replies":[{"embeddable":true,"href":"https:\/\/appsaf.apieproject.com\/news\/fr\/wp-json\/wp\/v2\/comments?post=32884"}],"version-history":[{"count":1,"href":"https:\/\/appsaf.apieproject.com\/news\/fr\/wp-json\/wp\/v2\/posts\/32884\/revisions"}],"predecessor-version":[{"id":33106,"href":"https:\/\/appsaf.apieproject.com\/news\/fr\/wp-json\/wp\/v2\/posts\/32884\/revisions\/33106"}],"wp:featuredmedia":[{"embeddable":true,"href":"https:\/\/appsaf.apieproject.com\/news\/fr\/wp-json\/wp\/v2\/media\/32881"}],"wp:attachment":[{"href":"https:\/\/appsaf.apieproject.com\/news\/fr\/wp-json\/wp\/v2\/media?parent=32884"}],"wp:term":[{"taxonomy":"category","embeddable":true,"href":"https:\/\/appsaf.apieproject.com\/news\/fr\/wp-json\/wp\/v2\/categories?post=32884"},{"taxonomy":"post_tag","embeddable":true,"href":"https:\/\/appsaf.apieproject.com\/news\/fr\/wp-json\/wp\/v2\/tags?post=32884"}],"curies":[{"name":"wp","href":"https:\/\/api.w.org\/{rel}","templated":true}]}}