{"id":33429,"date":"2023-09-18T17:38:10","date_gmt":"2023-09-18T17:38:10","guid":{"rendered":"https:\/\/appsaf.apieproject.com\/news\/?p=33429"},"modified":"2023-09-18T17:43:20","modified_gmt":"2023-09-18T17:43:20","slug":"seisme-le-maroc-refuse-laide-de-la-france","status":"publish","type":"post","link":"https:\/\/appsaf.apieproject.com\/news\/fr\/2023\/09\/18\/seisme-le-maroc-refuse-laide-de-la-france\/","title":{"rendered":"S\u00e9isme : Le Maroc Refuse l\u00b4Aide De La France"},"content":{"rendered":"<p>Frapp\u00e9 par un violent s\u00e9isme de magnitude 6,8 le 8 septembre 2023, le Maroc a vu le monde entier courir \u00e0 ses pieds. Parti des chaines de montagne Haut Atlas, ce s\u00e9isme a eu des d\u00e9g\u00e2ts consid\u00e9rables dans l\u2019ensemble du pays. La ville de Marrakech est la plus touch\u00e9e. Le bilan \u00e0 ce jour est de pr\u00e8s de 3000 morts et plusieurs milliers de bless\u00e9s. Des villages entiers ont \u00e9t\u00e9 d\u00e9truits. Dans ce chaos, plusieurs pays du monde sont venus \u00e0 la rescousse du Maroc en proposant des aides humanitaires. Certaines aides ont \u00e9t\u00e9 gracieusement re\u00e7ues, d\u2019autres par contre ont re\u00e7u une fin de non-recevoir de la part des autorit\u00e9s marocaines. C\u2019est le cas de l\u2019aide de la France.<\/p>\n<p><strong>En finir avec le Paternalisme Humanitaire<\/strong><\/p>\n<p>Bien qu\u2019\u00e9tant \u00e0 genoux aux yeux du monde, le Maroc a su garder sa dignit\u00e9 face \u00e0 cette catastrophe. Parmi les pays qui lui ont tendu la main, le royaume ch\u00e9rifien a accept\u00e9 l\u2019aide de l\u2019Espagne, de la Grande Bretagne et m\u00eame du Qatar. Mais, le pays continue de faire la sourde oreille \u00e0 l\u2019aide de la France. Un refus qui vient remettre \u00e0 l\u2019ordre du jour le diff\u00e9rend qui existe entre les deux pays.<\/p>\n<p>En effet, la France refuse de reconnaitre la Marocanit\u00e9 du Sahara Occidental, comme l\u2019a fait les Etats-Unis, Isra\u00ebl et m\u00eame l\u2019Espagne. C\u2019est donc une fracture de plus dans les relations d\u00e9j\u00e0 tendues entre Rabat et Paris. Aussi, \u00e0 travers ce refus, le Maroc envoie un message fort \u00e0 l\u2019occident. Qu&rsquo;il est temps de mettre fin au paternalisme humanitaire. Au regard de la riposte engag\u00e9e, le Maroc prouve qu\u2019elle peut faire face \u00e0 une catastrophe sans que les pays occidentaux n\u2019aient leur mot \u00e0 dire.<\/p>\n<p>Au rang des premi\u00e8res mesures prises par les autorit\u00e9s, on note l\u2019\u00e9valuation des besoins en \u00e9quipes de sauveteurs en tenant compte de l\u2019\u00e9tendue du territoire concern\u00e9, sa faible densit\u00e9 populationnelle et le type d\u2019habitats pr\u00e9caires de ces zones rurales. L\u2019arm\u00e9e et la s\u00e9curit\u00e9 civile marocaine ont \u00e9t\u00e9 envoy\u00e9es sur le terrain pour d\u00e9blayer les routes, distribuer des vivres, de l\u2019eau et des couvertures par h\u00e9litreuillage, lorsque cela \u00e9tait n\u00e9cessaire, dans les villages les plus recul\u00e9s du Haut Atlas.<\/p>\n<p><strong>La France de plus en plus humili\u00e9e en Afrique<\/strong><\/p>\n<p>Quand est-ce-que la France quittera d\u00e9finitivement l\u2019Afrique? La rupture est effective. C\u2019est la question que tout le monde se pose actuellement.<\/p>\n<p>Les nombreux pays dans lesquels les Fran\u00e7ais exer\u00e7aient des manipulations de toutes sortes pour leurs seuls profits sont en train d\u2019arracher leurs souverainet\u00e9s. L\u2019interdiction de m\u00e9dias francais sur les territoires concern\u00e9s, le renvoie de ses ambassadeurs, le retrait de ses troupes, la rupture des accords bilat\u00e9raux et maintenant le refus de son aide humanitaire. Toutes choses qui devraient faire comprendre \u00e0 Paris que le temps de la colonisation est r\u00e9volue.<\/p>\n<p>Les pays africains sont d\u00e9sormais capables de voler de leurs propres ailes. D\u2019ailleurs, plusieurs pays europ\u00e9ens traversent des p\u00e9riodes de tumulte. La France gagnerait \u00e0 leur proposer son aide au lieu des humiliations en Afrique. Par exemple, les soldats fran\u00e7ais seront utiles \u00e0 l\u2019Ukraine.<\/p>\n","protected":false},"excerpt":{"rendered":"<p>Frapp\u00e9 par un violent s\u00e9isme de magnitude 6,8 le 8 septembre 2023, le Maroc a vu le monde entier courir \u00e0 ses pieds. Parti des chaines de montagne Haut Atlas, ce s\u00e9isme a eu des d\u00e9g\u00e2ts consid\u00e9rables dans l\u2019ensemble du pays. La ville de Marrakech est la plus touch\u00e9e. Le bilan \u00e0 ce jour est [&hellip;]<\/p>\n","protected":false},"author":13112,"featured_media":34051,"comment_status":"open","ping_status":"open","sticky":false,"template":"","format":"standard","meta":{"footnotes":""},"categories":[67,69,59],"tags":[81,78,82],"class_list":{"0":"post-33429","1":"post","2":"type-post","3":"status-publish","4":"format-standard","5":"has-post-thumbnail","7":"category-actualites","8":"category-politique","9":"category-speciaux","10":"tag-actualites","11":"tag-apie-project-2","12":"tag-politique"},"yoast_head":"<!-- This site is optimized with the Yoast SEO plugin v24.4 - https:\/\/yoast.com\/wordpress\/plugins\/seo\/ -->\n<title>S\u00e9isme : Le Maroc Refuse l\u00b4Aide De La France - APIE NEWS<\/title>\n<meta name=\"robots\" content=\"index, follow, max-snippet:-1, max-image-preview:large, max-video-preview:-1\" \/>\n<link rel=\"canonical\" href=\"https:\/\/appsaf.apieproject.com\/news\/fr\/2023\/09\/18\/seisme-le-maroc-refuse-laide-de-la-france\/\" \/>\n<meta property=\"og:locale\" content=\"fr_FR\" \/>\n<meta property=\"og:type\" content=\"article\" \/>\n<meta property=\"og:title\" content=\"S\u00e9isme : Le Maroc Refuse l\u00b4Aide De La France - APIE NEWS\" \/>\n<meta property=\"og:description\" content=\"Frapp\u00e9 par un violent s\u00e9isme de magnitude 6,8 le 8 septembre 2023, le Maroc a vu le monde entier courir \u00e0 ses pieds. Parti des chaines de montagne Haut Atlas, ce s\u00e9isme a eu des d\u00e9g\u00e2ts consid\u00e9rables dans l\u2019ensemble du pays. La ville de Marrakech est la plus touch\u00e9e. Le bilan \u00e0 ce jour est [&hellip;]\" \/>\n<meta property=\"og:url\" content=\"https:\/\/appsaf.apieproject.com\/news\/fr\/2023\/09\/18\/seisme-le-maroc-refuse-laide-de-la-france\/\" \/>\n<meta property=\"og:site_name\" content=\"APIE NEWS\" \/>\n<meta property=\"article:publisher\" content=\"https:\/\/facebook.com\/apieproject\" \/>\n<meta property=\"article:published_time\" content=\"2023-09-18T17:38:10+00:00\" \/>\n<meta property=\"article:modified_time\" content=\"2023-09-18T17:43:20+00:00\" \/>\n<meta property=\"og:image\" content=\"https:\/\/appsaf.apieproject.com\/news\/wp-content\/uploads\/sites\/29\/2023\/09\/Earthquake.jpg\" \/>\n\t<meta property=\"og:image:width\" content=\"969\" \/>\n\t<meta property=\"og:image:height\" content=\"573\" \/>\n\t<meta property=\"og:image:type\" content=\"image\/jpeg\" \/>\n<meta name=\"author\" content=\"guyetom\" \/>\n<meta name=\"twitter:card\" content=\"summary_large_image\" \/>\n<meta name=\"twitter:creator\" content=\"@apieproject\" \/>\n<meta name=\"twitter:site\" content=\"@apieproject\" \/>\n<meta name=\"twitter:label1\" content=\"\u00c9crit par\" \/>\n\t<meta name=\"twitter:data1\" content=\"guyetom\" \/>\n\t<meta name=\"twitter:label2\" content=\"Dur\u00e9e de lecture estim\u00e9e\" \/>\n\t<meta name=\"twitter:data2\" content=\"3 minutes\" \/>\n<script type=\"application\/ld+json\" class=\"yoast-schema-graph\">{\"@context\":\"https:\/\/schema.org\",\"@graph\":[{\"@type\":\"Article\",\"@id\":\"https:\/\/appsaf.apieproject.com\/news\/fr\/2023\/09\/18\/seisme-le-maroc-refuse-laide-de-la-france\/#article\",\"isPartOf\":{\"@id\":\"https:\/\/appsaf.apieproject.com\/news\/fr\/2023\/09\/18\/seisme-le-maroc-refuse-laide-de-la-france\/\"},\"author\":{\"name\":\"guyetom\",\"@id\":\"https:\/\/appsaf.apieproject.com\/news\/#\/schema\/person\/94d8f4e561b283d434da551498c8cb39\"},\"headline\":\"S\u00e9isme : Le Maroc Refuse l\u00b4Aide De La France\",\"datePublished\":\"2023-09-18T17:38:10+00:00\",\"dateModified\":\"2023-09-18T17:43:20+00:00\",\"mainEntityOfPage\":{\"@id\":\"https:\/\/appsaf.apieproject.com\/news\/fr\/2023\/09\/18\/seisme-le-maroc-refuse-laide-de-la-france\/\"},\"wordCount\":567,\"commentCount\":0,\"publisher\":{\"@id\":\"https:\/\/appsaf.apieproject.com\/news\/#organization\"},\"image\":{\"@id\":\"https:\/\/appsaf.apieproject.com\/news\/fr\/2023\/09\/18\/seisme-le-maroc-refuse-laide-de-la-france\/#primaryimage\"},\"thumbnailUrl\":\"https:\/\/appsaf.apieproject.com\/news\/wp-content\/uploads\/sites\/29\/2023\/09\/Earthquake.jpg\",\"keywords\":[\"actualites\",\"apie project\",\"politique\"],\"articleSection\":[\"Actualit\u00e9s\",\"Politique\",\"Sp\u00e9ciaux\"],\"inLanguage\":\"fr-FR\",\"potentialAction\":[{\"@type\":\"CommentAction\",\"name\":\"Comment\",\"target\":[\"https:\/\/appsaf.apieproject.com\/news\/fr\/2023\/09\/18\/seisme-le-maroc-refuse-laide-de-la-france\/#respond\"]}]},{\"@type\":\"WebPage\",\"@id\":\"https:\/\/appsaf.apieproject.com\/news\/fr\/2023\/09\/18\/seisme-le-maroc-refuse-laide-de-la-france\/\",\"url\":\"https:\/\/appsaf.apieproject.com\/news\/fr\/2023\/09\/18\/seisme-le-maroc-refuse-laide-de-la-france\/\",\"name\":\"S\u00e9isme : Le Maroc Refuse l\u00b4Aide De La France - APIE NEWS\",\"isPartOf\":{\"@id\":\"https:\/\/appsaf.apieproject.com\/news\/#website\"},\"primaryImageOfPage\":{\"@id\":\"https:\/\/appsaf.apieproject.com\/news\/fr\/2023\/09\/18\/seisme-le-maroc-refuse-laide-de-la-france\/#primaryimage\"},\"image\":{\"@id\":\"https:\/\/appsaf.apieproject.com\/news\/fr\/2023\/09\/18\/seisme-le-maroc-refuse-laide-de-la-france\/#primaryimage\"},\"thumbnailUrl\":\"https:\/\/appsaf.apieproject.com\/news\/wp-content\/uploads\/sites\/29\/2023\/09\/Earthquake.jpg\",\"datePublished\":\"2023-09-18T17:38:10+00:00\",\"dateModified\":\"2023-09-18T17:43:20+00:00\",\"breadcrumb\":{\"@id\":\"https:\/\/appsaf.apieproject.com\/news\/fr\/2023\/09\/18\/seisme-le-maroc-refuse-laide-de-la-france\/#breadcrumb\"},\"inLanguage\":\"fr-FR\",\"potentialAction\":[{\"@type\":\"ReadAction\",\"target\":[\"https:\/\/appsaf.apieproject.com\/news\/fr\/2023\/09\/18\/seisme-le-maroc-refuse-laide-de-la-france\/\"]}]},{\"@type\":\"ImageObject\",\"inLanguage\":\"fr-FR\",\"@id\":\"https:\/\/appsaf.apieproject.com\/news\/fr\/2023\/09\/18\/seisme-le-maroc-refuse-laide-de-la-france\/#primaryimage\",\"url\":\"https:\/\/appsaf.apieproject.com\/news\/wp-content\/uploads\/sites\/29\/2023\/09\/Earthquake.jpg\",\"contentUrl\":\"https:\/\/appsaf.apieproject.com\/news\/wp-content\/uploads\/sites\/29\/2023\/09\/Earthquake.jpg\",\"width\":969,\"height\":573},{\"@type\":\"BreadcrumbList\",\"@id\":\"https:\/\/appsaf.apieproject.com\/news\/fr\/2023\/09\/18\/seisme-le-maroc-refuse-laide-de-la-france\/#breadcrumb\",\"itemListElement\":[{\"@type\":\"ListItem\",\"position\":1,\"name\":\"Home\",\"item\":\"https:\/\/appsaf.apieproject.com\/news\/fr\/home\/\"},{\"@type\":\"ListItem\",\"position\":2,\"name\":\"S\u00e9isme : Le Maroc Refuse l\u00b4Aide De La France\"}]},{\"@type\":\"WebSite\",\"@id\":\"https:\/\/appsaf.apieproject.com\/news\/#website\",\"url\":\"https:\/\/appsaf.apieproject.com\/news\/\",\"name\":\"APIE NEWS\",\"description\":\"PANAFRICANISM NEWS PORTAL\",\"publisher\":{\"@id\":\"https:\/\/appsaf.apieproject.com\/news\/#organization\"},\"potentialAction\":[{\"@type\":\"SearchAction\",\"target\":{\"@type\":\"EntryPoint\",\"urlTemplate\":\"https:\/\/appsaf.apieproject.com\/news\/?s={search_term_string}\"},\"query-input\":{\"@type\":\"PropertyValueSpecification\",\"valueRequired\":true,\"valueName\":\"search_term_string\"}}],\"inLanguage\":\"fr-FR\"},{\"@type\":\"Organization\",\"@id\":\"https:\/\/appsaf.apieproject.com\/news\/#organization\",\"name\":\"APIE PROJECT\",\"url\":\"https:\/\/appsaf.apieproject.com\/news\/\",\"logo\":{\"@type\":\"ImageObject\",\"inLanguage\":\"fr-FR\",\"@id\":\"https:\/\/appsaf.apieproject.com\/news\/#\/schema\/logo\/image\/\",\"url\":\"https:\/\/appsaf.apieproject.com\/news\/wp-content\/uploads\/sites\/29\/2022\/07\/logo-R-TransparentBackground.png\",\"contentUrl\":\"https:\/\/appsaf.apieproject.com\/news\/wp-content\/uploads\/sites\/29\/2022\/07\/logo-R-TransparentBackground.png\",\"width\":512,\"height\":512,\"caption\":\"APIE PROJECT\"},\"image\":{\"@id\":\"https:\/\/appsaf.apieproject.com\/news\/#\/schema\/logo\/image\/\"},\"sameAs\":[\"https:\/\/facebook.com\/apieproject\",\"https:\/\/x.com\/apieproject\"]},{\"@type\":\"Person\",\"@id\":\"https:\/\/appsaf.apieproject.com\/news\/#\/schema\/person\/94d8f4e561b283d434da551498c8cb39\",\"name\":\"guyetom\",\"image\":{\"@type\":\"ImageObject\",\"inLanguage\":\"fr-FR\",\"@id\":\"https:\/\/appsaf.apieproject.com\/news\/#\/schema\/person\/image\/\",\"url\":\"https:\/\/secure.gravatar.com\/avatar\/f36d884530ee45302c1f7eadb3f86562?s=96&d=mm&r=g\",\"contentUrl\":\"https:\/\/secure.gravatar.com\/avatar\/f36d884530ee45302c1f7eadb3f86562?s=96&d=mm&r=g\",\"caption\":\"guyetom\"},\"url\":\"https:\/\/appsaf.apieproject.com\/news\/fr\/author\/guyetom\/\"}]}<\/script>\n<!-- \/ Yoast SEO plugin. -->","yoast_head_json":{"title":"S\u00e9isme : Le Maroc Refuse l\u00b4Aide De La France - APIE NEWS","robots":{"index":"index","follow":"follow","max-snippet":"max-snippet:-1","max-image-preview":"max-image-preview:large","max-video-preview":"max-video-preview:-1"},"canonical":"https:\/\/appsaf.apieproject.com\/news\/fr\/2023\/09\/18\/seisme-le-maroc-refuse-laide-de-la-france\/","og_locale":"fr_FR","og_type":"article","og_title":"S\u00e9isme : Le Maroc Refuse l\u00b4Aide De La France - APIE NEWS","og_description":"Frapp\u00e9 par un violent s\u00e9isme de magnitude 6,8 le 8 septembre 2023, le Maroc a vu le monde entier courir \u00e0 ses pieds. Parti des chaines de montagne Haut Atlas, ce s\u00e9isme a eu des d\u00e9g\u00e2ts consid\u00e9rables dans l\u2019ensemble du pays. La ville de Marrakech est la plus touch\u00e9e. Le bilan \u00e0 ce jour est [&hellip;]","og_url":"https:\/\/appsaf.apieproject.com\/news\/fr\/2023\/09\/18\/seisme-le-maroc-refuse-laide-de-la-france\/","og_site_name":"APIE NEWS","article_publisher":"https:\/\/facebook.com\/apieproject","article_published_time":"2023-09-18T17:38:10+00:00","article_modified_time":"2023-09-18T17:43:20+00:00","og_image":[{"width":969,"height":573,"url":"https:\/\/appsaf.apieproject.com\/news\/wp-content\/uploads\/sites\/29\/2023\/09\/Earthquake.jpg","type":"image\/jpeg"}],"author":"guyetom","twitter_card":"summary_large_image","twitter_creator":"@apieproject","twitter_site":"@apieproject","twitter_misc":{"\u00c9crit par":"guyetom","Dur\u00e9e de lecture estim\u00e9e":"3 minutes"},"schema":{"@context":"https:\/\/schema.org","@graph":[{"@type":"Article","@id":"https:\/\/appsaf.apieproject.com\/news\/fr\/2023\/09\/18\/seisme-le-maroc-refuse-laide-de-la-france\/#article","isPartOf":{"@id":"https:\/\/appsaf.apieproject.com\/news\/fr\/2023\/09\/18\/seisme-le-maroc-refuse-laide-de-la-france\/"},"author":{"name":"guyetom","@id":"https:\/\/appsaf.apieproject.com\/news\/#\/schema\/person\/94d8f4e561b283d434da551498c8cb39"},"headline":"S\u00e9isme : Le Maroc Refuse l\u00b4Aide De La France","datePublished":"2023-09-18T17:38:10+00:00","dateModified":"2023-09-18T17:43:20+00:00","mainEntityOfPage":{"@id":"https:\/\/appsaf.apieproject.com\/news\/fr\/2023\/09\/18\/seisme-le-maroc-refuse-laide-de-la-france\/"},"wordCount":567,"commentCount":0,"publisher":{"@id":"https:\/\/appsaf.apieproject.com\/news\/#organization"},"image":{"@id":"https:\/\/appsaf.apieproject.com\/news\/fr\/2023\/09\/18\/seisme-le-maroc-refuse-laide-de-la-france\/#primaryimage"},"thumbnailUrl":"https:\/\/appsaf.apieproject.com\/news\/wp-content\/uploads\/sites\/29\/2023\/09\/Earthquake.jpg","keywords":["actualites","apie project","politique"],"articleSection":["Actualit\u00e9s","Politique","Sp\u00e9ciaux"],"inLanguage":"fr-FR","potentialAction":[{"@type":"CommentAction","name":"Comment","target":["https:\/\/appsaf.apieproject.com\/news\/fr\/2023\/09\/18\/seisme-le-maroc-refuse-laide-de-la-france\/#respond"]}]},{"@type":"WebPage","@id":"https:\/\/appsaf.apieproject.com\/news\/fr\/2023\/09\/18\/seisme-le-maroc-refuse-laide-de-la-france\/","url":"https:\/\/appsaf.apieproject.com\/news\/fr\/2023\/09\/18\/seisme-le-maroc-refuse-laide-de-la-france\/","name":"S\u00e9isme : Le Maroc Refuse l\u00b4Aide De La France - APIE NEWS","isPartOf":{"@id":"https:\/\/appsaf.apieproject.com\/news\/#website"},"primaryImageOfPage":{"@id":"https:\/\/appsaf.apieproject.com\/news\/fr\/2023\/09\/18\/seisme-le-maroc-refuse-laide-de-la-france\/#primaryimage"},"image":{"@id":"https:\/\/appsaf.apieproject.com\/news\/fr\/2023\/09\/18\/seisme-le-maroc-refuse-laide-de-la-france\/#primaryimage"},"thumbnailUrl":"https:\/\/appsaf.apieproject.com\/news\/wp-content\/uploads\/sites\/29\/2023\/09\/Earthquake.jpg","datePublished":"2023-09-18T17:38:10+00:00","dateModified":"2023-09-18T17:43:20+00:00","breadcrumb":{"@id":"https:\/\/appsaf.apieproject.com\/news\/fr\/2023\/09\/18\/seisme-le-maroc-refuse-laide-de-la-france\/#breadcrumb"},"inLanguage":"fr-FR","potentialAction":[{"@type":"ReadAction","target":["https:\/\/appsaf.apieproject.com\/news\/fr\/2023\/09\/18\/seisme-le-maroc-refuse-laide-de-la-france\/"]}]},{"@type":"ImageObject","inLanguage":"fr-FR","@id":"https:\/\/appsaf.apieproject.com\/news\/fr\/2023\/09\/18\/seisme-le-maroc-refuse-laide-de-la-france\/#primaryimage","url":"https:\/\/appsaf.apieproject.com\/news\/wp-content\/uploads\/sites\/29\/2023\/09\/Earthquake.jpg","contentUrl":"https:\/\/appsaf.apieproject.com\/news\/wp-content\/uploads\/sites\/29\/2023\/09\/Earthquake.jpg","width":969,"height":573},{"@type":"BreadcrumbList","@id":"https:\/\/appsaf.apieproject.com\/news\/fr\/2023\/09\/18\/seisme-le-maroc-refuse-laide-de-la-france\/#breadcrumb","itemListElement":[{"@type":"ListItem","position":1,"name":"Home","item":"https:\/\/appsaf.apieproject.com\/news\/fr\/home\/"},{"@type":"ListItem","position":2,"name":"S\u00e9isme : Le Maroc Refuse l\u00b4Aide De La France"}]},{"@type":"WebSite","@id":"https:\/\/appsaf.apieproject.com\/news\/#website","url":"https:\/\/appsaf.apieproject.com\/news\/","name":"APIE NEWS","description":"PANAFRICANISM NEWS PORTAL","publisher":{"@id":"https:\/\/appsaf.apieproject.com\/news\/#organization"},"potentialAction":[{"@type":"SearchAction","target":{"@type":"EntryPoint","urlTemplate":"https:\/\/appsaf.apieproject.com\/news\/?s={search_term_string}"},"query-input":{"@type":"PropertyValueSpecification","valueRequired":true,"valueName":"search_term_string"}}],"inLanguage":"fr-FR"},{"@type":"Organization","@id":"https:\/\/appsaf.apieproject.com\/news\/#organization","name":"APIE PROJECT","url":"https:\/\/appsaf.apieproject.com\/news\/","logo":{"@type":"ImageObject","inLanguage":"fr-FR","@id":"https:\/\/appsaf.apieproject.com\/news\/#\/schema\/logo\/image\/","url":"https:\/\/appsaf.apieproject.com\/news\/wp-content\/uploads\/sites\/29\/2022\/07\/logo-R-TransparentBackground.png","contentUrl":"https:\/\/appsaf.apieproject.com\/news\/wp-content\/uploads\/sites\/29\/2022\/07\/logo-R-TransparentBackground.png","width":512,"height":512,"caption":"APIE PROJECT"},"image":{"@id":"https:\/\/appsaf.apieproject.com\/news\/#\/schema\/logo\/image\/"},"sameAs":["https:\/\/facebook.com\/apieproject","https:\/\/x.com\/apieproject"]},{"@type":"Person","@id":"https:\/\/appsaf.apieproject.com\/news\/#\/schema\/person\/94d8f4e561b283d434da551498c8cb39","name":"guyetom","image":{"@type":"ImageObject","inLanguage":"fr-FR","@id":"https:\/\/appsaf.apieproject.com\/news\/#\/schema\/person\/image\/","url":"https:\/\/secure.gravatar.com\/avatar\/f36d884530ee45302c1f7eadb3f86562?s=96&d=mm&r=g","contentUrl":"https:\/\/secure.gravatar.com\/avatar\/f36d884530ee45302c1f7eadb3f86562?s=96&d=mm&r=g","caption":"guyetom"},"url":"https:\/\/appsaf.apieproject.com\/news\/fr\/author\/guyetom\/"}]}},"_links":{"self":[{"href":"https:\/\/appsaf.apieproject.com\/news\/fr\/wp-json\/wp\/v2\/posts\/33429","targetHints":{"allow":["GET"]}}],"collection":[{"href":"https:\/\/appsaf.apieproject.com\/news\/fr\/wp-json\/wp\/v2\/posts"}],"about":[{"href":"https:\/\/appsaf.apieproject.com\/news\/fr\/wp-json\/wp\/v2\/types\/post"}],"author":[{"embeddable":true,"href":"https:\/\/appsaf.apieproject.com\/news\/fr\/wp-json\/wp\/v2\/users\/13112"}],"replies":[{"embeddable":true,"href":"https:\/\/appsaf.apieproject.com\/news\/fr\/wp-json\/wp\/v2\/comments?post=33429"}],"version-history":[{"count":1,"href":"https:\/\/appsaf.apieproject.com\/news\/fr\/wp-json\/wp\/v2\/posts\/33429\/revisions"}],"predecessor-version":[{"id":34055,"href":"https:\/\/appsaf.apieproject.com\/news\/fr\/wp-json\/wp\/v2\/posts\/33429\/revisions\/34055"}],"wp:featuredmedia":[{"embeddable":true,"href":"https:\/\/appsaf.apieproject.com\/news\/fr\/wp-json\/wp\/v2\/media\/34051"}],"wp:attachment":[{"href":"https:\/\/appsaf.apieproject.com\/news\/fr\/wp-json\/wp\/v2\/media?parent=33429"}],"wp:term":[{"taxonomy":"category","embeddable":true,"href":"https:\/\/appsaf.apieproject.com\/news\/fr\/wp-json\/wp\/v2\/categories?post=33429"},{"taxonomy":"post_tag","embeddable":true,"href":"https:\/\/appsaf.apieproject.com\/news\/fr\/wp-json\/wp\/v2\/tags?post=33429"}],"curies":[{"name":"wp","href":"https:\/\/api.w.org\/{rel}","templated":true}]}}