{"id":33473,"date":"2023-09-17T16:34:25","date_gmt":"2023-09-17T16:34:25","guid":{"rendered":"https:\/\/appsaf.apieproject.com\/news\/?p=33473"},"modified":"2023-09-17T16:34:26","modified_gmt":"2023-09-17T16:34:26","slug":"cooperation-culturelle-avec-lafrique-on-ne-boycotte-jamais-dartistes-assure-le-gouvernement","status":"publish","type":"post","link":"https:\/\/appsaf.apieproject.com\/news\/fr\/2023\/09\/17\/cooperation-culturelle-avec-lafrique-on-ne-boycotte-jamais-dartistes-assure-le-gouvernement\/","title":{"rendered":"Coop\u00e9ration Culturelle Avec l&rsquo;Afrique : \u00ab\u00a0On Ne Boycotte Jamais d&rsquo;Artistes\u00a0\u00bb, Assure Le Gouvernement"},"content":{"rendered":"<p>La ministre fran\u00e7aise de la Culture au front pour tenter d&rsquo;\u00e9teindre la pol\u00e9mique. \u00ab\u00a0On ne boycotte jamais d&rsquo;artistes\u00a0\u00bb, a affirm\u00e9 sur RTL, vendredi 15 septembre, Rima Abdul Malak, alors que des voix de professionnels ont d\u00e9nonc\u00e9 la veille une directive de l&rsquo;administration demandant la suspension de toute collaboration avec des artistes du Niger, du Mali et du Burkina Faso.<\/p>\n<p>\u00ab\u00a0Nous n&rsquo;avons aujourd&rsquo;hui pas de service de visa en fonctionnement dans ces pays pour des raisons de s\u00e9curit\u00e9\u00a0\u00bb, a-t-elle expliqu\u00e9, d\u00e9non\u00e7ant une \u00ab\u00a0confusion\u00a0\u00bb et expliquant qu&rsquo;il est aujourd&rsquo;hui \u00ab\u00a0mat\u00e9riellement\u00a0\u00bb impossible de \u00ab\u00a0d\u00e9livrer des visas pour venir en France\u00a0\u00bb.<\/p>\n<p>\u00ab\u00a0Il n&rsquo;est pas question d&rsquo;arr\u00eater d&rsquo;\u00e9changer avec les artistes\u00a0\u00bb, a-t-elle martel\u00e9, pr\u00e9cisant que tous ceux \u00ab\u00a0qui ont d\u00e9j\u00e0 des visas et qui ont des tourn\u00e9es ou des spectacles pr\u00e9vus (&#8230;) vont pouvoir venir comme pr\u00e9vu\u00a0\u00bb.<\/p>\n<p>\u00ab\u00a0On ne boycotte jamais d&rsquo;artistes, nulle part\u00a0\u00bb, a-t-elle encore soulign\u00e9, ajoutant qu'\u00a0\u00bbil n&rsquo;y a ni boycott, ni repr\u00e9sailles\u00a0\u00bb.<\/p>\n<p>\u00ab\u00a0Une adaptation \u00e0 un contexte s\u00e9curitaire\u00a0\u00bb<br \/>\nDans un communiqu\u00e9 publi\u00e9 jeudi, le Syndeac (Syndicat national des entreprises artistiques et culturelles) et ses homologues l&rsquo;Aac, l&rsquo;Accn, l&rsquo;A-CDCN, l&rsquo;ACDN et l&rsquo;ASN ont vivement r\u00e9agi au message qu&rsquo;ils assurent avoir re\u00e7u mercredi \u00ab\u00a0en provenance des DRAC\u00a0\u00bb, les directions r\u00e9gionales de la culture, et \u00ab\u00a0r\u00e9dig\u00e9 sur instruction du minist\u00e8re de l&rsquo;Europe et des Affaires \u00e9trang\u00e8res\u00a0\u00bb.<\/p>\n<p>\u00ab\u00a0Ce message au ton comminatoire demande \u00e0 nos adh\u00e9rents de &lsquo;suspendre, jusqu&rsquo;\u00e0 nouvel ordre, toute coop\u00e9ration avec les pays suivants : Mali, Niger, Burkina Faso'\u00a0\u00bb, \u00e9crivaient les syndicats dans leur communiqu\u00e9.<\/p>\n","protected":false},"excerpt":{"rendered":"<p>Interrog\u00e9e sur la pol\u00e9mique suscit\u00e9e par une directive adress\u00e9e aux institutions culturelles appelant \u00e0 cesser les \u00e9changes avec le Niger, le Mali et le Burkina Faso, la ministre fran\u00e7aise de la Culture a assur\u00e9 qu&rsquo;il n&rsquo;y avait ni \u00ab\u00a0boycott\u00a0\u00bb, ni \u00ab\u00a0repr\u00e9sailles\u00a0\u00bb contre les artistes africains. Rima Abdul Malak \u00e9voque une difficult\u00e9 d&rsquo;ordre technique li\u00e9e \u00e0 l&rsquo;absence de service de visa op\u00e9rationnel dans ces pays dirig\u00e9s par des juntes militaires.<\/p>\n","protected":false},"author":12963,"featured_media":33470,"comment_status":"open","ping_status":"open","sticky":false,"template":"","format":"standard","meta":{"footnotes":""},"categories":[67,53],"tags":[81,78,87],"class_list":{"0":"post-33473","1":"post","2":"type-post","3":"status-publish","4":"format-standard","5":"has-post-thumbnail","7":"category-actualites","8":"category-culture-fr","9":"tag-actualites","10":"tag-apie-project-2","11":"tag-culture-2"},"yoast_head":"<!-- This site is optimized with the Yoast SEO plugin v24.4 - https:\/\/yoast.com\/wordpress\/plugins\/seo\/ -->\n<title>Coop\u00e9ration Culturelle Avec l&#039;Afrique : &quot;On Ne Boycotte Jamais d&#039;Artistes&quot;, Assure Le Gouvernement - APIE NEWS<\/title>\n<meta name=\"robots\" content=\"index, follow, max-snippet:-1, max-image-preview:large, max-video-preview:-1\" \/>\n<link rel=\"canonical\" href=\"https:\/\/appsaf.apieproject.com\/news\/fr\/2023\/09\/17\/cooperation-culturelle-avec-lafrique-on-ne-boycotte-jamais-dartistes-assure-le-gouvernement\/\" \/>\n<meta property=\"og:locale\" content=\"fr_FR\" \/>\n<meta property=\"og:type\" content=\"article\" \/>\n<meta property=\"og:title\" content=\"Coop\u00e9ration Culturelle Avec l&#039;Afrique : &quot;On Ne Boycotte Jamais d&#039;Artistes&quot;, Assure Le Gouvernement - APIE NEWS\" \/>\n<meta property=\"og:description\" content=\"Interrog\u00e9e sur la pol\u00e9mique suscit\u00e9e par une directive adress\u00e9e aux institutions culturelles appelant \u00e0 cesser les \u00e9changes avec le Niger, le Mali et le Burkina Faso, la ministre fran\u00e7aise de la Culture a assur\u00e9 qu&#039;il n&#039;y avait ni &quot;boycott&quot;, ni &quot;repr\u00e9sailles&quot; contre les artistes africains. Rima Abdul Malak \u00e9voque une difficult\u00e9 d&#039;ordre technique li\u00e9e \u00e0 l&#039;absence de service de visa op\u00e9rationnel dans ces pays dirig\u00e9s par des juntes militaires.\" \/>\n<meta property=\"og:url\" content=\"https:\/\/appsaf.apieproject.com\/news\/fr\/2023\/09\/17\/cooperation-culturelle-avec-lafrique-on-ne-boycotte-jamais-dartistes-assure-le-gouvernement\/\" \/>\n<meta property=\"og:site_name\" content=\"APIE NEWS\" \/>\n<meta property=\"article:publisher\" content=\"https:\/\/facebook.com\/apieproject\" \/>\n<meta property=\"article:published_time\" content=\"2023-09-17T16:34:25+00:00\" \/>\n<meta property=\"article:modified_time\" content=\"2023-09-17T16:34:26+00:00\" \/>\n<meta property=\"og:image\" content=\"https:\/\/appsaf.apieproject.com\/news\/wp-content\/uploads\/sites\/29\/2023\/09\/Capture-e17924a386f087d64427811039f36081.png\" \/>\n\t<meta property=\"og:image:width\" content=\"830\" \/>\n\t<meta property=\"og:image:height\" content=\"546\" \/>\n\t<meta property=\"og:image:type\" content=\"image\/png\" \/>\n<meta name=\"author\" content=\"staff\" \/>\n<meta name=\"twitter:card\" content=\"summary_large_image\" \/>\n<meta name=\"twitter:creator\" content=\"@apieproject\" \/>\n<meta name=\"twitter:site\" content=\"@apieproject\" \/>\n<meta name=\"twitter:label1\" content=\"\u00c9crit par\" \/>\n\t<meta name=\"twitter:data1\" content=\"staff\" \/>\n\t<meta name=\"twitter:label2\" content=\"Dur\u00e9e de lecture estim\u00e9e\" \/>\n\t<meta name=\"twitter:data2\" content=\"1 minute\" \/>\n<script type=\"application\/ld+json\" class=\"yoast-schema-graph\">{\"@context\":\"https:\/\/schema.org\",\"@graph\":[{\"@type\":\"Article\",\"@id\":\"https:\/\/appsaf.apieproject.com\/news\/fr\/2023\/09\/17\/cooperation-culturelle-avec-lafrique-on-ne-boycotte-jamais-dartistes-assure-le-gouvernement\/#article\",\"isPartOf\":{\"@id\":\"https:\/\/appsaf.apieproject.com\/news\/fr\/2023\/09\/17\/cooperation-culturelle-avec-lafrique-on-ne-boycotte-jamais-dartistes-assure-le-gouvernement\/\"},\"author\":{\"name\":\"staff\",\"@id\":\"https:\/\/appsaf.apieproject.com\/news\/#\/schema\/person\/399517cac378948cd7b39086f9ddc2a7\"},\"headline\":\"Coop\u00e9ration Culturelle Avec l&rsquo;Afrique : \u00ab\u00a0On Ne Boycotte Jamais d&rsquo;Artistes\u00a0\u00bb, Assure Le Gouvernement\",\"datePublished\":\"2023-09-17T16:34:25+00:00\",\"dateModified\":\"2023-09-17T16:34:26+00:00\",\"mainEntityOfPage\":{\"@id\":\"https:\/\/appsaf.apieproject.com\/news\/fr\/2023\/09\/17\/cooperation-culturelle-avec-lafrique-on-ne-boycotte-jamais-dartistes-assure-le-gouvernement\/\"},\"wordCount\":296,\"commentCount\":0,\"publisher\":{\"@id\":\"https:\/\/appsaf.apieproject.com\/news\/#organization\"},\"image\":{\"@id\":\"https:\/\/appsaf.apieproject.com\/news\/fr\/2023\/09\/17\/cooperation-culturelle-avec-lafrique-on-ne-boycotte-jamais-dartistes-assure-le-gouvernement\/#primaryimage\"},\"thumbnailUrl\":\"https:\/\/appsaf.apieproject.com\/news\/wp-content\/uploads\/sites\/29\/2023\/09\/Capture-e17924a386f087d64427811039f36081.png\",\"keywords\":[\"actualites\",\"apie project\",\"culture\"],\"articleSection\":[\"Actualit\u00e9s\",\"Culture\"],\"inLanguage\":\"fr-FR\",\"potentialAction\":[{\"@type\":\"CommentAction\",\"name\":\"Comment\",\"target\":[\"https:\/\/appsaf.apieproject.com\/news\/fr\/2023\/09\/17\/cooperation-culturelle-avec-lafrique-on-ne-boycotte-jamais-dartistes-assure-le-gouvernement\/#respond\"]}]},{\"@type\":\"WebPage\",\"@id\":\"https:\/\/appsaf.apieproject.com\/news\/fr\/2023\/09\/17\/cooperation-culturelle-avec-lafrique-on-ne-boycotte-jamais-dartistes-assure-le-gouvernement\/\",\"url\":\"https:\/\/appsaf.apieproject.com\/news\/fr\/2023\/09\/17\/cooperation-culturelle-avec-lafrique-on-ne-boycotte-jamais-dartistes-assure-le-gouvernement\/\",\"name\":\"Coop\u00e9ration Culturelle Avec l'Afrique : \\\"On Ne Boycotte Jamais d'Artistes\\\", Assure Le Gouvernement - APIE NEWS\",\"isPartOf\":{\"@id\":\"https:\/\/appsaf.apieproject.com\/news\/#website\"},\"primaryImageOfPage\":{\"@id\":\"https:\/\/appsaf.apieproject.com\/news\/fr\/2023\/09\/17\/cooperation-culturelle-avec-lafrique-on-ne-boycotte-jamais-dartistes-assure-le-gouvernement\/#primaryimage\"},\"image\":{\"@id\":\"https:\/\/appsaf.apieproject.com\/news\/fr\/2023\/09\/17\/cooperation-culturelle-avec-lafrique-on-ne-boycotte-jamais-dartistes-assure-le-gouvernement\/#primaryimage\"},\"thumbnailUrl\":\"https:\/\/appsaf.apieproject.com\/news\/wp-content\/uploads\/sites\/29\/2023\/09\/Capture-e17924a386f087d64427811039f36081.png\",\"datePublished\":\"2023-09-17T16:34:25+00:00\",\"dateModified\":\"2023-09-17T16:34:26+00:00\",\"breadcrumb\":{\"@id\":\"https:\/\/appsaf.apieproject.com\/news\/fr\/2023\/09\/17\/cooperation-culturelle-avec-lafrique-on-ne-boycotte-jamais-dartistes-assure-le-gouvernement\/#breadcrumb\"},\"inLanguage\":\"fr-FR\",\"potentialAction\":[{\"@type\":\"ReadAction\",\"target\":[\"https:\/\/appsaf.apieproject.com\/news\/fr\/2023\/09\/17\/cooperation-culturelle-avec-lafrique-on-ne-boycotte-jamais-dartistes-assure-le-gouvernement\/\"]}]},{\"@type\":\"ImageObject\",\"inLanguage\":\"fr-FR\",\"@id\":\"https:\/\/appsaf.apieproject.com\/news\/fr\/2023\/09\/17\/cooperation-culturelle-avec-lafrique-on-ne-boycotte-jamais-dartistes-assure-le-gouvernement\/#primaryimage\",\"url\":\"https:\/\/appsaf.apieproject.com\/news\/wp-content\/uploads\/sites\/29\/2023\/09\/Capture-e17924a386f087d64427811039f36081.png\",\"contentUrl\":\"https:\/\/appsaf.apieproject.com\/news\/wp-content\/uploads\/sites\/29\/2023\/09\/Capture-e17924a386f087d64427811039f36081.png\",\"width\":830,\"height\":546},{\"@type\":\"BreadcrumbList\",\"@id\":\"https:\/\/appsaf.apieproject.com\/news\/fr\/2023\/09\/17\/cooperation-culturelle-avec-lafrique-on-ne-boycotte-jamais-dartistes-assure-le-gouvernement\/#breadcrumb\",\"itemListElement\":[{\"@type\":\"ListItem\",\"position\":1,\"name\":\"Home\",\"item\":\"https:\/\/appsaf.apieproject.com\/news\/fr\/home\/\"},{\"@type\":\"ListItem\",\"position\":2,\"name\":\"Coop\u00e9ration Culturelle Avec l&#8217;Afrique : &#8220;On Ne Boycotte Jamais d&#8217;Artistes&#8221;, Assure Le Gouvernement\"}]},{\"@type\":\"WebSite\",\"@id\":\"https:\/\/appsaf.apieproject.com\/news\/#website\",\"url\":\"https:\/\/appsaf.apieproject.com\/news\/\",\"name\":\"APIE NEWS\",\"description\":\"PANAFRICANISM NEWS PORTAL\",\"publisher\":{\"@id\":\"https:\/\/appsaf.apieproject.com\/news\/#organization\"},\"potentialAction\":[{\"@type\":\"SearchAction\",\"target\":{\"@type\":\"EntryPoint\",\"urlTemplate\":\"https:\/\/appsaf.apieproject.com\/news\/?s={search_term_string}\"},\"query-input\":{\"@type\":\"PropertyValueSpecification\",\"valueRequired\":true,\"valueName\":\"search_term_string\"}}],\"inLanguage\":\"fr-FR\"},{\"@type\":\"Organization\",\"@id\":\"https:\/\/appsaf.apieproject.com\/news\/#organization\",\"name\":\"APIE PROJECT\",\"url\":\"https:\/\/appsaf.apieproject.com\/news\/\",\"logo\":{\"@type\":\"ImageObject\",\"inLanguage\":\"fr-FR\",\"@id\":\"https:\/\/appsaf.apieproject.com\/news\/#\/schema\/logo\/image\/\",\"url\":\"https:\/\/appsaf.apieproject.com\/news\/wp-content\/uploads\/sites\/29\/2022\/07\/logo-R-TransparentBackground.png\",\"contentUrl\":\"https:\/\/appsaf.apieproject.com\/news\/wp-content\/uploads\/sites\/29\/2022\/07\/logo-R-TransparentBackground.png\",\"width\":512,\"height\":512,\"caption\":\"APIE PROJECT\"},\"image\":{\"@id\":\"https:\/\/appsaf.apieproject.com\/news\/#\/schema\/logo\/image\/\"},\"sameAs\":[\"https:\/\/facebook.com\/apieproject\",\"https:\/\/x.com\/apieproject\"]},{\"@type\":\"Person\",\"@id\":\"https:\/\/appsaf.apieproject.com\/news\/#\/schema\/person\/399517cac378948cd7b39086f9ddc2a7\",\"name\":\"staff\",\"image\":{\"@type\":\"ImageObject\",\"inLanguage\":\"fr-FR\",\"@id\":\"https:\/\/appsaf.apieproject.com\/news\/#\/schema\/person\/image\/\",\"url\":\"https:\/\/secure.gravatar.com\/avatar\/5386283c5db150efe261184bd59f072a?s=96&d=mm&r=g\",\"contentUrl\":\"https:\/\/secure.gravatar.com\/avatar\/5386283c5db150efe261184bd59f072a?s=96&d=mm&r=g\",\"caption\":\"staff\"},\"url\":\"https:\/\/appsaf.apieproject.com\/news\/fr\/author\/staff\/\"}]}<\/script>\n<!-- \/ Yoast SEO plugin. -->","yoast_head_json":{"title":"Coop\u00e9ration Culturelle Avec l'Afrique : \"On Ne Boycotte Jamais d'Artistes\", Assure Le Gouvernement - APIE NEWS","robots":{"index":"index","follow":"follow","max-snippet":"max-snippet:-1","max-image-preview":"max-image-preview:large","max-video-preview":"max-video-preview:-1"},"canonical":"https:\/\/appsaf.apieproject.com\/news\/fr\/2023\/09\/17\/cooperation-culturelle-avec-lafrique-on-ne-boycotte-jamais-dartistes-assure-le-gouvernement\/","og_locale":"fr_FR","og_type":"article","og_title":"Coop\u00e9ration Culturelle Avec l'Afrique : \"On Ne Boycotte Jamais d'Artistes\", Assure Le Gouvernement - APIE NEWS","og_description":"Interrog\u00e9e sur la pol\u00e9mique suscit\u00e9e par une directive adress\u00e9e aux institutions culturelles appelant \u00e0 cesser les \u00e9changes avec le Niger, le Mali et le Burkina Faso, la ministre fran\u00e7aise de la Culture a assur\u00e9 qu'il n'y avait ni \"boycott\", ni \"repr\u00e9sailles\" contre les artistes africains. Rima Abdul Malak \u00e9voque une difficult\u00e9 d'ordre technique li\u00e9e \u00e0 l'absence de service de visa op\u00e9rationnel dans ces pays dirig\u00e9s par des juntes militaires.","og_url":"https:\/\/appsaf.apieproject.com\/news\/fr\/2023\/09\/17\/cooperation-culturelle-avec-lafrique-on-ne-boycotte-jamais-dartistes-assure-le-gouvernement\/","og_site_name":"APIE NEWS","article_publisher":"https:\/\/facebook.com\/apieproject","article_published_time":"2023-09-17T16:34:25+00:00","article_modified_time":"2023-09-17T16:34:26+00:00","og_image":[{"width":830,"height":546,"url":"https:\/\/appsaf.apieproject.com\/news\/wp-content\/uploads\/sites\/29\/2023\/09\/Capture-e17924a386f087d64427811039f36081.png","type":"image\/png"}],"author":"staff","twitter_card":"summary_large_image","twitter_creator":"@apieproject","twitter_site":"@apieproject","twitter_misc":{"\u00c9crit par":"staff","Dur\u00e9e de lecture estim\u00e9e":"1 minute"},"schema":{"@context":"https:\/\/schema.org","@graph":[{"@type":"Article","@id":"https:\/\/appsaf.apieproject.com\/news\/fr\/2023\/09\/17\/cooperation-culturelle-avec-lafrique-on-ne-boycotte-jamais-dartistes-assure-le-gouvernement\/#article","isPartOf":{"@id":"https:\/\/appsaf.apieproject.com\/news\/fr\/2023\/09\/17\/cooperation-culturelle-avec-lafrique-on-ne-boycotte-jamais-dartistes-assure-le-gouvernement\/"},"author":{"name":"staff","@id":"https:\/\/appsaf.apieproject.com\/news\/#\/schema\/person\/399517cac378948cd7b39086f9ddc2a7"},"headline":"Coop\u00e9ration Culturelle Avec l&rsquo;Afrique : \u00ab\u00a0On Ne Boycotte Jamais d&rsquo;Artistes\u00a0\u00bb, Assure Le Gouvernement","datePublished":"2023-09-17T16:34:25+00:00","dateModified":"2023-09-17T16:34:26+00:00","mainEntityOfPage":{"@id":"https:\/\/appsaf.apieproject.com\/news\/fr\/2023\/09\/17\/cooperation-culturelle-avec-lafrique-on-ne-boycotte-jamais-dartistes-assure-le-gouvernement\/"},"wordCount":296,"commentCount":0,"publisher":{"@id":"https:\/\/appsaf.apieproject.com\/news\/#organization"},"image":{"@id":"https:\/\/appsaf.apieproject.com\/news\/fr\/2023\/09\/17\/cooperation-culturelle-avec-lafrique-on-ne-boycotte-jamais-dartistes-assure-le-gouvernement\/#primaryimage"},"thumbnailUrl":"https:\/\/appsaf.apieproject.com\/news\/wp-content\/uploads\/sites\/29\/2023\/09\/Capture-e17924a386f087d64427811039f36081.png","keywords":["actualites","apie project","culture"],"articleSection":["Actualit\u00e9s","Culture"],"inLanguage":"fr-FR","potentialAction":[{"@type":"CommentAction","name":"Comment","target":["https:\/\/appsaf.apieproject.com\/news\/fr\/2023\/09\/17\/cooperation-culturelle-avec-lafrique-on-ne-boycotte-jamais-dartistes-assure-le-gouvernement\/#respond"]}]},{"@type":"WebPage","@id":"https:\/\/appsaf.apieproject.com\/news\/fr\/2023\/09\/17\/cooperation-culturelle-avec-lafrique-on-ne-boycotte-jamais-dartistes-assure-le-gouvernement\/","url":"https:\/\/appsaf.apieproject.com\/news\/fr\/2023\/09\/17\/cooperation-culturelle-avec-lafrique-on-ne-boycotte-jamais-dartistes-assure-le-gouvernement\/","name":"Coop\u00e9ration Culturelle Avec l'Afrique : \"On Ne Boycotte Jamais d'Artistes\", Assure Le Gouvernement - APIE NEWS","isPartOf":{"@id":"https:\/\/appsaf.apieproject.com\/news\/#website"},"primaryImageOfPage":{"@id":"https:\/\/appsaf.apieproject.com\/news\/fr\/2023\/09\/17\/cooperation-culturelle-avec-lafrique-on-ne-boycotte-jamais-dartistes-assure-le-gouvernement\/#primaryimage"},"image":{"@id":"https:\/\/appsaf.apieproject.com\/news\/fr\/2023\/09\/17\/cooperation-culturelle-avec-lafrique-on-ne-boycotte-jamais-dartistes-assure-le-gouvernement\/#primaryimage"},"thumbnailUrl":"https:\/\/appsaf.apieproject.com\/news\/wp-content\/uploads\/sites\/29\/2023\/09\/Capture-e17924a386f087d64427811039f36081.png","datePublished":"2023-09-17T16:34:25+00:00","dateModified":"2023-09-17T16:34:26+00:00","breadcrumb":{"@id":"https:\/\/appsaf.apieproject.com\/news\/fr\/2023\/09\/17\/cooperation-culturelle-avec-lafrique-on-ne-boycotte-jamais-dartistes-assure-le-gouvernement\/#breadcrumb"},"inLanguage":"fr-FR","potentialAction":[{"@type":"ReadAction","target":["https:\/\/appsaf.apieproject.com\/news\/fr\/2023\/09\/17\/cooperation-culturelle-avec-lafrique-on-ne-boycotte-jamais-dartistes-assure-le-gouvernement\/"]}]},{"@type":"ImageObject","inLanguage":"fr-FR","@id":"https:\/\/appsaf.apieproject.com\/news\/fr\/2023\/09\/17\/cooperation-culturelle-avec-lafrique-on-ne-boycotte-jamais-dartistes-assure-le-gouvernement\/#primaryimage","url":"https:\/\/appsaf.apieproject.com\/news\/wp-content\/uploads\/sites\/29\/2023\/09\/Capture-e17924a386f087d64427811039f36081.png","contentUrl":"https:\/\/appsaf.apieproject.com\/news\/wp-content\/uploads\/sites\/29\/2023\/09\/Capture-e17924a386f087d64427811039f36081.png","width":830,"height":546},{"@type":"BreadcrumbList","@id":"https:\/\/appsaf.apieproject.com\/news\/fr\/2023\/09\/17\/cooperation-culturelle-avec-lafrique-on-ne-boycotte-jamais-dartistes-assure-le-gouvernement\/#breadcrumb","itemListElement":[{"@type":"ListItem","position":1,"name":"Home","item":"https:\/\/appsaf.apieproject.com\/news\/fr\/home\/"},{"@type":"ListItem","position":2,"name":"Coop\u00e9ration Culturelle Avec l&#8217;Afrique : &#8220;On Ne Boycotte Jamais d&#8217;Artistes&#8221;, Assure Le Gouvernement"}]},{"@type":"WebSite","@id":"https:\/\/appsaf.apieproject.com\/news\/#website","url":"https:\/\/appsaf.apieproject.com\/news\/","name":"APIE NEWS","description":"PANAFRICANISM NEWS PORTAL","publisher":{"@id":"https:\/\/appsaf.apieproject.com\/news\/#organization"},"potentialAction":[{"@type":"SearchAction","target":{"@type":"EntryPoint","urlTemplate":"https:\/\/appsaf.apieproject.com\/news\/?s={search_term_string}"},"query-input":{"@type":"PropertyValueSpecification","valueRequired":true,"valueName":"search_term_string"}}],"inLanguage":"fr-FR"},{"@type":"Organization","@id":"https:\/\/appsaf.apieproject.com\/news\/#organization","name":"APIE PROJECT","url":"https:\/\/appsaf.apieproject.com\/news\/","logo":{"@type":"ImageObject","inLanguage":"fr-FR","@id":"https:\/\/appsaf.apieproject.com\/news\/#\/schema\/logo\/image\/","url":"https:\/\/appsaf.apieproject.com\/news\/wp-content\/uploads\/sites\/29\/2022\/07\/logo-R-TransparentBackground.png","contentUrl":"https:\/\/appsaf.apieproject.com\/news\/wp-content\/uploads\/sites\/29\/2022\/07\/logo-R-TransparentBackground.png","width":512,"height":512,"caption":"APIE PROJECT"},"image":{"@id":"https:\/\/appsaf.apieproject.com\/news\/#\/schema\/logo\/image\/"},"sameAs":["https:\/\/facebook.com\/apieproject","https:\/\/x.com\/apieproject"]},{"@type":"Person","@id":"https:\/\/appsaf.apieproject.com\/news\/#\/schema\/person\/399517cac378948cd7b39086f9ddc2a7","name":"staff","image":{"@type":"ImageObject","inLanguage":"fr-FR","@id":"https:\/\/appsaf.apieproject.com\/news\/#\/schema\/person\/image\/","url":"https:\/\/secure.gravatar.com\/avatar\/5386283c5db150efe261184bd59f072a?s=96&d=mm&r=g","contentUrl":"https:\/\/secure.gravatar.com\/avatar\/5386283c5db150efe261184bd59f072a?s=96&d=mm&r=g","caption":"staff"},"url":"https:\/\/appsaf.apieproject.com\/news\/fr\/author\/staff\/"}]}},"_links":{"self":[{"href":"https:\/\/appsaf.apieproject.com\/news\/fr\/wp-json\/wp\/v2\/posts\/33473","targetHints":{"allow":["GET"]}}],"collection":[{"href":"https:\/\/appsaf.apieproject.com\/news\/fr\/wp-json\/wp\/v2\/posts"}],"about":[{"href":"https:\/\/appsaf.apieproject.com\/news\/fr\/wp-json\/wp\/v2\/types\/post"}],"author":[{"embeddable":true,"href":"https:\/\/appsaf.apieproject.com\/news\/fr\/wp-json\/wp\/v2\/users\/12963"}],"replies":[{"embeddable":true,"href":"https:\/\/appsaf.apieproject.com\/news\/fr\/wp-json\/wp\/v2\/comments?post=33473"}],"version-history":[{"count":1,"href":"https:\/\/appsaf.apieproject.com\/news\/fr\/wp-json\/wp\/v2\/posts\/33473\/revisions"}],"predecessor-version":[{"id":33894,"href":"https:\/\/appsaf.apieproject.com\/news\/fr\/wp-json\/wp\/v2\/posts\/33473\/revisions\/33894"}],"wp:featuredmedia":[{"embeddable":true,"href":"https:\/\/appsaf.apieproject.com\/news\/fr\/wp-json\/wp\/v2\/media\/33470"}],"wp:attachment":[{"href":"https:\/\/appsaf.apieproject.com\/news\/fr\/wp-json\/wp\/v2\/media?parent=33473"}],"wp:term":[{"taxonomy":"category","embeddable":true,"href":"https:\/\/appsaf.apieproject.com\/news\/fr\/wp-json\/wp\/v2\/categories?post=33473"},{"taxonomy":"post_tag","embeddable":true,"href":"https:\/\/appsaf.apieproject.com\/news\/fr\/wp-json\/wp\/v2\/tags?post=33473"}],"curies":[{"name":"wp","href":"https:\/\/api.w.org\/{rel}","templated":true}]}}