{"id":33505,"date":"2023-09-17T16:52:21","date_gmt":"2023-09-17T16:52:21","guid":{"rendered":"https:\/\/appsaf.apieproject.com\/news\/?p=33505"},"modified":"2023-09-17T16:52:23","modified_gmt":"2023-09-17T16:52:23","slug":"mode-la-capitale-economique-ivoirienneabidjan-accueillera-sa-premiere-fashion-week","status":"publish","type":"post","link":"https:\/\/appsaf.apieproject.com\/news\/fr\/2023\/09\/17\/mode-la-capitale-economique-ivoirienneabidjan-accueillera-sa-premiere-fashion-week\/","title":{"rendered":"Mode: La Capitale Economique Ivoirienne,Abidjan Accueillera Sa Premi\u00e8re Fashion Week"},"content":{"rendered":"<p>Selon Elie Kuame, ce rendez-vous de la mode marque un tournant majeur pour la capitale \u00e9conomique de la C\u00f4te d&rsquo;Ivoire, affirmant sa place grandissante dans l&rsquo;industrie de la mode. La capitale \u00e9conomique de la C\u00f4te d\u2019Ivoire dont les cr\u00e9ateurs de mode ont habill\u00e9 d\u2019importantes personnalit\u00e9s issues de divers univers telles que Michael Jackson, Fally Ipupa, Yemi Alade, Black M, Youssoupha, Nelson Mandela, ou encore Alpha Omar Konar\u00e9 accueille ainsi la premi\u00e8re \u00e9dition de La Fashion Week Abidjan (LFWA), avec pour th\u00e8me \u00ab The New Future \u00bb.<\/p>\n<p>Sous la direction artistique de M. Elie Kuame, Fondateur de la maison de couture \u00e9ponyme, et avec le soutien du minist\u00e8re de la Culture et de la Francophonie, cet \u00e9v\u00e9nement vise \u00e0 mettre en lumi\u00e8re l\u2019\u00e9cosyst\u00e8me de la mode africaine, ses cr\u00e9ateurs, et les savoir-faire artisanaux d\u2019exception. Espace de cr\u00e9ativit\u00e9 et d&rsquo;innovation, o\u00f9 les nouvelles tendances et les id\u00e9es audacieuses se rencontrent, La Fashion Week Abidjan a pour objectif de r\u00e9unir les acteurs cl\u00e9s de l&rsquo;industrie en Afrique de l&rsquo;Ouest afin de stimuler les \u00e9changes et de favoriser la collaboration autour des sujets et enjeux strat\u00e9giques li\u00e9s au secteur du luxe en Afrique. Elle vise \u00e9galement \u00e0 sensibiliser les pouvoirs publics et les investisseurs sur l&rsquo;importance de valoriser et d&rsquo;accompagner l&rsquo;industrie de la mode dans les pays africains. Dans cette optique, LFWA instaurera le label \u00ab\u00a0BORN IN AFRICA\u00a0\u00bb afin de valoriser les artisans africains et promouvoir leurs cr\u00e9ations uniques.<\/p>\n<p>\u00ab En mati\u00e8re de mode, Abidjan m\u00e9rite amplement sa place. La C\u00f4te d\u2019Ivoire s\u2019est toujours distingu\u00e9e par le dynamisme et le prestige de ses cr\u00e9ateurs. Mais aujourd\u2019hui, il est primordial de rassembler les comp\u00e9tences, de partager les connaissances afin de red\u00e9finir de fa\u00e7on factuelle les industries cr\u00e9atives ivoiriennes. \u00bb a d\u00e9clar\u00e9 Elie Kuame, Fondateur de l&rsquo;entreprise et de la marque Elie Kuame Couture.<\/p>\n<p>Ouvert aux cr\u00e9ateurs du monde entier, La Fashion Week Abidjan proposera \u00e9galement une exposition r\u00e9trospective exceptionnelle sur la mode ivoirienne, depuis sa gen\u00e8se, jusqu\u2019\u00e0 ses plus r\u00e9cents d\u00e9fil\u00e9s.<\/p>\n<p>Selon la Ministre de la Culture et de la Francophonie, Madame Fran\u00e7oise Remarck, \u00ab la mode fait partie des secteurs prioritaires de notre \u00e9cosyst\u00e8me et dans ce sens, dans mon D\u00e9partement Minist\u00e9riel, j\u2019ai d\u00e9cid\u00e9 de cr\u00e9er une Direction de la Promotion de la Mode et du Design. Nous avons en C\u00f4te d\u2019Ivoire un savoir-faire d\u2019exception, une jeunesse cr\u00e9ative et innovante, une culture qui contribue \u00e0 la cr\u00e9ation d\u2019emplois structurants en s\u2019appuyant sur des cha\u00eenes de valeurs dans des secteurs prioritaires qui sont outre la mode, la musique, le design, le cin\u00e9ma, l\u2019audiovisuel&#8230; C\u2019est un atout \u00e9conomique affirm\u00e9. Notre ambition est de faire de la C\u00f4te d\u2019Ivoire, le Hub des ICC par l\u2019entreprenariat. Les Industries Cr\u00e9atives et Culturelles (ICC) sont inscrites dans le pilier num\u00e9ro 1 du Programme National de D\u00e9veloppement aux c\u00f4t\u00e9s du Tourisme et de l\u2019\u00c9conomie Num\u00e9rique. Il s\u2019agit donc pour nos secteurs de l\u2019acc\u00e9l\u00e9ration de la transformation structurelle de l\u2019\u00e9conomie par l\u2019industrialisation et le d\u00e9veloppement de grappes. Nous jouons notre partition et particuli\u00e8rement lorsque nous avons dans notre pays des jeunes de plus en plus connect\u00e9s, innovants et cr\u00e9atifs, et qui aspirent \u00e0 vivre de leur art, cette Fashion Week ne peut \u00eatre que salu\u00e9e \u00e0 sa juste valeur. \u00bb<\/p>\n<p>L&rsquo;importance de cet \u00e9v\u00e9nement ne se limite pas au volet \u00ab cr\u00e9atif \u00bb, mais porte aussi sur sa contribution \u00e0 l\u2019essor et \u00e0 la structuration d\u2019une industrie porteuse de d\u00e9veloppement \u00e9conomique et de stabilit\u00e9 financi\u00e8re pour ses acteurs.<\/p>\n","protected":false},"excerpt":{"rendered":"<p>La capitale \u00e9conomique ivoirienne, Abidjan vivra au rythme de la mode et de l\u2019excellence cr\u00e9ative africaine lors de sa toute premi\u00e8re Fashion Week, soutenue officiellement par le minist\u00e8re de la Culture et de la Francophonie du 5 au 8 octobre 2023. L&rsquo;information a \u00e9t\u00e9 donn\u00e9e par le designer Elie Kuame, porteur de cet \u00e9v\u00e9nement d&rsquo;envergure le mercredi 13 \u00e0 Abidjan.<\/p>\n","protected":false},"author":12963,"featured_media":33502,"comment_status":"open","ping_status":"open","sticky":false,"template":"","format":"standard","meta":{"footnotes":""},"categories":[57,63],"tags":[78,95,94],"class_list":{"0":"post-33505","1":"post","2":"type-post","3":"status-publish","4":"format-standard","5":"has-post-thumbnail","7":"category-mode","8":"category-mode-de-vie","9":"tag-apie-project-2","10":"tag-mode","11":"tag-mode-de-vie"},"yoast_head":"<!-- This site is optimized with the Yoast SEO plugin v24.4 - https:\/\/yoast.com\/wordpress\/plugins\/seo\/ -->\n<title>Mode: La Capitale Economique Ivoirienne,Abidjan Accueillera Sa Premi\u00e8re Fashion Week - APIE NEWS<\/title>\n<meta name=\"robots\" content=\"index, follow, max-snippet:-1, max-image-preview:large, max-video-preview:-1\" \/>\n<link rel=\"canonical\" href=\"https:\/\/appsaf.apieproject.com\/news\/fr\/2023\/09\/17\/mode-la-capitale-economique-ivoirienneabidjan-accueillera-sa-premiere-fashion-week\/\" \/>\n<meta property=\"og:locale\" content=\"fr_FR\" \/>\n<meta property=\"og:type\" content=\"article\" \/>\n<meta property=\"og:title\" content=\"Mode: La Capitale Economique Ivoirienne,Abidjan Accueillera Sa Premi\u00e8re Fashion Week - APIE NEWS\" \/>\n<meta property=\"og:description\" content=\"La capitale \u00e9conomique ivoirienne, Abidjan vivra au rythme de la mode et de l\u2019excellence cr\u00e9ative africaine lors de sa toute premi\u00e8re Fashion Week, soutenue officiellement par le minist\u00e8re de la Culture et de la Francophonie du 5 au 8 octobre 2023. L&#039;information a \u00e9t\u00e9 donn\u00e9e par le designer Elie Kuame, porteur de cet \u00e9v\u00e9nement d&#039;envergure le mercredi 13 \u00e0 Abidjan.\" \/>\n<meta property=\"og:url\" content=\"https:\/\/appsaf.apieproject.com\/news\/fr\/2023\/09\/17\/mode-la-capitale-economique-ivoirienneabidjan-accueillera-sa-premiere-fashion-week\/\" \/>\n<meta property=\"og:site_name\" content=\"APIE NEWS\" \/>\n<meta property=\"article:publisher\" content=\"https:\/\/facebook.com\/apieproject\" \/>\n<meta property=\"article:published_time\" content=\"2023-09-17T16:52:21+00:00\" \/>\n<meta property=\"article:modified_time\" content=\"2023-09-17T16:52:23+00:00\" \/>\n<meta property=\"og:image\" content=\"https:\/\/appsaf.apieproject.com\/news\/wp-content\/uploads\/sites\/29\/2023\/09\/mode-la-capitale-economique-ivoirienne-abidjan-accueillera-sa-premiere-fash_csq61b9i27n-d63368a1531489941ce69dbae43c9bab.jpg\" \/>\n\t<meta property=\"og:image:width\" content=\"720\" \/>\n\t<meta property=\"og:image:height\" content=\"542\" \/>\n\t<meta property=\"og:image:type\" content=\"image\/jpeg\" \/>\n<meta name=\"author\" content=\"staff\" \/>\n<meta name=\"twitter:card\" content=\"summary_large_image\" \/>\n<meta name=\"twitter:creator\" content=\"@apieproject\" \/>\n<meta name=\"twitter:site\" content=\"@apieproject\" \/>\n<meta name=\"twitter:label1\" content=\"\u00c9crit par\" \/>\n\t<meta name=\"twitter:data1\" content=\"staff\" \/>\n\t<meta name=\"twitter:label2\" content=\"Dur\u00e9e de lecture estim\u00e9e\" \/>\n\t<meta name=\"twitter:data2\" content=\"3 minutes\" \/>\n<script type=\"application\/ld+json\" class=\"yoast-schema-graph\">{\"@context\":\"https:\/\/schema.org\",\"@graph\":[{\"@type\":\"Article\",\"@id\":\"https:\/\/appsaf.apieproject.com\/news\/fr\/2023\/09\/17\/mode-la-capitale-economique-ivoirienneabidjan-accueillera-sa-premiere-fashion-week\/#article\",\"isPartOf\":{\"@id\":\"https:\/\/appsaf.apieproject.com\/news\/fr\/2023\/09\/17\/mode-la-capitale-economique-ivoirienneabidjan-accueillera-sa-premiere-fashion-week\/\"},\"author\":{\"name\":\"staff\",\"@id\":\"https:\/\/appsaf.apieproject.com\/news\/#\/schema\/person\/399517cac378948cd7b39086f9ddc2a7\"},\"headline\":\"Mode: La Capitale Economique Ivoirienne,Abidjan Accueillera Sa Premi\u00e8re Fashion Week\",\"datePublished\":\"2023-09-17T16:52:21+00:00\",\"dateModified\":\"2023-09-17T16:52:23+00:00\",\"mainEntityOfPage\":{\"@id\":\"https:\/\/appsaf.apieproject.com\/news\/fr\/2023\/09\/17\/mode-la-capitale-economique-ivoirienneabidjan-accueillera-sa-premiere-fashion-week\/\"},\"wordCount\":658,\"commentCount\":0,\"publisher\":{\"@id\":\"https:\/\/appsaf.apieproject.com\/news\/#organization\"},\"image\":{\"@id\":\"https:\/\/appsaf.apieproject.com\/news\/fr\/2023\/09\/17\/mode-la-capitale-economique-ivoirienneabidjan-accueillera-sa-premiere-fashion-week\/#primaryimage\"},\"thumbnailUrl\":\"https:\/\/appsaf.apieproject.com\/news\/wp-content\/uploads\/sites\/29\/2023\/09\/mode-la-capitale-economique-ivoirienne-abidjan-accueillera-sa-premiere-fash_csq61b9i27n-d63368a1531489941ce69dbae43c9bab.jpg\",\"keywords\":[\"apie project\",\"mode\",\"mode de vie\"],\"articleSection\":[\"Mode\",\"Mode de Vie\"],\"inLanguage\":\"fr-FR\",\"potentialAction\":[{\"@type\":\"CommentAction\",\"name\":\"Comment\",\"target\":[\"https:\/\/appsaf.apieproject.com\/news\/fr\/2023\/09\/17\/mode-la-capitale-economique-ivoirienneabidjan-accueillera-sa-premiere-fashion-week\/#respond\"]}]},{\"@type\":\"WebPage\",\"@id\":\"https:\/\/appsaf.apieproject.com\/news\/fr\/2023\/09\/17\/mode-la-capitale-economique-ivoirienneabidjan-accueillera-sa-premiere-fashion-week\/\",\"url\":\"https:\/\/appsaf.apieproject.com\/news\/fr\/2023\/09\/17\/mode-la-capitale-economique-ivoirienneabidjan-accueillera-sa-premiere-fashion-week\/\",\"name\":\"Mode: La Capitale Economique Ivoirienne,Abidjan Accueillera Sa Premi\u00e8re Fashion Week - APIE NEWS\",\"isPartOf\":{\"@id\":\"https:\/\/appsaf.apieproject.com\/news\/#website\"},\"primaryImageOfPage\":{\"@id\":\"https:\/\/appsaf.apieproject.com\/news\/fr\/2023\/09\/17\/mode-la-capitale-economique-ivoirienneabidjan-accueillera-sa-premiere-fashion-week\/#primaryimage\"},\"image\":{\"@id\":\"https:\/\/appsaf.apieproject.com\/news\/fr\/2023\/09\/17\/mode-la-capitale-economique-ivoirienneabidjan-accueillera-sa-premiere-fashion-week\/#primaryimage\"},\"thumbnailUrl\":\"https:\/\/appsaf.apieproject.com\/news\/wp-content\/uploads\/sites\/29\/2023\/09\/mode-la-capitale-economique-ivoirienne-abidjan-accueillera-sa-premiere-fash_csq61b9i27n-d63368a1531489941ce69dbae43c9bab.jpg\",\"datePublished\":\"2023-09-17T16:52:21+00:00\",\"dateModified\":\"2023-09-17T16:52:23+00:00\",\"breadcrumb\":{\"@id\":\"https:\/\/appsaf.apieproject.com\/news\/fr\/2023\/09\/17\/mode-la-capitale-economique-ivoirienneabidjan-accueillera-sa-premiere-fashion-week\/#breadcrumb\"},\"inLanguage\":\"fr-FR\",\"potentialAction\":[{\"@type\":\"ReadAction\",\"target\":[\"https:\/\/appsaf.apieproject.com\/news\/fr\/2023\/09\/17\/mode-la-capitale-economique-ivoirienneabidjan-accueillera-sa-premiere-fashion-week\/\"]}]},{\"@type\":\"ImageObject\",\"inLanguage\":\"fr-FR\",\"@id\":\"https:\/\/appsaf.apieproject.com\/news\/fr\/2023\/09\/17\/mode-la-capitale-economique-ivoirienneabidjan-accueillera-sa-premiere-fashion-week\/#primaryimage\",\"url\":\"https:\/\/appsaf.apieproject.com\/news\/wp-content\/uploads\/sites\/29\/2023\/09\/mode-la-capitale-economique-ivoirienne-abidjan-accueillera-sa-premiere-fash_csq61b9i27n-d63368a1531489941ce69dbae43c9bab.jpg\",\"contentUrl\":\"https:\/\/appsaf.apieproject.com\/news\/wp-content\/uploads\/sites\/29\/2023\/09\/mode-la-capitale-economique-ivoirienne-abidjan-accueillera-sa-premiere-fash_csq61b9i27n-d63368a1531489941ce69dbae43c9bab.jpg\",\"width\":720,\"height\":542},{\"@type\":\"BreadcrumbList\",\"@id\":\"https:\/\/appsaf.apieproject.com\/news\/fr\/2023\/09\/17\/mode-la-capitale-economique-ivoirienneabidjan-accueillera-sa-premiere-fashion-week\/#breadcrumb\",\"itemListElement\":[{\"@type\":\"ListItem\",\"position\":1,\"name\":\"Home\",\"item\":\"https:\/\/appsaf.apieproject.com\/news\/fr\/home\/\"},{\"@type\":\"ListItem\",\"position\":2,\"name\":\"Mode: La Capitale Economique Ivoirienne,Abidjan Accueillera Sa Premi\u00e8re Fashion Week\"}]},{\"@type\":\"WebSite\",\"@id\":\"https:\/\/appsaf.apieproject.com\/news\/#website\",\"url\":\"https:\/\/appsaf.apieproject.com\/news\/\",\"name\":\"APIE NEWS\",\"description\":\"PANAFRICANISM NEWS PORTAL\",\"publisher\":{\"@id\":\"https:\/\/appsaf.apieproject.com\/news\/#organization\"},\"potentialAction\":[{\"@type\":\"SearchAction\",\"target\":{\"@type\":\"EntryPoint\",\"urlTemplate\":\"https:\/\/appsaf.apieproject.com\/news\/?s={search_term_string}\"},\"query-input\":{\"@type\":\"PropertyValueSpecification\",\"valueRequired\":true,\"valueName\":\"search_term_string\"}}],\"inLanguage\":\"fr-FR\"},{\"@type\":\"Organization\",\"@id\":\"https:\/\/appsaf.apieproject.com\/news\/#organization\",\"name\":\"APIE PROJECT\",\"url\":\"https:\/\/appsaf.apieproject.com\/news\/\",\"logo\":{\"@type\":\"ImageObject\",\"inLanguage\":\"fr-FR\",\"@id\":\"https:\/\/appsaf.apieproject.com\/news\/#\/schema\/logo\/image\/\",\"url\":\"https:\/\/appsaf.apieproject.com\/news\/wp-content\/uploads\/sites\/29\/2022\/07\/logo-R-TransparentBackground.png\",\"contentUrl\":\"https:\/\/appsaf.apieproject.com\/news\/wp-content\/uploads\/sites\/29\/2022\/07\/logo-R-TransparentBackground.png\",\"width\":512,\"height\":512,\"caption\":\"APIE PROJECT\"},\"image\":{\"@id\":\"https:\/\/appsaf.apieproject.com\/news\/#\/schema\/logo\/image\/\"},\"sameAs\":[\"https:\/\/facebook.com\/apieproject\",\"https:\/\/x.com\/apieproject\"]},{\"@type\":\"Person\",\"@id\":\"https:\/\/appsaf.apieproject.com\/news\/#\/schema\/person\/399517cac378948cd7b39086f9ddc2a7\",\"name\":\"staff\",\"image\":{\"@type\":\"ImageObject\",\"inLanguage\":\"fr-FR\",\"@id\":\"https:\/\/appsaf.apieproject.com\/news\/#\/schema\/person\/image\/\",\"url\":\"https:\/\/secure.gravatar.com\/avatar\/5386283c5db150efe261184bd59f072a?s=96&d=mm&r=g\",\"contentUrl\":\"https:\/\/secure.gravatar.com\/avatar\/5386283c5db150efe261184bd59f072a?s=96&d=mm&r=g\",\"caption\":\"staff\"},\"url\":\"https:\/\/appsaf.apieproject.com\/news\/fr\/author\/staff\/\"}]}<\/script>\n<!-- \/ Yoast SEO plugin. -->","yoast_head_json":{"title":"Mode: La Capitale Economique Ivoirienne,Abidjan Accueillera Sa Premi\u00e8re Fashion Week - APIE NEWS","robots":{"index":"index","follow":"follow","max-snippet":"max-snippet:-1","max-image-preview":"max-image-preview:large","max-video-preview":"max-video-preview:-1"},"canonical":"https:\/\/appsaf.apieproject.com\/news\/fr\/2023\/09\/17\/mode-la-capitale-economique-ivoirienneabidjan-accueillera-sa-premiere-fashion-week\/","og_locale":"fr_FR","og_type":"article","og_title":"Mode: La Capitale Economique Ivoirienne,Abidjan Accueillera Sa Premi\u00e8re Fashion Week - APIE NEWS","og_description":"La capitale \u00e9conomique ivoirienne, Abidjan vivra au rythme de la mode et de l\u2019excellence cr\u00e9ative africaine lors de sa toute premi\u00e8re Fashion Week, soutenue officiellement par le minist\u00e8re de la Culture et de la Francophonie du 5 au 8 octobre 2023. L'information a \u00e9t\u00e9 donn\u00e9e par le designer Elie Kuame, porteur de cet \u00e9v\u00e9nement d'envergure le mercredi 13 \u00e0 Abidjan.","og_url":"https:\/\/appsaf.apieproject.com\/news\/fr\/2023\/09\/17\/mode-la-capitale-economique-ivoirienneabidjan-accueillera-sa-premiere-fashion-week\/","og_site_name":"APIE NEWS","article_publisher":"https:\/\/facebook.com\/apieproject","article_published_time":"2023-09-17T16:52:21+00:00","article_modified_time":"2023-09-17T16:52:23+00:00","og_image":[{"width":720,"height":542,"url":"https:\/\/appsaf.apieproject.com\/news\/wp-content\/uploads\/sites\/29\/2023\/09\/mode-la-capitale-economique-ivoirienne-abidjan-accueillera-sa-premiere-fash_csq61b9i27n-d63368a1531489941ce69dbae43c9bab.jpg","type":"image\/jpeg"}],"author":"staff","twitter_card":"summary_large_image","twitter_creator":"@apieproject","twitter_site":"@apieproject","twitter_misc":{"\u00c9crit par":"staff","Dur\u00e9e de lecture estim\u00e9e":"3 minutes"},"schema":{"@context":"https:\/\/schema.org","@graph":[{"@type":"Article","@id":"https:\/\/appsaf.apieproject.com\/news\/fr\/2023\/09\/17\/mode-la-capitale-economique-ivoirienneabidjan-accueillera-sa-premiere-fashion-week\/#article","isPartOf":{"@id":"https:\/\/appsaf.apieproject.com\/news\/fr\/2023\/09\/17\/mode-la-capitale-economique-ivoirienneabidjan-accueillera-sa-premiere-fashion-week\/"},"author":{"name":"staff","@id":"https:\/\/appsaf.apieproject.com\/news\/#\/schema\/person\/399517cac378948cd7b39086f9ddc2a7"},"headline":"Mode: La Capitale Economique Ivoirienne,Abidjan Accueillera Sa Premi\u00e8re Fashion Week","datePublished":"2023-09-17T16:52:21+00:00","dateModified":"2023-09-17T16:52:23+00:00","mainEntityOfPage":{"@id":"https:\/\/appsaf.apieproject.com\/news\/fr\/2023\/09\/17\/mode-la-capitale-economique-ivoirienneabidjan-accueillera-sa-premiere-fashion-week\/"},"wordCount":658,"commentCount":0,"publisher":{"@id":"https:\/\/appsaf.apieproject.com\/news\/#organization"},"image":{"@id":"https:\/\/appsaf.apieproject.com\/news\/fr\/2023\/09\/17\/mode-la-capitale-economique-ivoirienneabidjan-accueillera-sa-premiere-fashion-week\/#primaryimage"},"thumbnailUrl":"https:\/\/appsaf.apieproject.com\/news\/wp-content\/uploads\/sites\/29\/2023\/09\/mode-la-capitale-economique-ivoirienne-abidjan-accueillera-sa-premiere-fash_csq61b9i27n-d63368a1531489941ce69dbae43c9bab.jpg","keywords":["apie project","mode","mode de vie"],"articleSection":["Mode","Mode de Vie"],"inLanguage":"fr-FR","potentialAction":[{"@type":"CommentAction","name":"Comment","target":["https:\/\/appsaf.apieproject.com\/news\/fr\/2023\/09\/17\/mode-la-capitale-economique-ivoirienneabidjan-accueillera-sa-premiere-fashion-week\/#respond"]}]},{"@type":"WebPage","@id":"https:\/\/appsaf.apieproject.com\/news\/fr\/2023\/09\/17\/mode-la-capitale-economique-ivoirienneabidjan-accueillera-sa-premiere-fashion-week\/","url":"https:\/\/appsaf.apieproject.com\/news\/fr\/2023\/09\/17\/mode-la-capitale-economique-ivoirienneabidjan-accueillera-sa-premiere-fashion-week\/","name":"Mode: La Capitale Economique Ivoirienne,Abidjan Accueillera Sa Premi\u00e8re Fashion Week - APIE NEWS","isPartOf":{"@id":"https:\/\/appsaf.apieproject.com\/news\/#website"},"primaryImageOfPage":{"@id":"https:\/\/appsaf.apieproject.com\/news\/fr\/2023\/09\/17\/mode-la-capitale-economique-ivoirienneabidjan-accueillera-sa-premiere-fashion-week\/#primaryimage"},"image":{"@id":"https:\/\/appsaf.apieproject.com\/news\/fr\/2023\/09\/17\/mode-la-capitale-economique-ivoirienneabidjan-accueillera-sa-premiere-fashion-week\/#primaryimage"},"thumbnailUrl":"https:\/\/appsaf.apieproject.com\/news\/wp-content\/uploads\/sites\/29\/2023\/09\/mode-la-capitale-economique-ivoirienne-abidjan-accueillera-sa-premiere-fash_csq61b9i27n-d63368a1531489941ce69dbae43c9bab.jpg","datePublished":"2023-09-17T16:52:21+00:00","dateModified":"2023-09-17T16:52:23+00:00","breadcrumb":{"@id":"https:\/\/appsaf.apieproject.com\/news\/fr\/2023\/09\/17\/mode-la-capitale-economique-ivoirienneabidjan-accueillera-sa-premiere-fashion-week\/#breadcrumb"},"inLanguage":"fr-FR","potentialAction":[{"@type":"ReadAction","target":["https:\/\/appsaf.apieproject.com\/news\/fr\/2023\/09\/17\/mode-la-capitale-economique-ivoirienneabidjan-accueillera-sa-premiere-fashion-week\/"]}]},{"@type":"ImageObject","inLanguage":"fr-FR","@id":"https:\/\/appsaf.apieproject.com\/news\/fr\/2023\/09\/17\/mode-la-capitale-economique-ivoirienneabidjan-accueillera-sa-premiere-fashion-week\/#primaryimage","url":"https:\/\/appsaf.apieproject.com\/news\/wp-content\/uploads\/sites\/29\/2023\/09\/mode-la-capitale-economique-ivoirienne-abidjan-accueillera-sa-premiere-fash_csq61b9i27n-d63368a1531489941ce69dbae43c9bab.jpg","contentUrl":"https:\/\/appsaf.apieproject.com\/news\/wp-content\/uploads\/sites\/29\/2023\/09\/mode-la-capitale-economique-ivoirienne-abidjan-accueillera-sa-premiere-fash_csq61b9i27n-d63368a1531489941ce69dbae43c9bab.jpg","width":720,"height":542},{"@type":"BreadcrumbList","@id":"https:\/\/appsaf.apieproject.com\/news\/fr\/2023\/09\/17\/mode-la-capitale-economique-ivoirienneabidjan-accueillera-sa-premiere-fashion-week\/#breadcrumb","itemListElement":[{"@type":"ListItem","position":1,"name":"Home","item":"https:\/\/appsaf.apieproject.com\/news\/fr\/home\/"},{"@type":"ListItem","position":2,"name":"Mode: La Capitale Economique Ivoirienne,Abidjan Accueillera Sa Premi\u00e8re Fashion Week"}]},{"@type":"WebSite","@id":"https:\/\/appsaf.apieproject.com\/news\/#website","url":"https:\/\/appsaf.apieproject.com\/news\/","name":"APIE NEWS","description":"PANAFRICANISM NEWS PORTAL","publisher":{"@id":"https:\/\/appsaf.apieproject.com\/news\/#organization"},"potentialAction":[{"@type":"SearchAction","target":{"@type":"EntryPoint","urlTemplate":"https:\/\/appsaf.apieproject.com\/news\/?s={search_term_string}"},"query-input":{"@type":"PropertyValueSpecification","valueRequired":true,"valueName":"search_term_string"}}],"inLanguage":"fr-FR"},{"@type":"Organization","@id":"https:\/\/appsaf.apieproject.com\/news\/#organization","name":"APIE PROJECT","url":"https:\/\/appsaf.apieproject.com\/news\/","logo":{"@type":"ImageObject","inLanguage":"fr-FR","@id":"https:\/\/appsaf.apieproject.com\/news\/#\/schema\/logo\/image\/","url":"https:\/\/appsaf.apieproject.com\/news\/wp-content\/uploads\/sites\/29\/2022\/07\/logo-R-TransparentBackground.png","contentUrl":"https:\/\/appsaf.apieproject.com\/news\/wp-content\/uploads\/sites\/29\/2022\/07\/logo-R-TransparentBackground.png","width":512,"height":512,"caption":"APIE PROJECT"},"image":{"@id":"https:\/\/appsaf.apieproject.com\/news\/#\/schema\/logo\/image\/"},"sameAs":["https:\/\/facebook.com\/apieproject","https:\/\/x.com\/apieproject"]},{"@type":"Person","@id":"https:\/\/appsaf.apieproject.com\/news\/#\/schema\/person\/399517cac378948cd7b39086f9ddc2a7","name":"staff","image":{"@type":"ImageObject","inLanguage":"fr-FR","@id":"https:\/\/appsaf.apieproject.com\/news\/#\/schema\/person\/image\/","url":"https:\/\/secure.gravatar.com\/avatar\/5386283c5db150efe261184bd59f072a?s=96&d=mm&r=g","contentUrl":"https:\/\/secure.gravatar.com\/avatar\/5386283c5db150efe261184bd59f072a?s=96&d=mm&r=g","caption":"staff"},"url":"https:\/\/appsaf.apieproject.com\/news\/fr\/author\/staff\/"}]}},"_links":{"self":[{"href":"https:\/\/appsaf.apieproject.com\/news\/fr\/wp-json\/wp\/v2\/posts\/33505","targetHints":{"allow":["GET"]}}],"collection":[{"href":"https:\/\/appsaf.apieproject.com\/news\/fr\/wp-json\/wp\/v2\/posts"}],"about":[{"href":"https:\/\/appsaf.apieproject.com\/news\/fr\/wp-json\/wp\/v2\/types\/post"}],"author":[{"embeddable":true,"href":"https:\/\/appsaf.apieproject.com\/news\/fr\/wp-json\/wp\/v2\/users\/12963"}],"replies":[{"embeddable":true,"href":"https:\/\/appsaf.apieproject.com\/news\/fr\/wp-json\/wp\/v2\/comments?post=33505"}],"version-history":[{"count":1,"href":"https:\/\/appsaf.apieproject.com\/news\/fr\/wp-json\/wp\/v2\/posts\/33505\/revisions"}],"predecessor-version":[{"id":33906,"href":"https:\/\/appsaf.apieproject.com\/news\/fr\/wp-json\/wp\/v2\/posts\/33505\/revisions\/33906"}],"wp:featuredmedia":[{"embeddable":true,"href":"https:\/\/appsaf.apieproject.com\/news\/fr\/wp-json\/wp\/v2\/media\/33502"}],"wp:attachment":[{"href":"https:\/\/appsaf.apieproject.com\/news\/fr\/wp-json\/wp\/v2\/media?parent=33505"}],"wp:term":[{"taxonomy":"category","embeddable":true,"href":"https:\/\/appsaf.apieproject.com\/news\/fr\/wp-json\/wp\/v2\/categories?post=33505"},{"taxonomy":"post_tag","embeddable":true,"href":"https:\/\/appsaf.apieproject.com\/news\/fr\/wp-json\/wp\/v2\/tags?post=33505"}],"curies":[{"name":"wp","href":"https:\/\/api.w.org\/{rel}","templated":true}]}}