{"id":33713,"date":"2023-09-17T19:19:42","date_gmt":"2023-09-17T19:19:42","guid":{"rendered":"https:\/\/appsaf.apieproject.com\/news\/?p=33713"},"modified":"2023-09-17T19:19:44","modified_gmt":"2023-09-17T19:19:44","slug":"myco-gastronomie-forestiere-la-mauricie-sinvite-a-montreal","status":"publish","type":"post","link":"https:\/\/appsaf.apieproject.com\/news\/fr\/2023\/09\/17\/myco-gastronomie-forestiere-la-mauricie-sinvite-a-montreal\/","title":{"rendered":"MYCO Gastronomie Foresti\u00e8re : La Mauricie s\u2019Invite A Montr\u00e9al"},"content":{"rendered":"<p>De l\u2019amuse-bouche au dessert, champignons, \u00e9pices, noix et petits fruits de cette r\u00e9gion seront mis en valeur dans un menu d\u00e9velopp\u00e9 par la cheffe ex\u00e9cutive Karine Beauchamp et le chef p\u00e2tissier \u00c9ric Champage, en collaboration avec le laur\u00e9at du prix r\u00e9v\u00e9lation aux derniers Lauriers de la gastronomie, le chef Samy Benabed, de l\u2019Auberge Saint-Mathieu.<\/p>\n<p>Cette semaine th\u00e9matique n\u2019est qu\u2019un avant-go\u00fbt de la 7e \u00e9dition de MYCO \u2013 Rendez-vous de la gastronomie foresti\u00e8re, qui se d\u00e9roulera du 29 septembre au 9 octobre en Mauricie.<\/p>\n<p>De Maskinong\u00e9 \u00e0 Saint-Stanislas en passant par Trois-Rivi\u00e8res et Shawinigan, une vingtaine de restaurants des quatre coins de cette grande r\u00e9gion offriront des plats mettant en vedette les saveurs de la for\u00eat.<\/p>\n<p>Comme par le pass\u00e9, un concours culinaire opposera les \u00e9tablissements participants. Cette fois-ci, c\u2019est avec leurs tapas qu\u2019ils devront impressionner juge et public. Le gagnant sera d\u00e9voil\u00e9 le 9 octobre prochain lors de l\u2019\u00e9v\u00e8nement D\u00e9lices d\u2019automne, \u00e0 Trois-Rivi\u00e8res.<\/p>\n<p>Un concours de mixologie entre restaurants, des excursions de cueillettes de champignons et un march\u00e9 forestier, qui se tiendra le 1er octobre \u00e0 Louiseville, comptent aussi dans la programmation de MYCO 2023.<\/p>\n","protected":false},"excerpt":{"rendered":"<p>Les produits comestibles de la for\u00eat mauricienne seront \u00e0 l\u2019honneur au restaurant de l\u2019Institut de tourisme et d\u2019h\u00f4tellerie du Qu\u00e9bec (ITHQ), \u00e0 Montr\u00e9al, du 19 au 23 septembre.<\/p>\n","protected":false},"author":12963,"featured_media":33710,"comment_status":"open","ping_status":"open","sticky":false,"template":"","format":"standard","meta":{"footnotes":""},"categories":[55,63],"tags":[78,88,94],"class_list":{"0":"post-33713","1":"post","2":"type-post","3":"status-publish","4":"format-standard","5":"has-post-thumbnail","7":"category-divertissement","8":"category-mode-de-vie","9":"tag-apie-project-2","10":"tag-divertissement","11":"tag-mode-de-vie"},"yoast_head":"<!-- This site is optimized with the Yoast SEO plugin v24.4 - https:\/\/yoast.com\/wordpress\/plugins\/seo\/ -->\n<title>MYCO Gastronomie Foresti\u00e8re : La Mauricie s\u2019Invite A Montr\u00e9al - APIE NEWS<\/title>\n<meta name=\"robots\" content=\"index, follow, max-snippet:-1, max-image-preview:large, max-video-preview:-1\" \/>\n<link rel=\"canonical\" href=\"https:\/\/appsaf.apieproject.com\/news\/fr\/2023\/09\/17\/myco-gastronomie-forestiere-la-mauricie-sinvite-a-montreal\/\" \/>\n<meta property=\"og:locale\" content=\"fr_FR\" \/>\n<meta property=\"og:type\" content=\"article\" \/>\n<meta property=\"og:title\" content=\"MYCO Gastronomie Foresti\u00e8re : La Mauricie s\u2019Invite A Montr\u00e9al - APIE NEWS\" \/>\n<meta property=\"og:description\" content=\"Les produits comestibles de la for\u00eat mauricienne seront \u00e0 l\u2019honneur au restaurant de l\u2019Institut de tourisme et d\u2019h\u00f4tellerie du Qu\u00e9bec (ITHQ), \u00e0 Montr\u00e9al, du 19 au 23 septembre.\" \/>\n<meta property=\"og:url\" content=\"https:\/\/appsaf.apieproject.com\/news\/fr\/2023\/09\/17\/myco-gastronomie-forestiere-la-mauricie-sinvite-a-montreal\/\" \/>\n<meta property=\"og:site_name\" content=\"APIE NEWS\" \/>\n<meta property=\"article:publisher\" content=\"https:\/\/facebook.com\/apieproject\" \/>\n<meta property=\"article:published_time\" content=\"2023-09-17T19:19:42+00:00\" \/>\n<meta property=\"article:modified_time\" content=\"2023-09-17T19:19:44+00:00\" \/>\n<meta property=\"og:image\" content=\"https:\/\/appsaf.apieproject.com\/news\/wp-content\/uploads\/sites\/29\/2023\/09\/Capture-9e8cf4b319631a2a2893aa816826cbad.png\" \/>\n\t<meta property=\"og:image:width\" content=\"741\" \/>\n\t<meta property=\"og:image:height\" content=\"489\" \/>\n\t<meta property=\"og:image:type\" content=\"image\/png\" \/>\n<meta name=\"author\" content=\"staff\" \/>\n<meta name=\"twitter:card\" content=\"summary_large_image\" \/>\n<meta name=\"twitter:creator\" content=\"@apieproject\" \/>\n<meta name=\"twitter:site\" content=\"@apieproject\" \/>\n<meta name=\"twitter:label1\" content=\"\u00c9crit par\" \/>\n\t<meta name=\"twitter:data1\" content=\"staff\" \/>\n\t<meta name=\"twitter:label2\" content=\"Dur\u00e9e de lecture estim\u00e9e\" \/>\n\t<meta name=\"twitter:data2\" content=\"1 minute\" \/>\n<script type=\"application\/ld+json\" class=\"yoast-schema-graph\">{\"@context\":\"https:\/\/schema.org\",\"@graph\":[{\"@type\":\"Article\",\"@id\":\"https:\/\/appsaf.apieproject.com\/news\/fr\/2023\/09\/17\/myco-gastronomie-forestiere-la-mauricie-sinvite-a-montreal\/#article\",\"isPartOf\":{\"@id\":\"https:\/\/appsaf.apieproject.com\/news\/fr\/2023\/09\/17\/myco-gastronomie-forestiere-la-mauricie-sinvite-a-montreal\/\"},\"author\":{\"name\":\"staff\",\"@id\":\"https:\/\/appsaf.apieproject.com\/news\/#\/schema\/person\/399517cac378948cd7b39086f9ddc2a7\"},\"headline\":\"MYCO Gastronomie Foresti\u00e8re : La Mauricie s\u2019Invite A Montr\u00e9al\",\"datePublished\":\"2023-09-17T19:19:42+00:00\",\"dateModified\":\"2023-09-17T19:19:44+00:00\",\"mainEntityOfPage\":{\"@id\":\"https:\/\/appsaf.apieproject.com\/news\/fr\/2023\/09\/17\/myco-gastronomie-forestiere-la-mauricie-sinvite-a-montreal\/\"},\"wordCount\":214,\"commentCount\":0,\"publisher\":{\"@id\":\"https:\/\/appsaf.apieproject.com\/news\/#organization\"},\"image\":{\"@id\":\"https:\/\/appsaf.apieproject.com\/news\/fr\/2023\/09\/17\/myco-gastronomie-forestiere-la-mauricie-sinvite-a-montreal\/#primaryimage\"},\"thumbnailUrl\":\"https:\/\/appsaf.apieproject.com\/news\/wp-content\/uploads\/sites\/29\/2023\/09\/Capture-9e8cf4b319631a2a2893aa816826cbad.png\",\"keywords\":[\"apie project\",\"divertissement\",\"mode de vie\"],\"articleSection\":[\"Divertissement\",\"Mode de Vie\"],\"inLanguage\":\"fr-FR\",\"potentialAction\":[{\"@type\":\"CommentAction\",\"name\":\"Comment\",\"target\":[\"https:\/\/appsaf.apieproject.com\/news\/fr\/2023\/09\/17\/myco-gastronomie-forestiere-la-mauricie-sinvite-a-montreal\/#respond\"]}]},{\"@type\":\"WebPage\",\"@id\":\"https:\/\/appsaf.apieproject.com\/news\/fr\/2023\/09\/17\/myco-gastronomie-forestiere-la-mauricie-sinvite-a-montreal\/\",\"url\":\"https:\/\/appsaf.apieproject.com\/news\/fr\/2023\/09\/17\/myco-gastronomie-forestiere-la-mauricie-sinvite-a-montreal\/\",\"name\":\"MYCO Gastronomie Foresti\u00e8re : La Mauricie s\u2019Invite A Montr\u00e9al - APIE NEWS\",\"isPartOf\":{\"@id\":\"https:\/\/appsaf.apieproject.com\/news\/#website\"},\"primaryImageOfPage\":{\"@id\":\"https:\/\/appsaf.apieproject.com\/news\/fr\/2023\/09\/17\/myco-gastronomie-forestiere-la-mauricie-sinvite-a-montreal\/#primaryimage\"},\"image\":{\"@id\":\"https:\/\/appsaf.apieproject.com\/news\/fr\/2023\/09\/17\/myco-gastronomie-forestiere-la-mauricie-sinvite-a-montreal\/#primaryimage\"},\"thumbnailUrl\":\"https:\/\/appsaf.apieproject.com\/news\/wp-content\/uploads\/sites\/29\/2023\/09\/Capture-9e8cf4b319631a2a2893aa816826cbad.png\",\"datePublished\":\"2023-09-17T19:19:42+00:00\",\"dateModified\":\"2023-09-17T19:19:44+00:00\",\"breadcrumb\":{\"@id\":\"https:\/\/appsaf.apieproject.com\/news\/fr\/2023\/09\/17\/myco-gastronomie-forestiere-la-mauricie-sinvite-a-montreal\/#breadcrumb\"},\"inLanguage\":\"fr-FR\",\"potentialAction\":[{\"@type\":\"ReadAction\",\"target\":[\"https:\/\/appsaf.apieproject.com\/news\/fr\/2023\/09\/17\/myco-gastronomie-forestiere-la-mauricie-sinvite-a-montreal\/\"]}]},{\"@type\":\"ImageObject\",\"inLanguage\":\"fr-FR\",\"@id\":\"https:\/\/appsaf.apieproject.com\/news\/fr\/2023\/09\/17\/myco-gastronomie-forestiere-la-mauricie-sinvite-a-montreal\/#primaryimage\",\"url\":\"https:\/\/appsaf.apieproject.com\/news\/wp-content\/uploads\/sites\/29\/2023\/09\/Capture-9e8cf4b319631a2a2893aa816826cbad.png\",\"contentUrl\":\"https:\/\/appsaf.apieproject.com\/news\/wp-content\/uploads\/sites\/29\/2023\/09\/Capture-9e8cf4b319631a2a2893aa816826cbad.png\",\"width\":741,\"height\":489},{\"@type\":\"BreadcrumbList\",\"@id\":\"https:\/\/appsaf.apieproject.com\/news\/fr\/2023\/09\/17\/myco-gastronomie-forestiere-la-mauricie-sinvite-a-montreal\/#breadcrumb\",\"itemListElement\":[{\"@type\":\"ListItem\",\"position\":1,\"name\":\"Home\",\"item\":\"https:\/\/appsaf.apieproject.com\/news\/fr\/home\/\"},{\"@type\":\"ListItem\",\"position\":2,\"name\":\"MYCO Gastronomie Foresti\u00e8re : La Mauricie s\u2019Invite A Montr\u00e9al\"}]},{\"@type\":\"WebSite\",\"@id\":\"https:\/\/appsaf.apieproject.com\/news\/#website\",\"url\":\"https:\/\/appsaf.apieproject.com\/news\/\",\"name\":\"APIE NEWS\",\"description\":\"PANAFRICANISM NEWS PORTAL\",\"publisher\":{\"@id\":\"https:\/\/appsaf.apieproject.com\/news\/#organization\"},\"potentialAction\":[{\"@type\":\"SearchAction\",\"target\":{\"@type\":\"EntryPoint\",\"urlTemplate\":\"https:\/\/appsaf.apieproject.com\/news\/?s={search_term_string}\"},\"query-input\":{\"@type\":\"PropertyValueSpecification\",\"valueRequired\":true,\"valueName\":\"search_term_string\"}}],\"inLanguage\":\"fr-FR\"},{\"@type\":\"Organization\",\"@id\":\"https:\/\/appsaf.apieproject.com\/news\/#organization\",\"name\":\"APIE PROJECT\",\"url\":\"https:\/\/appsaf.apieproject.com\/news\/\",\"logo\":{\"@type\":\"ImageObject\",\"inLanguage\":\"fr-FR\",\"@id\":\"https:\/\/appsaf.apieproject.com\/news\/#\/schema\/logo\/image\/\",\"url\":\"https:\/\/appsaf.apieproject.com\/news\/wp-content\/uploads\/sites\/29\/2022\/07\/logo-R-TransparentBackground.png\",\"contentUrl\":\"https:\/\/appsaf.apieproject.com\/news\/wp-content\/uploads\/sites\/29\/2022\/07\/logo-R-TransparentBackground.png\",\"width\":512,\"height\":512,\"caption\":\"APIE PROJECT\"},\"image\":{\"@id\":\"https:\/\/appsaf.apieproject.com\/news\/#\/schema\/logo\/image\/\"},\"sameAs\":[\"https:\/\/facebook.com\/apieproject\",\"https:\/\/x.com\/apieproject\"]},{\"@type\":\"Person\",\"@id\":\"https:\/\/appsaf.apieproject.com\/news\/#\/schema\/person\/399517cac378948cd7b39086f9ddc2a7\",\"name\":\"staff\",\"image\":{\"@type\":\"ImageObject\",\"inLanguage\":\"fr-FR\",\"@id\":\"https:\/\/appsaf.apieproject.com\/news\/#\/schema\/person\/image\/\",\"url\":\"https:\/\/secure.gravatar.com\/avatar\/5386283c5db150efe261184bd59f072a?s=96&d=mm&r=g\",\"contentUrl\":\"https:\/\/secure.gravatar.com\/avatar\/5386283c5db150efe261184bd59f072a?s=96&d=mm&r=g\",\"caption\":\"staff\"},\"url\":\"https:\/\/appsaf.apieproject.com\/news\/fr\/author\/staff\/\"}]}<\/script>\n<!-- \/ Yoast SEO plugin. -->","yoast_head_json":{"title":"MYCO Gastronomie Foresti\u00e8re : La Mauricie s\u2019Invite A Montr\u00e9al - APIE NEWS","robots":{"index":"index","follow":"follow","max-snippet":"max-snippet:-1","max-image-preview":"max-image-preview:large","max-video-preview":"max-video-preview:-1"},"canonical":"https:\/\/appsaf.apieproject.com\/news\/fr\/2023\/09\/17\/myco-gastronomie-forestiere-la-mauricie-sinvite-a-montreal\/","og_locale":"fr_FR","og_type":"article","og_title":"MYCO Gastronomie Foresti\u00e8re : La Mauricie s\u2019Invite A Montr\u00e9al - APIE NEWS","og_description":"Les produits comestibles de la for\u00eat mauricienne seront \u00e0 l\u2019honneur au restaurant de l\u2019Institut de tourisme et d\u2019h\u00f4tellerie du Qu\u00e9bec (ITHQ), \u00e0 Montr\u00e9al, du 19 au 23 septembre.","og_url":"https:\/\/appsaf.apieproject.com\/news\/fr\/2023\/09\/17\/myco-gastronomie-forestiere-la-mauricie-sinvite-a-montreal\/","og_site_name":"APIE NEWS","article_publisher":"https:\/\/facebook.com\/apieproject","article_published_time":"2023-09-17T19:19:42+00:00","article_modified_time":"2023-09-17T19:19:44+00:00","og_image":[{"width":741,"height":489,"url":"https:\/\/appsaf.apieproject.com\/news\/wp-content\/uploads\/sites\/29\/2023\/09\/Capture-9e8cf4b319631a2a2893aa816826cbad.png","type":"image\/png"}],"author":"staff","twitter_card":"summary_large_image","twitter_creator":"@apieproject","twitter_site":"@apieproject","twitter_misc":{"\u00c9crit par":"staff","Dur\u00e9e de lecture estim\u00e9e":"1 minute"},"schema":{"@context":"https:\/\/schema.org","@graph":[{"@type":"Article","@id":"https:\/\/appsaf.apieproject.com\/news\/fr\/2023\/09\/17\/myco-gastronomie-forestiere-la-mauricie-sinvite-a-montreal\/#article","isPartOf":{"@id":"https:\/\/appsaf.apieproject.com\/news\/fr\/2023\/09\/17\/myco-gastronomie-forestiere-la-mauricie-sinvite-a-montreal\/"},"author":{"name":"staff","@id":"https:\/\/appsaf.apieproject.com\/news\/#\/schema\/person\/399517cac378948cd7b39086f9ddc2a7"},"headline":"MYCO Gastronomie Foresti\u00e8re : La Mauricie s\u2019Invite A Montr\u00e9al","datePublished":"2023-09-17T19:19:42+00:00","dateModified":"2023-09-17T19:19:44+00:00","mainEntityOfPage":{"@id":"https:\/\/appsaf.apieproject.com\/news\/fr\/2023\/09\/17\/myco-gastronomie-forestiere-la-mauricie-sinvite-a-montreal\/"},"wordCount":214,"commentCount":0,"publisher":{"@id":"https:\/\/appsaf.apieproject.com\/news\/#organization"},"image":{"@id":"https:\/\/appsaf.apieproject.com\/news\/fr\/2023\/09\/17\/myco-gastronomie-forestiere-la-mauricie-sinvite-a-montreal\/#primaryimage"},"thumbnailUrl":"https:\/\/appsaf.apieproject.com\/news\/wp-content\/uploads\/sites\/29\/2023\/09\/Capture-9e8cf4b319631a2a2893aa816826cbad.png","keywords":["apie project","divertissement","mode de vie"],"articleSection":["Divertissement","Mode de Vie"],"inLanguage":"fr-FR","potentialAction":[{"@type":"CommentAction","name":"Comment","target":["https:\/\/appsaf.apieproject.com\/news\/fr\/2023\/09\/17\/myco-gastronomie-forestiere-la-mauricie-sinvite-a-montreal\/#respond"]}]},{"@type":"WebPage","@id":"https:\/\/appsaf.apieproject.com\/news\/fr\/2023\/09\/17\/myco-gastronomie-forestiere-la-mauricie-sinvite-a-montreal\/","url":"https:\/\/appsaf.apieproject.com\/news\/fr\/2023\/09\/17\/myco-gastronomie-forestiere-la-mauricie-sinvite-a-montreal\/","name":"MYCO Gastronomie Foresti\u00e8re : La Mauricie s\u2019Invite A Montr\u00e9al - APIE NEWS","isPartOf":{"@id":"https:\/\/appsaf.apieproject.com\/news\/#website"},"primaryImageOfPage":{"@id":"https:\/\/appsaf.apieproject.com\/news\/fr\/2023\/09\/17\/myco-gastronomie-forestiere-la-mauricie-sinvite-a-montreal\/#primaryimage"},"image":{"@id":"https:\/\/appsaf.apieproject.com\/news\/fr\/2023\/09\/17\/myco-gastronomie-forestiere-la-mauricie-sinvite-a-montreal\/#primaryimage"},"thumbnailUrl":"https:\/\/appsaf.apieproject.com\/news\/wp-content\/uploads\/sites\/29\/2023\/09\/Capture-9e8cf4b319631a2a2893aa816826cbad.png","datePublished":"2023-09-17T19:19:42+00:00","dateModified":"2023-09-17T19:19:44+00:00","breadcrumb":{"@id":"https:\/\/appsaf.apieproject.com\/news\/fr\/2023\/09\/17\/myco-gastronomie-forestiere-la-mauricie-sinvite-a-montreal\/#breadcrumb"},"inLanguage":"fr-FR","potentialAction":[{"@type":"ReadAction","target":["https:\/\/appsaf.apieproject.com\/news\/fr\/2023\/09\/17\/myco-gastronomie-forestiere-la-mauricie-sinvite-a-montreal\/"]}]},{"@type":"ImageObject","inLanguage":"fr-FR","@id":"https:\/\/appsaf.apieproject.com\/news\/fr\/2023\/09\/17\/myco-gastronomie-forestiere-la-mauricie-sinvite-a-montreal\/#primaryimage","url":"https:\/\/appsaf.apieproject.com\/news\/wp-content\/uploads\/sites\/29\/2023\/09\/Capture-9e8cf4b319631a2a2893aa816826cbad.png","contentUrl":"https:\/\/appsaf.apieproject.com\/news\/wp-content\/uploads\/sites\/29\/2023\/09\/Capture-9e8cf4b319631a2a2893aa816826cbad.png","width":741,"height":489},{"@type":"BreadcrumbList","@id":"https:\/\/appsaf.apieproject.com\/news\/fr\/2023\/09\/17\/myco-gastronomie-forestiere-la-mauricie-sinvite-a-montreal\/#breadcrumb","itemListElement":[{"@type":"ListItem","position":1,"name":"Home","item":"https:\/\/appsaf.apieproject.com\/news\/fr\/home\/"},{"@type":"ListItem","position":2,"name":"MYCO Gastronomie Foresti\u00e8re : La Mauricie s\u2019Invite A Montr\u00e9al"}]},{"@type":"WebSite","@id":"https:\/\/appsaf.apieproject.com\/news\/#website","url":"https:\/\/appsaf.apieproject.com\/news\/","name":"APIE NEWS","description":"PANAFRICANISM NEWS PORTAL","publisher":{"@id":"https:\/\/appsaf.apieproject.com\/news\/#organization"},"potentialAction":[{"@type":"SearchAction","target":{"@type":"EntryPoint","urlTemplate":"https:\/\/appsaf.apieproject.com\/news\/?s={search_term_string}"},"query-input":{"@type":"PropertyValueSpecification","valueRequired":true,"valueName":"search_term_string"}}],"inLanguage":"fr-FR"},{"@type":"Organization","@id":"https:\/\/appsaf.apieproject.com\/news\/#organization","name":"APIE PROJECT","url":"https:\/\/appsaf.apieproject.com\/news\/","logo":{"@type":"ImageObject","inLanguage":"fr-FR","@id":"https:\/\/appsaf.apieproject.com\/news\/#\/schema\/logo\/image\/","url":"https:\/\/appsaf.apieproject.com\/news\/wp-content\/uploads\/sites\/29\/2022\/07\/logo-R-TransparentBackground.png","contentUrl":"https:\/\/appsaf.apieproject.com\/news\/wp-content\/uploads\/sites\/29\/2022\/07\/logo-R-TransparentBackground.png","width":512,"height":512,"caption":"APIE PROJECT"},"image":{"@id":"https:\/\/appsaf.apieproject.com\/news\/#\/schema\/logo\/image\/"},"sameAs":["https:\/\/facebook.com\/apieproject","https:\/\/x.com\/apieproject"]},{"@type":"Person","@id":"https:\/\/appsaf.apieproject.com\/news\/#\/schema\/person\/399517cac378948cd7b39086f9ddc2a7","name":"staff","image":{"@type":"ImageObject","inLanguage":"fr-FR","@id":"https:\/\/appsaf.apieproject.com\/news\/#\/schema\/person\/image\/","url":"https:\/\/secure.gravatar.com\/avatar\/5386283c5db150efe261184bd59f072a?s=96&d=mm&r=g","contentUrl":"https:\/\/secure.gravatar.com\/avatar\/5386283c5db150efe261184bd59f072a?s=96&d=mm&r=g","caption":"staff"},"url":"https:\/\/appsaf.apieproject.com\/news\/fr\/author\/staff\/"}]}},"_links":{"self":[{"href":"https:\/\/appsaf.apieproject.com\/news\/fr\/wp-json\/wp\/v2\/posts\/33713","targetHints":{"allow":["GET"]}}],"collection":[{"href":"https:\/\/appsaf.apieproject.com\/news\/fr\/wp-json\/wp\/v2\/posts"}],"about":[{"href":"https:\/\/appsaf.apieproject.com\/news\/fr\/wp-json\/wp\/v2\/types\/post"}],"author":[{"embeddable":true,"href":"https:\/\/appsaf.apieproject.com\/news\/fr\/wp-json\/wp\/v2\/users\/12963"}],"replies":[{"embeddable":true,"href":"https:\/\/appsaf.apieproject.com\/news\/fr\/wp-json\/wp\/v2\/comments?post=33713"}],"version-history":[{"count":1,"href":"https:\/\/appsaf.apieproject.com\/news\/fr\/wp-json\/wp\/v2\/posts\/33713\/revisions"}],"predecessor-version":[{"id":33941,"href":"https:\/\/appsaf.apieproject.com\/news\/fr\/wp-json\/wp\/v2\/posts\/33713\/revisions\/33941"}],"wp:featuredmedia":[{"embeddable":true,"href":"https:\/\/appsaf.apieproject.com\/news\/fr\/wp-json\/wp\/v2\/media\/33710"}],"wp:attachment":[{"href":"https:\/\/appsaf.apieproject.com\/news\/fr\/wp-json\/wp\/v2\/media?parent=33713"}],"wp:term":[{"taxonomy":"category","embeddable":true,"href":"https:\/\/appsaf.apieproject.com\/news\/fr\/wp-json\/wp\/v2\/categories?post=33713"},{"taxonomy":"post_tag","embeddable":true,"href":"https:\/\/appsaf.apieproject.com\/news\/fr\/wp-json\/wp\/v2\/tags?post=33713"}],"curies":[{"name":"wp","href":"https:\/\/api.w.org\/{rel}","templated":true}]}}