{"id":33721,"date":"2023-09-17T19:24:31","date_gmt":"2023-09-17T19:24:31","guid":{"rendered":"https:\/\/appsaf.apieproject.com\/news\/?p=33721"},"modified":"2023-09-18T18:18:37","modified_gmt":"2023-09-18T18:18:37","slug":"lindsey-kamara-la-franco-ivoirienne-qui-vulgarise-la-gastronomie-africaine-au-maroc","status":"publish","type":"post","link":"https:\/\/appsaf.apieproject.com\/news\/fr\/2023\/09\/17\/lindsey-kamara-la-franco-ivoirienne-qui-vulgarise-la-gastronomie-africaine-au-maroc\/","title":{"rendered":"Lindsey Kamara, La Franco-Ivoirienne Qui Vulgarise La Gastronomie Africaine Au Maroc"},"content":{"rendered":"<p>Le go\u00fbt de la gastronomie africaine se r\u00e9pand au Maroc. M\u00e9connues par une grande majorit\u00e9 des Marocains il y a une dizaine d\u2019ann\u00e9es, ces saveurs d\u2019ailleurs s\u00e9duisent de plus en plus les papilles gustatives des consommateurs du Royaume. Au premier rang, les Subsahariens, mais aussi les marocains.<\/p>\n<p>Vulgariser davantage cette cuisine dans le Royaume, c\u2019est l\u2019ambition de Lindsey Kamara, une Franco-Ivoirienne de 38 ans. Premier mets de cette sp\u00e9cialiste de la communication digitale: l\u2019Afro Food Fest (AFF), un \u00e9v\u00e8nement co-organis\u00e9 en mai dernier 2023 avec Mohamed Berryane El Ouazzani, pr\u00e9sident de l\u2019Union marocaine des arts.<\/p>\n<p>\u00abJ\u2019ai eu l\u2019id\u00e9e, avec mon partenaire, d\u2019organiser la premi\u00e8re \u00e9dition de ce festival pour mettre en avant la culture africaine au Maroc \u00e0 travers la gastronomie. Au Maroc et en Afrique subsaharienne, on a cette m\u00eame vision de la cuisine articul\u00e9e autour du partage et de l\u2019\u00e9change. Nous avons estim\u00e9 que la gastronomie est un moyen simple et abordable pour conna\u00eetre la culture africaine\u00bb, explique-t-elle.<\/p>\n<p>Ce rendez-vous culinaire a \u00e9t\u00e9 marqu\u00e9 par l\u2019organisation d\u2019une conf\u00e9rence intitul\u00e9e \u00abL\u2019Afrofood business : enjeux et opportunit\u00e9s au Maroc\u00bb. Quatre intervenants travaillant dans la gastronomie africaine ont partag\u00e9 leurs exp\u00e9riences, l\u2019\u00e9tat des lieux du secteur, ainsi que les entraves qui freinent son d\u00e9veloppement au Maroc.<\/p>\n<p>Des entreprises qui font des produits \u00e0 base d\u2019ingr\u00e9dients africains y ont \u00e9galement particip\u00e9. \u00abA l\u2019heure du d\u00e9jeuner, nous avons d\u00e9gust\u00e9 le buffet compos\u00e9 d\u2019une dizaine de plats originaires de quatre pays d\u2019Afrique subsaharienne, \u00e0 savoir le S\u00e9n\u00e9gal, la C\u00f4te d\u2019Ivoire, le Gabon et le Cameroun. Les participants et les intervenants de l\u2019AFF ont pu d\u00e9guster les diff\u00e9rents mets sur place\u00bb, raconte Lindsey Kamara.<\/p>\n<p>Interrog\u00e9e sur l\u2019engouement grandissant pour la gastronomie africaine au Maroc, l\u2019entrepreneure \u00e9tablie dans le Royaume depuis 2018 cite deux principaux facteurs: les \u00e9tudiants subsahariens (estim\u00e9s \u00e0 environ 20.000 actuellement), qui arrivent massivement au Maroc pour y poursuivre leurs \u00e9tudes, et les nombreux cadres subsahariens r\u00e9sidant au Maroc et qui privil\u00e9gient cette gastronomie.<\/p>\n<p>\u00abCes deux cat\u00e9gories arrivent dans le Royaume avec leurs traditions, leurs cultures, et leurs go\u00fbts culinaires. Cela cr\u00e9e des opportunit\u00e9s pour ce secteur et un engouement autour de ces cuisines qui \u00e9taient quasiment inconnues au Maroc\u00bb, explique notre interlocutrice.<\/p>\n<p>Les Marocains aussi, friands de cuisine africaine<\/p>\n<p>Les jeunes Subsahariens sont d\u2019ailleurs les promoteurs par excellence de cette gastronomie. En tissant des liens d\u2019amiti\u00e9 avec leurs amis marocains, ils leur ont fait d\u00e9couvrir cette cuisine et certains ont \u00e9t\u00e9 conquis. \u00abJe connais beaucoup de jeunes Marocains friands de cette nourriture, qui adorent l\u2019alloco et l\u2019atti\u00e9k\u00e9 (plats ivoiriens), \u00e0 travers leurs camarades de classe.\u00bb<\/p>\n<p>D\u2019apr\u00e8s Lindsey Kamara, il y a \u00e9galement de nombreux Marocains qui ont v\u00e9cu au S\u00e9n\u00e9gal, en C\u00f4te d\u2019Ivoire, ou dans d\u2019autres pays d\u2019Afrique subsaharienne, et qui reviennent au Maroc avec cette double culture. \u00abIl existe \u00e9galement beaucoup d\u2019hommes d\u2019affaires marocains qui travaillent avec des pays d\u2019Afrique subsaharienne, comme le propri\u00e9taire du restaurant \u201cBambou d\u2019Afrique\u201d, M. Jamal Bennani. Autant de facteurs qui encouragent la consommation des cuisines subsahariennes au Maroc\u00bb, ajoute-t-elle.<\/p>\n<p>Avant de concocter ses mets, il faut \u00e9videmment rassembler les ingr\u00e9dients n\u00e9cessaires, des produits dont l\u2019importation n\u2019est pas chose ais\u00e9e. \u00abLe principal frein, c\u2019est le manque d\u2019organisation et d\u2019un \u00e9cosyst\u00e8me solide qui pourraient faciliter l\u2019acheminement de ces produits vers le Royaume\u00bb, constate Lindsey Kamara. \u00abC\u2019est un march\u00e9 encore balbutiant qu\u2019il faut structurer davantage. J\u2019invite d\u2019ailleurs les industriels marocains de la bouche \u00e0 s\u2019int\u00e9resser davantage \u00e0 ce secteur qui a un avenir prometteur au Maroc dans le pays.\u00bb<\/p>\n<p>Apr\u00e8s le premier jet, Lindsey Kamara se projette d\u00e9j\u00e0 sur la deuxi\u00e8me \u00e9dition de l\u2019Afro Food Fest. \u00abNous sommes en train de r\u00e9fl\u00e9chir sur l\u2019organisation de la deuxi\u00e8me \u00e9dition, sous forme de festival itin\u00e9rant dans plusieurs villes comme Marrakech, Rabat, Tanger, Essaouira&#8230;\u00bb, confie la communicante, qui travaille parall\u00e8lement sur un projet personnel: la cr\u00e9ation d\u2019un restaurant sp\u00e9cialis\u00e9 dans la gastronomie africaine au Maroc.<\/p>\n","protected":false},"excerpt":{"rendered":"<p>Plusieurs ressortissants subsahariens s\u2019activent dans divers domaines au Maroc. A travers cette s\u00e9rie de reportages estivale, Le360 vous fait d\u00e9couvrir ceux d\u2019entre eux qui op\u00e8rent dans le tourisme, l\u2019h\u00f4tellerie, le divertissement et la gastronomie. Pour ce deuxi\u00e8me \u00e9pisode, nous rencontrons Lindsey Kamara, une Franco-Ivoirienne sp\u00e9cialis\u00e9e dans la gastronomie africaine, une cuisine qui attire non seulement les r\u00e9sidents subsahariens, mais aussi les Marocains. Bonne d\u00e9gustation!<\/p>\n","protected":false},"author":12963,"featured_media":33718,"comment_status":"open","ping_status":"open","sticky":false,"template":"","format":"standard","meta":{"footnotes":""},"categories":[55,63,59],"tags":[78,88,94],"class_list":{"0":"post-33721","1":"post","2":"type-post","3":"status-publish","4":"format-standard","5":"has-post-thumbnail","7":"category-divertissement","8":"category-mode-de-vie","9":"category-speciaux","10":"tag-apie-project-2","11":"tag-divertissement","12":"tag-mode-de-vie"},"yoast_head":"<!-- This site is optimized with the Yoast SEO plugin v24.4 - https:\/\/yoast.com\/wordpress\/plugins\/seo\/ -->\n<title>Lindsey Kamara, La Franco-Ivoirienne Qui Vulgarise La Gastronomie Africaine Au Maroc - APIE NEWS<\/title>\n<meta name=\"robots\" content=\"index, follow, max-snippet:-1, max-image-preview:large, max-video-preview:-1\" \/>\n<link rel=\"canonical\" href=\"https:\/\/appsaf.apieproject.com\/news\/fr\/2023\/09\/17\/lindsey-kamara-la-franco-ivoirienne-qui-vulgarise-la-gastronomie-africaine-au-maroc\/\" \/>\n<meta property=\"og:locale\" content=\"fr_FR\" \/>\n<meta property=\"og:type\" content=\"article\" \/>\n<meta property=\"og:title\" content=\"Lindsey Kamara, La Franco-Ivoirienne Qui Vulgarise La Gastronomie Africaine Au Maroc - APIE NEWS\" \/>\n<meta property=\"og:description\" content=\"Plusieurs ressortissants subsahariens s\u2019activent dans divers domaines au Maroc. A travers cette s\u00e9rie de reportages estivale, Le360 vous fait d\u00e9couvrir ceux d\u2019entre eux qui op\u00e8rent dans le tourisme, l\u2019h\u00f4tellerie, le divertissement et la gastronomie. Pour ce deuxi\u00e8me \u00e9pisode, nous rencontrons Lindsey Kamara, une Franco-Ivoirienne sp\u00e9cialis\u00e9e dans la gastronomie africaine, une cuisine qui attire non seulement les r\u00e9sidents subsahariens, mais aussi les Marocains. Bonne d\u00e9gustation!\" \/>\n<meta property=\"og:url\" content=\"https:\/\/appsaf.apieproject.com\/news\/fr\/2023\/09\/17\/lindsey-kamara-la-franco-ivoirienne-qui-vulgarise-la-gastronomie-africaine-au-maroc\/\" \/>\n<meta property=\"og:site_name\" content=\"APIE NEWS\" \/>\n<meta property=\"article:publisher\" content=\"https:\/\/facebook.com\/apieproject\" \/>\n<meta property=\"article:published_time\" content=\"2023-09-17T19:24:31+00:00\" \/>\n<meta property=\"article:modified_time\" content=\"2023-09-18T18:18:37+00:00\" \/>\n<meta property=\"og:image\" content=\"https:\/\/appsaf.apieproject.com\/news\/wp-content\/uploads\/sites\/29\/2023\/09\/Capture-8e883e5a9a5a8ffee2e05220af6fe8f5.png\" \/>\n\t<meta property=\"og:image:width\" content=\"896\" \/>\n\t<meta property=\"og:image:height\" content=\"507\" \/>\n\t<meta property=\"og:image:type\" content=\"image\/png\" \/>\n<meta name=\"author\" content=\"staff\" \/>\n<meta name=\"twitter:card\" content=\"summary_large_image\" \/>\n<meta name=\"twitter:creator\" content=\"@apieproject\" \/>\n<meta name=\"twitter:site\" content=\"@apieproject\" \/>\n<meta name=\"twitter:label1\" content=\"\u00c9crit par\" \/>\n\t<meta name=\"twitter:data1\" content=\"staff\" \/>\n\t<meta name=\"twitter:label2\" content=\"Dur\u00e9e de lecture estim\u00e9e\" \/>\n\t<meta name=\"twitter:data2\" content=\"4 minutes\" \/>\n<script type=\"application\/ld+json\" class=\"yoast-schema-graph\">{\"@context\":\"https:\/\/schema.org\",\"@graph\":[{\"@type\":\"Article\",\"@id\":\"https:\/\/appsaf.apieproject.com\/news\/fr\/2023\/09\/17\/lindsey-kamara-la-franco-ivoirienne-qui-vulgarise-la-gastronomie-africaine-au-maroc\/#article\",\"isPartOf\":{\"@id\":\"https:\/\/appsaf.apieproject.com\/news\/fr\/2023\/09\/17\/lindsey-kamara-la-franco-ivoirienne-qui-vulgarise-la-gastronomie-africaine-au-maroc\/\"},\"author\":{\"name\":\"staff\",\"@id\":\"https:\/\/appsaf.apieproject.com\/news\/#\/schema\/person\/399517cac378948cd7b39086f9ddc2a7\"},\"headline\":\"Lindsey Kamara, La Franco-Ivoirienne Qui Vulgarise La Gastronomie Africaine Au Maroc\",\"datePublished\":\"2023-09-17T19:24:31+00:00\",\"dateModified\":\"2023-09-18T18:18:37+00:00\",\"mainEntityOfPage\":{\"@id\":\"https:\/\/appsaf.apieproject.com\/news\/fr\/2023\/09\/17\/lindsey-kamara-la-franco-ivoirienne-qui-vulgarise-la-gastronomie-africaine-au-maroc\/\"},\"wordCount\":737,\"commentCount\":0,\"publisher\":{\"@id\":\"https:\/\/appsaf.apieproject.com\/news\/#organization\"},\"image\":{\"@id\":\"https:\/\/appsaf.apieproject.com\/news\/fr\/2023\/09\/17\/lindsey-kamara-la-franco-ivoirienne-qui-vulgarise-la-gastronomie-africaine-au-maroc\/#primaryimage\"},\"thumbnailUrl\":\"https:\/\/appsaf.apieproject.com\/news\/wp-content\/uploads\/sites\/29\/2023\/09\/Capture-8e883e5a9a5a8ffee2e05220af6fe8f5.png\",\"keywords\":[\"apie project\",\"divertissement\",\"mode de vie\"],\"articleSection\":[\"Divertissement\",\"Mode de Vie\",\"Sp\u00e9ciaux\"],\"inLanguage\":\"fr-FR\",\"potentialAction\":[{\"@type\":\"CommentAction\",\"name\":\"Comment\",\"target\":[\"https:\/\/appsaf.apieproject.com\/news\/fr\/2023\/09\/17\/lindsey-kamara-la-franco-ivoirienne-qui-vulgarise-la-gastronomie-africaine-au-maroc\/#respond\"]}]},{\"@type\":\"WebPage\",\"@id\":\"https:\/\/appsaf.apieproject.com\/news\/fr\/2023\/09\/17\/lindsey-kamara-la-franco-ivoirienne-qui-vulgarise-la-gastronomie-africaine-au-maroc\/\",\"url\":\"https:\/\/appsaf.apieproject.com\/news\/fr\/2023\/09\/17\/lindsey-kamara-la-franco-ivoirienne-qui-vulgarise-la-gastronomie-africaine-au-maroc\/\",\"name\":\"Lindsey Kamara, La Franco-Ivoirienne Qui Vulgarise La Gastronomie Africaine Au Maroc - APIE NEWS\",\"isPartOf\":{\"@id\":\"https:\/\/appsaf.apieproject.com\/news\/#website\"},\"primaryImageOfPage\":{\"@id\":\"https:\/\/appsaf.apieproject.com\/news\/fr\/2023\/09\/17\/lindsey-kamara-la-franco-ivoirienne-qui-vulgarise-la-gastronomie-africaine-au-maroc\/#primaryimage\"},\"image\":{\"@id\":\"https:\/\/appsaf.apieproject.com\/news\/fr\/2023\/09\/17\/lindsey-kamara-la-franco-ivoirienne-qui-vulgarise-la-gastronomie-africaine-au-maroc\/#primaryimage\"},\"thumbnailUrl\":\"https:\/\/appsaf.apieproject.com\/news\/wp-content\/uploads\/sites\/29\/2023\/09\/Capture-8e883e5a9a5a8ffee2e05220af6fe8f5.png\",\"datePublished\":\"2023-09-17T19:24:31+00:00\",\"dateModified\":\"2023-09-18T18:18:37+00:00\",\"breadcrumb\":{\"@id\":\"https:\/\/appsaf.apieproject.com\/news\/fr\/2023\/09\/17\/lindsey-kamara-la-franco-ivoirienne-qui-vulgarise-la-gastronomie-africaine-au-maroc\/#breadcrumb\"},\"inLanguage\":\"fr-FR\",\"potentialAction\":[{\"@type\":\"ReadAction\",\"target\":[\"https:\/\/appsaf.apieproject.com\/news\/fr\/2023\/09\/17\/lindsey-kamara-la-franco-ivoirienne-qui-vulgarise-la-gastronomie-africaine-au-maroc\/\"]}]},{\"@type\":\"ImageObject\",\"inLanguage\":\"fr-FR\",\"@id\":\"https:\/\/appsaf.apieproject.com\/news\/fr\/2023\/09\/17\/lindsey-kamara-la-franco-ivoirienne-qui-vulgarise-la-gastronomie-africaine-au-maroc\/#primaryimage\",\"url\":\"https:\/\/appsaf.apieproject.com\/news\/wp-content\/uploads\/sites\/29\/2023\/09\/Capture-8e883e5a9a5a8ffee2e05220af6fe8f5.png\",\"contentUrl\":\"https:\/\/appsaf.apieproject.com\/news\/wp-content\/uploads\/sites\/29\/2023\/09\/Capture-8e883e5a9a5a8ffee2e05220af6fe8f5.png\",\"width\":896,\"height\":507},{\"@type\":\"BreadcrumbList\",\"@id\":\"https:\/\/appsaf.apieproject.com\/news\/fr\/2023\/09\/17\/lindsey-kamara-la-franco-ivoirienne-qui-vulgarise-la-gastronomie-africaine-au-maroc\/#breadcrumb\",\"itemListElement\":[{\"@type\":\"ListItem\",\"position\":1,\"name\":\"Home\",\"item\":\"https:\/\/appsaf.apieproject.com\/news\/fr\/home\/\"},{\"@type\":\"ListItem\",\"position\":2,\"name\":\"Lindsey Kamara, La Franco-Ivoirienne Qui Vulgarise La Gastronomie Africaine Au Maroc\"}]},{\"@type\":\"WebSite\",\"@id\":\"https:\/\/appsaf.apieproject.com\/news\/#website\",\"url\":\"https:\/\/appsaf.apieproject.com\/news\/\",\"name\":\"APIE NEWS\",\"description\":\"PANAFRICANISM NEWS PORTAL\",\"publisher\":{\"@id\":\"https:\/\/appsaf.apieproject.com\/news\/#organization\"},\"potentialAction\":[{\"@type\":\"SearchAction\",\"target\":{\"@type\":\"EntryPoint\",\"urlTemplate\":\"https:\/\/appsaf.apieproject.com\/news\/?s={search_term_string}\"},\"query-input\":{\"@type\":\"PropertyValueSpecification\",\"valueRequired\":true,\"valueName\":\"search_term_string\"}}],\"inLanguage\":\"fr-FR\"},{\"@type\":\"Organization\",\"@id\":\"https:\/\/appsaf.apieproject.com\/news\/#organization\",\"name\":\"APIE PROJECT\",\"url\":\"https:\/\/appsaf.apieproject.com\/news\/\",\"logo\":{\"@type\":\"ImageObject\",\"inLanguage\":\"fr-FR\",\"@id\":\"https:\/\/appsaf.apieproject.com\/news\/#\/schema\/logo\/image\/\",\"url\":\"https:\/\/appsaf.apieproject.com\/news\/wp-content\/uploads\/sites\/29\/2022\/07\/logo-R-TransparentBackground.png\",\"contentUrl\":\"https:\/\/appsaf.apieproject.com\/news\/wp-content\/uploads\/sites\/29\/2022\/07\/logo-R-TransparentBackground.png\",\"width\":512,\"height\":512,\"caption\":\"APIE PROJECT\"},\"image\":{\"@id\":\"https:\/\/appsaf.apieproject.com\/news\/#\/schema\/logo\/image\/\"},\"sameAs\":[\"https:\/\/facebook.com\/apieproject\",\"https:\/\/x.com\/apieproject\"]},{\"@type\":\"Person\",\"@id\":\"https:\/\/appsaf.apieproject.com\/news\/#\/schema\/person\/399517cac378948cd7b39086f9ddc2a7\",\"name\":\"staff\",\"image\":{\"@type\":\"ImageObject\",\"inLanguage\":\"fr-FR\",\"@id\":\"https:\/\/appsaf.apieproject.com\/news\/#\/schema\/person\/image\/\",\"url\":\"https:\/\/secure.gravatar.com\/avatar\/5386283c5db150efe261184bd59f072a?s=96&d=mm&r=g\",\"contentUrl\":\"https:\/\/secure.gravatar.com\/avatar\/5386283c5db150efe261184bd59f072a?s=96&d=mm&r=g\",\"caption\":\"staff\"},\"url\":\"https:\/\/appsaf.apieproject.com\/news\/fr\/author\/staff\/\"}]}<\/script>\n<!-- \/ Yoast SEO plugin. -->","yoast_head_json":{"title":"Lindsey Kamara, La Franco-Ivoirienne Qui Vulgarise La Gastronomie Africaine Au Maroc - APIE NEWS","robots":{"index":"index","follow":"follow","max-snippet":"max-snippet:-1","max-image-preview":"max-image-preview:large","max-video-preview":"max-video-preview:-1"},"canonical":"https:\/\/appsaf.apieproject.com\/news\/fr\/2023\/09\/17\/lindsey-kamara-la-franco-ivoirienne-qui-vulgarise-la-gastronomie-africaine-au-maroc\/","og_locale":"fr_FR","og_type":"article","og_title":"Lindsey Kamara, La Franco-Ivoirienne Qui Vulgarise La Gastronomie Africaine Au Maroc - APIE NEWS","og_description":"Plusieurs ressortissants subsahariens s\u2019activent dans divers domaines au Maroc. A travers cette s\u00e9rie de reportages estivale, Le360 vous fait d\u00e9couvrir ceux d\u2019entre eux qui op\u00e8rent dans le tourisme, l\u2019h\u00f4tellerie, le divertissement et la gastronomie. Pour ce deuxi\u00e8me \u00e9pisode, nous rencontrons Lindsey Kamara, une Franco-Ivoirienne sp\u00e9cialis\u00e9e dans la gastronomie africaine, une cuisine qui attire non seulement les r\u00e9sidents subsahariens, mais aussi les Marocains. Bonne d\u00e9gustation!","og_url":"https:\/\/appsaf.apieproject.com\/news\/fr\/2023\/09\/17\/lindsey-kamara-la-franco-ivoirienne-qui-vulgarise-la-gastronomie-africaine-au-maroc\/","og_site_name":"APIE NEWS","article_publisher":"https:\/\/facebook.com\/apieproject","article_published_time":"2023-09-17T19:24:31+00:00","article_modified_time":"2023-09-18T18:18:37+00:00","og_image":[{"width":896,"height":507,"url":"https:\/\/appsaf.apieproject.com\/news\/wp-content\/uploads\/sites\/29\/2023\/09\/Capture-8e883e5a9a5a8ffee2e05220af6fe8f5.png","type":"image\/png"}],"author":"staff","twitter_card":"summary_large_image","twitter_creator":"@apieproject","twitter_site":"@apieproject","twitter_misc":{"\u00c9crit par":"staff","Dur\u00e9e de lecture estim\u00e9e":"4 minutes"},"schema":{"@context":"https:\/\/schema.org","@graph":[{"@type":"Article","@id":"https:\/\/appsaf.apieproject.com\/news\/fr\/2023\/09\/17\/lindsey-kamara-la-franco-ivoirienne-qui-vulgarise-la-gastronomie-africaine-au-maroc\/#article","isPartOf":{"@id":"https:\/\/appsaf.apieproject.com\/news\/fr\/2023\/09\/17\/lindsey-kamara-la-franco-ivoirienne-qui-vulgarise-la-gastronomie-africaine-au-maroc\/"},"author":{"name":"staff","@id":"https:\/\/appsaf.apieproject.com\/news\/#\/schema\/person\/399517cac378948cd7b39086f9ddc2a7"},"headline":"Lindsey Kamara, La Franco-Ivoirienne Qui Vulgarise La Gastronomie Africaine Au Maroc","datePublished":"2023-09-17T19:24:31+00:00","dateModified":"2023-09-18T18:18:37+00:00","mainEntityOfPage":{"@id":"https:\/\/appsaf.apieproject.com\/news\/fr\/2023\/09\/17\/lindsey-kamara-la-franco-ivoirienne-qui-vulgarise-la-gastronomie-africaine-au-maroc\/"},"wordCount":737,"commentCount":0,"publisher":{"@id":"https:\/\/appsaf.apieproject.com\/news\/#organization"},"image":{"@id":"https:\/\/appsaf.apieproject.com\/news\/fr\/2023\/09\/17\/lindsey-kamara-la-franco-ivoirienne-qui-vulgarise-la-gastronomie-africaine-au-maroc\/#primaryimage"},"thumbnailUrl":"https:\/\/appsaf.apieproject.com\/news\/wp-content\/uploads\/sites\/29\/2023\/09\/Capture-8e883e5a9a5a8ffee2e05220af6fe8f5.png","keywords":["apie project","divertissement","mode de vie"],"articleSection":["Divertissement","Mode de Vie","Sp\u00e9ciaux"],"inLanguage":"fr-FR","potentialAction":[{"@type":"CommentAction","name":"Comment","target":["https:\/\/appsaf.apieproject.com\/news\/fr\/2023\/09\/17\/lindsey-kamara-la-franco-ivoirienne-qui-vulgarise-la-gastronomie-africaine-au-maroc\/#respond"]}]},{"@type":"WebPage","@id":"https:\/\/appsaf.apieproject.com\/news\/fr\/2023\/09\/17\/lindsey-kamara-la-franco-ivoirienne-qui-vulgarise-la-gastronomie-africaine-au-maroc\/","url":"https:\/\/appsaf.apieproject.com\/news\/fr\/2023\/09\/17\/lindsey-kamara-la-franco-ivoirienne-qui-vulgarise-la-gastronomie-africaine-au-maroc\/","name":"Lindsey Kamara, La Franco-Ivoirienne Qui Vulgarise La Gastronomie Africaine Au Maroc - APIE NEWS","isPartOf":{"@id":"https:\/\/appsaf.apieproject.com\/news\/#website"},"primaryImageOfPage":{"@id":"https:\/\/appsaf.apieproject.com\/news\/fr\/2023\/09\/17\/lindsey-kamara-la-franco-ivoirienne-qui-vulgarise-la-gastronomie-africaine-au-maroc\/#primaryimage"},"image":{"@id":"https:\/\/appsaf.apieproject.com\/news\/fr\/2023\/09\/17\/lindsey-kamara-la-franco-ivoirienne-qui-vulgarise-la-gastronomie-africaine-au-maroc\/#primaryimage"},"thumbnailUrl":"https:\/\/appsaf.apieproject.com\/news\/wp-content\/uploads\/sites\/29\/2023\/09\/Capture-8e883e5a9a5a8ffee2e05220af6fe8f5.png","datePublished":"2023-09-17T19:24:31+00:00","dateModified":"2023-09-18T18:18:37+00:00","breadcrumb":{"@id":"https:\/\/appsaf.apieproject.com\/news\/fr\/2023\/09\/17\/lindsey-kamara-la-franco-ivoirienne-qui-vulgarise-la-gastronomie-africaine-au-maroc\/#breadcrumb"},"inLanguage":"fr-FR","potentialAction":[{"@type":"ReadAction","target":["https:\/\/appsaf.apieproject.com\/news\/fr\/2023\/09\/17\/lindsey-kamara-la-franco-ivoirienne-qui-vulgarise-la-gastronomie-africaine-au-maroc\/"]}]},{"@type":"ImageObject","inLanguage":"fr-FR","@id":"https:\/\/appsaf.apieproject.com\/news\/fr\/2023\/09\/17\/lindsey-kamara-la-franco-ivoirienne-qui-vulgarise-la-gastronomie-africaine-au-maroc\/#primaryimage","url":"https:\/\/appsaf.apieproject.com\/news\/wp-content\/uploads\/sites\/29\/2023\/09\/Capture-8e883e5a9a5a8ffee2e05220af6fe8f5.png","contentUrl":"https:\/\/appsaf.apieproject.com\/news\/wp-content\/uploads\/sites\/29\/2023\/09\/Capture-8e883e5a9a5a8ffee2e05220af6fe8f5.png","width":896,"height":507},{"@type":"BreadcrumbList","@id":"https:\/\/appsaf.apieproject.com\/news\/fr\/2023\/09\/17\/lindsey-kamara-la-franco-ivoirienne-qui-vulgarise-la-gastronomie-africaine-au-maroc\/#breadcrumb","itemListElement":[{"@type":"ListItem","position":1,"name":"Home","item":"https:\/\/appsaf.apieproject.com\/news\/fr\/home\/"},{"@type":"ListItem","position":2,"name":"Lindsey Kamara, La Franco-Ivoirienne Qui Vulgarise La Gastronomie Africaine Au Maroc"}]},{"@type":"WebSite","@id":"https:\/\/appsaf.apieproject.com\/news\/#website","url":"https:\/\/appsaf.apieproject.com\/news\/","name":"APIE NEWS","description":"PANAFRICANISM NEWS PORTAL","publisher":{"@id":"https:\/\/appsaf.apieproject.com\/news\/#organization"},"potentialAction":[{"@type":"SearchAction","target":{"@type":"EntryPoint","urlTemplate":"https:\/\/appsaf.apieproject.com\/news\/?s={search_term_string}"},"query-input":{"@type":"PropertyValueSpecification","valueRequired":true,"valueName":"search_term_string"}}],"inLanguage":"fr-FR"},{"@type":"Organization","@id":"https:\/\/appsaf.apieproject.com\/news\/#organization","name":"APIE PROJECT","url":"https:\/\/appsaf.apieproject.com\/news\/","logo":{"@type":"ImageObject","inLanguage":"fr-FR","@id":"https:\/\/appsaf.apieproject.com\/news\/#\/schema\/logo\/image\/","url":"https:\/\/appsaf.apieproject.com\/news\/wp-content\/uploads\/sites\/29\/2022\/07\/logo-R-TransparentBackground.png","contentUrl":"https:\/\/appsaf.apieproject.com\/news\/wp-content\/uploads\/sites\/29\/2022\/07\/logo-R-TransparentBackground.png","width":512,"height":512,"caption":"APIE PROJECT"},"image":{"@id":"https:\/\/appsaf.apieproject.com\/news\/#\/schema\/logo\/image\/"},"sameAs":["https:\/\/facebook.com\/apieproject","https:\/\/x.com\/apieproject"]},{"@type":"Person","@id":"https:\/\/appsaf.apieproject.com\/news\/#\/schema\/person\/399517cac378948cd7b39086f9ddc2a7","name":"staff","image":{"@type":"ImageObject","inLanguage":"fr-FR","@id":"https:\/\/appsaf.apieproject.com\/news\/#\/schema\/person\/image\/","url":"https:\/\/secure.gravatar.com\/avatar\/5386283c5db150efe261184bd59f072a?s=96&d=mm&r=g","contentUrl":"https:\/\/secure.gravatar.com\/avatar\/5386283c5db150efe261184bd59f072a?s=96&d=mm&r=g","caption":"staff"},"url":"https:\/\/appsaf.apieproject.com\/news\/fr\/author\/staff\/"}]}},"_links":{"self":[{"href":"https:\/\/appsaf.apieproject.com\/news\/fr\/wp-json\/wp\/v2\/posts\/33721","targetHints":{"allow":["GET"]}}],"collection":[{"href":"https:\/\/appsaf.apieproject.com\/news\/fr\/wp-json\/wp\/v2\/posts"}],"about":[{"href":"https:\/\/appsaf.apieproject.com\/news\/fr\/wp-json\/wp\/v2\/types\/post"}],"author":[{"embeddable":true,"href":"https:\/\/appsaf.apieproject.com\/news\/fr\/wp-json\/wp\/v2\/users\/12963"}],"replies":[{"embeddable":true,"href":"https:\/\/appsaf.apieproject.com\/news\/fr\/wp-json\/wp\/v2\/comments?post=33721"}],"version-history":[{"count":1,"href":"https:\/\/appsaf.apieproject.com\/news\/fr\/wp-json\/wp\/v2\/posts\/33721\/revisions"}],"predecessor-version":[{"id":33945,"href":"https:\/\/appsaf.apieproject.com\/news\/fr\/wp-json\/wp\/v2\/posts\/33721\/revisions\/33945"}],"wp:featuredmedia":[{"embeddable":true,"href":"https:\/\/appsaf.apieproject.com\/news\/fr\/wp-json\/wp\/v2\/media\/33718"}],"wp:attachment":[{"href":"https:\/\/appsaf.apieproject.com\/news\/fr\/wp-json\/wp\/v2\/media?parent=33721"}],"wp:term":[{"taxonomy":"category","embeddable":true,"href":"https:\/\/appsaf.apieproject.com\/news\/fr\/wp-json\/wp\/v2\/categories?post=33721"},{"taxonomy":"post_tag","embeddable":true,"href":"https:\/\/appsaf.apieproject.com\/news\/fr\/wp-json\/wp\/v2\/tags?post=33721"}],"curies":[{"name":"wp","href":"https:\/\/api.w.org\/{rel}","templated":true}]}}