{"id":34462,"date":"2023-10-30T12:39:41","date_gmt":"2023-10-30T12:39:41","guid":{"rendered":"https:\/\/appsaf.apieproject.com\/news\/?p=34462"},"modified":"2023-10-30T12:39:45","modified_gmt":"2023-10-30T12:39:45","slug":"au-senegal-ousmane-sonko-reprend-sa-greve-de-la-faim","status":"publish","type":"post","link":"https:\/\/appsaf.apieproject.com\/news\/fr\/2023\/10\/30\/au-senegal-ousmane-sonko-reprend-sa-greve-de-la-faim\/","title":{"rendered":"Au S\u00e9n\u00e9gal, Ousmane Sonko Reprend Sa Gr\u00e8ve De La Faim"},"content":{"rendered":"<p>L\u2019opposant s\u00e9n\u00e9galais Ousmane Sonko, d\u00e9tenu depuis fin juillet sous divers chefs d\u2019inculpation dont appel \u00e0 l\u2019insurrection, a annonc\u00e9 reprendre sa gr\u00e8ve de la faim qu\u2019il avait arr\u00eat\u00e9e d\u00e9but septembre.<\/p>\n<p>Candidat \u00e0 la pr\u00e9sidentielle de f\u00e9vrier 2024, l\u2019opposant de 49 ans, arriv\u00e9 troisi\u00e8me \u00e0 la pr\u00e9sidentielle de 2019, accuse le pr\u00e9sident Macky Sall, qui s\u2019en d\u00e9fend, de vouloir l\u2019\u00e9carter du scrutin par des proc\u00e9dures judiciaires. \u00ab Nous ne pouvons que recourir aux moyens de r\u00e9sistance que notre situation actuelle permet. C\u2019est pourquoi j\u2019ai d\u00e9cid\u00e9 de reprendre ma gr\u00e8ve de la faim \u00bb, a d\u00e9clar\u00e9 Sonko sur sa page Facebook et X.<\/p>\n<p>L\u2019homme politique veut par cette d\u00e9cision marquer sa \u00ab solidarit\u00e9 \u00bb avec les autres militants \u00ab injustement arr\u00eat\u00e9s pour avoir exprim\u00e9 leurs opinions politiques \u00bb, d\u00e9tenus, et aujourd\u2019hui priv\u00e9s pour certains \u00ab de tout contact avec leurs proches \u00bb pour avoir men\u00e9 une gr\u00e8ve de la faim. Il souhaite aussi \u00ab protester contre (sa) d\u00e9tention arbitraire et \u00e9lectoraliste, et celle de centaines de patriotes, et en exiger la fin \u00bb, \u00e9crit-il dans son message.<\/p>\n<p>Feuilleton judiciaire<br \/>\nLe 13 octobre, un magistrat d\u2019un tribunal d\u2019instance de Ziguinchor a ordonn\u00e9 que Sonko soit r\u00e9tabli sur les listes \u00e9lectorales dont il a \u00e9t\u00e9 radi\u00e9, ouvrant une nouvelle page dans le feuilleton judiciaire qui l\u2019oppose \u00e0 l\u2019\u00c9tat et tient le S\u00e9n\u00e9gal en haleine depuis deux ans et demi.<\/p>\n<p>Ce r\u00e9tablissement lui permettrait a priori d\u2019esp\u00e9rer concourir \u00e0 la pr\u00e9sidentielle. Mais sa candidature est encore loin d\u2019\u00eatre garantie. Apr\u00e8s une condamnation pour diffamation contre un ministre, Ousmane Sonko a \u00e9t\u00e9 d\u00e9clar\u00e9 coupable le 1er juin \u00ab corruption de la jeunesse \u00bb et condamn\u00e9 \u00e0 deux ans de prison ferme. Ayant refus\u00e9 de se pr\u00e9senter au proc\u00e8s, il a \u00e9t\u00e9 condamn\u00e9 par contumace puis radi\u00e9 des listes.<\/p>\n<p>Il a \u00e9t\u00e9 \u00e9crou\u00e9 fin juillet sous d\u2019autres chefs d\u2019inculpation, dont appel \u00e0 l\u2019insurrection, association de malfaiteurs en lien avec une entreprise terroriste et atteinte \u00e0 la s\u00fbret\u00e9 de l\u2019\u00c9tat. Il avait entam\u00e9 une gr\u00e8ve de la faim qu\u2019il avait, selon ses proches, termin\u00e9 le 2 septembre pour r\u00e9pondre aux appels \u00e9manant notamment de chefs religieux tr\u00e8s influents au S\u00e9n\u00e9gal, apr\u00e8s avoir \u00e9t\u00e9 admis en service de r\u00e9animation dans un h\u00f4pital. Les autorit\u00e9s s\u00e9n\u00e9galaises avaient mis en doute cette gr\u00e8ve de la faim.<\/p>\n","protected":false},"excerpt":{"rendered":"<p>Par \u00ab solidarit\u00e9 \u00bb avec les autres militants \u00ab injustement arr\u00eat\u00e9s pour avoir exprim\u00e9 leurs opinions politiques \u00bb, l\u2019opposant qui vient d\u2019\u00eatre r\u00e9tabli sur les listes \u00e9lectorales dit reprendre la lutte.<\/p>\n","protected":false},"author":12963,"featured_media":34459,"comment_status":"open","ping_status":"open","sticky":false,"template":"","format":"standard","meta":{"footnotes":""},"categories":[67,69],"tags":[81,78,82],"class_list":{"0":"post-34462","1":"post","2":"type-post","3":"status-publish","4":"format-standard","5":"has-post-thumbnail","7":"category-actualites","8":"category-politique","9":"tag-actualites","10":"tag-apie-project-2","11":"tag-politique"},"yoast_head":"<!-- This site is optimized with the Yoast SEO plugin v24.4 - https:\/\/yoast.com\/wordpress\/plugins\/seo\/ -->\n<title>Au S\u00e9n\u00e9gal, Ousmane Sonko Reprend Sa Gr\u00e8ve De La Faim - APIE NEWS<\/title>\n<meta name=\"robots\" content=\"index, follow, max-snippet:-1, max-image-preview:large, max-video-preview:-1\" \/>\n<link rel=\"canonical\" href=\"https:\/\/appsaf.apieproject.com\/news\/fr\/2023\/10\/30\/au-senegal-ousmane-sonko-reprend-sa-greve-de-la-faim\/\" \/>\n<meta property=\"og:locale\" content=\"fr_FR\" \/>\n<meta property=\"og:type\" content=\"article\" \/>\n<meta property=\"og:title\" content=\"Au S\u00e9n\u00e9gal, Ousmane Sonko Reprend Sa Gr\u00e8ve De La Faim - APIE NEWS\" \/>\n<meta property=\"og:description\" content=\"Par \u00ab solidarit\u00e9 \u00bb avec les autres militants \u00ab injustement arr\u00eat\u00e9s pour avoir exprim\u00e9 leurs opinions politiques \u00bb, l\u2019opposant qui vient d\u2019\u00eatre r\u00e9tabli sur les listes \u00e9lectorales dit reprendre la lutte.\" \/>\n<meta property=\"og:url\" content=\"https:\/\/appsaf.apieproject.com\/news\/fr\/2023\/10\/30\/au-senegal-ousmane-sonko-reprend-sa-greve-de-la-faim\/\" \/>\n<meta property=\"og:site_name\" content=\"APIE NEWS\" \/>\n<meta property=\"article:publisher\" content=\"https:\/\/facebook.com\/apieproject\" \/>\n<meta property=\"article:published_time\" content=\"2023-10-30T12:39:41+00:00\" \/>\n<meta property=\"article:modified_time\" content=\"2023-10-30T12:39:45+00:00\" \/>\n<meta property=\"og:image\" content=\"https:\/\/appsaf.apieproject.com\/news\/wp-content\/uploads\/sites\/29\/2023\/10\/Capture-8a30aab50c152715f9b0cc51d4f85441.png\" \/>\n\t<meta property=\"og:image:width\" content=\"987\" \/>\n\t<meta property=\"og:image:height\" content=\"659\" \/>\n\t<meta property=\"og:image:type\" content=\"image\/png\" \/>\n<meta name=\"author\" content=\"staff\" \/>\n<meta name=\"twitter:card\" content=\"summary_large_image\" \/>\n<meta name=\"twitter:creator\" content=\"@apieproject\" \/>\n<meta name=\"twitter:site\" content=\"@apieproject\" \/>\n<meta name=\"twitter:label1\" content=\"\u00c9crit par\" \/>\n\t<meta name=\"twitter:data1\" content=\"staff\" \/>\n\t<meta name=\"twitter:label2\" content=\"Dur\u00e9e de lecture estim\u00e9e\" \/>\n\t<meta name=\"twitter:data2\" content=\"2 minutes\" \/>\n<script type=\"application\/ld+json\" class=\"yoast-schema-graph\">{\"@context\":\"https:\/\/schema.org\",\"@graph\":[{\"@type\":\"Article\",\"@id\":\"https:\/\/appsaf.apieproject.com\/news\/fr\/2023\/10\/30\/au-senegal-ousmane-sonko-reprend-sa-greve-de-la-faim\/#article\",\"isPartOf\":{\"@id\":\"https:\/\/appsaf.apieproject.com\/news\/fr\/2023\/10\/30\/au-senegal-ousmane-sonko-reprend-sa-greve-de-la-faim\/\"},\"author\":{\"name\":\"staff\",\"@id\":\"https:\/\/appsaf.apieproject.com\/news\/#\/schema\/person\/399517cac378948cd7b39086f9ddc2a7\"},\"headline\":\"Au S\u00e9n\u00e9gal, Ousmane Sonko Reprend Sa Gr\u00e8ve De La Faim\",\"datePublished\":\"2023-10-30T12:39:41+00:00\",\"dateModified\":\"2023-10-30T12:39:45+00:00\",\"mainEntityOfPage\":{\"@id\":\"https:\/\/appsaf.apieproject.com\/news\/fr\/2023\/10\/30\/au-senegal-ousmane-sonko-reprend-sa-greve-de-la-faim\/\"},\"wordCount\":432,\"commentCount\":0,\"publisher\":{\"@id\":\"https:\/\/appsaf.apieproject.com\/news\/#organization\"},\"image\":{\"@id\":\"https:\/\/appsaf.apieproject.com\/news\/fr\/2023\/10\/30\/au-senegal-ousmane-sonko-reprend-sa-greve-de-la-faim\/#primaryimage\"},\"thumbnailUrl\":\"https:\/\/appsaf.apieproject.com\/news\/wp-content\/uploads\/sites\/29\/2023\/10\/Capture-8a30aab50c152715f9b0cc51d4f85441.png\",\"keywords\":[\"actualites\",\"apie project\",\"politique\"],\"articleSection\":[\"Actualit\u00e9s\",\"Politique\"],\"inLanguage\":\"fr-FR\",\"potentialAction\":[{\"@type\":\"CommentAction\",\"name\":\"Comment\",\"target\":[\"https:\/\/appsaf.apieproject.com\/news\/fr\/2023\/10\/30\/au-senegal-ousmane-sonko-reprend-sa-greve-de-la-faim\/#respond\"]}]},{\"@type\":\"WebPage\",\"@id\":\"https:\/\/appsaf.apieproject.com\/news\/fr\/2023\/10\/30\/au-senegal-ousmane-sonko-reprend-sa-greve-de-la-faim\/\",\"url\":\"https:\/\/appsaf.apieproject.com\/news\/fr\/2023\/10\/30\/au-senegal-ousmane-sonko-reprend-sa-greve-de-la-faim\/\",\"name\":\"Au S\u00e9n\u00e9gal, Ousmane Sonko Reprend Sa Gr\u00e8ve De La Faim - APIE NEWS\",\"isPartOf\":{\"@id\":\"https:\/\/appsaf.apieproject.com\/news\/#website\"},\"primaryImageOfPage\":{\"@id\":\"https:\/\/appsaf.apieproject.com\/news\/fr\/2023\/10\/30\/au-senegal-ousmane-sonko-reprend-sa-greve-de-la-faim\/#primaryimage\"},\"image\":{\"@id\":\"https:\/\/appsaf.apieproject.com\/news\/fr\/2023\/10\/30\/au-senegal-ousmane-sonko-reprend-sa-greve-de-la-faim\/#primaryimage\"},\"thumbnailUrl\":\"https:\/\/appsaf.apieproject.com\/news\/wp-content\/uploads\/sites\/29\/2023\/10\/Capture-8a30aab50c152715f9b0cc51d4f85441.png\",\"datePublished\":\"2023-10-30T12:39:41+00:00\",\"dateModified\":\"2023-10-30T12:39:45+00:00\",\"breadcrumb\":{\"@id\":\"https:\/\/appsaf.apieproject.com\/news\/fr\/2023\/10\/30\/au-senegal-ousmane-sonko-reprend-sa-greve-de-la-faim\/#breadcrumb\"},\"inLanguage\":\"fr-FR\",\"potentialAction\":[{\"@type\":\"ReadAction\",\"target\":[\"https:\/\/appsaf.apieproject.com\/news\/fr\/2023\/10\/30\/au-senegal-ousmane-sonko-reprend-sa-greve-de-la-faim\/\"]}]},{\"@type\":\"ImageObject\",\"inLanguage\":\"fr-FR\",\"@id\":\"https:\/\/appsaf.apieproject.com\/news\/fr\/2023\/10\/30\/au-senegal-ousmane-sonko-reprend-sa-greve-de-la-faim\/#primaryimage\",\"url\":\"https:\/\/appsaf.apieproject.com\/news\/wp-content\/uploads\/sites\/29\/2023\/10\/Capture-8a30aab50c152715f9b0cc51d4f85441.png\",\"contentUrl\":\"https:\/\/appsaf.apieproject.com\/news\/wp-content\/uploads\/sites\/29\/2023\/10\/Capture-8a30aab50c152715f9b0cc51d4f85441.png\",\"width\":987,\"height\":659},{\"@type\":\"BreadcrumbList\",\"@id\":\"https:\/\/appsaf.apieproject.com\/news\/fr\/2023\/10\/30\/au-senegal-ousmane-sonko-reprend-sa-greve-de-la-faim\/#breadcrumb\",\"itemListElement\":[{\"@type\":\"ListItem\",\"position\":1,\"name\":\"Home\",\"item\":\"https:\/\/appsaf.apieproject.com\/news\/fr\/home\/\"},{\"@type\":\"ListItem\",\"position\":2,\"name\":\"Au S\u00e9n\u00e9gal, Ousmane Sonko Reprend Sa Gr\u00e8ve De La Faim\"}]},{\"@type\":\"WebSite\",\"@id\":\"https:\/\/appsaf.apieproject.com\/news\/#website\",\"url\":\"https:\/\/appsaf.apieproject.com\/news\/\",\"name\":\"APIE NEWS\",\"description\":\"PANAFRICANISM NEWS PORTAL\",\"publisher\":{\"@id\":\"https:\/\/appsaf.apieproject.com\/news\/#organization\"},\"potentialAction\":[{\"@type\":\"SearchAction\",\"target\":{\"@type\":\"EntryPoint\",\"urlTemplate\":\"https:\/\/appsaf.apieproject.com\/news\/?s={search_term_string}\"},\"query-input\":{\"@type\":\"PropertyValueSpecification\",\"valueRequired\":true,\"valueName\":\"search_term_string\"}}],\"inLanguage\":\"fr-FR\"},{\"@type\":\"Organization\",\"@id\":\"https:\/\/appsaf.apieproject.com\/news\/#organization\",\"name\":\"APIE PROJECT\",\"url\":\"https:\/\/appsaf.apieproject.com\/news\/\",\"logo\":{\"@type\":\"ImageObject\",\"inLanguage\":\"fr-FR\",\"@id\":\"https:\/\/appsaf.apieproject.com\/news\/#\/schema\/logo\/image\/\",\"url\":\"https:\/\/appsaf.apieproject.com\/news\/wp-content\/uploads\/sites\/29\/2022\/07\/logo-R-TransparentBackground.png\",\"contentUrl\":\"https:\/\/appsaf.apieproject.com\/news\/wp-content\/uploads\/sites\/29\/2022\/07\/logo-R-TransparentBackground.png\",\"width\":512,\"height\":512,\"caption\":\"APIE PROJECT\"},\"image\":{\"@id\":\"https:\/\/appsaf.apieproject.com\/news\/#\/schema\/logo\/image\/\"},\"sameAs\":[\"https:\/\/facebook.com\/apieproject\",\"https:\/\/x.com\/apieproject\"]},{\"@type\":\"Person\",\"@id\":\"https:\/\/appsaf.apieproject.com\/news\/#\/schema\/person\/399517cac378948cd7b39086f9ddc2a7\",\"name\":\"staff\",\"image\":{\"@type\":\"ImageObject\",\"inLanguage\":\"fr-FR\",\"@id\":\"https:\/\/appsaf.apieproject.com\/news\/#\/schema\/person\/image\/\",\"url\":\"https:\/\/secure.gravatar.com\/avatar\/5386283c5db150efe261184bd59f072a?s=96&d=mm&r=g\",\"contentUrl\":\"https:\/\/secure.gravatar.com\/avatar\/5386283c5db150efe261184bd59f072a?s=96&d=mm&r=g\",\"caption\":\"staff\"},\"url\":\"https:\/\/appsaf.apieproject.com\/news\/fr\/author\/staff\/\"}]}<\/script>\n<!-- \/ Yoast SEO plugin. -->","yoast_head_json":{"title":"Au S\u00e9n\u00e9gal, Ousmane Sonko Reprend Sa Gr\u00e8ve De La Faim - APIE NEWS","robots":{"index":"index","follow":"follow","max-snippet":"max-snippet:-1","max-image-preview":"max-image-preview:large","max-video-preview":"max-video-preview:-1"},"canonical":"https:\/\/appsaf.apieproject.com\/news\/fr\/2023\/10\/30\/au-senegal-ousmane-sonko-reprend-sa-greve-de-la-faim\/","og_locale":"fr_FR","og_type":"article","og_title":"Au S\u00e9n\u00e9gal, Ousmane Sonko Reprend Sa Gr\u00e8ve De La Faim - APIE NEWS","og_description":"Par \u00ab solidarit\u00e9 \u00bb avec les autres militants \u00ab injustement arr\u00eat\u00e9s pour avoir exprim\u00e9 leurs opinions politiques \u00bb, l\u2019opposant qui vient d\u2019\u00eatre r\u00e9tabli sur les listes \u00e9lectorales dit reprendre la lutte.","og_url":"https:\/\/appsaf.apieproject.com\/news\/fr\/2023\/10\/30\/au-senegal-ousmane-sonko-reprend-sa-greve-de-la-faim\/","og_site_name":"APIE NEWS","article_publisher":"https:\/\/facebook.com\/apieproject","article_published_time":"2023-10-30T12:39:41+00:00","article_modified_time":"2023-10-30T12:39:45+00:00","og_image":[{"width":987,"height":659,"url":"https:\/\/appsaf.apieproject.com\/news\/wp-content\/uploads\/sites\/29\/2023\/10\/Capture-8a30aab50c152715f9b0cc51d4f85441.png","type":"image\/png"}],"author":"staff","twitter_card":"summary_large_image","twitter_creator":"@apieproject","twitter_site":"@apieproject","twitter_misc":{"\u00c9crit par":"staff","Dur\u00e9e de lecture estim\u00e9e":"2 minutes"},"schema":{"@context":"https:\/\/schema.org","@graph":[{"@type":"Article","@id":"https:\/\/appsaf.apieproject.com\/news\/fr\/2023\/10\/30\/au-senegal-ousmane-sonko-reprend-sa-greve-de-la-faim\/#article","isPartOf":{"@id":"https:\/\/appsaf.apieproject.com\/news\/fr\/2023\/10\/30\/au-senegal-ousmane-sonko-reprend-sa-greve-de-la-faim\/"},"author":{"name":"staff","@id":"https:\/\/appsaf.apieproject.com\/news\/#\/schema\/person\/399517cac378948cd7b39086f9ddc2a7"},"headline":"Au S\u00e9n\u00e9gal, Ousmane Sonko Reprend Sa Gr\u00e8ve De La Faim","datePublished":"2023-10-30T12:39:41+00:00","dateModified":"2023-10-30T12:39:45+00:00","mainEntityOfPage":{"@id":"https:\/\/appsaf.apieproject.com\/news\/fr\/2023\/10\/30\/au-senegal-ousmane-sonko-reprend-sa-greve-de-la-faim\/"},"wordCount":432,"commentCount":0,"publisher":{"@id":"https:\/\/appsaf.apieproject.com\/news\/#organization"},"image":{"@id":"https:\/\/appsaf.apieproject.com\/news\/fr\/2023\/10\/30\/au-senegal-ousmane-sonko-reprend-sa-greve-de-la-faim\/#primaryimage"},"thumbnailUrl":"https:\/\/appsaf.apieproject.com\/news\/wp-content\/uploads\/sites\/29\/2023\/10\/Capture-8a30aab50c152715f9b0cc51d4f85441.png","keywords":["actualites","apie project","politique"],"articleSection":["Actualit\u00e9s","Politique"],"inLanguage":"fr-FR","potentialAction":[{"@type":"CommentAction","name":"Comment","target":["https:\/\/appsaf.apieproject.com\/news\/fr\/2023\/10\/30\/au-senegal-ousmane-sonko-reprend-sa-greve-de-la-faim\/#respond"]}]},{"@type":"WebPage","@id":"https:\/\/appsaf.apieproject.com\/news\/fr\/2023\/10\/30\/au-senegal-ousmane-sonko-reprend-sa-greve-de-la-faim\/","url":"https:\/\/appsaf.apieproject.com\/news\/fr\/2023\/10\/30\/au-senegal-ousmane-sonko-reprend-sa-greve-de-la-faim\/","name":"Au S\u00e9n\u00e9gal, Ousmane Sonko Reprend Sa Gr\u00e8ve De La Faim - APIE NEWS","isPartOf":{"@id":"https:\/\/appsaf.apieproject.com\/news\/#website"},"primaryImageOfPage":{"@id":"https:\/\/appsaf.apieproject.com\/news\/fr\/2023\/10\/30\/au-senegal-ousmane-sonko-reprend-sa-greve-de-la-faim\/#primaryimage"},"image":{"@id":"https:\/\/appsaf.apieproject.com\/news\/fr\/2023\/10\/30\/au-senegal-ousmane-sonko-reprend-sa-greve-de-la-faim\/#primaryimage"},"thumbnailUrl":"https:\/\/appsaf.apieproject.com\/news\/wp-content\/uploads\/sites\/29\/2023\/10\/Capture-8a30aab50c152715f9b0cc51d4f85441.png","datePublished":"2023-10-30T12:39:41+00:00","dateModified":"2023-10-30T12:39:45+00:00","breadcrumb":{"@id":"https:\/\/appsaf.apieproject.com\/news\/fr\/2023\/10\/30\/au-senegal-ousmane-sonko-reprend-sa-greve-de-la-faim\/#breadcrumb"},"inLanguage":"fr-FR","potentialAction":[{"@type":"ReadAction","target":["https:\/\/appsaf.apieproject.com\/news\/fr\/2023\/10\/30\/au-senegal-ousmane-sonko-reprend-sa-greve-de-la-faim\/"]}]},{"@type":"ImageObject","inLanguage":"fr-FR","@id":"https:\/\/appsaf.apieproject.com\/news\/fr\/2023\/10\/30\/au-senegal-ousmane-sonko-reprend-sa-greve-de-la-faim\/#primaryimage","url":"https:\/\/appsaf.apieproject.com\/news\/wp-content\/uploads\/sites\/29\/2023\/10\/Capture-8a30aab50c152715f9b0cc51d4f85441.png","contentUrl":"https:\/\/appsaf.apieproject.com\/news\/wp-content\/uploads\/sites\/29\/2023\/10\/Capture-8a30aab50c152715f9b0cc51d4f85441.png","width":987,"height":659},{"@type":"BreadcrumbList","@id":"https:\/\/appsaf.apieproject.com\/news\/fr\/2023\/10\/30\/au-senegal-ousmane-sonko-reprend-sa-greve-de-la-faim\/#breadcrumb","itemListElement":[{"@type":"ListItem","position":1,"name":"Home","item":"https:\/\/appsaf.apieproject.com\/news\/fr\/home\/"},{"@type":"ListItem","position":2,"name":"Au S\u00e9n\u00e9gal, Ousmane Sonko Reprend Sa Gr\u00e8ve De La Faim"}]},{"@type":"WebSite","@id":"https:\/\/appsaf.apieproject.com\/news\/#website","url":"https:\/\/appsaf.apieproject.com\/news\/","name":"APIE NEWS","description":"PANAFRICANISM NEWS PORTAL","publisher":{"@id":"https:\/\/appsaf.apieproject.com\/news\/#organization"},"potentialAction":[{"@type":"SearchAction","target":{"@type":"EntryPoint","urlTemplate":"https:\/\/appsaf.apieproject.com\/news\/?s={search_term_string}"},"query-input":{"@type":"PropertyValueSpecification","valueRequired":true,"valueName":"search_term_string"}}],"inLanguage":"fr-FR"},{"@type":"Organization","@id":"https:\/\/appsaf.apieproject.com\/news\/#organization","name":"APIE PROJECT","url":"https:\/\/appsaf.apieproject.com\/news\/","logo":{"@type":"ImageObject","inLanguage":"fr-FR","@id":"https:\/\/appsaf.apieproject.com\/news\/#\/schema\/logo\/image\/","url":"https:\/\/appsaf.apieproject.com\/news\/wp-content\/uploads\/sites\/29\/2022\/07\/logo-R-TransparentBackground.png","contentUrl":"https:\/\/appsaf.apieproject.com\/news\/wp-content\/uploads\/sites\/29\/2022\/07\/logo-R-TransparentBackground.png","width":512,"height":512,"caption":"APIE PROJECT"},"image":{"@id":"https:\/\/appsaf.apieproject.com\/news\/#\/schema\/logo\/image\/"},"sameAs":["https:\/\/facebook.com\/apieproject","https:\/\/x.com\/apieproject"]},{"@type":"Person","@id":"https:\/\/appsaf.apieproject.com\/news\/#\/schema\/person\/399517cac378948cd7b39086f9ddc2a7","name":"staff","image":{"@type":"ImageObject","inLanguage":"fr-FR","@id":"https:\/\/appsaf.apieproject.com\/news\/#\/schema\/person\/image\/","url":"https:\/\/secure.gravatar.com\/avatar\/5386283c5db150efe261184bd59f072a?s=96&d=mm&r=g","contentUrl":"https:\/\/secure.gravatar.com\/avatar\/5386283c5db150efe261184bd59f072a?s=96&d=mm&r=g","caption":"staff"},"url":"https:\/\/appsaf.apieproject.com\/news\/fr\/author\/staff\/"}]}},"_links":{"self":[{"href":"https:\/\/appsaf.apieproject.com\/news\/fr\/wp-json\/wp\/v2\/posts\/34462","targetHints":{"allow":["GET"]}}],"collection":[{"href":"https:\/\/appsaf.apieproject.com\/news\/fr\/wp-json\/wp\/v2\/posts"}],"about":[{"href":"https:\/\/appsaf.apieproject.com\/news\/fr\/wp-json\/wp\/v2\/types\/post"}],"author":[{"embeddable":true,"href":"https:\/\/appsaf.apieproject.com\/news\/fr\/wp-json\/wp\/v2\/users\/12963"}],"replies":[{"embeddable":true,"href":"https:\/\/appsaf.apieproject.com\/news\/fr\/wp-json\/wp\/v2\/comments?post=34462"}],"version-history":[{"count":1,"href":"https:\/\/appsaf.apieproject.com\/news\/fr\/wp-json\/wp\/v2\/posts\/34462\/revisions"}],"predecessor-version":[{"id":35011,"href":"https:\/\/appsaf.apieproject.com\/news\/fr\/wp-json\/wp\/v2\/posts\/34462\/revisions\/35011"}],"wp:featuredmedia":[{"embeddable":true,"href":"https:\/\/appsaf.apieproject.com\/news\/fr\/wp-json\/wp\/v2\/media\/34459"}],"wp:attachment":[{"href":"https:\/\/appsaf.apieproject.com\/news\/fr\/wp-json\/wp\/v2\/media?parent=34462"}],"wp:term":[{"taxonomy":"category","embeddable":true,"href":"https:\/\/appsaf.apieproject.com\/news\/fr\/wp-json\/wp\/v2\/categories?post=34462"},{"taxonomy":"post_tag","embeddable":true,"href":"https:\/\/appsaf.apieproject.com\/news\/fr\/wp-json\/wp\/v2\/tags?post=34462"}],"curies":[{"name":"wp","href":"https:\/\/api.w.org\/{rel}","templated":true}]}}