{"id":34478,"date":"2023-10-30T12:55:02","date_gmt":"2023-10-30T12:55:02","guid":{"rendered":"https:\/\/appsaf.apieproject.com\/news\/?p=34478"},"modified":"2023-10-30T12:55:04","modified_gmt":"2023-10-30T12:55:04","slug":"le-festival-ecrans-noirs-de-yaounde-lambition-de-rapprocher-les-communautes-par-le-cinema","status":"publish","type":"post","link":"https:\/\/appsaf.apieproject.com\/news\/fr\/2023\/10\/30\/le-festival-ecrans-noirs-de-yaounde-lambition-de-rapprocher-les-communautes-par-le-cinema\/","title":{"rendered":"Le Festival \u00ab Ecrans Noirs \u00bb De Yaound\u00e9, l\u2019Ambition De Rapprocher Les Communaut\u00e9s Par Le Cin\u00e9ma"},"content":{"rendered":"<p>\u00ab Le festival a d\u00e9marr\u00e9 de tr\u00e8s bonne mani\u00e8re parce qu\u2019on a re\u00e7u des f\u00e9licitations de partout apr\u00e8s la c\u00e9r\u00e9monie d\u2019ouverture de la 27\u00e8me \u00e9dition, samedi \u00bb 14 octobre, a d\u00e9clar\u00e9 le d\u00e9l\u00e9gu\u00e9 g\u00e9n\u00e9ral du festival, Bassek Ba Kobhio, \u00e9voquant \u00ab la pr\u00e9sence de 24 pays africains en comp\u00e9tition et plus de 200 personnes invit\u00e9es, pan\u00e9listes comme acteurs entre autres \u00bb.<\/p>\n<p>La projection de \u00ab Borom Sarret \u00bb (Le charretier), premier court m\u00e9trage du r\u00e9alisateur s\u00e9n\u00e9galais Ousmane Semb\u00e8ne produit en 1963 a \u00e9t\u00e9 l\u2019attraction lors de la c\u00e9r\u00e9monie d\u2019ouverture de cette \u00e9dition dont le S\u00e9n\u00e9gal est le pays invit\u00e9 d\u2019honneur, dit-il.<\/p>\n<p>\u00ab Ce qui est important dans ce festival, c\u2019est qu\u2019on veut montrer aux gens qu\u2019on peut \u00eatre un pays africain, avoir une \u00e9conomie qui a d\u2019autres priorit\u00e9s, mais avoir une performance dans le cin\u00e9ma comme le S\u00e9n\u00e9gal \u00bb, fait-valoir le d\u00e9l\u00e9gu\u00e9 g\u00e9n\u00e9ral du festival \u00ab Ecrans noirs \u00bb.<\/p>\n<p>Selon Bassek Ba Kobhio, c\u2019est l\u2019une des raisons qui fait que le S\u00e9n\u00e9gal a \u00e9t\u00e9 choisi comme pays invit\u00e9 d\u2019honneur de cette \u00e9dition 2023.<\/p>\n<p>Il rappelle que cette manifestation veut servir de \u00ab trait d\u2019union \u00bb entre les diff\u00e9rents pays et les peuples pour intensifier les rapports entre les communaut\u00e9s.<\/p>\n<p>\u00ab Le festival n\u2019est pas seulement pour montrer des films, mais c\u2019est aussi intensifier les rapports entre les peuples et les magnifier \u00bb, a-t-il indiqu\u00e9, se f\u00e9licitant, \u00e0 cet effet, \u00ab des bons rapports qu\u2019entretiennent le S\u00e9n\u00e9gal et le Cameroun \u00bb.<\/p>\n<p>Une journ\u00e9e d\u00e9di\u00e9e au S\u00e9n\u00e9gal est pr\u00e9vue ce mercredi, avec au programme un hommage r\u00e9serv\u00e9 au cin\u00e9aste Ousmane Semb\u00e8ne dont on c\u00e9l\u00e8bre le centenaire de la naissance cette ann\u00e9e.<\/p>\n","protected":false},"excerpt":{"rendered":"<p>Vingt-quatre pays africains prennent part \u00e0 la 27e \u00e9dition du festival \u00ab Ecrans noirs \u00bb de Yaound\u00e9 (14-21 octobre), dont le programme pr\u00e9voit plusieurs panels et projections de films, avec l\u2019ambition de contribuer \u00e0 intensifier les rapports entre communaut\u00e9s.<\/p>\n","protected":false},"author":12963,"featured_media":34475,"comment_status":"open","ping_status":"open","sticky":false,"template":"","format":"standard","meta":{"footnotes":""},"categories":[67,53],"tags":[81,78,87],"class_list":{"0":"post-34478","1":"post","2":"type-post","3":"status-publish","4":"format-standard","5":"has-post-thumbnail","7":"category-actualites","8":"category-culture-fr","9":"tag-actualites","10":"tag-apie-project-2","11":"tag-culture-2"},"yoast_head":"<!-- This site is optimized with the Yoast SEO plugin v24.4 - https:\/\/yoast.com\/wordpress\/plugins\/seo\/ -->\n<title>Le Festival \u00ab Ecrans Noirs \u00bb De Yaound\u00e9, l\u2019Ambition De Rapprocher Les Communaut\u00e9s Par Le Cin\u00e9ma - APIE NEWS<\/title>\n<meta name=\"robots\" content=\"index, follow, max-snippet:-1, max-image-preview:large, max-video-preview:-1\" \/>\n<link rel=\"canonical\" href=\"https:\/\/appsaf.apieproject.com\/news\/fr\/2023\/10\/30\/le-festival-ecrans-noirs-de-yaounde-lambition-de-rapprocher-les-communautes-par-le-cinema\/\" \/>\n<meta property=\"og:locale\" content=\"fr_FR\" \/>\n<meta property=\"og:type\" content=\"article\" \/>\n<meta property=\"og:title\" content=\"Le Festival \u00ab Ecrans Noirs \u00bb De Yaound\u00e9, l\u2019Ambition De Rapprocher Les Communaut\u00e9s Par Le Cin\u00e9ma - APIE NEWS\" \/>\n<meta property=\"og:description\" content=\"Vingt-quatre pays africains prennent part \u00e0 la 27e \u00e9dition du festival \u00ab Ecrans noirs \u00bb de Yaound\u00e9 (14-21 octobre), dont le programme pr\u00e9voit plusieurs panels et projections de films, avec l\u2019ambition de contribuer \u00e0 intensifier les rapports entre communaut\u00e9s.\" \/>\n<meta property=\"og:url\" content=\"https:\/\/appsaf.apieproject.com\/news\/fr\/2023\/10\/30\/le-festival-ecrans-noirs-de-yaounde-lambition-de-rapprocher-les-communautes-par-le-cinema\/\" \/>\n<meta property=\"og:site_name\" content=\"APIE NEWS\" \/>\n<meta property=\"article:publisher\" content=\"https:\/\/facebook.com\/apieproject\" \/>\n<meta property=\"article:published_time\" content=\"2023-10-30T12:55:02+00:00\" \/>\n<meta property=\"article:modified_time\" content=\"2023-10-30T12:55:04+00:00\" \/>\n<meta property=\"og:image\" content=\"https:\/\/appsaf.apieproject.com\/news\/wp-content\/uploads\/sites\/29\/2023\/10\/xecran_noir-850x491.jpg.pagespeed.ic_.WkujsaUrQi-2f53f4256b14c3b7cce2328ab3cda2dc.jpeg\" \/>\n\t<meta property=\"og:image:width\" content=\"850\" \/>\n\t<meta property=\"og:image:height\" content=\"491\" \/>\n\t<meta property=\"og:image:type\" content=\"image\/jpeg\" \/>\n<meta name=\"author\" content=\"staff\" \/>\n<meta name=\"twitter:card\" content=\"summary_large_image\" \/>\n<meta name=\"twitter:creator\" content=\"@apieproject\" \/>\n<meta name=\"twitter:site\" content=\"@apieproject\" \/>\n<meta name=\"twitter:label1\" content=\"\u00c9crit par\" \/>\n\t<meta name=\"twitter:data1\" content=\"staff\" \/>\n\t<meta name=\"twitter:label2\" content=\"Dur\u00e9e de lecture estim\u00e9e\" \/>\n\t<meta name=\"twitter:data2\" content=\"2 minutes\" \/>\n<script type=\"application\/ld+json\" class=\"yoast-schema-graph\">{\"@context\":\"https:\/\/schema.org\",\"@graph\":[{\"@type\":\"Article\",\"@id\":\"https:\/\/appsaf.apieproject.com\/news\/fr\/2023\/10\/30\/le-festival-ecrans-noirs-de-yaounde-lambition-de-rapprocher-les-communautes-par-le-cinema\/#article\",\"isPartOf\":{\"@id\":\"https:\/\/appsaf.apieproject.com\/news\/fr\/2023\/10\/30\/le-festival-ecrans-noirs-de-yaounde-lambition-de-rapprocher-les-communautes-par-le-cinema\/\"},\"author\":{\"name\":\"staff\",\"@id\":\"https:\/\/appsaf.apieproject.com\/news\/#\/schema\/person\/399517cac378948cd7b39086f9ddc2a7\"},\"headline\":\"Le Festival \u00ab Ecrans Noirs \u00bb De Yaound\u00e9, l\u2019Ambition De Rapprocher Les Communaut\u00e9s Par Le Cin\u00e9ma\",\"datePublished\":\"2023-10-30T12:55:02+00:00\",\"dateModified\":\"2023-10-30T12:55:04+00:00\",\"mainEntityOfPage\":{\"@id\":\"https:\/\/appsaf.apieproject.com\/news\/fr\/2023\/10\/30\/le-festival-ecrans-noirs-de-yaounde-lambition-de-rapprocher-les-communautes-par-le-cinema\/\"},\"wordCount\":333,\"commentCount\":0,\"publisher\":{\"@id\":\"https:\/\/appsaf.apieproject.com\/news\/#organization\"},\"image\":{\"@id\":\"https:\/\/appsaf.apieproject.com\/news\/fr\/2023\/10\/30\/le-festival-ecrans-noirs-de-yaounde-lambition-de-rapprocher-les-communautes-par-le-cinema\/#primaryimage\"},\"thumbnailUrl\":\"https:\/\/appsaf.apieproject.com\/news\/wp-content\/uploads\/sites\/29\/2023\/10\/xecran_noir-850x491.jpg.pagespeed.ic_.WkujsaUrQi-2f53f4256b14c3b7cce2328ab3cda2dc.jpeg\",\"keywords\":[\"actualites\",\"apie project\",\"culture\"],\"articleSection\":[\"Actualit\u00e9s\",\"Culture\"],\"inLanguage\":\"fr-FR\",\"potentialAction\":[{\"@type\":\"CommentAction\",\"name\":\"Comment\",\"target\":[\"https:\/\/appsaf.apieproject.com\/news\/fr\/2023\/10\/30\/le-festival-ecrans-noirs-de-yaounde-lambition-de-rapprocher-les-communautes-par-le-cinema\/#respond\"]}]},{\"@type\":\"WebPage\",\"@id\":\"https:\/\/appsaf.apieproject.com\/news\/fr\/2023\/10\/30\/le-festival-ecrans-noirs-de-yaounde-lambition-de-rapprocher-les-communautes-par-le-cinema\/\",\"url\":\"https:\/\/appsaf.apieproject.com\/news\/fr\/2023\/10\/30\/le-festival-ecrans-noirs-de-yaounde-lambition-de-rapprocher-les-communautes-par-le-cinema\/\",\"name\":\"Le Festival \u00ab Ecrans Noirs \u00bb De Yaound\u00e9, l\u2019Ambition De Rapprocher Les Communaut\u00e9s Par Le Cin\u00e9ma - APIE NEWS\",\"isPartOf\":{\"@id\":\"https:\/\/appsaf.apieproject.com\/news\/#website\"},\"primaryImageOfPage\":{\"@id\":\"https:\/\/appsaf.apieproject.com\/news\/fr\/2023\/10\/30\/le-festival-ecrans-noirs-de-yaounde-lambition-de-rapprocher-les-communautes-par-le-cinema\/#primaryimage\"},\"image\":{\"@id\":\"https:\/\/appsaf.apieproject.com\/news\/fr\/2023\/10\/30\/le-festival-ecrans-noirs-de-yaounde-lambition-de-rapprocher-les-communautes-par-le-cinema\/#primaryimage\"},\"thumbnailUrl\":\"https:\/\/appsaf.apieproject.com\/news\/wp-content\/uploads\/sites\/29\/2023\/10\/xecran_noir-850x491.jpg.pagespeed.ic_.WkujsaUrQi-2f53f4256b14c3b7cce2328ab3cda2dc.jpeg\",\"datePublished\":\"2023-10-30T12:55:02+00:00\",\"dateModified\":\"2023-10-30T12:55:04+00:00\",\"breadcrumb\":{\"@id\":\"https:\/\/appsaf.apieproject.com\/news\/fr\/2023\/10\/30\/le-festival-ecrans-noirs-de-yaounde-lambition-de-rapprocher-les-communautes-par-le-cinema\/#breadcrumb\"},\"inLanguage\":\"fr-FR\",\"potentialAction\":[{\"@type\":\"ReadAction\",\"target\":[\"https:\/\/appsaf.apieproject.com\/news\/fr\/2023\/10\/30\/le-festival-ecrans-noirs-de-yaounde-lambition-de-rapprocher-les-communautes-par-le-cinema\/\"]}]},{\"@type\":\"ImageObject\",\"inLanguage\":\"fr-FR\",\"@id\":\"https:\/\/appsaf.apieproject.com\/news\/fr\/2023\/10\/30\/le-festival-ecrans-noirs-de-yaounde-lambition-de-rapprocher-les-communautes-par-le-cinema\/#primaryimage\",\"url\":\"https:\/\/appsaf.apieproject.com\/news\/wp-content\/uploads\/sites\/29\/2023\/10\/xecran_noir-850x491.jpg.pagespeed.ic_.WkujsaUrQi-2f53f4256b14c3b7cce2328ab3cda2dc.jpeg\",\"contentUrl\":\"https:\/\/appsaf.apieproject.com\/news\/wp-content\/uploads\/sites\/29\/2023\/10\/xecran_noir-850x491.jpg.pagespeed.ic_.WkujsaUrQi-2f53f4256b14c3b7cce2328ab3cda2dc.jpeg\",\"width\":850,\"height\":491},{\"@type\":\"BreadcrumbList\",\"@id\":\"https:\/\/appsaf.apieproject.com\/news\/fr\/2023\/10\/30\/le-festival-ecrans-noirs-de-yaounde-lambition-de-rapprocher-les-communautes-par-le-cinema\/#breadcrumb\",\"itemListElement\":[{\"@type\":\"ListItem\",\"position\":1,\"name\":\"Home\",\"item\":\"https:\/\/appsaf.apieproject.com\/news\/fr\/home\/\"},{\"@type\":\"ListItem\",\"position\":2,\"name\":\"Le Festival \u00ab Ecrans Noirs \u00bb De Yaound\u00e9, l\u2019Ambition De Rapprocher Les Communaut\u00e9s Par Le Cin\u00e9ma\"}]},{\"@type\":\"WebSite\",\"@id\":\"https:\/\/appsaf.apieproject.com\/news\/#website\",\"url\":\"https:\/\/appsaf.apieproject.com\/news\/\",\"name\":\"APIE NEWS\",\"description\":\"PANAFRICANISM NEWS PORTAL\",\"publisher\":{\"@id\":\"https:\/\/appsaf.apieproject.com\/news\/#organization\"},\"potentialAction\":[{\"@type\":\"SearchAction\",\"target\":{\"@type\":\"EntryPoint\",\"urlTemplate\":\"https:\/\/appsaf.apieproject.com\/news\/?s={search_term_string}\"},\"query-input\":{\"@type\":\"PropertyValueSpecification\",\"valueRequired\":true,\"valueName\":\"search_term_string\"}}],\"inLanguage\":\"fr-FR\"},{\"@type\":\"Organization\",\"@id\":\"https:\/\/appsaf.apieproject.com\/news\/#organization\",\"name\":\"APIE PROJECT\",\"url\":\"https:\/\/appsaf.apieproject.com\/news\/\",\"logo\":{\"@type\":\"ImageObject\",\"inLanguage\":\"fr-FR\",\"@id\":\"https:\/\/appsaf.apieproject.com\/news\/#\/schema\/logo\/image\/\",\"url\":\"https:\/\/appsaf.apieproject.com\/news\/wp-content\/uploads\/sites\/29\/2022\/07\/logo-R-TransparentBackground.png\",\"contentUrl\":\"https:\/\/appsaf.apieproject.com\/news\/wp-content\/uploads\/sites\/29\/2022\/07\/logo-R-TransparentBackground.png\",\"width\":512,\"height\":512,\"caption\":\"APIE PROJECT\"},\"image\":{\"@id\":\"https:\/\/appsaf.apieproject.com\/news\/#\/schema\/logo\/image\/\"},\"sameAs\":[\"https:\/\/facebook.com\/apieproject\",\"https:\/\/x.com\/apieproject\"]},{\"@type\":\"Person\",\"@id\":\"https:\/\/appsaf.apieproject.com\/news\/#\/schema\/person\/399517cac378948cd7b39086f9ddc2a7\",\"name\":\"staff\",\"image\":{\"@type\":\"ImageObject\",\"inLanguage\":\"fr-FR\",\"@id\":\"https:\/\/appsaf.apieproject.com\/news\/#\/schema\/person\/image\/\",\"url\":\"https:\/\/secure.gravatar.com\/avatar\/5386283c5db150efe261184bd59f072a?s=96&d=mm&r=g\",\"contentUrl\":\"https:\/\/secure.gravatar.com\/avatar\/5386283c5db150efe261184bd59f072a?s=96&d=mm&r=g\",\"caption\":\"staff\"},\"url\":\"https:\/\/appsaf.apieproject.com\/news\/fr\/author\/staff\/\"}]}<\/script>\n<!-- \/ Yoast SEO plugin. -->","yoast_head_json":{"title":"Le Festival \u00ab Ecrans Noirs \u00bb De Yaound\u00e9, l\u2019Ambition De Rapprocher Les Communaut\u00e9s Par Le Cin\u00e9ma - APIE NEWS","robots":{"index":"index","follow":"follow","max-snippet":"max-snippet:-1","max-image-preview":"max-image-preview:large","max-video-preview":"max-video-preview:-1"},"canonical":"https:\/\/appsaf.apieproject.com\/news\/fr\/2023\/10\/30\/le-festival-ecrans-noirs-de-yaounde-lambition-de-rapprocher-les-communautes-par-le-cinema\/","og_locale":"fr_FR","og_type":"article","og_title":"Le Festival \u00ab Ecrans Noirs \u00bb De Yaound\u00e9, l\u2019Ambition De Rapprocher Les Communaut\u00e9s Par Le Cin\u00e9ma - APIE NEWS","og_description":"Vingt-quatre pays africains prennent part \u00e0 la 27e \u00e9dition du festival \u00ab Ecrans noirs \u00bb de Yaound\u00e9 (14-21 octobre), dont le programme pr\u00e9voit plusieurs panels et projections de films, avec l\u2019ambition de contribuer \u00e0 intensifier les rapports entre communaut\u00e9s.","og_url":"https:\/\/appsaf.apieproject.com\/news\/fr\/2023\/10\/30\/le-festival-ecrans-noirs-de-yaounde-lambition-de-rapprocher-les-communautes-par-le-cinema\/","og_site_name":"APIE NEWS","article_publisher":"https:\/\/facebook.com\/apieproject","article_published_time":"2023-10-30T12:55:02+00:00","article_modified_time":"2023-10-30T12:55:04+00:00","og_image":[{"width":850,"height":491,"url":"https:\/\/appsaf.apieproject.com\/news\/wp-content\/uploads\/sites\/29\/2023\/10\/xecran_noir-850x491.jpg.pagespeed.ic_.WkujsaUrQi-2f53f4256b14c3b7cce2328ab3cda2dc.jpeg","type":"image\/jpeg"}],"author":"staff","twitter_card":"summary_large_image","twitter_creator":"@apieproject","twitter_site":"@apieproject","twitter_misc":{"\u00c9crit par":"staff","Dur\u00e9e de lecture estim\u00e9e":"2 minutes"},"schema":{"@context":"https:\/\/schema.org","@graph":[{"@type":"Article","@id":"https:\/\/appsaf.apieproject.com\/news\/fr\/2023\/10\/30\/le-festival-ecrans-noirs-de-yaounde-lambition-de-rapprocher-les-communautes-par-le-cinema\/#article","isPartOf":{"@id":"https:\/\/appsaf.apieproject.com\/news\/fr\/2023\/10\/30\/le-festival-ecrans-noirs-de-yaounde-lambition-de-rapprocher-les-communautes-par-le-cinema\/"},"author":{"name":"staff","@id":"https:\/\/appsaf.apieproject.com\/news\/#\/schema\/person\/399517cac378948cd7b39086f9ddc2a7"},"headline":"Le Festival \u00ab Ecrans Noirs \u00bb De Yaound\u00e9, l\u2019Ambition De Rapprocher Les Communaut\u00e9s Par Le Cin\u00e9ma","datePublished":"2023-10-30T12:55:02+00:00","dateModified":"2023-10-30T12:55:04+00:00","mainEntityOfPage":{"@id":"https:\/\/appsaf.apieproject.com\/news\/fr\/2023\/10\/30\/le-festival-ecrans-noirs-de-yaounde-lambition-de-rapprocher-les-communautes-par-le-cinema\/"},"wordCount":333,"commentCount":0,"publisher":{"@id":"https:\/\/appsaf.apieproject.com\/news\/#organization"},"image":{"@id":"https:\/\/appsaf.apieproject.com\/news\/fr\/2023\/10\/30\/le-festival-ecrans-noirs-de-yaounde-lambition-de-rapprocher-les-communautes-par-le-cinema\/#primaryimage"},"thumbnailUrl":"https:\/\/appsaf.apieproject.com\/news\/wp-content\/uploads\/sites\/29\/2023\/10\/xecran_noir-850x491.jpg.pagespeed.ic_.WkujsaUrQi-2f53f4256b14c3b7cce2328ab3cda2dc.jpeg","keywords":["actualites","apie project","culture"],"articleSection":["Actualit\u00e9s","Culture"],"inLanguage":"fr-FR","potentialAction":[{"@type":"CommentAction","name":"Comment","target":["https:\/\/appsaf.apieproject.com\/news\/fr\/2023\/10\/30\/le-festival-ecrans-noirs-de-yaounde-lambition-de-rapprocher-les-communautes-par-le-cinema\/#respond"]}]},{"@type":"WebPage","@id":"https:\/\/appsaf.apieproject.com\/news\/fr\/2023\/10\/30\/le-festival-ecrans-noirs-de-yaounde-lambition-de-rapprocher-les-communautes-par-le-cinema\/","url":"https:\/\/appsaf.apieproject.com\/news\/fr\/2023\/10\/30\/le-festival-ecrans-noirs-de-yaounde-lambition-de-rapprocher-les-communautes-par-le-cinema\/","name":"Le Festival \u00ab Ecrans Noirs \u00bb De Yaound\u00e9, l\u2019Ambition De Rapprocher Les Communaut\u00e9s Par Le Cin\u00e9ma - APIE NEWS","isPartOf":{"@id":"https:\/\/appsaf.apieproject.com\/news\/#website"},"primaryImageOfPage":{"@id":"https:\/\/appsaf.apieproject.com\/news\/fr\/2023\/10\/30\/le-festival-ecrans-noirs-de-yaounde-lambition-de-rapprocher-les-communautes-par-le-cinema\/#primaryimage"},"image":{"@id":"https:\/\/appsaf.apieproject.com\/news\/fr\/2023\/10\/30\/le-festival-ecrans-noirs-de-yaounde-lambition-de-rapprocher-les-communautes-par-le-cinema\/#primaryimage"},"thumbnailUrl":"https:\/\/appsaf.apieproject.com\/news\/wp-content\/uploads\/sites\/29\/2023\/10\/xecran_noir-850x491.jpg.pagespeed.ic_.WkujsaUrQi-2f53f4256b14c3b7cce2328ab3cda2dc.jpeg","datePublished":"2023-10-30T12:55:02+00:00","dateModified":"2023-10-30T12:55:04+00:00","breadcrumb":{"@id":"https:\/\/appsaf.apieproject.com\/news\/fr\/2023\/10\/30\/le-festival-ecrans-noirs-de-yaounde-lambition-de-rapprocher-les-communautes-par-le-cinema\/#breadcrumb"},"inLanguage":"fr-FR","potentialAction":[{"@type":"ReadAction","target":["https:\/\/appsaf.apieproject.com\/news\/fr\/2023\/10\/30\/le-festival-ecrans-noirs-de-yaounde-lambition-de-rapprocher-les-communautes-par-le-cinema\/"]}]},{"@type":"ImageObject","inLanguage":"fr-FR","@id":"https:\/\/appsaf.apieproject.com\/news\/fr\/2023\/10\/30\/le-festival-ecrans-noirs-de-yaounde-lambition-de-rapprocher-les-communautes-par-le-cinema\/#primaryimage","url":"https:\/\/appsaf.apieproject.com\/news\/wp-content\/uploads\/sites\/29\/2023\/10\/xecran_noir-850x491.jpg.pagespeed.ic_.WkujsaUrQi-2f53f4256b14c3b7cce2328ab3cda2dc.jpeg","contentUrl":"https:\/\/appsaf.apieproject.com\/news\/wp-content\/uploads\/sites\/29\/2023\/10\/xecran_noir-850x491.jpg.pagespeed.ic_.WkujsaUrQi-2f53f4256b14c3b7cce2328ab3cda2dc.jpeg","width":850,"height":491},{"@type":"BreadcrumbList","@id":"https:\/\/appsaf.apieproject.com\/news\/fr\/2023\/10\/30\/le-festival-ecrans-noirs-de-yaounde-lambition-de-rapprocher-les-communautes-par-le-cinema\/#breadcrumb","itemListElement":[{"@type":"ListItem","position":1,"name":"Home","item":"https:\/\/appsaf.apieproject.com\/news\/fr\/home\/"},{"@type":"ListItem","position":2,"name":"Le Festival \u00ab Ecrans Noirs \u00bb De Yaound\u00e9, l\u2019Ambition De Rapprocher Les Communaut\u00e9s Par Le Cin\u00e9ma"}]},{"@type":"WebSite","@id":"https:\/\/appsaf.apieproject.com\/news\/#website","url":"https:\/\/appsaf.apieproject.com\/news\/","name":"APIE NEWS","description":"PANAFRICANISM NEWS PORTAL","publisher":{"@id":"https:\/\/appsaf.apieproject.com\/news\/#organization"},"potentialAction":[{"@type":"SearchAction","target":{"@type":"EntryPoint","urlTemplate":"https:\/\/appsaf.apieproject.com\/news\/?s={search_term_string}"},"query-input":{"@type":"PropertyValueSpecification","valueRequired":true,"valueName":"search_term_string"}}],"inLanguage":"fr-FR"},{"@type":"Organization","@id":"https:\/\/appsaf.apieproject.com\/news\/#organization","name":"APIE PROJECT","url":"https:\/\/appsaf.apieproject.com\/news\/","logo":{"@type":"ImageObject","inLanguage":"fr-FR","@id":"https:\/\/appsaf.apieproject.com\/news\/#\/schema\/logo\/image\/","url":"https:\/\/appsaf.apieproject.com\/news\/wp-content\/uploads\/sites\/29\/2022\/07\/logo-R-TransparentBackground.png","contentUrl":"https:\/\/appsaf.apieproject.com\/news\/wp-content\/uploads\/sites\/29\/2022\/07\/logo-R-TransparentBackground.png","width":512,"height":512,"caption":"APIE PROJECT"},"image":{"@id":"https:\/\/appsaf.apieproject.com\/news\/#\/schema\/logo\/image\/"},"sameAs":["https:\/\/facebook.com\/apieproject","https:\/\/x.com\/apieproject"]},{"@type":"Person","@id":"https:\/\/appsaf.apieproject.com\/news\/#\/schema\/person\/399517cac378948cd7b39086f9ddc2a7","name":"staff","image":{"@type":"ImageObject","inLanguage":"fr-FR","@id":"https:\/\/appsaf.apieproject.com\/news\/#\/schema\/person\/image\/","url":"https:\/\/secure.gravatar.com\/avatar\/5386283c5db150efe261184bd59f072a?s=96&d=mm&r=g","contentUrl":"https:\/\/secure.gravatar.com\/avatar\/5386283c5db150efe261184bd59f072a?s=96&d=mm&r=g","caption":"staff"},"url":"https:\/\/appsaf.apieproject.com\/news\/fr\/author\/staff\/"}]}},"_links":{"self":[{"href":"https:\/\/appsaf.apieproject.com\/news\/fr\/wp-json\/wp\/v2\/posts\/34478","targetHints":{"allow":["GET"]}}],"collection":[{"href":"https:\/\/appsaf.apieproject.com\/news\/fr\/wp-json\/wp\/v2\/posts"}],"about":[{"href":"https:\/\/appsaf.apieproject.com\/news\/fr\/wp-json\/wp\/v2\/types\/post"}],"author":[{"embeddable":true,"href":"https:\/\/appsaf.apieproject.com\/news\/fr\/wp-json\/wp\/v2\/users\/12963"}],"replies":[{"embeddable":true,"href":"https:\/\/appsaf.apieproject.com\/news\/fr\/wp-json\/wp\/v2\/comments?post=34478"}],"version-history":[{"count":1,"href":"https:\/\/appsaf.apieproject.com\/news\/fr\/wp-json\/wp\/v2\/posts\/34478\/revisions"}],"predecessor-version":[{"id":35019,"href":"https:\/\/appsaf.apieproject.com\/news\/fr\/wp-json\/wp\/v2\/posts\/34478\/revisions\/35019"}],"wp:featuredmedia":[{"embeddable":true,"href":"https:\/\/appsaf.apieproject.com\/news\/fr\/wp-json\/wp\/v2\/media\/34475"}],"wp:attachment":[{"href":"https:\/\/appsaf.apieproject.com\/news\/fr\/wp-json\/wp\/v2\/media?parent=34478"}],"wp:term":[{"taxonomy":"category","embeddable":true,"href":"https:\/\/appsaf.apieproject.com\/news\/fr\/wp-json\/wp\/v2\/categories?post=34478"},{"taxonomy":"post_tag","embeddable":true,"href":"https:\/\/appsaf.apieproject.com\/news\/fr\/wp-json\/wp\/v2\/tags?post=34478"}],"curies":[{"name":"wp","href":"https:\/\/api.w.org\/{rel}","templated":true}]}}