{"id":34597,"date":"2023-10-30T13:30:45","date_gmt":"2023-10-30T13:30:45","guid":{"rendered":"https:\/\/appsaf.apieproject.com\/news\/?p=34597"},"modified":"2023-10-30T13:30:48","modified_gmt":"2023-10-30T13:30:48","slug":"au-cameroun-nintcheu-lance-un-parti-de-combat-pour-concurrencer-le-sdf","status":"publish","type":"post","link":"https:\/\/appsaf.apieproject.com\/news\/fr\/2023\/10\/30\/au-cameroun-nintcheu-lance-un-parti-de-combat-pour-concurrencer-le-sdf\/","title":{"rendered":"Au Cameroun, Nintcheu Lance Un \u00ab Parti De Combat \u00bb Pour Concurrencer Le SDF"},"content":{"rendered":"<p>Alors que le congr\u00e8s du Social Democratic Front (SDF) doit s\u2019ouvrir le 27 octobre, Jean-Michel Nintcheu, d\u00e9put\u00e9 qui a \u00e9volu\u00e9 sous la banni\u00e8re du mouvement d\u2019opposition pendant des d\u00e9cennies, a finalement d\u00e9cid\u00e9 de claquer la porte du parti, alors m\u00eame qu\u2019il avait contribu\u00e9 \u00e0 sa cr\u00e9ation. Le parlementaire du Littoral a choisi de militer d\u00e9sormais au sein du Front pour le changement au Cameroun (FCC).<\/p>\n<p>Cette formation est la nouvelle appellation de l\u2019existant Rassemblement pour la patrie, cr\u00e9\u00e9 en 1992 et rebaptis\u00e9 pour l\u2019occasion \u00e0 la faveur d\u2019une modification de ses statuts. Le FCC se dit \u00ab inspir\u00e9 des id\u00e9aux du SDF originel \u00bb, selon une note consult\u00e9e par Jeune Afrique, et veut se positionner comme un \u00ab parti de combat et de lutte pour le changement au Cameroun \u00bb.<\/p>\n<p>Le G27 en premi\u00e8re ligne<\/p>\n<p>Pour continuer \u00e0 mener le \u00ab combat pour les libert\u00e9s et la d\u00e9mocratie au Cameroun, il a fallu trouver la meilleure formule \u00bb, explique le document. \u00ab Nous avons tous \u00e9t\u00e9 d\u00e9\u00e7us par la ligne politique choisie par notre ancien parti et ses dirigeants. Et davantage encore outr\u00e9s par les nombreuses exclusions qui ont vid\u00e9 ce parti de ses cadres les plus importants \u00bb, poursuit le militant Carlos Ngoualem, son r\u00e9dacteur.<\/p>\n<p>Le FCC fait donc la part belle aux anciens du SDF et en particulier \u00e0 Jean-Michel Nintcheu et au Groupe des 27 (G27), du nom des 27 cadres exclus en f\u00e9vrier 2023 du parti socialiste de John Fru Ndi, dont la pr\u00e9sidence doit \u00eatre reprise par Joshua Osih le 29 octobre. Un congr\u00e8s est d\u2019ores et d\u00e9j\u00e0 annonc\u00e9 afin de choisir les responsables du parti et de d\u00e9voiler le manifeste, le projet de soci\u00e9t\u00e9 et le programme politique, \u00e9conomique et social.<\/p>\n<p>En route vers 2025 ?<\/p>\n<p>La r\u00e9actualisation de ce parti \u00e0 l\u2019approche de l\u2019\u00e9lection pr\u00e9sidentielle pr\u00e9vue en 2025 \u00e9mane-t-elle de Jean-Michel Nintcheu dans l\u2019objectif de se positionner en vue d\u2019une candidature ? Elle intervient en tout cas \u00e0 la fin d\u2019une guerre de clans au cours de laquelle le parlementaire du Littoral aura \u00e9chou\u00e9 \u00e0 succ\u00e9der au chairman John Fru Ndi et \u00e0 emmener le SDF sur la voie d\u2019une opposition radicale au Rassemblement d\u00e9mocratique du peuple camerounais (RDPC, au pouvoir).<\/p>\n<p>Depuis que Fru Ndi, leader embl\u00e9matique du SDF d\u00e9c\u00e9d\u00e9 en juin, avait confirm\u00e9 qu\u2019il ne \u00ab sera[it] plus candidat \u00e0 aucune \u00e9lection pr\u00e9sidentielle \u00bb, le SDF a en effet connu une intense bataille de leadership avec, d\u2019un c\u00f4t\u00e9, les partisans du d\u00e9put\u00e9 Jean-Michel Nintcheu et, de l\u2019autre, ceux du d\u00e9put\u00e9 et vice-pr\u00e9sident du SDF, Joshua Osih. Le premier avait fini par \u00eatre exclu de la formation socialiste, laissant le champ libre \u00e0 son adversaire politique.<\/p>\n<p>Partisan d\u2019une forme de radicalit\u00e9 politique \u2013 ce qui l\u2019a conduit \u00e0 se rapprocher du Mouvement pour la renaissance du Cameroun de Maurice Kamto \u2013, il n\u2019avait toutefois pas dit adieu \u00e0 ses ambitions de repr\u00e9senter une opposition socialiste cr\u00e9dible \u00e0 Paul Biya. Deux ans avant la prochaine pr\u00e9sidentielle, l\u2019exp\u00e9riment\u00e9 parlementaire doit d\u00e9sormais trouver sa place au milieu de partis d\u00e9j\u00e0 install\u00e9s : le SDF, donc, le MRC, mais aussi le Parti camerounais pour la r\u00e9conciliation nationale (PCRN) de Cabral Libii.<\/p>\n","protected":false},"excerpt":{"rendered":"<p>Le d\u00e9put\u00e9 du Social Democratic Front Jean-Michel Nintcheu rejoint le Front pour le changement au Cameroun, nouvelle appellation du Rassemblement pour la patrie. Avec comme ambition de porter les id\u00e9aux socialistes jusqu\u2019\u00e0 la pr\u00e9sidentielle de 2025 ?<\/p>\n","protected":false},"author":12963,"featured_media":34594,"comment_status":"open","ping_status":"open","sticky":false,"template":"","format":"standard","meta":{"footnotes":""},"categories":[67,69],"tags":[81,78,82],"class_list":{"0":"post-34597","1":"post","2":"type-post","3":"status-publish","4":"format-standard","5":"has-post-thumbnail","7":"category-actualites","8":"category-politique","9":"tag-actualites","10":"tag-apie-project-2","11":"tag-politique"},"yoast_head":"<!-- This site is optimized with the Yoast SEO plugin v24.4 - https:\/\/yoast.com\/wordpress\/plugins\/seo\/ -->\n<title>Au Cameroun, Nintcheu Lance Un \u00ab Parti De Combat \u00bb Pour Concurrencer Le SDF - APIE NEWS<\/title>\n<meta name=\"robots\" content=\"index, follow, max-snippet:-1, max-image-preview:large, max-video-preview:-1\" \/>\n<link rel=\"canonical\" href=\"https:\/\/appsaf.apieproject.com\/news\/fr\/2023\/10\/30\/au-cameroun-nintcheu-lance-un-parti-de-combat-pour-concurrencer-le-sdf\/\" \/>\n<meta property=\"og:locale\" content=\"fr_FR\" \/>\n<meta property=\"og:type\" content=\"article\" \/>\n<meta property=\"og:title\" content=\"Au Cameroun, Nintcheu Lance Un \u00ab Parti De Combat \u00bb Pour Concurrencer Le SDF - APIE NEWS\" \/>\n<meta property=\"og:description\" content=\"Le d\u00e9put\u00e9 du Social Democratic Front Jean-Michel Nintcheu rejoint le Front pour le changement au Cameroun, nouvelle appellation du Rassemblement pour la patrie. Avec comme ambition de porter les id\u00e9aux socialistes jusqu\u2019\u00e0 la pr\u00e9sidentielle de 2025 ?\" \/>\n<meta property=\"og:url\" content=\"https:\/\/appsaf.apieproject.com\/news\/fr\/2023\/10\/30\/au-cameroun-nintcheu-lance-un-parti-de-combat-pour-concurrencer-le-sdf\/\" \/>\n<meta property=\"og:site_name\" content=\"APIE NEWS\" \/>\n<meta property=\"article:publisher\" content=\"https:\/\/facebook.com\/apieproject\" \/>\n<meta property=\"article:published_time\" content=\"2023-10-30T13:30:45+00:00\" \/>\n<meta property=\"article:modified_time\" content=\"2023-10-30T13:30:48+00:00\" \/>\n<meta property=\"og:image\" content=\"https:\/\/appsaf.apieproject.com\/news\/wp-content\/uploads\/sites\/29\/2023\/10\/jad20231025-ass-cameroun-jean-michel-nintcheu-8d53fe5bef02a329f6ac615baa55fc6c.jpg\" \/>\n\t<meta property=\"og:image:width\" content=\"750\" \/>\n\t<meta property=\"og:image:height\" content=\"500\" \/>\n\t<meta property=\"og:image:type\" content=\"image\/jpeg\" \/>\n<meta name=\"author\" content=\"staff\" \/>\n<meta name=\"twitter:card\" content=\"summary_large_image\" \/>\n<meta name=\"twitter:creator\" content=\"@apieproject\" \/>\n<meta name=\"twitter:site\" content=\"@apieproject\" \/>\n<meta name=\"twitter:label1\" content=\"\u00c9crit par\" \/>\n\t<meta name=\"twitter:data1\" content=\"staff\" \/>\n\t<meta name=\"twitter:label2\" content=\"Dur\u00e9e de lecture estim\u00e9e\" \/>\n\t<meta name=\"twitter:data2\" content=\"3 minutes\" \/>\n<script type=\"application\/ld+json\" class=\"yoast-schema-graph\">{\"@context\":\"https:\/\/schema.org\",\"@graph\":[{\"@type\":\"Article\",\"@id\":\"https:\/\/appsaf.apieproject.com\/news\/fr\/2023\/10\/30\/au-cameroun-nintcheu-lance-un-parti-de-combat-pour-concurrencer-le-sdf\/#article\",\"isPartOf\":{\"@id\":\"https:\/\/appsaf.apieproject.com\/news\/fr\/2023\/10\/30\/au-cameroun-nintcheu-lance-un-parti-de-combat-pour-concurrencer-le-sdf\/\"},\"author\":{\"name\":\"staff\",\"@id\":\"https:\/\/appsaf.apieproject.com\/news\/#\/schema\/person\/399517cac378948cd7b39086f9ddc2a7\"},\"headline\":\"Au Cameroun, Nintcheu Lance Un \u00ab Parti De Combat \u00bb Pour Concurrencer Le SDF\",\"datePublished\":\"2023-10-30T13:30:45+00:00\",\"dateModified\":\"2023-10-30T13:30:48+00:00\",\"mainEntityOfPage\":{\"@id\":\"https:\/\/appsaf.apieproject.com\/news\/fr\/2023\/10\/30\/au-cameroun-nintcheu-lance-un-parti-de-combat-pour-concurrencer-le-sdf\/\"},\"wordCount\":564,\"commentCount\":0,\"publisher\":{\"@id\":\"https:\/\/appsaf.apieproject.com\/news\/#organization\"},\"image\":{\"@id\":\"https:\/\/appsaf.apieproject.com\/news\/fr\/2023\/10\/30\/au-cameroun-nintcheu-lance-un-parti-de-combat-pour-concurrencer-le-sdf\/#primaryimage\"},\"thumbnailUrl\":\"https:\/\/appsaf.apieproject.com\/news\/wp-content\/uploads\/sites\/29\/2023\/10\/jad20231025-ass-cameroun-jean-michel-nintcheu-8d53fe5bef02a329f6ac615baa55fc6c.jpg\",\"keywords\":[\"actualites\",\"apie project\",\"politique\"],\"articleSection\":[\"Actualit\u00e9s\",\"Politique\"],\"inLanguage\":\"fr-FR\",\"potentialAction\":[{\"@type\":\"CommentAction\",\"name\":\"Comment\",\"target\":[\"https:\/\/appsaf.apieproject.com\/news\/fr\/2023\/10\/30\/au-cameroun-nintcheu-lance-un-parti-de-combat-pour-concurrencer-le-sdf\/#respond\"]}]},{\"@type\":\"WebPage\",\"@id\":\"https:\/\/appsaf.apieproject.com\/news\/fr\/2023\/10\/30\/au-cameroun-nintcheu-lance-un-parti-de-combat-pour-concurrencer-le-sdf\/\",\"url\":\"https:\/\/appsaf.apieproject.com\/news\/fr\/2023\/10\/30\/au-cameroun-nintcheu-lance-un-parti-de-combat-pour-concurrencer-le-sdf\/\",\"name\":\"Au Cameroun, Nintcheu Lance Un \u00ab Parti De Combat \u00bb Pour Concurrencer Le SDF - APIE NEWS\",\"isPartOf\":{\"@id\":\"https:\/\/appsaf.apieproject.com\/news\/#website\"},\"primaryImageOfPage\":{\"@id\":\"https:\/\/appsaf.apieproject.com\/news\/fr\/2023\/10\/30\/au-cameroun-nintcheu-lance-un-parti-de-combat-pour-concurrencer-le-sdf\/#primaryimage\"},\"image\":{\"@id\":\"https:\/\/appsaf.apieproject.com\/news\/fr\/2023\/10\/30\/au-cameroun-nintcheu-lance-un-parti-de-combat-pour-concurrencer-le-sdf\/#primaryimage\"},\"thumbnailUrl\":\"https:\/\/appsaf.apieproject.com\/news\/wp-content\/uploads\/sites\/29\/2023\/10\/jad20231025-ass-cameroun-jean-michel-nintcheu-8d53fe5bef02a329f6ac615baa55fc6c.jpg\",\"datePublished\":\"2023-10-30T13:30:45+00:00\",\"dateModified\":\"2023-10-30T13:30:48+00:00\",\"breadcrumb\":{\"@id\":\"https:\/\/appsaf.apieproject.com\/news\/fr\/2023\/10\/30\/au-cameroun-nintcheu-lance-un-parti-de-combat-pour-concurrencer-le-sdf\/#breadcrumb\"},\"inLanguage\":\"fr-FR\",\"potentialAction\":[{\"@type\":\"ReadAction\",\"target\":[\"https:\/\/appsaf.apieproject.com\/news\/fr\/2023\/10\/30\/au-cameroun-nintcheu-lance-un-parti-de-combat-pour-concurrencer-le-sdf\/\"]}]},{\"@type\":\"ImageObject\",\"inLanguage\":\"fr-FR\",\"@id\":\"https:\/\/appsaf.apieproject.com\/news\/fr\/2023\/10\/30\/au-cameroun-nintcheu-lance-un-parti-de-combat-pour-concurrencer-le-sdf\/#primaryimage\",\"url\":\"https:\/\/appsaf.apieproject.com\/news\/wp-content\/uploads\/sites\/29\/2023\/10\/jad20231025-ass-cameroun-jean-michel-nintcheu-8d53fe5bef02a329f6ac615baa55fc6c.jpg\",\"contentUrl\":\"https:\/\/appsaf.apieproject.com\/news\/wp-content\/uploads\/sites\/29\/2023\/10\/jad20231025-ass-cameroun-jean-michel-nintcheu-8d53fe5bef02a329f6ac615baa55fc6c.jpg\",\"width\":750,\"height\":500},{\"@type\":\"BreadcrumbList\",\"@id\":\"https:\/\/appsaf.apieproject.com\/news\/fr\/2023\/10\/30\/au-cameroun-nintcheu-lance-un-parti-de-combat-pour-concurrencer-le-sdf\/#breadcrumb\",\"itemListElement\":[{\"@type\":\"ListItem\",\"position\":1,\"name\":\"Home\",\"item\":\"https:\/\/appsaf.apieproject.com\/news\/fr\/home\/\"},{\"@type\":\"ListItem\",\"position\":2,\"name\":\"Au Cameroun, Nintcheu Lance Un \u00ab Parti De Combat \u00bb Pour Concurrencer Le SDF\"}]},{\"@type\":\"WebSite\",\"@id\":\"https:\/\/appsaf.apieproject.com\/news\/#website\",\"url\":\"https:\/\/appsaf.apieproject.com\/news\/\",\"name\":\"APIE NEWS\",\"description\":\"PANAFRICANISM NEWS PORTAL\",\"publisher\":{\"@id\":\"https:\/\/appsaf.apieproject.com\/news\/#organization\"},\"potentialAction\":[{\"@type\":\"SearchAction\",\"target\":{\"@type\":\"EntryPoint\",\"urlTemplate\":\"https:\/\/appsaf.apieproject.com\/news\/?s={search_term_string}\"},\"query-input\":{\"@type\":\"PropertyValueSpecification\",\"valueRequired\":true,\"valueName\":\"search_term_string\"}}],\"inLanguage\":\"fr-FR\"},{\"@type\":\"Organization\",\"@id\":\"https:\/\/appsaf.apieproject.com\/news\/#organization\",\"name\":\"APIE PROJECT\",\"url\":\"https:\/\/appsaf.apieproject.com\/news\/\",\"logo\":{\"@type\":\"ImageObject\",\"inLanguage\":\"fr-FR\",\"@id\":\"https:\/\/appsaf.apieproject.com\/news\/#\/schema\/logo\/image\/\",\"url\":\"https:\/\/appsaf.apieproject.com\/news\/wp-content\/uploads\/sites\/29\/2022\/07\/logo-R-TransparentBackground.png\",\"contentUrl\":\"https:\/\/appsaf.apieproject.com\/news\/wp-content\/uploads\/sites\/29\/2022\/07\/logo-R-TransparentBackground.png\",\"width\":512,\"height\":512,\"caption\":\"APIE PROJECT\"},\"image\":{\"@id\":\"https:\/\/appsaf.apieproject.com\/news\/#\/schema\/logo\/image\/\"},\"sameAs\":[\"https:\/\/facebook.com\/apieproject\",\"https:\/\/x.com\/apieproject\"]},{\"@type\":\"Person\",\"@id\":\"https:\/\/appsaf.apieproject.com\/news\/#\/schema\/person\/399517cac378948cd7b39086f9ddc2a7\",\"name\":\"staff\",\"image\":{\"@type\":\"ImageObject\",\"inLanguage\":\"fr-FR\",\"@id\":\"https:\/\/appsaf.apieproject.com\/news\/#\/schema\/person\/image\/\",\"url\":\"https:\/\/secure.gravatar.com\/avatar\/5386283c5db150efe261184bd59f072a?s=96&d=mm&r=g\",\"contentUrl\":\"https:\/\/secure.gravatar.com\/avatar\/5386283c5db150efe261184bd59f072a?s=96&d=mm&r=g\",\"caption\":\"staff\"},\"url\":\"https:\/\/appsaf.apieproject.com\/news\/fr\/author\/staff\/\"}]}<\/script>\n<!-- \/ Yoast SEO plugin. -->","yoast_head_json":{"title":"Au Cameroun, Nintcheu Lance Un \u00ab Parti De Combat \u00bb Pour Concurrencer Le SDF - APIE NEWS","robots":{"index":"index","follow":"follow","max-snippet":"max-snippet:-1","max-image-preview":"max-image-preview:large","max-video-preview":"max-video-preview:-1"},"canonical":"https:\/\/appsaf.apieproject.com\/news\/fr\/2023\/10\/30\/au-cameroun-nintcheu-lance-un-parti-de-combat-pour-concurrencer-le-sdf\/","og_locale":"fr_FR","og_type":"article","og_title":"Au Cameroun, Nintcheu Lance Un \u00ab Parti De Combat \u00bb Pour Concurrencer Le SDF - APIE NEWS","og_description":"Le d\u00e9put\u00e9 du Social Democratic Front Jean-Michel Nintcheu rejoint le Front pour le changement au Cameroun, nouvelle appellation du Rassemblement pour la patrie. Avec comme ambition de porter les id\u00e9aux socialistes jusqu\u2019\u00e0 la pr\u00e9sidentielle de 2025 ?","og_url":"https:\/\/appsaf.apieproject.com\/news\/fr\/2023\/10\/30\/au-cameroun-nintcheu-lance-un-parti-de-combat-pour-concurrencer-le-sdf\/","og_site_name":"APIE NEWS","article_publisher":"https:\/\/facebook.com\/apieproject","article_published_time":"2023-10-30T13:30:45+00:00","article_modified_time":"2023-10-30T13:30:48+00:00","og_image":[{"width":750,"height":500,"url":"https:\/\/appsaf.apieproject.com\/news\/wp-content\/uploads\/sites\/29\/2023\/10\/jad20231025-ass-cameroun-jean-michel-nintcheu-8d53fe5bef02a329f6ac615baa55fc6c.jpg","type":"image\/jpeg"}],"author":"staff","twitter_card":"summary_large_image","twitter_creator":"@apieproject","twitter_site":"@apieproject","twitter_misc":{"\u00c9crit par":"staff","Dur\u00e9e de lecture estim\u00e9e":"3 minutes"},"schema":{"@context":"https:\/\/schema.org","@graph":[{"@type":"Article","@id":"https:\/\/appsaf.apieproject.com\/news\/fr\/2023\/10\/30\/au-cameroun-nintcheu-lance-un-parti-de-combat-pour-concurrencer-le-sdf\/#article","isPartOf":{"@id":"https:\/\/appsaf.apieproject.com\/news\/fr\/2023\/10\/30\/au-cameroun-nintcheu-lance-un-parti-de-combat-pour-concurrencer-le-sdf\/"},"author":{"name":"staff","@id":"https:\/\/appsaf.apieproject.com\/news\/#\/schema\/person\/399517cac378948cd7b39086f9ddc2a7"},"headline":"Au Cameroun, Nintcheu Lance Un \u00ab Parti De Combat \u00bb Pour Concurrencer Le SDF","datePublished":"2023-10-30T13:30:45+00:00","dateModified":"2023-10-30T13:30:48+00:00","mainEntityOfPage":{"@id":"https:\/\/appsaf.apieproject.com\/news\/fr\/2023\/10\/30\/au-cameroun-nintcheu-lance-un-parti-de-combat-pour-concurrencer-le-sdf\/"},"wordCount":564,"commentCount":0,"publisher":{"@id":"https:\/\/appsaf.apieproject.com\/news\/#organization"},"image":{"@id":"https:\/\/appsaf.apieproject.com\/news\/fr\/2023\/10\/30\/au-cameroun-nintcheu-lance-un-parti-de-combat-pour-concurrencer-le-sdf\/#primaryimage"},"thumbnailUrl":"https:\/\/appsaf.apieproject.com\/news\/wp-content\/uploads\/sites\/29\/2023\/10\/jad20231025-ass-cameroun-jean-michel-nintcheu-8d53fe5bef02a329f6ac615baa55fc6c.jpg","keywords":["actualites","apie project","politique"],"articleSection":["Actualit\u00e9s","Politique"],"inLanguage":"fr-FR","potentialAction":[{"@type":"CommentAction","name":"Comment","target":["https:\/\/appsaf.apieproject.com\/news\/fr\/2023\/10\/30\/au-cameroun-nintcheu-lance-un-parti-de-combat-pour-concurrencer-le-sdf\/#respond"]}]},{"@type":"WebPage","@id":"https:\/\/appsaf.apieproject.com\/news\/fr\/2023\/10\/30\/au-cameroun-nintcheu-lance-un-parti-de-combat-pour-concurrencer-le-sdf\/","url":"https:\/\/appsaf.apieproject.com\/news\/fr\/2023\/10\/30\/au-cameroun-nintcheu-lance-un-parti-de-combat-pour-concurrencer-le-sdf\/","name":"Au Cameroun, Nintcheu Lance Un \u00ab Parti De Combat \u00bb Pour Concurrencer Le SDF - APIE NEWS","isPartOf":{"@id":"https:\/\/appsaf.apieproject.com\/news\/#website"},"primaryImageOfPage":{"@id":"https:\/\/appsaf.apieproject.com\/news\/fr\/2023\/10\/30\/au-cameroun-nintcheu-lance-un-parti-de-combat-pour-concurrencer-le-sdf\/#primaryimage"},"image":{"@id":"https:\/\/appsaf.apieproject.com\/news\/fr\/2023\/10\/30\/au-cameroun-nintcheu-lance-un-parti-de-combat-pour-concurrencer-le-sdf\/#primaryimage"},"thumbnailUrl":"https:\/\/appsaf.apieproject.com\/news\/wp-content\/uploads\/sites\/29\/2023\/10\/jad20231025-ass-cameroun-jean-michel-nintcheu-8d53fe5bef02a329f6ac615baa55fc6c.jpg","datePublished":"2023-10-30T13:30:45+00:00","dateModified":"2023-10-30T13:30:48+00:00","breadcrumb":{"@id":"https:\/\/appsaf.apieproject.com\/news\/fr\/2023\/10\/30\/au-cameroun-nintcheu-lance-un-parti-de-combat-pour-concurrencer-le-sdf\/#breadcrumb"},"inLanguage":"fr-FR","potentialAction":[{"@type":"ReadAction","target":["https:\/\/appsaf.apieproject.com\/news\/fr\/2023\/10\/30\/au-cameroun-nintcheu-lance-un-parti-de-combat-pour-concurrencer-le-sdf\/"]}]},{"@type":"ImageObject","inLanguage":"fr-FR","@id":"https:\/\/appsaf.apieproject.com\/news\/fr\/2023\/10\/30\/au-cameroun-nintcheu-lance-un-parti-de-combat-pour-concurrencer-le-sdf\/#primaryimage","url":"https:\/\/appsaf.apieproject.com\/news\/wp-content\/uploads\/sites\/29\/2023\/10\/jad20231025-ass-cameroun-jean-michel-nintcheu-8d53fe5bef02a329f6ac615baa55fc6c.jpg","contentUrl":"https:\/\/appsaf.apieproject.com\/news\/wp-content\/uploads\/sites\/29\/2023\/10\/jad20231025-ass-cameroun-jean-michel-nintcheu-8d53fe5bef02a329f6ac615baa55fc6c.jpg","width":750,"height":500},{"@type":"BreadcrumbList","@id":"https:\/\/appsaf.apieproject.com\/news\/fr\/2023\/10\/30\/au-cameroun-nintcheu-lance-un-parti-de-combat-pour-concurrencer-le-sdf\/#breadcrumb","itemListElement":[{"@type":"ListItem","position":1,"name":"Home","item":"https:\/\/appsaf.apieproject.com\/news\/fr\/home\/"},{"@type":"ListItem","position":2,"name":"Au Cameroun, Nintcheu Lance Un \u00ab Parti De Combat \u00bb Pour Concurrencer Le SDF"}]},{"@type":"WebSite","@id":"https:\/\/appsaf.apieproject.com\/news\/#website","url":"https:\/\/appsaf.apieproject.com\/news\/","name":"APIE NEWS","description":"PANAFRICANISM NEWS PORTAL","publisher":{"@id":"https:\/\/appsaf.apieproject.com\/news\/#organization"},"potentialAction":[{"@type":"SearchAction","target":{"@type":"EntryPoint","urlTemplate":"https:\/\/appsaf.apieproject.com\/news\/?s={search_term_string}"},"query-input":{"@type":"PropertyValueSpecification","valueRequired":true,"valueName":"search_term_string"}}],"inLanguage":"fr-FR"},{"@type":"Organization","@id":"https:\/\/appsaf.apieproject.com\/news\/#organization","name":"APIE PROJECT","url":"https:\/\/appsaf.apieproject.com\/news\/","logo":{"@type":"ImageObject","inLanguage":"fr-FR","@id":"https:\/\/appsaf.apieproject.com\/news\/#\/schema\/logo\/image\/","url":"https:\/\/appsaf.apieproject.com\/news\/wp-content\/uploads\/sites\/29\/2022\/07\/logo-R-TransparentBackground.png","contentUrl":"https:\/\/appsaf.apieproject.com\/news\/wp-content\/uploads\/sites\/29\/2022\/07\/logo-R-TransparentBackground.png","width":512,"height":512,"caption":"APIE PROJECT"},"image":{"@id":"https:\/\/appsaf.apieproject.com\/news\/#\/schema\/logo\/image\/"},"sameAs":["https:\/\/facebook.com\/apieproject","https:\/\/x.com\/apieproject"]},{"@type":"Person","@id":"https:\/\/appsaf.apieproject.com\/news\/#\/schema\/person\/399517cac378948cd7b39086f9ddc2a7","name":"staff","image":{"@type":"ImageObject","inLanguage":"fr-FR","@id":"https:\/\/appsaf.apieproject.com\/news\/#\/schema\/person\/image\/","url":"https:\/\/secure.gravatar.com\/avatar\/5386283c5db150efe261184bd59f072a?s=96&d=mm&r=g","contentUrl":"https:\/\/secure.gravatar.com\/avatar\/5386283c5db150efe261184bd59f072a?s=96&d=mm&r=g","caption":"staff"},"url":"https:\/\/appsaf.apieproject.com\/news\/fr\/author\/staff\/"}]}},"_links":{"self":[{"href":"https:\/\/appsaf.apieproject.com\/news\/fr\/wp-json\/wp\/v2\/posts\/34597","targetHints":{"allow":["GET"]}}],"collection":[{"href":"https:\/\/appsaf.apieproject.com\/news\/fr\/wp-json\/wp\/v2\/posts"}],"about":[{"href":"https:\/\/appsaf.apieproject.com\/news\/fr\/wp-json\/wp\/v2\/types\/post"}],"author":[{"embeddable":true,"href":"https:\/\/appsaf.apieproject.com\/news\/fr\/wp-json\/wp\/v2\/users\/12963"}],"replies":[{"embeddable":true,"href":"https:\/\/appsaf.apieproject.com\/news\/fr\/wp-json\/wp\/v2\/comments?post=34597"}],"version-history":[{"count":1,"href":"https:\/\/appsaf.apieproject.com\/news\/fr\/wp-json\/wp\/v2\/posts\/34597\/revisions"}],"predecessor-version":[{"id":35040,"href":"https:\/\/appsaf.apieproject.com\/news\/fr\/wp-json\/wp\/v2\/posts\/34597\/revisions\/35040"}],"wp:featuredmedia":[{"embeddable":true,"href":"https:\/\/appsaf.apieproject.com\/news\/fr\/wp-json\/wp\/v2\/media\/34594"}],"wp:attachment":[{"href":"https:\/\/appsaf.apieproject.com\/news\/fr\/wp-json\/wp\/v2\/media?parent=34597"}],"wp:term":[{"taxonomy":"category","embeddable":true,"href":"https:\/\/appsaf.apieproject.com\/news\/fr\/wp-json\/wp\/v2\/categories?post=34597"},{"taxonomy":"post_tag","embeddable":true,"href":"https:\/\/appsaf.apieproject.com\/news\/fr\/wp-json\/wp\/v2\/tags?post=34597"}],"curies":[{"name":"wp","href":"https:\/\/api.w.org\/{rel}","templated":true}]}}