{"id":34601,"date":"2023-10-30T13:32:12","date_gmt":"2023-10-30T13:32:12","guid":{"rendered":"https:\/\/appsaf.apieproject.com\/news\/?p=34601"},"modified":"2023-10-30T13:32:13","modified_gmt":"2023-10-30T13:32:13","slug":"centrafrique-des-avancees-majeures-dans-le-processus-politique-et-de-pacification-du-pays","status":"publish","type":"post","link":"https:\/\/appsaf.apieproject.com\/news\/fr\/2023\/10\/30\/centrafrique-des-avancees-majeures-dans-le-processus-politique-et-de-pacification-du-pays\/","title":{"rendered":"Centrafrique: Des \u00ab Avanc\u00e9es Majeures\u00bb Dans Le Processus Politique Et De Pacification Du Pays"},"content":{"rendered":"<p>Seize mois apr\u00e8s la derni\u00e8re r\u00e9union de suivi, il a assur\u00e9 que ces accords demeuraient, selon lui, le cadre de dialogue avec les groupes arm\u00e9s. Il a salu\u00e9 \u00ab des avanc\u00e9es majeures \u00bb, notamment la dissolution de neuf organisations, parmi les quatorze signataires de Khartoum.<br \/>\nMais les principales n\u2019ont pas d\u00e9sarm\u00e9 et entretiennent l\u2019ins\u00e9curit\u00e9 dans les r\u00e9gions frontali\u00e8res du nord et de l\u2019est de la RCA. La Coalition des patriotes pour le changement (CPC) a revendiqu\u00e9 deux attaques meurtri\u00e8res contre l\u2019arm\u00e9e depuis le vendredi 20 octobre.<br \/>\nSur le plan politique, le pr\u00e9sident centrafricain a mis en avant le dialogue r\u00e9publicain de mars 2022, sans \u00e9voquer le contest\u00e9 referendum constitutionnel de fin juillet, qui a notamment conduit \u00e0 un report suppl\u00e9mentaire des \u00e9lections locales \u00e0 octobre 2024. Il a aussi appel\u00e9 \u00e0 davantage de soutien financier international.<\/p>\n<p>De la nouvelle constitution, pas un mot non plus dans le communiqu\u00e9 final : les participants ont pr\u00e9f\u00e9r\u00e9 mettre en avant des \u00ab efforts significatifs \u00bb, en particulier sur la d\u00e9mobilisation-r\u00e9insertion, avec plus de 4 800 hommes pris en charge par le programme D\u00e9sarmement, d\u00e9mobilisation, r\u00e9int\u00e9gration et rapatriement (DDRR).<br \/>\nDes conclusions qualifi\u00e9es de \u00ab lunaires \u00bb par un des cadres de l\u2019opposition centrafricaine.<br \/>\nPour rappel, l\u2019APPR-RCA avait \u00e9t\u00e9 sign\u00e9 le 6 f\u00e9vrier 2019 \u00e0 Bangui par le Gouvernement centrafricain et 14 groupes arm\u00e9s, \u00e0 la suite de pourparlers men\u00e9s \u00e0 Khartoum au Soudan. Il est le dernier en date d\u2019une s\u00e9rie d\u2019accords cens\u00e9s mettre un terme aux crises qui ont secou\u00e9 le pays, notamment les \u00e9pisodes de guerre civile des ann\u00e9es 2012-2014.<\/p>\n","protected":false},"excerpt":{"rendered":"<p>Le pr\u00e9sident Faustin-Archange Touad\u00e9ra s\u2019est f\u00e9licit\u00e9 des progr\u00e8s du processus politique et de pacification en Centrafrique. Il accueillait \u00e0 Bangui une r\u00e9union de suivi des accords de Khartoum.<\/p>\n","protected":false},"author":12963,"featured_media":34598,"comment_status":"open","ping_status":"open","sticky":false,"template":"","format":"standard","meta":{"footnotes":""},"categories":[67,69],"tags":[81,78,82],"class_list":{"0":"post-34601","1":"post","2":"type-post","3":"status-publish","4":"format-standard","5":"has-post-thumbnail","7":"category-actualites","8":"category-politique","9":"tag-actualites","10":"tag-apie-project-2","11":"tag-politique"},"yoast_head":"<!-- This site is optimized with the Yoast SEO plugin v24.4 - https:\/\/yoast.com\/wordpress\/plugins\/seo\/ -->\n<title>Centrafrique: Des \u00ab Avanc\u00e9es Majeures\u00bb Dans Le Processus Politique Et De Pacification Du Pays - APIE NEWS<\/title>\n<meta name=\"robots\" content=\"index, follow, max-snippet:-1, max-image-preview:large, max-video-preview:-1\" \/>\n<link rel=\"canonical\" href=\"https:\/\/appsaf.apieproject.com\/news\/fr\/2023\/10\/30\/centrafrique-des-avancees-majeures-dans-le-processus-politique-et-de-pacification-du-pays\/\" \/>\n<meta property=\"og:locale\" content=\"fr_FR\" \/>\n<meta property=\"og:type\" content=\"article\" \/>\n<meta property=\"og:title\" content=\"Centrafrique: Des \u00ab Avanc\u00e9es Majeures\u00bb Dans Le Processus Politique Et De Pacification Du Pays - APIE NEWS\" \/>\n<meta property=\"og:description\" content=\"Le pr\u00e9sident Faustin-Archange Touad\u00e9ra s\u2019est f\u00e9licit\u00e9 des progr\u00e8s du processus politique et de pacification en Centrafrique. Il accueillait \u00e0 Bangui une r\u00e9union de suivi des accords de Khartoum.\" \/>\n<meta property=\"og:url\" content=\"https:\/\/appsaf.apieproject.com\/news\/fr\/2023\/10\/30\/centrafrique-des-avancees-majeures-dans-le-processus-politique-et-de-pacification-du-pays\/\" \/>\n<meta property=\"og:site_name\" content=\"APIE NEWS\" \/>\n<meta property=\"article:publisher\" content=\"https:\/\/facebook.com\/apieproject\" \/>\n<meta property=\"article:published_time\" content=\"2023-10-30T13:32:12+00:00\" \/>\n<meta property=\"article:modified_time\" content=\"2023-10-30T13:32:13+00:00\" \/>\n<meta property=\"og:image\" content=\"https:\/\/appsaf.apieproject.com\/news\/wp-content\/uploads\/sites\/29\/2023\/10\/jjhy-696x392-50b8d4984cfc010c2e4c2a66b531fa6c.jpg\" \/>\n\t<meta property=\"og:image:width\" content=\"696\" \/>\n\t<meta property=\"og:image:height\" content=\"392\" \/>\n\t<meta property=\"og:image:type\" content=\"image\/jpeg\" \/>\n<meta name=\"author\" content=\"staff\" \/>\n<meta name=\"twitter:card\" content=\"summary_large_image\" \/>\n<meta name=\"twitter:creator\" content=\"@apieproject\" \/>\n<meta name=\"twitter:site\" content=\"@apieproject\" \/>\n<meta name=\"twitter:label1\" content=\"\u00c9crit par\" \/>\n\t<meta name=\"twitter:data1\" content=\"staff\" \/>\n\t<meta name=\"twitter:label2\" content=\"Dur\u00e9e de lecture estim\u00e9e\" \/>\n\t<meta name=\"twitter:data2\" content=\"1 minute\" \/>\n<script type=\"application\/ld+json\" class=\"yoast-schema-graph\">{\"@context\":\"https:\/\/schema.org\",\"@graph\":[{\"@type\":\"Article\",\"@id\":\"https:\/\/appsaf.apieproject.com\/news\/fr\/2023\/10\/30\/centrafrique-des-avancees-majeures-dans-le-processus-politique-et-de-pacification-du-pays\/#article\",\"isPartOf\":{\"@id\":\"https:\/\/appsaf.apieproject.com\/news\/fr\/2023\/10\/30\/centrafrique-des-avancees-majeures-dans-le-processus-politique-et-de-pacification-du-pays\/\"},\"author\":{\"name\":\"staff\",\"@id\":\"https:\/\/appsaf.apieproject.com\/news\/#\/schema\/person\/399517cac378948cd7b39086f9ddc2a7\"},\"headline\":\"Centrafrique: Des \u00ab Avanc\u00e9es Majeures\u00bb Dans Le Processus Politique Et De Pacification Du Pays\",\"datePublished\":\"2023-10-30T13:32:12+00:00\",\"dateModified\":\"2023-10-30T13:32:13+00:00\",\"mainEntityOfPage\":{\"@id\":\"https:\/\/appsaf.apieproject.com\/news\/fr\/2023\/10\/30\/centrafrique-des-avancees-majeures-dans-le-processus-politique-et-de-pacification-du-pays\/\"},\"wordCount\":288,\"commentCount\":0,\"publisher\":{\"@id\":\"https:\/\/appsaf.apieproject.com\/news\/#organization\"},\"image\":{\"@id\":\"https:\/\/appsaf.apieproject.com\/news\/fr\/2023\/10\/30\/centrafrique-des-avancees-majeures-dans-le-processus-politique-et-de-pacification-du-pays\/#primaryimage\"},\"thumbnailUrl\":\"https:\/\/appsaf.apieproject.com\/news\/wp-content\/uploads\/sites\/29\/2023\/10\/jjhy-696x392-50b8d4984cfc010c2e4c2a66b531fa6c.jpg\",\"keywords\":[\"actualites\",\"apie project\",\"politique\"],\"articleSection\":[\"Actualit\u00e9s\",\"Politique\"],\"inLanguage\":\"fr-FR\",\"potentialAction\":[{\"@type\":\"CommentAction\",\"name\":\"Comment\",\"target\":[\"https:\/\/appsaf.apieproject.com\/news\/fr\/2023\/10\/30\/centrafrique-des-avancees-majeures-dans-le-processus-politique-et-de-pacification-du-pays\/#respond\"]}]},{\"@type\":\"WebPage\",\"@id\":\"https:\/\/appsaf.apieproject.com\/news\/fr\/2023\/10\/30\/centrafrique-des-avancees-majeures-dans-le-processus-politique-et-de-pacification-du-pays\/\",\"url\":\"https:\/\/appsaf.apieproject.com\/news\/fr\/2023\/10\/30\/centrafrique-des-avancees-majeures-dans-le-processus-politique-et-de-pacification-du-pays\/\",\"name\":\"Centrafrique: Des \u00ab Avanc\u00e9es Majeures\u00bb Dans Le Processus Politique Et De Pacification Du Pays - APIE NEWS\",\"isPartOf\":{\"@id\":\"https:\/\/appsaf.apieproject.com\/news\/#website\"},\"primaryImageOfPage\":{\"@id\":\"https:\/\/appsaf.apieproject.com\/news\/fr\/2023\/10\/30\/centrafrique-des-avancees-majeures-dans-le-processus-politique-et-de-pacification-du-pays\/#primaryimage\"},\"image\":{\"@id\":\"https:\/\/appsaf.apieproject.com\/news\/fr\/2023\/10\/30\/centrafrique-des-avancees-majeures-dans-le-processus-politique-et-de-pacification-du-pays\/#primaryimage\"},\"thumbnailUrl\":\"https:\/\/appsaf.apieproject.com\/news\/wp-content\/uploads\/sites\/29\/2023\/10\/jjhy-696x392-50b8d4984cfc010c2e4c2a66b531fa6c.jpg\",\"datePublished\":\"2023-10-30T13:32:12+00:00\",\"dateModified\":\"2023-10-30T13:32:13+00:00\",\"breadcrumb\":{\"@id\":\"https:\/\/appsaf.apieproject.com\/news\/fr\/2023\/10\/30\/centrafrique-des-avancees-majeures-dans-le-processus-politique-et-de-pacification-du-pays\/#breadcrumb\"},\"inLanguage\":\"fr-FR\",\"potentialAction\":[{\"@type\":\"ReadAction\",\"target\":[\"https:\/\/appsaf.apieproject.com\/news\/fr\/2023\/10\/30\/centrafrique-des-avancees-majeures-dans-le-processus-politique-et-de-pacification-du-pays\/\"]}]},{\"@type\":\"ImageObject\",\"inLanguage\":\"fr-FR\",\"@id\":\"https:\/\/appsaf.apieproject.com\/news\/fr\/2023\/10\/30\/centrafrique-des-avancees-majeures-dans-le-processus-politique-et-de-pacification-du-pays\/#primaryimage\",\"url\":\"https:\/\/appsaf.apieproject.com\/news\/wp-content\/uploads\/sites\/29\/2023\/10\/jjhy-696x392-50b8d4984cfc010c2e4c2a66b531fa6c.jpg\",\"contentUrl\":\"https:\/\/appsaf.apieproject.com\/news\/wp-content\/uploads\/sites\/29\/2023\/10\/jjhy-696x392-50b8d4984cfc010c2e4c2a66b531fa6c.jpg\",\"width\":696,\"height\":392},{\"@type\":\"BreadcrumbList\",\"@id\":\"https:\/\/appsaf.apieproject.com\/news\/fr\/2023\/10\/30\/centrafrique-des-avancees-majeures-dans-le-processus-politique-et-de-pacification-du-pays\/#breadcrumb\",\"itemListElement\":[{\"@type\":\"ListItem\",\"position\":1,\"name\":\"Home\",\"item\":\"https:\/\/appsaf.apieproject.com\/news\/fr\/home\/\"},{\"@type\":\"ListItem\",\"position\":2,\"name\":\"Centrafrique: Des \u00ab Avanc\u00e9es Majeures\u00bb Dans Le Processus Politique Et De Pacification Du Pays\"}]},{\"@type\":\"WebSite\",\"@id\":\"https:\/\/appsaf.apieproject.com\/news\/#website\",\"url\":\"https:\/\/appsaf.apieproject.com\/news\/\",\"name\":\"APIE NEWS\",\"description\":\"PANAFRICANISM NEWS PORTAL\",\"publisher\":{\"@id\":\"https:\/\/appsaf.apieproject.com\/news\/#organization\"},\"potentialAction\":[{\"@type\":\"SearchAction\",\"target\":{\"@type\":\"EntryPoint\",\"urlTemplate\":\"https:\/\/appsaf.apieproject.com\/news\/?s={search_term_string}\"},\"query-input\":{\"@type\":\"PropertyValueSpecification\",\"valueRequired\":true,\"valueName\":\"search_term_string\"}}],\"inLanguage\":\"fr-FR\"},{\"@type\":\"Organization\",\"@id\":\"https:\/\/appsaf.apieproject.com\/news\/#organization\",\"name\":\"APIE PROJECT\",\"url\":\"https:\/\/appsaf.apieproject.com\/news\/\",\"logo\":{\"@type\":\"ImageObject\",\"inLanguage\":\"fr-FR\",\"@id\":\"https:\/\/appsaf.apieproject.com\/news\/#\/schema\/logo\/image\/\",\"url\":\"https:\/\/appsaf.apieproject.com\/news\/wp-content\/uploads\/sites\/29\/2022\/07\/logo-R-TransparentBackground.png\",\"contentUrl\":\"https:\/\/appsaf.apieproject.com\/news\/wp-content\/uploads\/sites\/29\/2022\/07\/logo-R-TransparentBackground.png\",\"width\":512,\"height\":512,\"caption\":\"APIE PROJECT\"},\"image\":{\"@id\":\"https:\/\/appsaf.apieproject.com\/news\/#\/schema\/logo\/image\/\"},\"sameAs\":[\"https:\/\/facebook.com\/apieproject\",\"https:\/\/x.com\/apieproject\"]},{\"@type\":\"Person\",\"@id\":\"https:\/\/appsaf.apieproject.com\/news\/#\/schema\/person\/399517cac378948cd7b39086f9ddc2a7\",\"name\":\"staff\",\"image\":{\"@type\":\"ImageObject\",\"inLanguage\":\"fr-FR\",\"@id\":\"https:\/\/appsaf.apieproject.com\/news\/#\/schema\/person\/image\/\",\"url\":\"https:\/\/secure.gravatar.com\/avatar\/5386283c5db150efe261184bd59f072a?s=96&d=mm&r=g\",\"contentUrl\":\"https:\/\/secure.gravatar.com\/avatar\/5386283c5db150efe261184bd59f072a?s=96&d=mm&r=g\",\"caption\":\"staff\"},\"url\":\"https:\/\/appsaf.apieproject.com\/news\/fr\/author\/staff\/\"}]}<\/script>\n<!-- \/ Yoast SEO plugin. -->","yoast_head_json":{"title":"Centrafrique: Des \u00ab Avanc\u00e9es Majeures\u00bb Dans Le Processus Politique Et De Pacification Du Pays - APIE NEWS","robots":{"index":"index","follow":"follow","max-snippet":"max-snippet:-1","max-image-preview":"max-image-preview:large","max-video-preview":"max-video-preview:-1"},"canonical":"https:\/\/appsaf.apieproject.com\/news\/fr\/2023\/10\/30\/centrafrique-des-avancees-majeures-dans-le-processus-politique-et-de-pacification-du-pays\/","og_locale":"fr_FR","og_type":"article","og_title":"Centrafrique: Des \u00ab Avanc\u00e9es Majeures\u00bb Dans Le Processus Politique Et De Pacification Du Pays - APIE NEWS","og_description":"Le pr\u00e9sident Faustin-Archange Touad\u00e9ra s\u2019est f\u00e9licit\u00e9 des progr\u00e8s du processus politique et de pacification en Centrafrique. Il accueillait \u00e0 Bangui une r\u00e9union de suivi des accords de Khartoum.","og_url":"https:\/\/appsaf.apieproject.com\/news\/fr\/2023\/10\/30\/centrafrique-des-avancees-majeures-dans-le-processus-politique-et-de-pacification-du-pays\/","og_site_name":"APIE NEWS","article_publisher":"https:\/\/facebook.com\/apieproject","article_published_time":"2023-10-30T13:32:12+00:00","article_modified_time":"2023-10-30T13:32:13+00:00","og_image":[{"width":696,"height":392,"url":"https:\/\/appsaf.apieproject.com\/news\/wp-content\/uploads\/sites\/29\/2023\/10\/jjhy-696x392-50b8d4984cfc010c2e4c2a66b531fa6c.jpg","type":"image\/jpeg"}],"author":"staff","twitter_card":"summary_large_image","twitter_creator":"@apieproject","twitter_site":"@apieproject","twitter_misc":{"\u00c9crit par":"staff","Dur\u00e9e de lecture estim\u00e9e":"1 minute"},"schema":{"@context":"https:\/\/schema.org","@graph":[{"@type":"Article","@id":"https:\/\/appsaf.apieproject.com\/news\/fr\/2023\/10\/30\/centrafrique-des-avancees-majeures-dans-le-processus-politique-et-de-pacification-du-pays\/#article","isPartOf":{"@id":"https:\/\/appsaf.apieproject.com\/news\/fr\/2023\/10\/30\/centrafrique-des-avancees-majeures-dans-le-processus-politique-et-de-pacification-du-pays\/"},"author":{"name":"staff","@id":"https:\/\/appsaf.apieproject.com\/news\/#\/schema\/person\/399517cac378948cd7b39086f9ddc2a7"},"headline":"Centrafrique: Des \u00ab Avanc\u00e9es Majeures\u00bb Dans Le Processus Politique Et De Pacification Du Pays","datePublished":"2023-10-30T13:32:12+00:00","dateModified":"2023-10-30T13:32:13+00:00","mainEntityOfPage":{"@id":"https:\/\/appsaf.apieproject.com\/news\/fr\/2023\/10\/30\/centrafrique-des-avancees-majeures-dans-le-processus-politique-et-de-pacification-du-pays\/"},"wordCount":288,"commentCount":0,"publisher":{"@id":"https:\/\/appsaf.apieproject.com\/news\/#organization"},"image":{"@id":"https:\/\/appsaf.apieproject.com\/news\/fr\/2023\/10\/30\/centrafrique-des-avancees-majeures-dans-le-processus-politique-et-de-pacification-du-pays\/#primaryimage"},"thumbnailUrl":"https:\/\/appsaf.apieproject.com\/news\/wp-content\/uploads\/sites\/29\/2023\/10\/jjhy-696x392-50b8d4984cfc010c2e4c2a66b531fa6c.jpg","keywords":["actualites","apie project","politique"],"articleSection":["Actualit\u00e9s","Politique"],"inLanguage":"fr-FR","potentialAction":[{"@type":"CommentAction","name":"Comment","target":["https:\/\/appsaf.apieproject.com\/news\/fr\/2023\/10\/30\/centrafrique-des-avancees-majeures-dans-le-processus-politique-et-de-pacification-du-pays\/#respond"]}]},{"@type":"WebPage","@id":"https:\/\/appsaf.apieproject.com\/news\/fr\/2023\/10\/30\/centrafrique-des-avancees-majeures-dans-le-processus-politique-et-de-pacification-du-pays\/","url":"https:\/\/appsaf.apieproject.com\/news\/fr\/2023\/10\/30\/centrafrique-des-avancees-majeures-dans-le-processus-politique-et-de-pacification-du-pays\/","name":"Centrafrique: Des \u00ab Avanc\u00e9es Majeures\u00bb Dans Le Processus Politique Et De Pacification Du Pays - APIE NEWS","isPartOf":{"@id":"https:\/\/appsaf.apieproject.com\/news\/#website"},"primaryImageOfPage":{"@id":"https:\/\/appsaf.apieproject.com\/news\/fr\/2023\/10\/30\/centrafrique-des-avancees-majeures-dans-le-processus-politique-et-de-pacification-du-pays\/#primaryimage"},"image":{"@id":"https:\/\/appsaf.apieproject.com\/news\/fr\/2023\/10\/30\/centrafrique-des-avancees-majeures-dans-le-processus-politique-et-de-pacification-du-pays\/#primaryimage"},"thumbnailUrl":"https:\/\/appsaf.apieproject.com\/news\/wp-content\/uploads\/sites\/29\/2023\/10\/jjhy-696x392-50b8d4984cfc010c2e4c2a66b531fa6c.jpg","datePublished":"2023-10-30T13:32:12+00:00","dateModified":"2023-10-30T13:32:13+00:00","breadcrumb":{"@id":"https:\/\/appsaf.apieproject.com\/news\/fr\/2023\/10\/30\/centrafrique-des-avancees-majeures-dans-le-processus-politique-et-de-pacification-du-pays\/#breadcrumb"},"inLanguage":"fr-FR","potentialAction":[{"@type":"ReadAction","target":["https:\/\/appsaf.apieproject.com\/news\/fr\/2023\/10\/30\/centrafrique-des-avancees-majeures-dans-le-processus-politique-et-de-pacification-du-pays\/"]}]},{"@type":"ImageObject","inLanguage":"fr-FR","@id":"https:\/\/appsaf.apieproject.com\/news\/fr\/2023\/10\/30\/centrafrique-des-avancees-majeures-dans-le-processus-politique-et-de-pacification-du-pays\/#primaryimage","url":"https:\/\/appsaf.apieproject.com\/news\/wp-content\/uploads\/sites\/29\/2023\/10\/jjhy-696x392-50b8d4984cfc010c2e4c2a66b531fa6c.jpg","contentUrl":"https:\/\/appsaf.apieproject.com\/news\/wp-content\/uploads\/sites\/29\/2023\/10\/jjhy-696x392-50b8d4984cfc010c2e4c2a66b531fa6c.jpg","width":696,"height":392},{"@type":"BreadcrumbList","@id":"https:\/\/appsaf.apieproject.com\/news\/fr\/2023\/10\/30\/centrafrique-des-avancees-majeures-dans-le-processus-politique-et-de-pacification-du-pays\/#breadcrumb","itemListElement":[{"@type":"ListItem","position":1,"name":"Home","item":"https:\/\/appsaf.apieproject.com\/news\/fr\/home\/"},{"@type":"ListItem","position":2,"name":"Centrafrique: Des \u00ab Avanc\u00e9es Majeures\u00bb Dans Le Processus Politique Et De Pacification Du Pays"}]},{"@type":"WebSite","@id":"https:\/\/appsaf.apieproject.com\/news\/#website","url":"https:\/\/appsaf.apieproject.com\/news\/","name":"APIE NEWS","description":"PANAFRICANISM NEWS PORTAL","publisher":{"@id":"https:\/\/appsaf.apieproject.com\/news\/#organization"},"potentialAction":[{"@type":"SearchAction","target":{"@type":"EntryPoint","urlTemplate":"https:\/\/appsaf.apieproject.com\/news\/?s={search_term_string}"},"query-input":{"@type":"PropertyValueSpecification","valueRequired":true,"valueName":"search_term_string"}}],"inLanguage":"fr-FR"},{"@type":"Organization","@id":"https:\/\/appsaf.apieproject.com\/news\/#organization","name":"APIE PROJECT","url":"https:\/\/appsaf.apieproject.com\/news\/","logo":{"@type":"ImageObject","inLanguage":"fr-FR","@id":"https:\/\/appsaf.apieproject.com\/news\/#\/schema\/logo\/image\/","url":"https:\/\/appsaf.apieproject.com\/news\/wp-content\/uploads\/sites\/29\/2022\/07\/logo-R-TransparentBackground.png","contentUrl":"https:\/\/appsaf.apieproject.com\/news\/wp-content\/uploads\/sites\/29\/2022\/07\/logo-R-TransparentBackground.png","width":512,"height":512,"caption":"APIE PROJECT"},"image":{"@id":"https:\/\/appsaf.apieproject.com\/news\/#\/schema\/logo\/image\/"},"sameAs":["https:\/\/facebook.com\/apieproject","https:\/\/x.com\/apieproject"]},{"@type":"Person","@id":"https:\/\/appsaf.apieproject.com\/news\/#\/schema\/person\/399517cac378948cd7b39086f9ddc2a7","name":"staff","image":{"@type":"ImageObject","inLanguage":"fr-FR","@id":"https:\/\/appsaf.apieproject.com\/news\/#\/schema\/person\/image\/","url":"https:\/\/secure.gravatar.com\/avatar\/5386283c5db150efe261184bd59f072a?s=96&d=mm&r=g","contentUrl":"https:\/\/secure.gravatar.com\/avatar\/5386283c5db150efe261184bd59f072a?s=96&d=mm&r=g","caption":"staff"},"url":"https:\/\/appsaf.apieproject.com\/news\/fr\/author\/staff\/"}]}},"_links":{"self":[{"href":"https:\/\/appsaf.apieproject.com\/news\/fr\/wp-json\/wp\/v2\/posts\/34601","targetHints":{"allow":["GET"]}}],"collection":[{"href":"https:\/\/appsaf.apieproject.com\/news\/fr\/wp-json\/wp\/v2\/posts"}],"about":[{"href":"https:\/\/appsaf.apieproject.com\/news\/fr\/wp-json\/wp\/v2\/types\/post"}],"author":[{"embeddable":true,"href":"https:\/\/appsaf.apieproject.com\/news\/fr\/wp-json\/wp\/v2\/users\/12963"}],"replies":[{"embeddable":true,"href":"https:\/\/appsaf.apieproject.com\/news\/fr\/wp-json\/wp\/v2\/comments?post=34601"}],"version-history":[{"count":1,"href":"https:\/\/appsaf.apieproject.com\/news\/fr\/wp-json\/wp\/v2\/posts\/34601\/revisions"}],"predecessor-version":[{"id":35041,"href":"https:\/\/appsaf.apieproject.com\/news\/fr\/wp-json\/wp\/v2\/posts\/34601\/revisions\/35041"}],"wp:featuredmedia":[{"embeddable":true,"href":"https:\/\/appsaf.apieproject.com\/news\/fr\/wp-json\/wp\/v2\/media\/34598"}],"wp:attachment":[{"href":"https:\/\/appsaf.apieproject.com\/news\/fr\/wp-json\/wp\/v2\/media?parent=34601"}],"wp:term":[{"taxonomy":"category","embeddable":true,"href":"https:\/\/appsaf.apieproject.com\/news\/fr\/wp-json\/wp\/v2\/categories?post=34601"},{"taxonomy":"post_tag","embeddable":true,"href":"https:\/\/appsaf.apieproject.com\/news\/fr\/wp-json\/wp\/v2\/tags?post=34601"}],"curies":[{"name":"wp","href":"https:\/\/api.w.org\/{rel}","templated":true}]}}