{"id":34790,"date":"2023-10-30T17:29:08","date_gmt":"2023-10-30T17:29:08","guid":{"rendered":"https:\/\/appsaf.apieproject.com\/news\/?p=34790"},"modified":"2023-10-30T17:29:11","modified_gmt":"2023-10-30T17:29:11","slug":"soudan-un-front-commun-pour-mettre-fin-a-la-guerre","status":"publish","type":"post","link":"https:\/\/appsaf.apieproject.com\/news\/fr\/2023\/10\/30\/soudan-un-front-commun-pour-mettre-fin-a-la-guerre\/","title":{"rendered":"Soudan : Un Front Commun Pour Mettre Fin A La Guerre"},"content":{"rendered":"<p>Plusieurs acteurs du landernau politique soudanais se sont r\u00e9unis \u00e0 Addis Abeba depuis le samedi 21 octobre dernier. L\u2019objection de cette giga rencontre est la mise sur pied d\u2019une coalition qui pourra consentir des concessions pour une voie de sorti au conflit soudanais qui dure depuis presque 6 mois.<\/p>\n<p><strong>Un objectif commun<\/strong><\/p>\n<p>Les travaux qui se d\u00e9roulent depuis quelques jours en Ethiopie sont conduit par l&rsquo;ancien Premier ministre Abdallah Hamdok. Sous la supervision g\u00e9n\u00e9rale de l\u2019Union Africaine et de l&rsquo;Autorit\u00e9 intergouvernementale pour le d\u00e9veloppement (Igad), une organisation sous r\u00e9gionale. Y prennent part, les partis politiques soudanais, des mouvements politico-militaires, la soci\u00e9t\u00e9 civile, les mouvements de d\u00e9fense et les forces de la libert\u00e9 et du changement. Ils se sont mis ensemble pour exprimer leurs ras-le-bol face \u00e0 la situation d\u00e9l\u00e9t\u00e8re qui pr\u00e9vaut dans le pays depuis le 15 avril dernier. Ils souhaitent ainsi cr\u00e9er une r\u00e8gle d\u00e9mocratique stable et reprendre le pouvoir aux militaires pour le remettre \u00e0 un gouvernement de transition qui devra \u00e9tablir dans la dur\u00e9e, un Etat d\u00e9mocratique.<\/p>\n<p>Le front commun ainsi form\u00e9 vise un id\u00e9al commun. Il s\u2019agit de reprendre l\u2019initiative jusqu\u2019ici confisqu\u00e9e par les militaires et par la m\u00eame occasion, initier une pression sur les g\u00e9n\u00e9raux Al-Burhan et Hemedti, les deux principaux protagonistes de cette guerre. En effet, Al Burhan est \u00e0 la t\u00eate d\u2019une arm\u00e9e et Hemedti dirige les Forces de soutien rapide (FSR). Ce sont les deux principaux groupes qui mettent le pays \u00e0 feu et \u00e0 sang depuis pr\u00e8s de 6 mois.<\/p>\n<p><strong>Une initiative compliqu\u00e9e<\/strong><\/p>\n<p>Comme toute entreprise dot\u00e9e de bon sens, les p\u00e9rip\u00e9ties sont nombreuses. En interne tout d\u2019abord, les mouvements de la soci\u00e9t\u00e9 civile et les partis politiques ont subi de nombreux morcellements. Aussi, les mouvements de r\u00e9sistances sont encore tr\u00e8s r\u00e9fractaires \u00e0 nouer des unions durables avec les partis politiques. D\u2019autres acteurs importants de la sc\u00e8ne politique soudainaise sont aux abonn\u00e9s absents. C\u2019est notamment le cas du parti communiste, du Mouvement de lib\u00e9ration du Soudan\/Nord (SPLM-N) et du Sudan Liberation Movement\/Army (SLM-AW).<\/p>\n<p>Vivement que ce conflit trouve une issu favorable. On d\u00e9nombre d\u00e9j\u00e0 plus de 7 millions de d\u00e9plac\u00e9s en attente d\u2019une aide alimentaire. Naturellement la communaut\u00e9 internationale est absente sur ce front. Pr\u00e9ocupp\u00e9e par des autres conflits qu\u2019elle juge plus importants.<\/p>\n","protected":false},"excerpt":{"rendered":"<p>Plusieurs acteurs du landernau politique soudanais se sont r\u00e9unis \u00e0 Addis Abeba depuis le samedi 21 octobre dernier. L\u2019objection de cette giga rencontre est la mise sur pied d\u2019une coalition qui pourra consentir des concessions pour une voie de sorti au conflit soudanais qui dure depuis presque 6 mois. Un objectif commun Les travaux qui [&hellip;]<\/p>\n","protected":false},"author":13112,"featured_media":34787,"comment_status":"open","ping_status":"open","sticky":false,"template":"","format":"standard","meta":{"footnotes":""},"categories":[67,69],"tags":[81,78,82],"class_list":{"0":"post-34790","1":"post","2":"type-post","3":"status-publish","4":"format-standard","5":"has-post-thumbnail","7":"category-actualites","8":"category-politique","9":"tag-actualites","10":"tag-apie-project-2","11":"tag-politique"},"yoast_head":"<!-- This site is optimized with the Yoast SEO plugin v24.4 - https:\/\/yoast.com\/wordpress\/plugins\/seo\/ -->\n<title>Soudan : Un Front Commun Pour Mettre Fin A La Guerre - APIE NEWS<\/title>\n<meta name=\"robots\" content=\"index, follow, max-snippet:-1, max-image-preview:large, max-video-preview:-1\" \/>\n<link rel=\"canonical\" href=\"https:\/\/appsaf.apieproject.com\/news\/fr\/2023\/10\/30\/soudan-un-front-commun-pour-mettre-fin-a-la-guerre\/\" \/>\n<meta property=\"og:locale\" content=\"fr_FR\" \/>\n<meta property=\"og:type\" content=\"article\" \/>\n<meta property=\"og:title\" content=\"Soudan : Un Front Commun Pour Mettre Fin A La Guerre - APIE NEWS\" \/>\n<meta property=\"og:description\" content=\"Plusieurs acteurs du landernau politique soudanais se sont r\u00e9unis \u00e0 Addis Abeba depuis le samedi 21 octobre dernier. L\u2019objection de cette giga rencontre est la mise sur pied d\u2019une coalition qui pourra consentir des concessions pour une voie de sorti au conflit soudanais qui dure depuis presque 6 mois. Un objectif commun Les travaux qui [&hellip;]\" \/>\n<meta property=\"og:url\" content=\"https:\/\/appsaf.apieproject.com\/news\/fr\/2023\/10\/30\/soudan-un-front-commun-pour-mettre-fin-a-la-guerre\/\" \/>\n<meta property=\"og:site_name\" content=\"APIE NEWS\" \/>\n<meta property=\"article:publisher\" content=\"https:\/\/facebook.com\/apieproject\" \/>\n<meta property=\"article:published_time\" content=\"2023-10-30T17:29:08+00:00\" \/>\n<meta property=\"article:modified_time\" content=\"2023-10-30T17:29:11+00:00\" \/>\n<meta property=\"og:image\" content=\"https:\/\/appsaf.apieproject.com\/news\/wp-content\/uploads\/sites\/29\/2023\/10\/Capture-08d392fc78f7a5f60a84d5433634f377.png\" \/>\n\t<meta property=\"og:image:width\" content=\"1476\" \/>\n\t<meta property=\"og:image:height\" content=\"827\" \/>\n\t<meta property=\"og:image:type\" content=\"image\/png\" \/>\n<meta name=\"author\" content=\"guyetom\" \/>\n<meta name=\"twitter:card\" content=\"summary_large_image\" \/>\n<meta name=\"twitter:creator\" content=\"@apieproject\" \/>\n<meta name=\"twitter:site\" content=\"@apieproject\" \/>\n<meta name=\"twitter:label1\" content=\"\u00c9crit par\" \/>\n\t<meta name=\"twitter:data1\" content=\"guyetom\" \/>\n\t<meta name=\"twitter:label2\" content=\"Dur\u00e9e de lecture estim\u00e9e\" \/>\n\t<meta name=\"twitter:data2\" content=\"2 minutes\" \/>\n<script type=\"application\/ld+json\" class=\"yoast-schema-graph\">{\"@context\":\"https:\/\/schema.org\",\"@graph\":[{\"@type\":\"Article\",\"@id\":\"https:\/\/appsaf.apieproject.com\/news\/fr\/2023\/10\/30\/soudan-un-front-commun-pour-mettre-fin-a-la-guerre\/#article\",\"isPartOf\":{\"@id\":\"https:\/\/appsaf.apieproject.com\/news\/fr\/2023\/10\/30\/soudan-un-front-commun-pour-mettre-fin-a-la-guerre\/\"},\"author\":{\"name\":\"guyetom\",\"@id\":\"https:\/\/appsaf.apieproject.com\/news\/#\/schema\/person\/94d8f4e561b283d434da551498c8cb39\"},\"headline\":\"Soudan : Un Front Commun Pour Mettre Fin A La Guerre\",\"datePublished\":\"2023-10-30T17:29:08+00:00\",\"dateModified\":\"2023-10-30T17:29:11+00:00\",\"mainEntityOfPage\":{\"@id\":\"https:\/\/appsaf.apieproject.com\/news\/fr\/2023\/10\/30\/soudan-un-front-commun-pour-mettre-fin-a-la-guerre\/\"},\"wordCount\":428,\"commentCount\":0,\"publisher\":{\"@id\":\"https:\/\/appsaf.apieproject.com\/news\/#organization\"},\"image\":{\"@id\":\"https:\/\/appsaf.apieproject.com\/news\/fr\/2023\/10\/30\/soudan-un-front-commun-pour-mettre-fin-a-la-guerre\/#primaryimage\"},\"thumbnailUrl\":\"https:\/\/appsaf.apieproject.com\/news\/wp-content\/uploads\/sites\/29\/2023\/10\/Capture-08d392fc78f7a5f60a84d5433634f377.png\",\"keywords\":[\"actualites\",\"apie project\",\"politique\"],\"articleSection\":[\"Actualit\u00e9s\",\"Politique\"],\"inLanguage\":\"fr-FR\",\"potentialAction\":[{\"@type\":\"CommentAction\",\"name\":\"Comment\",\"target\":[\"https:\/\/appsaf.apieproject.com\/news\/fr\/2023\/10\/30\/soudan-un-front-commun-pour-mettre-fin-a-la-guerre\/#respond\"]}]},{\"@type\":\"WebPage\",\"@id\":\"https:\/\/appsaf.apieproject.com\/news\/fr\/2023\/10\/30\/soudan-un-front-commun-pour-mettre-fin-a-la-guerre\/\",\"url\":\"https:\/\/appsaf.apieproject.com\/news\/fr\/2023\/10\/30\/soudan-un-front-commun-pour-mettre-fin-a-la-guerre\/\",\"name\":\"Soudan : Un Front Commun Pour Mettre Fin A La Guerre - APIE NEWS\",\"isPartOf\":{\"@id\":\"https:\/\/appsaf.apieproject.com\/news\/#website\"},\"primaryImageOfPage\":{\"@id\":\"https:\/\/appsaf.apieproject.com\/news\/fr\/2023\/10\/30\/soudan-un-front-commun-pour-mettre-fin-a-la-guerre\/#primaryimage\"},\"image\":{\"@id\":\"https:\/\/appsaf.apieproject.com\/news\/fr\/2023\/10\/30\/soudan-un-front-commun-pour-mettre-fin-a-la-guerre\/#primaryimage\"},\"thumbnailUrl\":\"https:\/\/appsaf.apieproject.com\/news\/wp-content\/uploads\/sites\/29\/2023\/10\/Capture-08d392fc78f7a5f60a84d5433634f377.png\",\"datePublished\":\"2023-10-30T17:29:08+00:00\",\"dateModified\":\"2023-10-30T17:29:11+00:00\",\"breadcrumb\":{\"@id\":\"https:\/\/appsaf.apieproject.com\/news\/fr\/2023\/10\/30\/soudan-un-front-commun-pour-mettre-fin-a-la-guerre\/#breadcrumb\"},\"inLanguage\":\"fr-FR\",\"potentialAction\":[{\"@type\":\"ReadAction\",\"target\":[\"https:\/\/appsaf.apieproject.com\/news\/fr\/2023\/10\/30\/soudan-un-front-commun-pour-mettre-fin-a-la-guerre\/\"]}]},{\"@type\":\"ImageObject\",\"inLanguage\":\"fr-FR\",\"@id\":\"https:\/\/appsaf.apieproject.com\/news\/fr\/2023\/10\/30\/soudan-un-front-commun-pour-mettre-fin-a-la-guerre\/#primaryimage\",\"url\":\"https:\/\/appsaf.apieproject.com\/news\/wp-content\/uploads\/sites\/29\/2023\/10\/Capture-08d392fc78f7a5f60a84d5433634f377.png\",\"contentUrl\":\"https:\/\/appsaf.apieproject.com\/news\/wp-content\/uploads\/sites\/29\/2023\/10\/Capture-08d392fc78f7a5f60a84d5433634f377.png\",\"width\":1476,\"height\":827},{\"@type\":\"BreadcrumbList\",\"@id\":\"https:\/\/appsaf.apieproject.com\/news\/fr\/2023\/10\/30\/soudan-un-front-commun-pour-mettre-fin-a-la-guerre\/#breadcrumb\",\"itemListElement\":[{\"@type\":\"ListItem\",\"position\":1,\"name\":\"Home\",\"item\":\"https:\/\/appsaf.apieproject.com\/news\/fr\/home\/\"},{\"@type\":\"ListItem\",\"position\":2,\"name\":\"Soudan : Un Front Commun Pour Mettre Fin A La Guerre\"}]},{\"@type\":\"WebSite\",\"@id\":\"https:\/\/appsaf.apieproject.com\/news\/#website\",\"url\":\"https:\/\/appsaf.apieproject.com\/news\/\",\"name\":\"APIE NEWS\",\"description\":\"PANAFRICANISM NEWS PORTAL\",\"publisher\":{\"@id\":\"https:\/\/appsaf.apieproject.com\/news\/#organization\"},\"potentialAction\":[{\"@type\":\"SearchAction\",\"target\":{\"@type\":\"EntryPoint\",\"urlTemplate\":\"https:\/\/appsaf.apieproject.com\/news\/?s={search_term_string}\"},\"query-input\":{\"@type\":\"PropertyValueSpecification\",\"valueRequired\":true,\"valueName\":\"search_term_string\"}}],\"inLanguage\":\"fr-FR\"},{\"@type\":\"Organization\",\"@id\":\"https:\/\/appsaf.apieproject.com\/news\/#organization\",\"name\":\"APIE PROJECT\",\"url\":\"https:\/\/appsaf.apieproject.com\/news\/\",\"logo\":{\"@type\":\"ImageObject\",\"inLanguage\":\"fr-FR\",\"@id\":\"https:\/\/appsaf.apieproject.com\/news\/#\/schema\/logo\/image\/\",\"url\":\"https:\/\/appsaf.apieproject.com\/news\/wp-content\/uploads\/sites\/29\/2022\/07\/logo-R-TransparentBackground.png\",\"contentUrl\":\"https:\/\/appsaf.apieproject.com\/news\/wp-content\/uploads\/sites\/29\/2022\/07\/logo-R-TransparentBackground.png\",\"width\":512,\"height\":512,\"caption\":\"APIE PROJECT\"},\"image\":{\"@id\":\"https:\/\/appsaf.apieproject.com\/news\/#\/schema\/logo\/image\/\"},\"sameAs\":[\"https:\/\/facebook.com\/apieproject\",\"https:\/\/x.com\/apieproject\"]},{\"@type\":\"Person\",\"@id\":\"https:\/\/appsaf.apieproject.com\/news\/#\/schema\/person\/94d8f4e561b283d434da551498c8cb39\",\"name\":\"guyetom\",\"image\":{\"@type\":\"ImageObject\",\"inLanguage\":\"fr-FR\",\"@id\":\"https:\/\/appsaf.apieproject.com\/news\/#\/schema\/person\/image\/\",\"url\":\"https:\/\/secure.gravatar.com\/avatar\/f36d884530ee45302c1f7eadb3f86562?s=96&d=mm&r=g\",\"contentUrl\":\"https:\/\/secure.gravatar.com\/avatar\/f36d884530ee45302c1f7eadb3f86562?s=96&d=mm&r=g\",\"caption\":\"guyetom\"},\"url\":\"https:\/\/appsaf.apieproject.com\/news\/fr\/author\/guyetom\/\"}]}<\/script>\n<!-- \/ Yoast SEO plugin. -->","yoast_head_json":{"title":"Soudan : Un Front Commun Pour Mettre Fin A La Guerre - APIE NEWS","robots":{"index":"index","follow":"follow","max-snippet":"max-snippet:-1","max-image-preview":"max-image-preview:large","max-video-preview":"max-video-preview:-1"},"canonical":"https:\/\/appsaf.apieproject.com\/news\/fr\/2023\/10\/30\/soudan-un-front-commun-pour-mettre-fin-a-la-guerre\/","og_locale":"fr_FR","og_type":"article","og_title":"Soudan : Un Front Commun Pour Mettre Fin A La Guerre - APIE NEWS","og_description":"Plusieurs acteurs du landernau politique soudanais se sont r\u00e9unis \u00e0 Addis Abeba depuis le samedi 21 octobre dernier. L\u2019objection de cette giga rencontre est la mise sur pied d\u2019une coalition qui pourra consentir des concessions pour une voie de sorti au conflit soudanais qui dure depuis presque 6 mois. Un objectif commun Les travaux qui [&hellip;]","og_url":"https:\/\/appsaf.apieproject.com\/news\/fr\/2023\/10\/30\/soudan-un-front-commun-pour-mettre-fin-a-la-guerre\/","og_site_name":"APIE NEWS","article_publisher":"https:\/\/facebook.com\/apieproject","article_published_time":"2023-10-30T17:29:08+00:00","article_modified_time":"2023-10-30T17:29:11+00:00","og_image":[{"width":1476,"height":827,"url":"https:\/\/appsaf.apieproject.com\/news\/wp-content\/uploads\/sites\/29\/2023\/10\/Capture-08d392fc78f7a5f60a84d5433634f377.png","type":"image\/png"}],"author":"guyetom","twitter_card":"summary_large_image","twitter_creator":"@apieproject","twitter_site":"@apieproject","twitter_misc":{"\u00c9crit par":"guyetom","Dur\u00e9e de lecture estim\u00e9e":"2 minutes"},"schema":{"@context":"https:\/\/schema.org","@graph":[{"@type":"Article","@id":"https:\/\/appsaf.apieproject.com\/news\/fr\/2023\/10\/30\/soudan-un-front-commun-pour-mettre-fin-a-la-guerre\/#article","isPartOf":{"@id":"https:\/\/appsaf.apieproject.com\/news\/fr\/2023\/10\/30\/soudan-un-front-commun-pour-mettre-fin-a-la-guerre\/"},"author":{"name":"guyetom","@id":"https:\/\/appsaf.apieproject.com\/news\/#\/schema\/person\/94d8f4e561b283d434da551498c8cb39"},"headline":"Soudan : Un Front Commun Pour Mettre Fin A La Guerre","datePublished":"2023-10-30T17:29:08+00:00","dateModified":"2023-10-30T17:29:11+00:00","mainEntityOfPage":{"@id":"https:\/\/appsaf.apieproject.com\/news\/fr\/2023\/10\/30\/soudan-un-front-commun-pour-mettre-fin-a-la-guerre\/"},"wordCount":428,"commentCount":0,"publisher":{"@id":"https:\/\/appsaf.apieproject.com\/news\/#organization"},"image":{"@id":"https:\/\/appsaf.apieproject.com\/news\/fr\/2023\/10\/30\/soudan-un-front-commun-pour-mettre-fin-a-la-guerre\/#primaryimage"},"thumbnailUrl":"https:\/\/appsaf.apieproject.com\/news\/wp-content\/uploads\/sites\/29\/2023\/10\/Capture-08d392fc78f7a5f60a84d5433634f377.png","keywords":["actualites","apie project","politique"],"articleSection":["Actualit\u00e9s","Politique"],"inLanguage":"fr-FR","potentialAction":[{"@type":"CommentAction","name":"Comment","target":["https:\/\/appsaf.apieproject.com\/news\/fr\/2023\/10\/30\/soudan-un-front-commun-pour-mettre-fin-a-la-guerre\/#respond"]}]},{"@type":"WebPage","@id":"https:\/\/appsaf.apieproject.com\/news\/fr\/2023\/10\/30\/soudan-un-front-commun-pour-mettre-fin-a-la-guerre\/","url":"https:\/\/appsaf.apieproject.com\/news\/fr\/2023\/10\/30\/soudan-un-front-commun-pour-mettre-fin-a-la-guerre\/","name":"Soudan : Un Front Commun Pour Mettre Fin A La Guerre - APIE NEWS","isPartOf":{"@id":"https:\/\/appsaf.apieproject.com\/news\/#website"},"primaryImageOfPage":{"@id":"https:\/\/appsaf.apieproject.com\/news\/fr\/2023\/10\/30\/soudan-un-front-commun-pour-mettre-fin-a-la-guerre\/#primaryimage"},"image":{"@id":"https:\/\/appsaf.apieproject.com\/news\/fr\/2023\/10\/30\/soudan-un-front-commun-pour-mettre-fin-a-la-guerre\/#primaryimage"},"thumbnailUrl":"https:\/\/appsaf.apieproject.com\/news\/wp-content\/uploads\/sites\/29\/2023\/10\/Capture-08d392fc78f7a5f60a84d5433634f377.png","datePublished":"2023-10-30T17:29:08+00:00","dateModified":"2023-10-30T17:29:11+00:00","breadcrumb":{"@id":"https:\/\/appsaf.apieproject.com\/news\/fr\/2023\/10\/30\/soudan-un-front-commun-pour-mettre-fin-a-la-guerre\/#breadcrumb"},"inLanguage":"fr-FR","potentialAction":[{"@type":"ReadAction","target":["https:\/\/appsaf.apieproject.com\/news\/fr\/2023\/10\/30\/soudan-un-front-commun-pour-mettre-fin-a-la-guerre\/"]}]},{"@type":"ImageObject","inLanguage":"fr-FR","@id":"https:\/\/appsaf.apieproject.com\/news\/fr\/2023\/10\/30\/soudan-un-front-commun-pour-mettre-fin-a-la-guerre\/#primaryimage","url":"https:\/\/appsaf.apieproject.com\/news\/wp-content\/uploads\/sites\/29\/2023\/10\/Capture-08d392fc78f7a5f60a84d5433634f377.png","contentUrl":"https:\/\/appsaf.apieproject.com\/news\/wp-content\/uploads\/sites\/29\/2023\/10\/Capture-08d392fc78f7a5f60a84d5433634f377.png","width":1476,"height":827},{"@type":"BreadcrumbList","@id":"https:\/\/appsaf.apieproject.com\/news\/fr\/2023\/10\/30\/soudan-un-front-commun-pour-mettre-fin-a-la-guerre\/#breadcrumb","itemListElement":[{"@type":"ListItem","position":1,"name":"Home","item":"https:\/\/appsaf.apieproject.com\/news\/fr\/home\/"},{"@type":"ListItem","position":2,"name":"Soudan : Un Front Commun Pour Mettre Fin A La Guerre"}]},{"@type":"WebSite","@id":"https:\/\/appsaf.apieproject.com\/news\/#website","url":"https:\/\/appsaf.apieproject.com\/news\/","name":"APIE NEWS","description":"PANAFRICANISM NEWS PORTAL","publisher":{"@id":"https:\/\/appsaf.apieproject.com\/news\/#organization"},"potentialAction":[{"@type":"SearchAction","target":{"@type":"EntryPoint","urlTemplate":"https:\/\/appsaf.apieproject.com\/news\/?s={search_term_string}"},"query-input":{"@type":"PropertyValueSpecification","valueRequired":true,"valueName":"search_term_string"}}],"inLanguage":"fr-FR"},{"@type":"Organization","@id":"https:\/\/appsaf.apieproject.com\/news\/#organization","name":"APIE PROJECT","url":"https:\/\/appsaf.apieproject.com\/news\/","logo":{"@type":"ImageObject","inLanguage":"fr-FR","@id":"https:\/\/appsaf.apieproject.com\/news\/#\/schema\/logo\/image\/","url":"https:\/\/appsaf.apieproject.com\/news\/wp-content\/uploads\/sites\/29\/2022\/07\/logo-R-TransparentBackground.png","contentUrl":"https:\/\/appsaf.apieproject.com\/news\/wp-content\/uploads\/sites\/29\/2022\/07\/logo-R-TransparentBackground.png","width":512,"height":512,"caption":"APIE PROJECT"},"image":{"@id":"https:\/\/appsaf.apieproject.com\/news\/#\/schema\/logo\/image\/"},"sameAs":["https:\/\/facebook.com\/apieproject","https:\/\/x.com\/apieproject"]},{"@type":"Person","@id":"https:\/\/appsaf.apieproject.com\/news\/#\/schema\/person\/94d8f4e561b283d434da551498c8cb39","name":"guyetom","image":{"@type":"ImageObject","inLanguage":"fr-FR","@id":"https:\/\/appsaf.apieproject.com\/news\/#\/schema\/person\/image\/","url":"https:\/\/secure.gravatar.com\/avatar\/f36d884530ee45302c1f7eadb3f86562?s=96&d=mm&r=g","contentUrl":"https:\/\/secure.gravatar.com\/avatar\/f36d884530ee45302c1f7eadb3f86562?s=96&d=mm&r=g","caption":"guyetom"},"url":"https:\/\/appsaf.apieproject.com\/news\/fr\/author\/guyetom\/"}]}},"_links":{"self":[{"href":"https:\/\/appsaf.apieproject.com\/news\/fr\/wp-json\/wp\/v2\/posts\/34790","targetHints":{"allow":["GET"]}}],"collection":[{"href":"https:\/\/appsaf.apieproject.com\/news\/fr\/wp-json\/wp\/v2\/posts"}],"about":[{"href":"https:\/\/appsaf.apieproject.com\/news\/fr\/wp-json\/wp\/v2\/types\/post"}],"author":[{"embeddable":true,"href":"https:\/\/appsaf.apieproject.com\/news\/fr\/wp-json\/wp\/v2\/users\/13112"}],"replies":[{"embeddable":true,"href":"https:\/\/appsaf.apieproject.com\/news\/fr\/wp-json\/wp\/v2\/comments?post=34790"}],"version-history":[{"count":1,"href":"https:\/\/appsaf.apieproject.com\/news\/fr\/wp-json\/wp\/v2\/posts\/34790\/revisions"}],"predecessor-version":[{"id":35131,"href":"https:\/\/appsaf.apieproject.com\/news\/fr\/wp-json\/wp\/v2\/posts\/34790\/revisions\/35131"}],"wp:featuredmedia":[{"embeddable":true,"href":"https:\/\/appsaf.apieproject.com\/news\/fr\/wp-json\/wp\/v2\/media\/34787"}],"wp:attachment":[{"href":"https:\/\/appsaf.apieproject.com\/news\/fr\/wp-json\/wp\/v2\/media?parent=34790"}],"wp:term":[{"taxonomy":"category","embeddable":true,"href":"https:\/\/appsaf.apieproject.com\/news\/fr\/wp-json\/wp\/v2\/categories?post=34790"},{"taxonomy":"post_tag","embeddable":true,"href":"https:\/\/appsaf.apieproject.com\/news\/fr\/wp-json\/wp\/v2\/tags?post=34790"}],"curies":[{"name":"wp","href":"https:\/\/api.w.org\/{rel}","templated":true}]}}