{"id":34818,"date":"2023-10-30T15:03:26","date_gmt":"2023-10-30T15:03:26","guid":{"rendered":"https:\/\/appsaf.apieproject.com\/news\/?p=34818"},"modified":"2023-10-30T15:03:27","modified_gmt":"2023-10-30T15:03:27","slug":"soudan-la-societe-civile-et-politique-tente-dexister-et-de-sunir-face-aux-militaires","status":"publish","type":"post","link":"https:\/\/appsaf.apieproject.com\/news\/fr\/2023\/10\/30\/soudan-la-societe-civile-et-politique-tente-dexister-et-de-sunir-face-aux-militaires\/","title":{"rendered":"Soudan: La Soci\u00e9t\u00e9 Civile Et Politique Tente d&rsquo;Exister Et De s&rsquo;Unir Face Aux Militaires"},"content":{"rendered":"<p>Les personnalit\u00e9s civiles pr\u00e9sentes l\u2019ont bien compris, elles doivent s\u2019unir et se coordonner pour ne pas perdre la voix d\u00e9mocratique ouverte par la r\u00e9volution. Elles ont d\u00e9cid\u00e9 de former une structure temporaire, avec un corps de direction dirig\u00e9 par l\u2019ancien Premier ministre Abdallah Hamdock.<\/p>\n<p>Ce corps est compos\u00e9 d\u2019une soixantaine de personnes, en majorit\u00e9 issus d\u2019associations non partisanes. Et il a pour but de pr\u00e9parer un rassemblement bien plus \u00e9largi en novembre.<\/p>\n<p>\u00ab Leur objectif est d\u2019inviter \u00e0 la r\u00e9union jusqu\u2019\u00e0 1 000 participants, explique Siddig El Mahdi, membre du comit\u00e9 pr\u00e9paratoire. Repr\u00e9sentant toutes les r\u00e9gions du Soudan, les femmes, les jeunes, et les repr\u00e9sentants des diff\u00e9rentes communaut\u00e9s soudanaises. Cette rencontre est cr\u00e9\u00e9e pour unir la voix des civils soudanais, mais aussi rallier la communaut\u00e9 internationale pour appeler les militaires \u00e0 arr\u00eater la guerre. \u00bb<\/p>\n<p>Priorit\u00e9 num\u00e9ro un du comit\u00e9 : venir en aide aux Soudanais sur place. \u00ab Il est dit dans la d\u00e9claration de Jeddah sign\u00e9e par les deux camps qu\u2019il doit y avoir un comit\u00e9 national pour la distribution de l\u2019aide humanitaire, souligne le docteur Alaaeldin Awad, de la Coordination des forces civiles d\u00e9mocratiques. C\u2019est ce qu\u2019il nous manque, car il y a beaucoup de corruption dans l\u2019humanitaire depuis le d\u00e9but de la guerre. \u00bb<\/p>\n<p>Les membres de ce comit\u00e9 devront produire une vision politique et des structures institutionnelles afin d\u2019\u00eatre pr\u00eats au moment o\u00f9 la guerre s\u2019arr\u00eatera. Ils ont aussi r\u00e9affirm\u00e9 l\u2019importance des partis politiques, pour tenter de leur redonner la cr\u00e9dibilit\u00e9 perdue apr\u00e8s leur \u00e9chec face aux militaires.<\/p>\n<p>Mais cela ne suffit pas pour les absents, surtout pour la majorit\u00e9 des comit\u00e9s de r\u00e9sistance. Ces organes essentiels de la r\u00e9volution d\u00e9mocratique se sont d\u00e9solidaris\u00e9s de cette union dans un communiqu\u00e9. Les participants pr\u00e9sents \u00e0 Addis-Abeba en sont pourtant convaincus : seule l\u2019union permettra aux civils de peser enfin dans les n\u00e9gociations pour mettre fin au conflit. Ils esp\u00e8rent un accord de cessez-le-feu solide \u00e0 l\u2019issue des n\u00e9gociations de Jeddah. Pour que la soci\u00e9t\u00e9 civile puisse reprendre sa place et r\u00e9tablir une transition d\u00e9mocratique.<\/p>\n","protected":false},"excerpt":{"rendered":"<p>La r\u00e9union des responsables politiques et repr\u00e9sentants civils soudanais s\u2019est conclue jeudi soir 26 octobre apr\u00e8s trois jours de discussions \u00e0 Addis-Abeba. Alors que les n\u00e9gociations \u00e0 Jeddah entre les bellig\u00e9rants ont repris, les civils sont toujours exclus apr\u00e8s six mois de guerre. La soci\u00e9t\u00e9 civile tente d\u2019exister et de s\u2019unir pour mettre la pression sur les militaires avec un projet politique alternatif cr\u00e9dible.<\/p>\n","protected":false},"author":12963,"featured_media":34815,"comment_status":"open","ping_status":"open","sticky":false,"template":"","format":"standard","meta":{"footnotes":""},"categories":[67,69],"tags":[81,78,82],"class_list":{"0":"post-34818","1":"post","2":"type-post","3":"status-publish","4":"format-standard","5":"has-post-thumbnail","7":"category-actualites","8":"category-politique","9":"tag-actualites","10":"tag-apie-project-2","11":"tag-politique"},"yoast_head":"<!-- This site is optimized with the Yoast SEO plugin v24.4 - https:\/\/yoast.com\/wordpress\/plugins\/seo\/ -->\n<title>Soudan: La Soci\u00e9t\u00e9 Civile Et Politique Tente d&#039;Exister Et De s&#039;Unir Face Aux Militaires - APIE NEWS<\/title>\n<meta name=\"robots\" content=\"index, follow, max-snippet:-1, max-image-preview:large, max-video-preview:-1\" \/>\n<link rel=\"canonical\" href=\"https:\/\/appsaf.apieproject.com\/news\/fr\/2023\/10\/30\/soudan-la-societe-civile-et-politique-tente-dexister-et-de-sunir-face-aux-militaires\/\" \/>\n<meta property=\"og:locale\" content=\"fr_FR\" \/>\n<meta property=\"og:type\" content=\"article\" \/>\n<meta property=\"og:title\" content=\"Soudan: La Soci\u00e9t\u00e9 Civile Et Politique Tente d&#039;Exister Et De s&#039;Unir Face Aux Militaires - APIE NEWS\" \/>\n<meta property=\"og:description\" content=\"La r\u00e9union des responsables politiques et repr\u00e9sentants civils soudanais s\u2019est conclue jeudi soir 26 octobre apr\u00e8s trois jours de discussions \u00e0 Addis-Abeba. Alors que les n\u00e9gociations \u00e0 Jeddah entre les bellig\u00e9rants ont repris, les civils sont toujours exclus apr\u00e8s six mois de guerre. La soci\u00e9t\u00e9 civile tente d\u2019exister et de s\u2019unir pour mettre la pression sur les militaires avec un projet politique alternatif cr\u00e9dible.\" \/>\n<meta property=\"og:url\" content=\"https:\/\/appsaf.apieproject.com\/news\/fr\/2023\/10\/30\/soudan-la-societe-civile-et-politique-tente-dexister-et-de-sunir-face-aux-militaires\/\" \/>\n<meta property=\"og:site_name\" content=\"APIE NEWS\" \/>\n<meta property=\"article:publisher\" content=\"https:\/\/facebook.com\/apieproject\" \/>\n<meta property=\"article:published_time\" content=\"2023-10-30T15:03:26+00:00\" \/>\n<meta property=\"article:modified_time\" content=\"2023-10-30T15:03:27+00:00\" \/>\n<meta property=\"og:image\" content=\"https:\/\/appsaf.apieproject.com\/news\/wp-content\/uploads\/sites\/29\/2023\/10\/Capture-d360ac1ccc71f6b4222881ac316342a5-1024x578.png\" \/>\n\t<meta property=\"og:image:width\" content=\"1024\" \/>\n\t<meta property=\"og:image:height\" content=\"578\" \/>\n\t<meta property=\"og:image:type\" content=\"image\/png\" \/>\n<meta name=\"author\" content=\"staff\" \/>\n<meta name=\"twitter:card\" content=\"summary_large_image\" \/>\n<meta name=\"twitter:creator\" content=\"@apieproject\" \/>\n<meta name=\"twitter:site\" content=\"@apieproject\" \/>\n<meta name=\"twitter:label1\" content=\"\u00c9crit par\" \/>\n\t<meta name=\"twitter:data1\" content=\"staff\" \/>\n\t<meta name=\"twitter:label2\" content=\"Dur\u00e9e de lecture estim\u00e9e\" \/>\n\t<meta name=\"twitter:data2\" content=\"2 minutes\" \/>\n<script type=\"application\/ld+json\" class=\"yoast-schema-graph\">{\"@context\":\"https:\/\/schema.org\",\"@graph\":[{\"@type\":\"Article\",\"@id\":\"https:\/\/appsaf.apieproject.com\/news\/fr\/2023\/10\/30\/soudan-la-societe-civile-et-politique-tente-dexister-et-de-sunir-face-aux-militaires\/#article\",\"isPartOf\":{\"@id\":\"https:\/\/appsaf.apieproject.com\/news\/fr\/2023\/10\/30\/soudan-la-societe-civile-et-politique-tente-dexister-et-de-sunir-face-aux-militaires\/\"},\"author\":{\"name\":\"staff\",\"@id\":\"https:\/\/appsaf.apieproject.com\/news\/#\/schema\/person\/399517cac378948cd7b39086f9ddc2a7\"},\"headline\":\"Soudan: La Soci\u00e9t\u00e9 Civile Et Politique Tente d&rsquo;Exister Et De s&rsquo;Unir Face Aux Militaires\",\"datePublished\":\"2023-10-30T15:03:26+00:00\",\"dateModified\":\"2023-10-30T15:03:27+00:00\",\"mainEntityOfPage\":{\"@id\":\"https:\/\/appsaf.apieproject.com\/news\/fr\/2023\/10\/30\/soudan-la-societe-civile-et-politique-tente-dexister-et-de-sunir-face-aux-militaires\/\"},\"wordCount\":397,\"commentCount\":0,\"publisher\":{\"@id\":\"https:\/\/appsaf.apieproject.com\/news\/#organization\"},\"image\":{\"@id\":\"https:\/\/appsaf.apieproject.com\/news\/fr\/2023\/10\/30\/soudan-la-societe-civile-et-politique-tente-dexister-et-de-sunir-face-aux-militaires\/#primaryimage\"},\"thumbnailUrl\":\"https:\/\/appsaf.apieproject.com\/news\/wp-content\/uploads\/sites\/29\/2023\/10\/Capture-d360ac1ccc71f6b4222881ac316342a5.png\",\"keywords\":[\"actualites\",\"apie project\",\"politique\"],\"articleSection\":[\"Actualit\u00e9s\",\"Politique\"],\"inLanguage\":\"fr-FR\",\"potentialAction\":[{\"@type\":\"CommentAction\",\"name\":\"Comment\",\"target\":[\"https:\/\/appsaf.apieproject.com\/news\/fr\/2023\/10\/30\/soudan-la-societe-civile-et-politique-tente-dexister-et-de-sunir-face-aux-militaires\/#respond\"]}]},{\"@type\":\"WebPage\",\"@id\":\"https:\/\/appsaf.apieproject.com\/news\/fr\/2023\/10\/30\/soudan-la-societe-civile-et-politique-tente-dexister-et-de-sunir-face-aux-militaires\/\",\"url\":\"https:\/\/appsaf.apieproject.com\/news\/fr\/2023\/10\/30\/soudan-la-societe-civile-et-politique-tente-dexister-et-de-sunir-face-aux-militaires\/\",\"name\":\"Soudan: La Soci\u00e9t\u00e9 Civile Et Politique Tente d'Exister Et De s'Unir Face Aux Militaires - APIE NEWS\",\"isPartOf\":{\"@id\":\"https:\/\/appsaf.apieproject.com\/news\/#website\"},\"primaryImageOfPage\":{\"@id\":\"https:\/\/appsaf.apieproject.com\/news\/fr\/2023\/10\/30\/soudan-la-societe-civile-et-politique-tente-dexister-et-de-sunir-face-aux-militaires\/#primaryimage\"},\"image\":{\"@id\":\"https:\/\/appsaf.apieproject.com\/news\/fr\/2023\/10\/30\/soudan-la-societe-civile-et-politique-tente-dexister-et-de-sunir-face-aux-militaires\/#primaryimage\"},\"thumbnailUrl\":\"https:\/\/appsaf.apieproject.com\/news\/wp-content\/uploads\/sites\/29\/2023\/10\/Capture-d360ac1ccc71f6b4222881ac316342a5.png\",\"datePublished\":\"2023-10-30T15:03:26+00:00\",\"dateModified\":\"2023-10-30T15:03:27+00:00\",\"breadcrumb\":{\"@id\":\"https:\/\/appsaf.apieproject.com\/news\/fr\/2023\/10\/30\/soudan-la-societe-civile-et-politique-tente-dexister-et-de-sunir-face-aux-militaires\/#breadcrumb\"},\"inLanguage\":\"fr-FR\",\"potentialAction\":[{\"@type\":\"ReadAction\",\"target\":[\"https:\/\/appsaf.apieproject.com\/news\/fr\/2023\/10\/30\/soudan-la-societe-civile-et-politique-tente-dexister-et-de-sunir-face-aux-militaires\/\"]}]},{\"@type\":\"ImageObject\",\"inLanguage\":\"fr-FR\",\"@id\":\"https:\/\/appsaf.apieproject.com\/news\/fr\/2023\/10\/30\/soudan-la-societe-civile-et-politique-tente-dexister-et-de-sunir-face-aux-militaires\/#primaryimage\",\"url\":\"https:\/\/appsaf.apieproject.com\/news\/wp-content\/uploads\/sites\/29\/2023\/10\/Capture-d360ac1ccc71f6b4222881ac316342a5.png\",\"contentUrl\":\"https:\/\/appsaf.apieproject.com\/news\/wp-content\/uploads\/sites\/29\/2023\/10\/Capture-d360ac1ccc71f6b4222881ac316342a5.png\",\"width\":1469,\"height\":829},{\"@type\":\"BreadcrumbList\",\"@id\":\"https:\/\/appsaf.apieproject.com\/news\/fr\/2023\/10\/30\/soudan-la-societe-civile-et-politique-tente-dexister-et-de-sunir-face-aux-militaires\/#breadcrumb\",\"itemListElement\":[{\"@type\":\"ListItem\",\"position\":1,\"name\":\"Home\",\"item\":\"https:\/\/appsaf.apieproject.com\/news\/fr\/home\/\"},{\"@type\":\"ListItem\",\"position\":2,\"name\":\"Soudan: La Soci\u00e9t\u00e9 Civile Et Politique Tente d&#8217;Exister Et De s&#8217;Unir Face Aux Militaires\"}]},{\"@type\":\"WebSite\",\"@id\":\"https:\/\/appsaf.apieproject.com\/news\/#website\",\"url\":\"https:\/\/appsaf.apieproject.com\/news\/\",\"name\":\"APIE NEWS\",\"description\":\"PANAFRICANISM NEWS PORTAL\",\"publisher\":{\"@id\":\"https:\/\/appsaf.apieproject.com\/news\/#organization\"},\"potentialAction\":[{\"@type\":\"SearchAction\",\"target\":{\"@type\":\"EntryPoint\",\"urlTemplate\":\"https:\/\/appsaf.apieproject.com\/news\/?s={search_term_string}\"},\"query-input\":{\"@type\":\"PropertyValueSpecification\",\"valueRequired\":true,\"valueName\":\"search_term_string\"}}],\"inLanguage\":\"fr-FR\"},{\"@type\":\"Organization\",\"@id\":\"https:\/\/appsaf.apieproject.com\/news\/#organization\",\"name\":\"APIE PROJECT\",\"url\":\"https:\/\/appsaf.apieproject.com\/news\/\",\"logo\":{\"@type\":\"ImageObject\",\"inLanguage\":\"fr-FR\",\"@id\":\"https:\/\/appsaf.apieproject.com\/news\/#\/schema\/logo\/image\/\",\"url\":\"https:\/\/appsaf.apieproject.com\/news\/wp-content\/uploads\/sites\/29\/2022\/07\/logo-R-TransparentBackground.png\",\"contentUrl\":\"https:\/\/appsaf.apieproject.com\/news\/wp-content\/uploads\/sites\/29\/2022\/07\/logo-R-TransparentBackground.png\",\"width\":512,\"height\":512,\"caption\":\"APIE PROJECT\"},\"image\":{\"@id\":\"https:\/\/appsaf.apieproject.com\/news\/#\/schema\/logo\/image\/\"},\"sameAs\":[\"https:\/\/facebook.com\/apieproject\",\"https:\/\/x.com\/apieproject\"]},{\"@type\":\"Person\",\"@id\":\"https:\/\/appsaf.apieproject.com\/news\/#\/schema\/person\/399517cac378948cd7b39086f9ddc2a7\",\"name\":\"staff\",\"image\":{\"@type\":\"ImageObject\",\"inLanguage\":\"fr-FR\",\"@id\":\"https:\/\/appsaf.apieproject.com\/news\/#\/schema\/person\/image\/\",\"url\":\"https:\/\/secure.gravatar.com\/avatar\/5386283c5db150efe261184bd59f072a?s=96&d=mm&r=g\",\"contentUrl\":\"https:\/\/secure.gravatar.com\/avatar\/5386283c5db150efe261184bd59f072a?s=96&d=mm&r=g\",\"caption\":\"staff\"},\"url\":\"https:\/\/appsaf.apieproject.com\/news\/fr\/author\/staff\/\"}]}<\/script>\n<!-- \/ Yoast SEO plugin. -->","yoast_head_json":{"title":"Soudan: La Soci\u00e9t\u00e9 Civile Et Politique Tente d'Exister Et De s'Unir Face Aux Militaires - APIE NEWS","robots":{"index":"index","follow":"follow","max-snippet":"max-snippet:-1","max-image-preview":"max-image-preview:large","max-video-preview":"max-video-preview:-1"},"canonical":"https:\/\/appsaf.apieproject.com\/news\/fr\/2023\/10\/30\/soudan-la-societe-civile-et-politique-tente-dexister-et-de-sunir-face-aux-militaires\/","og_locale":"fr_FR","og_type":"article","og_title":"Soudan: La Soci\u00e9t\u00e9 Civile Et Politique Tente d'Exister Et De s'Unir Face Aux Militaires - APIE NEWS","og_description":"La r\u00e9union des responsables politiques et repr\u00e9sentants civils soudanais s\u2019est conclue jeudi soir 26 octobre apr\u00e8s trois jours de discussions \u00e0 Addis-Abeba. Alors que les n\u00e9gociations \u00e0 Jeddah entre les bellig\u00e9rants ont repris, les civils sont toujours exclus apr\u00e8s six mois de guerre. La soci\u00e9t\u00e9 civile tente d\u2019exister et de s\u2019unir pour mettre la pression sur les militaires avec un projet politique alternatif cr\u00e9dible.","og_url":"https:\/\/appsaf.apieproject.com\/news\/fr\/2023\/10\/30\/soudan-la-societe-civile-et-politique-tente-dexister-et-de-sunir-face-aux-militaires\/","og_site_name":"APIE NEWS","article_publisher":"https:\/\/facebook.com\/apieproject","article_published_time":"2023-10-30T15:03:26+00:00","article_modified_time":"2023-10-30T15:03:27+00:00","og_image":[{"width":1024,"height":578,"url":"https:\/\/appsaf.apieproject.com\/news\/wp-content\/uploads\/sites\/29\/2023\/10\/Capture-d360ac1ccc71f6b4222881ac316342a5-1024x578.png","type":"image\/png"}],"author":"staff","twitter_card":"summary_large_image","twitter_creator":"@apieproject","twitter_site":"@apieproject","twitter_misc":{"\u00c9crit par":"staff","Dur\u00e9e de lecture estim\u00e9e":"2 minutes"},"schema":{"@context":"https:\/\/schema.org","@graph":[{"@type":"Article","@id":"https:\/\/appsaf.apieproject.com\/news\/fr\/2023\/10\/30\/soudan-la-societe-civile-et-politique-tente-dexister-et-de-sunir-face-aux-militaires\/#article","isPartOf":{"@id":"https:\/\/appsaf.apieproject.com\/news\/fr\/2023\/10\/30\/soudan-la-societe-civile-et-politique-tente-dexister-et-de-sunir-face-aux-militaires\/"},"author":{"name":"staff","@id":"https:\/\/appsaf.apieproject.com\/news\/#\/schema\/person\/399517cac378948cd7b39086f9ddc2a7"},"headline":"Soudan: La Soci\u00e9t\u00e9 Civile Et Politique Tente d&rsquo;Exister Et De s&rsquo;Unir Face Aux Militaires","datePublished":"2023-10-30T15:03:26+00:00","dateModified":"2023-10-30T15:03:27+00:00","mainEntityOfPage":{"@id":"https:\/\/appsaf.apieproject.com\/news\/fr\/2023\/10\/30\/soudan-la-societe-civile-et-politique-tente-dexister-et-de-sunir-face-aux-militaires\/"},"wordCount":397,"commentCount":0,"publisher":{"@id":"https:\/\/appsaf.apieproject.com\/news\/#organization"},"image":{"@id":"https:\/\/appsaf.apieproject.com\/news\/fr\/2023\/10\/30\/soudan-la-societe-civile-et-politique-tente-dexister-et-de-sunir-face-aux-militaires\/#primaryimage"},"thumbnailUrl":"https:\/\/appsaf.apieproject.com\/news\/wp-content\/uploads\/sites\/29\/2023\/10\/Capture-d360ac1ccc71f6b4222881ac316342a5.png","keywords":["actualites","apie project","politique"],"articleSection":["Actualit\u00e9s","Politique"],"inLanguage":"fr-FR","potentialAction":[{"@type":"CommentAction","name":"Comment","target":["https:\/\/appsaf.apieproject.com\/news\/fr\/2023\/10\/30\/soudan-la-societe-civile-et-politique-tente-dexister-et-de-sunir-face-aux-militaires\/#respond"]}]},{"@type":"WebPage","@id":"https:\/\/appsaf.apieproject.com\/news\/fr\/2023\/10\/30\/soudan-la-societe-civile-et-politique-tente-dexister-et-de-sunir-face-aux-militaires\/","url":"https:\/\/appsaf.apieproject.com\/news\/fr\/2023\/10\/30\/soudan-la-societe-civile-et-politique-tente-dexister-et-de-sunir-face-aux-militaires\/","name":"Soudan: La Soci\u00e9t\u00e9 Civile Et Politique Tente d'Exister Et De s'Unir Face Aux Militaires - APIE NEWS","isPartOf":{"@id":"https:\/\/appsaf.apieproject.com\/news\/#website"},"primaryImageOfPage":{"@id":"https:\/\/appsaf.apieproject.com\/news\/fr\/2023\/10\/30\/soudan-la-societe-civile-et-politique-tente-dexister-et-de-sunir-face-aux-militaires\/#primaryimage"},"image":{"@id":"https:\/\/appsaf.apieproject.com\/news\/fr\/2023\/10\/30\/soudan-la-societe-civile-et-politique-tente-dexister-et-de-sunir-face-aux-militaires\/#primaryimage"},"thumbnailUrl":"https:\/\/appsaf.apieproject.com\/news\/wp-content\/uploads\/sites\/29\/2023\/10\/Capture-d360ac1ccc71f6b4222881ac316342a5.png","datePublished":"2023-10-30T15:03:26+00:00","dateModified":"2023-10-30T15:03:27+00:00","breadcrumb":{"@id":"https:\/\/appsaf.apieproject.com\/news\/fr\/2023\/10\/30\/soudan-la-societe-civile-et-politique-tente-dexister-et-de-sunir-face-aux-militaires\/#breadcrumb"},"inLanguage":"fr-FR","potentialAction":[{"@type":"ReadAction","target":["https:\/\/appsaf.apieproject.com\/news\/fr\/2023\/10\/30\/soudan-la-societe-civile-et-politique-tente-dexister-et-de-sunir-face-aux-militaires\/"]}]},{"@type":"ImageObject","inLanguage":"fr-FR","@id":"https:\/\/appsaf.apieproject.com\/news\/fr\/2023\/10\/30\/soudan-la-societe-civile-et-politique-tente-dexister-et-de-sunir-face-aux-militaires\/#primaryimage","url":"https:\/\/appsaf.apieproject.com\/news\/wp-content\/uploads\/sites\/29\/2023\/10\/Capture-d360ac1ccc71f6b4222881ac316342a5.png","contentUrl":"https:\/\/appsaf.apieproject.com\/news\/wp-content\/uploads\/sites\/29\/2023\/10\/Capture-d360ac1ccc71f6b4222881ac316342a5.png","width":1469,"height":829},{"@type":"BreadcrumbList","@id":"https:\/\/appsaf.apieproject.com\/news\/fr\/2023\/10\/30\/soudan-la-societe-civile-et-politique-tente-dexister-et-de-sunir-face-aux-militaires\/#breadcrumb","itemListElement":[{"@type":"ListItem","position":1,"name":"Home","item":"https:\/\/appsaf.apieproject.com\/news\/fr\/home\/"},{"@type":"ListItem","position":2,"name":"Soudan: La Soci\u00e9t\u00e9 Civile Et Politique Tente d&#8217;Exister Et De s&#8217;Unir Face Aux Militaires"}]},{"@type":"WebSite","@id":"https:\/\/appsaf.apieproject.com\/news\/#website","url":"https:\/\/appsaf.apieproject.com\/news\/","name":"APIE NEWS","description":"PANAFRICANISM NEWS PORTAL","publisher":{"@id":"https:\/\/appsaf.apieproject.com\/news\/#organization"},"potentialAction":[{"@type":"SearchAction","target":{"@type":"EntryPoint","urlTemplate":"https:\/\/appsaf.apieproject.com\/news\/?s={search_term_string}"},"query-input":{"@type":"PropertyValueSpecification","valueRequired":true,"valueName":"search_term_string"}}],"inLanguage":"fr-FR"},{"@type":"Organization","@id":"https:\/\/appsaf.apieproject.com\/news\/#organization","name":"APIE PROJECT","url":"https:\/\/appsaf.apieproject.com\/news\/","logo":{"@type":"ImageObject","inLanguage":"fr-FR","@id":"https:\/\/appsaf.apieproject.com\/news\/#\/schema\/logo\/image\/","url":"https:\/\/appsaf.apieproject.com\/news\/wp-content\/uploads\/sites\/29\/2022\/07\/logo-R-TransparentBackground.png","contentUrl":"https:\/\/appsaf.apieproject.com\/news\/wp-content\/uploads\/sites\/29\/2022\/07\/logo-R-TransparentBackground.png","width":512,"height":512,"caption":"APIE PROJECT"},"image":{"@id":"https:\/\/appsaf.apieproject.com\/news\/#\/schema\/logo\/image\/"},"sameAs":["https:\/\/facebook.com\/apieproject","https:\/\/x.com\/apieproject"]},{"@type":"Person","@id":"https:\/\/appsaf.apieproject.com\/news\/#\/schema\/person\/399517cac378948cd7b39086f9ddc2a7","name":"staff","image":{"@type":"ImageObject","inLanguage":"fr-FR","@id":"https:\/\/appsaf.apieproject.com\/news\/#\/schema\/person\/image\/","url":"https:\/\/secure.gravatar.com\/avatar\/5386283c5db150efe261184bd59f072a?s=96&d=mm&r=g","contentUrl":"https:\/\/secure.gravatar.com\/avatar\/5386283c5db150efe261184bd59f072a?s=96&d=mm&r=g","caption":"staff"},"url":"https:\/\/appsaf.apieproject.com\/news\/fr\/author\/staff\/"}]}},"_links":{"self":[{"href":"https:\/\/appsaf.apieproject.com\/news\/fr\/wp-json\/wp\/v2\/posts\/34818","targetHints":{"allow":["GET"]}}],"collection":[{"href":"https:\/\/appsaf.apieproject.com\/news\/fr\/wp-json\/wp\/v2\/posts"}],"about":[{"href":"https:\/\/appsaf.apieproject.com\/news\/fr\/wp-json\/wp\/v2\/types\/post"}],"author":[{"embeddable":true,"href":"https:\/\/appsaf.apieproject.com\/news\/fr\/wp-json\/wp\/v2\/users\/12963"}],"replies":[{"embeddable":true,"href":"https:\/\/appsaf.apieproject.com\/news\/fr\/wp-json\/wp\/v2\/comments?post=34818"}],"version-history":[{"count":1,"href":"https:\/\/appsaf.apieproject.com\/news\/fr\/wp-json\/wp\/v2\/posts\/34818\/revisions"}],"predecessor-version":[{"id":35075,"href":"https:\/\/appsaf.apieproject.com\/news\/fr\/wp-json\/wp\/v2\/posts\/34818\/revisions\/35075"}],"wp:featuredmedia":[{"embeddable":true,"href":"https:\/\/appsaf.apieproject.com\/news\/fr\/wp-json\/wp\/v2\/media\/34815"}],"wp:attachment":[{"href":"https:\/\/appsaf.apieproject.com\/news\/fr\/wp-json\/wp\/v2\/media?parent=34818"}],"wp:term":[{"taxonomy":"category","embeddable":true,"href":"https:\/\/appsaf.apieproject.com\/news\/fr\/wp-json\/wp\/v2\/categories?post=34818"},{"taxonomy":"post_tag","embeddable":true,"href":"https:\/\/appsaf.apieproject.com\/news\/fr\/wp-json\/wp\/v2\/tags?post=34818"}],"curies":[{"name":"wp","href":"https:\/\/api.w.org\/{rel}","templated":true}]}}