{"id":34826,"date":"2023-10-30T15:07:24","date_gmt":"2023-10-30T15:07:24","guid":{"rendered":"https:\/\/appsaf.apieproject.com\/news\/?p=34826"},"modified":"2023-10-30T18:11:18","modified_gmt":"2023-10-30T18:11:18","slug":"face-a-la-guerre-israel-hamas-le-maroc-en-plein-dilemme-diplomatique","status":"publish","type":"post","link":"https:\/\/appsaf.apieproject.com\/news\/fr\/2023\/10\/30\/face-a-la-guerre-israel-hamas-le-maroc-en-plein-dilemme-diplomatique\/","title":{"rendered":"Face A La Guerre Isra\u00ebl-Hamas, Le Maroc En Plein Dilemme Diplomatique"},"content":{"rendered":"<p>Depuis le d\u00e9but du conflit entre Isra\u00ebl et le Hamas, le 7 octobre, le Maroc a adopt\u00e9 une position plus temp\u00e9r\u00e9e que celle de ses voisins du Maghreb. Ce positionnement a pu sembler en d\u00e9calage avec celui de l\u2019opinion publique marocaine, qui s\u2019est mobilis\u00e9e massivement pour exprimer sa col\u00e8re face aux bombardements de la bande de Gaza par l\u2019arm\u00e9e isra\u00e9lienne. Parmi leurs revendications : un appel \u00e0 l\u2019annulation de la normalisation entre le royaume ch\u00e9rifien et l\u2019\u00c9tat h\u00e9breu.<\/p>\n<p>Tel-Aviv a en effet normalis\u00e9 ses relations avec Rabat en d\u00e9cembre 2020, dans le cadre des accords d\u2019Abraham, et les liens entre les deux pays se sont depuis renforc\u00e9s \u00ab \u00e0 pas de g\u00e9ant, non seulement en mati\u00e8re de coop\u00e9ration militaire mais \u00e9galement sur le plan des int\u00e9r\u00eats commerciaux et \u00e9conomiques \u00bb, analyse Intissar Fakir, directrice de programme au sein du think tank am\u00e9ricain Middle East Institute, interrog\u00e9e par Jeune Afrique.<\/p>\n<p>Dilemme<\/p>\n<p>Sauf que, plus encore depuis la guerre qui fait rage \u00e0 Gaza, le Maroc fait face \u00e0 un dilemme : \u00ab Comment maintenir le partenariat bilat\u00e9ral sans para\u00eetre en d\u00e9calage complet avec la population et sans donner l\u2019impression de cautionner cette guerre tr\u00e8s sanglante qu\u2019Isra\u00ebl m\u00e8ne actuellement \u00e0 Gaza \u00bb, explique Intissar Fakir. Un jeu d\u2019\u00e9quilibrisme d\u2019autant plus complexe que, selon un sondage d\u2019Arab Barometer, seul un tiers des Marocains approuvent le rapprochement avec Isra\u00ebl.<\/p>\n<p>Cette relation privil\u00e9gi\u00e9e entre les deux pays pourrait-elle permettre au royaume ch\u00e9rifien de se positionner en qualit\u00e9 de m\u00e9diateur, comme il a pu le faire notamment lors des accords d\u2019Oslo sign\u00e9s en 1993 ? \u00ab Le Maroc a toujours \u00e9t\u00e9 dans cette d\u00e9marche de soutenir \u00e0 la fois la paix, mais aussi un rapprochement entre Isra\u00e9liens et Palestiniens. Le rapprochement et la normalisation permettront peut-\u00eatre de mettre encore plus de pression sur Isra\u00ebl \u00bb, explique Yasmina Asrarguis, sp\u00e9cialiste des relations Isra\u00ebl-Maroc, dans notre d\u00e9cryptage en vid\u00e9o.<\/p>\n","protected":false},"excerpt":{"rendered":"<p>La pression de l\u2019opinion publique marocaine l\u2019emportera-t-elle sur la relation privil\u00e9gi\u00e9e que Rabat a nou\u00e9e avec Tel-Aviv ? D\u00e9cryptage en vid\u00e9o.<\/p>\n","protected":false},"author":12963,"featured_media":34823,"comment_status":"open","ping_status":"open","sticky":false,"template":"","format":"standard","meta":{"footnotes":""},"categories":[67,69,59],"tags":[81,78,82],"class_list":{"0":"post-34826","1":"post","2":"type-post","3":"status-publish","4":"format-standard","5":"has-post-thumbnail","7":"category-actualites","8":"category-politique","9":"category-speciaux","10":"tag-actualites","11":"tag-apie-project-2","12":"tag-politique"},"yoast_head":"<!-- This site is optimized with the Yoast SEO plugin v24.4 - https:\/\/yoast.com\/wordpress\/plugins\/seo\/ -->\n<title>Face A La Guerre Isra\u00ebl-Hamas, Le Maroc En Plein Dilemme Diplomatique - APIE NEWS<\/title>\n<meta name=\"robots\" content=\"index, follow, max-snippet:-1, max-image-preview:large, max-video-preview:-1\" \/>\n<link rel=\"canonical\" href=\"https:\/\/appsaf.apieproject.com\/news\/fr\/2023\/10\/30\/face-a-la-guerre-israel-hamas-le-maroc-en-plein-dilemme-diplomatique\/\" \/>\n<meta property=\"og:locale\" content=\"fr_FR\" \/>\n<meta property=\"og:type\" content=\"article\" \/>\n<meta property=\"og:title\" content=\"Face A La Guerre Isra\u00ebl-Hamas, Le Maroc En Plein Dilemme Diplomatique - APIE NEWS\" \/>\n<meta property=\"og:description\" content=\"La pression de l\u2019opinion publique marocaine l\u2019emportera-t-elle sur la relation privil\u00e9gi\u00e9e que Rabat a nou\u00e9e avec Tel-Aviv ? D\u00e9cryptage en vid\u00e9o.\" \/>\n<meta property=\"og:url\" content=\"https:\/\/appsaf.apieproject.com\/news\/fr\/2023\/10\/30\/face-a-la-guerre-israel-hamas-le-maroc-en-plein-dilemme-diplomatique\/\" \/>\n<meta property=\"og:site_name\" content=\"APIE NEWS\" \/>\n<meta property=\"article:publisher\" content=\"https:\/\/facebook.com\/apieproject\" \/>\n<meta property=\"article:published_time\" content=\"2023-10-30T15:07:24+00:00\" \/>\n<meta property=\"article:modified_time\" content=\"2023-10-30T18:11:18+00:00\" \/>\n<meta property=\"og:image\" content=\"https:\/\/appsaf.apieproject.com\/news\/wp-content\/uploads\/sites\/29\/2023\/10\/Capture-560f8ef5ddbd89aa3867d60babad58f9.png\" \/>\n\t<meta property=\"og:image:width\" content=\"832\" \/>\n\t<meta property=\"og:image:height\" content=\"417\" \/>\n\t<meta property=\"og:image:type\" content=\"image\/png\" \/>\n<meta name=\"author\" content=\"staff\" \/>\n<meta name=\"twitter:card\" content=\"summary_large_image\" \/>\n<meta name=\"twitter:creator\" content=\"@apieproject\" \/>\n<meta name=\"twitter:site\" content=\"@apieproject\" \/>\n<meta name=\"twitter:label1\" content=\"\u00c9crit par\" \/>\n\t<meta name=\"twitter:data1\" content=\"staff\" \/>\n\t<meta name=\"twitter:label2\" content=\"Dur\u00e9e de lecture estim\u00e9e\" \/>\n\t<meta name=\"twitter:data2\" content=\"2 minutes\" \/>\n<script type=\"application\/ld+json\" class=\"yoast-schema-graph\">{\"@context\":\"https:\/\/schema.org\",\"@graph\":[{\"@type\":\"Article\",\"@id\":\"https:\/\/appsaf.apieproject.com\/news\/fr\/2023\/10\/30\/face-a-la-guerre-israel-hamas-le-maroc-en-plein-dilemme-diplomatique\/#article\",\"isPartOf\":{\"@id\":\"https:\/\/appsaf.apieproject.com\/news\/fr\/2023\/10\/30\/face-a-la-guerre-israel-hamas-le-maroc-en-plein-dilemme-diplomatique\/\"},\"author\":{\"name\":\"staff\",\"@id\":\"https:\/\/appsaf.apieproject.com\/news\/#\/schema\/person\/399517cac378948cd7b39086f9ddc2a7\"},\"headline\":\"Face A La Guerre Isra\u00ebl-Hamas, Le Maroc En Plein Dilemme Diplomatique\",\"datePublished\":\"2023-10-30T15:07:24+00:00\",\"dateModified\":\"2023-10-30T18:11:18+00:00\",\"mainEntityOfPage\":{\"@id\":\"https:\/\/appsaf.apieproject.com\/news\/fr\/2023\/10\/30\/face-a-la-guerre-israel-hamas-le-maroc-en-plein-dilemme-diplomatique\/\"},\"wordCount\":357,\"commentCount\":0,\"publisher\":{\"@id\":\"https:\/\/appsaf.apieproject.com\/news\/#organization\"},\"image\":{\"@id\":\"https:\/\/appsaf.apieproject.com\/news\/fr\/2023\/10\/30\/face-a-la-guerre-israel-hamas-le-maroc-en-plein-dilemme-diplomatique\/#primaryimage\"},\"thumbnailUrl\":\"https:\/\/appsaf.apieproject.com\/news\/wp-content\/uploads\/sites\/29\/2023\/10\/Capture-560f8ef5ddbd89aa3867d60babad58f9.png\",\"keywords\":[\"actualites\",\"apie project\",\"politique\"],\"articleSection\":[\"Actualit\u00e9s\",\"Politique\",\"Sp\u00e9ciaux\"],\"inLanguage\":\"fr-FR\",\"potentialAction\":[{\"@type\":\"CommentAction\",\"name\":\"Comment\",\"target\":[\"https:\/\/appsaf.apieproject.com\/news\/fr\/2023\/10\/30\/face-a-la-guerre-israel-hamas-le-maroc-en-plein-dilemme-diplomatique\/#respond\"]}]},{\"@type\":\"WebPage\",\"@id\":\"https:\/\/appsaf.apieproject.com\/news\/fr\/2023\/10\/30\/face-a-la-guerre-israel-hamas-le-maroc-en-plein-dilemme-diplomatique\/\",\"url\":\"https:\/\/appsaf.apieproject.com\/news\/fr\/2023\/10\/30\/face-a-la-guerre-israel-hamas-le-maroc-en-plein-dilemme-diplomatique\/\",\"name\":\"Face A La Guerre Isra\u00ebl-Hamas, Le Maroc En Plein Dilemme Diplomatique - APIE NEWS\",\"isPartOf\":{\"@id\":\"https:\/\/appsaf.apieproject.com\/news\/#website\"},\"primaryImageOfPage\":{\"@id\":\"https:\/\/appsaf.apieproject.com\/news\/fr\/2023\/10\/30\/face-a-la-guerre-israel-hamas-le-maroc-en-plein-dilemme-diplomatique\/#primaryimage\"},\"image\":{\"@id\":\"https:\/\/appsaf.apieproject.com\/news\/fr\/2023\/10\/30\/face-a-la-guerre-israel-hamas-le-maroc-en-plein-dilemme-diplomatique\/#primaryimage\"},\"thumbnailUrl\":\"https:\/\/appsaf.apieproject.com\/news\/wp-content\/uploads\/sites\/29\/2023\/10\/Capture-560f8ef5ddbd89aa3867d60babad58f9.png\",\"datePublished\":\"2023-10-30T15:07:24+00:00\",\"dateModified\":\"2023-10-30T18:11:18+00:00\",\"breadcrumb\":{\"@id\":\"https:\/\/appsaf.apieproject.com\/news\/fr\/2023\/10\/30\/face-a-la-guerre-israel-hamas-le-maroc-en-plein-dilemme-diplomatique\/#breadcrumb\"},\"inLanguage\":\"fr-FR\",\"potentialAction\":[{\"@type\":\"ReadAction\",\"target\":[\"https:\/\/appsaf.apieproject.com\/news\/fr\/2023\/10\/30\/face-a-la-guerre-israel-hamas-le-maroc-en-plein-dilemme-diplomatique\/\"]}]},{\"@type\":\"ImageObject\",\"inLanguage\":\"fr-FR\",\"@id\":\"https:\/\/appsaf.apieproject.com\/news\/fr\/2023\/10\/30\/face-a-la-guerre-israel-hamas-le-maroc-en-plein-dilemme-diplomatique\/#primaryimage\",\"url\":\"https:\/\/appsaf.apieproject.com\/news\/wp-content\/uploads\/sites\/29\/2023\/10\/Capture-560f8ef5ddbd89aa3867d60babad58f9.png\",\"contentUrl\":\"https:\/\/appsaf.apieproject.com\/news\/wp-content\/uploads\/sites\/29\/2023\/10\/Capture-560f8ef5ddbd89aa3867d60babad58f9.png\",\"width\":832,\"height\":417},{\"@type\":\"BreadcrumbList\",\"@id\":\"https:\/\/appsaf.apieproject.com\/news\/fr\/2023\/10\/30\/face-a-la-guerre-israel-hamas-le-maroc-en-plein-dilemme-diplomatique\/#breadcrumb\",\"itemListElement\":[{\"@type\":\"ListItem\",\"position\":1,\"name\":\"Home\",\"item\":\"https:\/\/appsaf.apieproject.com\/news\/fr\/home\/\"},{\"@type\":\"ListItem\",\"position\":2,\"name\":\"Face A La Guerre Isra\u00ebl-Hamas, Le Maroc En Plein Dilemme Diplomatique\"}]},{\"@type\":\"WebSite\",\"@id\":\"https:\/\/appsaf.apieproject.com\/news\/#website\",\"url\":\"https:\/\/appsaf.apieproject.com\/news\/\",\"name\":\"APIE NEWS\",\"description\":\"PANAFRICANISM NEWS PORTAL\",\"publisher\":{\"@id\":\"https:\/\/appsaf.apieproject.com\/news\/#organization\"},\"potentialAction\":[{\"@type\":\"SearchAction\",\"target\":{\"@type\":\"EntryPoint\",\"urlTemplate\":\"https:\/\/appsaf.apieproject.com\/news\/?s={search_term_string}\"},\"query-input\":{\"@type\":\"PropertyValueSpecification\",\"valueRequired\":true,\"valueName\":\"search_term_string\"}}],\"inLanguage\":\"fr-FR\"},{\"@type\":\"Organization\",\"@id\":\"https:\/\/appsaf.apieproject.com\/news\/#organization\",\"name\":\"APIE PROJECT\",\"url\":\"https:\/\/appsaf.apieproject.com\/news\/\",\"logo\":{\"@type\":\"ImageObject\",\"inLanguage\":\"fr-FR\",\"@id\":\"https:\/\/appsaf.apieproject.com\/news\/#\/schema\/logo\/image\/\",\"url\":\"https:\/\/appsaf.apieproject.com\/news\/wp-content\/uploads\/sites\/29\/2022\/07\/logo-R-TransparentBackground.png\",\"contentUrl\":\"https:\/\/appsaf.apieproject.com\/news\/wp-content\/uploads\/sites\/29\/2022\/07\/logo-R-TransparentBackground.png\",\"width\":512,\"height\":512,\"caption\":\"APIE PROJECT\"},\"image\":{\"@id\":\"https:\/\/appsaf.apieproject.com\/news\/#\/schema\/logo\/image\/\"},\"sameAs\":[\"https:\/\/facebook.com\/apieproject\",\"https:\/\/x.com\/apieproject\"]},{\"@type\":\"Person\",\"@id\":\"https:\/\/appsaf.apieproject.com\/news\/#\/schema\/person\/399517cac378948cd7b39086f9ddc2a7\",\"name\":\"staff\",\"image\":{\"@type\":\"ImageObject\",\"inLanguage\":\"fr-FR\",\"@id\":\"https:\/\/appsaf.apieproject.com\/news\/#\/schema\/person\/image\/\",\"url\":\"https:\/\/secure.gravatar.com\/avatar\/5386283c5db150efe261184bd59f072a?s=96&d=mm&r=g\",\"contentUrl\":\"https:\/\/secure.gravatar.com\/avatar\/5386283c5db150efe261184bd59f072a?s=96&d=mm&r=g\",\"caption\":\"staff\"},\"url\":\"https:\/\/appsaf.apieproject.com\/news\/fr\/author\/staff\/\"}]}<\/script>\n<!-- \/ Yoast SEO plugin. -->","yoast_head_json":{"title":"Face A La Guerre Isra\u00ebl-Hamas, Le Maroc En Plein Dilemme Diplomatique - APIE NEWS","robots":{"index":"index","follow":"follow","max-snippet":"max-snippet:-1","max-image-preview":"max-image-preview:large","max-video-preview":"max-video-preview:-1"},"canonical":"https:\/\/appsaf.apieproject.com\/news\/fr\/2023\/10\/30\/face-a-la-guerre-israel-hamas-le-maroc-en-plein-dilemme-diplomatique\/","og_locale":"fr_FR","og_type":"article","og_title":"Face A La Guerre Isra\u00ebl-Hamas, Le Maroc En Plein Dilemme Diplomatique - APIE NEWS","og_description":"La pression de l\u2019opinion publique marocaine l\u2019emportera-t-elle sur la relation privil\u00e9gi\u00e9e que Rabat a nou\u00e9e avec Tel-Aviv ? D\u00e9cryptage en vid\u00e9o.","og_url":"https:\/\/appsaf.apieproject.com\/news\/fr\/2023\/10\/30\/face-a-la-guerre-israel-hamas-le-maroc-en-plein-dilemme-diplomatique\/","og_site_name":"APIE NEWS","article_publisher":"https:\/\/facebook.com\/apieproject","article_published_time":"2023-10-30T15:07:24+00:00","article_modified_time":"2023-10-30T18:11:18+00:00","og_image":[{"width":832,"height":417,"url":"https:\/\/appsaf.apieproject.com\/news\/wp-content\/uploads\/sites\/29\/2023\/10\/Capture-560f8ef5ddbd89aa3867d60babad58f9.png","type":"image\/png"}],"author":"staff","twitter_card":"summary_large_image","twitter_creator":"@apieproject","twitter_site":"@apieproject","twitter_misc":{"\u00c9crit par":"staff","Dur\u00e9e de lecture estim\u00e9e":"2 minutes"},"schema":{"@context":"https:\/\/schema.org","@graph":[{"@type":"Article","@id":"https:\/\/appsaf.apieproject.com\/news\/fr\/2023\/10\/30\/face-a-la-guerre-israel-hamas-le-maroc-en-plein-dilemme-diplomatique\/#article","isPartOf":{"@id":"https:\/\/appsaf.apieproject.com\/news\/fr\/2023\/10\/30\/face-a-la-guerre-israel-hamas-le-maroc-en-plein-dilemme-diplomatique\/"},"author":{"name":"staff","@id":"https:\/\/appsaf.apieproject.com\/news\/#\/schema\/person\/399517cac378948cd7b39086f9ddc2a7"},"headline":"Face A La Guerre Isra\u00ebl-Hamas, Le Maroc En Plein Dilemme Diplomatique","datePublished":"2023-10-30T15:07:24+00:00","dateModified":"2023-10-30T18:11:18+00:00","mainEntityOfPage":{"@id":"https:\/\/appsaf.apieproject.com\/news\/fr\/2023\/10\/30\/face-a-la-guerre-israel-hamas-le-maroc-en-plein-dilemme-diplomatique\/"},"wordCount":357,"commentCount":0,"publisher":{"@id":"https:\/\/appsaf.apieproject.com\/news\/#organization"},"image":{"@id":"https:\/\/appsaf.apieproject.com\/news\/fr\/2023\/10\/30\/face-a-la-guerre-israel-hamas-le-maroc-en-plein-dilemme-diplomatique\/#primaryimage"},"thumbnailUrl":"https:\/\/appsaf.apieproject.com\/news\/wp-content\/uploads\/sites\/29\/2023\/10\/Capture-560f8ef5ddbd89aa3867d60babad58f9.png","keywords":["actualites","apie project","politique"],"articleSection":["Actualit\u00e9s","Politique","Sp\u00e9ciaux"],"inLanguage":"fr-FR","potentialAction":[{"@type":"CommentAction","name":"Comment","target":["https:\/\/appsaf.apieproject.com\/news\/fr\/2023\/10\/30\/face-a-la-guerre-israel-hamas-le-maroc-en-plein-dilemme-diplomatique\/#respond"]}]},{"@type":"WebPage","@id":"https:\/\/appsaf.apieproject.com\/news\/fr\/2023\/10\/30\/face-a-la-guerre-israel-hamas-le-maroc-en-plein-dilemme-diplomatique\/","url":"https:\/\/appsaf.apieproject.com\/news\/fr\/2023\/10\/30\/face-a-la-guerre-israel-hamas-le-maroc-en-plein-dilemme-diplomatique\/","name":"Face A La Guerre Isra\u00ebl-Hamas, Le Maroc En Plein Dilemme Diplomatique - APIE NEWS","isPartOf":{"@id":"https:\/\/appsaf.apieproject.com\/news\/#website"},"primaryImageOfPage":{"@id":"https:\/\/appsaf.apieproject.com\/news\/fr\/2023\/10\/30\/face-a-la-guerre-israel-hamas-le-maroc-en-plein-dilemme-diplomatique\/#primaryimage"},"image":{"@id":"https:\/\/appsaf.apieproject.com\/news\/fr\/2023\/10\/30\/face-a-la-guerre-israel-hamas-le-maroc-en-plein-dilemme-diplomatique\/#primaryimage"},"thumbnailUrl":"https:\/\/appsaf.apieproject.com\/news\/wp-content\/uploads\/sites\/29\/2023\/10\/Capture-560f8ef5ddbd89aa3867d60babad58f9.png","datePublished":"2023-10-30T15:07:24+00:00","dateModified":"2023-10-30T18:11:18+00:00","breadcrumb":{"@id":"https:\/\/appsaf.apieproject.com\/news\/fr\/2023\/10\/30\/face-a-la-guerre-israel-hamas-le-maroc-en-plein-dilemme-diplomatique\/#breadcrumb"},"inLanguage":"fr-FR","potentialAction":[{"@type":"ReadAction","target":["https:\/\/appsaf.apieproject.com\/news\/fr\/2023\/10\/30\/face-a-la-guerre-israel-hamas-le-maroc-en-plein-dilemme-diplomatique\/"]}]},{"@type":"ImageObject","inLanguage":"fr-FR","@id":"https:\/\/appsaf.apieproject.com\/news\/fr\/2023\/10\/30\/face-a-la-guerre-israel-hamas-le-maroc-en-plein-dilemme-diplomatique\/#primaryimage","url":"https:\/\/appsaf.apieproject.com\/news\/wp-content\/uploads\/sites\/29\/2023\/10\/Capture-560f8ef5ddbd89aa3867d60babad58f9.png","contentUrl":"https:\/\/appsaf.apieproject.com\/news\/wp-content\/uploads\/sites\/29\/2023\/10\/Capture-560f8ef5ddbd89aa3867d60babad58f9.png","width":832,"height":417},{"@type":"BreadcrumbList","@id":"https:\/\/appsaf.apieproject.com\/news\/fr\/2023\/10\/30\/face-a-la-guerre-israel-hamas-le-maroc-en-plein-dilemme-diplomatique\/#breadcrumb","itemListElement":[{"@type":"ListItem","position":1,"name":"Home","item":"https:\/\/appsaf.apieproject.com\/news\/fr\/home\/"},{"@type":"ListItem","position":2,"name":"Face A La Guerre Isra\u00ebl-Hamas, Le Maroc En Plein Dilemme Diplomatique"}]},{"@type":"WebSite","@id":"https:\/\/appsaf.apieproject.com\/news\/#website","url":"https:\/\/appsaf.apieproject.com\/news\/","name":"APIE NEWS","description":"PANAFRICANISM NEWS PORTAL","publisher":{"@id":"https:\/\/appsaf.apieproject.com\/news\/#organization"},"potentialAction":[{"@type":"SearchAction","target":{"@type":"EntryPoint","urlTemplate":"https:\/\/appsaf.apieproject.com\/news\/?s={search_term_string}"},"query-input":{"@type":"PropertyValueSpecification","valueRequired":true,"valueName":"search_term_string"}}],"inLanguage":"fr-FR"},{"@type":"Organization","@id":"https:\/\/appsaf.apieproject.com\/news\/#organization","name":"APIE PROJECT","url":"https:\/\/appsaf.apieproject.com\/news\/","logo":{"@type":"ImageObject","inLanguage":"fr-FR","@id":"https:\/\/appsaf.apieproject.com\/news\/#\/schema\/logo\/image\/","url":"https:\/\/appsaf.apieproject.com\/news\/wp-content\/uploads\/sites\/29\/2022\/07\/logo-R-TransparentBackground.png","contentUrl":"https:\/\/appsaf.apieproject.com\/news\/wp-content\/uploads\/sites\/29\/2022\/07\/logo-R-TransparentBackground.png","width":512,"height":512,"caption":"APIE PROJECT"},"image":{"@id":"https:\/\/appsaf.apieproject.com\/news\/#\/schema\/logo\/image\/"},"sameAs":["https:\/\/facebook.com\/apieproject","https:\/\/x.com\/apieproject"]},{"@type":"Person","@id":"https:\/\/appsaf.apieproject.com\/news\/#\/schema\/person\/399517cac378948cd7b39086f9ddc2a7","name":"staff","image":{"@type":"ImageObject","inLanguage":"fr-FR","@id":"https:\/\/appsaf.apieproject.com\/news\/#\/schema\/person\/image\/","url":"https:\/\/secure.gravatar.com\/avatar\/5386283c5db150efe261184bd59f072a?s=96&d=mm&r=g","contentUrl":"https:\/\/secure.gravatar.com\/avatar\/5386283c5db150efe261184bd59f072a?s=96&d=mm&r=g","caption":"staff"},"url":"https:\/\/appsaf.apieproject.com\/news\/fr\/author\/staff\/"}]}},"_links":{"self":[{"href":"https:\/\/appsaf.apieproject.com\/news\/fr\/wp-json\/wp\/v2\/posts\/34826","targetHints":{"allow":["GET"]}}],"collection":[{"href":"https:\/\/appsaf.apieproject.com\/news\/fr\/wp-json\/wp\/v2\/posts"}],"about":[{"href":"https:\/\/appsaf.apieproject.com\/news\/fr\/wp-json\/wp\/v2\/types\/post"}],"author":[{"embeddable":true,"href":"https:\/\/appsaf.apieproject.com\/news\/fr\/wp-json\/wp\/v2\/users\/12963"}],"replies":[{"embeddable":true,"href":"https:\/\/appsaf.apieproject.com\/news\/fr\/wp-json\/wp\/v2\/comments?post=34826"}],"version-history":[{"count":1,"href":"https:\/\/appsaf.apieproject.com\/news\/fr\/wp-json\/wp\/v2\/posts\/34826\/revisions"}],"predecessor-version":[{"id":35078,"href":"https:\/\/appsaf.apieproject.com\/news\/fr\/wp-json\/wp\/v2\/posts\/34826\/revisions\/35078"}],"wp:featuredmedia":[{"embeddable":true,"href":"https:\/\/appsaf.apieproject.com\/news\/fr\/wp-json\/wp\/v2\/media\/34823"}],"wp:attachment":[{"href":"https:\/\/appsaf.apieproject.com\/news\/fr\/wp-json\/wp\/v2\/media?parent=34826"}],"wp:term":[{"taxonomy":"category","embeddable":true,"href":"https:\/\/appsaf.apieproject.com\/news\/fr\/wp-json\/wp\/v2\/categories?post=34826"},{"taxonomy":"post_tag","embeddable":true,"href":"https:\/\/appsaf.apieproject.com\/news\/fr\/wp-json\/wp\/v2\/tags?post=34826"}],"curies":[{"name":"wp","href":"https:\/\/api.w.org\/{rel}","templated":true}]}}