{"id":34838,"date":"2023-10-30T15:19:35","date_gmt":"2023-10-30T15:19:35","guid":{"rendered":"https:\/\/appsaf.apieproject.com\/news\/?p=34838"},"modified":"2023-10-30T15:19:37","modified_gmt":"2023-10-30T15:19:37","slug":"la-diversite-culturelle-du-maroc-en-tant-que-carrefour-des-civilisations-mise-en-avant-a-addis-abeba","status":"publish","type":"post","link":"https:\/\/appsaf.apieproject.com\/news\/fr\/2023\/10\/30\/la-diversite-culturelle-du-maroc-en-tant-que-carrefour-des-civilisations-mise-en-avant-a-addis-abeba\/","title":{"rendered":"La Diversit\u00e9 Culturelle Du Maroc En Tant Que Carrefour Des Civilisations Mise En Avant A Addis-Abeba"},"content":{"rendered":"<p>L\u2019Ambassadeur du Maroc en Ethiopie et \u00e0 Djibouti, Mme Nezha Alaoui M\u2019hammdi, qui intervenait lors de cette rencontre a soulign\u00e9 que le Maroc, avec sa riche histoire et sa diversit\u00e9 culturelle, a toujours \u0153uvrer pour pr\u00e9server et promouvoir son patrimoine culturel.<\/p>\n<p>L\u2019identit\u00e9 africaine de la culture marocaine est un \u00e9l\u00e9ment essentiel qui fa\u00e7onne la diversit\u00e9 et la richesse du patrimoine du Royaume, a mis en exergue la diplomate marocaine, rappelant que le Maroc, en tant que carrefour des civilisations, a su cr\u00e9er une symbiose unique entre ses diff\u00e9rents patrimoines culturels.<\/p>\n<p>Le Royaume a plac\u00e9 la culture au c\u0153ur de ses politiques publiques et aussi au centre de la fructueuse coop\u00e9ration africaine qui vise \u00e0 contribuer \u00e0 la sensibilisation des Africains sur leur patrimoine, a relev\u00e9 Mme Alaoui M\u2019hammdi lors de cette table ronde initi\u00e9e par l\u2019ambassade du Royaume \u00e0 Addis-Abeba en collaboration avec les repr\u00e9sentations de l\u2019Organisation des Nations Unies pour l\u2019\u00e9ducation, la science et la culture (UNESCO) et l\u2019Organisation internationale de la Francophonie dans la capitale \u00e9thiopienne.<\/p>\n<p>La diplomate marocaine a cit\u00e9 dans ce sens la grande exposition b\u00e9ninoise sous le th\u00e8me \u00abArt du B\u00e9nin d\u2019hier et d\u2019aujourd\u2019hui : de la restitution \u00e0 la r\u00e9v\u00e9lation\u00bb qui a \u00e9t\u00e9 abrit\u00e9e du 18 janvier au 15 mai 2023, au Mus\u00e9e Mohammed VI d\u2019art moderne et contemporain de Rabat.<\/p>\n<p>Par ailleurs, le Maroc a mis en \u0153uvre diverses initiatives et politiques pour la pr\u00e9servation de son identit\u00e9 culturelle, dont l\u2019inscription de plusieurs \u00e9l\u00e9ments de son patrimoine culturel immat\u00e9riel sur la liste de l\u2019UNESCO, a not\u00e9 Mme Alaoui M\u2019hammdi, ajoutant que le Royaume a \u00e9galement investi dans la restauration de ses sites arch\u00e9ologiques et historiques.<\/p>\n<p>Revenant sur le patrimoine culturel africain, la diplomate marocaine a mis en relief sa richesse ind\u00e9niable et sa diversit\u00e9 incontestable. \u201cC\u2019est un h\u00e9ritage qui nous unit en tant qu\u2019Africains, renforce notre solidarit\u00e9 et fa\u00e7onne notre identit\u00e9 en tant que continent\u201d, a soulign\u00e9 Mme Alaoui M\u2019hammdi, mettant l\u2019accent sur l\u2019importance de pr\u00e9server et de valoriser le patrimoine africain.<\/p>\n<p>Cette importance s\u2019est accrue r\u00e9cemment, notamment pour les \u0153uvres d\u2019art africaines classiques qui se trouvent encore en dehors du continent, privant les nations africaines de leur propre patrimoine, essentiel pour leur histoire et leur identit\u00e9, a-t-elle fait remarquer.<\/p>\n<p>\u201cAinsi, la restitution du patrimoine culturel africain ne consiste pas seulement \u00e0 r\u00e9cup\u00e9rer des objets d\u2019art, mais elle vise \u00e0 pr\u00e9server et transmettre notre histoire, nos valeurs et nos cultures aux g\u00e9n\u00e9rations futures. Aussi, cela permettra \u00e0 notre culture d\u2019\u00eatre plus riche, plus diversifi\u00e9e et de rayonner \u00e0 travers le monde\u201d, a insist\u00e9 la diplomate marocaine<\/p>\n<p>Pour atteindre l\u2019objectif de restitution des biens culturels africains, une coop\u00e9ration \u00e9troite entre les pays africains, ainsi qu\u2019un dialogue constructif avec les pays d\u00e9tenant ces biens culturels, sont n\u00e9cessaires, a-t-elle not\u00e9.<\/p>\n<p>\u00c0 cet \u00e9gard, les Africains sont invit\u00e9s \u00e0 travailler ensemble pour un objectif commun qui est le d\u00e9veloppement de politiques continentales et nationales visant \u00e0 prot\u00e9ger et \u00e0 valoriser leur patrimoine culturel, notamment en sensibilisant les jeunes g\u00e9n\u00e9rations \u00e0 sa connaissance et \u00e0 sa pr\u00e9servation.<\/p>\n<p>Ils sont \u00e9galement invit\u00e9s \u00e0 s\u2019engager dans la mise en \u0153uvre de politiques ad\u00e9quates pour soutenir le d\u00e9veloppement du secteur culturel et cr\u00e9atif, qui contribueront au d\u00e9veloppement durable du continent.<\/p>\n<p>Cette table ronde qui a \u00e9t\u00e9 marqu\u00e9e par la participation d\u2019officiels \u00e9thiopiens, de Hauts responsables de l\u2019Union africaine et du syst\u00e8me onusien, du corps diplomatique accr\u00e9dit\u00e9 \u00e0 Addis-Abeba et plusieurs autres personnalit\u00e9s, a \u00e9t\u00e9 ponctu\u00e9e par des panels portant, entre autres, sur \u201cla place de la restitution des biens culturels dans les industries cr\u00e9atives\u201d, \u201cindustries cr\u00e9atives et restitution des biens culturels: quelles politiques publiques?\u201d et \u201cdes exemples de retours r\u00e9ussis: le cas du B\u00e9nin\u201d.<\/p>\n","protected":false},"excerpt":{"rendered":"<p>La diversit\u00e9 culturelle du Maroc en tant que carrefour des civilisations et l\u2019identit\u00e9 africaine de la culture marocaine ont \u00e9t\u00e9 mises en avant, vendredi \u00e0 Addis-Abeba, lors d\u2019une table ronde sur \u00ab les industries culturelles et cr\u00e9atives et la restitution des biens culturels \u00bb.<\/p>\n","protected":false},"author":12963,"featured_media":34835,"comment_status":"open","ping_status":"open","sticky":false,"template":"","format":"standard","meta":{"footnotes":""},"categories":[53,55],"tags":[78,87,88],"class_list":{"0":"post-34838","1":"post","2":"type-post","3":"status-publish","4":"format-standard","5":"has-post-thumbnail","7":"category-culture-fr","8":"category-divertissement","9":"tag-apie-project-2","10":"tag-culture-2","11":"tag-divertissement"},"yoast_head":"<!-- This site is optimized with the Yoast SEO plugin v24.4 - https:\/\/yoast.com\/wordpress\/plugins\/seo\/ -->\n<title>La Diversit\u00e9 Culturelle Du Maroc En Tant Que Carrefour Des Civilisations Mise En Avant A Addis-Abeba - APIE NEWS<\/title>\n<meta name=\"robots\" content=\"index, follow, max-snippet:-1, max-image-preview:large, max-video-preview:-1\" \/>\n<link rel=\"canonical\" href=\"https:\/\/appsaf.apieproject.com\/news\/fr\/2023\/10\/30\/la-diversite-culturelle-du-maroc-en-tant-que-carrefour-des-civilisations-mise-en-avant-a-addis-abeba\/\" \/>\n<meta property=\"og:locale\" content=\"fr_FR\" \/>\n<meta property=\"og:type\" content=\"article\" \/>\n<meta property=\"og:title\" content=\"La Diversit\u00e9 Culturelle Du Maroc En Tant Que Carrefour Des Civilisations Mise En Avant A Addis-Abeba - APIE NEWS\" \/>\n<meta property=\"og:description\" content=\"La diversit\u00e9 culturelle du Maroc en tant que carrefour des civilisations et l\u2019identit\u00e9 africaine de la culture marocaine ont \u00e9t\u00e9 mises en avant, vendredi \u00e0 Addis-Abeba, lors d\u2019une table ronde sur \u00ab les industries culturelles et cr\u00e9atives et la restitution des biens culturels \u00bb.\" \/>\n<meta property=\"og:url\" content=\"https:\/\/appsaf.apieproject.com\/news\/fr\/2023\/10\/30\/la-diversite-culturelle-du-maroc-en-tant-que-carrefour-des-civilisations-mise-en-avant-a-addis-abeba\/\" \/>\n<meta property=\"og:site_name\" content=\"APIE NEWS\" \/>\n<meta property=\"article:publisher\" content=\"https:\/\/facebook.com\/apieproject\" \/>\n<meta property=\"article:published_time\" content=\"2023-10-30T15:19:35+00:00\" \/>\n<meta property=\"article:modified_time\" content=\"2023-10-30T15:19:37+00:00\" \/>\n<meta property=\"og:image\" content=\"https:\/\/appsaf.apieproject.com\/news\/wp-content\/uploads\/sites\/29\/2023\/10\/patrimoine-culturel-06bd585f28fa6602bca379924e0c8f0b.jpg\" \/>\n\t<meta property=\"og:image:width\" content=\"750\" \/>\n\t<meta property=\"og:image:height\" content=\"400\" \/>\n\t<meta property=\"og:image:type\" content=\"image\/jpeg\" \/>\n<meta name=\"author\" content=\"staff\" \/>\n<meta name=\"twitter:card\" content=\"summary_large_image\" \/>\n<meta name=\"twitter:creator\" content=\"@apieproject\" \/>\n<meta name=\"twitter:site\" content=\"@apieproject\" \/>\n<meta name=\"twitter:label1\" content=\"\u00c9crit par\" \/>\n\t<meta name=\"twitter:data1\" content=\"staff\" \/>\n\t<meta name=\"twitter:label2\" content=\"Dur\u00e9e de lecture estim\u00e9e\" \/>\n\t<meta name=\"twitter:data2\" content=\"3 minutes\" \/>\n<script type=\"application\/ld+json\" class=\"yoast-schema-graph\">{\"@context\":\"https:\/\/schema.org\",\"@graph\":[{\"@type\":\"Article\",\"@id\":\"https:\/\/appsaf.apieproject.com\/news\/fr\/2023\/10\/30\/la-diversite-culturelle-du-maroc-en-tant-que-carrefour-des-civilisations-mise-en-avant-a-addis-abeba\/#article\",\"isPartOf\":{\"@id\":\"https:\/\/appsaf.apieproject.com\/news\/fr\/2023\/10\/30\/la-diversite-culturelle-du-maroc-en-tant-que-carrefour-des-civilisations-mise-en-avant-a-addis-abeba\/\"},\"author\":{\"name\":\"staff\",\"@id\":\"https:\/\/appsaf.apieproject.com\/news\/#\/schema\/person\/399517cac378948cd7b39086f9ddc2a7\"},\"headline\":\"La Diversit\u00e9 Culturelle Du Maroc En Tant Que Carrefour Des Civilisations Mise En Avant A Addis-Abeba\",\"datePublished\":\"2023-10-30T15:19:35+00:00\",\"dateModified\":\"2023-10-30T15:19:37+00:00\",\"mainEntityOfPage\":{\"@id\":\"https:\/\/appsaf.apieproject.com\/news\/fr\/2023\/10\/30\/la-diversite-culturelle-du-maroc-en-tant-que-carrefour-des-civilisations-mise-en-avant-a-addis-abeba\/\"},\"wordCount\":681,\"commentCount\":0,\"publisher\":{\"@id\":\"https:\/\/appsaf.apieproject.com\/news\/#organization\"},\"image\":{\"@id\":\"https:\/\/appsaf.apieproject.com\/news\/fr\/2023\/10\/30\/la-diversite-culturelle-du-maroc-en-tant-que-carrefour-des-civilisations-mise-en-avant-a-addis-abeba\/#primaryimage\"},\"thumbnailUrl\":\"https:\/\/appsaf.apieproject.com\/news\/wp-content\/uploads\/sites\/29\/2023\/10\/patrimoine-culturel-06bd585f28fa6602bca379924e0c8f0b.jpg\",\"keywords\":[\"apie project\",\"culture\",\"divertissement\"],\"articleSection\":[\"Culture\",\"Divertissement\"],\"inLanguage\":\"fr-FR\",\"potentialAction\":[{\"@type\":\"CommentAction\",\"name\":\"Comment\",\"target\":[\"https:\/\/appsaf.apieproject.com\/news\/fr\/2023\/10\/30\/la-diversite-culturelle-du-maroc-en-tant-que-carrefour-des-civilisations-mise-en-avant-a-addis-abeba\/#respond\"]}]},{\"@type\":\"WebPage\",\"@id\":\"https:\/\/appsaf.apieproject.com\/news\/fr\/2023\/10\/30\/la-diversite-culturelle-du-maroc-en-tant-que-carrefour-des-civilisations-mise-en-avant-a-addis-abeba\/\",\"url\":\"https:\/\/appsaf.apieproject.com\/news\/fr\/2023\/10\/30\/la-diversite-culturelle-du-maroc-en-tant-que-carrefour-des-civilisations-mise-en-avant-a-addis-abeba\/\",\"name\":\"La Diversit\u00e9 Culturelle Du Maroc En Tant Que Carrefour Des Civilisations Mise En Avant A Addis-Abeba - APIE NEWS\",\"isPartOf\":{\"@id\":\"https:\/\/appsaf.apieproject.com\/news\/#website\"},\"primaryImageOfPage\":{\"@id\":\"https:\/\/appsaf.apieproject.com\/news\/fr\/2023\/10\/30\/la-diversite-culturelle-du-maroc-en-tant-que-carrefour-des-civilisations-mise-en-avant-a-addis-abeba\/#primaryimage\"},\"image\":{\"@id\":\"https:\/\/appsaf.apieproject.com\/news\/fr\/2023\/10\/30\/la-diversite-culturelle-du-maroc-en-tant-que-carrefour-des-civilisations-mise-en-avant-a-addis-abeba\/#primaryimage\"},\"thumbnailUrl\":\"https:\/\/appsaf.apieproject.com\/news\/wp-content\/uploads\/sites\/29\/2023\/10\/patrimoine-culturel-06bd585f28fa6602bca379924e0c8f0b.jpg\",\"datePublished\":\"2023-10-30T15:19:35+00:00\",\"dateModified\":\"2023-10-30T15:19:37+00:00\",\"breadcrumb\":{\"@id\":\"https:\/\/appsaf.apieproject.com\/news\/fr\/2023\/10\/30\/la-diversite-culturelle-du-maroc-en-tant-que-carrefour-des-civilisations-mise-en-avant-a-addis-abeba\/#breadcrumb\"},\"inLanguage\":\"fr-FR\",\"potentialAction\":[{\"@type\":\"ReadAction\",\"target\":[\"https:\/\/appsaf.apieproject.com\/news\/fr\/2023\/10\/30\/la-diversite-culturelle-du-maroc-en-tant-que-carrefour-des-civilisations-mise-en-avant-a-addis-abeba\/\"]}]},{\"@type\":\"ImageObject\",\"inLanguage\":\"fr-FR\",\"@id\":\"https:\/\/appsaf.apieproject.com\/news\/fr\/2023\/10\/30\/la-diversite-culturelle-du-maroc-en-tant-que-carrefour-des-civilisations-mise-en-avant-a-addis-abeba\/#primaryimage\",\"url\":\"https:\/\/appsaf.apieproject.com\/news\/wp-content\/uploads\/sites\/29\/2023\/10\/patrimoine-culturel-06bd585f28fa6602bca379924e0c8f0b.jpg\",\"contentUrl\":\"https:\/\/appsaf.apieproject.com\/news\/wp-content\/uploads\/sites\/29\/2023\/10\/patrimoine-culturel-06bd585f28fa6602bca379924e0c8f0b.jpg\",\"width\":750,\"height\":400},{\"@type\":\"BreadcrumbList\",\"@id\":\"https:\/\/appsaf.apieproject.com\/news\/fr\/2023\/10\/30\/la-diversite-culturelle-du-maroc-en-tant-que-carrefour-des-civilisations-mise-en-avant-a-addis-abeba\/#breadcrumb\",\"itemListElement\":[{\"@type\":\"ListItem\",\"position\":1,\"name\":\"Home\",\"item\":\"https:\/\/appsaf.apieproject.com\/news\/fr\/home\/\"},{\"@type\":\"ListItem\",\"position\":2,\"name\":\"La Diversit\u00e9 Culturelle Du Maroc En Tant Que Carrefour Des Civilisations Mise En Avant A Addis-Abeba\"}]},{\"@type\":\"WebSite\",\"@id\":\"https:\/\/appsaf.apieproject.com\/news\/#website\",\"url\":\"https:\/\/appsaf.apieproject.com\/news\/\",\"name\":\"APIE NEWS\",\"description\":\"PANAFRICANISM NEWS PORTAL\",\"publisher\":{\"@id\":\"https:\/\/appsaf.apieproject.com\/news\/#organization\"},\"potentialAction\":[{\"@type\":\"SearchAction\",\"target\":{\"@type\":\"EntryPoint\",\"urlTemplate\":\"https:\/\/appsaf.apieproject.com\/news\/?s={search_term_string}\"},\"query-input\":{\"@type\":\"PropertyValueSpecification\",\"valueRequired\":true,\"valueName\":\"search_term_string\"}}],\"inLanguage\":\"fr-FR\"},{\"@type\":\"Organization\",\"@id\":\"https:\/\/appsaf.apieproject.com\/news\/#organization\",\"name\":\"APIE PROJECT\",\"url\":\"https:\/\/appsaf.apieproject.com\/news\/\",\"logo\":{\"@type\":\"ImageObject\",\"inLanguage\":\"fr-FR\",\"@id\":\"https:\/\/appsaf.apieproject.com\/news\/#\/schema\/logo\/image\/\",\"url\":\"https:\/\/appsaf.apieproject.com\/news\/wp-content\/uploads\/sites\/29\/2022\/07\/logo-R-TransparentBackground.png\",\"contentUrl\":\"https:\/\/appsaf.apieproject.com\/news\/wp-content\/uploads\/sites\/29\/2022\/07\/logo-R-TransparentBackground.png\",\"width\":512,\"height\":512,\"caption\":\"APIE PROJECT\"},\"image\":{\"@id\":\"https:\/\/appsaf.apieproject.com\/news\/#\/schema\/logo\/image\/\"},\"sameAs\":[\"https:\/\/facebook.com\/apieproject\",\"https:\/\/x.com\/apieproject\"]},{\"@type\":\"Person\",\"@id\":\"https:\/\/appsaf.apieproject.com\/news\/#\/schema\/person\/399517cac378948cd7b39086f9ddc2a7\",\"name\":\"staff\",\"image\":{\"@type\":\"ImageObject\",\"inLanguage\":\"fr-FR\",\"@id\":\"https:\/\/appsaf.apieproject.com\/news\/#\/schema\/person\/image\/\",\"url\":\"https:\/\/secure.gravatar.com\/avatar\/5386283c5db150efe261184bd59f072a?s=96&d=mm&r=g\",\"contentUrl\":\"https:\/\/secure.gravatar.com\/avatar\/5386283c5db150efe261184bd59f072a?s=96&d=mm&r=g\",\"caption\":\"staff\"},\"url\":\"https:\/\/appsaf.apieproject.com\/news\/fr\/author\/staff\/\"}]}<\/script>\n<!-- \/ Yoast SEO plugin. -->","yoast_head_json":{"title":"La Diversit\u00e9 Culturelle Du Maroc En Tant Que Carrefour Des Civilisations Mise En Avant A Addis-Abeba - APIE NEWS","robots":{"index":"index","follow":"follow","max-snippet":"max-snippet:-1","max-image-preview":"max-image-preview:large","max-video-preview":"max-video-preview:-1"},"canonical":"https:\/\/appsaf.apieproject.com\/news\/fr\/2023\/10\/30\/la-diversite-culturelle-du-maroc-en-tant-que-carrefour-des-civilisations-mise-en-avant-a-addis-abeba\/","og_locale":"fr_FR","og_type":"article","og_title":"La Diversit\u00e9 Culturelle Du Maroc En Tant Que Carrefour Des Civilisations Mise En Avant A Addis-Abeba - APIE NEWS","og_description":"La diversit\u00e9 culturelle du Maroc en tant que carrefour des civilisations et l\u2019identit\u00e9 africaine de la culture marocaine ont \u00e9t\u00e9 mises en avant, vendredi \u00e0 Addis-Abeba, lors d\u2019une table ronde sur \u00ab les industries culturelles et cr\u00e9atives et la restitution des biens culturels \u00bb.","og_url":"https:\/\/appsaf.apieproject.com\/news\/fr\/2023\/10\/30\/la-diversite-culturelle-du-maroc-en-tant-que-carrefour-des-civilisations-mise-en-avant-a-addis-abeba\/","og_site_name":"APIE NEWS","article_publisher":"https:\/\/facebook.com\/apieproject","article_published_time":"2023-10-30T15:19:35+00:00","article_modified_time":"2023-10-30T15:19:37+00:00","og_image":[{"width":750,"height":400,"url":"https:\/\/appsaf.apieproject.com\/news\/wp-content\/uploads\/sites\/29\/2023\/10\/patrimoine-culturel-06bd585f28fa6602bca379924e0c8f0b.jpg","type":"image\/jpeg"}],"author":"staff","twitter_card":"summary_large_image","twitter_creator":"@apieproject","twitter_site":"@apieproject","twitter_misc":{"\u00c9crit par":"staff","Dur\u00e9e de lecture estim\u00e9e":"3 minutes"},"schema":{"@context":"https:\/\/schema.org","@graph":[{"@type":"Article","@id":"https:\/\/appsaf.apieproject.com\/news\/fr\/2023\/10\/30\/la-diversite-culturelle-du-maroc-en-tant-que-carrefour-des-civilisations-mise-en-avant-a-addis-abeba\/#article","isPartOf":{"@id":"https:\/\/appsaf.apieproject.com\/news\/fr\/2023\/10\/30\/la-diversite-culturelle-du-maroc-en-tant-que-carrefour-des-civilisations-mise-en-avant-a-addis-abeba\/"},"author":{"name":"staff","@id":"https:\/\/appsaf.apieproject.com\/news\/#\/schema\/person\/399517cac378948cd7b39086f9ddc2a7"},"headline":"La Diversit\u00e9 Culturelle Du Maroc En Tant Que Carrefour Des Civilisations Mise En Avant A Addis-Abeba","datePublished":"2023-10-30T15:19:35+00:00","dateModified":"2023-10-30T15:19:37+00:00","mainEntityOfPage":{"@id":"https:\/\/appsaf.apieproject.com\/news\/fr\/2023\/10\/30\/la-diversite-culturelle-du-maroc-en-tant-que-carrefour-des-civilisations-mise-en-avant-a-addis-abeba\/"},"wordCount":681,"commentCount":0,"publisher":{"@id":"https:\/\/appsaf.apieproject.com\/news\/#organization"},"image":{"@id":"https:\/\/appsaf.apieproject.com\/news\/fr\/2023\/10\/30\/la-diversite-culturelle-du-maroc-en-tant-que-carrefour-des-civilisations-mise-en-avant-a-addis-abeba\/#primaryimage"},"thumbnailUrl":"https:\/\/appsaf.apieproject.com\/news\/wp-content\/uploads\/sites\/29\/2023\/10\/patrimoine-culturel-06bd585f28fa6602bca379924e0c8f0b.jpg","keywords":["apie project","culture","divertissement"],"articleSection":["Culture","Divertissement"],"inLanguage":"fr-FR","potentialAction":[{"@type":"CommentAction","name":"Comment","target":["https:\/\/appsaf.apieproject.com\/news\/fr\/2023\/10\/30\/la-diversite-culturelle-du-maroc-en-tant-que-carrefour-des-civilisations-mise-en-avant-a-addis-abeba\/#respond"]}]},{"@type":"WebPage","@id":"https:\/\/appsaf.apieproject.com\/news\/fr\/2023\/10\/30\/la-diversite-culturelle-du-maroc-en-tant-que-carrefour-des-civilisations-mise-en-avant-a-addis-abeba\/","url":"https:\/\/appsaf.apieproject.com\/news\/fr\/2023\/10\/30\/la-diversite-culturelle-du-maroc-en-tant-que-carrefour-des-civilisations-mise-en-avant-a-addis-abeba\/","name":"La Diversit\u00e9 Culturelle Du Maroc En Tant Que Carrefour Des Civilisations Mise En Avant A Addis-Abeba - APIE NEWS","isPartOf":{"@id":"https:\/\/appsaf.apieproject.com\/news\/#website"},"primaryImageOfPage":{"@id":"https:\/\/appsaf.apieproject.com\/news\/fr\/2023\/10\/30\/la-diversite-culturelle-du-maroc-en-tant-que-carrefour-des-civilisations-mise-en-avant-a-addis-abeba\/#primaryimage"},"image":{"@id":"https:\/\/appsaf.apieproject.com\/news\/fr\/2023\/10\/30\/la-diversite-culturelle-du-maroc-en-tant-que-carrefour-des-civilisations-mise-en-avant-a-addis-abeba\/#primaryimage"},"thumbnailUrl":"https:\/\/appsaf.apieproject.com\/news\/wp-content\/uploads\/sites\/29\/2023\/10\/patrimoine-culturel-06bd585f28fa6602bca379924e0c8f0b.jpg","datePublished":"2023-10-30T15:19:35+00:00","dateModified":"2023-10-30T15:19:37+00:00","breadcrumb":{"@id":"https:\/\/appsaf.apieproject.com\/news\/fr\/2023\/10\/30\/la-diversite-culturelle-du-maroc-en-tant-que-carrefour-des-civilisations-mise-en-avant-a-addis-abeba\/#breadcrumb"},"inLanguage":"fr-FR","potentialAction":[{"@type":"ReadAction","target":["https:\/\/appsaf.apieproject.com\/news\/fr\/2023\/10\/30\/la-diversite-culturelle-du-maroc-en-tant-que-carrefour-des-civilisations-mise-en-avant-a-addis-abeba\/"]}]},{"@type":"ImageObject","inLanguage":"fr-FR","@id":"https:\/\/appsaf.apieproject.com\/news\/fr\/2023\/10\/30\/la-diversite-culturelle-du-maroc-en-tant-que-carrefour-des-civilisations-mise-en-avant-a-addis-abeba\/#primaryimage","url":"https:\/\/appsaf.apieproject.com\/news\/wp-content\/uploads\/sites\/29\/2023\/10\/patrimoine-culturel-06bd585f28fa6602bca379924e0c8f0b.jpg","contentUrl":"https:\/\/appsaf.apieproject.com\/news\/wp-content\/uploads\/sites\/29\/2023\/10\/patrimoine-culturel-06bd585f28fa6602bca379924e0c8f0b.jpg","width":750,"height":400},{"@type":"BreadcrumbList","@id":"https:\/\/appsaf.apieproject.com\/news\/fr\/2023\/10\/30\/la-diversite-culturelle-du-maroc-en-tant-que-carrefour-des-civilisations-mise-en-avant-a-addis-abeba\/#breadcrumb","itemListElement":[{"@type":"ListItem","position":1,"name":"Home","item":"https:\/\/appsaf.apieproject.com\/news\/fr\/home\/"},{"@type":"ListItem","position":2,"name":"La Diversit\u00e9 Culturelle Du Maroc En Tant Que Carrefour Des Civilisations Mise En Avant A Addis-Abeba"}]},{"@type":"WebSite","@id":"https:\/\/appsaf.apieproject.com\/news\/#website","url":"https:\/\/appsaf.apieproject.com\/news\/","name":"APIE NEWS","description":"PANAFRICANISM NEWS PORTAL","publisher":{"@id":"https:\/\/appsaf.apieproject.com\/news\/#organization"},"potentialAction":[{"@type":"SearchAction","target":{"@type":"EntryPoint","urlTemplate":"https:\/\/appsaf.apieproject.com\/news\/?s={search_term_string}"},"query-input":{"@type":"PropertyValueSpecification","valueRequired":true,"valueName":"search_term_string"}}],"inLanguage":"fr-FR"},{"@type":"Organization","@id":"https:\/\/appsaf.apieproject.com\/news\/#organization","name":"APIE PROJECT","url":"https:\/\/appsaf.apieproject.com\/news\/","logo":{"@type":"ImageObject","inLanguage":"fr-FR","@id":"https:\/\/appsaf.apieproject.com\/news\/#\/schema\/logo\/image\/","url":"https:\/\/appsaf.apieproject.com\/news\/wp-content\/uploads\/sites\/29\/2022\/07\/logo-R-TransparentBackground.png","contentUrl":"https:\/\/appsaf.apieproject.com\/news\/wp-content\/uploads\/sites\/29\/2022\/07\/logo-R-TransparentBackground.png","width":512,"height":512,"caption":"APIE PROJECT"},"image":{"@id":"https:\/\/appsaf.apieproject.com\/news\/#\/schema\/logo\/image\/"},"sameAs":["https:\/\/facebook.com\/apieproject","https:\/\/x.com\/apieproject"]},{"@type":"Person","@id":"https:\/\/appsaf.apieproject.com\/news\/#\/schema\/person\/399517cac378948cd7b39086f9ddc2a7","name":"staff","image":{"@type":"ImageObject","inLanguage":"fr-FR","@id":"https:\/\/appsaf.apieproject.com\/news\/#\/schema\/person\/image\/","url":"https:\/\/secure.gravatar.com\/avatar\/5386283c5db150efe261184bd59f072a?s=96&d=mm&r=g","contentUrl":"https:\/\/secure.gravatar.com\/avatar\/5386283c5db150efe261184bd59f072a?s=96&d=mm&r=g","caption":"staff"},"url":"https:\/\/appsaf.apieproject.com\/news\/fr\/author\/staff\/"}]}},"_links":{"self":[{"href":"https:\/\/appsaf.apieproject.com\/news\/fr\/wp-json\/wp\/v2\/posts\/34838","targetHints":{"allow":["GET"]}}],"collection":[{"href":"https:\/\/appsaf.apieproject.com\/news\/fr\/wp-json\/wp\/v2\/posts"}],"about":[{"href":"https:\/\/appsaf.apieproject.com\/news\/fr\/wp-json\/wp\/v2\/types\/post"}],"author":[{"embeddable":true,"href":"https:\/\/appsaf.apieproject.com\/news\/fr\/wp-json\/wp\/v2\/users\/12963"}],"replies":[{"embeddable":true,"href":"https:\/\/appsaf.apieproject.com\/news\/fr\/wp-json\/wp\/v2\/comments?post=34838"}],"version-history":[{"count":1,"href":"https:\/\/appsaf.apieproject.com\/news\/fr\/wp-json\/wp\/v2\/posts\/34838\/revisions"}],"predecessor-version":[{"id":35082,"href":"https:\/\/appsaf.apieproject.com\/news\/fr\/wp-json\/wp\/v2\/posts\/34838\/revisions\/35082"}],"wp:featuredmedia":[{"embeddable":true,"href":"https:\/\/appsaf.apieproject.com\/news\/fr\/wp-json\/wp\/v2\/media\/34835"}],"wp:attachment":[{"href":"https:\/\/appsaf.apieproject.com\/news\/fr\/wp-json\/wp\/v2\/media?parent=34838"}],"wp:term":[{"taxonomy":"category","embeddable":true,"href":"https:\/\/appsaf.apieproject.com\/news\/fr\/wp-json\/wp\/v2\/categories?post=34838"},{"taxonomy":"post_tag","embeddable":true,"href":"https:\/\/appsaf.apieproject.com\/news\/fr\/wp-json\/wp\/v2\/tags?post=34838"}],"curies":[{"name":"wp","href":"https:\/\/api.w.org\/{rel}","templated":true}]}}