{"id":34878,"date":"2023-10-30T15:42:38","date_gmt":"2023-10-30T15:42:38","guid":{"rendered":"https:\/\/appsaf.apieproject.com\/news\/?p=34878"},"modified":"2023-10-30T15:42:41","modified_gmt":"2023-10-30T15:42:41","slug":"can-2024-le-ballon-de-la-competition-devoile-un-hommage-a-laurent-pokou","status":"publish","type":"post","link":"https:\/\/appsaf.apieproject.com\/news\/fr\/2023\/10\/30\/can-2024-le-ballon-de-la-competition-devoile-un-hommage-a-laurent-pokou\/","title":{"rendered":"CAN 2024. Le Ballon De La Comp\u00e9tition D\u00e9voil\u00e9, Un Hommage \u00c0 Laurent Pokou"},"content":{"rendered":"<p>La Coupe d\u2019Afrique des Nations 2024 approche (13 janvier \u2013 11 f\u00e9vrier) et la Caf vient de pr\u00e9senter le ballon officiel de la 34e \u00e9dition qui va se d\u00e9rouler en C\u00f4te d\u2019Ivoire et mettra aux prises les plus grands footballeurs du continent comme Riyad Mahrez, Sadio Man\u00e9, Mohamed Salah ou Victor Osimhen.<\/p>\n<p>Le ballon, de la marque Puma, arbore un m\u00e9lange de blanc, de vert et d\u2019orange, les couleurs ivoiriennes. Il porte le nom de \u00ab Pokou \u00bb en hommage \u00e0 la l\u00e9gende des Elephants, d\u00e9c\u00e9d\u00e9 en 2016.<\/p>\n<p>Pokou, 12 buts en Coupe d\u2019Afrique<br \/>\nLaurent Pokou a \u00e9t\u00e9 le meilleur buteur des Coupes d\u2019Afrique 1968 et 1970 et est le deuxi\u00e8me meilleur buteur de l\u2019histoire de la comp\u00e9tition avec 14 r\u00e9alisations en douze matches. Seul Samuel Eto\u2019o le devance (18 buts). Pokou a notamment inscrit un quintupl\u00e9 historique contre l\u2019Ethiopie en 1970.<\/p>\n<p>L\u2019attaquant aura \u00e9galement marqu\u00e9 les esprits lors de ses deux passages au Stade Rennais (1974-1977 et 1978-1979) o\u00f9 il aura en tout inscrit 60 buts en 74 rencontres.<\/p>\n<p>\u00ab C\u2019est un moment \u00e9mouvant pour ma famille. C\u2019est un grand honneur pour mon d\u00e9funt p\u00e8re, qui a consacr\u00e9 sa vie au football ivoirien \u00bb, a r\u00e9agi son fils Erwan, au moment de la pr\u00e9sentation du ballon de la Can 2024.<\/p>\n","protected":false},"excerpt":{"rendered":"<p>Le ballon de la Coupe d\u2019Afrique des Nations 2024, qui se d\u00e9roulera en C\u00f4te d\u2019Ivoire, a \u00e9t\u00e9 d\u00e9voil\u00e9 par la CAF. Ce dernier rend hommage \u00e0 Laurent Pokou, ancienne l\u00e9gende des Elephants et pass\u00e9 par le Stade Rennais.<\/p>\n","protected":false},"author":12963,"featured_media":34875,"comment_status":"open","ping_status":"open","sticky":false,"template":"","format":"standard","meta":{"footnotes":""},"categories":[55,71],"tags":[78,88,85],"class_list":{"0":"post-34878","1":"post","2":"type-post","3":"status-publish","4":"format-standard","5":"has-post-thumbnail","7":"category-divertissement","8":"category-sports-fr","9":"tag-apie-project-2","10":"tag-divertissement","11":"tag-sports-2"},"yoast_head":"<!-- This site is optimized with the Yoast SEO plugin v24.4 - https:\/\/yoast.com\/wordpress\/plugins\/seo\/ -->\n<title>CAN 2024. Le Ballon De La Comp\u00e9tition D\u00e9voil\u00e9, Un Hommage \u00c0 Laurent Pokou - APIE NEWS<\/title>\n<meta name=\"robots\" content=\"index, follow, max-snippet:-1, max-image-preview:large, max-video-preview:-1\" \/>\n<link rel=\"canonical\" href=\"https:\/\/appsaf.apieproject.com\/news\/fr\/2023\/10\/30\/can-2024-le-ballon-de-la-competition-devoile-un-hommage-a-laurent-pokou\/\" \/>\n<meta property=\"og:locale\" content=\"fr_FR\" \/>\n<meta property=\"og:type\" content=\"article\" \/>\n<meta property=\"og:title\" content=\"CAN 2024. Le Ballon De La Comp\u00e9tition D\u00e9voil\u00e9, Un Hommage \u00c0 Laurent Pokou - APIE NEWS\" \/>\n<meta property=\"og:description\" content=\"Le ballon de la Coupe d\u2019Afrique des Nations 2024, qui se d\u00e9roulera en C\u00f4te d\u2019Ivoire, a \u00e9t\u00e9 d\u00e9voil\u00e9 par la CAF. Ce dernier rend hommage \u00e0 Laurent Pokou, ancienne l\u00e9gende des Elephants et pass\u00e9 par le Stade Rennais.\" \/>\n<meta property=\"og:url\" content=\"https:\/\/appsaf.apieproject.com\/news\/fr\/2023\/10\/30\/can-2024-le-ballon-de-la-competition-devoile-un-hommage-a-laurent-pokou\/\" \/>\n<meta property=\"og:site_name\" content=\"APIE NEWS\" \/>\n<meta property=\"article:publisher\" content=\"https:\/\/facebook.com\/apieproject\" \/>\n<meta property=\"article:published_time\" content=\"2023-10-30T15:42:38+00:00\" \/>\n<meta property=\"article:modified_time\" content=\"2023-10-30T15:42:41+00:00\" \/>\n<meta property=\"og:image\" content=\"https:\/\/appsaf.apieproject.com\/news\/wp-content\/uploads\/sites\/29\/2023\/10\/telechargement-3-22b93255f4bf2214bdb3f726c8e7e416.jpeg\" \/>\n\t<meta property=\"og:image:width\" content=\"300\" \/>\n\t<meta property=\"og:image:height\" content=\"168\" \/>\n\t<meta property=\"og:image:type\" content=\"image\/jpeg\" \/>\n<meta name=\"author\" content=\"staff\" \/>\n<meta name=\"twitter:card\" content=\"summary_large_image\" \/>\n<meta name=\"twitter:creator\" content=\"@apieproject\" \/>\n<meta name=\"twitter:site\" content=\"@apieproject\" \/>\n<meta name=\"twitter:label1\" content=\"\u00c9crit par\" \/>\n\t<meta name=\"twitter:data1\" content=\"staff\" \/>\n\t<meta name=\"twitter:label2\" content=\"Dur\u00e9e de lecture estim\u00e9e\" \/>\n\t<meta name=\"twitter:data2\" content=\"1 minute\" \/>\n<script type=\"application\/ld+json\" class=\"yoast-schema-graph\">{\"@context\":\"https:\/\/schema.org\",\"@graph\":[{\"@type\":\"Article\",\"@id\":\"https:\/\/appsaf.apieproject.com\/news\/fr\/2023\/10\/30\/can-2024-le-ballon-de-la-competition-devoile-un-hommage-a-laurent-pokou\/#article\",\"isPartOf\":{\"@id\":\"https:\/\/appsaf.apieproject.com\/news\/fr\/2023\/10\/30\/can-2024-le-ballon-de-la-competition-devoile-un-hommage-a-laurent-pokou\/\"},\"author\":{\"name\":\"staff\",\"@id\":\"https:\/\/appsaf.apieproject.com\/news\/#\/schema\/person\/399517cac378948cd7b39086f9ddc2a7\"},\"headline\":\"CAN 2024. Le Ballon De La Comp\u00e9tition D\u00e9voil\u00e9, Un Hommage \u00c0 Laurent Pokou\",\"datePublished\":\"2023-10-30T15:42:38+00:00\",\"dateModified\":\"2023-10-30T15:42:41+00:00\",\"mainEntityOfPage\":{\"@id\":\"https:\/\/appsaf.apieproject.com\/news\/fr\/2023\/10\/30\/can-2024-le-ballon-de-la-competition-devoile-un-hommage-a-laurent-pokou\/\"},\"wordCount\":231,\"commentCount\":0,\"publisher\":{\"@id\":\"https:\/\/appsaf.apieproject.com\/news\/#organization\"},\"image\":{\"@id\":\"https:\/\/appsaf.apieproject.com\/news\/fr\/2023\/10\/30\/can-2024-le-ballon-de-la-competition-devoile-un-hommage-a-laurent-pokou\/#primaryimage\"},\"thumbnailUrl\":\"https:\/\/appsaf.apieproject.com\/news\/wp-content\/uploads\/sites\/29\/2023\/10\/telechargement-3-22b93255f4bf2214bdb3f726c8e7e416.jpeg\",\"keywords\":[\"apie project\",\"divertissement\",\"sports\"],\"articleSection\":[\"Divertissement\",\"Sports\"],\"inLanguage\":\"fr-FR\",\"potentialAction\":[{\"@type\":\"CommentAction\",\"name\":\"Comment\",\"target\":[\"https:\/\/appsaf.apieproject.com\/news\/fr\/2023\/10\/30\/can-2024-le-ballon-de-la-competition-devoile-un-hommage-a-laurent-pokou\/#respond\"]}]},{\"@type\":\"WebPage\",\"@id\":\"https:\/\/appsaf.apieproject.com\/news\/fr\/2023\/10\/30\/can-2024-le-ballon-de-la-competition-devoile-un-hommage-a-laurent-pokou\/\",\"url\":\"https:\/\/appsaf.apieproject.com\/news\/fr\/2023\/10\/30\/can-2024-le-ballon-de-la-competition-devoile-un-hommage-a-laurent-pokou\/\",\"name\":\"CAN 2024. Le Ballon De La Comp\u00e9tition D\u00e9voil\u00e9, Un Hommage \u00c0 Laurent Pokou - APIE NEWS\",\"isPartOf\":{\"@id\":\"https:\/\/appsaf.apieproject.com\/news\/#website\"},\"primaryImageOfPage\":{\"@id\":\"https:\/\/appsaf.apieproject.com\/news\/fr\/2023\/10\/30\/can-2024-le-ballon-de-la-competition-devoile-un-hommage-a-laurent-pokou\/#primaryimage\"},\"image\":{\"@id\":\"https:\/\/appsaf.apieproject.com\/news\/fr\/2023\/10\/30\/can-2024-le-ballon-de-la-competition-devoile-un-hommage-a-laurent-pokou\/#primaryimage\"},\"thumbnailUrl\":\"https:\/\/appsaf.apieproject.com\/news\/wp-content\/uploads\/sites\/29\/2023\/10\/telechargement-3-22b93255f4bf2214bdb3f726c8e7e416.jpeg\",\"datePublished\":\"2023-10-30T15:42:38+00:00\",\"dateModified\":\"2023-10-30T15:42:41+00:00\",\"breadcrumb\":{\"@id\":\"https:\/\/appsaf.apieproject.com\/news\/fr\/2023\/10\/30\/can-2024-le-ballon-de-la-competition-devoile-un-hommage-a-laurent-pokou\/#breadcrumb\"},\"inLanguage\":\"fr-FR\",\"potentialAction\":[{\"@type\":\"ReadAction\",\"target\":[\"https:\/\/appsaf.apieproject.com\/news\/fr\/2023\/10\/30\/can-2024-le-ballon-de-la-competition-devoile-un-hommage-a-laurent-pokou\/\"]}]},{\"@type\":\"ImageObject\",\"inLanguage\":\"fr-FR\",\"@id\":\"https:\/\/appsaf.apieproject.com\/news\/fr\/2023\/10\/30\/can-2024-le-ballon-de-la-competition-devoile-un-hommage-a-laurent-pokou\/#primaryimage\",\"url\":\"https:\/\/appsaf.apieproject.com\/news\/wp-content\/uploads\/sites\/29\/2023\/10\/telechargement-3-22b93255f4bf2214bdb3f726c8e7e416.jpeg\",\"contentUrl\":\"https:\/\/appsaf.apieproject.com\/news\/wp-content\/uploads\/sites\/29\/2023\/10\/telechargement-3-22b93255f4bf2214bdb3f726c8e7e416.jpeg\",\"width\":300,\"height\":168},{\"@type\":\"BreadcrumbList\",\"@id\":\"https:\/\/appsaf.apieproject.com\/news\/fr\/2023\/10\/30\/can-2024-le-ballon-de-la-competition-devoile-un-hommage-a-laurent-pokou\/#breadcrumb\",\"itemListElement\":[{\"@type\":\"ListItem\",\"position\":1,\"name\":\"Home\",\"item\":\"https:\/\/appsaf.apieproject.com\/news\/fr\/home\/\"},{\"@type\":\"ListItem\",\"position\":2,\"name\":\"CAN 2024. Le Ballon De La Comp\u00e9tition D\u00e9voil\u00e9, Un Hommage \u00c0 Laurent Pokou\"}]},{\"@type\":\"WebSite\",\"@id\":\"https:\/\/appsaf.apieproject.com\/news\/#website\",\"url\":\"https:\/\/appsaf.apieproject.com\/news\/\",\"name\":\"APIE NEWS\",\"description\":\"PANAFRICANISM NEWS PORTAL\",\"publisher\":{\"@id\":\"https:\/\/appsaf.apieproject.com\/news\/#organization\"},\"potentialAction\":[{\"@type\":\"SearchAction\",\"target\":{\"@type\":\"EntryPoint\",\"urlTemplate\":\"https:\/\/appsaf.apieproject.com\/news\/?s={search_term_string}\"},\"query-input\":{\"@type\":\"PropertyValueSpecification\",\"valueRequired\":true,\"valueName\":\"search_term_string\"}}],\"inLanguage\":\"fr-FR\"},{\"@type\":\"Organization\",\"@id\":\"https:\/\/appsaf.apieproject.com\/news\/#organization\",\"name\":\"APIE PROJECT\",\"url\":\"https:\/\/appsaf.apieproject.com\/news\/\",\"logo\":{\"@type\":\"ImageObject\",\"inLanguage\":\"fr-FR\",\"@id\":\"https:\/\/appsaf.apieproject.com\/news\/#\/schema\/logo\/image\/\",\"url\":\"https:\/\/appsaf.apieproject.com\/news\/wp-content\/uploads\/sites\/29\/2022\/07\/logo-R-TransparentBackground.png\",\"contentUrl\":\"https:\/\/appsaf.apieproject.com\/news\/wp-content\/uploads\/sites\/29\/2022\/07\/logo-R-TransparentBackground.png\",\"width\":512,\"height\":512,\"caption\":\"APIE PROJECT\"},\"image\":{\"@id\":\"https:\/\/appsaf.apieproject.com\/news\/#\/schema\/logo\/image\/\"},\"sameAs\":[\"https:\/\/facebook.com\/apieproject\",\"https:\/\/x.com\/apieproject\"]},{\"@type\":\"Person\",\"@id\":\"https:\/\/appsaf.apieproject.com\/news\/#\/schema\/person\/399517cac378948cd7b39086f9ddc2a7\",\"name\":\"staff\",\"image\":{\"@type\":\"ImageObject\",\"inLanguage\":\"fr-FR\",\"@id\":\"https:\/\/appsaf.apieproject.com\/news\/#\/schema\/person\/image\/\",\"url\":\"https:\/\/secure.gravatar.com\/avatar\/5386283c5db150efe261184bd59f072a?s=96&d=mm&r=g\",\"contentUrl\":\"https:\/\/secure.gravatar.com\/avatar\/5386283c5db150efe261184bd59f072a?s=96&d=mm&r=g\",\"caption\":\"staff\"},\"url\":\"https:\/\/appsaf.apieproject.com\/news\/fr\/author\/staff\/\"}]}<\/script>\n<!-- \/ Yoast SEO plugin. -->","yoast_head_json":{"title":"CAN 2024. Le Ballon De La Comp\u00e9tition D\u00e9voil\u00e9, Un Hommage \u00c0 Laurent Pokou - APIE NEWS","robots":{"index":"index","follow":"follow","max-snippet":"max-snippet:-1","max-image-preview":"max-image-preview:large","max-video-preview":"max-video-preview:-1"},"canonical":"https:\/\/appsaf.apieproject.com\/news\/fr\/2023\/10\/30\/can-2024-le-ballon-de-la-competition-devoile-un-hommage-a-laurent-pokou\/","og_locale":"fr_FR","og_type":"article","og_title":"CAN 2024. Le Ballon De La Comp\u00e9tition D\u00e9voil\u00e9, Un Hommage \u00c0 Laurent Pokou - APIE NEWS","og_description":"Le ballon de la Coupe d\u2019Afrique des Nations 2024, qui se d\u00e9roulera en C\u00f4te d\u2019Ivoire, a \u00e9t\u00e9 d\u00e9voil\u00e9 par la CAF. Ce dernier rend hommage \u00e0 Laurent Pokou, ancienne l\u00e9gende des Elephants et pass\u00e9 par le Stade Rennais.","og_url":"https:\/\/appsaf.apieproject.com\/news\/fr\/2023\/10\/30\/can-2024-le-ballon-de-la-competition-devoile-un-hommage-a-laurent-pokou\/","og_site_name":"APIE NEWS","article_publisher":"https:\/\/facebook.com\/apieproject","article_published_time":"2023-10-30T15:42:38+00:00","article_modified_time":"2023-10-30T15:42:41+00:00","og_image":[{"width":300,"height":168,"url":"https:\/\/appsaf.apieproject.com\/news\/wp-content\/uploads\/sites\/29\/2023\/10\/telechargement-3-22b93255f4bf2214bdb3f726c8e7e416.jpeg","type":"image\/jpeg"}],"author":"staff","twitter_card":"summary_large_image","twitter_creator":"@apieproject","twitter_site":"@apieproject","twitter_misc":{"\u00c9crit par":"staff","Dur\u00e9e de lecture estim\u00e9e":"1 minute"},"schema":{"@context":"https:\/\/schema.org","@graph":[{"@type":"Article","@id":"https:\/\/appsaf.apieproject.com\/news\/fr\/2023\/10\/30\/can-2024-le-ballon-de-la-competition-devoile-un-hommage-a-laurent-pokou\/#article","isPartOf":{"@id":"https:\/\/appsaf.apieproject.com\/news\/fr\/2023\/10\/30\/can-2024-le-ballon-de-la-competition-devoile-un-hommage-a-laurent-pokou\/"},"author":{"name":"staff","@id":"https:\/\/appsaf.apieproject.com\/news\/#\/schema\/person\/399517cac378948cd7b39086f9ddc2a7"},"headline":"CAN 2024. Le Ballon De La Comp\u00e9tition D\u00e9voil\u00e9, Un Hommage \u00c0 Laurent Pokou","datePublished":"2023-10-30T15:42:38+00:00","dateModified":"2023-10-30T15:42:41+00:00","mainEntityOfPage":{"@id":"https:\/\/appsaf.apieproject.com\/news\/fr\/2023\/10\/30\/can-2024-le-ballon-de-la-competition-devoile-un-hommage-a-laurent-pokou\/"},"wordCount":231,"commentCount":0,"publisher":{"@id":"https:\/\/appsaf.apieproject.com\/news\/#organization"},"image":{"@id":"https:\/\/appsaf.apieproject.com\/news\/fr\/2023\/10\/30\/can-2024-le-ballon-de-la-competition-devoile-un-hommage-a-laurent-pokou\/#primaryimage"},"thumbnailUrl":"https:\/\/appsaf.apieproject.com\/news\/wp-content\/uploads\/sites\/29\/2023\/10\/telechargement-3-22b93255f4bf2214bdb3f726c8e7e416.jpeg","keywords":["apie project","divertissement","sports"],"articleSection":["Divertissement","Sports"],"inLanguage":"fr-FR","potentialAction":[{"@type":"CommentAction","name":"Comment","target":["https:\/\/appsaf.apieproject.com\/news\/fr\/2023\/10\/30\/can-2024-le-ballon-de-la-competition-devoile-un-hommage-a-laurent-pokou\/#respond"]}]},{"@type":"WebPage","@id":"https:\/\/appsaf.apieproject.com\/news\/fr\/2023\/10\/30\/can-2024-le-ballon-de-la-competition-devoile-un-hommage-a-laurent-pokou\/","url":"https:\/\/appsaf.apieproject.com\/news\/fr\/2023\/10\/30\/can-2024-le-ballon-de-la-competition-devoile-un-hommage-a-laurent-pokou\/","name":"CAN 2024. Le Ballon De La Comp\u00e9tition D\u00e9voil\u00e9, Un Hommage \u00c0 Laurent Pokou - APIE NEWS","isPartOf":{"@id":"https:\/\/appsaf.apieproject.com\/news\/#website"},"primaryImageOfPage":{"@id":"https:\/\/appsaf.apieproject.com\/news\/fr\/2023\/10\/30\/can-2024-le-ballon-de-la-competition-devoile-un-hommage-a-laurent-pokou\/#primaryimage"},"image":{"@id":"https:\/\/appsaf.apieproject.com\/news\/fr\/2023\/10\/30\/can-2024-le-ballon-de-la-competition-devoile-un-hommage-a-laurent-pokou\/#primaryimage"},"thumbnailUrl":"https:\/\/appsaf.apieproject.com\/news\/wp-content\/uploads\/sites\/29\/2023\/10\/telechargement-3-22b93255f4bf2214bdb3f726c8e7e416.jpeg","datePublished":"2023-10-30T15:42:38+00:00","dateModified":"2023-10-30T15:42:41+00:00","breadcrumb":{"@id":"https:\/\/appsaf.apieproject.com\/news\/fr\/2023\/10\/30\/can-2024-le-ballon-de-la-competition-devoile-un-hommage-a-laurent-pokou\/#breadcrumb"},"inLanguage":"fr-FR","potentialAction":[{"@type":"ReadAction","target":["https:\/\/appsaf.apieproject.com\/news\/fr\/2023\/10\/30\/can-2024-le-ballon-de-la-competition-devoile-un-hommage-a-laurent-pokou\/"]}]},{"@type":"ImageObject","inLanguage":"fr-FR","@id":"https:\/\/appsaf.apieproject.com\/news\/fr\/2023\/10\/30\/can-2024-le-ballon-de-la-competition-devoile-un-hommage-a-laurent-pokou\/#primaryimage","url":"https:\/\/appsaf.apieproject.com\/news\/wp-content\/uploads\/sites\/29\/2023\/10\/telechargement-3-22b93255f4bf2214bdb3f726c8e7e416.jpeg","contentUrl":"https:\/\/appsaf.apieproject.com\/news\/wp-content\/uploads\/sites\/29\/2023\/10\/telechargement-3-22b93255f4bf2214bdb3f726c8e7e416.jpeg","width":300,"height":168},{"@type":"BreadcrumbList","@id":"https:\/\/appsaf.apieproject.com\/news\/fr\/2023\/10\/30\/can-2024-le-ballon-de-la-competition-devoile-un-hommage-a-laurent-pokou\/#breadcrumb","itemListElement":[{"@type":"ListItem","position":1,"name":"Home","item":"https:\/\/appsaf.apieproject.com\/news\/fr\/home\/"},{"@type":"ListItem","position":2,"name":"CAN 2024. Le Ballon De La Comp\u00e9tition D\u00e9voil\u00e9, Un Hommage \u00c0 Laurent Pokou"}]},{"@type":"WebSite","@id":"https:\/\/appsaf.apieproject.com\/news\/#website","url":"https:\/\/appsaf.apieproject.com\/news\/","name":"APIE NEWS","description":"PANAFRICANISM NEWS PORTAL","publisher":{"@id":"https:\/\/appsaf.apieproject.com\/news\/#organization"},"potentialAction":[{"@type":"SearchAction","target":{"@type":"EntryPoint","urlTemplate":"https:\/\/appsaf.apieproject.com\/news\/?s={search_term_string}"},"query-input":{"@type":"PropertyValueSpecification","valueRequired":true,"valueName":"search_term_string"}}],"inLanguage":"fr-FR"},{"@type":"Organization","@id":"https:\/\/appsaf.apieproject.com\/news\/#organization","name":"APIE PROJECT","url":"https:\/\/appsaf.apieproject.com\/news\/","logo":{"@type":"ImageObject","inLanguage":"fr-FR","@id":"https:\/\/appsaf.apieproject.com\/news\/#\/schema\/logo\/image\/","url":"https:\/\/appsaf.apieproject.com\/news\/wp-content\/uploads\/sites\/29\/2022\/07\/logo-R-TransparentBackground.png","contentUrl":"https:\/\/appsaf.apieproject.com\/news\/wp-content\/uploads\/sites\/29\/2022\/07\/logo-R-TransparentBackground.png","width":512,"height":512,"caption":"APIE PROJECT"},"image":{"@id":"https:\/\/appsaf.apieproject.com\/news\/#\/schema\/logo\/image\/"},"sameAs":["https:\/\/facebook.com\/apieproject","https:\/\/x.com\/apieproject"]},{"@type":"Person","@id":"https:\/\/appsaf.apieproject.com\/news\/#\/schema\/person\/399517cac378948cd7b39086f9ddc2a7","name":"staff","image":{"@type":"ImageObject","inLanguage":"fr-FR","@id":"https:\/\/appsaf.apieproject.com\/news\/#\/schema\/person\/image\/","url":"https:\/\/secure.gravatar.com\/avatar\/5386283c5db150efe261184bd59f072a?s=96&d=mm&r=g","contentUrl":"https:\/\/secure.gravatar.com\/avatar\/5386283c5db150efe261184bd59f072a?s=96&d=mm&r=g","caption":"staff"},"url":"https:\/\/appsaf.apieproject.com\/news\/fr\/author\/staff\/"}]}},"_links":{"self":[{"href":"https:\/\/appsaf.apieproject.com\/news\/fr\/wp-json\/wp\/v2\/posts\/34878","targetHints":{"allow":["GET"]}}],"collection":[{"href":"https:\/\/appsaf.apieproject.com\/news\/fr\/wp-json\/wp\/v2\/posts"}],"about":[{"href":"https:\/\/appsaf.apieproject.com\/news\/fr\/wp-json\/wp\/v2\/types\/post"}],"author":[{"embeddable":true,"href":"https:\/\/appsaf.apieproject.com\/news\/fr\/wp-json\/wp\/v2\/users\/12963"}],"replies":[{"embeddable":true,"href":"https:\/\/appsaf.apieproject.com\/news\/fr\/wp-json\/wp\/v2\/comments?post=34878"}],"version-history":[{"count":1,"href":"https:\/\/appsaf.apieproject.com\/news\/fr\/wp-json\/wp\/v2\/posts\/34878\/revisions"}],"predecessor-version":[{"id":35097,"href":"https:\/\/appsaf.apieproject.com\/news\/fr\/wp-json\/wp\/v2\/posts\/34878\/revisions\/35097"}],"wp:featuredmedia":[{"embeddable":true,"href":"https:\/\/appsaf.apieproject.com\/news\/fr\/wp-json\/wp\/v2\/media\/34875"}],"wp:attachment":[{"href":"https:\/\/appsaf.apieproject.com\/news\/fr\/wp-json\/wp\/v2\/media?parent=34878"}],"wp:term":[{"taxonomy":"category","embeddable":true,"href":"https:\/\/appsaf.apieproject.com\/news\/fr\/wp-json\/wp\/v2\/categories?post=34878"},{"taxonomy":"post_tag","embeddable":true,"href":"https:\/\/appsaf.apieproject.com\/news\/fr\/wp-json\/wp\/v2\/tags?post=34878"}],"curies":[{"name":"wp","href":"https:\/\/api.w.org\/{rel}","templated":true}]}}