{"id":35245,"date":"2023-11-13T23:34:17","date_gmt":"2023-11-13T23:34:17","guid":{"rendered":"https:\/\/appsaf.apieproject.com\/news\/?p=35245"},"modified":"2023-11-13T23:34:19","modified_gmt":"2023-11-13T23:34:19","slug":"mali-lonu-retire-ses-troupes-de-kidal","status":"publish","type":"post","link":"https:\/\/appsaf.apieproject.com\/news\/fr\/2023\/11\/13\/mali-lonu-retire-ses-troupes-de-kidal\/","title":{"rendered":"Mali : l\u2019ONU Retire Ses Troupes De Kidal"},"content":{"rendered":"<p>La Mission multidimensionnelle int\u00e9gr\u00e9e des Nations Unies pour la stabilisation au Mali (Minusma), a entrepris ce mardi 31 octobre 2023, le retrait de tous les casques bleus de Kidal. Kidal est une ville du Nord du Mali qui a longtemps \u00e9t\u00e9 en proie aux djihadistes. Au moment du d\u00e9part de la Minusma, la r\u00e9gion est toujours sous le contr\u00f4le des rebelles du Cadre strat\u00e9gique permanent pour la paix, la s\u00e9curit\u00e9 et le d\u00e9veloppement (CSP-PSD). Apr\u00e8s le d\u00e9part des troupes fran\u00e7aises, le mali obtient le retrait des troupes de l\u2019ONU. L\u2019arm\u00e9e compte dans les prochains jours venir s\u2019installer \u00e0 Kidal pour engager les n\u00e9gociations avec les rebelles Touaregs, qui auraient repris les armes.<\/p>\n<p><strong>Le film d\u2019un D\u00e9part<\/strong><\/p>\n<p>Depuis plusieurs mois, le gouvernement malien, avec \u00e0 sa t\u00eate le colonel Assimi Go\u00efta, \u00e9tait entr\u00e9 en brouille ouverte avec la Minusma. Et, lors du Conseil de s\u00e9curit\u00e9 des Nations Unies de juin dernier, le Mali a obtenu le retrait effectif de cette mission. Le gouvernement de transition au Mali affirme notamment que cette mission a \u00e9chou\u00e9 et qu\u2019elle a particip\u00e9 \u00e0 l\u2019instrumentalisation de la question des droits de l\u2019homme. Il a donc fallu attendre 4 mois pour que ce d\u00e9part soit effectif.<\/p>\n<p>C\u2019est donc une centaine de v\u00e9hicules militaires et civils de l\u2019Onu qui a quitt\u00e9 la ville de Kidal ce mardi. Mais chose curieuse, comme escorte, la Minusma a choisi de positionner des soldats tchadiens et guin\u00e9ens. Une position dangereuse surtout lorsqu\u2019on sait que le chemin qui durera 5 jours environ en direction de Gao, sera sem\u00e9 d\u2019emb\u00fbches telles que les mines et les nombreux rebelles dispers\u00e9s ci et l\u00e0. Ayant jusqu\u2019au 31 d\u00e9cembre pour quitter tout le pays, la Minusma a d\u00e9j\u00e0 d\u00e9camper dans le Centre et dans le Nord du Mali.<\/p>\n<p><strong>Minusma, 10 ans d\u2019\u00e9chec<\/strong><\/p>\n<p>En rappel, la Minusma a \u00e9t\u00e9 mise sur pied et d\u00e9ploy\u00e9 au Mali en 2013 par le conseil de s\u00e9curit\u00e9 des Nations Unies. Sa mission principale \u00e9tait de stabiliser la situation dans les principales agglom\u00e9rations et contribuer au r\u00e9tablissement de l\u2019autorit\u00e9 de l\u2019\u00c9tat dans tout le pays. Cette mission comptait environ 15,000 soldats.<\/p>\n<p>Plusieurs ann\u00e9es plus tard, le jihadisme n\u2019a pas r\u00e9gress\u00e9. Les autorit\u00e9s maliennes ont donc estim\u00e9 qu\u2019il \u00e9tait temps que cette mission prenne la porte. Le gouvernement a d\u00e9cid\u00e9 de reprendre la souverainet\u00e9 sur son territoire. A titre d\u2019exemple, des soldats ont \u00e9t\u00e9 envoy\u00e9s en renfort \u00e0 Tessalit, une r\u00e9gion fra\u00eechement lib\u00e9r\u00e9e de la Minusma.<\/p>\n","protected":false},"excerpt":{"rendered":"<p>La Mission multidimensionnelle int\u00e9gr\u00e9e des Nations Unies pour la stabilisation au Mali (Minusma), a entrepris ce mardi 31 octobre 2023, le retrait de tous les casques bleus de Kidal. Kidal est une ville du Nord du Mali qui a longtemps \u00e9t\u00e9 en proie aux djihadistes. Au moment du d\u00e9part de la Minusma, la r\u00e9gion est [&hellip;]<\/p>\n","protected":false},"author":13112,"featured_media":35242,"comment_status":"open","ping_status":"open","sticky":false,"template":"","format":"standard","meta":{"footnotes":""},"categories":[67,69],"tags":[81,78,82],"class_list":{"0":"post-35245","1":"post","2":"type-post","3":"status-publish","4":"format-standard","5":"has-post-thumbnail","7":"category-actualites","8":"category-politique","9":"tag-actualites","10":"tag-apie-project-2","11":"tag-politique"},"yoast_head":"<!-- This site is optimized with the Yoast SEO plugin v24.4 - https:\/\/yoast.com\/wordpress\/plugins\/seo\/ -->\n<title>Mali : l\u2019ONU Retire Ses Troupes De Kidal - APIE NEWS<\/title>\n<meta name=\"robots\" content=\"index, follow, max-snippet:-1, max-image-preview:large, max-video-preview:-1\" \/>\n<link rel=\"canonical\" href=\"https:\/\/appsaf.apieproject.com\/news\/fr\/2023\/11\/13\/mali-lonu-retire-ses-troupes-de-kidal\/\" \/>\n<meta property=\"og:locale\" content=\"fr_FR\" \/>\n<meta property=\"og:type\" content=\"article\" \/>\n<meta property=\"og:title\" content=\"Mali : l\u2019ONU Retire Ses Troupes De Kidal - APIE NEWS\" \/>\n<meta property=\"og:description\" content=\"La Mission multidimensionnelle int\u00e9gr\u00e9e des Nations Unies pour la stabilisation au Mali (Minusma), a entrepris ce mardi 31 octobre 2023, le retrait de tous les casques bleus de Kidal. Kidal est une ville du Nord du Mali qui a longtemps \u00e9t\u00e9 en proie aux djihadistes. Au moment du d\u00e9part de la Minusma, la r\u00e9gion est [&hellip;]\" \/>\n<meta property=\"og:url\" content=\"https:\/\/appsaf.apieproject.com\/news\/fr\/2023\/11\/13\/mali-lonu-retire-ses-troupes-de-kidal\/\" \/>\n<meta property=\"og:site_name\" content=\"APIE NEWS\" \/>\n<meta property=\"article:publisher\" content=\"https:\/\/facebook.com\/apieproject\" \/>\n<meta property=\"article:published_time\" content=\"2023-11-13T23:34:17+00:00\" \/>\n<meta property=\"article:modified_time\" content=\"2023-11-13T23:34:19+00:00\" \/>\n<meta property=\"og:image\" content=\"https:\/\/appsaf.apieproject.com\/news\/wp-content\/uploads\/sites\/29\/2023\/10\/Capture-4de69bec4317f1923ab281b542d36d6c.png\" \/>\n\t<meta property=\"og:image:width\" content=\"904\" \/>\n\t<meta property=\"og:image:height\" content=\"604\" \/>\n\t<meta property=\"og:image:type\" content=\"image\/png\" \/>\n<meta name=\"author\" content=\"guyetom\" \/>\n<meta name=\"twitter:card\" content=\"summary_large_image\" \/>\n<meta name=\"twitter:creator\" content=\"@apieproject\" \/>\n<meta name=\"twitter:site\" content=\"@apieproject\" \/>\n<meta name=\"twitter:label1\" content=\"\u00c9crit par\" \/>\n\t<meta name=\"twitter:data1\" content=\"guyetom\" \/>\n\t<meta name=\"twitter:label2\" content=\"Dur\u00e9e de lecture estim\u00e9e\" \/>\n\t<meta name=\"twitter:data2\" content=\"2 minutes\" \/>\n<script type=\"application\/ld+json\" class=\"yoast-schema-graph\">{\"@context\":\"https:\/\/schema.org\",\"@graph\":[{\"@type\":\"Article\",\"@id\":\"https:\/\/appsaf.apieproject.com\/news\/fr\/2023\/11\/13\/mali-lonu-retire-ses-troupes-de-kidal\/#article\",\"isPartOf\":{\"@id\":\"https:\/\/appsaf.apieproject.com\/news\/fr\/2023\/11\/13\/mali-lonu-retire-ses-troupes-de-kidal\/\"},\"author\":{\"name\":\"guyetom\",\"@id\":\"https:\/\/appsaf.apieproject.com\/news\/#\/schema\/person\/94d8f4e561b283d434da551498c8cb39\"},\"headline\":\"Mali : l\u2019ONU Retire Ses Troupes De Kidal\",\"datePublished\":\"2023-11-13T23:34:17+00:00\",\"dateModified\":\"2023-11-13T23:34:19+00:00\",\"mainEntityOfPage\":{\"@id\":\"https:\/\/appsaf.apieproject.com\/news\/fr\/2023\/11\/13\/mali-lonu-retire-ses-troupes-de-kidal\/\"},\"wordCount\":454,\"commentCount\":0,\"publisher\":{\"@id\":\"https:\/\/appsaf.apieproject.com\/news\/#organization\"},\"image\":{\"@id\":\"https:\/\/appsaf.apieproject.com\/news\/fr\/2023\/11\/13\/mali-lonu-retire-ses-troupes-de-kidal\/#primaryimage\"},\"thumbnailUrl\":\"https:\/\/appsaf.apieproject.com\/news\/wp-content\/uploads\/sites\/29\/2023\/10\/Capture-4de69bec4317f1923ab281b542d36d6c.png\",\"keywords\":[\"actualites\",\"apie project\",\"politique\"],\"articleSection\":[\"Actualit\u00e9s\",\"Politique\"],\"inLanguage\":\"fr-FR\",\"potentialAction\":[{\"@type\":\"CommentAction\",\"name\":\"Comment\",\"target\":[\"https:\/\/appsaf.apieproject.com\/news\/fr\/2023\/11\/13\/mali-lonu-retire-ses-troupes-de-kidal\/#respond\"]}]},{\"@type\":\"WebPage\",\"@id\":\"https:\/\/appsaf.apieproject.com\/news\/fr\/2023\/11\/13\/mali-lonu-retire-ses-troupes-de-kidal\/\",\"url\":\"https:\/\/appsaf.apieproject.com\/news\/fr\/2023\/11\/13\/mali-lonu-retire-ses-troupes-de-kidal\/\",\"name\":\"Mali : l\u2019ONU Retire Ses Troupes De Kidal - APIE NEWS\",\"isPartOf\":{\"@id\":\"https:\/\/appsaf.apieproject.com\/news\/#website\"},\"primaryImageOfPage\":{\"@id\":\"https:\/\/appsaf.apieproject.com\/news\/fr\/2023\/11\/13\/mali-lonu-retire-ses-troupes-de-kidal\/#primaryimage\"},\"image\":{\"@id\":\"https:\/\/appsaf.apieproject.com\/news\/fr\/2023\/11\/13\/mali-lonu-retire-ses-troupes-de-kidal\/#primaryimage\"},\"thumbnailUrl\":\"https:\/\/appsaf.apieproject.com\/news\/wp-content\/uploads\/sites\/29\/2023\/10\/Capture-4de69bec4317f1923ab281b542d36d6c.png\",\"datePublished\":\"2023-11-13T23:34:17+00:00\",\"dateModified\":\"2023-11-13T23:34:19+00:00\",\"breadcrumb\":{\"@id\":\"https:\/\/appsaf.apieproject.com\/news\/fr\/2023\/11\/13\/mali-lonu-retire-ses-troupes-de-kidal\/#breadcrumb\"},\"inLanguage\":\"fr-FR\",\"potentialAction\":[{\"@type\":\"ReadAction\",\"target\":[\"https:\/\/appsaf.apieproject.com\/news\/fr\/2023\/11\/13\/mali-lonu-retire-ses-troupes-de-kidal\/\"]}]},{\"@type\":\"ImageObject\",\"inLanguage\":\"fr-FR\",\"@id\":\"https:\/\/appsaf.apieproject.com\/news\/fr\/2023\/11\/13\/mali-lonu-retire-ses-troupes-de-kidal\/#primaryimage\",\"url\":\"https:\/\/appsaf.apieproject.com\/news\/wp-content\/uploads\/sites\/29\/2023\/10\/Capture-4de69bec4317f1923ab281b542d36d6c.png\",\"contentUrl\":\"https:\/\/appsaf.apieproject.com\/news\/wp-content\/uploads\/sites\/29\/2023\/10\/Capture-4de69bec4317f1923ab281b542d36d6c.png\",\"width\":904,\"height\":604},{\"@type\":\"BreadcrumbList\",\"@id\":\"https:\/\/appsaf.apieproject.com\/news\/fr\/2023\/11\/13\/mali-lonu-retire-ses-troupes-de-kidal\/#breadcrumb\",\"itemListElement\":[{\"@type\":\"ListItem\",\"position\":1,\"name\":\"Home\",\"item\":\"https:\/\/appsaf.apieproject.com\/news\/fr\/home\/\"},{\"@type\":\"ListItem\",\"position\":2,\"name\":\"Mali : l\u2019ONU Retire Ses Troupes De Kidal\"}]},{\"@type\":\"WebSite\",\"@id\":\"https:\/\/appsaf.apieproject.com\/news\/#website\",\"url\":\"https:\/\/appsaf.apieproject.com\/news\/\",\"name\":\"APIE NEWS\",\"description\":\"PANAFRICANISM NEWS PORTAL\",\"publisher\":{\"@id\":\"https:\/\/appsaf.apieproject.com\/news\/#organization\"},\"potentialAction\":[{\"@type\":\"SearchAction\",\"target\":{\"@type\":\"EntryPoint\",\"urlTemplate\":\"https:\/\/appsaf.apieproject.com\/news\/?s={search_term_string}\"},\"query-input\":{\"@type\":\"PropertyValueSpecification\",\"valueRequired\":true,\"valueName\":\"search_term_string\"}}],\"inLanguage\":\"fr-FR\"},{\"@type\":\"Organization\",\"@id\":\"https:\/\/appsaf.apieproject.com\/news\/#organization\",\"name\":\"APIE PROJECT\",\"url\":\"https:\/\/appsaf.apieproject.com\/news\/\",\"logo\":{\"@type\":\"ImageObject\",\"inLanguage\":\"fr-FR\",\"@id\":\"https:\/\/appsaf.apieproject.com\/news\/#\/schema\/logo\/image\/\",\"url\":\"https:\/\/appsaf.apieproject.com\/news\/wp-content\/uploads\/sites\/29\/2022\/07\/logo-R-TransparentBackground.png\",\"contentUrl\":\"https:\/\/appsaf.apieproject.com\/news\/wp-content\/uploads\/sites\/29\/2022\/07\/logo-R-TransparentBackground.png\",\"width\":512,\"height\":512,\"caption\":\"APIE PROJECT\"},\"image\":{\"@id\":\"https:\/\/appsaf.apieproject.com\/news\/#\/schema\/logo\/image\/\"},\"sameAs\":[\"https:\/\/facebook.com\/apieproject\",\"https:\/\/x.com\/apieproject\"]},{\"@type\":\"Person\",\"@id\":\"https:\/\/appsaf.apieproject.com\/news\/#\/schema\/person\/94d8f4e561b283d434da551498c8cb39\",\"name\":\"guyetom\",\"image\":{\"@type\":\"ImageObject\",\"inLanguage\":\"fr-FR\",\"@id\":\"https:\/\/appsaf.apieproject.com\/news\/#\/schema\/person\/image\/\",\"url\":\"https:\/\/secure.gravatar.com\/avatar\/f36d884530ee45302c1f7eadb3f86562?s=96&d=mm&r=g\",\"contentUrl\":\"https:\/\/secure.gravatar.com\/avatar\/f36d884530ee45302c1f7eadb3f86562?s=96&d=mm&r=g\",\"caption\":\"guyetom\"},\"url\":\"https:\/\/appsaf.apieproject.com\/news\/fr\/author\/guyetom\/\"}]}<\/script>\n<!-- \/ Yoast SEO plugin. -->","yoast_head_json":{"title":"Mali : l\u2019ONU Retire Ses Troupes De Kidal - APIE NEWS","robots":{"index":"index","follow":"follow","max-snippet":"max-snippet:-1","max-image-preview":"max-image-preview:large","max-video-preview":"max-video-preview:-1"},"canonical":"https:\/\/appsaf.apieproject.com\/news\/fr\/2023\/11\/13\/mali-lonu-retire-ses-troupes-de-kidal\/","og_locale":"fr_FR","og_type":"article","og_title":"Mali : l\u2019ONU Retire Ses Troupes De Kidal - APIE NEWS","og_description":"La Mission multidimensionnelle int\u00e9gr\u00e9e des Nations Unies pour la stabilisation au Mali (Minusma), a entrepris ce mardi 31 octobre 2023, le retrait de tous les casques bleus de Kidal. Kidal est une ville du Nord du Mali qui a longtemps \u00e9t\u00e9 en proie aux djihadistes. Au moment du d\u00e9part de la Minusma, la r\u00e9gion est [&hellip;]","og_url":"https:\/\/appsaf.apieproject.com\/news\/fr\/2023\/11\/13\/mali-lonu-retire-ses-troupes-de-kidal\/","og_site_name":"APIE NEWS","article_publisher":"https:\/\/facebook.com\/apieproject","article_published_time":"2023-11-13T23:34:17+00:00","article_modified_time":"2023-11-13T23:34:19+00:00","og_image":[{"width":904,"height":604,"url":"https:\/\/appsaf.apieproject.com\/news\/wp-content\/uploads\/sites\/29\/2023\/10\/Capture-4de69bec4317f1923ab281b542d36d6c.png","type":"image\/png"}],"author":"guyetom","twitter_card":"summary_large_image","twitter_creator":"@apieproject","twitter_site":"@apieproject","twitter_misc":{"\u00c9crit par":"guyetom","Dur\u00e9e de lecture estim\u00e9e":"2 minutes"},"schema":{"@context":"https:\/\/schema.org","@graph":[{"@type":"Article","@id":"https:\/\/appsaf.apieproject.com\/news\/fr\/2023\/11\/13\/mali-lonu-retire-ses-troupes-de-kidal\/#article","isPartOf":{"@id":"https:\/\/appsaf.apieproject.com\/news\/fr\/2023\/11\/13\/mali-lonu-retire-ses-troupes-de-kidal\/"},"author":{"name":"guyetom","@id":"https:\/\/appsaf.apieproject.com\/news\/#\/schema\/person\/94d8f4e561b283d434da551498c8cb39"},"headline":"Mali : l\u2019ONU Retire Ses Troupes De Kidal","datePublished":"2023-11-13T23:34:17+00:00","dateModified":"2023-11-13T23:34:19+00:00","mainEntityOfPage":{"@id":"https:\/\/appsaf.apieproject.com\/news\/fr\/2023\/11\/13\/mali-lonu-retire-ses-troupes-de-kidal\/"},"wordCount":454,"commentCount":0,"publisher":{"@id":"https:\/\/appsaf.apieproject.com\/news\/#organization"},"image":{"@id":"https:\/\/appsaf.apieproject.com\/news\/fr\/2023\/11\/13\/mali-lonu-retire-ses-troupes-de-kidal\/#primaryimage"},"thumbnailUrl":"https:\/\/appsaf.apieproject.com\/news\/wp-content\/uploads\/sites\/29\/2023\/10\/Capture-4de69bec4317f1923ab281b542d36d6c.png","keywords":["actualites","apie project","politique"],"articleSection":["Actualit\u00e9s","Politique"],"inLanguage":"fr-FR","potentialAction":[{"@type":"CommentAction","name":"Comment","target":["https:\/\/appsaf.apieproject.com\/news\/fr\/2023\/11\/13\/mali-lonu-retire-ses-troupes-de-kidal\/#respond"]}]},{"@type":"WebPage","@id":"https:\/\/appsaf.apieproject.com\/news\/fr\/2023\/11\/13\/mali-lonu-retire-ses-troupes-de-kidal\/","url":"https:\/\/appsaf.apieproject.com\/news\/fr\/2023\/11\/13\/mali-lonu-retire-ses-troupes-de-kidal\/","name":"Mali : l\u2019ONU Retire Ses Troupes De Kidal - APIE NEWS","isPartOf":{"@id":"https:\/\/appsaf.apieproject.com\/news\/#website"},"primaryImageOfPage":{"@id":"https:\/\/appsaf.apieproject.com\/news\/fr\/2023\/11\/13\/mali-lonu-retire-ses-troupes-de-kidal\/#primaryimage"},"image":{"@id":"https:\/\/appsaf.apieproject.com\/news\/fr\/2023\/11\/13\/mali-lonu-retire-ses-troupes-de-kidal\/#primaryimage"},"thumbnailUrl":"https:\/\/appsaf.apieproject.com\/news\/wp-content\/uploads\/sites\/29\/2023\/10\/Capture-4de69bec4317f1923ab281b542d36d6c.png","datePublished":"2023-11-13T23:34:17+00:00","dateModified":"2023-11-13T23:34:19+00:00","breadcrumb":{"@id":"https:\/\/appsaf.apieproject.com\/news\/fr\/2023\/11\/13\/mali-lonu-retire-ses-troupes-de-kidal\/#breadcrumb"},"inLanguage":"fr-FR","potentialAction":[{"@type":"ReadAction","target":["https:\/\/appsaf.apieproject.com\/news\/fr\/2023\/11\/13\/mali-lonu-retire-ses-troupes-de-kidal\/"]}]},{"@type":"ImageObject","inLanguage":"fr-FR","@id":"https:\/\/appsaf.apieproject.com\/news\/fr\/2023\/11\/13\/mali-lonu-retire-ses-troupes-de-kidal\/#primaryimage","url":"https:\/\/appsaf.apieproject.com\/news\/wp-content\/uploads\/sites\/29\/2023\/10\/Capture-4de69bec4317f1923ab281b542d36d6c.png","contentUrl":"https:\/\/appsaf.apieproject.com\/news\/wp-content\/uploads\/sites\/29\/2023\/10\/Capture-4de69bec4317f1923ab281b542d36d6c.png","width":904,"height":604},{"@type":"BreadcrumbList","@id":"https:\/\/appsaf.apieproject.com\/news\/fr\/2023\/11\/13\/mali-lonu-retire-ses-troupes-de-kidal\/#breadcrumb","itemListElement":[{"@type":"ListItem","position":1,"name":"Home","item":"https:\/\/appsaf.apieproject.com\/news\/fr\/home\/"},{"@type":"ListItem","position":2,"name":"Mali : l\u2019ONU Retire Ses Troupes De Kidal"}]},{"@type":"WebSite","@id":"https:\/\/appsaf.apieproject.com\/news\/#website","url":"https:\/\/appsaf.apieproject.com\/news\/","name":"APIE NEWS","description":"PANAFRICANISM NEWS PORTAL","publisher":{"@id":"https:\/\/appsaf.apieproject.com\/news\/#organization"},"potentialAction":[{"@type":"SearchAction","target":{"@type":"EntryPoint","urlTemplate":"https:\/\/appsaf.apieproject.com\/news\/?s={search_term_string}"},"query-input":{"@type":"PropertyValueSpecification","valueRequired":true,"valueName":"search_term_string"}}],"inLanguage":"fr-FR"},{"@type":"Organization","@id":"https:\/\/appsaf.apieproject.com\/news\/#organization","name":"APIE PROJECT","url":"https:\/\/appsaf.apieproject.com\/news\/","logo":{"@type":"ImageObject","inLanguage":"fr-FR","@id":"https:\/\/appsaf.apieproject.com\/news\/#\/schema\/logo\/image\/","url":"https:\/\/appsaf.apieproject.com\/news\/wp-content\/uploads\/sites\/29\/2022\/07\/logo-R-TransparentBackground.png","contentUrl":"https:\/\/appsaf.apieproject.com\/news\/wp-content\/uploads\/sites\/29\/2022\/07\/logo-R-TransparentBackground.png","width":512,"height":512,"caption":"APIE PROJECT"},"image":{"@id":"https:\/\/appsaf.apieproject.com\/news\/#\/schema\/logo\/image\/"},"sameAs":["https:\/\/facebook.com\/apieproject","https:\/\/x.com\/apieproject"]},{"@type":"Person","@id":"https:\/\/appsaf.apieproject.com\/news\/#\/schema\/person\/94d8f4e561b283d434da551498c8cb39","name":"guyetom","image":{"@type":"ImageObject","inLanguage":"fr-FR","@id":"https:\/\/appsaf.apieproject.com\/news\/#\/schema\/person\/image\/","url":"https:\/\/secure.gravatar.com\/avatar\/f36d884530ee45302c1f7eadb3f86562?s=96&d=mm&r=g","contentUrl":"https:\/\/secure.gravatar.com\/avatar\/f36d884530ee45302c1f7eadb3f86562?s=96&d=mm&r=g","caption":"guyetom"},"url":"https:\/\/appsaf.apieproject.com\/news\/fr\/author\/guyetom\/"}]}},"_links":{"self":[{"href":"https:\/\/appsaf.apieproject.com\/news\/fr\/wp-json\/wp\/v2\/posts\/35245","targetHints":{"allow":["GET"]}}],"collection":[{"href":"https:\/\/appsaf.apieproject.com\/news\/fr\/wp-json\/wp\/v2\/posts"}],"about":[{"href":"https:\/\/appsaf.apieproject.com\/news\/fr\/wp-json\/wp\/v2\/types\/post"}],"author":[{"embeddable":true,"href":"https:\/\/appsaf.apieproject.com\/news\/fr\/wp-json\/wp\/v2\/users\/13112"}],"replies":[{"embeddable":true,"href":"https:\/\/appsaf.apieproject.com\/news\/fr\/wp-json\/wp\/v2\/comments?post=35245"}],"version-history":[{"count":1,"href":"https:\/\/appsaf.apieproject.com\/news\/fr\/wp-json\/wp\/v2\/posts\/35245\/revisions"}],"predecessor-version":[{"id":36004,"href":"https:\/\/appsaf.apieproject.com\/news\/fr\/wp-json\/wp\/v2\/posts\/35245\/revisions\/36004"}],"wp:featuredmedia":[{"embeddable":true,"href":"https:\/\/appsaf.apieproject.com\/news\/fr\/wp-json\/wp\/v2\/media\/35242"}],"wp:attachment":[{"href":"https:\/\/appsaf.apieproject.com\/news\/fr\/wp-json\/wp\/v2\/media?parent=35245"}],"wp:term":[{"taxonomy":"category","embeddable":true,"href":"https:\/\/appsaf.apieproject.com\/news\/fr\/wp-json\/wp\/v2\/categories?post=35245"},{"taxonomy":"post_tag","embeddable":true,"href":"https:\/\/appsaf.apieproject.com\/news\/fr\/wp-json\/wp\/v2\/tags?post=35245"}],"curies":[{"name":"wp","href":"https:\/\/api.w.org\/{rel}","templated":true}]}}