{"id":35296,"date":"2023-11-13T16:50:52","date_gmt":"2023-11-13T16:50:52","guid":{"rendered":"https:\/\/appsaf.apieproject.com\/news\/?p=35296"},"modified":"2023-11-13T16:50:54","modified_gmt":"2023-11-13T16:50:54","slug":"politique-un-nouveau-parti-politique-voit-le-jour","status":"publish","type":"post","link":"https:\/\/appsaf.apieproject.com\/news\/fr\/2023\/11\/13\/politique-un-nouveau-parti-politique-voit-le-jour\/","title":{"rendered":"Politique : Un Nouveau Parti Politique Voit Le Jour"},"content":{"rendered":"<p>L\u2019\u00e9v\u00e9nement a d\u00e9but\u00e9 par une c\u00e9r\u00e9monie marquante mettant en avant le th\u00e8me \u201cFemmes, Osons Ensemble pour la Coh\u00e9sion Sociale et le D\u00e9veloppement\u201d. La pr\u00e9sidente du parti, Madame Demba Tatiana, a pris la parole devant des partisans r\u00e9unis pour l\u2019occasion.<\/p>\n<p>\u201cLe Tchad a besoin de changement, et ce changement passera par l\u2019unit\u00e9 de tous les citoyens, hommes et femmes\u201d, a d\u00e9clar\u00e9 Madame Demba Tatiana. Elle a soulign\u00e9 l\u2019importance de l\u2019implication des femmes dans tous les aspects de la soci\u00e9t\u00e9, affirmant que leur contribution est cruciale pour le d\u00e9veloppement du pays.<\/p>\n<p>Le parti \u00c9mergence pour le D\u00e9veloppement du Tchad (EDT), a pr\u00e9sent\u00e9 un programme ambitieux, mettant l\u2019accent sur l\u2019\u00e9ducation, la sant\u00e9, l\u2019autonomisation \u00e9conomique des femmes et la promotion de la diversit\u00e9 culturelle et ethnique. Ils visent \u00e0 favoriser la cr\u00e9ation d\u2019opportunit\u00e9s pour tous les Tchadiens, en particulier les femmes et les jeunes.<\/p>\n<p>Le lancement a \u00e9t\u00e9 marqu\u00e9 par des discours passionn\u00e9s, du th\u00e9\u00e2tre et un engagement massif des partisans pr\u00e9sents. La pr\u00e9sidente a conclu son discours en appelant \u00e0 l\u2019unit\u00e9 et \u00e0 la collaboration de tous les Tchadiens pour b\u00e2tir un avenir meilleur.<\/p>\n<p>Le secr\u00e9taire g\u00e9n\u00e9ral du parti, Sahoulba Hambratna, appelle les Tchadiens \u00e0 suivre leur parcours politique car, dit-il, le parti EDT cherche \u00e0 apporter des changements significatifs dans le pays.<\/p>\n","protected":false},"excerpt":{"rendered":"<p>Des militants, sympathisants et des invit\u00e9s se sont rassembl\u00e9s ce jeudi 2 novembre, au Palais des Arts et de la Culture, au c\u0153ur de N\u2019Djam\u00e9na pour assister au lancement du tout nouveau parti politique \u00c9mergence pour le D\u00e9veloppement du Tchad (EDT). Ce parti, dirig\u00e9 par Mme Demba Tatiana, par ailleurs Conseill\u00e8re nationale de transition, promet de placer la coh\u00e9sion sociale et le d\u00e9veloppement au premier plan de son agenda politique.<\/p>\n","protected":false},"author":12963,"featured_media":35293,"comment_status":"open","ping_status":"open","sticky":false,"template":"","format":"standard","meta":{"footnotes":""},"categories":[67,69],"tags":[81,78,82],"class_list":{"0":"post-35296","1":"post","2":"type-post","3":"status-publish","4":"format-standard","5":"has-post-thumbnail","7":"category-actualites","8":"category-politique","9":"tag-actualites","10":"tag-apie-project-2","11":"tag-politique"},"yoast_head":"<!-- This site is optimized with the Yoast SEO plugin v24.4 - https:\/\/yoast.com\/wordpress\/plugins\/seo\/ -->\n<title>Politique : Un Nouveau Parti Politique Voit Le Jour - APIE NEWS<\/title>\n<meta name=\"robots\" content=\"index, follow, max-snippet:-1, max-image-preview:large, max-video-preview:-1\" \/>\n<link rel=\"canonical\" href=\"https:\/\/appsaf.apieproject.com\/news\/fr\/2023\/11\/13\/politique-un-nouveau-parti-politique-voit-le-jour\/\" \/>\n<meta property=\"og:locale\" content=\"fr_FR\" \/>\n<meta property=\"og:type\" content=\"article\" \/>\n<meta property=\"og:title\" content=\"Politique : Un Nouveau Parti Politique Voit Le Jour - APIE NEWS\" \/>\n<meta property=\"og:description\" content=\"Des militants, sympathisants et des invit\u00e9s se sont rassembl\u00e9s ce jeudi 2 novembre, au Palais des Arts et de la Culture, au c\u0153ur de N\u2019Djam\u00e9na pour assister au lancement du tout nouveau parti politique \u00c9mergence pour le D\u00e9veloppement du Tchad (EDT). Ce parti, dirig\u00e9 par Mme Demba Tatiana, par ailleurs Conseill\u00e8re nationale de transition, promet de placer la coh\u00e9sion sociale et le d\u00e9veloppement au premier plan de son agenda politique.\" \/>\n<meta property=\"og:url\" content=\"https:\/\/appsaf.apieproject.com\/news\/fr\/2023\/11\/13\/politique-un-nouveau-parti-politique-voit-le-jour\/\" \/>\n<meta property=\"og:site_name\" content=\"APIE NEWS\" \/>\n<meta property=\"article:publisher\" content=\"https:\/\/facebook.com\/apieproject\" \/>\n<meta property=\"article:published_time\" content=\"2023-11-13T16:50:52+00:00\" \/>\n<meta property=\"article:modified_time\" content=\"2023-11-13T16:50:54+00:00\" \/>\n<meta property=\"og:image\" content=\"https:\/\/appsaf.apieproject.com\/news\/wp-content\/uploads\/sites\/29\/2023\/11\/IMG-20231102-WA0097-65c8d829d05102f7c4f8ef1f12428ce0.jpg\" \/>\n\t<meta property=\"og:image:width\" content=\"1080\" \/>\n\t<meta property=\"og:image:height\" content=\"474\" \/>\n\t<meta property=\"og:image:type\" content=\"image\/jpeg\" \/>\n<meta name=\"author\" content=\"staff\" \/>\n<meta name=\"twitter:card\" content=\"summary_large_image\" \/>\n<meta name=\"twitter:creator\" content=\"@apieproject\" \/>\n<meta name=\"twitter:site\" content=\"@apieproject\" \/>\n<meta name=\"twitter:label1\" content=\"\u00c9crit par\" \/>\n\t<meta name=\"twitter:data1\" content=\"staff\" \/>\n\t<meta name=\"twitter:label2\" content=\"Dur\u00e9e de lecture estim\u00e9e\" \/>\n\t<meta name=\"twitter:data2\" content=\"1 minute\" \/>\n<script type=\"application\/ld+json\" class=\"yoast-schema-graph\">{\"@context\":\"https:\/\/schema.org\",\"@graph\":[{\"@type\":\"Article\",\"@id\":\"https:\/\/appsaf.apieproject.com\/news\/fr\/2023\/11\/13\/politique-un-nouveau-parti-politique-voit-le-jour\/#article\",\"isPartOf\":{\"@id\":\"https:\/\/appsaf.apieproject.com\/news\/fr\/2023\/11\/13\/politique-un-nouveau-parti-politique-voit-le-jour\/\"},\"author\":{\"name\":\"staff\",\"@id\":\"https:\/\/appsaf.apieproject.com\/news\/#\/schema\/person\/399517cac378948cd7b39086f9ddc2a7\"},\"headline\":\"Politique : Un Nouveau Parti Politique Voit Le Jour\",\"datePublished\":\"2023-11-13T16:50:52+00:00\",\"dateModified\":\"2023-11-13T16:50:54+00:00\",\"mainEntityOfPage\":{\"@id\":\"https:\/\/appsaf.apieproject.com\/news\/fr\/2023\/11\/13\/politique-un-nouveau-parti-politique-voit-le-jour\/\"},\"wordCount\":247,\"commentCount\":0,\"publisher\":{\"@id\":\"https:\/\/appsaf.apieproject.com\/news\/#organization\"},\"image\":{\"@id\":\"https:\/\/appsaf.apieproject.com\/news\/fr\/2023\/11\/13\/politique-un-nouveau-parti-politique-voit-le-jour\/#primaryimage\"},\"thumbnailUrl\":\"https:\/\/appsaf.apieproject.com\/news\/wp-content\/uploads\/sites\/29\/2023\/11\/IMG-20231102-WA0097-65c8d829d05102f7c4f8ef1f12428ce0.jpg\",\"keywords\":[\"actualites\",\"apie project\",\"politique\"],\"articleSection\":[\"Actualit\u00e9s\",\"Politique\"],\"inLanguage\":\"fr-FR\",\"potentialAction\":[{\"@type\":\"CommentAction\",\"name\":\"Comment\",\"target\":[\"https:\/\/appsaf.apieproject.com\/news\/fr\/2023\/11\/13\/politique-un-nouveau-parti-politique-voit-le-jour\/#respond\"]}]},{\"@type\":\"WebPage\",\"@id\":\"https:\/\/appsaf.apieproject.com\/news\/fr\/2023\/11\/13\/politique-un-nouveau-parti-politique-voit-le-jour\/\",\"url\":\"https:\/\/appsaf.apieproject.com\/news\/fr\/2023\/11\/13\/politique-un-nouveau-parti-politique-voit-le-jour\/\",\"name\":\"Politique : Un Nouveau Parti Politique Voit Le Jour - APIE NEWS\",\"isPartOf\":{\"@id\":\"https:\/\/appsaf.apieproject.com\/news\/#website\"},\"primaryImageOfPage\":{\"@id\":\"https:\/\/appsaf.apieproject.com\/news\/fr\/2023\/11\/13\/politique-un-nouveau-parti-politique-voit-le-jour\/#primaryimage\"},\"image\":{\"@id\":\"https:\/\/appsaf.apieproject.com\/news\/fr\/2023\/11\/13\/politique-un-nouveau-parti-politique-voit-le-jour\/#primaryimage\"},\"thumbnailUrl\":\"https:\/\/appsaf.apieproject.com\/news\/wp-content\/uploads\/sites\/29\/2023\/11\/IMG-20231102-WA0097-65c8d829d05102f7c4f8ef1f12428ce0.jpg\",\"datePublished\":\"2023-11-13T16:50:52+00:00\",\"dateModified\":\"2023-11-13T16:50:54+00:00\",\"breadcrumb\":{\"@id\":\"https:\/\/appsaf.apieproject.com\/news\/fr\/2023\/11\/13\/politique-un-nouveau-parti-politique-voit-le-jour\/#breadcrumb\"},\"inLanguage\":\"fr-FR\",\"potentialAction\":[{\"@type\":\"ReadAction\",\"target\":[\"https:\/\/appsaf.apieproject.com\/news\/fr\/2023\/11\/13\/politique-un-nouveau-parti-politique-voit-le-jour\/\"]}]},{\"@type\":\"ImageObject\",\"inLanguage\":\"fr-FR\",\"@id\":\"https:\/\/appsaf.apieproject.com\/news\/fr\/2023\/11\/13\/politique-un-nouveau-parti-politique-voit-le-jour\/#primaryimage\",\"url\":\"https:\/\/appsaf.apieproject.com\/news\/wp-content\/uploads\/sites\/29\/2023\/11\/IMG-20231102-WA0097-65c8d829d05102f7c4f8ef1f12428ce0.jpg\",\"contentUrl\":\"https:\/\/appsaf.apieproject.com\/news\/wp-content\/uploads\/sites\/29\/2023\/11\/IMG-20231102-WA0097-65c8d829d05102f7c4f8ef1f12428ce0.jpg\",\"width\":1080,\"height\":474},{\"@type\":\"BreadcrumbList\",\"@id\":\"https:\/\/appsaf.apieproject.com\/news\/fr\/2023\/11\/13\/politique-un-nouveau-parti-politique-voit-le-jour\/#breadcrumb\",\"itemListElement\":[{\"@type\":\"ListItem\",\"position\":1,\"name\":\"Home\",\"item\":\"https:\/\/appsaf.apieproject.com\/news\/fr\/home\/\"},{\"@type\":\"ListItem\",\"position\":2,\"name\":\"Politique : Un Nouveau Parti Politique Voit Le Jour\"}]},{\"@type\":\"WebSite\",\"@id\":\"https:\/\/appsaf.apieproject.com\/news\/#website\",\"url\":\"https:\/\/appsaf.apieproject.com\/news\/\",\"name\":\"APIE NEWS\",\"description\":\"PANAFRICANISM NEWS PORTAL\",\"publisher\":{\"@id\":\"https:\/\/appsaf.apieproject.com\/news\/#organization\"},\"potentialAction\":[{\"@type\":\"SearchAction\",\"target\":{\"@type\":\"EntryPoint\",\"urlTemplate\":\"https:\/\/appsaf.apieproject.com\/news\/?s={search_term_string}\"},\"query-input\":{\"@type\":\"PropertyValueSpecification\",\"valueRequired\":true,\"valueName\":\"search_term_string\"}}],\"inLanguage\":\"fr-FR\"},{\"@type\":\"Organization\",\"@id\":\"https:\/\/appsaf.apieproject.com\/news\/#organization\",\"name\":\"APIE PROJECT\",\"url\":\"https:\/\/appsaf.apieproject.com\/news\/\",\"logo\":{\"@type\":\"ImageObject\",\"inLanguage\":\"fr-FR\",\"@id\":\"https:\/\/appsaf.apieproject.com\/news\/#\/schema\/logo\/image\/\",\"url\":\"https:\/\/appsaf.apieproject.com\/news\/wp-content\/uploads\/sites\/29\/2022\/07\/logo-R-TransparentBackground.png\",\"contentUrl\":\"https:\/\/appsaf.apieproject.com\/news\/wp-content\/uploads\/sites\/29\/2022\/07\/logo-R-TransparentBackground.png\",\"width\":512,\"height\":512,\"caption\":\"APIE PROJECT\"},\"image\":{\"@id\":\"https:\/\/appsaf.apieproject.com\/news\/#\/schema\/logo\/image\/\"},\"sameAs\":[\"https:\/\/facebook.com\/apieproject\",\"https:\/\/x.com\/apieproject\"]},{\"@type\":\"Person\",\"@id\":\"https:\/\/appsaf.apieproject.com\/news\/#\/schema\/person\/399517cac378948cd7b39086f9ddc2a7\",\"name\":\"staff\",\"image\":{\"@type\":\"ImageObject\",\"inLanguage\":\"fr-FR\",\"@id\":\"https:\/\/appsaf.apieproject.com\/news\/#\/schema\/person\/image\/\",\"url\":\"https:\/\/secure.gravatar.com\/avatar\/5386283c5db150efe261184bd59f072a?s=96&d=mm&r=g\",\"contentUrl\":\"https:\/\/secure.gravatar.com\/avatar\/5386283c5db150efe261184bd59f072a?s=96&d=mm&r=g\",\"caption\":\"staff\"},\"url\":\"https:\/\/appsaf.apieproject.com\/news\/fr\/author\/staff\/\"}]}<\/script>\n<!-- \/ Yoast SEO plugin. -->","yoast_head_json":{"title":"Politique : Un Nouveau Parti Politique Voit Le Jour - APIE NEWS","robots":{"index":"index","follow":"follow","max-snippet":"max-snippet:-1","max-image-preview":"max-image-preview:large","max-video-preview":"max-video-preview:-1"},"canonical":"https:\/\/appsaf.apieproject.com\/news\/fr\/2023\/11\/13\/politique-un-nouveau-parti-politique-voit-le-jour\/","og_locale":"fr_FR","og_type":"article","og_title":"Politique : Un Nouveau Parti Politique Voit Le Jour - APIE NEWS","og_description":"Des militants, sympathisants et des invit\u00e9s se sont rassembl\u00e9s ce jeudi 2 novembre, au Palais des Arts et de la Culture, au c\u0153ur de N\u2019Djam\u00e9na pour assister au lancement du tout nouveau parti politique \u00c9mergence pour le D\u00e9veloppement du Tchad (EDT). Ce parti, dirig\u00e9 par Mme Demba Tatiana, par ailleurs Conseill\u00e8re nationale de transition, promet de placer la coh\u00e9sion sociale et le d\u00e9veloppement au premier plan de son agenda politique.","og_url":"https:\/\/appsaf.apieproject.com\/news\/fr\/2023\/11\/13\/politique-un-nouveau-parti-politique-voit-le-jour\/","og_site_name":"APIE NEWS","article_publisher":"https:\/\/facebook.com\/apieproject","article_published_time":"2023-11-13T16:50:52+00:00","article_modified_time":"2023-11-13T16:50:54+00:00","og_image":[{"width":1080,"height":474,"url":"https:\/\/appsaf.apieproject.com\/news\/wp-content\/uploads\/sites\/29\/2023\/11\/IMG-20231102-WA0097-65c8d829d05102f7c4f8ef1f12428ce0.jpg","type":"image\/jpeg"}],"author":"staff","twitter_card":"summary_large_image","twitter_creator":"@apieproject","twitter_site":"@apieproject","twitter_misc":{"\u00c9crit par":"staff","Dur\u00e9e de lecture estim\u00e9e":"1 minute"},"schema":{"@context":"https:\/\/schema.org","@graph":[{"@type":"Article","@id":"https:\/\/appsaf.apieproject.com\/news\/fr\/2023\/11\/13\/politique-un-nouveau-parti-politique-voit-le-jour\/#article","isPartOf":{"@id":"https:\/\/appsaf.apieproject.com\/news\/fr\/2023\/11\/13\/politique-un-nouveau-parti-politique-voit-le-jour\/"},"author":{"name":"staff","@id":"https:\/\/appsaf.apieproject.com\/news\/#\/schema\/person\/399517cac378948cd7b39086f9ddc2a7"},"headline":"Politique : Un Nouveau Parti Politique Voit Le Jour","datePublished":"2023-11-13T16:50:52+00:00","dateModified":"2023-11-13T16:50:54+00:00","mainEntityOfPage":{"@id":"https:\/\/appsaf.apieproject.com\/news\/fr\/2023\/11\/13\/politique-un-nouveau-parti-politique-voit-le-jour\/"},"wordCount":247,"commentCount":0,"publisher":{"@id":"https:\/\/appsaf.apieproject.com\/news\/#organization"},"image":{"@id":"https:\/\/appsaf.apieproject.com\/news\/fr\/2023\/11\/13\/politique-un-nouveau-parti-politique-voit-le-jour\/#primaryimage"},"thumbnailUrl":"https:\/\/appsaf.apieproject.com\/news\/wp-content\/uploads\/sites\/29\/2023\/11\/IMG-20231102-WA0097-65c8d829d05102f7c4f8ef1f12428ce0.jpg","keywords":["actualites","apie project","politique"],"articleSection":["Actualit\u00e9s","Politique"],"inLanguage":"fr-FR","potentialAction":[{"@type":"CommentAction","name":"Comment","target":["https:\/\/appsaf.apieproject.com\/news\/fr\/2023\/11\/13\/politique-un-nouveau-parti-politique-voit-le-jour\/#respond"]}]},{"@type":"WebPage","@id":"https:\/\/appsaf.apieproject.com\/news\/fr\/2023\/11\/13\/politique-un-nouveau-parti-politique-voit-le-jour\/","url":"https:\/\/appsaf.apieproject.com\/news\/fr\/2023\/11\/13\/politique-un-nouveau-parti-politique-voit-le-jour\/","name":"Politique : Un Nouveau Parti Politique Voit Le Jour - APIE NEWS","isPartOf":{"@id":"https:\/\/appsaf.apieproject.com\/news\/#website"},"primaryImageOfPage":{"@id":"https:\/\/appsaf.apieproject.com\/news\/fr\/2023\/11\/13\/politique-un-nouveau-parti-politique-voit-le-jour\/#primaryimage"},"image":{"@id":"https:\/\/appsaf.apieproject.com\/news\/fr\/2023\/11\/13\/politique-un-nouveau-parti-politique-voit-le-jour\/#primaryimage"},"thumbnailUrl":"https:\/\/appsaf.apieproject.com\/news\/wp-content\/uploads\/sites\/29\/2023\/11\/IMG-20231102-WA0097-65c8d829d05102f7c4f8ef1f12428ce0.jpg","datePublished":"2023-11-13T16:50:52+00:00","dateModified":"2023-11-13T16:50:54+00:00","breadcrumb":{"@id":"https:\/\/appsaf.apieproject.com\/news\/fr\/2023\/11\/13\/politique-un-nouveau-parti-politique-voit-le-jour\/#breadcrumb"},"inLanguage":"fr-FR","potentialAction":[{"@type":"ReadAction","target":["https:\/\/appsaf.apieproject.com\/news\/fr\/2023\/11\/13\/politique-un-nouveau-parti-politique-voit-le-jour\/"]}]},{"@type":"ImageObject","inLanguage":"fr-FR","@id":"https:\/\/appsaf.apieproject.com\/news\/fr\/2023\/11\/13\/politique-un-nouveau-parti-politique-voit-le-jour\/#primaryimage","url":"https:\/\/appsaf.apieproject.com\/news\/wp-content\/uploads\/sites\/29\/2023\/11\/IMG-20231102-WA0097-65c8d829d05102f7c4f8ef1f12428ce0.jpg","contentUrl":"https:\/\/appsaf.apieproject.com\/news\/wp-content\/uploads\/sites\/29\/2023\/11\/IMG-20231102-WA0097-65c8d829d05102f7c4f8ef1f12428ce0.jpg","width":1080,"height":474},{"@type":"BreadcrumbList","@id":"https:\/\/appsaf.apieproject.com\/news\/fr\/2023\/11\/13\/politique-un-nouveau-parti-politique-voit-le-jour\/#breadcrumb","itemListElement":[{"@type":"ListItem","position":1,"name":"Home","item":"https:\/\/appsaf.apieproject.com\/news\/fr\/home\/"},{"@type":"ListItem","position":2,"name":"Politique : Un Nouveau Parti Politique Voit Le Jour"}]},{"@type":"WebSite","@id":"https:\/\/appsaf.apieproject.com\/news\/#website","url":"https:\/\/appsaf.apieproject.com\/news\/","name":"APIE NEWS","description":"PANAFRICANISM NEWS PORTAL","publisher":{"@id":"https:\/\/appsaf.apieproject.com\/news\/#organization"},"potentialAction":[{"@type":"SearchAction","target":{"@type":"EntryPoint","urlTemplate":"https:\/\/appsaf.apieproject.com\/news\/?s={search_term_string}"},"query-input":{"@type":"PropertyValueSpecification","valueRequired":true,"valueName":"search_term_string"}}],"inLanguage":"fr-FR"},{"@type":"Organization","@id":"https:\/\/appsaf.apieproject.com\/news\/#organization","name":"APIE PROJECT","url":"https:\/\/appsaf.apieproject.com\/news\/","logo":{"@type":"ImageObject","inLanguage":"fr-FR","@id":"https:\/\/appsaf.apieproject.com\/news\/#\/schema\/logo\/image\/","url":"https:\/\/appsaf.apieproject.com\/news\/wp-content\/uploads\/sites\/29\/2022\/07\/logo-R-TransparentBackground.png","contentUrl":"https:\/\/appsaf.apieproject.com\/news\/wp-content\/uploads\/sites\/29\/2022\/07\/logo-R-TransparentBackground.png","width":512,"height":512,"caption":"APIE PROJECT"},"image":{"@id":"https:\/\/appsaf.apieproject.com\/news\/#\/schema\/logo\/image\/"},"sameAs":["https:\/\/facebook.com\/apieproject","https:\/\/x.com\/apieproject"]},{"@type":"Person","@id":"https:\/\/appsaf.apieproject.com\/news\/#\/schema\/person\/399517cac378948cd7b39086f9ddc2a7","name":"staff","image":{"@type":"ImageObject","inLanguage":"fr-FR","@id":"https:\/\/appsaf.apieproject.com\/news\/#\/schema\/person\/image\/","url":"https:\/\/secure.gravatar.com\/avatar\/5386283c5db150efe261184bd59f072a?s=96&d=mm&r=g","contentUrl":"https:\/\/secure.gravatar.com\/avatar\/5386283c5db150efe261184bd59f072a?s=96&d=mm&r=g","caption":"staff"},"url":"https:\/\/appsaf.apieproject.com\/news\/fr\/author\/staff\/"}]}},"_links":{"self":[{"href":"https:\/\/appsaf.apieproject.com\/news\/fr\/wp-json\/wp\/v2\/posts\/35296","targetHints":{"allow":["GET"]}}],"collection":[{"href":"https:\/\/appsaf.apieproject.com\/news\/fr\/wp-json\/wp\/v2\/posts"}],"about":[{"href":"https:\/\/appsaf.apieproject.com\/news\/fr\/wp-json\/wp\/v2\/types\/post"}],"author":[{"embeddable":true,"href":"https:\/\/appsaf.apieproject.com\/news\/fr\/wp-json\/wp\/v2\/users\/12963"}],"replies":[{"embeddable":true,"href":"https:\/\/appsaf.apieproject.com\/news\/fr\/wp-json\/wp\/v2\/comments?post=35296"}],"version-history":[{"count":1,"href":"https:\/\/appsaf.apieproject.com\/news\/fr\/wp-json\/wp\/v2\/posts\/35296\/revisions"}],"predecessor-version":[{"id":35792,"href":"https:\/\/appsaf.apieproject.com\/news\/fr\/wp-json\/wp\/v2\/posts\/35296\/revisions\/35792"}],"wp:featuredmedia":[{"embeddable":true,"href":"https:\/\/appsaf.apieproject.com\/news\/fr\/wp-json\/wp\/v2\/media\/35293"}],"wp:attachment":[{"href":"https:\/\/appsaf.apieproject.com\/news\/fr\/wp-json\/wp\/v2\/media?parent=35296"}],"wp:term":[{"taxonomy":"category","embeddable":true,"href":"https:\/\/appsaf.apieproject.com\/news\/fr\/wp-json\/wp\/v2\/categories?post=35296"},{"taxonomy":"post_tag","embeddable":true,"href":"https:\/\/appsaf.apieproject.com\/news\/fr\/wp-json\/wp\/v2\/tags?post=35296"}],"curies":[{"name":"wp","href":"https:\/\/api.w.org\/{rel}","templated":true}]}}