{"id":35300,"date":"2023-11-13T16:53:15","date_gmt":"2023-11-13T16:53:15","guid":{"rendered":"https:\/\/appsaf.apieproject.com\/news\/?p=35300"},"modified":"2023-11-13T16:53:17","modified_gmt":"2023-11-13T16:53:17","slug":"en-tunisie-une-diplomatie-sans-direction-claire-face-a-l-crise-palestinienne","status":"publish","type":"post","link":"https:\/\/appsaf.apieproject.com\/news\/fr\/2023\/11\/13\/en-tunisie-une-diplomatie-sans-direction-claire-face-a-l-crise-palestinienne\/","title":{"rendered":"En Tunisie, Une Diplomatie Sans Direction Claire Face A L Crise Palestinienne"},"content":{"rendered":"<p>Le 20 octobre, le pr\u00e9sident de l\u2019Assembl\u00e9e des repr\u00e9sentants du peuple (ARP), Brahim Bouderbala, reporte en derni\u00e8re minute une pl\u00e9ni\u00e8re tr\u00e8s attendue au cours de laquelle devait \u00eatre adopt\u00e9e une loi criminalisant la normalisation des relations avec Isra\u00ebl.<\/p>\n<p>Dans une interview \u00e0 Mosa\u00efque FM, il laisse entendre que la visite qu\u2019il a rendue le 25 novembre \u00e0 Alger, o\u00f9 il a rencontr\u00e9 les pr\u00e9sidents des deux chambres parlementaires ainsi que le chef de l\u2019\u00c9tat alg\u00e9rien, Abdelmadjid Tebboune, a fait \u00e9voluer le point de vue tunisien sur le sujet, donc sur le texte de loi.<\/p>\n<p>Bouderbala serait maintenant plus enclin \u00e0 suivre le mod\u00e8le alg\u00e9rien qui r\u00e9prime la normalisation plut\u00f4t qu\u2019il ne la criminalise. Le patron du perchoir op\u00e8re ainsi un r\u00e9trop\u00e9dalage qui pose question. \u00ab Que veut la Tunisie ? \u00bb Question \u00e0 laquelle certains en ajoutent une autre : \u00ab Et cela convient-il \u00e0 Alger ? \u00bb<\/p>\n<p>Influence de l\u2019Alg\u00e9rie sur le pouvoir tunisien<br \/>\nCet \u00e9pisode souligne l\u2019influence de l\u2019Alg\u00e9rie sur le pouvoir tunisien, lien qui n\u2019a jamais \u00e9t\u00e9 aussi important alors que les rapports de voisinage, mais aussi avec le monde arabe et plus g\u00e9n\u00e9ralement \u00e0 l\u2019international, se distendent.<\/p>\n<p>En rejetant, au nom de la souverainet\u00e9 nationale, le processus de pr\u00eat du Fonds mon\u00e9taire international (FMI) en avril, puis l\u2019appui de l\u2019Union europ\u00e9enne (UE) en septembre, le pr\u00e9sident tunisien Ka\u00efs Sa\u00efed a, en quelque sorte, mis la Tunisie en retrait des circuits internationaux. \u00ab Il ne nous faudra compter que sur nous-m\u00eames \u00bb, a ass\u00e9n\u00e9 le pr\u00e9sident pour r\u00e9pondre aux questionnements sur les moyens de financements de la loi de finance pour 2024.<\/p>\n<p>Sur la guerre Isra\u00ebl-Hamas aussi, la position de la Tunisie semble l\u00e9g\u00e8rement dissonante. Pourtant le pr\u00e9sident Ka\u00efs Sa\u00efed ne cache pas son ambition \u00e0 l\u2019international et estime que le r\u00f4le de la Tunisie n\u2019est rien de moins que d\u2019ouvrir la voie vers un mieux \u00eatre de l\u2019humanit\u00e9. Son discours prononc\u00e9 \u00e0 l\u2019occasion du 32e sommet de la Ligue arabe, en mai 2023, illustre de mani\u00e8re \u00e9loquente ses vis\u00e9es panarabistes.<\/p>\n<p>Le th\u00e8me de l\u2019humain au sens large revient aussi dans son discours, que ce soit lorsqu\u2019il s\u2019adresse \u00e0 l\u2019Europe concernant la migration irr\u00e9guli\u00e8re ou lorsqu\u2019il \u00e9voque le conflit actuel dans la bande de Gaza, voire la question de la cause palestinienne en g\u00e9n\u00e9ral. Le locataire de Carthage cherche \u00e0 se poser en leader sans toutefois \u00eatre un acteur sur la sc\u00e8ne arabe ou en Occident. \u00ab N\u2019est pas ra\u00efs qui veut, surtout quand un Sissi occupe le devant de la sc\u00e8ne \u00bb, commente un politologue.<\/p>\n<p>Voies d\u00e9tourn\u00e9es<br \/>\nKa\u00efs Sa\u00efed a, qui plus est, coutume d\u2019emprunter des voies d\u00e9tourn\u00e9es et d\u2019\u00eatre dans la contradiction pour se distinguer des autres. C\u2019est sans doute l\u2019id\u00e9e qui a inspir\u00e9 certains votes \u00e0 l\u2019ONU, en particulier l\u2019abstention de la Tunisie lors du vote de la r\u00e9solution de son Assembl\u00e9e g\u00e9n\u00e9rale, le 27 octobre, demandant une tr\u00eave humanitaire \u00e0 Gaza. \u00ab Le texte a occult\u00e9 la condamnation explicite et ferme des crimes de guerre et du g\u00e9nocide commis par les forces d\u2019occupation. Il n\u2019exige pas que l\u2019occupant soit tenu responsable de ses crimes, n\u2019indique pas clairement l\u2019exigence d\u2019un cessez-le-feu imm\u00e9diat et met sur un pied d\u2019\u00e9galit\u00e9 la victime et le bourreau \u00bb, justifie Tarek El Adab, l\u2019ambassadeur de la Tunisie \u00e0 l\u2019ONU.<\/p>\n<p>Pour le pr\u00e9sident tunisien, la r\u00e9solution \u2013 adopt\u00e9e \u2013 est un \u00e9chec. Lui pr\u00e9f\u00e8re accorder son soutien inconditionnel \u00ab au peuple palestinien \u00e0 recouvrer son droit sur toute la Palestine et \u00e9tablir son \u00c9tat ind\u00e9pendant avec Al-Quds comme capitale \u00bb. Jamais il ne prononce le nom du Hamas, pas plus que celui de l\u2019Autorit\u00e9 palestinienne. La Tunisie ne s\u2019\u00e9tait pas non plus jointe aux neuf pays arabes (Maroc, Bahre\u00efn, \u00c9mirats arabes unis, \u00c9gypte, Arabie saoudite, Jordanie, Qatar, Oman, Kowe\u00eft) qui, dans une d\u00e9claration commune, avaient demand\u00e9, le 26 octobre, la mise en \u0153uvre d\u2019un cessez-le-feu imm\u00e9diat.<\/p>\n<p>Cette position de la Tunisie \u00e0 l\u2019\u00e9gard de la cause palestinienne est d\u00e9licate. Le Hamas a remerci\u00e9 l\u2019ONU pour la r\u00e9solution et sur les r\u00e9seaux sociaux. Les Palestiniens, s\u2019ils ont aussi remerci\u00e9 le pr\u00e9sident tunisien, qui s\u2019oppose \u00e0 un partage de territoire et pr\u00e9conise la solution \u00e0 un seul et unique \u00c9tat, lui ont \u00e9galement fait remarquer que son discours sur les peuples n\u2019a pas \u00e9t\u00e9 productif, ou que, du moins, il n\u2019avait rien apport\u00e9 \u00e0 la Palestine. Pas plus que ne l\u2019a \u00e9t\u00e9 la r\u00e9union, organis\u00e9e \u00e0 l\u2019initiative du ministre des Affaires \u00e9trang\u00e8res Tunisien Nabil Ammar, des ambassadeurs des pays membres du Conseil de s\u00e9curit\u00e9 pour \u00e9voquer le conflit.<\/p>\n<p>Lors de cet \u00e9change, le ministre a \u00e9voqu\u00e9 \u00ab l\u2019importance de remplacer les approches traditionnelles dans le traitement de la question palestinienne par une nouvelle approche, d\u00e9pourvue de partialit\u00e9, bas\u00e9e sur la sagesse, la prudence, la vision \u00e0 long terme et la d\u00e9fense du droit, des valeurs et des principes universels pour la paix et la stabilit\u00e9 dans la r\u00e9gion \u00bb. Des propos g\u00e9n\u00e9raux au service d\u2019une intention certes louable mais qui ne sont accompagn\u00e9s d\u2019aucune proposition concr\u00e8te. Dans le m\u00eame registre, Nabil Ammar s\u2019est entretenu avec la secr\u00e9taire g\u00e9n\u00e9rale de l\u2019Organisation internationale de la francophonie (OIF), Louise Mushikiwabo, pour \u00e9voquer un appel \u00e0 mettre fin aux bombardements de Gaza en rappelant les valeurs fondamentales de la Francophonie.<\/p>\n<p>Ambitieuse mais isol\u00e9e<br \/>\nToutes ces initiatives donnent l\u2019impression d\u2019une diplomatie dispers\u00e9e, voire erratique, qui s\u2019agite mais semble bien seule et propose parfois des solutions d\u00e9connect\u00e9es de la r\u00e9alit\u00e9. Notamment sur la question palestinienne. \u00ab La Tunisie fait l\u2019impasse sur les accords d\u2019Oslo de 1993 mais finalement, ils ne la concernent pas \u00bb, commente un \u00e9tudiant palestinien \u00e0 Tunis.<\/p>\n<p>L\u2019ambition de Ka\u00efs Sa\u00efed est de participer \u00e0 la marche du monde, d\u2019\u00e9gal \u00e0 \u00e9gal avec ceux qui la font. Pourquoi pas ? Mais pour cela, encore faudrait-il se positionner comme un interlocuteur \u00e0 part enti\u00e8re. Or depuis deux ans, la Tunisie ne cesse de s\u2019isoler, ses relations se faisant de plus en plus tendues avec le FMI et l\u2019UE, accus\u00e9s de tentatives d\u2019ing\u00e9rence, mais aussi avec l\u2019Italie, dont l\u2019omnipr\u00e9sent ministre des Affaires \u00e9trang\u00e8res, Antonio Tajani, a r\u00e9cemment propos\u00e9 de joindre la Tunisie aux n\u00e9gociations visant \u00e0 faire lib\u00e9rer les otages. Mani\u00e8re de laisser implicitement entendre que Tunis aurait ses entr\u00e9es aupr\u00e8s du Hamas.<\/p>\n<p>M\u00eame le discours fougueux du locataire de Carthage au sommet de la Ligue arabe de mai 2023, chantant \u00ab l\u2019oumma et la destin\u00e9e des peuples au risque du nouvel ordre mondial \u00bb, n\u2019a \u00e9t\u00e9 suivi d\u2019aucun travail d\u2019approfondissement ou de lobbying. Chantre autoproclam\u00e9 de la cause palestinienne, le pr\u00e9sident ne s\u2019est pas non plus rendu au sommet arabe pour la paix organis\u00e9 au Caire, le 21 octobre. Une bouderie politique, sans raisons apparentes, qui prive la Tunisie d\u2019une tribune qui lui aurait permis d\u2019\u00eatre une voix qui compte, d\u2019avoir un rang au regard d\u2019un ensemble de pays qui peinent \u00e0 s\u2019accorder sur le conflit actuel.<\/p>\n<p>Des occasions rat\u00e9es, des positions trop ambitieuses et un manque de souffle dans l\u2019art de la n\u00e9gociation \u00e9loignent chaque jour un peu plus la Tunisie des objectifs de leadership que s\u2019est fix\u00e9s son pr\u00e9sident. Mais a-t-elle les moyens de sa politique, avec de nombreux postes d\u2019ambassadeurs encore vacants et un froid diplomatique durable avec les pays africains et l\u2019UE ? \u00ab On est \u00e0 l\u2019oppos\u00e9 des ann\u00e9es 1960 o\u00f9 la Tunisie avait \u00e9t\u00e9 la premi\u00e8re \u00e0 f\u00e9liciter la Mauritanie et le Kowe\u00eft \u00e0 l\u2019occasion de leur ind\u00e9pendance. On est loin de la politique qui a port\u00e9 Mongi Slim \u00e0 la pr\u00e9sidence de l\u2019Assembl\u00e9e g\u00e9n\u00e9rale des Nations unies et de la position exemplaire qui a fait que la Tunisie a particip\u00e9 \u00e0 de nombreuses missions des Casques bleus. Il nous manque un cap \u00e0 notre mesure \u00bb, d\u00e9plore un ancien diplomate.<\/p>\n","protected":false},"excerpt":{"rendered":"<p>En pointe sur la d\u00e9fense des Palestiniens mais absente des \u00e9v\u00e9nements consacr\u00e9s \u00e0 la guerre \u00e0 Gaza, f\u00e2ch\u00e9e avec l\u2019Europe et une partie du continent, la diplomatie tunisienne semble parfois difficile \u00e0 suivre. Et ce, malgr\u00e9 les grandes ambitions affich\u00e9es en la mati\u00e8re par le pr\u00e9sident Ka\u00efs Sa\u00efed.<\/p>\n","protected":false},"author":12963,"featured_media":35297,"comment_status":"open","ping_status":"open","sticky":false,"template":"","format":"standard","meta":{"footnotes":""},"categories":[67,69],"tags":[81,78,82],"class_list":{"0":"post-35300","1":"post","2":"type-post","3":"status-publish","4":"format-standard","5":"has-post-thumbnail","7":"category-actualites","8":"category-politique","9":"tag-actualites","10":"tag-apie-project-2","11":"tag-politique"},"yoast_head":"<!-- This site is optimized with the Yoast SEO plugin v24.4 - https:\/\/yoast.com\/wordpress\/plugins\/seo\/ -->\n<title>En Tunisie, Une Diplomatie Sans Direction Claire Face A L Crise Palestinienne - APIE NEWS<\/title>\n<meta name=\"robots\" content=\"index, follow, max-snippet:-1, max-image-preview:large, max-video-preview:-1\" \/>\n<link rel=\"canonical\" href=\"https:\/\/appsaf.apieproject.com\/news\/fr\/2023\/11\/13\/en-tunisie-une-diplomatie-sans-direction-claire-face-a-l-crise-palestinienne\/\" \/>\n<meta property=\"og:locale\" content=\"fr_FR\" \/>\n<meta property=\"og:type\" content=\"article\" \/>\n<meta property=\"og:title\" content=\"En Tunisie, Une Diplomatie Sans Direction Claire Face A L Crise Palestinienne - APIE NEWS\" \/>\n<meta property=\"og:description\" content=\"En pointe sur la d\u00e9fense des Palestiniens mais absente des \u00e9v\u00e9nements consacr\u00e9s \u00e0 la guerre \u00e0 Gaza, f\u00e2ch\u00e9e avec l\u2019Europe et une partie du continent, la diplomatie tunisienne semble parfois difficile \u00e0 suivre. Et ce, malgr\u00e9 les grandes ambitions affich\u00e9es en la mati\u00e8re par le pr\u00e9sident Ka\u00efs Sa\u00efed.\" \/>\n<meta property=\"og:url\" content=\"https:\/\/appsaf.apieproject.com\/news\/fr\/2023\/11\/13\/en-tunisie-une-diplomatie-sans-direction-claire-face-a-l-crise-palestinienne\/\" \/>\n<meta property=\"og:site_name\" content=\"APIE NEWS\" \/>\n<meta property=\"article:publisher\" content=\"https:\/\/facebook.com\/apieproject\" \/>\n<meta property=\"article:published_time\" content=\"2023-11-13T16:53:15+00:00\" \/>\n<meta property=\"article:modified_time\" content=\"2023-11-13T16:53:17+00:00\" \/>\n<meta property=\"og:image\" content=\"https:\/\/appsaf.apieproject.com\/news\/wp-content\/uploads\/sites\/29\/2023\/11\/Capture-b38c496e9feda1f22571f4cfd073d0be.png\" \/>\n\t<meta property=\"og:image:width\" content=\"910\" \/>\n\t<meta property=\"og:image:height\" content=\"606\" \/>\n\t<meta property=\"og:image:type\" content=\"image\/png\" \/>\n<meta name=\"author\" content=\"staff\" \/>\n<meta name=\"twitter:card\" content=\"summary_large_image\" \/>\n<meta name=\"twitter:creator\" content=\"@apieproject\" \/>\n<meta name=\"twitter:site\" content=\"@apieproject\" \/>\n<meta name=\"twitter:label1\" content=\"\u00c9crit par\" \/>\n\t<meta name=\"twitter:data1\" content=\"staff\" \/>\n\t<meta name=\"twitter:label2\" content=\"Dur\u00e9e de lecture estim\u00e9e\" \/>\n\t<meta name=\"twitter:data2\" content=\"7 minutes\" \/>\n<script type=\"application\/ld+json\" class=\"yoast-schema-graph\">{\"@context\":\"https:\/\/schema.org\",\"@graph\":[{\"@type\":\"Article\",\"@id\":\"https:\/\/appsaf.apieproject.com\/news\/fr\/2023\/11\/13\/en-tunisie-une-diplomatie-sans-direction-claire-face-a-l-crise-palestinienne\/#article\",\"isPartOf\":{\"@id\":\"https:\/\/appsaf.apieproject.com\/news\/fr\/2023\/11\/13\/en-tunisie-une-diplomatie-sans-direction-claire-face-a-l-crise-palestinienne\/\"},\"author\":{\"name\":\"staff\",\"@id\":\"https:\/\/appsaf.apieproject.com\/news\/#\/schema\/person\/399517cac378948cd7b39086f9ddc2a7\"},\"headline\":\"En Tunisie, Une Diplomatie Sans Direction Claire Face A L Crise Palestinienne\",\"datePublished\":\"2023-11-13T16:53:15+00:00\",\"dateModified\":\"2023-11-13T16:53:17+00:00\",\"mainEntityOfPage\":{\"@id\":\"https:\/\/appsaf.apieproject.com\/news\/fr\/2023\/11\/13\/en-tunisie-une-diplomatie-sans-direction-claire-face-a-l-crise-palestinienne\/\"},\"wordCount\":1425,\"commentCount\":0,\"publisher\":{\"@id\":\"https:\/\/appsaf.apieproject.com\/news\/#organization\"},\"image\":{\"@id\":\"https:\/\/appsaf.apieproject.com\/news\/fr\/2023\/11\/13\/en-tunisie-une-diplomatie-sans-direction-claire-face-a-l-crise-palestinienne\/#primaryimage\"},\"thumbnailUrl\":\"https:\/\/appsaf.apieproject.com\/news\/wp-content\/uploads\/sites\/29\/2023\/11\/Capture-b38c496e9feda1f22571f4cfd073d0be.png\",\"keywords\":[\"actualites\",\"apie project\",\"politique\"],\"articleSection\":[\"Actualit\u00e9s\",\"Politique\"],\"inLanguage\":\"fr-FR\",\"potentialAction\":[{\"@type\":\"CommentAction\",\"name\":\"Comment\",\"target\":[\"https:\/\/appsaf.apieproject.com\/news\/fr\/2023\/11\/13\/en-tunisie-une-diplomatie-sans-direction-claire-face-a-l-crise-palestinienne\/#respond\"]}]},{\"@type\":\"WebPage\",\"@id\":\"https:\/\/appsaf.apieproject.com\/news\/fr\/2023\/11\/13\/en-tunisie-une-diplomatie-sans-direction-claire-face-a-l-crise-palestinienne\/\",\"url\":\"https:\/\/appsaf.apieproject.com\/news\/fr\/2023\/11\/13\/en-tunisie-une-diplomatie-sans-direction-claire-face-a-l-crise-palestinienne\/\",\"name\":\"En Tunisie, Une Diplomatie Sans Direction Claire Face A L Crise Palestinienne - APIE NEWS\",\"isPartOf\":{\"@id\":\"https:\/\/appsaf.apieproject.com\/news\/#website\"},\"primaryImageOfPage\":{\"@id\":\"https:\/\/appsaf.apieproject.com\/news\/fr\/2023\/11\/13\/en-tunisie-une-diplomatie-sans-direction-claire-face-a-l-crise-palestinienne\/#primaryimage\"},\"image\":{\"@id\":\"https:\/\/appsaf.apieproject.com\/news\/fr\/2023\/11\/13\/en-tunisie-une-diplomatie-sans-direction-claire-face-a-l-crise-palestinienne\/#primaryimage\"},\"thumbnailUrl\":\"https:\/\/appsaf.apieproject.com\/news\/wp-content\/uploads\/sites\/29\/2023\/11\/Capture-b38c496e9feda1f22571f4cfd073d0be.png\",\"datePublished\":\"2023-11-13T16:53:15+00:00\",\"dateModified\":\"2023-11-13T16:53:17+00:00\",\"breadcrumb\":{\"@id\":\"https:\/\/appsaf.apieproject.com\/news\/fr\/2023\/11\/13\/en-tunisie-une-diplomatie-sans-direction-claire-face-a-l-crise-palestinienne\/#breadcrumb\"},\"inLanguage\":\"fr-FR\",\"potentialAction\":[{\"@type\":\"ReadAction\",\"target\":[\"https:\/\/appsaf.apieproject.com\/news\/fr\/2023\/11\/13\/en-tunisie-une-diplomatie-sans-direction-claire-face-a-l-crise-palestinienne\/\"]}]},{\"@type\":\"ImageObject\",\"inLanguage\":\"fr-FR\",\"@id\":\"https:\/\/appsaf.apieproject.com\/news\/fr\/2023\/11\/13\/en-tunisie-une-diplomatie-sans-direction-claire-face-a-l-crise-palestinienne\/#primaryimage\",\"url\":\"https:\/\/appsaf.apieproject.com\/news\/wp-content\/uploads\/sites\/29\/2023\/11\/Capture-b38c496e9feda1f22571f4cfd073d0be.png\",\"contentUrl\":\"https:\/\/appsaf.apieproject.com\/news\/wp-content\/uploads\/sites\/29\/2023\/11\/Capture-b38c496e9feda1f22571f4cfd073d0be.png\",\"width\":910,\"height\":606},{\"@type\":\"BreadcrumbList\",\"@id\":\"https:\/\/appsaf.apieproject.com\/news\/fr\/2023\/11\/13\/en-tunisie-une-diplomatie-sans-direction-claire-face-a-l-crise-palestinienne\/#breadcrumb\",\"itemListElement\":[{\"@type\":\"ListItem\",\"position\":1,\"name\":\"Home\",\"item\":\"https:\/\/appsaf.apieproject.com\/news\/fr\/home\/\"},{\"@type\":\"ListItem\",\"position\":2,\"name\":\"En Tunisie, Une Diplomatie Sans Direction Claire Face A L Crise Palestinienne\"}]},{\"@type\":\"WebSite\",\"@id\":\"https:\/\/appsaf.apieproject.com\/news\/#website\",\"url\":\"https:\/\/appsaf.apieproject.com\/news\/\",\"name\":\"APIE NEWS\",\"description\":\"PANAFRICANISM NEWS PORTAL\",\"publisher\":{\"@id\":\"https:\/\/appsaf.apieproject.com\/news\/#organization\"},\"potentialAction\":[{\"@type\":\"SearchAction\",\"target\":{\"@type\":\"EntryPoint\",\"urlTemplate\":\"https:\/\/appsaf.apieproject.com\/news\/?s={search_term_string}\"},\"query-input\":{\"@type\":\"PropertyValueSpecification\",\"valueRequired\":true,\"valueName\":\"search_term_string\"}}],\"inLanguage\":\"fr-FR\"},{\"@type\":\"Organization\",\"@id\":\"https:\/\/appsaf.apieproject.com\/news\/#organization\",\"name\":\"APIE PROJECT\",\"url\":\"https:\/\/appsaf.apieproject.com\/news\/\",\"logo\":{\"@type\":\"ImageObject\",\"inLanguage\":\"fr-FR\",\"@id\":\"https:\/\/appsaf.apieproject.com\/news\/#\/schema\/logo\/image\/\",\"url\":\"https:\/\/appsaf.apieproject.com\/news\/wp-content\/uploads\/sites\/29\/2022\/07\/logo-R-TransparentBackground.png\",\"contentUrl\":\"https:\/\/appsaf.apieproject.com\/news\/wp-content\/uploads\/sites\/29\/2022\/07\/logo-R-TransparentBackground.png\",\"width\":512,\"height\":512,\"caption\":\"APIE PROJECT\"},\"image\":{\"@id\":\"https:\/\/appsaf.apieproject.com\/news\/#\/schema\/logo\/image\/\"},\"sameAs\":[\"https:\/\/facebook.com\/apieproject\",\"https:\/\/x.com\/apieproject\"]},{\"@type\":\"Person\",\"@id\":\"https:\/\/appsaf.apieproject.com\/news\/#\/schema\/person\/399517cac378948cd7b39086f9ddc2a7\",\"name\":\"staff\",\"image\":{\"@type\":\"ImageObject\",\"inLanguage\":\"fr-FR\",\"@id\":\"https:\/\/appsaf.apieproject.com\/news\/#\/schema\/person\/image\/\",\"url\":\"https:\/\/secure.gravatar.com\/avatar\/5386283c5db150efe261184bd59f072a?s=96&d=mm&r=g\",\"contentUrl\":\"https:\/\/secure.gravatar.com\/avatar\/5386283c5db150efe261184bd59f072a?s=96&d=mm&r=g\",\"caption\":\"staff\"},\"url\":\"https:\/\/appsaf.apieproject.com\/news\/fr\/author\/staff\/\"}]}<\/script>\n<!-- \/ Yoast SEO plugin. -->","yoast_head_json":{"title":"En Tunisie, Une Diplomatie Sans Direction Claire Face A L Crise Palestinienne - APIE NEWS","robots":{"index":"index","follow":"follow","max-snippet":"max-snippet:-1","max-image-preview":"max-image-preview:large","max-video-preview":"max-video-preview:-1"},"canonical":"https:\/\/appsaf.apieproject.com\/news\/fr\/2023\/11\/13\/en-tunisie-une-diplomatie-sans-direction-claire-face-a-l-crise-palestinienne\/","og_locale":"fr_FR","og_type":"article","og_title":"En Tunisie, Une Diplomatie Sans Direction Claire Face A L Crise Palestinienne - APIE NEWS","og_description":"En pointe sur la d\u00e9fense des Palestiniens mais absente des \u00e9v\u00e9nements consacr\u00e9s \u00e0 la guerre \u00e0 Gaza, f\u00e2ch\u00e9e avec l\u2019Europe et une partie du continent, la diplomatie tunisienne semble parfois difficile \u00e0 suivre. Et ce, malgr\u00e9 les grandes ambitions affich\u00e9es en la mati\u00e8re par le pr\u00e9sident Ka\u00efs Sa\u00efed.","og_url":"https:\/\/appsaf.apieproject.com\/news\/fr\/2023\/11\/13\/en-tunisie-une-diplomatie-sans-direction-claire-face-a-l-crise-palestinienne\/","og_site_name":"APIE NEWS","article_publisher":"https:\/\/facebook.com\/apieproject","article_published_time":"2023-11-13T16:53:15+00:00","article_modified_time":"2023-11-13T16:53:17+00:00","og_image":[{"width":910,"height":606,"url":"https:\/\/appsaf.apieproject.com\/news\/wp-content\/uploads\/sites\/29\/2023\/11\/Capture-b38c496e9feda1f22571f4cfd073d0be.png","type":"image\/png"}],"author":"staff","twitter_card":"summary_large_image","twitter_creator":"@apieproject","twitter_site":"@apieproject","twitter_misc":{"\u00c9crit par":"staff","Dur\u00e9e de lecture estim\u00e9e":"7 minutes"},"schema":{"@context":"https:\/\/schema.org","@graph":[{"@type":"Article","@id":"https:\/\/appsaf.apieproject.com\/news\/fr\/2023\/11\/13\/en-tunisie-une-diplomatie-sans-direction-claire-face-a-l-crise-palestinienne\/#article","isPartOf":{"@id":"https:\/\/appsaf.apieproject.com\/news\/fr\/2023\/11\/13\/en-tunisie-une-diplomatie-sans-direction-claire-face-a-l-crise-palestinienne\/"},"author":{"name":"staff","@id":"https:\/\/appsaf.apieproject.com\/news\/#\/schema\/person\/399517cac378948cd7b39086f9ddc2a7"},"headline":"En Tunisie, Une Diplomatie Sans Direction Claire Face A L Crise Palestinienne","datePublished":"2023-11-13T16:53:15+00:00","dateModified":"2023-11-13T16:53:17+00:00","mainEntityOfPage":{"@id":"https:\/\/appsaf.apieproject.com\/news\/fr\/2023\/11\/13\/en-tunisie-une-diplomatie-sans-direction-claire-face-a-l-crise-palestinienne\/"},"wordCount":1425,"commentCount":0,"publisher":{"@id":"https:\/\/appsaf.apieproject.com\/news\/#organization"},"image":{"@id":"https:\/\/appsaf.apieproject.com\/news\/fr\/2023\/11\/13\/en-tunisie-une-diplomatie-sans-direction-claire-face-a-l-crise-palestinienne\/#primaryimage"},"thumbnailUrl":"https:\/\/appsaf.apieproject.com\/news\/wp-content\/uploads\/sites\/29\/2023\/11\/Capture-b38c496e9feda1f22571f4cfd073d0be.png","keywords":["actualites","apie project","politique"],"articleSection":["Actualit\u00e9s","Politique"],"inLanguage":"fr-FR","potentialAction":[{"@type":"CommentAction","name":"Comment","target":["https:\/\/appsaf.apieproject.com\/news\/fr\/2023\/11\/13\/en-tunisie-une-diplomatie-sans-direction-claire-face-a-l-crise-palestinienne\/#respond"]}]},{"@type":"WebPage","@id":"https:\/\/appsaf.apieproject.com\/news\/fr\/2023\/11\/13\/en-tunisie-une-diplomatie-sans-direction-claire-face-a-l-crise-palestinienne\/","url":"https:\/\/appsaf.apieproject.com\/news\/fr\/2023\/11\/13\/en-tunisie-une-diplomatie-sans-direction-claire-face-a-l-crise-palestinienne\/","name":"En Tunisie, Une Diplomatie Sans Direction Claire Face A L Crise Palestinienne - APIE NEWS","isPartOf":{"@id":"https:\/\/appsaf.apieproject.com\/news\/#website"},"primaryImageOfPage":{"@id":"https:\/\/appsaf.apieproject.com\/news\/fr\/2023\/11\/13\/en-tunisie-une-diplomatie-sans-direction-claire-face-a-l-crise-palestinienne\/#primaryimage"},"image":{"@id":"https:\/\/appsaf.apieproject.com\/news\/fr\/2023\/11\/13\/en-tunisie-une-diplomatie-sans-direction-claire-face-a-l-crise-palestinienne\/#primaryimage"},"thumbnailUrl":"https:\/\/appsaf.apieproject.com\/news\/wp-content\/uploads\/sites\/29\/2023\/11\/Capture-b38c496e9feda1f22571f4cfd073d0be.png","datePublished":"2023-11-13T16:53:15+00:00","dateModified":"2023-11-13T16:53:17+00:00","breadcrumb":{"@id":"https:\/\/appsaf.apieproject.com\/news\/fr\/2023\/11\/13\/en-tunisie-une-diplomatie-sans-direction-claire-face-a-l-crise-palestinienne\/#breadcrumb"},"inLanguage":"fr-FR","potentialAction":[{"@type":"ReadAction","target":["https:\/\/appsaf.apieproject.com\/news\/fr\/2023\/11\/13\/en-tunisie-une-diplomatie-sans-direction-claire-face-a-l-crise-palestinienne\/"]}]},{"@type":"ImageObject","inLanguage":"fr-FR","@id":"https:\/\/appsaf.apieproject.com\/news\/fr\/2023\/11\/13\/en-tunisie-une-diplomatie-sans-direction-claire-face-a-l-crise-palestinienne\/#primaryimage","url":"https:\/\/appsaf.apieproject.com\/news\/wp-content\/uploads\/sites\/29\/2023\/11\/Capture-b38c496e9feda1f22571f4cfd073d0be.png","contentUrl":"https:\/\/appsaf.apieproject.com\/news\/wp-content\/uploads\/sites\/29\/2023\/11\/Capture-b38c496e9feda1f22571f4cfd073d0be.png","width":910,"height":606},{"@type":"BreadcrumbList","@id":"https:\/\/appsaf.apieproject.com\/news\/fr\/2023\/11\/13\/en-tunisie-une-diplomatie-sans-direction-claire-face-a-l-crise-palestinienne\/#breadcrumb","itemListElement":[{"@type":"ListItem","position":1,"name":"Home","item":"https:\/\/appsaf.apieproject.com\/news\/fr\/home\/"},{"@type":"ListItem","position":2,"name":"En Tunisie, Une Diplomatie Sans Direction Claire Face A L Crise Palestinienne"}]},{"@type":"WebSite","@id":"https:\/\/appsaf.apieproject.com\/news\/#website","url":"https:\/\/appsaf.apieproject.com\/news\/","name":"APIE NEWS","description":"PANAFRICANISM NEWS PORTAL","publisher":{"@id":"https:\/\/appsaf.apieproject.com\/news\/#organization"},"potentialAction":[{"@type":"SearchAction","target":{"@type":"EntryPoint","urlTemplate":"https:\/\/appsaf.apieproject.com\/news\/?s={search_term_string}"},"query-input":{"@type":"PropertyValueSpecification","valueRequired":true,"valueName":"search_term_string"}}],"inLanguage":"fr-FR"},{"@type":"Organization","@id":"https:\/\/appsaf.apieproject.com\/news\/#organization","name":"APIE PROJECT","url":"https:\/\/appsaf.apieproject.com\/news\/","logo":{"@type":"ImageObject","inLanguage":"fr-FR","@id":"https:\/\/appsaf.apieproject.com\/news\/#\/schema\/logo\/image\/","url":"https:\/\/appsaf.apieproject.com\/news\/wp-content\/uploads\/sites\/29\/2022\/07\/logo-R-TransparentBackground.png","contentUrl":"https:\/\/appsaf.apieproject.com\/news\/wp-content\/uploads\/sites\/29\/2022\/07\/logo-R-TransparentBackground.png","width":512,"height":512,"caption":"APIE PROJECT"},"image":{"@id":"https:\/\/appsaf.apieproject.com\/news\/#\/schema\/logo\/image\/"},"sameAs":["https:\/\/facebook.com\/apieproject","https:\/\/x.com\/apieproject"]},{"@type":"Person","@id":"https:\/\/appsaf.apieproject.com\/news\/#\/schema\/person\/399517cac378948cd7b39086f9ddc2a7","name":"staff","image":{"@type":"ImageObject","inLanguage":"fr-FR","@id":"https:\/\/appsaf.apieproject.com\/news\/#\/schema\/person\/image\/","url":"https:\/\/secure.gravatar.com\/avatar\/5386283c5db150efe261184bd59f072a?s=96&d=mm&r=g","contentUrl":"https:\/\/secure.gravatar.com\/avatar\/5386283c5db150efe261184bd59f072a?s=96&d=mm&r=g","caption":"staff"},"url":"https:\/\/appsaf.apieproject.com\/news\/fr\/author\/staff\/"}]}},"_links":{"self":[{"href":"https:\/\/appsaf.apieproject.com\/news\/fr\/wp-json\/wp\/v2\/posts\/35300","targetHints":{"allow":["GET"]}}],"collection":[{"href":"https:\/\/appsaf.apieproject.com\/news\/fr\/wp-json\/wp\/v2\/posts"}],"about":[{"href":"https:\/\/appsaf.apieproject.com\/news\/fr\/wp-json\/wp\/v2\/types\/post"}],"author":[{"embeddable":true,"href":"https:\/\/appsaf.apieproject.com\/news\/fr\/wp-json\/wp\/v2\/users\/12963"}],"replies":[{"embeddable":true,"href":"https:\/\/appsaf.apieproject.com\/news\/fr\/wp-json\/wp\/v2\/comments?post=35300"}],"version-history":[{"count":1,"href":"https:\/\/appsaf.apieproject.com\/news\/fr\/wp-json\/wp\/v2\/posts\/35300\/revisions"}],"predecessor-version":[{"id":35794,"href":"https:\/\/appsaf.apieproject.com\/news\/fr\/wp-json\/wp\/v2\/posts\/35300\/revisions\/35794"}],"wp:featuredmedia":[{"embeddable":true,"href":"https:\/\/appsaf.apieproject.com\/news\/fr\/wp-json\/wp\/v2\/media\/35297"}],"wp:attachment":[{"href":"https:\/\/appsaf.apieproject.com\/news\/fr\/wp-json\/wp\/v2\/media?parent=35300"}],"wp:term":[{"taxonomy":"category","embeddable":true,"href":"https:\/\/appsaf.apieproject.com\/news\/fr\/wp-json\/wp\/v2\/categories?post=35300"},{"taxonomy":"post_tag","embeddable":true,"href":"https:\/\/appsaf.apieproject.com\/news\/fr\/wp-json\/wp\/v2\/tags?post=35300"}],"curies":[{"name":"wp","href":"https:\/\/api.w.org\/{rel}","templated":true}]}}