{"id":35316,"date":"2023-11-13T17:00:53","date_gmt":"2023-11-13T17:00:53","guid":{"rendered":"https:\/\/appsaf.apieproject.com\/news\/?p=35316"},"modified":"2023-11-13T17:00:55","modified_gmt":"2023-11-13T17:00:55","slug":"ucad-un-colloque-rend-hommage-a-lilyan-kesteloot-specialiste-de-la-litterature-negro-africaine","status":"publish","type":"post","link":"https:\/\/appsaf.apieproject.com\/news\/fr\/2023\/11\/13\/ucad-un-colloque-rend-hommage-a-lilyan-kesteloot-specialiste-de-la-litterature-negro-africaine\/","title":{"rendered":"UCAD: Un Colloque Rend Hommage A Lilyan Kesteloot, Sp\u00e9cialiste De La Litt\u00e9rature N\u00e9gro-africaine"},"content":{"rendered":"<p>Longtemps directrice de recherches \u00e0 l\u2019Institut fondamental d\u2019Afrique noire de l\u2019universit\u00e9 Cheikh Anta Diop de Dakar (IFAN-CAD), l\u2019universitaire d\u2019origine belge d\u00e9c\u00e9d\u00e9 en 2018, \u00e0 Paris, a \u00e9t\u00e9 c\u00e9l\u00e9br\u00e9e lors d\u2019un colloque international de quatre jours qui d\u00e9marre ce mercredi \u00e0 l\u2019UCAD sous le th\u00e8me principal : \u00ab Litt\u00e9ratures africaines et \u00e9cologiques \u00bb.<\/p>\n<p>\u00ab Nous la c\u00e9l\u00e9brons, parce que c\u2019est une belge qui est n\u00e9e au Congo et a v\u00e9cu en Afrique et surtout ici au S\u00e9n\u00e9gal. Nous la c\u00e9l\u00e9brons aussi parce qu\u2019elle est la s\u00e8ve nourrici\u00e8re de la litt\u00e9rature africaine \u00bb, a dit le pr\u00e9sident du comit\u00e9 scientifique de ce colloque, Mamadou Ba.<\/p>\n<p>Professeur de litt\u00e9rature africaine \u00e0 l\u2019UCAD, il a mis en exergue la contribution de Lilyan Kesteloot dans \u00ab la formation et l\u2019encadrement \u00bb de beaucoup d\u2019universitaires s\u00e9n\u00e9galais et africains, en dirigeant des travaux de th\u00e8se et de m\u00e9moires de maitrise.<\/p>\n<p>\u00ab Elle nous a nourri par son savoir, par sa culture et a relu les manuscrits de beaucoup d\u2019\u00e9crivains, artistes s\u00e9n\u00e9galais et africains \u00bb, a rappel\u00e9 M. Ba<\/p>\n<p>\u00ab Lilyan Kesteloot a \u00e9t\u00e9 le professeur de tous ceux qui, en Afrique et dans le monde, ont \u00e9tudi\u00e9 la litt\u00e9rature africaine \u00e9crite et orale, en classe ou dans les livres \u00bb, a relev\u00e9 l\u2019homme de lettres Abdoulaye Racine Senghor, par ailleurs PCA du Mus\u00e9e des civilisations noires.<\/p>\n<p>Venu repr\u00e9senter le ministre de la culture et du patrimoine historique, il a parl\u00e9 d\u2019une \u00ab belge d\u2019origine qui est devenue et rest\u00e9e (\u2026) une africaine attachante, passionn\u00e9e et pertinente \u00bb.<\/p>\n<p>\u00ab Je retiens de la vie de Mme Lilyan Kesteloot un amour immod\u00e9r\u00e9 pour l\u2019Afrique \u00bb, a t\u00e9moign\u00e9 Jean Fran\u00e7ois Pakula, le d\u00e9l\u00e9gu\u00e9 g\u00e9n\u00e9ral de Wallonie Bruxelles \u00e0 Dakar.<\/p>\n<p>Il a salu\u00e9 l\u2019\u0153uvre d\u2019une dame \u00ab curieuse et passionn\u00e9e \u00bb, \u00ab exemplaire et rigoureuse \u00bb, une scientifique de renom qui \u00ab s\u2019est beaucoup int\u00e9ress\u00e9e aux cultures africaines \u00bb (orale et \u00e9crite)<\/p>\n","protected":false},"excerpt":{"rendered":"<p>Des personnalit\u00e9s universitaires, acad\u00e9miques et artistiques, d\u2019anciens \u00e9tudiants et coll\u00e8gues, ont rendu hommage, mercredi, \u00e0 Dakar, \u00e0 la professeure Lilyan Kesteloot, sp\u00e9cialiste reconnue de la litt\u00e9rature n\u00e9gro-africaine, a constat\u00e9 l\u2019APS.<\/p>\n","protected":false},"author":12963,"featured_media":35313,"comment_status":"open","ping_status":"open","sticky":false,"template":"","format":"standard","meta":{"footnotes":""},"categories":[67,53],"tags":[81,78,87],"class_list":{"0":"post-35316","1":"post","2":"type-post","3":"status-publish","4":"format-standard","5":"has-post-thumbnail","7":"category-actualites","8":"category-culture-fr","9":"tag-actualites","10":"tag-apie-project-2","11":"tag-culture-2"},"yoast_head":"<!-- This site is optimized with the Yoast SEO plugin v24.4 - https:\/\/yoast.com\/wordpress\/plugins\/seo\/ -->\n<title>UCAD: Un Colloque Rend Hommage A Lilyan Kesteloot, Sp\u00e9cialiste De La Litt\u00e9rature N\u00e9gro-africaine - APIE NEWS<\/title>\n<meta name=\"robots\" content=\"index, follow, max-snippet:-1, max-image-preview:large, max-video-preview:-1\" \/>\n<link rel=\"canonical\" href=\"https:\/\/appsaf.apieproject.com\/news\/fr\/2023\/11\/13\/ucad-un-colloque-rend-hommage-a-lilyan-kesteloot-specialiste-de-la-litterature-negro-africaine\/\" \/>\n<meta property=\"og:locale\" content=\"fr_FR\" \/>\n<meta property=\"og:type\" content=\"article\" \/>\n<meta property=\"og:title\" content=\"UCAD: Un Colloque Rend Hommage A Lilyan Kesteloot, Sp\u00e9cialiste De La Litt\u00e9rature N\u00e9gro-africaine - APIE NEWS\" \/>\n<meta property=\"og:description\" content=\"Des personnalit\u00e9s universitaires, acad\u00e9miques et artistiques, d\u2019anciens \u00e9tudiants et coll\u00e8gues, ont rendu hommage, mercredi, \u00e0 Dakar, \u00e0 la professeure Lilyan Kesteloot, sp\u00e9cialiste reconnue de la litt\u00e9rature n\u00e9gro-africaine, a constat\u00e9 l\u2019APS.\" \/>\n<meta property=\"og:url\" content=\"https:\/\/appsaf.apieproject.com\/news\/fr\/2023\/11\/13\/ucad-un-colloque-rend-hommage-a-lilyan-kesteloot-specialiste-de-la-litterature-negro-africaine\/\" \/>\n<meta property=\"og:site_name\" content=\"APIE NEWS\" \/>\n<meta property=\"article:publisher\" content=\"https:\/\/facebook.com\/apieproject\" \/>\n<meta property=\"article:published_time\" content=\"2023-11-13T17:00:53+00:00\" \/>\n<meta property=\"article:modified_time\" content=\"2023-11-13T17:00:55+00:00\" \/>\n<meta property=\"og:image\" content=\"https:\/\/appsaf.apieproject.com\/news\/wp-content\/uploads\/sites\/29\/2023\/11\/xUCADColloqueHommageLilyanKestelootSpecialisteLitteratureNegroAfricaine-850x491.jpg.pagespeed.ic_.C8Svjs8sjH-307d5fc16c511866a6c5de20ad8da19a.jpg\" \/>\n\t<meta property=\"og:image:width\" content=\"850\" \/>\n\t<meta property=\"og:image:height\" content=\"491\" \/>\n\t<meta property=\"og:image:type\" content=\"image\/jpeg\" \/>\n<meta name=\"author\" content=\"staff\" \/>\n<meta name=\"twitter:card\" content=\"summary_large_image\" \/>\n<meta name=\"twitter:creator\" content=\"@apieproject\" \/>\n<meta name=\"twitter:site\" content=\"@apieproject\" \/>\n<meta name=\"twitter:label1\" content=\"\u00c9crit par\" \/>\n\t<meta name=\"twitter:data1\" content=\"staff\" \/>\n\t<meta name=\"twitter:label2\" content=\"Dur\u00e9e de lecture estim\u00e9e\" \/>\n\t<meta name=\"twitter:data2\" content=\"2 minutes\" \/>\n<script type=\"application\/ld+json\" class=\"yoast-schema-graph\">{\"@context\":\"https:\/\/schema.org\",\"@graph\":[{\"@type\":\"Article\",\"@id\":\"https:\/\/appsaf.apieproject.com\/news\/fr\/2023\/11\/13\/ucad-un-colloque-rend-hommage-a-lilyan-kesteloot-specialiste-de-la-litterature-negro-africaine\/#article\",\"isPartOf\":{\"@id\":\"https:\/\/appsaf.apieproject.com\/news\/fr\/2023\/11\/13\/ucad-un-colloque-rend-hommage-a-lilyan-kesteloot-specialiste-de-la-litterature-negro-africaine\/\"},\"author\":{\"name\":\"staff\",\"@id\":\"https:\/\/appsaf.apieproject.com\/news\/#\/schema\/person\/399517cac378948cd7b39086f9ddc2a7\"},\"headline\":\"UCAD: Un Colloque Rend Hommage A Lilyan Kesteloot, Sp\u00e9cialiste De La Litt\u00e9rature N\u00e9gro-africaine\",\"datePublished\":\"2023-11-13T17:00:53+00:00\",\"dateModified\":\"2023-11-13T17:00:55+00:00\",\"mainEntityOfPage\":{\"@id\":\"https:\/\/appsaf.apieproject.com\/news\/fr\/2023\/11\/13\/ucad-un-colloque-rend-hommage-a-lilyan-kesteloot-specialiste-de-la-litterature-negro-africaine\/\"},\"wordCount\":361,\"commentCount\":0,\"publisher\":{\"@id\":\"https:\/\/appsaf.apieproject.com\/news\/#organization\"},\"image\":{\"@id\":\"https:\/\/appsaf.apieproject.com\/news\/fr\/2023\/11\/13\/ucad-un-colloque-rend-hommage-a-lilyan-kesteloot-specialiste-de-la-litterature-negro-africaine\/#primaryimage\"},\"thumbnailUrl\":\"https:\/\/appsaf.apieproject.com\/news\/wp-content\/uploads\/sites\/29\/2023\/11\/xUCADColloqueHommageLilyanKestelootSpecialisteLitteratureNegroAfricaine-850x491.jpg.pagespeed.ic_.C8Svjs8sjH-307d5fc16c511866a6c5de20ad8da19a.jpg\",\"keywords\":[\"actualites\",\"apie project\",\"culture\"],\"articleSection\":[\"Actualit\u00e9s\",\"Culture\"],\"inLanguage\":\"fr-FR\",\"potentialAction\":[{\"@type\":\"CommentAction\",\"name\":\"Comment\",\"target\":[\"https:\/\/appsaf.apieproject.com\/news\/fr\/2023\/11\/13\/ucad-un-colloque-rend-hommage-a-lilyan-kesteloot-specialiste-de-la-litterature-negro-africaine\/#respond\"]}]},{\"@type\":\"WebPage\",\"@id\":\"https:\/\/appsaf.apieproject.com\/news\/fr\/2023\/11\/13\/ucad-un-colloque-rend-hommage-a-lilyan-kesteloot-specialiste-de-la-litterature-negro-africaine\/\",\"url\":\"https:\/\/appsaf.apieproject.com\/news\/fr\/2023\/11\/13\/ucad-un-colloque-rend-hommage-a-lilyan-kesteloot-specialiste-de-la-litterature-negro-africaine\/\",\"name\":\"UCAD: Un Colloque Rend Hommage A Lilyan Kesteloot, Sp\u00e9cialiste De La Litt\u00e9rature N\u00e9gro-africaine - APIE NEWS\",\"isPartOf\":{\"@id\":\"https:\/\/appsaf.apieproject.com\/news\/#website\"},\"primaryImageOfPage\":{\"@id\":\"https:\/\/appsaf.apieproject.com\/news\/fr\/2023\/11\/13\/ucad-un-colloque-rend-hommage-a-lilyan-kesteloot-specialiste-de-la-litterature-negro-africaine\/#primaryimage\"},\"image\":{\"@id\":\"https:\/\/appsaf.apieproject.com\/news\/fr\/2023\/11\/13\/ucad-un-colloque-rend-hommage-a-lilyan-kesteloot-specialiste-de-la-litterature-negro-africaine\/#primaryimage\"},\"thumbnailUrl\":\"https:\/\/appsaf.apieproject.com\/news\/wp-content\/uploads\/sites\/29\/2023\/11\/xUCADColloqueHommageLilyanKestelootSpecialisteLitteratureNegroAfricaine-850x491.jpg.pagespeed.ic_.C8Svjs8sjH-307d5fc16c511866a6c5de20ad8da19a.jpg\",\"datePublished\":\"2023-11-13T17:00:53+00:00\",\"dateModified\":\"2023-11-13T17:00:55+00:00\",\"breadcrumb\":{\"@id\":\"https:\/\/appsaf.apieproject.com\/news\/fr\/2023\/11\/13\/ucad-un-colloque-rend-hommage-a-lilyan-kesteloot-specialiste-de-la-litterature-negro-africaine\/#breadcrumb\"},\"inLanguage\":\"fr-FR\",\"potentialAction\":[{\"@type\":\"ReadAction\",\"target\":[\"https:\/\/appsaf.apieproject.com\/news\/fr\/2023\/11\/13\/ucad-un-colloque-rend-hommage-a-lilyan-kesteloot-specialiste-de-la-litterature-negro-africaine\/\"]}]},{\"@type\":\"ImageObject\",\"inLanguage\":\"fr-FR\",\"@id\":\"https:\/\/appsaf.apieproject.com\/news\/fr\/2023\/11\/13\/ucad-un-colloque-rend-hommage-a-lilyan-kesteloot-specialiste-de-la-litterature-negro-africaine\/#primaryimage\",\"url\":\"https:\/\/appsaf.apieproject.com\/news\/wp-content\/uploads\/sites\/29\/2023\/11\/xUCADColloqueHommageLilyanKestelootSpecialisteLitteratureNegroAfricaine-850x491.jpg.pagespeed.ic_.C8Svjs8sjH-307d5fc16c511866a6c5de20ad8da19a.jpg\",\"contentUrl\":\"https:\/\/appsaf.apieproject.com\/news\/wp-content\/uploads\/sites\/29\/2023\/11\/xUCADColloqueHommageLilyanKestelootSpecialisteLitteratureNegroAfricaine-850x491.jpg.pagespeed.ic_.C8Svjs8sjH-307d5fc16c511866a6c5de20ad8da19a.jpg\",\"width\":850,\"height\":491},{\"@type\":\"BreadcrumbList\",\"@id\":\"https:\/\/appsaf.apieproject.com\/news\/fr\/2023\/11\/13\/ucad-un-colloque-rend-hommage-a-lilyan-kesteloot-specialiste-de-la-litterature-negro-africaine\/#breadcrumb\",\"itemListElement\":[{\"@type\":\"ListItem\",\"position\":1,\"name\":\"Home\",\"item\":\"https:\/\/appsaf.apieproject.com\/news\/fr\/home\/\"},{\"@type\":\"ListItem\",\"position\":2,\"name\":\"UCAD: Un Colloque Rend Hommage A Lilyan Kesteloot, Sp\u00e9cialiste De La Litt\u00e9rature N\u00e9gro-africaine\"}]},{\"@type\":\"WebSite\",\"@id\":\"https:\/\/appsaf.apieproject.com\/news\/#website\",\"url\":\"https:\/\/appsaf.apieproject.com\/news\/\",\"name\":\"APIE NEWS\",\"description\":\"PANAFRICANISM NEWS PORTAL\",\"publisher\":{\"@id\":\"https:\/\/appsaf.apieproject.com\/news\/#organization\"},\"potentialAction\":[{\"@type\":\"SearchAction\",\"target\":{\"@type\":\"EntryPoint\",\"urlTemplate\":\"https:\/\/appsaf.apieproject.com\/news\/?s={search_term_string}\"},\"query-input\":{\"@type\":\"PropertyValueSpecification\",\"valueRequired\":true,\"valueName\":\"search_term_string\"}}],\"inLanguage\":\"fr-FR\"},{\"@type\":\"Organization\",\"@id\":\"https:\/\/appsaf.apieproject.com\/news\/#organization\",\"name\":\"APIE PROJECT\",\"url\":\"https:\/\/appsaf.apieproject.com\/news\/\",\"logo\":{\"@type\":\"ImageObject\",\"inLanguage\":\"fr-FR\",\"@id\":\"https:\/\/appsaf.apieproject.com\/news\/#\/schema\/logo\/image\/\",\"url\":\"https:\/\/appsaf.apieproject.com\/news\/wp-content\/uploads\/sites\/29\/2022\/07\/logo-R-TransparentBackground.png\",\"contentUrl\":\"https:\/\/appsaf.apieproject.com\/news\/wp-content\/uploads\/sites\/29\/2022\/07\/logo-R-TransparentBackground.png\",\"width\":512,\"height\":512,\"caption\":\"APIE PROJECT\"},\"image\":{\"@id\":\"https:\/\/appsaf.apieproject.com\/news\/#\/schema\/logo\/image\/\"},\"sameAs\":[\"https:\/\/facebook.com\/apieproject\",\"https:\/\/x.com\/apieproject\"]},{\"@type\":\"Person\",\"@id\":\"https:\/\/appsaf.apieproject.com\/news\/#\/schema\/person\/399517cac378948cd7b39086f9ddc2a7\",\"name\":\"staff\",\"image\":{\"@type\":\"ImageObject\",\"inLanguage\":\"fr-FR\",\"@id\":\"https:\/\/appsaf.apieproject.com\/news\/#\/schema\/person\/image\/\",\"url\":\"https:\/\/secure.gravatar.com\/avatar\/5386283c5db150efe261184bd59f072a?s=96&d=mm&r=g\",\"contentUrl\":\"https:\/\/secure.gravatar.com\/avatar\/5386283c5db150efe261184bd59f072a?s=96&d=mm&r=g\",\"caption\":\"staff\"},\"url\":\"https:\/\/appsaf.apieproject.com\/news\/fr\/author\/staff\/\"}]}<\/script>\n<!-- \/ Yoast SEO plugin. -->","yoast_head_json":{"title":"UCAD: Un Colloque Rend Hommage A Lilyan Kesteloot, Sp\u00e9cialiste De La Litt\u00e9rature N\u00e9gro-africaine - APIE NEWS","robots":{"index":"index","follow":"follow","max-snippet":"max-snippet:-1","max-image-preview":"max-image-preview:large","max-video-preview":"max-video-preview:-1"},"canonical":"https:\/\/appsaf.apieproject.com\/news\/fr\/2023\/11\/13\/ucad-un-colloque-rend-hommage-a-lilyan-kesteloot-specialiste-de-la-litterature-negro-africaine\/","og_locale":"fr_FR","og_type":"article","og_title":"UCAD: Un Colloque Rend Hommage A Lilyan Kesteloot, Sp\u00e9cialiste De La Litt\u00e9rature N\u00e9gro-africaine - APIE NEWS","og_description":"Des personnalit\u00e9s universitaires, acad\u00e9miques et artistiques, d\u2019anciens \u00e9tudiants et coll\u00e8gues, ont rendu hommage, mercredi, \u00e0 Dakar, \u00e0 la professeure Lilyan Kesteloot, sp\u00e9cialiste reconnue de la litt\u00e9rature n\u00e9gro-africaine, a constat\u00e9 l\u2019APS.","og_url":"https:\/\/appsaf.apieproject.com\/news\/fr\/2023\/11\/13\/ucad-un-colloque-rend-hommage-a-lilyan-kesteloot-specialiste-de-la-litterature-negro-africaine\/","og_site_name":"APIE NEWS","article_publisher":"https:\/\/facebook.com\/apieproject","article_published_time":"2023-11-13T17:00:53+00:00","article_modified_time":"2023-11-13T17:00:55+00:00","og_image":[{"width":850,"height":491,"url":"https:\/\/appsaf.apieproject.com\/news\/wp-content\/uploads\/sites\/29\/2023\/11\/xUCADColloqueHommageLilyanKestelootSpecialisteLitteratureNegroAfricaine-850x491.jpg.pagespeed.ic_.C8Svjs8sjH-307d5fc16c511866a6c5de20ad8da19a.jpg","type":"image\/jpeg"}],"author":"staff","twitter_card":"summary_large_image","twitter_creator":"@apieproject","twitter_site":"@apieproject","twitter_misc":{"\u00c9crit par":"staff","Dur\u00e9e de lecture estim\u00e9e":"2 minutes"},"schema":{"@context":"https:\/\/schema.org","@graph":[{"@type":"Article","@id":"https:\/\/appsaf.apieproject.com\/news\/fr\/2023\/11\/13\/ucad-un-colloque-rend-hommage-a-lilyan-kesteloot-specialiste-de-la-litterature-negro-africaine\/#article","isPartOf":{"@id":"https:\/\/appsaf.apieproject.com\/news\/fr\/2023\/11\/13\/ucad-un-colloque-rend-hommage-a-lilyan-kesteloot-specialiste-de-la-litterature-negro-africaine\/"},"author":{"name":"staff","@id":"https:\/\/appsaf.apieproject.com\/news\/#\/schema\/person\/399517cac378948cd7b39086f9ddc2a7"},"headline":"UCAD: Un Colloque Rend Hommage A Lilyan Kesteloot, Sp\u00e9cialiste De La Litt\u00e9rature N\u00e9gro-africaine","datePublished":"2023-11-13T17:00:53+00:00","dateModified":"2023-11-13T17:00:55+00:00","mainEntityOfPage":{"@id":"https:\/\/appsaf.apieproject.com\/news\/fr\/2023\/11\/13\/ucad-un-colloque-rend-hommage-a-lilyan-kesteloot-specialiste-de-la-litterature-negro-africaine\/"},"wordCount":361,"commentCount":0,"publisher":{"@id":"https:\/\/appsaf.apieproject.com\/news\/#organization"},"image":{"@id":"https:\/\/appsaf.apieproject.com\/news\/fr\/2023\/11\/13\/ucad-un-colloque-rend-hommage-a-lilyan-kesteloot-specialiste-de-la-litterature-negro-africaine\/#primaryimage"},"thumbnailUrl":"https:\/\/appsaf.apieproject.com\/news\/wp-content\/uploads\/sites\/29\/2023\/11\/xUCADColloqueHommageLilyanKestelootSpecialisteLitteratureNegroAfricaine-850x491.jpg.pagespeed.ic_.C8Svjs8sjH-307d5fc16c511866a6c5de20ad8da19a.jpg","keywords":["actualites","apie project","culture"],"articleSection":["Actualit\u00e9s","Culture"],"inLanguage":"fr-FR","potentialAction":[{"@type":"CommentAction","name":"Comment","target":["https:\/\/appsaf.apieproject.com\/news\/fr\/2023\/11\/13\/ucad-un-colloque-rend-hommage-a-lilyan-kesteloot-specialiste-de-la-litterature-negro-africaine\/#respond"]}]},{"@type":"WebPage","@id":"https:\/\/appsaf.apieproject.com\/news\/fr\/2023\/11\/13\/ucad-un-colloque-rend-hommage-a-lilyan-kesteloot-specialiste-de-la-litterature-negro-africaine\/","url":"https:\/\/appsaf.apieproject.com\/news\/fr\/2023\/11\/13\/ucad-un-colloque-rend-hommage-a-lilyan-kesteloot-specialiste-de-la-litterature-negro-africaine\/","name":"UCAD: Un Colloque Rend Hommage A Lilyan Kesteloot, Sp\u00e9cialiste De La Litt\u00e9rature N\u00e9gro-africaine - APIE NEWS","isPartOf":{"@id":"https:\/\/appsaf.apieproject.com\/news\/#website"},"primaryImageOfPage":{"@id":"https:\/\/appsaf.apieproject.com\/news\/fr\/2023\/11\/13\/ucad-un-colloque-rend-hommage-a-lilyan-kesteloot-specialiste-de-la-litterature-negro-africaine\/#primaryimage"},"image":{"@id":"https:\/\/appsaf.apieproject.com\/news\/fr\/2023\/11\/13\/ucad-un-colloque-rend-hommage-a-lilyan-kesteloot-specialiste-de-la-litterature-negro-africaine\/#primaryimage"},"thumbnailUrl":"https:\/\/appsaf.apieproject.com\/news\/wp-content\/uploads\/sites\/29\/2023\/11\/xUCADColloqueHommageLilyanKestelootSpecialisteLitteratureNegroAfricaine-850x491.jpg.pagespeed.ic_.C8Svjs8sjH-307d5fc16c511866a6c5de20ad8da19a.jpg","datePublished":"2023-11-13T17:00:53+00:00","dateModified":"2023-11-13T17:00:55+00:00","breadcrumb":{"@id":"https:\/\/appsaf.apieproject.com\/news\/fr\/2023\/11\/13\/ucad-un-colloque-rend-hommage-a-lilyan-kesteloot-specialiste-de-la-litterature-negro-africaine\/#breadcrumb"},"inLanguage":"fr-FR","potentialAction":[{"@type":"ReadAction","target":["https:\/\/appsaf.apieproject.com\/news\/fr\/2023\/11\/13\/ucad-un-colloque-rend-hommage-a-lilyan-kesteloot-specialiste-de-la-litterature-negro-africaine\/"]}]},{"@type":"ImageObject","inLanguage":"fr-FR","@id":"https:\/\/appsaf.apieproject.com\/news\/fr\/2023\/11\/13\/ucad-un-colloque-rend-hommage-a-lilyan-kesteloot-specialiste-de-la-litterature-negro-africaine\/#primaryimage","url":"https:\/\/appsaf.apieproject.com\/news\/wp-content\/uploads\/sites\/29\/2023\/11\/xUCADColloqueHommageLilyanKestelootSpecialisteLitteratureNegroAfricaine-850x491.jpg.pagespeed.ic_.C8Svjs8sjH-307d5fc16c511866a6c5de20ad8da19a.jpg","contentUrl":"https:\/\/appsaf.apieproject.com\/news\/wp-content\/uploads\/sites\/29\/2023\/11\/xUCADColloqueHommageLilyanKestelootSpecialisteLitteratureNegroAfricaine-850x491.jpg.pagespeed.ic_.C8Svjs8sjH-307d5fc16c511866a6c5de20ad8da19a.jpg","width":850,"height":491},{"@type":"BreadcrumbList","@id":"https:\/\/appsaf.apieproject.com\/news\/fr\/2023\/11\/13\/ucad-un-colloque-rend-hommage-a-lilyan-kesteloot-specialiste-de-la-litterature-negro-africaine\/#breadcrumb","itemListElement":[{"@type":"ListItem","position":1,"name":"Home","item":"https:\/\/appsaf.apieproject.com\/news\/fr\/home\/"},{"@type":"ListItem","position":2,"name":"UCAD: Un Colloque Rend Hommage A Lilyan Kesteloot, Sp\u00e9cialiste De La Litt\u00e9rature N\u00e9gro-africaine"}]},{"@type":"WebSite","@id":"https:\/\/appsaf.apieproject.com\/news\/#website","url":"https:\/\/appsaf.apieproject.com\/news\/","name":"APIE NEWS","description":"PANAFRICANISM NEWS PORTAL","publisher":{"@id":"https:\/\/appsaf.apieproject.com\/news\/#organization"},"potentialAction":[{"@type":"SearchAction","target":{"@type":"EntryPoint","urlTemplate":"https:\/\/appsaf.apieproject.com\/news\/?s={search_term_string}"},"query-input":{"@type":"PropertyValueSpecification","valueRequired":true,"valueName":"search_term_string"}}],"inLanguage":"fr-FR"},{"@type":"Organization","@id":"https:\/\/appsaf.apieproject.com\/news\/#organization","name":"APIE PROJECT","url":"https:\/\/appsaf.apieproject.com\/news\/","logo":{"@type":"ImageObject","inLanguage":"fr-FR","@id":"https:\/\/appsaf.apieproject.com\/news\/#\/schema\/logo\/image\/","url":"https:\/\/appsaf.apieproject.com\/news\/wp-content\/uploads\/sites\/29\/2022\/07\/logo-R-TransparentBackground.png","contentUrl":"https:\/\/appsaf.apieproject.com\/news\/wp-content\/uploads\/sites\/29\/2022\/07\/logo-R-TransparentBackground.png","width":512,"height":512,"caption":"APIE PROJECT"},"image":{"@id":"https:\/\/appsaf.apieproject.com\/news\/#\/schema\/logo\/image\/"},"sameAs":["https:\/\/facebook.com\/apieproject","https:\/\/x.com\/apieproject"]},{"@type":"Person","@id":"https:\/\/appsaf.apieproject.com\/news\/#\/schema\/person\/399517cac378948cd7b39086f9ddc2a7","name":"staff","image":{"@type":"ImageObject","inLanguage":"fr-FR","@id":"https:\/\/appsaf.apieproject.com\/news\/#\/schema\/person\/image\/","url":"https:\/\/secure.gravatar.com\/avatar\/5386283c5db150efe261184bd59f072a?s=96&d=mm&r=g","contentUrl":"https:\/\/secure.gravatar.com\/avatar\/5386283c5db150efe261184bd59f072a?s=96&d=mm&r=g","caption":"staff"},"url":"https:\/\/appsaf.apieproject.com\/news\/fr\/author\/staff\/"}]}},"_links":{"self":[{"href":"https:\/\/appsaf.apieproject.com\/news\/fr\/wp-json\/wp\/v2\/posts\/35316","targetHints":{"allow":["GET"]}}],"collection":[{"href":"https:\/\/appsaf.apieproject.com\/news\/fr\/wp-json\/wp\/v2\/posts"}],"about":[{"href":"https:\/\/appsaf.apieproject.com\/news\/fr\/wp-json\/wp\/v2\/types\/post"}],"author":[{"embeddable":true,"href":"https:\/\/appsaf.apieproject.com\/news\/fr\/wp-json\/wp\/v2\/users\/12963"}],"replies":[{"embeddable":true,"href":"https:\/\/appsaf.apieproject.com\/news\/fr\/wp-json\/wp\/v2\/comments?post=35316"}],"version-history":[{"count":1,"href":"https:\/\/appsaf.apieproject.com\/news\/fr\/wp-json\/wp\/v2\/posts\/35316\/revisions"}],"predecessor-version":[{"id":35802,"href":"https:\/\/appsaf.apieproject.com\/news\/fr\/wp-json\/wp\/v2\/posts\/35316\/revisions\/35802"}],"wp:featuredmedia":[{"embeddable":true,"href":"https:\/\/appsaf.apieproject.com\/news\/fr\/wp-json\/wp\/v2\/media\/35313"}],"wp:attachment":[{"href":"https:\/\/appsaf.apieproject.com\/news\/fr\/wp-json\/wp\/v2\/media?parent=35316"}],"wp:term":[{"taxonomy":"category","embeddable":true,"href":"https:\/\/appsaf.apieproject.com\/news\/fr\/wp-json\/wp\/v2\/categories?post=35316"},{"taxonomy":"post_tag","embeddable":true,"href":"https:\/\/appsaf.apieproject.com\/news\/fr\/wp-json\/wp\/v2\/tags?post=35316"}],"curies":[{"name":"wp","href":"https:\/\/api.w.org\/{rel}","templated":true}]}}