{"id":35500,"date":"2023-11-13T17:31:55","date_gmt":"2023-11-13T17:31:55","guid":{"rendered":"https:\/\/appsaf.apieproject.com\/news\/?p=35500"},"modified":"2023-11-13T17:31:57","modified_gmt":"2023-11-13T17:31:57","slug":"algerie-lopposante-amira-bouraoui-denonce-un-proces-politique-apres-sa-condamnation","status":"publish","type":"post","link":"https:\/\/appsaf.apieproject.com\/news\/fr\/2023\/11\/13\/algerie-lopposante-amira-bouraoui-denonce-un-proces-politique-apres-sa-condamnation\/","title":{"rendered":"Alg\u00e9rie : l\u2019Opposante Amira Bouraoui D\u00e9nonce Un \u00ab Proc\u00e8s Politique \u00bb Apr\u00e8s Sa Condamnation"},"content":{"rendered":"<p>La militante Amira Bouraoui a \u00e9t\u00e9 condamn\u00e9e par contumace \u00e0 dix ans de prison ferme, mardi 7 novembre, par le tribunal de Constantine (est de l\u2019Alg\u00e9rie) pour \u00ab usurpation d\u2019identit\u00e9 et sortie clandestine du territoire \u00bb. \u00ab Je m\u2019y attendais, mais c\u2019est excessif. Cette peine prouve que mon proc\u00e8s \u00e9tait politique \u00bb, a aussit\u00f4t r\u00e9agi l\u2019opposante franco-alg\u00e9rienne au Monde.<\/p>\n<p>Fin janvier, celle qui \u00e9tait alors sous le coup d\u2019une interdiction de sortie du territoire alg\u00e9rien (ISTN) avait ill\u00e9galement quitt\u00e9 son pays, provoquant une intense crise diplomatique entre la France et l\u2019Alg\u00e9rie. \u00ab Mon ISTN \u00e9tait infond\u00e9e, c\u2019est l\u2019une des raisons qui m\u2019a pouss\u00e9e \u00e0 partir \u00bb, tient-elle \u00e0 pr\u00e9ciser.<\/p>\n<p>Quatre autres personnes ont \u00e9galement \u00e9t\u00e9 condamn\u00e9es dans ce dossier pour complicit\u00e9 et \u00ab\u00a0trafic illicite de migrants\u00a0\u00bb\u00a0: sa m\u00e8re Khadija Bourdjia, 71\u00a0ans, \u00e0 un an avec sursis\u00a0; son cousin, un chauffeur de taxi clandestin et un ami, le journaliste Mustapha Bendjama, \u00e0 six mois ferme et un policier alg\u00e9rien \u00e0 trois\u00a0ans de prison.<\/p>\n<p>\u00ab\u00a0Ce que l\u2019Etat alg\u00e9rien a fait \u00e0 ma famille est\u00a0une vengeance. Le seul tort de mon cousin est de m\u2019avoir transport\u00e9e sur 500\u00a0m\u00e8tres entre la maison et la gare de taxis parce que j\u2019avais une valise, celui de ma m\u00e8re est que je lui ai pris son passeport. Le policier et le chauffeur n\u2019ont rien fait. Et Mustapha Bendjema ne m\u2019a jamais aid\u00e9, assure Amira Bouraoui. Je suis triste pour l\u2019Alg\u00e9rie qui s\u2019est donn\u00e9e en spectacle juste parce qu\u2019une militante a voulu retrouver son enfant en France, qui est aussi mon pays.\u00a0\u00bb Selon un avocat de la d\u00e9fense qui souhaite rester anonyme, \u00ab\u00a0Le dossier \u00e9tait vide. L\u2019affaire Bouraoui ne faisait plus l\u2019actualit\u00e9, ce proc\u00e8s n\u2019a pas int\u00e9ress\u00e9 l\u2019opinion publique alg\u00e9rienne.\u00a0\u00bb<\/p>\n<p>Affaires en s\u00e9rie<br \/>\nUne indiff\u00e9rence qui tranche avec la pol\u00e9mique et les tensions diplomatiques qui avaient pr\u00e9valu lorsque l\u2019affaire avait \u00e9clat\u00e9. Alors que la militante avait fui son pays pour la Tunisie le 31\u00a0janvier, la France a fait pression pour que Tunis la laisse gagner l\u2019Hexagone \u2013 ce qu\u2019elle a obtenu le 6\u00a0f\u00e9vrier. Une intervention consid\u00e9r\u00e9e comme une \u00ab\u00a0exfiltration clandestine au moyen d\u2019une op\u00e9ration multidimensionnelle men\u00e9e avec l\u2019implication av\u00e9r\u00e9e de personnels officiels de l\u2019Etat fran\u00e7ais\u00a0\u00bb, selon les termes d\u2019une lettre du minist\u00e8re des affaires \u00e9trang\u00e8res adress\u00e9e \u00e0 l\u2019ambassade de France \u00e0 Alger.<\/p>\n<p>Selon les informations du Monde, l\u2019enqu\u00eate men\u00e9e dans les mois suivants par les gendarmes alg\u00e9riens n\u2019a pu prouver le r\u00f4le jou\u00e9 par la France. Nulle trace d\u2019espions ou de \u00ab\u00a0barbouzes fran\u00e7ais\u00a0\u00bb de la Direction g\u00e9n\u00e9rale de la s\u00e9curit\u00e9 ext\u00e9rieure (DGSE), comme l\u2019a indiqu\u00e9 la presse officielle, mais d\u2019une simple cavale personnelle.<\/p>\n<p>L\u2019enqu\u00eate sur Amira Bouraoui avait entra\u00een\u00e9 l\u2019arrestation le 8\u00a0f\u00e9vrier \u2013 deux jours apr\u00e8s l\u2019arriv\u00e9e de l\u2019opposante en France \u2013 du journaliste Mustapha Bendjama, 33\u00a0ans, soup\u00e7onn\u00e9 d\u2019avoir \u00e9t\u00e9 au courant en amont des projets de la militante et, par cons\u00e9quent, de l\u2019avoir aid\u00e9e \u00e0 quitter le pays. Ses d\u00e9fenseurs insistent sur l\u2019absence totale de preuve mat\u00e9rielle pour \u00e9tayer ces accusations.<\/p>\n<p>Ce jeune reporter, r\u00e9dacteur en chef du journal ind\u00e9pendant Le Provincial \u00e0 Annaba, est depuis des ann\u00e9es dans le viseur des autorit\u00e9s pour ses enqu\u00eates sur les liens troubles entre le monde politique et celui des affaires, la couverture pro-Hirak (le \u00ab\u00a0mouvement\u00a0\u00bb populaire qui a fragilis\u00e9 \u00ab\u00a0le syst\u00e8me\u00a0\u00bb \u00e0 partir de f\u00e9vrier\u00a02019) et son soutien aux d\u00e9tenus d\u2019opinion et au patron de presse Ihsane El Kadi, condamn\u00e9 en juin \u00e0 sept ans de prison dont cinq ans ferme, pour \u00ab\u00a0financement \u00e9tranger\u00a0\u00bb.<\/p>\n<p>Lors de sa garde \u00e0 vue, qui aura dur\u00e9 onze\u00a0jours, la gendarmerie a pu acc\u00e9der \u00e0 son t\u00e9l\u00e9phone et, dans une chasse aux sources du journaliste, les enqu\u00eateurs ont exhum\u00e9 \u2013 sur plusieurs ann\u00e9es \u2013 des conversations WhatsApp, Messenger ou Signal avec divers interlocuteurs. Et c\u2019est sur la base de ces messages, qui n\u2019ont pourtant rien \u00e0 voir avec Mme\u00a0Bouraoui, que la justice a d\u00e9cid\u00e9 d\u2019ouvrir un autre dossier judiciaire pour \u00ab\u00a0publication sur Internet d\u2019informations classifi\u00e9es\u00a0\u00bb et \u00ab\u00a0r\u00e9ception de fonds depuis l\u2019\u00e9tranger dans le but d\u2019effectuer des actes attentatoires \u00e0 l\u2019ordre public\u00a0\u00bb. Au total, neuf personnes sont concern\u00e9es et certains ont \u00e9t\u00e9 arr\u00eat\u00e9s puis mis en d\u00e9tention dans la foul\u00e9e comme le chercheur canado-alg\u00e9rien Raouf Farrah.<\/p>\n<p>Dans ce dossier, MM. Bendjama et Farrah ont \u00e9t\u00e9 condamn\u00e9s en appel, le 26 octobre, \u00e0 douze mois d\u2019emprisonnement, dont huit ferme. Ayant purg\u00e9 sa peine, le chercheur a \u00e9t\u00e9 lib\u00e9r\u00e9. En d\u00e9tention depuis pr\u00e8s de neuf mois, le jeune journaliste devait \u00e9galement retrouver les siens ce mardi 7 novembre car sa pr\u00e9ventive exc\u00e8de ses deux peines. Cependant, dans la soir\u00e9e, il n\u2019\u00e9tait toujours pas sorti de prison. Le flou r\u00e8gne mais selon ses avocats, il semblerait que le tribunal de Constantine a d\u00e9cid\u00e9 de \u00ab cumuler les deux condamnations \u00bb de Mustapha Bendjama. Il lui resterait alors encore un peu plus de quatre mois \u00e0 passer en prison.<\/p>\n","protected":false},"excerpt":{"rendered":"<p>La fuite en France de la militante, en f\u00e9vrier, avait \u00e9t\u00e9 \u00e0 l\u2019origine d\u2019une nouvelle crise diplomatique entre Paris et Alger. Elle a \u00e9t\u00e9 condamn\u00e9e a dix ans de prison ferme.<\/p>\n","protected":false},"author":12963,"featured_media":35497,"comment_status":"open","ping_status":"open","sticky":false,"template":"","format":"standard","meta":{"footnotes":""},"categories":[67,69],"tags":[81,78,82],"class_list":{"0":"post-35500","1":"post","2":"type-post","3":"status-publish","4":"format-standard","5":"has-post-thumbnail","7":"category-actualites","8":"category-politique","9":"tag-actualites","10":"tag-apie-project-2","11":"tag-politique"},"yoast_head":"<!-- This site is optimized with the Yoast SEO plugin v24.4 - https:\/\/yoast.com\/wordpress\/plugins\/seo\/ -->\n<title>Alg\u00e9rie : l\u2019Opposante Amira Bouraoui D\u00e9nonce Un \u00ab Proc\u00e8s Politique \u00bb Apr\u00e8s Sa Condamnation - APIE NEWS<\/title>\n<meta name=\"robots\" content=\"index, follow, max-snippet:-1, max-image-preview:large, max-video-preview:-1\" \/>\n<link rel=\"canonical\" href=\"https:\/\/appsaf.apieproject.com\/news\/fr\/2023\/11\/13\/algerie-lopposante-amira-bouraoui-denonce-un-proces-politique-apres-sa-condamnation\/\" \/>\n<meta property=\"og:locale\" content=\"fr_FR\" \/>\n<meta property=\"og:type\" content=\"article\" \/>\n<meta property=\"og:title\" content=\"Alg\u00e9rie : l\u2019Opposante Amira Bouraoui D\u00e9nonce Un \u00ab Proc\u00e8s Politique \u00bb Apr\u00e8s Sa Condamnation - APIE NEWS\" \/>\n<meta property=\"og:description\" content=\"La fuite en France de la militante, en f\u00e9vrier, avait \u00e9t\u00e9 \u00e0 l\u2019origine d\u2019une nouvelle crise diplomatique entre Paris et Alger. Elle a \u00e9t\u00e9 condamn\u00e9e a dix ans de prison ferme.\" \/>\n<meta property=\"og:url\" content=\"https:\/\/appsaf.apieproject.com\/news\/fr\/2023\/11\/13\/algerie-lopposante-amira-bouraoui-denonce-un-proces-politique-apres-sa-condamnation\/\" \/>\n<meta property=\"og:site_name\" content=\"APIE NEWS\" \/>\n<meta property=\"article:publisher\" content=\"https:\/\/facebook.com\/apieproject\" \/>\n<meta property=\"article:published_time\" content=\"2023-11-13T17:31:55+00:00\" \/>\n<meta property=\"article:modified_time\" content=\"2023-11-13T17:31:57+00:00\" \/>\n<meta property=\"og:image\" content=\"https:\/\/appsaf.apieproject.com\/news\/wp-content\/uploads\/sites\/29\/2023\/11\/a3dce41_1699375745928-000-1uh84g-1-5fa5702ccbb09d34837012d82fbef2fd.jpg\" \/>\n\t<meta property=\"og:image:width\" content=\"700\" \/>\n\t<meta property=\"og:image:height\" content=\"467\" \/>\n\t<meta property=\"og:image:type\" content=\"image\/jpeg\" \/>\n<meta name=\"author\" content=\"staff\" \/>\n<meta name=\"twitter:card\" content=\"summary_large_image\" \/>\n<meta name=\"twitter:creator\" content=\"@apieproject\" \/>\n<meta name=\"twitter:site\" content=\"@apieproject\" \/>\n<meta name=\"twitter:label1\" content=\"\u00c9crit par\" \/>\n\t<meta name=\"twitter:data1\" content=\"staff\" \/>\n\t<meta name=\"twitter:label2\" content=\"Dur\u00e9e de lecture estim\u00e9e\" \/>\n\t<meta name=\"twitter:data2\" content=\"5 minutes\" \/>\n<script type=\"application\/ld+json\" class=\"yoast-schema-graph\">{\"@context\":\"https:\/\/schema.org\",\"@graph\":[{\"@type\":\"Article\",\"@id\":\"https:\/\/appsaf.apieproject.com\/news\/fr\/2023\/11\/13\/algerie-lopposante-amira-bouraoui-denonce-un-proces-politique-apres-sa-condamnation\/#article\",\"isPartOf\":{\"@id\":\"https:\/\/appsaf.apieproject.com\/news\/fr\/2023\/11\/13\/algerie-lopposante-amira-bouraoui-denonce-un-proces-politique-apres-sa-condamnation\/\"},\"author\":{\"name\":\"staff\",\"@id\":\"https:\/\/appsaf.apieproject.com\/news\/#\/schema\/person\/399517cac378948cd7b39086f9ddc2a7\"},\"headline\":\"Alg\u00e9rie : l\u2019Opposante Amira Bouraoui D\u00e9nonce Un \u00ab Proc\u00e8s Politique \u00bb Apr\u00e8s Sa Condamnation\",\"datePublished\":\"2023-11-13T17:31:55+00:00\",\"dateModified\":\"2023-11-13T17:31:57+00:00\",\"mainEntityOfPage\":{\"@id\":\"https:\/\/appsaf.apieproject.com\/news\/fr\/2023\/11\/13\/algerie-lopposante-amira-bouraoui-denonce-un-proces-politique-apres-sa-condamnation\/\"},\"wordCount\":917,\"commentCount\":0,\"publisher\":{\"@id\":\"https:\/\/appsaf.apieproject.com\/news\/#organization\"},\"image\":{\"@id\":\"https:\/\/appsaf.apieproject.com\/news\/fr\/2023\/11\/13\/algerie-lopposante-amira-bouraoui-denonce-un-proces-politique-apres-sa-condamnation\/#primaryimage\"},\"thumbnailUrl\":\"https:\/\/appsaf.apieproject.com\/news\/wp-content\/uploads\/sites\/29\/2023\/11\/a3dce41_1699375745928-000-1uh84g-1-5fa5702ccbb09d34837012d82fbef2fd.jpg\",\"keywords\":[\"actualites\",\"apie project\",\"politique\"],\"articleSection\":[\"Actualit\u00e9s\",\"Politique\"],\"inLanguage\":\"fr-FR\",\"potentialAction\":[{\"@type\":\"CommentAction\",\"name\":\"Comment\",\"target\":[\"https:\/\/appsaf.apieproject.com\/news\/fr\/2023\/11\/13\/algerie-lopposante-amira-bouraoui-denonce-un-proces-politique-apres-sa-condamnation\/#respond\"]}]},{\"@type\":\"WebPage\",\"@id\":\"https:\/\/appsaf.apieproject.com\/news\/fr\/2023\/11\/13\/algerie-lopposante-amira-bouraoui-denonce-un-proces-politique-apres-sa-condamnation\/\",\"url\":\"https:\/\/appsaf.apieproject.com\/news\/fr\/2023\/11\/13\/algerie-lopposante-amira-bouraoui-denonce-un-proces-politique-apres-sa-condamnation\/\",\"name\":\"Alg\u00e9rie : l\u2019Opposante Amira Bouraoui D\u00e9nonce Un \u00ab Proc\u00e8s Politique \u00bb Apr\u00e8s Sa Condamnation - APIE NEWS\",\"isPartOf\":{\"@id\":\"https:\/\/appsaf.apieproject.com\/news\/#website\"},\"primaryImageOfPage\":{\"@id\":\"https:\/\/appsaf.apieproject.com\/news\/fr\/2023\/11\/13\/algerie-lopposante-amira-bouraoui-denonce-un-proces-politique-apres-sa-condamnation\/#primaryimage\"},\"image\":{\"@id\":\"https:\/\/appsaf.apieproject.com\/news\/fr\/2023\/11\/13\/algerie-lopposante-amira-bouraoui-denonce-un-proces-politique-apres-sa-condamnation\/#primaryimage\"},\"thumbnailUrl\":\"https:\/\/appsaf.apieproject.com\/news\/wp-content\/uploads\/sites\/29\/2023\/11\/a3dce41_1699375745928-000-1uh84g-1-5fa5702ccbb09d34837012d82fbef2fd.jpg\",\"datePublished\":\"2023-11-13T17:31:55+00:00\",\"dateModified\":\"2023-11-13T17:31:57+00:00\",\"breadcrumb\":{\"@id\":\"https:\/\/appsaf.apieproject.com\/news\/fr\/2023\/11\/13\/algerie-lopposante-amira-bouraoui-denonce-un-proces-politique-apres-sa-condamnation\/#breadcrumb\"},\"inLanguage\":\"fr-FR\",\"potentialAction\":[{\"@type\":\"ReadAction\",\"target\":[\"https:\/\/appsaf.apieproject.com\/news\/fr\/2023\/11\/13\/algerie-lopposante-amira-bouraoui-denonce-un-proces-politique-apres-sa-condamnation\/\"]}]},{\"@type\":\"ImageObject\",\"inLanguage\":\"fr-FR\",\"@id\":\"https:\/\/appsaf.apieproject.com\/news\/fr\/2023\/11\/13\/algerie-lopposante-amira-bouraoui-denonce-un-proces-politique-apres-sa-condamnation\/#primaryimage\",\"url\":\"https:\/\/appsaf.apieproject.com\/news\/wp-content\/uploads\/sites\/29\/2023\/11\/a3dce41_1699375745928-000-1uh84g-1-5fa5702ccbb09d34837012d82fbef2fd.jpg\",\"contentUrl\":\"https:\/\/appsaf.apieproject.com\/news\/wp-content\/uploads\/sites\/29\/2023\/11\/a3dce41_1699375745928-000-1uh84g-1-5fa5702ccbb09d34837012d82fbef2fd.jpg\",\"width\":700,\"height\":467},{\"@type\":\"BreadcrumbList\",\"@id\":\"https:\/\/appsaf.apieproject.com\/news\/fr\/2023\/11\/13\/algerie-lopposante-amira-bouraoui-denonce-un-proces-politique-apres-sa-condamnation\/#breadcrumb\",\"itemListElement\":[{\"@type\":\"ListItem\",\"position\":1,\"name\":\"Home\",\"item\":\"https:\/\/appsaf.apieproject.com\/news\/fr\/home\/\"},{\"@type\":\"ListItem\",\"position\":2,\"name\":\"Alg\u00e9rie : l\u2019Opposante Amira Bouraoui D\u00e9nonce Un \u00ab Proc\u00e8s Politique \u00bb Apr\u00e8s Sa Condamnation\"}]},{\"@type\":\"WebSite\",\"@id\":\"https:\/\/appsaf.apieproject.com\/news\/#website\",\"url\":\"https:\/\/appsaf.apieproject.com\/news\/\",\"name\":\"APIE NEWS\",\"description\":\"PANAFRICANISM NEWS PORTAL\",\"publisher\":{\"@id\":\"https:\/\/appsaf.apieproject.com\/news\/#organization\"},\"potentialAction\":[{\"@type\":\"SearchAction\",\"target\":{\"@type\":\"EntryPoint\",\"urlTemplate\":\"https:\/\/appsaf.apieproject.com\/news\/?s={search_term_string}\"},\"query-input\":{\"@type\":\"PropertyValueSpecification\",\"valueRequired\":true,\"valueName\":\"search_term_string\"}}],\"inLanguage\":\"fr-FR\"},{\"@type\":\"Organization\",\"@id\":\"https:\/\/appsaf.apieproject.com\/news\/#organization\",\"name\":\"APIE PROJECT\",\"url\":\"https:\/\/appsaf.apieproject.com\/news\/\",\"logo\":{\"@type\":\"ImageObject\",\"inLanguage\":\"fr-FR\",\"@id\":\"https:\/\/appsaf.apieproject.com\/news\/#\/schema\/logo\/image\/\",\"url\":\"https:\/\/appsaf.apieproject.com\/news\/wp-content\/uploads\/sites\/29\/2022\/07\/logo-R-TransparentBackground.png\",\"contentUrl\":\"https:\/\/appsaf.apieproject.com\/news\/wp-content\/uploads\/sites\/29\/2022\/07\/logo-R-TransparentBackground.png\",\"width\":512,\"height\":512,\"caption\":\"APIE PROJECT\"},\"image\":{\"@id\":\"https:\/\/appsaf.apieproject.com\/news\/#\/schema\/logo\/image\/\"},\"sameAs\":[\"https:\/\/facebook.com\/apieproject\",\"https:\/\/x.com\/apieproject\"]},{\"@type\":\"Person\",\"@id\":\"https:\/\/appsaf.apieproject.com\/news\/#\/schema\/person\/399517cac378948cd7b39086f9ddc2a7\",\"name\":\"staff\",\"image\":{\"@type\":\"ImageObject\",\"inLanguage\":\"fr-FR\",\"@id\":\"https:\/\/appsaf.apieproject.com\/news\/#\/schema\/person\/image\/\",\"url\":\"https:\/\/secure.gravatar.com\/avatar\/5386283c5db150efe261184bd59f072a?s=96&d=mm&r=g\",\"contentUrl\":\"https:\/\/secure.gravatar.com\/avatar\/5386283c5db150efe261184bd59f072a?s=96&d=mm&r=g\",\"caption\":\"staff\"},\"url\":\"https:\/\/appsaf.apieproject.com\/news\/fr\/author\/staff\/\"}]}<\/script>\n<!-- \/ Yoast SEO plugin. -->","yoast_head_json":{"title":"Alg\u00e9rie : l\u2019Opposante Amira Bouraoui D\u00e9nonce Un \u00ab Proc\u00e8s Politique \u00bb Apr\u00e8s Sa Condamnation - APIE NEWS","robots":{"index":"index","follow":"follow","max-snippet":"max-snippet:-1","max-image-preview":"max-image-preview:large","max-video-preview":"max-video-preview:-1"},"canonical":"https:\/\/appsaf.apieproject.com\/news\/fr\/2023\/11\/13\/algerie-lopposante-amira-bouraoui-denonce-un-proces-politique-apres-sa-condamnation\/","og_locale":"fr_FR","og_type":"article","og_title":"Alg\u00e9rie : l\u2019Opposante Amira Bouraoui D\u00e9nonce Un \u00ab Proc\u00e8s Politique \u00bb Apr\u00e8s Sa Condamnation - APIE NEWS","og_description":"La fuite en France de la militante, en f\u00e9vrier, avait \u00e9t\u00e9 \u00e0 l\u2019origine d\u2019une nouvelle crise diplomatique entre Paris et Alger. Elle a \u00e9t\u00e9 condamn\u00e9e a dix ans de prison ferme.","og_url":"https:\/\/appsaf.apieproject.com\/news\/fr\/2023\/11\/13\/algerie-lopposante-amira-bouraoui-denonce-un-proces-politique-apres-sa-condamnation\/","og_site_name":"APIE NEWS","article_publisher":"https:\/\/facebook.com\/apieproject","article_published_time":"2023-11-13T17:31:55+00:00","article_modified_time":"2023-11-13T17:31:57+00:00","og_image":[{"width":700,"height":467,"url":"https:\/\/appsaf.apieproject.com\/news\/wp-content\/uploads\/sites\/29\/2023\/11\/a3dce41_1699375745928-000-1uh84g-1-5fa5702ccbb09d34837012d82fbef2fd.jpg","type":"image\/jpeg"}],"author":"staff","twitter_card":"summary_large_image","twitter_creator":"@apieproject","twitter_site":"@apieproject","twitter_misc":{"\u00c9crit par":"staff","Dur\u00e9e de lecture estim\u00e9e":"5 minutes"},"schema":{"@context":"https:\/\/schema.org","@graph":[{"@type":"Article","@id":"https:\/\/appsaf.apieproject.com\/news\/fr\/2023\/11\/13\/algerie-lopposante-amira-bouraoui-denonce-un-proces-politique-apres-sa-condamnation\/#article","isPartOf":{"@id":"https:\/\/appsaf.apieproject.com\/news\/fr\/2023\/11\/13\/algerie-lopposante-amira-bouraoui-denonce-un-proces-politique-apres-sa-condamnation\/"},"author":{"name":"staff","@id":"https:\/\/appsaf.apieproject.com\/news\/#\/schema\/person\/399517cac378948cd7b39086f9ddc2a7"},"headline":"Alg\u00e9rie : l\u2019Opposante Amira Bouraoui D\u00e9nonce Un \u00ab Proc\u00e8s Politique \u00bb Apr\u00e8s Sa Condamnation","datePublished":"2023-11-13T17:31:55+00:00","dateModified":"2023-11-13T17:31:57+00:00","mainEntityOfPage":{"@id":"https:\/\/appsaf.apieproject.com\/news\/fr\/2023\/11\/13\/algerie-lopposante-amira-bouraoui-denonce-un-proces-politique-apres-sa-condamnation\/"},"wordCount":917,"commentCount":0,"publisher":{"@id":"https:\/\/appsaf.apieproject.com\/news\/#organization"},"image":{"@id":"https:\/\/appsaf.apieproject.com\/news\/fr\/2023\/11\/13\/algerie-lopposante-amira-bouraoui-denonce-un-proces-politique-apres-sa-condamnation\/#primaryimage"},"thumbnailUrl":"https:\/\/appsaf.apieproject.com\/news\/wp-content\/uploads\/sites\/29\/2023\/11\/a3dce41_1699375745928-000-1uh84g-1-5fa5702ccbb09d34837012d82fbef2fd.jpg","keywords":["actualites","apie project","politique"],"articleSection":["Actualit\u00e9s","Politique"],"inLanguage":"fr-FR","potentialAction":[{"@type":"CommentAction","name":"Comment","target":["https:\/\/appsaf.apieproject.com\/news\/fr\/2023\/11\/13\/algerie-lopposante-amira-bouraoui-denonce-un-proces-politique-apres-sa-condamnation\/#respond"]}]},{"@type":"WebPage","@id":"https:\/\/appsaf.apieproject.com\/news\/fr\/2023\/11\/13\/algerie-lopposante-amira-bouraoui-denonce-un-proces-politique-apres-sa-condamnation\/","url":"https:\/\/appsaf.apieproject.com\/news\/fr\/2023\/11\/13\/algerie-lopposante-amira-bouraoui-denonce-un-proces-politique-apres-sa-condamnation\/","name":"Alg\u00e9rie : l\u2019Opposante Amira Bouraoui D\u00e9nonce Un \u00ab Proc\u00e8s Politique \u00bb Apr\u00e8s Sa Condamnation - APIE NEWS","isPartOf":{"@id":"https:\/\/appsaf.apieproject.com\/news\/#website"},"primaryImageOfPage":{"@id":"https:\/\/appsaf.apieproject.com\/news\/fr\/2023\/11\/13\/algerie-lopposante-amira-bouraoui-denonce-un-proces-politique-apres-sa-condamnation\/#primaryimage"},"image":{"@id":"https:\/\/appsaf.apieproject.com\/news\/fr\/2023\/11\/13\/algerie-lopposante-amira-bouraoui-denonce-un-proces-politique-apres-sa-condamnation\/#primaryimage"},"thumbnailUrl":"https:\/\/appsaf.apieproject.com\/news\/wp-content\/uploads\/sites\/29\/2023\/11\/a3dce41_1699375745928-000-1uh84g-1-5fa5702ccbb09d34837012d82fbef2fd.jpg","datePublished":"2023-11-13T17:31:55+00:00","dateModified":"2023-11-13T17:31:57+00:00","breadcrumb":{"@id":"https:\/\/appsaf.apieproject.com\/news\/fr\/2023\/11\/13\/algerie-lopposante-amira-bouraoui-denonce-un-proces-politique-apres-sa-condamnation\/#breadcrumb"},"inLanguage":"fr-FR","potentialAction":[{"@type":"ReadAction","target":["https:\/\/appsaf.apieproject.com\/news\/fr\/2023\/11\/13\/algerie-lopposante-amira-bouraoui-denonce-un-proces-politique-apres-sa-condamnation\/"]}]},{"@type":"ImageObject","inLanguage":"fr-FR","@id":"https:\/\/appsaf.apieproject.com\/news\/fr\/2023\/11\/13\/algerie-lopposante-amira-bouraoui-denonce-un-proces-politique-apres-sa-condamnation\/#primaryimage","url":"https:\/\/appsaf.apieproject.com\/news\/wp-content\/uploads\/sites\/29\/2023\/11\/a3dce41_1699375745928-000-1uh84g-1-5fa5702ccbb09d34837012d82fbef2fd.jpg","contentUrl":"https:\/\/appsaf.apieproject.com\/news\/wp-content\/uploads\/sites\/29\/2023\/11\/a3dce41_1699375745928-000-1uh84g-1-5fa5702ccbb09d34837012d82fbef2fd.jpg","width":700,"height":467},{"@type":"BreadcrumbList","@id":"https:\/\/appsaf.apieproject.com\/news\/fr\/2023\/11\/13\/algerie-lopposante-amira-bouraoui-denonce-un-proces-politique-apres-sa-condamnation\/#breadcrumb","itemListElement":[{"@type":"ListItem","position":1,"name":"Home","item":"https:\/\/appsaf.apieproject.com\/news\/fr\/home\/"},{"@type":"ListItem","position":2,"name":"Alg\u00e9rie : l\u2019Opposante Amira Bouraoui D\u00e9nonce Un \u00ab Proc\u00e8s Politique \u00bb Apr\u00e8s Sa Condamnation"}]},{"@type":"WebSite","@id":"https:\/\/appsaf.apieproject.com\/news\/#website","url":"https:\/\/appsaf.apieproject.com\/news\/","name":"APIE NEWS","description":"PANAFRICANISM NEWS PORTAL","publisher":{"@id":"https:\/\/appsaf.apieproject.com\/news\/#organization"},"potentialAction":[{"@type":"SearchAction","target":{"@type":"EntryPoint","urlTemplate":"https:\/\/appsaf.apieproject.com\/news\/?s={search_term_string}"},"query-input":{"@type":"PropertyValueSpecification","valueRequired":true,"valueName":"search_term_string"}}],"inLanguage":"fr-FR"},{"@type":"Organization","@id":"https:\/\/appsaf.apieproject.com\/news\/#organization","name":"APIE PROJECT","url":"https:\/\/appsaf.apieproject.com\/news\/","logo":{"@type":"ImageObject","inLanguage":"fr-FR","@id":"https:\/\/appsaf.apieproject.com\/news\/#\/schema\/logo\/image\/","url":"https:\/\/appsaf.apieproject.com\/news\/wp-content\/uploads\/sites\/29\/2022\/07\/logo-R-TransparentBackground.png","contentUrl":"https:\/\/appsaf.apieproject.com\/news\/wp-content\/uploads\/sites\/29\/2022\/07\/logo-R-TransparentBackground.png","width":512,"height":512,"caption":"APIE PROJECT"},"image":{"@id":"https:\/\/appsaf.apieproject.com\/news\/#\/schema\/logo\/image\/"},"sameAs":["https:\/\/facebook.com\/apieproject","https:\/\/x.com\/apieproject"]},{"@type":"Person","@id":"https:\/\/appsaf.apieproject.com\/news\/#\/schema\/person\/399517cac378948cd7b39086f9ddc2a7","name":"staff","image":{"@type":"ImageObject","inLanguage":"fr-FR","@id":"https:\/\/appsaf.apieproject.com\/news\/#\/schema\/person\/image\/","url":"https:\/\/secure.gravatar.com\/avatar\/5386283c5db150efe261184bd59f072a?s=96&d=mm&r=g","contentUrl":"https:\/\/secure.gravatar.com\/avatar\/5386283c5db150efe261184bd59f072a?s=96&d=mm&r=g","caption":"staff"},"url":"https:\/\/appsaf.apieproject.com\/news\/fr\/author\/staff\/"}]}},"_links":{"self":[{"href":"https:\/\/appsaf.apieproject.com\/news\/fr\/wp-json\/wp\/v2\/posts\/35500","targetHints":{"allow":["GET"]}}],"collection":[{"href":"https:\/\/appsaf.apieproject.com\/news\/fr\/wp-json\/wp\/v2\/posts"}],"about":[{"href":"https:\/\/appsaf.apieproject.com\/news\/fr\/wp-json\/wp\/v2\/types\/post"}],"author":[{"embeddable":true,"href":"https:\/\/appsaf.apieproject.com\/news\/fr\/wp-json\/wp\/v2\/users\/12963"}],"replies":[{"embeddable":true,"href":"https:\/\/appsaf.apieproject.com\/news\/fr\/wp-json\/wp\/v2\/comments?post=35500"}],"version-history":[{"count":1,"href":"https:\/\/appsaf.apieproject.com\/news\/fr\/wp-json\/wp\/v2\/posts\/35500\/revisions"}],"predecessor-version":[{"id":35834,"href":"https:\/\/appsaf.apieproject.com\/news\/fr\/wp-json\/wp\/v2\/posts\/35500\/revisions\/35834"}],"wp:featuredmedia":[{"embeddable":true,"href":"https:\/\/appsaf.apieproject.com\/news\/fr\/wp-json\/wp\/v2\/media\/35497"}],"wp:attachment":[{"href":"https:\/\/appsaf.apieproject.com\/news\/fr\/wp-json\/wp\/v2\/media?parent=35500"}],"wp:term":[{"taxonomy":"category","embeddable":true,"href":"https:\/\/appsaf.apieproject.com\/news\/fr\/wp-json\/wp\/v2\/categories?post=35500"},{"taxonomy":"post_tag","embeddable":true,"href":"https:\/\/appsaf.apieproject.com\/news\/fr\/wp-json\/wp\/v2\/tags?post=35500"}],"curies":[{"name":"wp","href":"https:\/\/api.w.org\/{rel}","templated":true}]}}