{"id":35504,"date":"2023-11-13T17:33:36","date_gmt":"2023-11-13T17:33:36","guid":{"rendered":"https:\/\/appsaf.apieproject.com\/news\/?p=35504"},"modified":"2023-11-13T17:33:38","modified_gmt":"2023-11-13T17:33:38","slug":"ibrahim-traore-nouveau-salvador-allende-du-burkina-faso","status":"publish","type":"post","link":"https:\/\/appsaf.apieproject.com\/news\/fr\/2023\/11\/13\/ibrahim-traore-nouveau-salvador-allende-du-burkina-faso\/","title":{"rendered":"Ibrahim Traor\u00e9, Nouveau Salvador Allende Du Burkina Faso"},"content":{"rendered":"<p>En juillet 2022, l\u2019ambassadeur de France au Burkina Faso, Luc Hallade, avait \u00e9t\u00e9 pri\u00e9 de plier bagages, pour avoir \u00e9voqu\u00e9 \u2013 en une outrance malhabile \u2013 une pr\u00e9sum\u00e9e \u00ab guerre civile \u00bb, dans un pays alors coup\u00e9 en deux. L\u2019ancienne Haute Volta serait-elle aujourd\u2019hui coup\u00e9e en trois ?<\/p>\n<p>Front anti-IB<br \/>\nDes enr\u00f4lements jug\u00e9s \u00ab discriminatoires \u00bb et \u00ab punitifs \u00bb par la soci\u00e9t\u00e9 civile esquissent un front qui ressemble \u00e0 s\u2019y m\u00e9prendre \u00e0 celui qui chassa Blaise Compaor\u00e9 du pouvoir, lors de l\u2019insurrection populaire d\u2019octobre 2014. Une coalition encore balbutiante constitu\u00e9e d\u2019organisations de la soci\u00e9t\u00e9 civile, de repr\u00e9sentants des m\u00e9dias, de regroupements \u00e9tudiants et m\u00eame de syndicats qui, s\u2019ils furent timor\u00e9s en 2014, revendiquent la paternit\u00e9 de l\u2019anc\u00eatre de l\u2019insurrection populaire : le \u00ab soul\u00e8vement populaire \u00bb qui fit chuter le chef de l\u2019\u00c9tat volta\u00efque, Maurice Yam\u00e9ogo, le 3 janvier 1966.<\/p>\n<p>\u00c9trange face-\u00e0-face que celui qui oppose les insurrectionnels de 2014, aux relents marxistes sankaristes, et la junte qui convoque inlassablement la m\u00e9moire de Thomas Sankara dans l\u2019espace public. S\u2019il serait na\u00eff de consid\u00e9rer que les enjeux de ce bras de fer ne sont que d\u2019ordre id\u00e9ologique, le Premier ministre civil du Burkina Faso a tout de m\u00eame tenu \u00e0 d\u00e9rouler une pens\u00e9e intellectuelle cens\u00e9e habiller les ordres de r\u00e9quisition militaire.<\/p>\n<p>Ce lundi 5 novembre, \u00e0 la faveur de la c\u00e9r\u00e9monie de mont\u00e9e des couleurs nationales \u00e0 la primature, Apollinaire Ky\u00e9lem de Tamb\u00e8la a tent\u00e9 de d\u00e9senfler la l\u00e9gitimit\u00e9 des syndicats. Pour le chef du gouvernement, ces acteurs rel\u00e8veraient aujourd\u2019hui d\u2019une nomenklatura au \u00ab langage pseudo-r\u00e9volutionnaire \u00bb et complice, pour certains de ses membres, des \u00ab valets locaux \u00bb de \u00ab l\u2019imp\u00e9rialisme \u00bb.<\/p>\n<p>Allende ou Pinochet ?<\/p>\n<p>Rh\u00e9teur fameux, depuis les plateaux de t\u00e9l\u00e9 qui b\u00e2tirent sa notori\u00e9t\u00e9 m\u00e9diatique, le Premier ministre burkinab\u00e8 a invoqu\u00e9 le mal qu\u2019un syndicat des camionneurs aurait fait au Chili des ann\u00e9es 1970. C\u2019est une gr\u00e8ve illimit\u00e9e de cette organisation qui aurait \u00ab abouti \u00e0 l\u2019assassinat du pr\u00e9sident Allende \u00bb \u2013 il s\u2019est en r\u00e9alit\u00e9 suicid\u00e9 \u2013 et \u00e0 la mise en place du r\u00e9gime de triste m\u00e9moire du g\u00e9n\u00e9ral Pinochet. \u00c9v\u00e9nement connu pour \u00eatre \u00ab l\u2019autre 11-septembre \u00bb, celui de 1973.<\/p>\n<p>Voil\u00e0 donc une d\u00e9monstration \u00e0 l\u2019architecture coquasse, o\u00f9 le renversement honni d\u2019un pr\u00e9sident civil \u00e9lu \u2013 Salvador Allende \u2013 par un putschiste militaire \u2013 Augusto Pinochet \u2013 est cens\u00e9 nourrir le renversement d\u2019un pr\u00e9sident civil \u00e9lu \u2013 Roch Marc Christian Kabor\u00e9 \u2013 par des putschistes militaires. Le Faso promet de belles semaines de joutes intellectuelles.<\/p>\n","protected":false},"excerpt":{"rendered":"<p>\u00c0 Ouagadougou, o\u00f9 chacun revendique des lauriers r\u00e9volutionnaires, le Premier ministre en appelle \u00e0 la m\u00e9moire d\u2019un martyr chilien d\u00e9mocrate.<\/p>\n","protected":false},"author":12963,"featured_media":35501,"comment_status":"open","ping_status":"open","sticky":false,"template":"","format":"standard","meta":{"footnotes":""},"categories":[67,69],"tags":[81,78,82],"class_list":{"0":"post-35504","1":"post","2":"type-post","3":"status-publish","4":"format-standard","5":"has-post-thumbnail","7":"category-actualites","8":"category-politique","9":"tag-actualites","10":"tag-apie-project-2","11":"tag-politique"},"yoast_head":"<!-- This site is optimized with the Yoast SEO plugin v24.4 - https:\/\/yoast.com\/wordpress\/plugins\/seo\/ -->\n<title>Ibrahim Traor\u00e9, Nouveau Salvador Allende Du Burkina Faso - APIE NEWS<\/title>\n<meta name=\"robots\" content=\"index, follow, max-snippet:-1, max-image-preview:large, max-video-preview:-1\" \/>\n<link rel=\"canonical\" href=\"https:\/\/appsaf.apieproject.com\/news\/fr\/2023\/11\/13\/ibrahim-traore-nouveau-salvador-allende-du-burkina-faso\/\" \/>\n<meta property=\"og:locale\" content=\"fr_FR\" \/>\n<meta property=\"og:type\" content=\"article\" \/>\n<meta property=\"og:title\" content=\"Ibrahim Traor\u00e9, Nouveau Salvador Allende Du Burkina Faso - APIE NEWS\" \/>\n<meta property=\"og:description\" content=\"\u00c0 Ouagadougou, o\u00f9 chacun revendique des lauriers r\u00e9volutionnaires, le Premier ministre en appelle \u00e0 la m\u00e9moire d\u2019un martyr chilien d\u00e9mocrate.\" \/>\n<meta property=\"og:url\" content=\"https:\/\/appsaf.apieproject.com\/news\/fr\/2023\/11\/13\/ibrahim-traore-nouveau-salvador-allende-du-burkina-faso\/\" \/>\n<meta property=\"og:site_name\" content=\"APIE NEWS\" \/>\n<meta property=\"article:publisher\" content=\"https:\/\/facebook.com\/apieproject\" \/>\n<meta property=\"article:published_time\" content=\"2023-11-13T17:33:36+00:00\" \/>\n<meta property=\"article:modified_time\" content=\"2023-11-13T17:33:38+00:00\" \/>\n<meta property=\"og:image\" content=\"https:\/\/appsaf.apieproject.com\/news\/wp-content\/uploads\/sites\/29\/2023\/11\/jad20231107-ass-burkina-ib-allende-pinoche-glez-80c1e2a28e31533ff70f535a95230b17.jpg\" \/>\n\t<meta property=\"og:image:width\" content=\"750\" \/>\n\t<meta property=\"og:image:height\" content=\"500\" \/>\n\t<meta property=\"og:image:type\" content=\"image\/jpeg\" \/>\n<meta name=\"author\" content=\"staff\" \/>\n<meta name=\"twitter:card\" content=\"summary_large_image\" \/>\n<meta name=\"twitter:creator\" content=\"@apieproject\" \/>\n<meta name=\"twitter:site\" content=\"@apieproject\" \/>\n<meta name=\"twitter:label1\" content=\"\u00c9crit par\" \/>\n\t<meta name=\"twitter:data1\" content=\"staff\" \/>\n\t<meta name=\"twitter:label2\" content=\"Dur\u00e9e de lecture estim\u00e9e\" \/>\n\t<meta name=\"twitter:data2\" content=\"2 minutes\" \/>\n<script type=\"application\/ld+json\" class=\"yoast-schema-graph\">{\"@context\":\"https:\/\/schema.org\",\"@graph\":[{\"@type\":\"Article\",\"@id\":\"https:\/\/appsaf.apieproject.com\/news\/fr\/2023\/11\/13\/ibrahim-traore-nouveau-salvador-allende-du-burkina-faso\/#article\",\"isPartOf\":{\"@id\":\"https:\/\/appsaf.apieproject.com\/news\/fr\/2023\/11\/13\/ibrahim-traore-nouveau-salvador-allende-du-burkina-faso\/\"},\"author\":{\"name\":\"staff\",\"@id\":\"https:\/\/appsaf.apieproject.com\/news\/#\/schema\/person\/399517cac378948cd7b39086f9ddc2a7\"},\"headline\":\"Ibrahim Traor\u00e9, Nouveau Salvador Allende Du Burkina Faso\",\"datePublished\":\"2023-11-13T17:33:36+00:00\",\"dateModified\":\"2023-11-13T17:33:38+00:00\",\"mainEntityOfPage\":{\"@id\":\"https:\/\/appsaf.apieproject.com\/news\/fr\/2023\/11\/13\/ibrahim-traore-nouveau-salvador-allende-du-burkina-faso\/\"},\"wordCount\":452,\"commentCount\":0,\"publisher\":{\"@id\":\"https:\/\/appsaf.apieproject.com\/news\/#organization\"},\"image\":{\"@id\":\"https:\/\/appsaf.apieproject.com\/news\/fr\/2023\/11\/13\/ibrahim-traore-nouveau-salvador-allende-du-burkina-faso\/#primaryimage\"},\"thumbnailUrl\":\"https:\/\/appsaf.apieproject.com\/news\/wp-content\/uploads\/sites\/29\/2023\/11\/jad20231107-ass-burkina-ib-allende-pinoche-glez-80c1e2a28e31533ff70f535a95230b17.jpg\",\"keywords\":[\"actualites\",\"apie project\",\"politique\"],\"articleSection\":[\"Actualit\u00e9s\",\"Politique\"],\"inLanguage\":\"fr-FR\",\"potentialAction\":[{\"@type\":\"CommentAction\",\"name\":\"Comment\",\"target\":[\"https:\/\/appsaf.apieproject.com\/news\/fr\/2023\/11\/13\/ibrahim-traore-nouveau-salvador-allende-du-burkina-faso\/#respond\"]}]},{\"@type\":\"WebPage\",\"@id\":\"https:\/\/appsaf.apieproject.com\/news\/fr\/2023\/11\/13\/ibrahim-traore-nouveau-salvador-allende-du-burkina-faso\/\",\"url\":\"https:\/\/appsaf.apieproject.com\/news\/fr\/2023\/11\/13\/ibrahim-traore-nouveau-salvador-allende-du-burkina-faso\/\",\"name\":\"Ibrahim Traor\u00e9, Nouveau Salvador Allende Du Burkina Faso - APIE NEWS\",\"isPartOf\":{\"@id\":\"https:\/\/appsaf.apieproject.com\/news\/#website\"},\"primaryImageOfPage\":{\"@id\":\"https:\/\/appsaf.apieproject.com\/news\/fr\/2023\/11\/13\/ibrahim-traore-nouveau-salvador-allende-du-burkina-faso\/#primaryimage\"},\"image\":{\"@id\":\"https:\/\/appsaf.apieproject.com\/news\/fr\/2023\/11\/13\/ibrahim-traore-nouveau-salvador-allende-du-burkina-faso\/#primaryimage\"},\"thumbnailUrl\":\"https:\/\/appsaf.apieproject.com\/news\/wp-content\/uploads\/sites\/29\/2023\/11\/jad20231107-ass-burkina-ib-allende-pinoche-glez-80c1e2a28e31533ff70f535a95230b17.jpg\",\"datePublished\":\"2023-11-13T17:33:36+00:00\",\"dateModified\":\"2023-11-13T17:33:38+00:00\",\"breadcrumb\":{\"@id\":\"https:\/\/appsaf.apieproject.com\/news\/fr\/2023\/11\/13\/ibrahim-traore-nouveau-salvador-allende-du-burkina-faso\/#breadcrumb\"},\"inLanguage\":\"fr-FR\",\"potentialAction\":[{\"@type\":\"ReadAction\",\"target\":[\"https:\/\/appsaf.apieproject.com\/news\/fr\/2023\/11\/13\/ibrahim-traore-nouveau-salvador-allende-du-burkina-faso\/\"]}]},{\"@type\":\"ImageObject\",\"inLanguage\":\"fr-FR\",\"@id\":\"https:\/\/appsaf.apieproject.com\/news\/fr\/2023\/11\/13\/ibrahim-traore-nouveau-salvador-allende-du-burkina-faso\/#primaryimage\",\"url\":\"https:\/\/appsaf.apieproject.com\/news\/wp-content\/uploads\/sites\/29\/2023\/11\/jad20231107-ass-burkina-ib-allende-pinoche-glez-80c1e2a28e31533ff70f535a95230b17.jpg\",\"contentUrl\":\"https:\/\/appsaf.apieproject.com\/news\/wp-content\/uploads\/sites\/29\/2023\/11\/jad20231107-ass-burkina-ib-allende-pinoche-glez-80c1e2a28e31533ff70f535a95230b17.jpg\",\"width\":750,\"height\":500},{\"@type\":\"BreadcrumbList\",\"@id\":\"https:\/\/appsaf.apieproject.com\/news\/fr\/2023\/11\/13\/ibrahim-traore-nouveau-salvador-allende-du-burkina-faso\/#breadcrumb\",\"itemListElement\":[{\"@type\":\"ListItem\",\"position\":1,\"name\":\"Home\",\"item\":\"https:\/\/appsaf.apieproject.com\/news\/fr\/home\/\"},{\"@type\":\"ListItem\",\"position\":2,\"name\":\"Ibrahim Traor\u00e9, Nouveau Salvador Allende Du Burkina Faso\"}]},{\"@type\":\"WebSite\",\"@id\":\"https:\/\/appsaf.apieproject.com\/news\/#website\",\"url\":\"https:\/\/appsaf.apieproject.com\/news\/\",\"name\":\"APIE NEWS\",\"description\":\"PANAFRICANISM NEWS PORTAL\",\"publisher\":{\"@id\":\"https:\/\/appsaf.apieproject.com\/news\/#organization\"},\"potentialAction\":[{\"@type\":\"SearchAction\",\"target\":{\"@type\":\"EntryPoint\",\"urlTemplate\":\"https:\/\/appsaf.apieproject.com\/news\/?s={search_term_string}\"},\"query-input\":{\"@type\":\"PropertyValueSpecification\",\"valueRequired\":true,\"valueName\":\"search_term_string\"}}],\"inLanguage\":\"fr-FR\"},{\"@type\":\"Organization\",\"@id\":\"https:\/\/appsaf.apieproject.com\/news\/#organization\",\"name\":\"APIE PROJECT\",\"url\":\"https:\/\/appsaf.apieproject.com\/news\/\",\"logo\":{\"@type\":\"ImageObject\",\"inLanguage\":\"fr-FR\",\"@id\":\"https:\/\/appsaf.apieproject.com\/news\/#\/schema\/logo\/image\/\",\"url\":\"https:\/\/appsaf.apieproject.com\/news\/wp-content\/uploads\/sites\/29\/2022\/07\/logo-R-TransparentBackground.png\",\"contentUrl\":\"https:\/\/appsaf.apieproject.com\/news\/wp-content\/uploads\/sites\/29\/2022\/07\/logo-R-TransparentBackground.png\",\"width\":512,\"height\":512,\"caption\":\"APIE PROJECT\"},\"image\":{\"@id\":\"https:\/\/appsaf.apieproject.com\/news\/#\/schema\/logo\/image\/\"},\"sameAs\":[\"https:\/\/facebook.com\/apieproject\",\"https:\/\/x.com\/apieproject\"]},{\"@type\":\"Person\",\"@id\":\"https:\/\/appsaf.apieproject.com\/news\/#\/schema\/person\/399517cac378948cd7b39086f9ddc2a7\",\"name\":\"staff\",\"image\":{\"@type\":\"ImageObject\",\"inLanguage\":\"fr-FR\",\"@id\":\"https:\/\/appsaf.apieproject.com\/news\/#\/schema\/person\/image\/\",\"url\":\"https:\/\/secure.gravatar.com\/avatar\/5386283c5db150efe261184bd59f072a?s=96&d=mm&r=g\",\"contentUrl\":\"https:\/\/secure.gravatar.com\/avatar\/5386283c5db150efe261184bd59f072a?s=96&d=mm&r=g\",\"caption\":\"staff\"},\"url\":\"https:\/\/appsaf.apieproject.com\/news\/fr\/author\/staff\/\"}]}<\/script>\n<!-- \/ Yoast SEO plugin. -->","yoast_head_json":{"title":"Ibrahim Traor\u00e9, Nouveau Salvador Allende Du Burkina Faso - APIE NEWS","robots":{"index":"index","follow":"follow","max-snippet":"max-snippet:-1","max-image-preview":"max-image-preview:large","max-video-preview":"max-video-preview:-1"},"canonical":"https:\/\/appsaf.apieproject.com\/news\/fr\/2023\/11\/13\/ibrahim-traore-nouveau-salvador-allende-du-burkina-faso\/","og_locale":"fr_FR","og_type":"article","og_title":"Ibrahim Traor\u00e9, Nouveau Salvador Allende Du Burkina Faso - APIE NEWS","og_description":"\u00c0 Ouagadougou, o\u00f9 chacun revendique des lauriers r\u00e9volutionnaires, le Premier ministre en appelle \u00e0 la m\u00e9moire d\u2019un martyr chilien d\u00e9mocrate.","og_url":"https:\/\/appsaf.apieproject.com\/news\/fr\/2023\/11\/13\/ibrahim-traore-nouveau-salvador-allende-du-burkina-faso\/","og_site_name":"APIE NEWS","article_publisher":"https:\/\/facebook.com\/apieproject","article_published_time":"2023-11-13T17:33:36+00:00","article_modified_time":"2023-11-13T17:33:38+00:00","og_image":[{"width":750,"height":500,"url":"https:\/\/appsaf.apieproject.com\/news\/wp-content\/uploads\/sites\/29\/2023\/11\/jad20231107-ass-burkina-ib-allende-pinoche-glez-80c1e2a28e31533ff70f535a95230b17.jpg","type":"image\/jpeg"}],"author":"staff","twitter_card":"summary_large_image","twitter_creator":"@apieproject","twitter_site":"@apieproject","twitter_misc":{"\u00c9crit par":"staff","Dur\u00e9e de lecture estim\u00e9e":"2 minutes"},"schema":{"@context":"https:\/\/schema.org","@graph":[{"@type":"Article","@id":"https:\/\/appsaf.apieproject.com\/news\/fr\/2023\/11\/13\/ibrahim-traore-nouveau-salvador-allende-du-burkina-faso\/#article","isPartOf":{"@id":"https:\/\/appsaf.apieproject.com\/news\/fr\/2023\/11\/13\/ibrahim-traore-nouveau-salvador-allende-du-burkina-faso\/"},"author":{"name":"staff","@id":"https:\/\/appsaf.apieproject.com\/news\/#\/schema\/person\/399517cac378948cd7b39086f9ddc2a7"},"headline":"Ibrahim Traor\u00e9, Nouveau Salvador Allende Du Burkina Faso","datePublished":"2023-11-13T17:33:36+00:00","dateModified":"2023-11-13T17:33:38+00:00","mainEntityOfPage":{"@id":"https:\/\/appsaf.apieproject.com\/news\/fr\/2023\/11\/13\/ibrahim-traore-nouveau-salvador-allende-du-burkina-faso\/"},"wordCount":452,"commentCount":0,"publisher":{"@id":"https:\/\/appsaf.apieproject.com\/news\/#organization"},"image":{"@id":"https:\/\/appsaf.apieproject.com\/news\/fr\/2023\/11\/13\/ibrahim-traore-nouveau-salvador-allende-du-burkina-faso\/#primaryimage"},"thumbnailUrl":"https:\/\/appsaf.apieproject.com\/news\/wp-content\/uploads\/sites\/29\/2023\/11\/jad20231107-ass-burkina-ib-allende-pinoche-glez-80c1e2a28e31533ff70f535a95230b17.jpg","keywords":["actualites","apie project","politique"],"articleSection":["Actualit\u00e9s","Politique"],"inLanguage":"fr-FR","potentialAction":[{"@type":"CommentAction","name":"Comment","target":["https:\/\/appsaf.apieproject.com\/news\/fr\/2023\/11\/13\/ibrahim-traore-nouveau-salvador-allende-du-burkina-faso\/#respond"]}]},{"@type":"WebPage","@id":"https:\/\/appsaf.apieproject.com\/news\/fr\/2023\/11\/13\/ibrahim-traore-nouveau-salvador-allende-du-burkina-faso\/","url":"https:\/\/appsaf.apieproject.com\/news\/fr\/2023\/11\/13\/ibrahim-traore-nouveau-salvador-allende-du-burkina-faso\/","name":"Ibrahim Traor\u00e9, Nouveau Salvador Allende Du Burkina Faso - APIE NEWS","isPartOf":{"@id":"https:\/\/appsaf.apieproject.com\/news\/#website"},"primaryImageOfPage":{"@id":"https:\/\/appsaf.apieproject.com\/news\/fr\/2023\/11\/13\/ibrahim-traore-nouveau-salvador-allende-du-burkina-faso\/#primaryimage"},"image":{"@id":"https:\/\/appsaf.apieproject.com\/news\/fr\/2023\/11\/13\/ibrahim-traore-nouveau-salvador-allende-du-burkina-faso\/#primaryimage"},"thumbnailUrl":"https:\/\/appsaf.apieproject.com\/news\/wp-content\/uploads\/sites\/29\/2023\/11\/jad20231107-ass-burkina-ib-allende-pinoche-glez-80c1e2a28e31533ff70f535a95230b17.jpg","datePublished":"2023-11-13T17:33:36+00:00","dateModified":"2023-11-13T17:33:38+00:00","breadcrumb":{"@id":"https:\/\/appsaf.apieproject.com\/news\/fr\/2023\/11\/13\/ibrahim-traore-nouveau-salvador-allende-du-burkina-faso\/#breadcrumb"},"inLanguage":"fr-FR","potentialAction":[{"@type":"ReadAction","target":["https:\/\/appsaf.apieproject.com\/news\/fr\/2023\/11\/13\/ibrahim-traore-nouveau-salvador-allende-du-burkina-faso\/"]}]},{"@type":"ImageObject","inLanguage":"fr-FR","@id":"https:\/\/appsaf.apieproject.com\/news\/fr\/2023\/11\/13\/ibrahim-traore-nouveau-salvador-allende-du-burkina-faso\/#primaryimage","url":"https:\/\/appsaf.apieproject.com\/news\/wp-content\/uploads\/sites\/29\/2023\/11\/jad20231107-ass-burkina-ib-allende-pinoche-glez-80c1e2a28e31533ff70f535a95230b17.jpg","contentUrl":"https:\/\/appsaf.apieproject.com\/news\/wp-content\/uploads\/sites\/29\/2023\/11\/jad20231107-ass-burkina-ib-allende-pinoche-glez-80c1e2a28e31533ff70f535a95230b17.jpg","width":750,"height":500},{"@type":"BreadcrumbList","@id":"https:\/\/appsaf.apieproject.com\/news\/fr\/2023\/11\/13\/ibrahim-traore-nouveau-salvador-allende-du-burkina-faso\/#breadcrumb","itemListElement":[{"@type":"ListItem","position":1,"name":"Home","item":"https:\/\/appsaf.apieproject.com\/news\/fr\/home\/"},{"@type":"ListItem","position":2,"name":"Ibrahim Traor\u00e9, Nouveau Salvador Allende Du Burkina Faso"}]},{"@type":"WebSite","@id":"https:\/\/appsaf.apieproject.com\/news\/#website","url":"https:\/\/appsaf.apieproject.com\/news\/","name":"APIE NEWS","description":"PANAFRICANISM NEWS PORTAL","publisher":{"@id":"https:\/\/appsaf.apieproject.com\/news\/#organization"},"potentialAction":[{"@type":"SearchAction","target":{"@type":"EntryPoint","urlTemplate":"https:\/\/appsaf.apieproject.com\/news\/?s={search_term_string}"},"query-input":{"@type":"PropertyValueSpecification","valueRequired":true,"valueName":"search_term_string"}}],"inLanguage":"fr-FR"},{"@type":"Organization","@id":"https:\/\/appsaf.apieproject.com\/news\/#organization","name":"APIE PROJECT","url":"https:\/\/appsaf.apieproject.com\/news\/","logo":{"@type":"ImageObject","inLanguage":"fr-FR","@id":"https:\/\/appsaf.apieproject.com\/news\/#\/schema\/logo\/image\/","url":"https:\/\/appsaf.apieproject.com\/news\/wp-content\/uploads\/sites\/29\/2022\/07\/logo-R-TransparentBackground.png","contentUrl":"https:\/\/appsaf.apieproject.com\/news\/wp-content\/uploads\/sites\/29\/2022\/07\/logo-R-TransparentBackground.png","width":512,"height":512,"caption":"APIE PROJECT"},"image":{"@id":"https:\/\/appsaf.apieproject.com\/news\/#\/schema\/logo\/image\/"},"sameAs":["https:\/\/facebook.com\/apieproject","https:\/\/x.com\/apieproject"]},{"@type":"Person","@id":"https:\/\/appsaf.apieproject.com\/news\/#\/schema\/person\/399517cac378948cd7b39086f9ddc2a7","name":"staff","image":{"@type":"ImageObject","inLanguage":"fr-FR","@id":"https:\/\/appsaf.apieproject.com\/news\/#\/schema\/person\/image\/","url":"https:\/\/secure.gravatar.com\/avatar\/5386283c5db150efe261184bd59f072a?s=96&d=mm&r=g","contentUrl":"https:\/\/secure.gravatar.com\/avatar\/5386283c5db150efe261184bd59f072a?s=96&d=mm&r=g","caption":"staff"},"url":"https:\/\/appsaf.apieproject.com\/news\/fr\/author\/staff\/"}]}},"_links":{"self":[{"href":"https:\/\/appsaf.apieproject.com\/news\/fr\/wp-json\/wp\/v2\/posts\/35504","targetHints":{"allow":["GET"]}}],"collection":[{"href":"https:\/\/appsaf.apieproject.com\/news\/fr\/wp-json\/wp\/v2\/posts"}],"about":[{"href":"https:\/\/appsaf.apieproject.com\/news\/fr\/wp-json\/wp\/v2\/types\/post"}],"author":[{"embeddable":true,"href":"https:\/\/appsaf.apieproject.com\/news\/fr\/wp-json\/wp\/v2\/users\/12963"}],"replies":[{"embeddable":true,"href":"https:\/\/appsaf.apieproject.com\/news\/fr\/wp-json\/wp\/v2\/comments?post=35504"}],"version-history":[{"count":1,"href":"https:\/\/appsaf.apieproject.com\/news\/fr\/wp-json\/wp\/v2\/posts\/35504\/revisions"}],"predecessor-version":[{"id":35836,"href":"https:\/\/appsaf.apieproject.com\/news\/fr\/wp-json\/wp\/v2\/posts\/35504\/revisions\/35836"}],"wp:featuredmedia":[{"embeddable":true,"href":"https:\/\/appsaf.apieproject.com\/news\/fr\/wp-json\/wp\/v2\/media\/35501"}],"wp:attachment":[{"href":"https:\/\/appsaf.apieproject.com\/news\/fr\/wp-json\/wp\/v2\/media?parent=35504"}],"wp:term":[{"taxonomy":"category","embeddable":true,"href":"https:\/\/appsaf.apieproject.com\/news\/fr\/wp-json\/wp\/v2\/categories?post=35504"},{"taxonomy":"post_tag","embeddable":true,"href":"https:\/\/appsaf.apieproject.com\/news\/fr\/wp-json\/wp\/v2\/tags?post=35504"}],"curies":[{"name":"wp","href":"https:\/\/api.w.org\/{rel}","templated":true}]}}