{"id":35508,"date":"2023-11-13T17:34:51","date_gmt":"2023-11-13T17:34:51","guid":{"rendered":"https:\/\/appsaf.apieproject.com\/news\/?p=35508"},"modified":"2023-11-13T17:34:53","modified_gmt":"2023-11-13T17:34:53","slug":"washington-appelle-le-rwanda-et-la-rdc-a-la-desescalade","status":"publish","type":"post","link":"https:\/\/appsaf.apieproject.com\/news\/fr\/2023\/11\/13\/washington-appelle-le-rwanda-et-la-rdc-a-la-desescalade\/","title":{"rendered":"Washington Appelle Le Rwanda Et La RDC A La D\u00e9sescalade"},"content":{"rendered":"<p>Antony Blinken s\u2019est entretenu s\u00e9par\u00e9ment par t\u00e9l\u00e9phone avec le pr\u00e9sident rwandais, Paul Kagame, et le chef de l\u2019\u00c9tat congolais, F\u00e9lix Tshisekedi, au sujet de la \u00ab situation instable \u00bb \u00e0 la fronti\u00e8re entre leurs deux pays, a indiqu\u00e9 le D\u00e9partement d\u2019\u00c9tat am\u00e9ricain.<\/p>\n<p>Le secr\u00e9taire d\u2019\u00c9tat \u00ab a plaid\u00e9 en faveur d\u2019une solution diplomatique aux tensions entre les deux pays et a exhort\u00e9 chaque partie \u00e0 prendre des mesures pour d\u00e9samorcer la situation, y compris le retrait des troupes de la fronti\u00e8re \u00bb, a d\u00e9clar\u00e9 le porte-parole du D\u00e9partement d\u2019\u00c9tat, Matthew Miller, dans un communiqu\u00e9.<\/p>\n<p>Combats dans les r\u00e9gions de Rutshuru et Masisi<\/p>\n<p>Les combats se sont intensifi\u00e9s depuis d\u00e9but octobre au nord de Goma, la capitale du Nord-Kivu, entre la r\u00e9bellion du M23 et les Forces arm\u00e9es de RDC (FARDC). Fin 2021, la r\u00e9surgence du M23, soutenu par le Rwanda voisin selon de nombreuses sources, a provoqu\u00e9 le d\u00e9placement de centaines de milliers de Congolais. Pr\u00e8s de 200 000 personnes ont fui leur domicile en raison des combats qui ont repris depuis le 1er octobre dans les r\u00e9gions de Rutshuru et Masisi, au nord de Goma, selon Bureau de la coordination des affaires humanitaires de l\u2019ONU, Ocha. Un nombre record de 6,9 millions de personnes sont d\u00e9plac\u00e9es \u00e0 l\u2019int\u00e9rieur de la RDC, selon les Nations unies.<\/p>\n<p>Apr\u00e8s une pr\u00e9c\u00e9dente flamb\u00e9e de violence l\u2019ann\u00e9e derni\u00e8re, Antony Blinken s\u2019est rendu dans les deux pays. Il a publiquement soutenu les affirmations de Kinshasa selon lesquelles Kigali soutenait les rebelles. All\u00e9gations que nie le gouvernement de Paul Kagame.<\/p>\n","protected":false},"excerpt":{"rendered":"<p>Le secr\u00e9taire d\u2019\u00c9tat am\u00e9ricain Antony Blinken a demand\u00e9 \u00e0 F\u00e9lix Tshisekedi et Paul Kagame de parvenir \u00e0 \u00ab une solution diplomatique \u00bb apr\u00e8s une recrudescence des affrontements avec le M23.<\/p>\n","protected":false},"author":12963,"featured_media":35505,"comment_status":"open","ping_status":"open","sticky":false,"template":"","format":"standard","meta":{"footnotes":""},"categories":[67,69],"tags":[81,78,82],"class_list":{"0":"post-35508","1":"post","2":"type-post","3":"status-publish","4":"format-standard","5":"has-post-thumbnail","7":"category-actualites","8":"category-politique","9":"tag-actualites","10":"tag-apie-project-2","11":"tag-politique"},"yoast_head":"<!-- This site is optimized with the Yoast SEO plugin v24.4 - https:\/\/yoast.com\/wordpress\/plugins\/seo\/ -->\n<title>Washington Appelle Le Rwanda Et La RDC A La D\u00e9sescalade - APIE NEWS<\/title>\n<meta name=\"robots\" content=\"index, follow, max-snippet:-1, max-image-preview:large, max-video-preview:-1\" \/>\n<link rel=\"canonical\" href=\"https:\/\/appsaf.apieproject.com\/news\/fr\/2023\/11\/13\/washington-appelle-le-rwanda-et-la-rdc-a-la-desescalade\/\" \/>\n<meta property=\"og:locale\" content=\"fr_FR\" \/>\n<meta property=\"og:type\" content=\"article\" \/>\n<meta property=\"og:title\" content=\"Washington Appelle Le Rwanda Et La RDC A La D\u00e9sescalade - APIE NEWS\" \/>\n<meta property=\"og:description\" content=\"Le secr\u00e9taire d\u2019\u00c9tat am\u00e9ricain Antony Blinken a demand\u00e9 \u00e0 F\u00e9lix Tshisekedi et Paul Kagame de parvenir \u00e0 \u00ab une solution diplomatique \u00bb apr\u00e8s une recrudescence des affrontements avec le M23.\" \/>\n<meta property=\"og:url\" content=\"https:\/\/appsaf.apieproject.com\/news\/fr\/2023\/11\/13\/washington-appelle-le-rwanda-et-la-rdc-a-la-desescalade\/\" \/>\n<meta property=\"og:site_name\" content=\"APIE NEWS\" \/>\n<meta property=\"article:publisher\" content=\"https:\/\/facebook.com\/apieproject\" \/>\n<meta property=\"article:published_time\" content=\"2023-11-13T17:34:51+00:00\" \/>\n<meta property=\"article:modified_time\" content=\"2023-11-13T17:34:53+00:00\" \/>\n<meta property=\"og:image\" content=\"https:\/\/appsaf.apieproject.com\/news\/wp-content\/uploads\/sites\/29\/2023\/11\/blinken_antony_us_afp_ja-scaled-91807efc53c0befc8a7dc4f941c5b17c.jpg\" \/>\n\t<meta property=\"og:image:width\" content=\"750\" \/>\n\t<meta property=\"og:image:height\" content=\"500\" \/>\n\t<meta property=\"og:image:type\" content=\"image\/jpeg\" \/>\n<meta name=\"author\" content=\"staff\" \/>\n<meta name=\"twitter:card\" content=\"summary_large_image\" \/>\n<meta name=\"twitter:creator\" content=\"@apieproject\" \/>\n<meta name=\"twitter:site\" content=\"@apieproject\" \/>\n<meta name=\"twitter:label1\" content=\"\u00c9crit par\" \/>\n\t<meta name=\"twitter:data1\" content=\"staff\" \/>\n\t<meta name=\"twitter:label2\" content=\"Dur\u00e9e de lecture estim\u00e9e\" \/>\n\t<meta name=\"twitter:data2\" content=\"1 minute\" \/>\n<script type=\"application\/ld+json\" class=\"yoast-schema-graph\">{\"@context\":\"https:\/\/schema.org\",\"@graph\":[{\"@type\":\"Article\",\"@id\":\"https:\/\/appsaf.apieproject.com\/news\/fr\/2023\/11\/13\/washington-appelle-le-rwanda-et-la-rdc-a-la-desescalade\/#article\",\"isPartOf\":{\"@id\":\"https:\/\/appsaf.apieproject.com\/news\/fr\/2023\/11\/13\/washington-appelle-le-rwanda-et-la-rdc-a-la-desescalade\/\"},\"author\":{\"name\":\"staff\",\"@id\":\"https:\/\/appsaf.apieproject.com\/news\/#\/schema\/person\/399517cac378948cd7b39086f9ddc2a7\"},\"headline\":\"Washington Appelle Le Rwanda Et La RDC A La D\u00e9sescalade\",\"datePublished\":\"2023-11-13T17:34:51+00:00\",\"dateModified\":\"2023-11-13T17:34:53+00:00\",\"mainEntityOfPage\":{\"@id\":\"https:\/\/appsaf.apieproject.com\/news\/fr\/2023\/11\/13\/washington-appelle-le-rwanda-et-la-rdc-a-la-desescalade\/\"},\"wordCount\":297,\"commentCount\":0,\"publisher\":{\"@id\":\"https:\/\/appsaf.apieproject.com\/news\/#organization\"},\"image\":{\"@id\":\"https:\/\/appsaf.apieproject.com\/news\/fr\/2023\/11\/13\/washington-appelle-le-rwanda-et-la-rdc-a-la-desescalade\/#primaryimage\"},\"thumbnailUrl\":\"https:\/\/appsaf.apieproject.com\/news\/wp-content\/uploads\/sites\/29\/2023\/11\/blinken_antony_us_afp_ja-scaled-91807efc53c0befc8a7dc4f941c5b17c.jpg\",\"keywords\":[\"actualites\",\"apie project\",\"politique\"],\"articleSection\":[\"Actualit\u00e9s\",\"Politique\"],\"inLanguage\":\"fr-FR\",\"potentialAction\":[{\"@type\":\"CommentAction\",\"name\":\"Comment\",\"target\":[\"https:\/\/appsaf.apieproject.com\/news\/fr\/2023\/11\/13\/washington-appelle-le-rwanda-et-la-rdc-a-la-desescalade\/#respond\"]}]},{\"@type\":\"WebPage\",\"@id\":\"https:\/\/appsaf.apieproject.com\/news\/fr\/2023\/11\/13\/washington-appelle-le-rwanda-et-la-rdc-a-la-desescalade\/\",\"url\":\"https:\/\/appsaf.apieproject.com\/news\/fr\/2023\/11\/13\/washington-appelle-le-rwanda-et-la-rdc-a-la-desescalade\/\",\"name\":\"Washington Appelle Le Rwanda Et La RDC A La D\u00e9sescalade - APIE NEWS\",\"isPartOf\":{\"@id\":\"https:\/\/appsaf.apieproject.com\/news\/#website\"},\"primaryImageOfPage\":{\"@id\":\"https:\/\/appsaf.apieproject.com\/news\/fr\/2023\/11\/13\/washington-appelle-le-rwanda-et-la-rdc-a-la-desescalade\/#primaryimage\"},\"image\":{\"@id\":\"https:\/\/appsaf.apieproject.com\/news\/fr\/2023\/11\/13\/washington-appelle-le-rwanda-et-la-rdc-a-la-desescalade\/#primaryimage\"},\"thumbnailUrl\":\"https:\/\/appsaf.apieproject.com\/news\/wp-content\/uploads\/sites\/29\/2023\/11\/blinken_antony_us_afp_ja-scaled-91807efc53c0befc8a7dc4f941c5b17c.jpg\",\"datePublished\":\"2023-11-13T17:34:51+00:00\",\"dateModified\":\"2023-11-13T17:34:53+00:00\",\"breadcrumb\":{\"@id\":\"https:\/\/appsaf.apieproject.com\/news\/fr\/2023\/11\/13\/washington-appelle-le-rwanda-et-la-rdc-a-la-desescalade\/#breadcrumb\"},\"inLanguage\":\"fr-FR\",\"potentialAction\":[{\"@type\":\"ReadAction\",\"target\":[\"https:\/\/appsaf.apieproject.com\/news\/fr\/2023\/11\/13\/washington-appelle-le-rwanda-et-la-rdc-a-la-desescalade\/\"]}]},{\"@type\":\"ImageObject\",\"inLanguage\":\"fr-FR\",\"@id\":\"https:\/\/appsaf.apieproject.com\/news\/fr\/2023\/11\/13\/washington-appelle-le-rwanda-et-la-rdc-a-la-desescalade\/#primaryimage\",\"url\":\"https:\/\/appsaf.apieproject.com\/news\/wp-content\/uploads\/sites\/29\/2023\/11\/blinken_antony_us_afp_ja-scaled-91807efc53c0befc8a7dc4f941c5b17c.jpg\",\"contentUrl\":\"https:\/\/appsaf.apieproject.com\/news\/wp-content\/uploads\/sites\/29\/2023\/11\/blinken_antony_us_afp_ja-scaled-91807efc53c0befc8a7dc4f941c5b17c.jpg\",\"width\":750,\"height\":500},{\"@type\":\"BreadcrumbList\",\"@id\":\"https:\/\/appsaf.apieproject.com\/news\/fr\/2023\/11\/13\/washington-appelle-le-rwanda-et-la-rdc-a-la-desescalade\/#breadcrumb\",\"itemListElement\":[{\"@type\":\"ListItem\",\"position\":1,\"name\":\"Home\",\"item\":\"https:\/\/appsaf.apieproject.com\/news\/fr\/home\/\"},{\"@type\":\"ListItem\",\"position\":2,\"name\":\"Washington Appelle Le Rwanda Et La RDC A La D\u00e9sescalade\"}]},{\"@type\":\"WebSite\",\"@id\":\"https:\/\/appsaf.apieproject.com\/news\/#website\",\"url\":\"https:\/\/appsaf.apieproject.com\/news\/\",\"name\":\"APIE NEWS\",\"description\":\"PANAFRICANISM NEWS PORTAL\",\"publisher\":{\"@id\":\"https:\/\/appsaf.apieproject.com\/news\/#organization\"},\"potentialAction\":[{\"@type\":\"SearchAction\",\"target\":{\"@type\":\"EntryPoint\",\"urlTemplate\":\"https:\/\/appsaf.apieproject.com\/news\/?s={search_term_string}\"},\"query-input\":{\"@type\":\"PropertyValueSpecification\",\"valueRequired\":true,\"valueName\":\"search_term_string\"}}],\"inLanguage\":\"fr-FR\"},{\"@type\":\"Organization\",\"@id\":\"https:\/\/appsaf.apieproject.com\/news\/#organization\",\"name\":\"APIE PROJECT\",\"url\":\"https:\/\/appsaf.apieproject.com\/news\/\",\"logo\":{\"@type\":\"ImageObject\",\"inLanguage\":\"fr-FR\",\"@id\":\"https:\/\/appsaf.apieproject.com\/news\/#\/schema\/logo\/image\/\",\"url\":\"https:\/\/appsaf.apieproject.com\/news\/wp-content\/uploads\/sites\/29\/2022\/07\/logo-R-TransparentBackground.png\",\"contentUrl\":\"https:\/\/appsaf.apieproject.com\/news\/wp-content\/uploads\/sites\/29\/2022\/07\/logo-R-TransparentBackground.png\",\"width\":512,\"height\":512,\"caption\":\"APIE PROJECT\"},\"image\":{\"@id\":\"https:\/\/appsaf.apieproject.com\/news\/#\/schema\/logo\/image\/\"},\"sameAs\":[\"https:\/\/facebook.com\/apieproject\",\"https:\/\/x.com\/apieproject\"]},{\"@type\":\"Person\",\"@id\":\"https:\/\/appsaf.apieproject.com\/news\/#\/schema\/person\/399517cac378948cd7b39086f9ddc2a7\",\"name\":\"staff\",\"image\":{\"@type\":\"ImageObject\",\"inLanguage\":\"fr-FR\",\"@id\":\"https:\/\/appsaf.apieproject.com\/news\/#\/schema\/person\/image\/\",\"url\":\"https:\/\/secure.gravatar.com\/avatar\/5386283c5db150efe261184bd59f072a?s=96&d=mm&r=g\",\"contentUrl\":\"https:\/\/secure.gravatar.com\/avatar\/5386283c5db150efe261184bd59f072a?s=96&d=mm&r=g\",\"caption\":\"staff\"},\"url\":\"https:\/\/appsaf.apieproject.com\/news\/fr\/author\/staff\/\"}]}<\/script>\n<!-- \/ Yoast SEO plugin. -->","yoast_head_json":{"title":"Washington Appelle Le Rwanda Et La RDC A La D\u00e9sescalade - APIE NEWS","robots":{"index":"index","follow":"follow","max-snippet":"max-snippet:-1","max-image-preview":"max-image-preview:large","max-video-preview":"max-video-preview:-1"},"canonical":"https:\/\/appsaf.apieproject.com\/news\/fr\/2023\/11\/13\/washington-appelle-le-rwanda-et-la-rdc-a-la-desescalade\/","og_locale":"fr_FR","og_type":"article","og_title":"Washington Appelle Le Rwanda Et La RDC A La D\u00e9sescalade - APIE NEWS","og_description":"Le secr\u00e9taire d\u2019\u00c9tat am\u00e9ricain Antony Blinken a demand\u00e9 \u00e0 F\u00e9lix Tshisekedi et Paul Kagame de parvenir \u00e0 \u00ab une solution diplomatique \u00bb apr\u00e8s une recrudescence des affrontements avec le M23.","og_url":"https:\/\/appsaf.apieproject.com\/news\/fr\/2023\/11\/13\/washington-appelle-le-rwanda-et-la-rdc-a-la-desescalade\/","og_site_name":"APIE NEWS","article_publisher":"https:\/\/facebook.com\/apieproject","article_published_time":"2023-11-13T17:34:51+00:00","article_modified_time":"2023-11-13T17:34:53+00:00","og_image":[{"width":750,"height":500,"url":"https:\/\/appsaf.apieproject.com\/news\/wp-content\/uploads\/sites\/29\/2023\/11\/blinken_antony_us_afp_ja-scaled-91807efc53c0befc8a7dc4f941c5b17c.jpg","type":"image\/jpeg"}],"author":"staff","twitter_card":"summary_large_image","twitter_creator":"@apieproject","twitter_site":"@apieproject","twitter_misc":{"\u00c9crit par":"staff","Dur\u00e9e de lecture estim\u00e9e":"1 minute"},"schema":{"@context":"https:\/\/schema.org","@graph":[{"@type":"Article","@id":"https:\/\/appsaf.apieproject.com\/news\/fr\/2023\/11\/13\/washington-appelle-le-rwanda-et-la-rdc-a-la-desescalade\/#article","isPartOf":{"@id":"https:\/\/appsaf.apieproject.com\/news\/fr\/2023\/11\/13\/washington-appelle-le-rwanda-et-la-rdc-a-la-desescalade\/"},"author":{"name":"staff","@id":"https:\/\/appsaf.apieproject.com\/news\/#\/schema\/person\/399517cac378948cd7b39086f9ddc2a7"},"headline":"Washington Appelle Le Rwanda Et La RDC A La D\u00e9sescalade","datePublished":"2023-11-13T17:34:51+00:00","dateModified":"2023-11-13T17:34:53+00:00","mainEntityOfPage":{"@id":"https:\/\/appsaf.apieproject.com\/news\/fr\/2023\/11\/13\/washington-appelle-le-rwanda-et-la-rdc-a-la-desescalade\/"},"wordCount":297,"commentCount":0,"publisher":{"@id":"https:\/\/appsaf.apieproject.com\/news\/#organization"},"image":{"@id":"https:\/\/appsaf.apieproject.com\/news\/fr\/2023\/11\/13\/washington-appelle-le-rwanda-et-la-rdc-a-la-desescalade\/#primaryimage"},"thumbnailUrl":"https:\/\/appsaf.apieproject.com\/news\/wp-content\/uploads\/sites\/29\/2023\/11\/blinken_antony_us_afp_ja-scaled-91807efc53c0befc8a7dc4f941c5b17c.jpg","keywords":["actualites","apie project","politique"],"articleSection":["Actualit\u00e9s","Politique"],"inLanguage":"fr-FR","potentialAction":[{"@type":"CommentAction","name":"Comment","target":["https:\/\/appsaf.apieproject.com\/news\/fr\/2023\/11\/13\/washington-appelle-le-rwanda-et-la-rdc-a-la-desescalade\/#respond"]}]},{"@type":"WebPage","@id":"https:\/\/appsaf.apieproject.com\/news\/fr\/2023\/11\/13\/washington-appelle-le-rwanda-et-la-rdc-a-la-desescalade\/","url":"https:\/\/appsaf.apieproject.com\/news\/fr\/2023\/11\/13\/washington-appelle-le-rwanda-et-la-rdc-a-la-desescalade\/","name":"Washington Appelle Le Rwanda Et La RDC A La D\u00e9sescalade - APIE NEWS","isPartOf":{"@id":"https:\/\/appsaf.apieproject.com\/news\/#website"},"primaryImageOfPage":{"@id":"https:\/\/appsaf.apieproject.com\/news\/fr\/2023\/11\/13\/washington-appelle-le-rwanda-et-la-rdc-a-la-desescalade\/#primaryimage"},"image":{"@id":"https:\/\/appsaf.apieproject.com\/news\/fr\/2023\/11\/13\/washington-appelle-le-rwanda-et-la-rdc-a-la-desescalade\/#primaryimage"},"thumbnailUrl":"https:\/\/appsaf.apieproject.com\/news\/wp-content\/uploads\/sites\/29\/2023\/11\/blinken_antony_us_afp_ja-scaled-91807efc53c0befc8a7dc4f941c5b17c.jpg","datePublished":"2023-11-13T17:34:51+00:00","dateModified":"2023-11-13T17:34:53+00:00","breadcrumb":{"@id":"https:\/\/appsaf.apieproject.com\/news\/fr\/2023\/11\/13\/washington-appelle-le-rwanda-et-la-rdc-a-la-desescalade\/#breadcrumb"},"inLanguage":"fr-FR","potentialAction":[{"@type":"ReadAction","target":["https:\/\/appsaf.apieproject.com\/news\/fr\/2023\/11\/13\/washington-appelle-le-rwanda-et-la-rdc-a-la-desescalade\/"]}]},{"@type":"ImageObject","inLanguage":"fr-FR","@id":"https:\/\/appsaf.apieproject.com\/news\/fr\/2023\/11\/13\/washington-appelle-le-rwanda-et-la-rdc-a-la-desescalade\/#primaryimage","url":"https:\/\/appsaf.apieproject.com\/news\/wp-content\/uploads\/sites\/29\/2023\/11\/blinken_antony_us_afp_ja-scaled-91807efc53c0befc8a7dc4f941c5b17c.jpg","contentUrl":"https:\/\/appsaf.apieproject.com\/news\/wp-content\/uploads\/sites\/29\/2023\/11\/blinken_antony_us_afp_ja-scaled-91807efc53c0befc8a7dc4f941c5b17c.jpg","width":750,"height":500},{"@type":"BreadcrumbList","@id":"https:\/\/appsaf.apieproject.com\/news\/fr\/2023\/11\/13\/washington-appelle-le-rwanda-et-la-rdc-a-la-desescalade\/#breadcrumb","itemListElement":[{"@type":"ListItem","position":1,"name":"Home","item":"https:\/\/appsaf.apieproject.com\/news\/fr\/home\/"},{"@type":"ListItem","position":2,"name":"Washington Appelle Le Rwanda Et La RDC A La D\u00e9sescalade"}]},{"@type":"WebSite","@id":"https:\/\/appsaf.apieproject.com\/news\/#website","url":"https:\/\/appsaf.apieproject.com\/news\/","name":"APIE NEWS","description":"PANAFRICANISM NEWS PORTAL","publisher":{"@id":"https:\/\/appsaf.apieproject.com\/news\/#organization"},"potentialAction":[{"@type":"SearchAction","target":{"@type":"EntryPoint","urlTemplate":"https:\/\/appsaf.apieproject.com\/news\/?s={search_term_string}"},"query-input":{"@type":"PropertyValueSpecification","valueRequired":true,"valueName":"search_term_string"}}],"inLanguage":"fr-FR"},{"@type":"Organization","@id":"https:\/\/appsaf.apieproject.com\/news\/#organization","name":"APIE PROJECT","url":"https:\/\/appsaf.apieproject.com\/news\/","logo":{"@type":"ImageObject","inLanguage":"fr-FR","@id":"https:\/\/appsaf.apieproject.com\/news\/#\/schema\/logo\/image\/","url":"https:\/\/appsaf.apieproject.com\/news\/wp-content\/uploads\/sites\/29\/2022\/07\/logo-R-TransparentBackground.png","contentUrl":"https:\/\/appsaf.apieproject.com\/news\/wp-content\/uploads\/sites\/29\/2022\/07\/logo-R-TransparentBackground.png","width":512,"height":512,"caption":"APIE PROJECT"},"image":{"@id":"https:\/\/appsaf.apieproject.com\/news\/#\/schema\/logo\/image\/"},"sameAs":["https:\/\/facebook.com\/apieproject","https:\/\/x.com\/apieproject"]},{"@type":"Person","@id":"https:\/\/appsaf.apieproject.com\/news\/#\/schema\/person\/399517cac378948cd7b39086f9ddc2a7","name":"staff","image":{"@type":"ImageObject","inLanguage":"fr-FR","@id":"https:\/\/appsaf.apieproject.com\/news\/#\/schema\/person\/image\/","url":"https:\/\/secure.gravatar.com\/avatar\/5386283c5db150efe261184bd59f072a?s=96&d=mm&r=g","contentUrl":"https:\/\/secure.gravatar.com\/avatar\/5386283c5db150efe261184bd59f072a?s=96&d=mm&r=g","caption":"staff"},"url":"https:\/\/appsaf.apieproject.com\/news\/fr\/author\/staff\/"}]}},"_links":{"self":[{"href":"https:\/\/appsaf.apieproject.com\/news\/fr\/wp-json\/wp\/v2\/posts\/35508","targetHints":{"allow":["GET"]}}],"collection":[{"href":"https:\/\/appsaf.apieproject.com\/news\/fr\/wp-json\/wp\/v2\/posts"}],"about":[{"href":"https:\/\/appsaf.apieproject.com\/news\/fr\/wp-json\/wp\/v2\/types\/post"}],"author":[{"embeddable":true,"href":"https:\/\/appsaf.apieproject.com\/news\/fr\/wp-json\/wp\/v2\/users\/12963"}],"replies":[{"embeddable":true,"href":"https:\/\/appsaf.apieproject.com\/news\/fr\/wp-json\/wp\/v2\/comments?post=35508"}],"version-history":[{"count":1,"href":"https:\/\/appsaf.apieproject.com\/news\/fr\/wp-json\/wp\/v2\/posts\/35508\/revisions"}],"predecessor-version":[{"id":35837,"href":"https:\/\/appsaf.apieproject.com\/news\/fr\/wp-json\/wp\/v2\/posts\/35508\/revisions\/35837"}],"wp:featuredmedia":[{"embeddable":true,"href":"https:\/\/appsaf.apieproject.com\/news\/fr\/wp-json\/wp\/v2\/media\/35505"}],"wp:attachment":[{"href":"https:\/\/appsaf.apieproject.com\/news\/fr\/wp-json\/wp\/v2\/media?parent=35508"}],"wp:term":[{"taxonomy":"category","embeddable":true,"href":"https:\/\/appsaf.apieproject.com\/news\/fr\/wp-json\/wp\/v2\/categories?post=35508"},{"taxonomy":"post_tag","embeddable":true,"href":"https:\/\/appsaf.apieproject.com\/news\/fr\/wp-json\/wp\/v2\/tags?post=35508"}],"curies":[{"name":"wp","href":"https:\/\/api.w.org\/{rel}","templated":true}]}}