{"id":3554,"date":"2022-03-29T00:36:55","date_gmt":"2022-03-29T00:36:55","guid":{"rendered":"https:\/\/appsaf.apieproject.com\/news\/?p=3554"},"modified":"2022-03-29T00:36:56","modified_gmt":"2022-03-29T00:36:56","slug":"suspension-de-rfi-et-france-24-la-decision-salutaire-dassimi-goita","status":"publish","type":"post","link":"https:\/\/appsaf.apieproject.com\/news\/fr\/2022\/03\/29\/suspension-de-rfi-et-france-24-la-decision-salutaire-dassimi-goita\/","title":{"rendered":"Suspension de RFI et France 24 : La d\u00e9cision salutaire d\u2019Assimi Go\u00efta"},"content":{"rendered":"<p>La nuit du mercredi 16 mars au jeudi 17 mars a marqu\u00e9 un tournant particulier dans les vives tensions qui opposent depuis quelque temps d\u00e9j\u00e0 Paris et Bamako. La junte \u00e0 la t\u00eate du Mali a d\u00e9cid\u00e9 de suspendre la diffusion des m\u00e9dias fran\u00e7ais du groupe France M\u00e9dias Monde, France 24 et Radio France International (RFI).<\/p>\n<p>C\u2019est sans doute l\u2019\u00e9v\u00e9nement politique du mois de mars en Afrique. En effet, le 17 mars dernier, le continent se r\u00e9veille avec ce communiqu\u00e9 de la junte qui assure la transition politique au Mali. Dans ce communiqu\u00e9, le gouvernement provisoire annonce le processus de suspension de la diffusion des g\u00e9ants m\u00e9dias fran\u00e7ais France 24 et RFI qui ont pignon sur rue sur l\u2019ensemble du continent depuis des d\u00e9cennies maintenant.<\/p>\n<p>La junte malienne accuse les m\u00e9dias de propager des fausses nouvelles visant \u00e0 discr\u00e9diter l\u2019arm\u00e9e malienne aux yeux des Maliens et du reste du monde. En effet, RFI et France 24 ont propag\u00e9 des informations selon lesquelles l\u2019arm\u00e9e malienne commettrait des exactions sur les populations. Des all\u00e9gations fortement r\u00e9fut\u00e9es par la junte en ces termes :   \u00ab\u00a0le gouvernement malien rejette cat\u00e9goriquement ces fausses all\u00e9gations contre les vaillantes Fama\u00a0\u00bb (Forces arm\u00e9es maliennes) et \u00ab\u00a0engage une proc\u00e9dure [\u2026] pour suspendre jusqu&rsquo;\u00e0 nouvel ordre la diffusion de RFI [\u2026] et France 24\u00a0\u00bb. Communiqu\u00e9 sign\u00e9 par Abdoulaye Ma\u00efga, porte-parole du gouvernement.<br \/>\nComme le pr\u00e9cise le communiqu\u00e9, ces m\u00e9dias fran\u00e7ais sont dans la logique de la radio mille collines qui a particip\u00e9 au d\u00e9clenchement du g\u00e9nocide rwandais en 1994. Ils sont dans une man\u0153uvre consistant \u00e0 jeter l\u2019opprobre sur la junte au Mali. Apr\u00e8s que cette derni\u00e8re a chass\u00e9 la force Barkhane fran\u00e7aise du territoire malien. Ces m\u00e9dias seraient donc des instruments utilis\u00e9s par le gouvernement fran\u00e7ais pour nourrir le sentiment anti-junte malienne.<\/p>\n<p>Comme on s\u2019y attendait, la France \u00e0 travers son pr\u00e9sident Emmanuel Macron, a condamn\u00e9 cette d\u00e9cision. Lors de la conf\u00e9rence de presse organis\u00e9e pour pr\u00e9senter son plan de campagne, le patron de l\u2019Elys\u00e9e a qualifi\u00e9 cette suspension comme \u00e9tant \u00ab\u00a0un signe d&rsquo;une course en avant vers le pire\u00a0\u00bb. Allant dans le m\u00eame sillage il a d\u00e9clar\u00e9 qu\u2019Il \u00ab\u00a0condamne avec la plus grande fermet\u00e9 cette d\u00e9cision qui semble totalement contraire aux valeurs que portent le peuple malien et le Mali depuis son ind\u00e9pendance\u00a0\u00bb. L\u2019Union Europ\u00e9enne elle aussi a condamn\u00e9 cette d\u00e9cision, tout comme le groupe France M\u00e9dias Monde, propri\u00e9taire de France 24 et RFI.<br \/>\nSelon des observateurs, ces condamnations des occidentaux sont totalement illogiques. Ils d\u00e9noncent des atteintes \u00e0 la libert\u00e9 de la presse pourtant, ces m\u00eames occidentaux ont interdit dans une bonne partie de l\u2019Europe la diffusion des m\u00e9dias russes Sputnik et RT, depuis l\u2019invasion de l\u2019Ukraine par la Russie. Est-ce \u00e0 dire que la libert\u00e9 de la presse n\u2019est pas applicable aux m\u00e9dias russes mais seulement aux m\u00e9dias fran\u00e7ais ?<\/p>\n<p>Toujours est-il que le gouvernement de transition reste ferme sur sa d\u00e9cision. Elle a m\u00eame interdit aux chaines de t\u00e9l\u00e9vision et de radios ainsi qu\u2019aux journaux et sites d\u2019informations maliens de publier ou rediffuser les programmes et \u00e9missions des m\u00e9dias France 24 et RFI. De son c\u00f4t\u00e9, le groupe France M\u00e9dias Monde cherche des voies et moyens pour que ses m\u00e9dias continuent d\u2019\u00e9mettre au Mali.<\/p>\n","protected":false},"excerpt":{"rendered":"<p>La nuit du mercredi 16 mars au jeudi 17 mars a marqu\u00e9 un tournant particulier dans les vives tensions qui opposent depuis quelque temps d\u00e9j\u00e0 Paris et Bamako. La junte \u00e0 la t\u00eate du Mali a d\u00e9cid\u00e9 de suspendre la diffusion des m\u00e9dias fran\u00e7ais du groupe France M\u00e9dias Monde, France 24 et Radio France International [&hellip;]<\/p>\n","protected":false},"author":13112,"featured_media":3551,"comment_status":"open","ping_status":"open","sticky":false,"template":"","format":"standard","meta":{"footnotes":""},"categories":[67,69,59],"tags":[81,78,82],"class_list":{"0":"post-3554","1":"post","2":"type-post","3":"status-publish","4":"format-standard","5":"has-post-thumbnail","7":"category-actualites","8":"category-politique","9":"category-speciaux","10":"tag-actualites","11":"tag-apie-project-2","12":"tag-politique"},"yoast_head":"<!-- This site is optimized with the Yoast SEO plugin v24.4 - https:\/\/yoast.com\/wordpress\/plugins\/seo\/ -->\n<title>Suspension de RFI et France 24 : La d\u00e9cision salutaire d\u2019Assimi Go\u00efta - APIE NEWS<\/title>\n<meta name=\"robots\" content=\"index, follow, max-snippet:-1, max-image-preview:large, max-video-preview:-1\" \/>\n<link rel=\"canonical\" href=\"https:\/\/appsaf.apieproject.com\/news\/fr\/2022\/03\/29\/suspension-de-rfi-et-france-24-la-decision-salutaire-dassimi-goita\/\" \/>\n<meta property=\"og:locale\" content=\"fr_FR\" \/>\n<meta property=\"og:type\" content=\"article\" \/>\n<meta property=\"og:title\" content=\"Suspension de RFI et France 24 : La d\u00e9cision salutaire d\u2019Assimi Go\u00efta - APIE NEWS\" \/>\n<meta property=\"og:description\" content=\"La nuit du mercredi 16 mars au jeudi 17 mars a marqu\u00e9 un tournant particulier dans les vives tensions qui opposent depuis quelque temps d\u00e9j\u00e0 Paris et Bamako. La junte \u00e0 la t\u00eate du Mali a d\u00e9cid\u00e9 de suspendre la diffusion des m\u00e9dias fran\u00e7ais du groupe France M\u00e9dias Monde, France 24 et Radio France International [&hellip;]\" \/>\n<meta property=\"og:url\" content=\"https:\/\/appsaf.apieproject.com\/news\/fr\/2022\/03\/29\/suspension-de-rfi-et-france-24-la-decision-salutaire-dassimi-goita\/\" \/>\n<meta property=\"og:site_name\" content=\"APIE NEWS\" \/>\n<meta property=\"article:publisher\" content=\"https:\/\/facebook.com\/apieproject\" \/>\n<meta property=\"article:published_time\" content=\"2022-03-29T00:36:55+00:00\" \/>\n<meta property=\"article:modified_time\" content=\"2022-03-29T00:36:56+00:00\" \/>\n<meta property=\"og:image\" content=\"https:\/\/appsaf.apieproject.com\/news\/wp-content\/uploads\/sites\/29\/2022\/03\/suspension-de-RFI-et-France-24-au-mali-1ee1e8e9ddb924edc512f03ff4c2dc15.jpg\" \/>\n\t<meta property=\"og:image:width\" content=\"700\" \/>\n\t<meta property=\"og:image:height\" content=\"400\" \/>\n\t<meta property=\"og:image:type\" content=\"image\/jpeg\" \/>\n<meta name=\"author\" content=\"guyetom\" \/>\n<meta name=\"twitter:card\" content=\"summary_large_image\" \/>\n<meta name=\"twitter:creator\" content=\"@apieproject\" \/>\n<meta name=\"twitter:site\" content=\"@apieproject\" \/>\n<meta name=\"twitter:label1\" content=\"\u00c9crit par\" \/>\n\t<meta name=\"twitter:data1\" content=\"guyetom\" \/>\n\t<meta name=\"twitter:label2\" content=\"Dur\u00e9e de lecture estim\u00e9e\" \/>\n\t<meta name=\"twitter:data2\" content=\"3 minutes\" \/>\n<script type=\"application\/ld+json\" class=\"yoast-schema-graph\">{\"@context\":\"https:\/\/schema.org\",\"@graph\":[{\"@type\":\"Article\",\"@id\":\"https:\/\/appsaf.apieproject.com\/news\/fr\/2022\/03\/29\/suspension-de-rfi-et-france-24-la-decision-salutaire-dassimi-goita\/#article\",\"isPartOf\":{\"@id\":\"https:\/\/appsaf.apieproject.com\/news\/fr\/2022\/03\/29\/suspension-de-rfi-et-france-24-la-decision-salutaire-dassimi-goita\/\"},\"author\":{\"name\":\"guyetom\",\"@id\":\"https:\/\/appsaf.apieproject.com\/news\/#\/schema\/person\/94d8f4e561b283d434da551498c8cb39\"},\"headline\":\"Suspension de RFI et France 24 : La d\u00e9cision salutaire d\u2019Assimi Go\u00efta\",\"datePublished\":\"2022-03-29T00:36:55+00:00\",\"dateModified\":\"2022-03-29T00:36:56+00:00\",\"mainEntityOfPage\":{\"@id\":\"https:\/\/appsaf.apieproject.com\/news\/fr\/2022\/03\/29\/suspension-de-rfi-et-france-24-la-decision-salutaire-dassimi-goita\/\"},\"wordCount\":604,\"commentCount\":0,\"publisher\":{\"@id\":\"https:\/\/appsaf.apieproject.com\/news\/#organization\"},\"image\":{\"@id\":\"https:\/\/appsaf.apieproject.com\/news\/fr\/2022\/03\/29\/suspension-de-rfi-et-france-24-la-decision-salutaire-dassimi-goita\/#primaryimage\"},\"thumbnailUrl\":\"https:\/\/appsaf.apieproject.com\/news\/wp-content\/uploads\/sites\/29\/2022\/03\/suspension-de-RFI-et-France-24-au-mali-1ee1e8e9ddb924edc512f03ff4c2dc15.jpg\",\"keywords\":[\"actualites\",\"apie project\",\"politique\"],\"articleSection\":[\"Actualit\u00e9s\",\"Politique\",\"Sp\u00e9ciaux\"],\"inLanguage\":\"fr-FR\",\"potentialAction\":[{\"@type\":\"CommentAction\",\"name\":\"Comment\",\"target\":[\"https:\/\/appsaf.apieproject.com\/news\/fr\/2022\/03\/29\/suspension-de-rfi-et-france-24-la-decision-salutaire-dassimi-goita\/#respond\"]}]},{\"@type\":\"WebPage\",\"@id\":\"https:\/\/appsaf.apieproject.com\/news\/fr\/2022\/03\/29\/suspension-de-rfi-et-france-24-la-decision-salutaire-dassimi-goita\/\",\"url\":\"https:\/\/appsaf.apieproject.com\/news\/fr\/2022\/03\/29\/suspension-de-rfi-et-france-24-la-decision-salutaire-dassimi-goita\/\",\"name\":\"Suspension de RFI et France 24 : La d\u00e9cision salutaire d\u2019Assimi Go\u00efta - APIE NEWS\",\"isPartOf\":{\"@id\":\"https:\/\/appsaf.apieproject.com\/news\/#website\"},\"primaryImageOfPage\":{\"@id\":\"https:\/\/appsaf.apieproject.com\/news\/fr\/2022\/03\/29\/suspension-de-rfi-et-france-24-la-decision-salutaire-dassimi-goita\/#primaryimage\"},\"image\":{\"@id\":\"https:\/\/appsaf.apieproject.com\/news\/fr\/2022\/03\/29\/suspension-de-rfi-et-france-24-la-decision-salutaire-dassimi-goita\/#primaryimage\"},\"thumbnailUrl\":\"https:\/\/appsaf.apieproject.com\/news\/wp-content\/uploads\/sites\/29\/2022\/03\/suspension-de-RFI-et-France-24-au-mali-1ee1e8e9ddb924edc512f03ff4c2dc15.jpg\",\"datePublished\":\"2022-03-29T00:36:55+00:00\",\"dateModified\":\"2022-03-29T00:36:56+00:00\",\"breadcrumb\":{\"@id\":\"https:\/\/appsaf.apieproject.com\/news\/fr\/2022\/03\/29\/suspension-de-rfi-et-france-24-la-decision-salutaire-dassimi-goita\/#breadcrumb\"},\"inLanguage\":\"fr-FR\",\"potentialAction\":[{\"@type\":\"ReadAction\",\"target\":[\"https:\/\/appsaf.apieproject.com\/news\/fr\/2022\/03\/29\/suspension-de-rfi-et-france-24-la-decision-salutaire-dassimi-goita\/\"]}]},{\"@type\":\"ImageObject\",\"inLanguage\":\"fr-FR\",\"@id\":\"https:\/\/appsaf.apieproject.com\/news\/fr\/2022\/03\/29\/suspension-de-rfi-et-france-24-la-decision-salutaire-dassimi-goita\/#primaryimage\",\"url\":\"https:\/\/appsaf.apieproject.com\/news\/wp-content\/uploads\/sites\/29\/2022\/03\/suspension-de-RFI-et-France-24-au-mali-1ee1e8e9ddb924edc512f03ff4c2dc15.jpg\",\"contentUrl\":\"https:\/\/appsaf.apieproject.com\/news\/wp-content\/uploads\/sites\/29\/2022\/03\/suspension-de-RFI-et-France-24-au-mali-1ee1e8e9ddb924edc512f03ff4c2dc15.jpg\",\"width\":700,\"height\":400},{\"@type\":\"BreadcrumbList\",\"@id\":\"https:\/\/appsaf.apieproject.com\/news\/fr\/2022\/03\/29\/suspension-de-rfi-et-france-24-la-decision-salutaire-dassimi-goita\/#breadcrumb\",\"itemListElement\":[{\"@type\":\"ListItem\",\"position\":1,\"name\":\"Home\",\"item\":\"https:\/\/appsaf.apieproject.com\/news\/fr\/home\/\"},{\"@type\":\"ListItem\",\"position\":2,\"name\":\"Suspension de RFI et France 24 : La d\u00e9cision salutaire d\u2019Assimi Go\u00efta\"}]},{\"@type\":\"WebSite\",\"@id\":\"https:\/\/appsaf.apieproject.com\/news\/#website\",\"url\":\"https:\/\/appsaf.apieproject.com\/news\/\",\"name\":\"APIE NEWS\",\"description\":\"PANAFRICANISM NEWS PORTAL\",\"publisher\":{\"@id\":\"https:\/\/appsaf.apieproject.com\/news\/#organization\"},\"potentialAction\":[{\"@type\":\"SearchAction\",\"target\":{\"@type\":\"EntryPoint\",\"urlTemplate\":\"https:\/\/appsaf.apieproject.com\/news\/?s={search_term_string}\"},\"query-input\":{\"@type\":\"PropertyValueSpecification\",\"valueRequired\":true,\"valueName\":\"search_term_string\"}}],\"inLanguage\":\"fr-FR\"},{\"@type\":\"Organization\",\"@id\":\"https:\/\/appsaf.apieproject.com\/news\/#organization\",\"name\":\"APIE PROJECT\",\"url\":\"https:\/\/appsaf.apieproject.com\/news\/\",\"logo\":{\"@type\":\"ImageObject\",\"inLanguage\":\"fr-FR\",\"@id\":\"https:\/\/appsaf.apieproject.com\/news\/#\/schema\/logo\/image\/\",\"url\":\"https:\/\/appsaf.apieproject.com\/news\/wp-content\/uploads\/sites\/29\/2022\/07\/logo-R-TransparentBackground.png\",\"contentUrl\":\"https:\/\/appsaf.apieproject.com\/news\/wp-content\/uploads\/sites\/29\/2022\/07\/logo-R-TransparentBackground.png\",\"width\":512,\"height\":512,\"caption\":\"APIE PROJECT\"},\"image\":{\"@id\":\"https:\/\/appsaf.apieproject.com\/news\/#\/schema\/logo\/image\/\"},\"sameAs\":[\"https:\/\/facebook.com\/apieproject\",\"https:\/\/x.com\/apieproject\"]},{\"@type\":\"Person\",\"@id\":\"https:\/\/appsaf.apieproject.com\/news\/#\/schema\/person\/94d8f4e561b283d434da551498c8cb39\",\"name\":\"guyetom\",\"image\":{\"@type\":\"ImageObject\",\"inLanguage\":\"fr-FR\",\"@id\":\"https:\/\/appsaf.apieproject.com\/news\/#\/schema\/person\/image\/\",\"url\":\"https:\/\/secure.gravatar.com\/avatar\/f36d884530ee45302c1f7eadb3f86562?s=96&d=mm&r=g\",\"contentUrl\":\"https:\/\/secure.gravatar.com\/avatar\/f36d884530ee45302c1f7eadb3f86562?s=96&d=mm&r=g\",\"caption\":\"guyetom\"},\"url\":\"https:\/\/appsaf.apieproject.com\/news\/fr\/author\/guyetom\/\"}]}<\/script>\n<!-- \/ Yoast SEO plugin. -->","yoast_head_json":{"title":"Suspension de RFI et France 24 : La d\u00e9cision salutaire d\u2019Assimi Go\u00efta - APIE NEWS","robots":{"index":"index","follow":"follow","max-snippet":"max-snippet:-1","max-image-preview":"max-image-preview:large","max-video-preview":"max-video-preview:-1"},"canonical":"https:\/\/appsaf.apieproject.com\/news\/fr\/2022\/03\/29\/suspension-de-rfi-et-france-24-la-decision-salutaire-dassimi-goita\/","og_locale":"fr_FR","og_type":"article","og_title":"Suspension de RFI et France 24 : La d\u00e9cision salutaire d\u2019Assimi Go\u00efta - APIE NEWS","og_description":"La nuit du mercredi 16 mars au jeudi 17 mars a marqu\u00e9 un tournant particulier dans les vives tensions qui opposent depuis quelque temps d\u00e9j\u00e0 Paris et Bamako. La junte \u00e0 la t\u00eate du Mali a d\u00e9cid\u00e9 de suspendre la diffusion des m\u00e9dias fran\u00e7ais du groupe France M\u00e9dias Monde, France 24 et Radio France International [&hellip;]","og_url":"https:\/\/appsaf.apieproject.com\/news\/fr\/2022\/03\/29\/suspension-de-rfi-et-france-24-la-decision-salutaire-dassimi-goita\/","og_site_name":"APIE NEWS","article_publisher":"https:\/\/facebook.com\/apieproject","article_published_time":"2022-03-29T00:36:55+00:00","article_modified_time":"2022-03-29T00:36:56+00:00","og_image":[{"width":700,"height":400,"url":"https:\/\/appsaf.apieproject.com\/news\/wp-content\/uploads\/sites\/29\/2022\/03\/suspension-de-RFI-et-France-24-au-mali-1ee1e8e9ddb924edc512f03ff4c2dc15.jpg","type":"image\/jpeg"}],"author":"guyetom","twitter_card":"summary_large_image","twitter_creator":"@apieproject","twitter_site":"@apieproject","twitter_misc":{"\u00c9crit par":"guyetom","Dur\u00e9e de lecture estim\u00e9e":"3 minutes"},"schema":{"@context":"https:\/\/schema.org","@graph":[{"@type":"Article","@id":"https:\/\/appsaf.apieproject.com\/news\/fr\/2022\/03\/29\/suspension-de-rfi-et-france-24-la-decision-salutaire-dassimi-goita\/#article","isPartOf":{"@id":"https:\/\/appsaf.apieproject.com\/news\/fr\/2022\/03\/29\/suspension-de-rfi-et-france-24-la-decision-salutaire-dassimi-goita\/"},"author":{"name":"guyetom","@id":"https:\/\/appsaf.apieproject.com\/news\/#\/schema\/person\/94d8f4e561b283d434da551498c8cb39"},"headline":"Suspension de RFI et France 24 : La d\u00e9cision salutaire d\u2019Assimi Go\u00efta","datePublished":"2022-03-29T00:36:55+00:00","dateModified":"2022-03-29T00:36:56+00:00","mainEntityOfPage":{"@id":"https:\/\/appsaf.apieproject.com\/news\/fr\/2022\/03\/29\/suspension-de-rfi-et-france-24-la-decision-salutaire-dassimi-goita\/"},"wordCount":604,"commentCount":0,"publisher":{"@id":"https:\/\/appsaf.apieproject.com\/news\/#organization"},"image":{"@id":"https:\/\/appsaf.apieproject.com\/news\/fr\/2022\/03\/29\/suspension-de-rfi-et-france-24-la-decision-salutaire-dassimi-goita\/#primaryimage"},"thumbnailUrl":"https:\/\/appsaf.apieproject.com\/news\/wp-content\/uploads\/sites\/29\/2022\/03\/suspension-de-RFI-et-France-24-au-mali-1ee1e8e9ddb924edc512f03ff4c2dc15.jpg","keywords":["actualites","apie project","politique"],"articleSection":["Actualit\u00e9s","Politique","Sp\u00e9ciaux"],"inLanguage":"fr-FR","potentialAction":[{"@type":"CommentAction","name":"Comment","target":["https:\/\/appsaf.apieproject.com\/news\/fr\/2022\/03\/29\/suspension-de-rfi-et-france-24-la-decision-salutaire-dassimi-goita\/#respond"]}]},{"@type":"WebPage","@id":"https:\/\/appsaf.apieproject.com\/news\/fr\/2022\/03\/29\/suspension-de-rfi-et-france-24-la-decision-salutaire-dassimi-goita\/","url":"https:\/\/appsaf.apieproject.com\/news\/fr\/2022\/03\/29\/suspension-de-rfi-et-france-24-la-decision-salutaire-dassimi-goita\/","name":"Suspension de RFI et France 24 : La d\u00e9cision salutaire d\u2019Assimi Go\u00efta - APIE NEWS","isPartOf":{"@id":"https:\/\/appsaf.apieproject.com\/news\/#website"},"primaryImageOfPage":{"@id":"https:\/\/appsaf.apieproject.com\/news\/fr\/2022\/03\/29\/suspension-de-rfi-et-france-24-la-decision-salutaire-dassimi-goita\/#primaryimage"},"image":{"@id":"https:\/\/appsaf.apieproject.com\/news\/fr\/2022\/03\/29\/suspension-de-rfi-et-france-24-la-decision-salutaire-dassimi-goita\/#primaryimage"},"thumbnailUrl":"https:\/\/appsaf.apieproject.com\/news\/wp-content\/uploads\/sites\/29\/2022\/03\/suspension-de-RFI-et-France-24-au-mali-1ee1e8e9ddb924edc512f03ff4c2dc15.jpg","datePublished":"2022-03-29T00:36:55+00:00","dateModified":"2022-03-29T00:36:56+00:00","breadcrumb":{"@id":"https:\/\/appsaf.apieproject.com\/news\/fr\/2022\/03\/29\/suspension-de-rfi-et-france-24-la-decision-salutaire-dassimi-goita\/#breadcrumb"},"inLanguage":"fr-FR","potentialAction":[{"@type":"ReadAction","target":["https:\/\/appsaf.apieproject.com\/news\/fr\/2022\/03\/29\/suspension-de-rfi-et-france-24-la-decision-salutaire-dassimi-goita\/"]}]},{"@type":"ImageObject","inLanguage":"fr-FR","@id":"https:\/\/appsaf.apieproject.com\/news\/fr\/2022\/03\/29\/suspension-de-rfi-et-france-24-la-decision-salutaire-dassimi-goita\/#primaryimage","url":"https:\/\/appsaf.apieproject.com\/news\/wp-content\/uploads\/sites\/29\/2022\/03\/suspension-de-RFI-et-France-24-au-mali-1ee1e8e9ddb924edc512f03ff4c2dc15.jpg","contentUrl":"https:\/\/appsaf.apieproject.com\/news\/wp-content\/uploads\/sites\/29\/2022\/03\/suspension-de-RFI-et-France-24-au-mali-1ee1e8e9ddb924edc512f03ff4c2dc15.jpg","width":700,"height":400},{"@type":"BreadcrumbList","@id":"https:\/\/appsaf.apieproject.com\/news\/fr\/2022\/03\/29\/suspension-de-rfi-et-france-24-la-decision-salutaire-dassimi-goita\/#breadcrumb","itemListElement":[{"@type":"ListItem","position":1,"name":"Home","item":"https:\/\/appsaf.apieproject.com\/news\/fr\/home\/"},{"@type":"ListItem","position":2,"name":"Suspension de RFI et France 24 : La d\u00e9cision salutaire d\u2019Assimi Go\u00efta"}]},{"@type":"WebSite","@id":"https:\/\/appsaf.apieproject.com\/news\/#website","url":"https:\/\/appsaf.apieproject.com\/news\/","name":"APIE NEWS","description":"PANAFRICANISM NEWS PORTAL","publisher":{"@id":"https:\/\/appsaf.apieproject.com\/news\/#organization"},"potentialAction":[{"@type":"SearchAction","target":{"@type":"EntryPoint","urlTemplate":"https:\/\/appsaf.apieproject.com\/news\/?s={search_term_string}"},"query-input":{"@type":"PropertyValueSpecification","valueRequired":true,"valueName":"search_term_string"}}],"inLanguage":"fr-FR"},{"@type":"Organization","@id":"https:\/\/appsaf.apieproject.com\/news\/#organization","name":"APIE PROJECT","url":"https:\/\/appsaf.apieproject.com\/news\/","logo":{"@type":"ImageObject","inLanguage":"fr-FR","@id":"https:\/\/appsaf.apieproject.com\/news\/#\/schema\/logo\/image\/","url":"https:\/\/appsaf.apieproject.com\/news\/wp-content\/uploads\/sites\/29\/2022\/07\/logo-R-TransparentBackground.png","contentUrl":"https:\/\/appsaf.apieproject.com\/news\/wp-content\/uploads\/sites\/29\/2022\/07\/logo-R-TransparentBackground.png","width":512,"height":512,"caption":"APIE PROJECT"},"image":{"@id":"https:\/\/appsaf.apieproject.com\/news\/#\/schema\/logo\/image\/"},"sameAs":["https:\/\/facebook.com\/apieproject","https:\/\/x.com\/apieproject"]},{"@type":"Person","@id":"https:\/\/appsaf.apieproject.com\/news\/#\/schema\/person\/94d8f4e561b283d434da551498c8cb39","name":"guyetom","image":{"@type":"ImageObject","inLanguage":"fr-FR","@id":"https:\/\/appsaf.apieproject.com\/news\/#\/schema\/person\/image\/","url":"https:\/\/secure.gravatar.com\/avatar\/f36d884530ee45302c1f7eadb3f86562?s=96&d=mm&r=g","contentUrl":"https:\/\/secure.gravatar.com\/avatar\/f36d884530ee45302c1f7eadb3f86562?s=96&d=mm&r=g","caption":"guyetom"},"url":"https:\/\/appsaf.apieproject.com\/news\/fr\/author\/guyetom\/"}]}},"_links":{"self":[{"href":"https:\/\/appsaf.apieproject.com\/news\/fr\/wp-json\/wp\/v2\/posts\/3554","targetHints":{"allow":["GET"]}}],"collection":[{"href":"https:\/\/appsaf.apieproject.com\/news\/fr\/wp-json\/wp\/v2\/posts"}],"about":[{"href":"https:\/\/appsaf.apieproject.com\/news\/fr\/wp-json\/wp\/v2\/types\/post"}],"author":[{"embeddable":true,"href":"https:\/\/appsaf.apieproject.com\/news\/fr\/wp-json\/wp\/v2\/users\/13112"}],"replies":[{"embeddable":true,"href":"https:\/\/appsaf.apieproject.com\/news\/fr\/wp-json\/wp\/v2\/comments?post=3554"}],"version-history":[{"count":1,"href":"https:\/\/appsaf.apieproject.com\/news\/fr\/wp-json\/wp\/v2\/posts\/3554\/revisions"}],"predecessor-version":[{"id":4105,"href":"https:\/\/appsaf.apieproject.com\/news\/fr\/wp-json\/wp\/v2\/posts\/3554\/revisions\/4105"}],"wp:featuredmedia":[{"embeddable":true,"href":"https:\/\/appsaf.apieproject.com\/news\/fr\/wp-json\/wp\/v2\/media\/3551"}],"wp:attachment":[{"href":"https:\/\/appsaf.apieproject.com\/news\/fr\/wp-json\/wp\/v2\/media?parent=3554"}],"wp:term":[{"taxonomy":"category","embeddable":true,"href":"https:\/\/appsaf.apieproject.com\/news\/fr\/wp-json\/wp\/v2\/categories?post=3554"},{"taxonomy":"post_tag","embeddable":true,"href":"https:\/\/appsaf.apieproject.com\/news\/fr\/wp-json\/wp\/v2\/tags?post=3554"}],"curies":[{"name":"wp","href":"https:\/\/api.w.org\/{rel}","templated":true}]}}