{"id":35540,"date":"2023-11-13T17:52:43","date_gmt":"2023-11-13T17:52:43","guid":{"rendered":"https:\/\/appsaf.apieproject.com\/news\/?p=35540"},"modified":"2023-11-13T17:52:46","modified_gmt":"2023-11-13T17:52:46","slug":"culture-20-projets-des-jeunes-seront-accompagnes-dans-le-cadre-du-programme-creation-africa-tchad","status":"publish","type":"post","link":"https:\/\/appsaf.apieproject.com\/news\/fr\/2023\/11\/13\/culture-20-projets-des-jeunes-seront-accompagnes-dans-le-cadre-du-programme-creation-africa-tchad\/","title":{"rendered":"Culture: 20 Projets Des Jeunes Seront Accompagn\u00e9s Dans Le Cadre Du Programme \u201cCr\u00e9ation Africa Tchad\u201d"},"content":{"rendered":"<p>Ce projet permet d\u2019accompagner indirectement le plan quinquennal du minist\u00e8re des Affaires culturelles, du patrimoine historique et de l\u2019artisanat car il permet le renforcement d\u2019une \u00e9conomie culturelle par la cr\u00e9ation d\u2019un statut d\u2019artiste et d\u2019entrepreneur culturel au Tchad et la r\u00e9vision du bureau tchadien des droits d\u2019auteurs (BUTDRA).<\/p>\n<p>Pour le directeur ex\u00e9cutif de WenakLabs, Fadoul Hissein Abba, c\u2019est un programme ambitieux qui vise \u00e0 dynamiser l\u2019\u00e9cosyst\u00e8me entrepreneurial et le secteur d\u2019industrie cr\u00e9atif au Tchad. \u201c20 entrepreneurs s\u00e9lectionn\u00e9s vont suivre un programme d\u2019accompagnement divis\u00e9 en deux \u00e9tapes. La premi\u00e8re \u00e9tape est la phase d\u2019incubation qui durera six mois. Apr\u00e8s, ils vont int\u00e9grer un programme d\u2019acc\u00e9l\u00e9ration qui va leur permettre de renforcer leur capacit\u00e9 pour avoir des bases et s\u2019en suivra une formation en pr\u00e9sentiel couronn\u00e9e des master class\u201c, dit-il.<\/p>\n<p>\u201cPlusieurs projets cr\u00e9atifs ont \u00e9t\u00e9 soumis par les jeunes, nous avons le plaisir de vous annoncer que pour la premi\u00e8re phase, 20 projets par leur pertinence ont retenu l\u2019attention des membres du jury. Chaque auteur de projet m\u00e9rite d\u2019\u00eatre f\u00e9licit\u00e9 pour sa contribution \u00e0 l\u2019enrichissement de notre patrimoine culturel. Nous esp\u00e9rons que ces formations vous aideront dans vos carri\u00e8res\u201c, a soulign\u00e9 Achouackh Abakar Souleymane, membre du jury.<\/p>\n<p>Pierre-Hubert Touchard, directeur de l\u2019Institut fran\u00e7ais au Tchad, d\u2019indiquer que Cr\u00e9ation Africa est une initiative du minist\u00e8re fran\u00e7ais de l\u2019Europe et des Affaires \u00e9trang\u00e8res et du minist\u00e8re de la Culture, en partenariat avec l\u2019Agence fran\u00e7aise de D\u00e9veloppement (AFD), Business France, la Banque Publique d\u2019investissement (Bpifrance) et l\u2019Institut fran\u00e7ais. Le co\u00fbt global de ce programme est de 655 millions de FCFA soit 1 million d\u2019Euro.<\/p>\n","protected":false},"excerpt":{"rendered":"<p>Le programme \u201cCr\u00e9ation Africa Tchad\u201d est lanc\u00e9 ce mercredi 8 novembre 2023. C\u2019est un programme qui vise \u00e0 contribuer \u00e0 l\u2019\u00e9mergence de  l\u2019industrie culturelle tchadienne.<\/p>\n","protected":false},"author":12963,"featured_media":35537,"comment_status":"open","ping_status":"open","sticky":false,"template":"","format":"standard","meta":{"footnotes":""},"categories":[67,53],"tags":[81,78,87],"class_list":{"0":"post-35540","1":"post","2":"type-post","3":"status-publish","4":"format-standard","5":"has-post-thumbnail","7":"category-actualites","8":"category-culture-fr","9":"tag-actualites","10":"tag-apie-project-2","11":"tag-culture-2"},"yoast_head":"<!-- This site is optimized with the Yoast SEO plugin v24.4 - https:\/\/yoast.com\/wordpress\/plugins\/seo\/ -->\n<title>Culture: 20 Projets Des Jeunes Seront Accompagn\u00e9s Dans Le Cadre Du Programme \u201cCr\u00e9ation Africa Tchad\u201d - APIE NEWS<\/title>\n<meta name=\"robots\" content=\"index, follow, max-snippet:-1, max-image-preview:large, max-video-preview:-1\" \/>\n<link rel=\"canonical\" href=\"https:\/\/appsaf.apieproject.com\/news\/fr\/2023\/11\/13\/culture-20-projets-des-jeunes-seront-accompagnes-dans-le-cadre-du-programme-creation-africa-tchad\/\" \/>\n<meta property=\"og:locale\" content=\"fr_FR\" \/>\n<meta property=\"og:type\" content=\"article\" \/>\n<meta property=\"og:title\" content=\"Culture: 20 Projets Des Jeunes Seront Accompagn\u00e9s Dans Le Cadre Du Programme \u201cCr\u00e9ation Africa Tchad\u201d - APIE NEWS\" \/>\n<meta property=\"og:description\" content=\"Le programme \u201cCr\u00e9ation Africa Tchad\u201d est lanc\u00e9 ce mercredi 8 novembre 2023. C\u2019est un programme qui vise \u00e0 contribuer \u00e0 l\u2019\u00e9mergence de l\u2019industrie culturelle tchadienne.\" \/>\n<meta property=\"og:url\" content=\"https:\/\/appsaf.apieproject.com\/news\/fr\/2023\/11\/13\/culture-20-projets-des-jeunes-seront-accompagnes-dans-le-cadre-du-programme-creation-africa-tchad\/\" \/>\n<meta property=\"og:site_name\" content=\"APIE NEWS\" \/>\n<meta property=\"article:publisher\" content=\"https:\/\/facebook.com\/apieproject\" \/>\n<meta property=\"article:published_time\" content=\"2023-11-13T17:52:43+00:00\" \/>\n<meta property=\"article:modified_time\" content=\"2023-11-13T17:52:46+00:00\" \/>\n<meta property=\"og:image\" content=\"https:\/\/appsaf.apieproject.com\/news\/wp-content\/uploads\/sites\/29\/2023\/11\/CREATION-980x551-69f4a9e21a73e036700407b916066363.jpeg\" \/>\n\t<meta property=\"og:image:width\" content=\"980\" \/>\n\t<meta property=\"og:image:height\" content=\"551\" \/>\n\t<meta property=\"og:image:type\" content=\"image\/jpeg\" \/>\n<meta name=\"author\" content=\"staff\" \/>\n<meta name=\"twitter:card\" content=\"summary_large_image\" \/>\n<meta name=\"twitter:creator\" content=\"@apieproject\" \/>\n<meta name=\"twitter:site\" content=\"@apieproject\" \/>\n<meta name=\"twitter:label1\" content=\"\u00c9crit par\" \/>\n\t<meta name=\"twitter:data1\" content=\"staff\" \/>\n\t<meta name=\"twitter:label2\" content=\"Dur\u00e9e de lecture estim\u00e9e\" \/>\n\t<meta name=\"twitter:data2\" content=\"2 minutes\" \/>\n<script type=\"application\/ld+json\" class=\"yoast-schema-graph\">{\"@context\":\"https:\/\/schema.org\",\"@graph\":[{\"@type\":\"Article\",\"@id\":\"https:\/\/appsaf.apieproject.com\/news\/fr\/2023\/11\/13\/culture-20-projets-des-jeunes-seront-accompagnes-dans-le-cadre-du-programme-creation-africa-tchad\/#article\",\"isPartOf\":{\"@id\":\"https:\/\/appsaf.apieproject.com\/news\/fr\/2023\/11\/13\/culture-20-projets-des-jeunes-seront-accompagnes-dans-le-cadre-du-programme-creation-africa-tchad\/\"},\"author\":{\"name\":\"staff\",\"@id\":\"https:\/\/appsaf.apieproject.com\/news\/#\/schema\/person\/399517cac378948cd7b39086f9ddc2a7\"},\"headline\":\"Culture: 20 Projets Des Jeunes Seront Accompagn\u00e9s Dans Le Cadre Du Programme \u201cCr\u00e9ation Africa Tchad\u201d\",\"datePublished\":\"2023-11-13T17:52:43+00:00\",\"dateModified\":\"2023-11-13T17:52:46+00:00\",\"mainEntityOfPage\":{\"@id\":\"https:\/\/appsaf.apieproject.com\/news\/fr\/2023\/11\/13\/culture-20-projets-des-jeunes-seront-accompagnes-dans-le-cadre-du-programme-creation-africa-tchad\/\"},\"wordCount\":324,\"commentCount\":0,\"publisher\":{\"@id\":\"https:\/\/appsaf.apieproject.com\/news\/#organization\"},\"image\":{\"@id\":\"https:\/\/appsaf.apieproject.com\/news\/fr\/2023\/11\/13\/culture-20-projets-des-jeunes-seront-accompagnes-dans-le-cadre-du-programme-creation-africa-tchad\/#primaryimage\"},\"thumbnailUrl\":\"https:\/\/appsaf.apieproject.com\/news\/wp-content\/uploads\/sites\/29\/2023\/11\/CREATION-980x551-69f4a9e21a73e036700407b916066363.jpeg\",\"keywords\":[\"actualites\",\"apie project\",\"culture\"],\"articleSection\":[\"Actualit\u00e9s\",\"Culture\"],\"inLanguage\":\"fr-FR\",\"potentialAction\":[{\"@type\":\"CommentAction\",\"name\":\"Comment\",\"target\":[\"https:\/\/appsaf.apieproject.com\/news\/fr\/2023\/11\/13\/culture-20-projets-des-jeunes-seront-accompagnes-dans-le-cadre-du-programme-creation-africa-tchad\/#respond\"]}]},{\"@type\":\"WebPage\",\"@id\":\"https:\/\/appsaf.apieproject.com\/news\/fr\/2023\/11\/13\/culture-20-projets-des-jeunes-seront-accompagnes-dans-le-cadre-du-programme-creation-africa-tchad\/\",\"url\":\"https:\/\/appsaf.apieproject.com\/news\/fr\/2023\/11\/13\/culture-20-projets-des-jeunes-seront-accompagnes-dans-le-cadre-du-programme-creation-africa-tchad\/\",\"name\":\"Culture: 20 Projets Des Jeunes Seront Accompagn\u00e9s Dans Le Cadre Du Programme \u201cCr\u00e9ation Africa Tchad\u201d - APIE NEWS\",\"isPartOf\":{\"@id\":\"https:\/\/appsaf.apieproject.com\/news\/#website\"},\"primaryImageOfPage\":{\"@id\":\"https:\/\/appsaf.apieproject.com\/news\/fr\/2023\/11\/13\/culture-20-projets-des-jeunes-seront-accompagnes-dans-le-cadre-du-programme-creation-africa-tchad\/#primaryimage\"},\"image\":{\"@id\":\"https:\/\/appsaf.apieproject.com\/news\/fr\/2023\/11\/13\/culture-20-projets-des-jeunes-seront-accompagnes-dans-le-cadre-du-programme-creation-africa-tchad\/#primaryimage\"},\"thumbnailUrl\":\"https:\/\/appsaf.apieproject.com\/news\/wp-content\/uploads\/sites\/29\/2023\/11\/CREATION-980x551-69f4a9e21a73e036700407b916066363.jpeg\",\"datePublished\":\"2023-11-13T17:52:43+00:00\",\"dateModified\":\"2023-11-13T17:52:46+00:00\",\"breadcrumb\":{\"@id\":\"https:\/\/appsaf.apieproject.com\/news\/fr\/2023\/11\/13\/culture-20-projets-des-jeunes-seront-accompagnes-dans-le-cadre-du-programme-creation-africa-tchad\/#breadcrumb\"},\"inLanguage\":\"fr-FR\",\"potentialAction\":[{\"@type\":\"ReadAction\",\"target\":[\"https:\/\/appsaf.apieproject.com\/news\/fr\/2023\/11\/13\/culture-20-projets-des-jeunes-seront-accompagnes-dans-le-cadre-du-programme-creation-africa-tchad\/\"]}]},{\"@type\":\"ImageObject\",\"inLanguage\":\"fr-FR\",\"@id\":\"https:\/\/appsaf.apieproject.com\/news\/fr\/2023\/11\/13\/culture-20-projets-des-jeunes-seront-accompagnes-dans-le-cadre-du-programme-creation-africa-tchad\/#primaryimage\",\"url\":\"https:\/\/appsaf.apieproject.com\/news\/wp-content\/uploads\/sites\/29\/2023\/11\/CREATION-980x551-69f4a9e21a73e036700407b916066363.jpeg\",\"contentUrl\":\"https:\/\/appsaf.apieproject.com\/news\/wp-content\/uploads\/sites\/29\/2023\/11\/CREATION-980x551-69f4a9e21a73e036700407b916066363.jpeg\",\"width\":980,\"height\":551},{\"@type\":\"BreadcrumbList\",\"@id\":\"https:\/\/appsaf.apieproject.com\/news\/fr\/2023\/11\/13\/culture-20-projets-des-jeunes-seront-accompagnes-dans-le-cadre-du-programme-creation-africa-tchad\/#breadcrumb\",\"itemListElement\":[{\"@type\":\"ListItem\",\"position\":1,\"name\":\"Home\",\"item\":\"https:\/\/appsaf.apieproject.com\/news\/fr\/home\/\"},{\"@type\":\"ListItem\",\"position\":2,\"name\":\"Culture: 20 Projets Des Jeunes Seront Accompagn\u00e9s Dans Le Cadre Du Programme \u201cCr\u00e9ation Africa Tchad\u201d\"}]},{\"@type\":\"WebSite\",\"@id\":\"https:\/\/appsaf.apieproject.com\/news\/#website\",\"url\":\"https:\/\/appsaf.apieproject.com\/news\/\",\"name\":\"APIE NEWS\",\"description\":\"PANAFRICANISM NEWS PORTAL\",\"publisher\":{\"@id\":\"https:\/\/appsaf.apieproject.com\/news\/#organization\"},\"potentialAction\":[{\"@type\":\"SearchAction\",\"target\":{\"@type\":\"EntryPoint\",\"urlTemplate\":\"https:\/\/appsaf.apieproject.com\/news\/?s={search_term_string}\"},\"query-input\":{\"@type\":\"PropertyValueSpecification\",\"valueRequired\":true,\"valueName\":\"search_term_string\"}}],\"inLanguage\":\"fr-FR\"},{\"@type\":\"Organization\",\"@id\":\"https:\/\/appsaf.apieproject.com\/news\/#organization\",\"name\":\"APIE PROJECT\",\"url\":\"https:\/\/appsaf.apieproject.com\/news\/\",\"logo\":{\"@type\":\"ImageObject\",\"inLanguage\":\"fr-FR\",\"@id\":\"https:\/\/appsaf.apieproject.com\/news\/#\/schema\/logo\/image\/\",\"url\":\"https:\/\/appsaf.apieproject.com\/news\/wp-content\/uploads\/sites\/29\/2022\/07\/logo-R-TransparentBackground.png\",\"contentUrl\":\"https:\/\/appsaf.apieproject.com\/news\/wp-content\/uploads\/sites\/29\/2022\/07\/logo-R-TransparentBackground.png\",\"width\":512,\"height\":512,\"caption\":\"APIE PROJECT\"},\"image\":{\"@id\":\"https:\/\/appsaf.apieproject.com\/news\/#\/schema\/logo\/image\/\"},\"sameAs\":[\"https:\/\/facebook.com\/apieproject\",\"https:\/\/x.com\/apieproject\"]},{\"@type\":\"Person\",\"@id\":\"https:\/\/appsaf.apieproject.com\/news\/#\/schema\/person\/399517cac378948cd7b39086f9ddc2a7\",\"name\":\"staff\",\"image\":{\"@type\":\"ImageObject\",\"inLanguage\":\"fr-FR\",\"@id\":\"https:\/\/appsaf.apieproject.com\/news\/#\/schema\/person\/image\/\",\"url\":\"https:\/\/secure.gravatar.com\/avatar\/5386283c5db150efe261184bd59f072a?s=96&d=mm&r=g\",\"contentUrl\":\"https:\/\/secure.gravatar.com\/avatar\/5386283c5db150efe261184bd59f072a?s=96&d=mm&r=g\",\"caption\":\"staff\"},\"url\":\"https:\/\/appsaf.apieproject.com\/news\/fr\/author\/staff\/\"}]}<\/script>\n<!-- \/ Yoast SEO plugin. -->","yoast_head_json":{"title":"Culture: 20 Projets Des Jeunes Seront Accompagn\u00e9s Dans Le Cadre Du Programme \u201cCr\u00e9ation Africa Tchad\u201d - APIE NEWS","robots":{"index":"index","follow":"follow","max-snippet":"max-snippet:-1","max-image-preview":"max-image-preview:large","max-video-preview":"max-video-preview:-1"},"canonical":"https:\/\/appsaf.apieproject.com\/news\/fr\/2023\/11\/13\/culture-20-projets-des-jeunes-seront-accompagnes-dans-le-cadre-du-programme-creation-africa-tchad\/","og_locale":"fr_FR","og_type":"article","og_title":"Culture: 20 Projets Des Jeunes Seront Accompagn\u00e9s Dans Le Cadre Du Programme \u201cCr\u00e9ation Africa Tchad\u201d - APIE NEWS","og_description":"Le programme \u201cCr\u00e9ation Africa Tchad\u201d est lanc\u00e9 ce mercredi 8 novembre 2023. C\u2019est un programme qui vise \u00e0 contribuer \u00e0 l\u2019\u00e9mergence de l\u2019industrie culturelle tchadienne.","og_url":"https:\/\/appsaf.apieproject.com\/news\/fr\/2023\/11\/13\/culture-20-projets-des-jeunes-seront-accompagnes-dans-le-cadre-du-programme-creation-africa-tchad\/","og_site_name":"APIE NEWS","article_publisher":"https:\/\/facebook.com\/apieproject","article_published_time":"2023-11-13T17:52:43+00:00","article_modified_time":"2023-11-13T17:52:46+00:00","og_image":[{"width":980,"height":551,"url":"https:\/\/appsaf.apieproject.com\/news\/wp-content\/uploads\/sites\/29\/2023\/11\/CREATION-980x551-69f4a9e21a73e036700407b916066363.jpeg","type":"image\/jpeg"}],"author":"staff","twitter_card":"summary_large_image","twitter_creator":"@apieproject","twitter_site":"@apieproject","twitter_misc":{"\u00c9crit par":"staff","Dur\u00e9e de lecture estim\u00e9e":"2 minutes"},"schema":{"@context":"https:\/\/schema.org","@graph":[{"@type":"Article","@id":"https:\/\/appsaf.apieproject.com\/news\/fr\/2023\/11\/13\/culture-20-projets-des-jeunes-seront-accompagnes-dans-le-cadre-du-programme-creation-africa-tchad\/#article","isPartOf":{"@id":"https:\/\/appsaf.apieproject.com\/news\/fr\/2023\/11\/13\/culture-20-projets-des-jeunes-seront-accompagnes-dans-le-cadre-du-programme-creation-africa-tchad\/"},"author":{"name":"staff","@id":"https:\/\/appsaf.apieproject.com\/news\/#\/schema\/person\/399517cac378948cd7b39086f9ddc2a7"},"headline":"Culture: 20 Projets Des Jeunes Seront Accompagn\u00e9s Dans Le Cadre Du Programme \u201cCr\u00e9ation Africa Tchad\u201d","datePublished":"2023-11-13T17:52:43+00:00","dateModified":"2023-11-13T17:52:46+00:00","mainEntityOfPage":{"@id":"https:\/\/appsaf.apieproject.com\/news\/fr\/2023\/11\/13\/culture-20-projets-des-jeunes-seront-accompagnes-dans-le-cadre-du-programme-creation-africa-tchad\/"},"wordCount":324,"commentCount":0,"publisher":{"@id":"https:\/\/appsaf.apieproject.com\/news\/#organization"},"image":{"@id":"https:\/\/appsaf.apieproject.com\/news\/fr\/2023\/11\/13\/culture-20-projets-des-jeunes-seront-accompagnes-dans-le-cadre-du-programme-creation-africa-tchad\/#primaryimage"},"thumbnailUrl":"https:\/\/appsaf.apieproject.com\/news\/wp-content\/uploads\/sites\/29\/2023\/11\/CREATION-980x551-69f4a9e21a73e036700407b916066363.jpeg","keywords":["actualites","apie project","culture"],"articleSection":["Actualit\u00e9s","Culture"],"inLanguage":"fr-FR","potentialAction":[{"@type":"CommentAction","name":"Comment","target":["https:\/\/appsaf.apieproject.com\/news\/fr\/2023\/11\/13\/culture-20-projets-des-jeunes-seront-accompagnes-dans-le-cadre-du-programme-creation-africa-tchad\/#respond"]}]},{"@type":"WebPage","@id":"https:\/\/appsaf.apieproject.com\/news\/fr\/2023\/11\/13\/culture-20-projets-des-jeunes-seront-accompagnes-dans-le-cadre-du-programme-creation-africa-tchad\/","url":"https:\/\/appsaf.apieproject.com\/news\/fr\/2023\/11\/13\/culture-20-projets-des-jeunes-seront-accompagnes-dans-le-cadre-du-programme-creation-africa-tchad\/","name":"Culture: 20 Projets Des Jeunes Seront Accompagn\u00e9s Dans Le Cadre Du Programme \u201cCr\u00e9ation Africa Tchad\u201d - APIE NEWS","isPartOf":{"@id":"https:\/\/appsaf.apieproject.com\/news\/#website"},"primaryImageOfPage":{"@id":"https:\/\/appsaf.apieproject.com\/news\/fr\/2023\/11\/13\/culture-20-projets-des-jeunes-seront-accompagnes-dans-le-cadre-du-programme-creation-africa-tchad\/#primaryimage"},"image":{"@id":"https:\/\/appsaf.apieproject.com\/news\/fr\/2023\/11\/13\/culture-20-projets-des-jeunes-seront-accompagnes-dans-le-cadre-du-programme-creation-africa-tchad\/#primaryimage"},"thumbnailUrl":"https:\/\/appsaf.apieproject.com\/news\/wp-content\/uploads\/sites\/29\/2023\/11\/CREATION-980x551-69f4a9e21a73e036700407b916066363.jpeg","datePublished":"2023-11-13T17:52:43+00:00","dateModified":"2023-11-13T17:52:46+00:00","breadcrumb":{"@id":"https:\/\/appsaf.apieproject.com\/news\/fr\/2023\/11\/13\/culture-20-projets-des-jeunes-seront-accompagnes-dans-le-cadre-du-programme-creation-africa-tchad\/#breadcrumb"},"inLanguage":"fr-FR","potentialAction":[{"@type":"ReadAction","target":["https:\/\/appsaf.apieproject.com\/news\/fr\/2023\/11\/13\/culture-20-projets-des-jeunes-seront-accompagnes-dans-le-cadre-du-programme-creation-africa-tchad\/"]}]},{"@type":"ImageObject","inLanguage":"fr-FR","@id":"https:\/\/appsaf.apieproject.com\/news\/fr\/2023\/11\/13\/culture-20-projets-des-jeunes-seront-accompagnes-dans-le-cadre-du-programme-creation-africa-tchad\/#primaryimage","url":"https:\/\/appsaf.apieproject.com\/news\/wp-content\/uploads\/sites\/29\/2023\/11\/CREATION-980x551-69f4a9e21a73e036700407b916066363.jpeg","contentUrl":"https:\/\/appsaf.apieproject.com\/news\/wp-content\/uploads\/sites\/29\/2023\/11\/CREATION-980x551-69f4a9e21a73e036700407b916066363.jpeg","width":980,"height":551},{"@type":"BreadcrumbList","@id":"https:\/\/appsaf.apieproject.com\/news\/fr\/2023\/11\/13\/culture-20-projets-des-jeunes-seront-accompagnes-dans-le-cadre-du-programme-creation-africa-tchad\/#breadcrumb","itemListElement":[{"@type":"ListItem","position":1,"name":"Home","item":"https:\/\/appsaf.apieproject.com\/news\/fr\/home\/"},{"@type":"ListItem","position":2,"name":"Culture: 20 Projets Des Jeunes Seront Accompagn\u00e9s Dans Le Cadre Du Programme \u201cCr\u00e9ation Africa Tchad\u201d"}]},{"@type":"WebSite","@id":"https:\/\/appsaf.apieproject.com\/news\/#website","url":"https:\/\/appsaf.apieproject.com\/news\/","name":"APIE NEWS","description":"PANAFRICANISM NEWS PORTAL","publisher":{"@id":"https:\/\/appsaf.apieproject.com\/news\/#organization"},"potentialAction":[{"@type":"SearchAction","target":{"@type":"EntryPoint","urlTemplate":"https:\/\/appsaf.apieproject.com\/news\/?s={search_term_string}"},"query-input":{"@type":"PropertyValueSpecification","valueRequired":true,"valueName":"search_term_string"}}],"inLanguage":"fr-FR"},{"@type":"Organization","@id":"https:\/\/appsaf.apieproject.com\/news\/#organization","name":"APIE PROJECT","url":"https:\/\/appsaf.apieproject.com\/news\/","logo":{"@type":"ImageObject","inLanguage":"fr-FR","@id":"https:\/\/appsaf.apieproject.com\/news\/#\/schema\/logo\/image\/","url":"https:\/\/appsaf.apieproject.com\/news\/wp-content\/uploads\/sites\/29\/2022\/07\/logo-R-TransparentBackground.png","contentUrl":"https:\/\/appsaf.apieproject.com\/news\/wp-content\/uploads\/sites\/29\/2022\/07\/logo-R-TransparentBackground.png","width":512,"height":512,"caption":"APIE PROJECT"},"image":{"@id":"https:\/\/appsaf.apieproject.com\/news\/#\/schema\/logo\/image\/"},"sameAs":["https:\/\/facebook.com\/apieproject","https:\/\/x.com\/apieproject"]},{"@type":"Person","@id":"https:\/\/appsaf.apieproject.com\/news\/#\/schema\/person\/399517cac378948cd7b39086f9ddc2a7","name":"staff","image":{"@type":"ImageObject","inLanguage":"fr-FR","@id":"https:\/\/appsaf.apieproject.com\/news\/#\/schema\/person\/image\/","url":"https:\/\/secure.gravatar.com\/avatar\/5386283c5db150efe261184bd59f072a?s=96&d=mm&r=g","contentUrl":"https:\/\/secure.gravatar.com\/avatar\/5386283c5db150efe261184bd59f072a?s=96&d=mm&r=g","caption":"staff"},"url":"https:\/\/appsaf.apieproject.com\/news\/fr\/author\/staff\/"}]}},"_links":{"self":[{"href":"https:\/\/appsaf.apieproject.com\/news\/fr\/wp-json\/wp\/v2\/posts\/35540","targetHints":{"allow":["GET"]}}],"collection":[{"href":"https:\/\/appsaf.apieproject.com\/news\/fr\/wp-json\/wp\/v2\/posts"}],"about":[{"href":"https:\/\/appsaf.apieproject.com\/news\/fr\/wp-json\/wp\/v2\/types\/post"}],"author":[{"embeddable":true,"href":"https:\/\/appsaf.apieproject.com\/news\/fr\/wp-json\/wp\/v2\/users\/12963"}],"replies":[{"embeddable":true,"href":"https:\/\/appsaf.apieproject.com\/news\/fr\/wp-json\/wp\/v2\/comments?post=35540"}],"version-history":[{"count":1,"href":"https:\/\/appsaf.apieproject.com\/news\/fr\/wp-json\/wp\/v2\/posts\/35540\/revisions"}],"predecessor-version":[{"id":35852,"href":"https:\/\/appsaf.apieproject.com\/news\/fr\/wp-json\/wp\/v2\/posts\/35540\/revisions\/35852"}],"wp:featuredmedia":[{"embeddable":true,"href":"https:\/\/appsaf.apieproject.com\/news\/fr\/wp-json\/wp\/v2\/media\/35537"}],"wp:attachment":[{"href":"https:\/\/appsaf.apieproject.com\/news\/fr\/wp-json\/wp\/v2\/media?parent=35540"}],"wp:term":[{"taxonomy":"category","embeddable":true,"href":"https:\/\/appsaf.apieproject.com\/news\/fr\/wp-json\/wp\/v2\/categories?post=35540"},{"taxonomy":"post_tag","embeddable":true,"href":"https:\/\/appsaf.apieproject.com\/news\/fr\/wp-json\/wp\/v2\/tags?post=35540"}],"curies":[{"name":"wp","href":"https:\/\/api.w.org\/{rel}","templated":true}]}}