{"id":35633,"date":"2023-11-13T18:26:32","date_gmt":"2023-11-13T18:26:32","guid":{"rendered":"https:\/\/appsaf.apieproject.com\/news\/?p=35633"},"modified":"2023-11-13T18:26:34","modified_gmt":"2023-11-13T18:26:34","slug":"au-burundi-la-perpetuite-requise-contre-alain-guillaume-bunyoni","status":"publish","type":"post","link":"https:\/\/appsaf.apieproject.com\/news\/fr\/2023\/11\/13\/au-burundi-la-perpetuite-requise-contre-alain-guillaume-bunyoni\/","title":{"rendered":"Au Burundi, La Perp\u00e9tuit\u00e9 Requise Contre Alain-Guillaume Bunyoni"},"content":{"rendered":"<p>Alain-Guillaume Bunyoni finira-t-il ses jours en prison ? Une peine \u00e0 perp\u00e9tuit\u00e9 a \u00e9t\u00e9 requise le 9 novembre contre l\u2019ancien puissant Premier ministre du Burundi, accus\u00e9 d\u2019avoir voulu \u00ab renverser le r\u00e9gime constitutionnel \u00bb, selon une source judiciaire et des t\u00e9moins.<\/p>\n<p>Le g\u00e9n\u00e9ral Bunyoni, 51 ans, comparaissait en compagnie de six coaccus\u00e9s devant la Cour supr\u00eame du Burundi si\u00e9geant dans une salle de la prison centrale de Gitega, la capitale politique du pays, o\u00f9 il est d\u00e9tenu. Alain-Guillaume Bunyoni, devenu Premier ministre en juin 2020, avait \u00e9t\u00e9 d\u00e9mis de ses fonctions en septembre 2022, quelques jours apr\u00e8s que le pr\u00e9sident \u00c9variste Ndayishimiye eut d\u00e9nonc\u00e9 des vell\u00e9it\u00e9s de \u00ab coup d\u2019\u00c9tat \u00bb.<\/p>\n<p>Il \u00e9tait de longue date consid\u00e9r\u00e9 comme le v\u00e9ritable num\u00e9ro deux du r\u00e9gime et le chef de file des durs parmi les g\u00e9n\u00e9raux \u0153uvrant dans les coulisses du pouvoir.<\/p>\n<p>Plus de 150 maisons et terrains, une quarantaine de v\u00e9hicules<br \/>\nArr\u00eat\u00e9 en avril 2023 et accus\u00e9 de \u00ab saper la s\u00e9curit\u00e9 int\u00e9rieure de l\u2019\u00c9tat \u00bb, de d\u00e9tention ill\u00e9gale d\u2019armes et d\u2019insulte au chef de l\u2019\u00c9tat, il s\u2019est vu aussi reproch\u00e9 au cours de son proc\u00e8s d\u2019avoir \u00ab commis des f\u00e9tiches contre la vie du chef de l\u2019\u00c9tat \u00bb ou encore de prise ill\u00e9gale d\u2019int\u00e9r\u00eat, selon une source judiciaire.<\/p>\n<p>\u00ab Pour tous ces motifs, je demande qu\u2019Alain-Guillaume Bunyoni soit puni par une peine de servitude p\u00e9nale \u00e0 perp\u00e9tuit\u00e9 \u00bb, a requis le substitut Jean-Bosco Bucumi. Il a \u00e9galement r\u00e9clam\u00e9 une amende de 7,1 millions de francs burundais (environ 2 300 euros) et des dommages et int\u00e9r\u00eats \u00e0 la hauteur du \u00ab double de la valeur des 153 maisons et terrains et des 43 v\u00e9hicules qui lui appartiennent \u00bb. Le g\u00e9n\u00e9ral Bunyoni a plaid\u00e9 non coupable de tous les chefs d\u2019accusation et a demand\u00e9 sa relaxe pure et simple, en invoquant \u00ab un manque de preuves \u00bb pour \u00e9tayer l\u2019accusation.<\/p>\n<p>Le minist\u00e8re public a en outre requis trente ans de prison pour ses six coaccus\u00e9s, parmi lesquels le colonel de police D\u00e9sir\u00e9 Uwamahoro et un haut cadre du Service national du renseignement (SNR), Destino-Samuel Bapfumukeko. Le verdict sera rendu d\u2019ici \u00e0 trente jours.<\/p>\n<p>\u00ab Rivalit\u00e9 personnelle \u00bb<br \/>\nSelon Carina Tertsakian, de l\u2019Initiative pour les droits humains au Burundi, l\u2019arrestation de l\u2019ancien Premier ministre a \u00e9t\u00e9 \u00ab le point culminant d\u2019une rivalit\u00e9 personnelle entre lui et le pr\u00e9sident \u00c9variste Ndayishimiye \u00bb.<\/p>\n<p>\u00ab C\u2019\u00e9tait une occasion en or pour le faire traduire en justice pour son implication dans des violations des droits humains. Mais malheureusement, aucune des infractions ne concerne les meurtres, les actes de torture et autres crimes commis pendant que Bunyoni \u00e9tait ministre de la S\u00e9curit\u00e9 publique [2007-2011, puis 2015-2020] \u00bb, a-t-elle d\u00e9plor\u00e9. Et d\u2019ajouter : \u00ab Nous regrettons que les droits humains ne semblent pas figurer dans les priorit\u00e9s du pr\u00e9sident. Son objectif est plut\u00f4t de consolider son pouvoir et d\u2019\u00e9carter les personnes dans son entourage qui ne le soutiennent pas. \u00bb<\/p>\n<p>Si la communaut\u00e9 internationale a salu\u00e9 une certaine ouverture du pays depuis l\u2019arriv\u00e9e au pouvoir d\u2019\u00c9variste Ndayishimiye en juin 2020 apr\u00e8s la mort soudaine de Pierre Nkurunziza, une commission d\u2019enqu\u00eate de l\u2019ONU affirmait en septembre 2021 que la situation des droits humains y restait \u00ab d\u00e9sastreuse \u00bb.<\/p>\n","protected":false},"excerpt":{"rendered":"<p>L\u2019ex-chef du gouvernement est accus\u00e9 de \u00ab saper la s\u00e9curit\u00e9 int\u00e9rieure de l\u2019\u00c9tat \u00bb, de d\u00e9tention ill\u00e9gale d\u2019armes et d\u2019insulte au chef de l\u2019\u00c9tat, \u00c9variste Ndayishimiye. Il comparaissait en compagnie de six coaccus\u00e9s devant la Cour supr\u00eame du Burundi, qui doit rendre son verdict d\u2019ici \u00e0 trente jours.<\/p>\n","protected":false},"author":12963,"featured_media":35630,"comment_status":"open","ping_status":"open","sticky":false,"template":"","format":"standard","meta":{"footnotes":""},"categories":[67,69],"tags":[81,78,82],"class_list":{"0":"post-35633","1":"post","2":"type-post","3":"status-publish","4":"format-standard","5":"has-post-thumbnail","7":"category-actualites","8":"category-politique","9":"tag-actualites","10":"tag-apie-project-2","11":"tag-politique"},"yoast_head":"<!-- This site is optimized with the Yoast SEO plugin v24.4 - https:\/\/yoast.com\/wordpress\/plugins\/seo\/ -->\n<title>Au Burundi, La Perp\u00e9tuit\u00e9 Requise Contre Alain-Guillaume Bunyoni - APIE NEWS<\/title>\n<meta name=\"robots\" content=\"index, follow, max-snippet:-1, max-image-preview:large, max-video-preview:-1\" \/>\n<link rel=\"canonical\" href=\"https:\/\/appsaf.apieproject.com\/news\/fr\/2023\/11\/13\/au-burundi-la-perpetuite-requise-contre-alain-guillaume-bunyoni\/\" \/>\n<meta property=\"og:locale\" content=\"fr_FR\" \/>\n<meta property=\"og:type\" content=\"article\" \/>\n<meta property=\"og:title\" content=\"Au Burundi, La Perp\u00e9tuit\u00e9 Requise Contre Alain-Guillaume Bunyoni - APIE NEWS\" \/>\n<meta property=\"og:description\" content=\"L\u2019ex-chef du gouvernement est accus\u00e9 de \u00ab saper la s\u00e9curit\u00e9 int\u00e9rieure de l\u2019\u00c9tat \u00bb, de d\u00e9tention ill\u00e9gale d\u2019armes et d\u2019insulte au chef de l\u2019\u00c9tat, \u00c9variste Ndayishimiye. Il comparaissait en compagnie de six coaccus\u00e9s devant la Cour supr\u00eame du Burundi, qui doit rendre son verdict d\u2019ici \u00e0 trente jours.\" \/>\n<meta property=\"og:url\" content=\"https:\/\/appsaf.apieproject.com\/news\/fr\/2023\/11\/13\/au-burundi-la-perpetuite-requise-contre-alain-guillaume-bunyoni\/\" \/>\n<meta property=\"og:site_name\" content=\"APIE NEWS\" \/>\n<meta property=\"article:publisher\" content=\"https:\/\/facebook.com\/apieproject\" \/>\n<meta property=\"article:published_time\" content=\"2023-11-13T18:26:32+00:00\" \/>\n<meta property=\"article:modified_time\" content=\"2023-11-13T18:26:34+00:00\" \/>\n<meta property=\"og:image\" content=\"https:\/\/appsaf.apieproject.com\/news\/wp-content\/uploads\/sites\/29\/2023\/11\/Capture-453c3b5d2512bdf0240ccfe006577ac2.png\" \/>\n\t<meta property=\"og:image:width\" content=\"907\" \/>\n\t<meta property=\"og:image:height\" content=\"602\" \/>\n\t<meta property=\"og:image:type\" content=\"image\/png\" \/>\n<meta name=\"author\" content=\"staff\" \/>\n<meta name=\"twitter:card\" content=\"summary_large_image\" \/>\n<meta name=\"twitter:creator\" content=\"@apieproject\" \/>\n<meta name=\"twitter:site\" content=\"@apieproject\" \/>\n<meta name=\"twitter:label1\" content=\"\u00c9crit par\" \/>\n\t<meta name=\"twitter:data1\" content=\"staff\" \/>\n\t<meta name=\"twitter:label2\" content=\"Dur\u00e9e de lecture estim\u00e9e\" \/>\n\t<meta name=\"twitter:data2\" content=\"3 minutes\" \/>\n<script type=\"application\/ld+json\" class=\"yoast-schema-graph\">{\"@context\":\"https:\/\/schema.org\",\"@graph\":[{\"@type\":\"Article\",\"@id\":\"https:\/\/appsaf.apieproject.com\/news\/fr\/2023\/11\/13\/au-burundi-la-perpetuite-requise-contre-alain-guillaume-bunyoni\/#article\",\"isPartOf\":{\"@id\":\"https:\/\/appsaf.apieproject.com\/news\/fr\/2023\/11\/13\/au-burundi-la-perpetuite-requise-contre-alain-guillaume-bunyoni\/\"},\"author\":{\"name\":\"staff\",\"@id\":\"https:\/\/appsaf.apieproject.com\/news\/#\/schema\/person\/399517cac378948cd7b39086f9ddc2a7\"},\"headline\":\"Au Burundi, La Perp\u00e9tuit\u00e9 Requise Contre Alain-Guillaume Bunyoni\",\"datePublished\":\"2023-11-13T18:26:32+00:00\",\"dateModified\":\"2023-11-13T18:26:34+00:00\",\"mainEntityOfPage\":{\"@id\":\"https:\/\/appsaf.apieproject.com\/news\/fr\/2023\/11\/13\/au-burundi-la-perpetuite-requise-contre-alain-guillaume-bunyoni\/\"},\"wordCount\":573,\"commentCount\":0,\"publisher\":{\"@id\":\"https:\/\/appsaf.apieproject.com\/news\/#organization\"},\"image\":{\"@id\":\"https:\/\/appsaf.apieproject.com\/news\/fr\/2023\/11\/13\/au-burundi-la-perpetuite-requise-contre-alain-guillaume-bunyoni\/#primaryimage\"},\"thumbnailUrl\":\"https:\/\/appsaf.apieproject.com\/news\/wp-content\/uploads\/sites\/29\/2023\/11\/Capture-453c3b5d2512bdf0240ccfe006577ac2.png\",\"keywords\":[\"actualites\",\"apie project\",\"politique\"],\"articleSection\":[\"Actualit\u00e9s\",\"Politique\"],\"inLanguage\":\"fr-FR\",\"potentialAction\":[{\"@type\":\"CommentAction\",\"name\":\"Comment\",\"target\":[\"https:\/\/appsaf.apieproject.com\/news\/fr\/2023\/11\/13\/au-burundi-la-perpetuite-requise-contre-alain-guillaume-bunyoni\/#respond\"]}]},{\"@type\":\"WebPage\",\"@id\":\"https:\/\/appsaf.apieproject.com\/news\/fr\/2023\/11\/13\/au-burundi-la-perpetuite-requise-contre-alain-guillaume-bunyoni\/\",\"url\":\"https:\/\/appsaf.apieproject.com\/news\/fr\/2023\/11\/13\/au-burundi-la-perpetuite-requise-contre-alain-guillaume-bunyoni\/\",\"name\":\"Au Burundi, La Perp\u00e9tuit\u00e9 Requise Contre Alain-Guillaume Bunyoni - APIE NEWS\",\"isPartOf\":{\"@id\":\"https:\/\/appsaf.apieproject.com\/news\/#website\"},\"primaryImageOfPage\":{\"@id\":\"https:\/\/appsaf.apieproject.com\/news\/fr\/2023\/11\/13\/au-burundi-la-perpetuite-requise-contre-alain-guillaume-bunyoni\/#primaryimage\"},\"image\":{\"@id\":\"https:\/\/appsaf.apieproject.com\/news\/fr\/2023\/11\/13\/au-burundi-la-perpetuite-requise-contre-alain-guillaume-bunyoni\/#primaryimage\"},\"thumbnailUrl\":\"https:\/\/appsaf.apieproject.com\/news\/wp-content\/uploads\/sites\/29\/2023\/11\/Capture-453c3b5d2512bdf0240ccfe006577ac2.png\",\"datePublished\":\"2023-11-13T18:26:32+00:00\",\"dateModified\":\"2023-11-13T18:26:34+00:00\",\"breadcrumb\":{\"@id\":\"https:\/\/appsaf.apieproject.com\/news\/fr\/2023\/11\/13\/au-burundi-la-perpetuite-requise-contre-alain-guillaume-bunyoni\/#breadcrumb\"},\"inLanguage\":\"fr-FR\",\"potentialAction\":[{\"@type\":\"ReadAction\",\"target\":[\"https:\/\/appsaf.apieproject.com\/news\/fr\/2023\/11\/13\/au-burundi-la-perpetuite-requise-contre-alain-guillaume-bunyoni\/\"]}]},{\"@type\":\"ImageObject\",\"inLanguage\":\"fr-FR\",\"@id\":\"https:\/\/appsaf.apieproject.com\/news\/fr\/2023\/11\/13\/au-burundi-la-perpetuite-requise-contre-alain-guillaume-bunyoni\/#primaryimage\",\"url\":\"https:\/\/appsaf.apieproject.com\/news\/wp-content\/uploads\/sites\/29\/2023\/11\/Capture-453c3b5d2512bdf0240ccfe006577ac2.png\",\"contentUrl\":\"https:\/\/appsaf.apieproject.com\/news\/wp-content\/uploads\/sites\/29\/2023\/11\/Capture-453c3b5d2512bdf0240ccfe006577ac2.png\",\"width\":907,\"height\":602},{\"@type\":\"BreadcrumbList\",\"@id\":\"https:\/\/appsaf.apieproject.com\/news\/fr\/2023\/11\/13\/au-burundi-la-perpetuite-requise-contre-alain-guillaume-bunyoni\/#breadcrumb\",\"itemListElement\":[{\"@type\":\"ListItem\",\"position\":1,\"name\":\"Home\",\"item\":\"https:\/\/appsaf.apieproject.com\/news\/fr\/home\/\"},{\"@type\":\"ListItem\",\"position\":2,\"name\":\"Au Burundi, La Perp\u00e9tuit\u00e9 Requise Contre Alain-Guillaume Bunyoni\"}]},{\"@type\":\"WebSite\",\"@id\":\"https:\/\/appsaf.apieproject.com\/news\/#website\",\"url\":\"https:\/\/appsaf.apieproject.com\/news\/\",\"name\":\"APIE NEWS\",\"description\":\"PANAFRICANISM NEWS PORTAL\",\"publisher\":{\"@id\":\"https:\/\/appsaf.apieproject.com\/news\/#organization\"},\"potentialAction\":[{\"@type\":\"SearchAction\",\"target\":{\"@type\":\"EntryPoint\",\"urlTemplate\":\"https:\/\/appsaf.apieproject.com\/news\/?s={search_term_string}\"},\"query-input\":{\"@type\":\"PropertyValueSpecification\",\"valueRequired\":true,\"valueName\":\"search_term_string\"}}],\"inLanguage\":\"fr-FR\"},{\"@type\":\"Organization\",\"@id\":\"https:\/\/appsaf.apieproject.com\/news\/#organization\",\"name\":\"APIE PROJECT\",\"url\":\"https:\/\/appsaf.apieproject.com\/news\/\",\"logo\":{\"@type\":\"ImageObject\",\"inLanguage\":\"fr-FR\",\"@id\":\"https:\/\/appsaf.apieproject.com\/news\/#\/schema\/logo\/image\/\",\"url\":\"https:\/\/appsaf.apieproject.com\/news\/wp-content\/uploads\/sites\/29\/2022\/07\/logo-R-TransparentBackground.png\",\"contentUrl\":\"https:\/\/appsaf.apieproject.com\/news\/wp-content\/uploads\/sites\/29\/2022\/07\/logo-R-TransparentBackground.png\",\"width\":512,\"height\":512,\"caption\":\"APIE PROJECT\"},\"image\":{\"@id\":\"https:\/\/appsaf.apieproject.com\/news\/#\/schema\/logo\/image\/\"},\"sameAs\":[\"https:\/\/facebook.com\/apieproject\",\"https:\/\/x.com\/apieproject\"]},{\"@type\":\"Person\",\"@id\":\"https:\/\/appsaf.apieproject.com\/news\/#\/schema\/person\/399517cac378948cd7b39086f9ddc2a7\",\"name\":\"staff\",\"image\":{\"@type\":\"ImageObject\",\"inLanguage\":\"fr-FR\",\"@id\":\"https:\/\/appsaf.apieproject.com\/news\/#\/schema\/person\/image\/\",\"url\":\"https:\/\/secure.gravatar.com\/avatar\/5386283c5db150efe261184bd59f072a?s=96&d=mm&r=g\",\"contentUrl\":\"https:\/\/secure.gravatar.com\/avatar\/5386283c5db150efe261184bd59f072a?s=96&d=mm&r=g\",\"caption\":\"staff\"},\"url\":\"https:\/\/appsaf.apieproject.com\/news\/fr\/author\/staff\/\"}]}<\/script>\n<!-- \/ Yoast SEO plugin. -->","yoast_head_json":{"title":"Au Burundi, La Perp\u00e9tuit\u00e9 Requise Contre Alain-Guillaume Bunyoni - APIE NEWS","robots":{"index":"index","follow":"follow","max-snippet":"max-snippet:-1","max-image-preview":"max-image-preview:large","max-video-preview":"max-video-preview:-1"},"canonical":"https:\/\/appsaf.apieproject.com\/news\/fr\/2023\/11\/13\/au-burundi-la-perpetuite-requise-contre-alain-guillaume-bunyoni\/","og_locale":"fr_FR","og_type":"article","og_title":"Au Burundi, La Perp\u00e9tuit\u00e9 Requise Contre Alain-Guillaume Bunyoni - APIE NEWS","og_description":"L\u2019ex-chef du gouvernement est accus\u00e9 de \u00ab saper la s\u00e9curit\u00e9 int\u00e9rieure de l\u2019\u00c9tat \u00bb, de d\u00e9tention ill\u00e9gale d\u2019armes et d\u2019insulte au chef de l\u2019\u00c9tat, \u00c9variste Ndayishimiye. Il comparaissait en compagnie de six coaccus\u00e9s devant la Cour supr\u00eame du Burundi, qui doit rendre son verdict d\u2019ici \u00e0 trente jours.","og_url":"https:\/\/appsaf.apieproject.com\/news\/fr\/2023\/11\/13\/au-burundi-la-perpetuite-requise-contre-alain-guillaume-bunyoni\/","og_site_name":"APIE NEWS","article_publisher":"https:\/\/facebook.com\/apieproject","article_published_time":"2023-11-13T18:26:32+00:00","article_modified_time":"2023-11-13T18:26:34+00:00","og_image":[{"width":907,"height":602,"url":"https:\/\/appsaf.apieproject.com\/news\/wp-content\/uploads\/sites\/29\/2023\/11\/Capture-453c3b5d2512bdf0240ccfe006577ac2.png","type":"image\/png"}],"author":"staff","twitter_card":"summary_large_image","twitter_creator":"@apieproject","twitter_site":"@apieproject","twitter_misc":{"\u00c9crit par":"staff","Dur\u00e9e de lecture estim\u00e9e":"3 minutes"},"schema":{"@context":"https:\/\/schema.org","@graph":[{"@type":"Article","@id":"https:\/\/appsaf.apieproject.com\/news\/fr\/2023\/11\/13\/au-burundi-la-perpetuite-requise-contre-alain-guillaume-bunyoni\/#article","isPartOf":{"@id":"https:\/\/appsaf.apieproject.com\/news\/fr\/2023\/11\/13\/au-burundi-la-perpetuite-requise-contre-alain-guillaume-bunyoni\/"},"author":{"name":"staff","@id":"https:\/\/appsaf.apieproject.com\/news\/#\/schema\/person\/399517cac378948cd7b39086f9ddc2a7"},"headline":"Au Burundi, La Perp\u00e9tuit\u00e9 Requise Contre Alain-Guillaume Bunyoni","datePublished":"2023-11-13T18:26:32+00:00","dateModified":"2023-11-13T18:26:34+00:00","mainEntityOfPage":{"@id":"https:\/\/appsaf.apieproject.com\/news\/fr\/2023\/11\/13\/au-burundi-la-perpetuite-requise-contre-alain-guillaume-bunyoni\/"},"wordCount":573,"commentCount":0,"publisher":{"@id":"https:\/\/appsaf.apieproject.com\/news\/#organization"},"image":{"@id":"https:\/\/appsaf.apieproject.com\/news\/fr\/2023\/11\/13\/au-burundi-la-perpetuite-requise-contre-alain-guillaume-bunyoni\/#primaryimage"},"thumbnailUrl":"https:\/\/appsaf.apieproject.com\/news\/wp-content\/uploads\/sites\/29\/2023\/11\/Capture-453c3b5d2512bdf0240ccfe006577ac2.png","keywords":["actualites","apie project","politique"],"articleSection":["Actualit\u00e9s","Politique"],"inLanguage":"fr-FR","potentialAction":[{"@type":"CommentAction","name":"Comment","target":["https:\/\/appsaf.apieproject.com\/news\/fr\/2023\/11\/13\/au-burundi-la-perpetuite-requise-contre-alain-guillaume-bunyoni\/#respond"]}]},{"@type":"WebPage","@id":"https:\/\/appsaf.apieproject.com\/news\/fr\/2023\/11\/13\/au-burundi-la-perpetuite-requise-contre-alain-guillaume-bunyoni\/","url":"https:\/\/appsaf.apieproject.com\/news\/fr\/2023\/11\/13\/au-burundi-la-perpetuite-requise-contre-alain-guillaume-bunyoni\/","name":"Au Burundi, La Perp\u00e9tuit\u00e9 Requise Contre Alain-Guillaume Bunyoni - APIE NEWS","isPartOf":{"@id":"https:\/\/appsaf.apieproject.com\/news\/#website"},"primaryImageOfPage":{"@id":"https:\/\/appsaf.apieproject.com\/news\/fr\/2023\/11\/13\/au-burundi-la-perpetuite-requise-contre-alain-guillaume-bunyoni\/#primaryimage"},"image":{"@id":"https:\/\/appsaf.apieproject.com\/news\/fr\/2023\/11\/13\/au-burundi-la-perpetuite-requise-contre-alain-guillaume-bunyoni\/#primaryimage"},"thumbnailUrl":"https:\/\/appsaf.apieproject.com\/news\/wp-content\/uploads\/sites\/29\/2023\/11\/Capture-453c3b5d2512bdf0240ccfe006577ac2.png","datePublished":"2023-11-13T18:26:32+00:00","dateModified":"2023-11-13T18:26:34+00:00","breadcrumb":{"@id":"https:\/\/appsaf.apieproject.com\/news\/fr\/2023\/11\/13\/au-burundi-la-perpetuite-requise-contre-alain-guillaume-bunyoni\/#breadcrumb"},"inLanguage":"fr-FR","potentialAction":[{"@type":"ReadAction","target":["https:\/\/appsaf.apieproject.com\/news\/fr\/2023\/11\/13\/au-burundi-la-perpetuite-requise-contre-alain-guillaume-bunyoni\/"]}]},{"@type":"ImageObject","inLanguage":"fr-FR","@id":"https:\/\/appsaf.apieproject.com\/news\/fr\/2023\/11\/13\/au-burundi-la-perpetuite-requise-contre-alain-guillaume-bunyoni\/#primaryimage","url":"https:\/\/appsaf.apieproject.com\/news\/wp-content\/uploads\/sites\/29\/2023\/11\/Capture-453c3b5d2512bdf0240ccfe006577ac2.png","contentUrl":"https:\/\/appsaf.apieproject.com\/news\/wp-content\/uploads\/sites\/29\/2023\/11\/Capture-453c3b5d2512bdf0240ccfe006577ac2.png","width":907,"height":602},{"@type":"BreadcrumbList","@id":"https:\/\/appsaf.apieproject.com\/news\/fr\/2023\/11\/13\/au-burundi-la-perpetuite-requise-contre-alain-guillaume-bunyoni\/#breadcrumb","itemListElement":[{"@type":"ListItem","position":1,"name":"Home","item":"https:\/\/appsaf.apieproject.com\/news\/fr\/home\/"},{"@type":"ListItem","position":2,"name":"Au Burundi, La Perp\u00e9tuit\u00e9 Requise Contre Alain-Guillaume Bunyoni"}]},{"@type":"WebSite","@id":"https:\/\/appsaf.apieproject.com\/news\/#website","url":"https:\/\/appsaf.apieproject.com\/news\/","name":"APIE NEWS","description":"PANAFRICANISM NEWS PORTAL","publisher":{"@id":"https:\/\/appsaf.apieproject.com\/news\/#organization"},"potentialAction":[{"@type":"SearchAction","target":{"@type":"EntryPoint","urlTemplate":"https:\/\/appsaf.apieproject.com\/news\/?s={search_term_string}"},"query-input":{"@type":"PropertyValueSpecification","valueRequired":true,"valueName":"search_term_string"}}],"inLanguage":"fr-FR"},{"@type":"Organization","@id":"https:\/\/appsaf.apieproject.com\/news\/#organization","name":"APIE PROJECT","url":"https:\/\/appsaf.apieproject.com\/news\/","logo":{"@type":"ImageObject","inLanguage":"fr-FR","@id":"https:\/\/appsaf.apieproject.com\/news\/#\/schema\/logo\/image\/","url":"https:\/\/appsaf.apieproject.com\/news\/wp-content\/uploads\/sites\/29\/2022\/07\/logo-R-TransparentBackground.png","contentUrl":"https:\/\/appsaf.apieproject.com\/news\/wp-content\/uploads\/sites\/29\/2022\/07\/logo-R-TransparentBackground.png","width":512,"height":512,"caption":"APIE PROJECT"},"image":{"@id":"https:\/\/appsaf.apieproject.com\/news\/#\/schema\/logo\/image\/"},"sameAs":["https:\/\/facebook.com\/apieproject","https:\/\/x.com\/apieproject"]},{"@type":"Person","@id":"https:\/\/appsaf.apieproject.com\/news\/#\/schema\/person\/399517cac378948cd7b39086f9ddc2a7","name":"staff","image":{"@type":"ImageObject","inLanguage":"fr-FR","@id":"https:\/\/appsaf.apieproject.com\/news\/#\/schema\/person\/image\/","url":"https:\/\/secure.gravatar.com\/avatar\/5386283c5db150efe261184bd59f072a?s=96&d=mm&r=g","contentUrl":"https:\/\/secure.gravatar.com\/avatar\/5386283c5db150efe261184bd59f072a?s=96&d=mm&r=g","caption":"staff"},"url":"https:\/\/appsaf.apieproject.com\/news\/fr\/author\/staff\/"}]}},"_links":{"self":[{"href":"https:\/\/appsaf.apieproject.com\/news\/fr\/wp-json\/wp\/v2\/posts\/35633","targetHints":{"allow":["GET"]}}],"collection":[{"href":"https:\/\/appsaf.apieproject.com\/news\/fr\/wp-json\/wp\/v2\/posts"}],"about":[{"href":"https:\/\/appsaf.apieproject.com\/news\/fr\/wp-json\/wp\/v2\/types\/post"}],"author":[{"embeddable":true,"href":"https:\/\/appsaf.apieproject.com\/news\/fr\/wp-json\/wp\/v2\/users\/12963"}],"replies":[{"embeddable":true,"href":"https:\/\/appsaf.apieproject.com\/news\/fr\/wp-json\/wp\/v2\/comments?post=35633"}],"version-history":[{"count":1,"href":"https:\/\/appsaf.apieproject.com\/news\/fr\/wp-json\/wp\/v2\/posts\/35633\/revisions"}],"predecessor-version":[{"id":35888,"href":"https:\/\/appsaf.apieproject.com\/news\/fr\/wp-json\/wp\/v2\/posts\/35633\/revisions\/35888"}],"wp:featuredmedia":[{"embeddable":true,"href":"https:\/\/appsaf.apieproject.com\/news\/fr\/wp-json\/wp\/v2\/media\/35630"}],"wp:attachment":[{"href":"https:\/\/appsaf.apieproject.com\/news\/fr\/wp-json\/wp\/v2\/media?parent=35633"}],"wp:term":[{"taxonomy":"category","embeddable":true,"href":"https:\/\/appsaf.apieproject.com\/news\/fr\/wp-json\/wp\/v2\/categories?post=35633"},{"taxonomy":"post_tag","embeddable":true,"href":"https:\/\/appsaf.apieproject.com\/news\/fr\/wp-json\/wp\/v2\/tags?post=35633"}],"curies":[{"name":"wp","href":"https:\/\/api.w.org\/{rel}","templated":true}]}}