{"id":35665,"date":"2023-11-13T18:38:52","date_gmt":"2023-11-13T18:38:52","guid":{"rendered":"https:\/\/appsaf.apieproject.com\/news\/?p=35665"},"modified":"2023-11-14T05:00:45","modified_gmt":"2023-11-14T05:00:45","slug":"4e-edition-de-mali-mode-show-echanges-autour-du-theme-oser-laudace","status":"publish","type":"post","link":"https:\/\/appsaf.apieproject.com\/news\/fr\/2023\/11\/13\/4e-edition-de-mali-mode-show-echanges-autour-du-theme-oser-laudace\/","title":{"rendered":"4e Edition De Mali Mode Show : Echanges Autour Du Th\u00e8me \u00ab Oser l\u2019Audace \u00bb"},"content":{"rendered":"<p>\u00ab Oser l\u2019audace \u00bb, c\u2019est le th\u00e8me de la 4e \u00e9dition de \u00ab Mali Mode Show \u00bb. Selon Akim Soul promoteur de Mali Mode Show, ce th\u00e8me invite les cr\u00e9ateurs de mode \u00e0 sortir de leur zone de confort. Il s\u2019agit, a-t-il indiqu\u00e9, d\u2019\u00ab aller au-del\u00e0 de ce qui est propos\u00e9 jusque-l\u00e0 \u00bb.<\/p>\n<p>Interrog\u00e9e \u00e9galement sur ce qui lui inspire ce th\u00e8me, Sow Namissa Th\u00e9ra, promotrice de marque de v\u00eatements affirme : \u00ab Oser l\u2019audace en tant que cr\u00e9ateur, c\u2019est une exploration personnelle qui demande beaucoup de courage et supporter le regard des autres. C\u2019est aller au fond de ses id\u00e9es \u00bb.<\/p>\n<p>Pr\u00e9sente \u00e0 Bamako pour la semaine malienne de la mode, la styliste s\u00e9n\u00e9galaise Adama Ndiaye, appel\u00e9e Adama Paris, a partag\u00e9 sa vision de la mode avec la jeune g\u00e9n\u00e9ration de cr\u00e9ateurs maliens. Attach\u00e9e \u00e0 la culture africaine, Adama Paris estime que la mode en Afrique doit s\u2019inspirer de notre culture. \u00ab Nos r\u00e9alit\u00e9s avec l\u2019occident ne sont pas les m\u00eames \u00bb. a-t-il expliqu\u00e9. Et de conseiller envers ceux qui attendent les grands moyens : \u00ab on peut toujours faire quelque chose avec le peu qu\u2019on a. Il s\u2019agit de r\u00eaver et de faire r\u00eaver les prochaines g\u00e9n\u00e9rations \u00bb.<\/p>\n<p>Laur\u00e9at en 1994 du prix du \u201cCr\u00e9ateur de l\u2019Ann\u00e9e\u201d par le New York Times, et prix ANDAM en 1996. Le styliste Lamine Badian Kouyat\u00e9 a aussi pris la parole lors du panel \u00e0 l\u2019espace Tania Garden, \u00e0 l\u2019ACI-2000. Lamine Badian Kouyat\u00e9 estime que la r\u00e9ussite dans le domaine de la mode passe par l\u2019authenticit\u00e9 des \u0153uvres. Pour y arriver, r\u00e9v\u00e8le-t-il, il ne faut pas oublier ce qu\u2019on est. Cependant, \u00ab il faut sortir du conservatisme et ne pas replier sur soi \u00bb, a conseill\u00e9 le styliste de renom.<\/p>\n","protected":false},"excerpt":{"rendered":"<p>Des participants \u00e0 la semaine de la mode \u00ab Mali Mode Show \u00bb ont anim\u00e9, ce jeudi 9 novembre 2023, un panel sous le th\u00e8me : \u00ab oser l\u2019audace \u00bb. Des stylistes et cr\u00e9ateurs de mode de renom du Mali et d\u2019ailleurs ont \u00e9chang\u00e9 avec la jeune g\u00e9n\u00e9ration pour un partage d\u2019exp\u00e9rience.<\/p>\n","protected":false},"author":12963,"featured_media":35662,"comment_status":"open","ping_status":"open","sticky":false,"template":"","format":"standard","meta":{"footnotes":""},"categories":[57,63,59],"tags":[78,95,94],"class_list":{"0":"post-35665","1":"post","2":"type-post","3":"status-publish","4":"format-standard","5":"has-post-thumbnail","7":"category-mode","8":"category-mode-de-vie","9":"category-speciaux","10":"tag-apie-project-2","11":"tag-mode","12":"tag-mode-de-vie"},"yoast_head":"<!-- This site is optimized with the Yoast SEO plugin v24.4 - https:\/\/yoast.com\/wordpress\/plugins\/seo\/ -->\n<title>4e Edition De Mali Mode Show : Echanges Autour Du Th\u00e8me \u00ab Oser l\u2019Audace \u00bb - APIE NEWS<\/title>\n<meta name=\"robots\" content=\"index, follow, max-snippet:-1, max-image-preview:large, max-video-preview:-1\" \/>\n<link rel=\"canonical\" href=\"https:\/\/appsaf.apieproject.com\/news\/fr\/2023\/11\/13\/4e-edition-de-mali-mode-show-echanges-autour-du-theme-oser-laudace\/\" \/>\n<meta property=\"og:locale\" content=\"fr_FR\" \/>\n<meta property=\"og:type\" content=\"article\" \/>\n<meta property=\"og:title\" content=\"4e Edition De Mali Mode Show : Echanges Autour Du Th\u00e8me \u00ab Oser l\u2019Audace \u00bb - APIE NEWS\" \/>\n<meta property=\"og:description\" content=\"Des participants \u00e0 la semaine de la mode \u00ab Mali Mode Show \u00bb ont anim\u00e9, ce jeudi 9 novembre 2023, un panel sous le th\u00e8me : \u00ab oser l\u2019audace \u00bb. Des stylistes et cr\u00e9ateurs de mode de renom du Mali et d\u2019ailleurs ont \u00e9chang\u00e9 avec la jeune g\u00e9n\u00e9ration pour un partage d\u2019exp\u00e9rience.\" \/>\n<meta property=\"og:url\" content=\"https:\/\/appsaf.apieproject.com\/news\/fr\/2023\/11\/13\/4e-edition-de-mali-mode-show-echanges-autour-du-theme-oser-laudace\/\" \/>\n<meta property=\"og:site_name\" content=\"APIE NEWS\" \/>\n<meta property=\"article:publisher\" content=\"https:\/\/facebook.com\/apieproject\" \/>\n<meta property=\"article:published_time\" content=\"2023-11-13T18:38:52+00:00\" \/>\n<meta property=\"article:modified_time\" content=\"2023-11-14T05:00:45+00:00\" \/>\n<meta property=\"og:image\" content=\"https:\/\/appsaf.apieproject.com\/news\/wp-content\/uploads\/sites\/29\/2023\/11\/Mali-mode-d032ed55dce54da454beb98ec44c88e8.jpg\" \/>\n\t<meta property=\"og:image:width\" content=\"650\" \/>\n\t<meta property=\"og:image:height\" content=\"405\" \/>\n\t<meta property=\"og:image:type\" content=\"image\/jpeg\" \/>\n<meta name=\"author\" content=\"staff\" \/>\n<meta name=\"twitter:card\" content=\"summary_large_image\" \/>\n<meta name=\"twitter:creator\" content=\"@apieproject\" \/>\n<meta name=\"twitter:site\" content=\"@apieproject\" \/>\n<meta name=\"twitter:label1\" content=\"\u00c9crit par\" \/>\n\t<meta name=\"twitter:data1\" content=\"staff\" \/>\n\t<meta name=\"twitter:label2\" content=\"Dur\u00e9e de lecture estim\u00e9e\" \/>\n\t<meta name=\"twitter:data2\" content=\"2 minutes\" \/>\n<script type=\"application\/ld+json\" class=\"yoast-schema-graph\">{\"@context\":\"https:\/\/schema.org\",\"@graph\":[{\"@type\":\"Article\",\"@id\":\"https:\/\/appsaf.apieproject.com\/news\/fr\/2023\/11\/13\/4e-edition-de-mali-mode-show-echanges-autour-du-theme-oser-laudace\/#article\",\"isPartOf\":{\"@id\":\"https:\/\/appsaf.apieproject.com\/news\/fr\/2023\/11\/13\/4e-edition-de-mali-mode-show-echanges-autour-du-theme-oser-laudace\/\"},\"author\":{\"name\":\"staff\",\"@id\":\"https:\/\/appsaf.apieproject.com\/news\/#\/schema\/person\/399517cac378948cd7b39086f9ddc2a7\"},\"headline\":\"4e Edition De Mali Mode Show : Echanges Autour Du Th\u00e8me \u00ab Oser l\u2019Audace \u00bb\",\"datePublished\":\"2023-11-13T18:38:52+00:00\",\"dateModified\":\"2023-11-14T05:00:45+00:00\",\"mainEntityOfPage\":{\"@id\":\"https:\/\/appsaf.apieproject.com\/news\/fr\/2023\/11\/13\/4e-edition-de-mali-mode-show-echanges-autour-du-theme-oser-laudace\/\"},\"wordCount\":325,\"commentCount\":0,\"publisher\":{\"@id\":\"https:\/\/appsaf.apieproject.com\/news\/#organization\"},\"image\":{\"@id\":\"https:\/\/appsaf.apieproject.com\/news\/fr\/2023\/11\/13\/4e-edition-de-mali-mode-show-echanges-autour-du-theme-oser-laudace\/#primaryimage\"},\"thumbnailUrl\":\"https:\/\/appsaf.apieproject.com\/news\/wp-content\/uploads\/sites\/29\/2023\/11\/Mali-mode-d032ed55dce54da454beb98ec44c88e8.jpg\",\"keywords\":[\"apie project\",\"mode\",\"mode de vie\"],\"articleSection\":[\"Mode\",\"Mode de Vie\",\"Sp\u00e9ciaux\"],\"inLanguage\":\"fr-FR\",\"potentialAction\":[{\"@type\":\"CommentAction\",\"name\":\"Comment\",\"target\":[\"https:\/\/appsaf.apieproject.com\/news\/fr\/2023\/11\/13\/4e-edition-de-mali-mode-show-echanges-autour-du-theme-oser-laudace\/#respond\"]}]},{\"@type\":\"WebPage\",\"@id\":\"https:\/\/appsaf.apieproject.com\/news\/fr\/2023\/11\/13\/4e-edition-de-mali-mode-show-echanges-autour-du-theme-oser-laudace\/\",\"url\":\"https:\/\/appsaf.apieproject.com\/news\/fr\/2023\/11\/13\/4e-edition-de-mali-mode-show-echanges-autour-du-theme-oser-laudace\/\",\"name\":\"4e Edition De Mali Mode Show : Echanges Autour Du Th\u00e8me \u00ab Oser l\u2019Audace \u00bb - APIE NEWS\",\"isPartOf\":{\"@id\":\"https:\/\/appsaf.apieproject.com\/news\/#website\"},\"primaryImageOfPage\":{\"@id\":\"https:\/\/appsaf.apieproject.com\/news\/fr\/2023\/11\/13\/4e-edition-de-mali-mode-show-echanges-autour-du-theme-oser-laudace\/#primaryimage\"},\"image\":{\"@id\":\"https:\/\/appsaf.apieproject.com\/news\/fr\/2023\/11\/13\/4e-edition-de-mali-mode-show-echanges-autour-du-theme-oser-laudace\/#primaryimage\"},\"thumbnailUrl\":\"https:\/\/appsaf.apieproject.com\/news\/wp-content\/uploads\/sites\/29\/2023\/11\/Mali-mode-d032ed55dce54da454beb98ec44c88e8.jpg\",\"datePublished\":\"2023-11-13T18:38:52+00:00\",\"dateModified\":\"2023-11-14T05:00:45+00:00\",\"breadcrumb\":{\"@id\":\"https:\/\/appsaf.apieproject.com\/news\/fr\/2023\/11\/13\/4e-edition-de-mali-mode-show-echanges-autour-du-theme-oser-laudace\/#breadcrumb\"},\"inLanguage\":\"fr-FR\",\"potentialAction\":[{\"@type\":\"ReadAction\",\"target\":[\"https:\/\/appsaf.apieproject.com\/news\/fr\/2023\/11\/13\/4e-edition-de-mali-mode-show-echanges-autour-du-theme-oser-laudace\/\"]}]},{\"@type\":\"ImageObject\",\"inLanguage\":\"fr-FR\",\"@id\":\"https:\/\/appsaf.apieproject.com\/news\/fr\/2023\/11\/13\/4e-edition-de-mali-mode-show-echanges-autour-du-theme-oser-laudace\/#primaryimage\",\"url\":\"https:\/\/appsaf.apieproject.com\/news\/wp-content\/uploads\/sites\/29\/2023\/11\/Mali-mode-d032ed55dce54da454beb98ec44c88e8.jpg\",\"contentUrl\":\"https:\/\/appsaf.apieproject.com\/news\/wp-content\/uploads\/sites\/29\/2023\/11\/Mali-mode-d032ed55dce54da454beb98ec44c88e8.jpg\",\"width\":650,\"height\":405},{\"@type\":\"BreadcrumbList\",\"@id\":\"https:\/\/appsaf.apieproject.com\/news\/fr\/2023\/11\/13\/4e-edition-de-mali-mode-show-echanges-autour-du-theme-oser-laudace\/#breadcrumb\",\"itemListElement\":[{\"@type\":\"ListItem\",\"position\":1,\"name\":\"Home\",\"item\":\"https:\/\/appsaf.apieproject.com\/news\/fr\/home\/\"},{\"@type\":\"ListItem\",\"position\":2,\"name\":\"4e Edition De Mali Mode Show : Echanges Autour Du Th\u00e8me \u00ab Oser l\u2019Audace \u00bb\"}]},{\"@type\":\"WebSite\",\"@id\":\"https:\/\/appsaf.apieproject.com\/news\/#website\",\"url\":\"https:\/\/appsaf.apieproject.com\/news\/\",\"name\":\"APIE NEWS\",\"description\":\"PANAFRICANISM NEWS PORTAL\",\"publisher\":{\"@id\":\"https:\/\/appsaf.apieproject.com\/news\/#organization\"},\"potentialAction\":[{\"@type\":\"SearchAction\",\"target\":{\"@type\":\"EntryPoint\",\"urlTemplate\":\"https:\/\/appsaf.apieproject.com\/news\/?s={search_term_string}\"},\"query-input\":{\"@type\":\"PropertyValueSpecification\",\"valueRequired\":true,\"valueName\":\"search_term_string\"}}],\"inLanguage\":\"fr-FR\"},{\"@type\":\"Organization\",\"@id\":\"https:\/\/appsaf.apieproject.com\/news\/#organization\",\"name\":\"APIE PROJECT\",\"url\":\"https:\/\/appsaf.apieproject.com\/news\/\",\"logo\":{\"@type\":\"ImageObject\",\"inLanguage\":\"fr-FR\",\"@id\":\"https:\/\/appsaf.apieproject.com\/news\/#\/schema\/logo\/image\/\",\"url\":\"https:\/\/appsaf.apieproject.com\/news\/wp-content\/uploads\/sites\/29\/2022\/07\/logo-R-TransparentBackground.png\",\"contentUrl\":\"https:\/\/appsaf.apieproject.com\/news\/wp-content\/uploads\/sites\/29\/2022\/07\/logo-R-TransparentBackground.png\",\"width\":512,\"height\":512,\"caption\":\"APIE PROJECT\"},\"image\":{\"@id\":\"https:\/\/appsaf.apieproject.com\/news\/#\/schema\/logo\/image\/\"},\"sameAs\":[\"https:\/\/facebook.com\/apieproject\",\"https:\/\/x.com\/apieproject\"]},{\"@type\":\"Person\",\"@id\":\"https:\/\/appsaf.apieproject.com\/news\/#\/schema\/person\/399517cac378948cd7b39086f9ddc2a7\",\"name\":\"staff\",\"image\":{\"@type\":\"ImageObject\",\"inLanguage\":\"fr-FR\",\"@id\":\"https:\/\/appsaf.apieproject.com\/news\/#\/schema\/person\/image\/\",\"url\":\"https:\/\/secure.gravatar.com\/avatar\/5386283c5db150efe261184bd59f072a?s=96&d=mm&r=g\",\"contentUrl\":\"https:\/\/secure.gravatar.com\/avatar\/5386283c5db150efe261184bd59f072a?s=96&d=mm&r=g\",\"caption\":\"staff\"},\"url\":\"https:\/\/appsaf.apieproject.com\/news\/fr\/author\/staff\/\"}]}<\/script>\n<!-- \/ Yoast SEO plugin. -->","yoast_head_json":{"title":"4e Edition De Mali Mode Show : Echanges Autour Du Th\u00e8me \u00ab Oser l\u2019Audace \u00bb - APIE NEWS","robots":{"index":"index","follow":"follow","max-snippet":"max-snippet:-1","max-image-preview":"max-image-preview:large","max-video-preview":"max-video-preview:-1"},"canonical":"https:\/\/appsaf.apieproject.com\/news\/fr\/2023\/11\/13\/4e-edition-de-mali-mode-show-echanges-autour-du-theme-oser-laudace\/","og_locale":"fr_FR","og_type":"article","og_title":"4e Edition De Mali Mode Show : Echanges Autour Du Th\u00e8me \u00ab Oser l\u2019Audace \u00bb - APIE NEWS","og_description":"Des participants \u00e0 la semaine de la mode \u00ab Mali Mode Show \u00bb ont anim\u00e9, ce jeudi 9 novembre 2023, un panel sous le th\u00e8me : \u00ab oser l\u2019audace \u00bb. Des stylistes et cr\u00e9ateurs de mode de renom du Mali et d\u2019ailleurs ont \u00e9chang\u00e9 avec la jeune g\u00e9n\u00e9ration pour un partage d\u2019exp\u00e9rience.","og_url":"https:\/\/appsaf.apieproject.com\/news\/fr\/2023\/11\/13\/4e-edition-de-mali-mode-show-echanges-autour-du-theme-oser-laudace\/","og_site_name":"APIE NEWS","article_publisher":"https:\/\/facebook.com\/apieproject","article_published_time":"2023-11-13T18:38:52+00:00","article_modified_time":"2023-11-14T05:00:45+00:00","og_image":[{"width":650,"height":405,"url":"https:\/\/appsaf.apieproject.com\/news\/wp-content\/uploads\/sites\/29\/2023\/11\/Mali-mode-d032ed55dce54da454beb98ec44c88e8.jpg","type":"image\/jpeg"}],"author":"staff","twitter_card":"summary_large_image","twitter_creator":"@apieproject","twitter_site":"@apieproject","twitter_misc":{"\u00c9crit par":"staff","Dur\u00e9e de lecture estim\u00e9e":"2 minutes"},"schema":{"@context":"https:\/\/schema.org","@graph":[{"@type":"Article","@id":"https:\/\/appsaf.apieproject.com\/news\/fr\/2023\/11\/13\/4e-edition-de-mali-mode-show-echanges-autour-du-theme-oser-laudace\/#article","isPartOf":{"@id":"https:\/\/appsaf.apieproject.com\/news\/fr\/2023\/11\/13\/4e-edition-de-mali-mode-show-echanges-autour-du-theme-oser-laudace\/"},"author":{"name":"staff","@id":"https:\/\/appsaf.apieproject.com\/news\/#\/schema\/person\/399517cac378948cd7b39086f9ddc2a7"},"headline":"4e Edition De Mali Mode Show : Echanges Autour Du Th\u00e8me \u00ab Oser l\u2019Audace \u00bb","datePublished":"2023-11-13T18:38:52+00:00","dateModified":"2023-11-14T05:00:45+00:00","mainEntityOfPage":{"@id":"https:\/\/appsaf.apieproject.com\/news\/fr\/2023\/11\/13\/4e-edition-de-mali-mode-show-echanges-autour-du-theme-oser-laudace\/"},"wordCount":325,"commentCount":0,"publisher":{"@id":"https:\/\/appsaf.apieproject.com\/news\/#organization"},"image":{"@id":"https:\/\/appsaf.apieproject.com\/news\/fr\/2023\/11\/13\/4e-edition-de-mali-mode-show-echanges-autour-du-theme-oser-laudace\/#primaryimage"},"thumbnailUrl":"https:\/\/appsaf.apieproject.com\/news\/wp-content\/uploads\/sites\/29\/2023\/11\/Mali-mode-d032ed55dce54da454beb98ec44c88e8.jpg","keywords":["apie project","mode","mode de vie"],"articleSection":["Mode","Mode de Vie","Sp\u00e9ciaux"],"inLanguage":"fr-FR","potentialAction":[{"@type":"CommentAction","name":"Comment","target":["https:\/\/appsaf.apieproject.com\/news\/fr\/2023\/11\/13\/4e-edition-de-mali-mode-show-echanges-autour-du-theme-oser-laudace\/#respond"]}]},{"@type":"WebPage","@id":"https:\/\/appsaf.apieproject.com\/news\/fr\/2023\/11\/13\/4e-edition-de-mali-mode-show-echanges-autour-du-theme-oser-laudace\/","url":"https:\/\/appsaf.apieproject.com\/news\/fr\/2023\/11\/13\/4e-edition-de-mali-mode-show-echanges-autour-du-theme-oser-laudace\/","name":"4e Edition De Mali Mode Show : Echanges Autour Du Th\u00e8me \u00ab Oser l\u2019Audace \u00bb - APIE NEWS","isPartOf":{"@id":"https:\/\/appsaf.apieproject.com\/news\/#website"},"primaryImageOfPage":{"@id":"https:\/\/appsaf.apieproject.com\/news\/fr\/2023\/11\/13\/4e-edition-de-mali-mode-show-echanges-autour-du-theme-oser-laudace\/#primaryimage"},"image":{"@id":"https:\/\/appsaf.apieproject.com\/news\/fr\/2023\/11\/13\/4e-edition-de-mali-mode-show-echanges-autour-du-theme-oser-laudace\/#primaryimage"},"thumbnailUrl":"https:\/\/appsaf.apieproject.com\/news\/wp-content\/uploads\/sites\/29\/2023\/11\/Mali-mode-d032ed55dce54da454beb98ec44c88e8.jpg","datePublished":"2023-11-13T18:38:52+00:00","dateModified":"2023-11-14T05:00:45+00:00","breadcrumb":{"@id":"https:\/\/appsaf.apieproject.com\/news\/fr\/2023\/11\/13\/4e-edition-de-mali-mode-show-echanges-autour-du-theme-oser-laudace\/#breadcrumb"},"inLanguage":"fr-FR","potentialAction":[{"@type":"ReadAction","target":["https:\/\/appsaf.apieproject.com\/news\/fr\/2023\/11\/13\/4e-edition-de-mali-mode-show-echanges-autour-du-theme-oser-laudace\/"]}]},{"@type":"ImageObject","inLanguage":"fr-FR","@id":"https:\/\/appsaf.apieproject.com\/news\/fr\/2023\/11\/13\/4e-edition-de-mali-mode-show-echanges-autour-du-theme-oser-laudace\/#primaryimage","url":"https:\/\/appsaf.apieproject.com\/news\/wp-content\/uploads\/sites\/29\/2023\/11\/Mali-mode-d032ed55dce54da454beb98ec44c88e8.jpg","contentUrl":"https:\/\/appsaf.apieproject.com\/news\/wp-content\/uploads\/sites\/29\/2023\/11\/Mali-mode-d032ed55dce54da454beb98ec44c88e8.jpg","width":650,"height":405},{"@type":"BreadcrumbList","@id":"https:\/\/appsaf.apieproject.com\/news\/fr\/2023\/11\/13\/4e-edition-de-mali-mode-show-echanges-autour-du-theme-oser-laudace\/#breadcrumb","itemListElement":[{"@type":"ListItem","position":1,"name":"Home","item":"https:\/\/appsaf.apieproject.com\/news\/fr\/home\/"},{"@type":"ListItem","position":2,"name":"4e Edition De Mali Mode Show : Echanges Autour Du Th\u00e8me \u00ab Oser l\u2019Audace \u00bb"}]},{"@type":"WebSite","@id":"https:\/\/appsaf.apieproject.com\/news\/#website","url":"https:\/\/appsaf.apieproject.com\/news\/","name":"APIE NEWS","description":"PANAFRICANISM NEWS PORTAL","publisher":{"@id":"https:\/\/appsaf.apieproject.com\/news\/#organization"},"potentialAction":[{"@type":"SearchAction","target":{"@type":"EntryPoint","urlTemplate":"https:\/\/appsaf.apieproject.com\/news\/?s={search_term_string}"},"query-input":{"@type":"PropertyValueSpecification","valueRequired":true,"valueName":"search_term_string"}}],"inLanguage":"fr-FR"},{"@type":"Organization","@id":"https:\/\/appsaf.apieproject.com\/news\/#organization","name":"APIE PROJECT","url":"https:\/\/appsaf.apieproject.com\/news\/","logo":{"@type":"ImageObject","inLanguage":"fr-FR","@id":"https:\/\/appsaf.apieproject.com\/news\/#\/schema\/logo\/image\/","url":"https:\/\/appsaf.apieproject.com\/news\/wp-content\/uploads\/sites\/29\/2022\/07\/logo-R-TransparentBackground.png","contentUrl":"https:\/\/appsaf.apieproject.com\/news\/wp-content\/uploads\/sites\/29\/2022\/07\/logo-R-TransparentBackground.png","width":512,"height":512,"caption":"APIE PROJECT"},"image":{"@id":"https:\/\/appsaf.apieproject.com\/news\/#\/schema\/logo\/image\/"},"sameAs":["https:\/\/facebook.com\/apieproject","https:\/\/x.com\/apieproject"]},{"@type":"Person","@id":"https:\/\/appsaf.apieproject.com\/news\/#\/schema\/person\/399517cac378948cd7b39086f9ddc2a7","name":"staff","image":{"@type":"ImageObject","inLanguage":"fr-FR","@id":"https:\/\/appsaf.apieproject.com\/news\/#\/schema\/person\/image\/","url":"https:\/\/secure.gravatar.com\/avatar\/5386283c5db150efe261184bd59f072a?s=96&d=mm&r=g","contentUrl":"https:\/\/secure.gravatar.com\/avatar\/5386283c5db150efe261184bd59f072a?s=96&d=mm&r=g","caption":"staff"},"url":"https:\/\/appsaf.apieproject.com\/news\/fr\/author\/staff\/"}]}},"_links":{"self":[{"href":"https:\/\/appsaf.apieproject.com\/news\/fr\/wp-json\/wp\/v2\/posts\/35665","targetHints":{"allow":["GET"]}}],"collection":[{"href":"https:\/\/appsaf.apieproject.com\/news\/fr\/wp-json\/wp\/v2\/posts"}],"about":[{"href":"https:\/\/appsaf.apieproject.com\/news\/fr\/wp-json\/wp\/v2\/types\/post"}],"author":[{"embeddable":true,"href":"https:\/\/appsaf.apieproject.com\/news\/fr\/wp-json\/wp\/v2\/users\/12963"}],"replies":[{"embeddable":true,"href":"https:\/\/appsaf.apieproject.com\/news\/fr\/wp-json\/wp\/v2\/comments?post=35665"}],"version-history":[{"count":1,"href":"https:\/\/appsaf.apieproject.com\/news\/fr\/wp-json\/wp\/v2\/posts\/35665\/revisions"}],"predecessor-version":[{"id":35902,"href":"https:\/\/appsaf.apieproject.com\/news\/fr\/wp-json\/wp\/v2\/posts\/35665\/revisions\/35902"}],"wp:featuredmedia":[{"embeddable":true,"href":"https:\/\/appsaf.apieproject.com\/news\/fr\/wp-json\/wp\/v2\/media\/35662"}],"wp:attachment":[{"href":"https:\/\/appsaf.apieproject.com\/news\/fr\/wp-json\/wp\/v2\/media?parent=35665"}],"wp:term":[{"taxonomy":"category","embeddable":true,"href":"https:\/\/appsaf.apieproject.com\/news\/fr\/wp-json\/wp\/v2\/categories?post=35665"},{"taxonomy":"post_tag","embeddable":true,"href":"https:\/\/appsaf.apieproject.com\/news\/fr\/wp-json\/wp\/v2\/tags?post=35665"}],"curies":[{"name":"wp","href":"https:\/\/api.w.org\/{rel}","templated":true}]}}