{"id":36083,"date":"2023-11-27T19:49:39","date_gmt":"2023-11-27T19:49:39","guid":{"rendered":"https:\/\/appsaf.apieproject.com\/news\/?p=36083"},"modified":"2023-11-27T19:49:42","modified_gmt":"2023-11-27T19:49:42","slug":"tchad-referendum-la-section-politique-de-wakit-tamma-annonce-des-marches-pacifiques","status":"publish","type":"post","link":"https:\/\/appsaf.apieproject.com\/news\/fr\/2023\/11\/27\/tchad-referendum-la-section-politique-de-wakit-tamma-annonce-des-marches-pacifiques\/","title":{"rendered":"Tchad \/ R\u00e9f\u00e9rendum : La Section Politique De Wakit Tamma Annonce Des Marches Pacifiques"},"content":{"rendered":"<p>Par un point de presse tenu ce lundi 20 novembre 2023 \u00e0 la bourse de travail \u00e0 Ndjamena, la section politique de Wakit Tamma a appel\u00e9 au boycott massif du futur r\u00e9f\u00e9rendum constitutionnel, et a en m\u00eame d\u00e9nonc\u00e9 l&rsquo;existence des bases militaires fran\u00e7aises au Tchad, mais aussi le d\u00e9ploiement pr\u00e9vu des forces militaires hongroises sur le territoire tchadien.<\/p>\n<p>Dans une d\u00e9claration lue par Moustapha Abdallah, porte parole et charg\u00e9 des affaires juridiques, Wakit Tamma, la section politique affirme que le Tchad ne constitue pas un d\u00e9potoir des arm\u00e9es \u00e9trang\u00e8res, et qu&rsquo;il \u00e9tait imp\u00e9ratif pour le pouvoir tchadien d&rsquo;arr\u00eater de marchander la souverainet\u00e9 tchadienne dans le seul but d&rsquo;asseoir une dynastie. Wakit Tamma s&rsquo;insurge en faux par rapport aux all\u00e9gations du gouvernement tchadien qui avait indiqu\u00e9 que le Tchad constituait juste un point de passage pour les militaires fran\u00e7ais qui ont \u00e9t\u00e9 chass\u00e9s du Niger.<\/p>\n<p>Selon la d\u00e9claration, la date butoir accord\u00e9e aux forces \u00e9trang\u00e8res de se retirer du Tchad devait expirer ce 25 d\u00e9cembre 2023, pass\u00e9 ce d\u00e9lai, Wakit Tamma et ses alli\u00e9s proc\u00e9deront par tous les moyens l\u00e9gaux possibles pour renvoyer ces derni\u00e8res du territoire national. De plus, Wakit Tamma s&rsquo;oppose au d\u00e9ploiement de plus de 200 militaires hongrois au Tchad, m\u00eame apr\u00e8s le feu vert accord\u00e9 par le parlement hongrois.<\/p>\n<p>Cependant, pour ce qui est du r\u00e9f\u00e9rendum constitutionnel pr\u00e9vu pour ce 17 d\u00e9cembre, la section politique de Wakit Tamma appelle au boycott de celui-ci car selon lui, la constitution soumise au r\u00e9f\u00e9rendum ne refl\u00e9terait pas les aspirations profondes du peuple tchadien, car le r\u00e9sultat serait d\u00e9j\u00e0 connu d&rsquo;avance, estime-t-il. Par ailleurs, la section politique de Wakit Tamma annonce une marche pacifique les 16 et 17 d\u00e9cembre 2023 et invite la population \u00e0 sortir massivement.<\/p>\n","protected":false},"excerpt":{"rendered":"<p>Pour le boycott du r\u00e9f\u00e9rendum et exiger le retrait des troupes \u00e9trang\u00e8res sur le sol tchadien.<\/p>\n","protected":false},"author":12963,"featured_media":36080,"comment_status":"open","ping_status":"open","sticky":false,"template":"","format":"standard","meta":{"footnotes":""},"categories":[67,69],"tags":[81,78,82],"class_list":{"0":"post-36083","1":"post","2":"type-post","3":"status-publish","4":"format-standard","5":"has-post-thumbnail","7":"category-actualites","8":"category-politique","9":"tag-actualites","10":"tag-apie-project-2","11":"tag-politique"},"yoast_head":"<!-- This site is optimized with the Yoast SEO plugin v24.4 - https:\/\/yoast.com\/wordpress\/plugins\/seo\/ -->\n<title>Tchad \/ R\u00e9f\u00e9rendum : La Section Politique De Wakit Tamma Annonce Des Marches Pacifiques - APIE NEWS<\/title>\n<meta name=\"robots\" content=\"index, follow, max-snippet:-1, max-image-preview:large, max-video-preview:-1\" \/>\n<link rel=\"canonical\" href=\"https:\/\/appsaf.apieproject.com\/news\/fr\/2023\/11\/27\/tchad-referendum-la-section-politique-de-wakit-tamma-annonce-des-marches-pacifiques\/\" \/>\n<meta property=\"og:locale\" content=\"fr_FR\" \/>\n<meta property=\"og:type\" content=\"article\" \/>\n<meta property=\"og:title\" content=\"Tchad \/ R\u00e9f\u00e9rendum : La Section Politique De Wakit Tamma Annonce Des Marches Pacifiques - APIE NEWS\" \/>\n<meta property=\"og:description\" content=\"Pour le boycott du r\u00e9f\u00e9rendum et exiger le retrait des troupes \u00e9trang\u00e8res sur le sol tchadien.\" \/>\n<meta property=\"og:url\" content=\"https:\/\/appsaf.apieproject.com\/news\/fr\/2023\/11\/27\/tchad-referendum-la-section-politique-de-wakit-tamma-annonce-des-marches-pacifiques\/\" \/>\n<meta property=\"og:site_name\" content=\"APIE NEWS\" \/>\n<meta property=\"article:publisher\" content=\"https:\/\/facebook.com\/apieproject\" \/>\n<meta property=\"article:published_time\" content=\"2023-11-27T19:49:39+00:00\" \/>\n<meta property=\"article:modified_time\" content=\"2023-11-27T19:49:42+00:00\" \/>\n<meta property=\"og:image\" content=\"https:\/\/appsaf.apieproject.com\/news\/wp-content\/uploads\/sites\/29\/2023\/11\/Screenshot_20231122_164732-50bb4646053fb1e2f73ebffc7080860e.jpg\" \/>\n\t<meta property=\"og:image:width\" content=\"1080\" \/>\n\t<meta property=\"og:image:height\" content=\"702\" \/>\n\t<meta property=\"og:image:type\" content=\"image\/jpeg\" \/>\n<meta name=\"author\" content=\"staff\" \/>\n<meta name=\"twitter:card\" content=\"summary_large_image\" \/>\n<meta name=\"twitter:creator\" content=\"@apieproject\" \/>\n<meta name=\"twitter:site\" content=\"@apieproject\" \/>\n<meta name=\"twitter:label1\" content=\"\u00c9crit par\" \/>\n\t<meta name=\"twitter:data1\" content=\"staff\" \/>\n\t<meta name=\"twitter:label2\" content=\"Dur\u00e9e de lecture estim\u00e9e\" \/>\n\t<meta name=\"twitter:data2\" content=\"2 minutes\" \/>\n<script type=\"application\/ld+json\" class=\"yoast-schema-graph\">{\"@context\":\"https:\/\/schema.org\",\"@graph\":[{\"@type\":\"Article\",\"@id\":\"https:\/\/appsaf.apieproject.com\/news\/fr\/2023\/11\/27\/tchad-referendum-la-section-politique-de-wakit-tamma-annonce-des-marches-pacifiques\/#article\",\"isPartOf\":{\"@id\":\"https:\/\/appsaf.apieproject.com\/news\/fr\/2023\/11\/27\/tchad-referendum-la-section-politique-de-wakit-tamma-annonce-des-marches-pacifiques\/\"},\"author\":{\"name\":\"staff\",\"@id\":\"https:\/\/appsaf.apieproject.com\/news\/#\/schema\/person\/399517cac378948cd7b39086f9ddc2a7\"},\"headline\":\"Tchad \/ R\u00e9f\u00e9rendum : La Section Politique De Wakit Tamma Annonce Des Marches Pacifiques\",\"datePublished\":\"2023-11-27T19:49:39+00:00\",\"dateModified\":\"2023-11-27T19:49:42+00:00\",\"mainEntityOfPage\":{\"@id\":\"https:\/\/appsaf.apieproject.com\/news\/fr\/2023\/11\/27\/tchad-referendum-la-section-politique-de-wakit-tamma-annonce-des-marches-pacifiques\/\"},\"wordCount\":333,\"commentCount\":0,\"publisher\":{\"@id\":\"https:\/\/appsaf.apieproject.com\/news\/#organization\"},\"image\":{\"@id\":\"https:\/\/appsaf.apieproject.com\/news\/fr\/2023\/11\/27\/tchad-referendum-la-section-politique-de-wakit-tamma-annonce-des-marches-pacifiques\/#primaryimage\"},\"thumbnailUrl\":\"https:\/\/appsaf.apieproject.com\/news\/wp-content\/uploads\/sites\/29\/2023\/11\/Screenshot_20231122_164732-50bb4646053fb1e2f73ebffc7080860e.jpg\",\"keywords\":[\"actualites\",\"apie project\",\"politique\"],\"articleSection\":[\"Actualit\u00e9s\",\"Politique\"],\"inLanguage\":\"fr-FR\",\"potentialAction\":[{\"@type\":\"CommentAction\",\"name\":\"Comment\",\"target\":[\"https:\/\/appsaf.apieproject.com\/news\/fr\/2023\/11\/27\/tchad-referendum-la-section-politique-de-wakit-tamma-annonce-des-marches-pacifiques\/#respond\"]}]},{\"@type\":\"WebPage\",\"@id\":\"https:\/\/appsaf.apieproject.com\/news\/fr\/2023\/11\/27\/tchad-referendum-la-section-politique-de-wakit-tamma-annonce-des-marches-pacifiques\/\",\"url\":\"https:\/\/appsaf.apieproject.com\/news\/fr\/2023\/11\/27\/tchad-referendum-la-section-politique-de-wakit-tamma-annonce-des-marches-pacifiques\/\",\"name\":\"Tchad \/ R\u00e9f\u00e9rendum : La Section Politique De Wakit Tamma Annonce Des Marches Pacifiques - APIE NEWS\",\"isPartOf\":{\"@id\":\"https:\/\/appsaf.apieproject.com\/news\/#website\"},\"primaryImageOfPage\":{\"@id\":\"https:\/\/appsaf.apieproject.com\/news\/fr\/2023\/11\/27\/tchad-referendum-la-section-politique-de-wakit-tamma-annonce-des-marches-pacifiques\/#primaryimage\"},\"image\":{\"@id\":\"https:\/\/appsaf.apieproject.com\/news\/fr\/2023\/11\/27\/tchad-referendum-la-section-politique-de-wakit-tamma-annonce-des-marches-pacifiques\/#primaryimage\"},\"thumbnailUrl\":\"https:\/\/appsaf.apieproject.com\/news\/wp-content\/uploads\/sites\/29\/2023\/11\/Screenshot_20231122_164732-50bb4646053fb1e2f73ebffc7080860e.jpg\",\"datePublished\":\"2023-11-27T19:49:39+00:00\",\"dateModified\":\"2023-11-27T19:49:42+00:00\",\"breadcrumb\":{\"@id\":\"https:\/\/appsaf.apieproject.com\/news\/fr\/2023\/11\/27\/tchad-referendum-la-section-politique-de-wakit-tamma-annonce-des-marches-pacifiques\/#breadcrumb\"},\"inLanguage\":\"fr-FR\",\"potentialAction\":[{\"@type\":\"ReadAction\",\"target\":[\"https:\/\/appsaf.apieproject.com\/news\/fr\/2023\/11\/27\/tchad-referendum-la-section-politique-de-wakit-tamma-annonce-des-marches-pacifiques\/\"]}]},{\"@type\":\"ImageObject\",\"inLanguage\":\"fr-FR\",\"@id\":\"https:\/\/appsaf.apieproject.com\/news\/fr\/2023\/11\/27\/tchad-referendum-la-section-politique-de-wakit-tamma-annonce-des-marches-pacifiques\/#primaryimage\",\"url\":\"https:\/\/appsaf.apieproject.com\/news\/wp-content\/uploads\/sites\/29\/2023\/11\/Screenshot_20231122_164732-50bb4646053fb1e2f73ebffc7080860e.jpg\",\"contentUrl\":\"https:\/\/appsaf.apieproject.com\/news\/wp-content\/uploads\/sites\/29\/2023\/11\/Screenshot_20231122_164732-50bb4646053fb1e2f73ebffc7080860e.jpg\",\"width\":1080,\"height\":702},{\"@type\":\"BreadcrumbList\",\"@id\":\"https:\/\/appsaf.apieproject.com\/news\/fr\/2023\/11\/27\/tchad-referendum-la-section-politique-de-wakit-tamma-annonce-des-marches-pacifiques\/#breadcrumb\",\"itemListElement\":[{\"@type\":\"ListItem\",\"position\":1,\"name\":\"Home\",\"item\":\"https:\/\/appsaf.apieproject.com\/news\/fr\/home\/\"},{\"@type\":\"ListItem\",\"position\":2,\"name\":\"Tchad \/ R\u00e9f\u00e9rendum : La Section Politique De Wakit Tamma Annonce Des Marches Pacifiques\"}]},{\"@type\":\"WebSite\",\"@id\":\"https:\/\/appsaf.apieproject.com\/news\/#website\",\"url\":\"https:\/\/appsaf.apieproject.com\/news\/\",\"name\":\"APIE NEWS\",\"description\":\"PANAFRICANISM NEWS PORTAL\",\"publisher\":{\"@id\":\"https:\/\/appsaf.apieproject.com\/news\/#organization\"},\"potentialAction\":[{\"@type\":\"SearchAction\",\"target\":{\"@type\":\"EntryPoint\",\"urlTemplate\":\"https:\/\/appsaf.apieproject.com\/news\/?s={search_term_string}\"},\"query-input\":{\"@type\":\"PropertyValueSpecification\",\"valueRequired\":true,\"valueName\":\"search_term_string\"}}],\"inLanguage\":\"fr-FR\"},{\"@type\":\"Organization\",\"@id\":\"https:\/\/appsaf.apieproject.com\/news\/#organization\",\"name\":\"APIE PROJECT\",\"url\":\"https:\/\/appsaf.apieproject.com\/news\/\",\"logo\":{\"@type\":\"ImageObject\",\"inLanguage\":\"fr-FR\",\"@id\":\"https:\/\/appsaf.apieproject.com\/news\/#\/schema\/logo\/image\/\",\"url\":\"https:\/\/appsaf.apieproject.com\/news\/wp-content\/uploads\/sites\/29\/2022\/07\/logo-R-TransparentBackground.png\",\"contentUrl\":\"https:\/\/appsaf.apieproject.com\/news\/wp-content\/uploads\/sites\/29\/2022\/07\/logo-R-TransparentBackground.png\",\"width\":512,\"height\":512,\"caption\":\"APIE PROJECT\"},\"image\":{\"@id\":\"https:\/\/appsaf.apieproject.com\/news\/#\/schema\/logo\/image\/\"},\"sameAs\":[\"https:\/\/facebook.com\/apieproject\",\"https:\/\/x.com\/apieproject\"]},{\"@type\":\"Person\",\"@id\":\"https:\/\/appsaf.apieproject.com\/news\/#\/schema\/person\/399517cac378948cd7b39086f9ddc2a7\",\"name\":\"staff\",\"image\":{\"@type\":\"ImageObject\",\"inLanguage\":\"fr-FR\",\"@id\":\"https:\/\/appsaf.apieproject.com\/news\/#\/schema\/person\/image\/\",\"url\":\"https:\/\/secure.gravatar.com\/avatar\/5386283c5db150efe261184bd59f072a?s=96&d=mm&r=g\",\"contentUrl\":\"https:\/\/secure.gravatar.com\/avatar\/5386283c5db150efe261184bd59f072a?s=96&d=mm&r=g\",\"caption\":\"staff\"},\"url\":\"https:\/\/appsaf.apieproject.com\/news\/fr\/author\/staff\/\"}]}<\/script>\n<!-- \/ Yoast SEO plugin. -->","yoast_head_json":{"title":"Tchad \/ R\u00e9f\u00e9rendum : La Section Politique De Wakit Tamma Annonce Des Marches Pacifiques - APIE NEWS","robots":{"index":"index","follow":"follow","max-snippet":"max-snippet:-1","max-image-preview":"max-image-preview:large","max-video-preview":"max-video-preview:-1"},"canonical":"https:\/\/appsaf.apieproject.com\/news\/fr\/2023\/11\/27\/tchad-referendum-la-section-politique-de-wakit-tamma-annonce-des-marches-pacifiques\/","og_locale":"fr_FR","og_type":"article","og_title":"Tchad \/ R\u00e9f\u00e9rendum : La Section Politique De Wakit Tamma Annonce Des Marches Pacifiques - APIE NEWS","og_description":"Pour le boycott du r\u00e9f\u00e9rendum et exiger le retrait des troupes \u00e9trang\u00e8res sur le sol tchadien.","og_url":"https:\/\/appsaf.apieproject.com\/news\/fr\/2023\/11\/27\/tchad-referendum-la-section-politique-de-wakit-tamma-annonce-des-marches-pacifiques\/","og_site_name":"APIE NEWS","article_publisher":"https:\/\/facebook.com\/apieproject","article_published_time":"2023-11-27T19:49:39+00:00","article_modified_time":"2023-11-27T19:49:42+00:00","og_image":[{"width":1080,"height":702,"url":"https:\/\/appsaf.apieproject.com\/news\/wp-content\/uploads\/sites\/29\/2023\/11\/Screenshot_20231122_164732-50bb4646053fb1e2f73ebffc7080860e.jpg","type":"image\/jpeg"}],"author":"staff","twitter_card":"summary_large_image","twitter_creator":"@apieproject","twitter_site":"@apieproject","twitter_misc":{"\u00c9crit par":"staff","Dur\u00e9e de lecture estim\u00e9e":"2 minutes"},"schema":{"@context":"https:\/\/schema.org","@graph":[{"@type":"Article","@id":"https:\/\/appsaf.apieproject.com\/news\/fr\/2023\/11\/27\/tchad-referendum-la-section-politique-de-wakit-tamma-annonce-des-marches-pacifiques\/#article","isPartOf":{"@id":"https:\/\/appsaf.apieproject.com\/news\/fr\/2023\/11\/27\/tchad-referendum-la-section-politique-de-wakit-tamma-annonce-des-marches-pacifiques\/"},"author":{"name":"staff","@id":"https:\/\/appsaf.apieproject.com\/news\/#\/schema\/person\/399517cac378948cd7b39086f9ddc2a7"},"headline":"Tchad \/ R\u00e9f\u00e9rendum : La Section Politique De Wakit Tamma Annonce Des Marches Pacifiques","datePublished":"2023-11-27T19:49:39+00:00","dateModified":"2023-11-27T19:49:42+00:00","mainEntityOfPage":{"@id":"https:\/\/appsaf.apieproject.com\/news\/fr\/2023\/11\/27\/tchad-referendum-la-section-politique-de-wakit-tamma-annonce-des-marches-pacifiques\/"},"wordCount":333,"commentCount":0,"publisher":{"@id":"https:\/\/appsaf.apieproject.com\/news\/#organization"},"image":{"@id":"https:\/\/appsaf.apieproject.com\/news\/fr\/2023\/11\/27\/tchad-referendum-la-section-politique-de-wakit-tamma-annonce-des-marches-pacifiques\/#primaryimage"},"thumbnailUrl":"https:\/\/appsaf.apieproject.com\/news\/wp-content\/uploads\/sites\/29\/2023\/11\/Screenshot_20231122_164732-50bb4646053fb1e2f73ebffc7080860e.jpg","keywords":["actualites","apie project","politique"],"articleSection":["Actualit\u00e9s","Politique"],"inLanguage":"fr-FR","potentialAction":[{"@type":"CommentAction","name":"Comment","target":["https:\/\/appsaf.apieproject.com\/news\/fr\/2023\/11\/27\/tchad-referendum-la-section-politique-de-wakit-tamma-annonce-des-marches-pacifiques\/#respond"]}]},{"@type":"WebPage","@id":"https:\/\/appsaf.apieproject.com\/news\/fr\/2023\/11\/27\/tchad-referendum-la-section-politique-de-wakit-tamma-annonce-des-marches-pacifiques\/","url":"https:\/\/appsaf.apieproject.com\/news\/fr\/2023\/11\/27\/tchad-referendum-la-section-politique-de-wakit-tamma-annonce-des-marches-pacifiques\/","name":"Tchad \/ R\u00e9f\u00e9rendum : La Section Politique De Wakit Tamma Annonce Des Marches Pacifiques - APIE NEWS","isPartOf":{"@id":"https:\/\/appsaf.apieproject.com\/news\/#website"},"primaryImageOfPage":{"@id":"https:\/\/appsaf.apieproject.com\/news\/fr\/2023\/11\/27\/tchad-referendum-la-section-politique-de-wakit-tamma-annonce-des-marches-pacifiques\/#primaryimage"},"image":{"@id":"https:\/\/appsaf.apieproject.com\/news\/fr\/2023\/11\/27\/tchad-referendum-la-section-politique-de-wakit-tamma-annonce-des-marches-pacifiques\/#primaryimage"},"thumbnailUrl":"https:\/\/appsaf.apieproject.com\/news\/wp-content\/uploads\/sites\/29\/2023\/11\/Screenshot_20231122_164732-50bb4646053fb1e2f73ebffc7080860e.jpg","datePublished":"2023-11-27T19:49:39+00:00","dateModified":"2023-11-27T19:49:42+00:00","breadcrumb":{"@id":"https:\/\/appsaf.apieproject.com\/news\/fr\/2023\/11\/27\/tchad-referendum-la-section-politique-de-wakit-tamma-annonce-des-marches-pacifiques\/#breadcrumb"},"inLanguage":"fr-FR","potentialAction":[{"@type":"ReadAction","target":["https:\/\/appsaf.apieproject.com\/news\/fr\/2023\/11\/27\/tchad-referendum-la-section-politique-de-wakit-tamma-annonce-des-marches-pacifiques\/"]}]},{"@type":"ImageObject","inLanguage":"fr-FR","@id":"https:\/\/appsaf.apieproject.com\/news\/fr\/2023\/11\/27\/tchad-referendum-la-section-politique-de-wakit-tamma-annonce-des-marches-pacifiques\/#primaryimage","url":"https:\/\/appsaf.apieproject.com\/news\/wp-content\/uploads\/sites\/29\/2023\/11\/Screenshot_20231122_164732-50bb4646053fb1e2f73ebffc7080860e.jpg","contentUrl":"https:\/\/appsaf.apieproject.com\/news\/wp-content\/uploads\/sites\/29\/2023\/11\/Screenshot_20231122_164732-50bb4646053fb1e2f73ebffc7080860e.jpg","width":1080,"height":702},{"@type":"BreadcrumbList","@id":"https:\/\/appsaf.apieproject.com\/news\/fr\/2023\/11\/27\/tchad-referendum-la-section-politique-de-wakit-tamma-annonce-des-marches-pacifiques\/#breadcrumb","itemListElement":[{"@type":"ListItem","position":1,"name":"Home","item":"https:\/\/appsaf.apieproject.com\/news\/fr\/home\/"},{"@type":"ListItem","position":2,"name":"Tchad \/ R\u00e9f\u00e9rendum : La Section Politique De Wakit Tamma Annonce Des Marches Pacifiques"}]},{"@type":"WebSite","@id":"https:\/\/appsaf.apieproject.com\/news\/#website","url":"https:\/\/appsaf.apieproject.com\/news\/","name":"APIE NEWS","description":"PANAFRICANISM NEWS PORTAL","publisher":{"@id":"https:\/\/appsaf.apieproject.com\/news\/#organization"},"potentialAction":[{"@type":"SearchAction","target":{"@type":"EntryPoint","urlTemplate":"https:\/\/appsaf.apieproject.com\/news\/?s={search_term_string}"},"query-input":{"@type":"PropertyValueSpecification","valueRequired":true,"valueName":"search_term_string"}}],"inLanguage":"fr-FR"},{"@type":"Organization","@id":"https:\/\/appsaf.apieproject.com\/news\/#organization","name":"APIE PROJECT","url":"https:\/\/appsaf.apieproject.com\/news\/","logo":{"@type":"ImageObject","inLanguage":"fr-FR","@id":"https:\/\/appsaf.apieproject.com\/news\/#\/schema\/logo\/image\/","url":"https:\/\/appsaf.apieproject.com\/news\/wp-content\/uploads\/sites\/29\/2022\/07\/logo-R-TransparentBackground.png","contentUrl":"https:\/\/appsaf.apieproject.com\/news\/wp-content\/uploads\/sites\/29\/2022\/07\/logo-R-TransparentBackground.png","width":512,"height":512,"caption":"APIE PROJECT"},"image":{"@id":"https:\/\/appsaf.apieproject.com\/news\/#\/schema\/logo\/image\/"},"sameAs":["https:\/\/facebook.com\/apieproject","https:\/\/x.com\/apieproject"]},{"@type":"Person","@id":"https:\/\/appsaf.apieproject.com\/news\/#\/schema\/person\/399517cac378948cd7b39086f9ddc2a7","name":"staff","image":{"@type":"ImageObject","inLanguage":"fr-FR","@id":"https:\/\/appsaf.apieproject.com\/news\/#\/schema\/person\/image\/","url":"https:\/\/secure.gravatar.com\/avatar\/5386283c5db150efe261184bd59f072a?s=96&d=mm&r=g","contentUrl":"https:\/\/secure.gravatar.com\/avatar\/5386283c5db150efe261184bd59f072a?s=96&d=mm&r=g","caption":"staff"},"url":"https:\/\/appsaf.apieproject.com\/news\/fr\/author\/staff\/"}]}},"_links":{"self":[{"href":"https:\/\/appsaf.apieproject.com\/news\/fr\/wp-json\/wp\/v2\/posts\/36083","targetHints":{"allow":["GET"]}}],"collection":[{"href":"https:\/\/appsaf.apieproject.com\/news\/fr\/wp-json\/wp\/v2\/posts"}],"about":[{"href":"https:\/\/appsaf.apieproject.com\/news\/fr\/wp-json\/wp\/v2\/types\/post"}],"author":[{"embeddable":true,"href":"https:\/\/appsaf.apieproject.com\/news\/fr\/wp-json\/wp\/v2\/users\/12963"}],"replies":[{"embeddable":true,"href":"https:\/\/appsaf.apieproject.com\/news\/fr\/wp-json\/wp\/v2\/comments?post=36083"}],"version-history":[{"count":1,"href":"https:\/\/appsaf.apieproject.com\/news\/fr\/wp-json\/wp\/v2\/posts\/36083\/revisions"}],"predecessor-version":[{"id":36836,"href":"https:\/\/appsaf.apieproject.com\/news\/fr\/wp-json\/wp\/v2\/posts\/36083\/revisions\/36836"}],"wp:featuredmedia":[{"embeddable":true,"href":"https:\/\/appsaf.apieproject.com\/news\/fr\/wp-json\/wp\/v2\/media\/36080"}],"wp:attachment":[{"href":"https:\/\/appsaf.apieproject.com\/news\/fr\/wp-json\/wp\/v2\/media?parent=36083"}],"wp:term":[{"taxonomy":"category","embeddable":true,"href":"https:\/\/appsaf.apieproject.com\/news\/fr\/wp-json\/wp\/v2\/categories?post=36083"},{"taxonomy":"post_tag","embeddable":true,"href":"https:\/\/appsaf.apieproject.com\/news\/fr\/wp-json\/wp\/v2\/tags?post=36083"}],"curies":[{"name":"wp","href":"https:\/\/api.w.org\/{rel}","templated":true}]}}