{"id":36087,"date":"2023-11-27T19:48:12","date_gmt":"2023-11-27T19:48:12","guid":{"rendered":"https:\/\/appsaf.apieproject.com\/news\/?p=36087"},"modified":"2023-11-27T19:48:13","modified_gmt":"2023-11-27T19:48:13","slug":"le-soudan-met-un-terme-immediat-a-la-mission-politique-de-lonu","status":"publish","type":"post","link":"https:\/\/appsaf.apieproject.com\/news\/fr\/2023\/11\/27\/le-soudan-met-un-terme-immediat-a-la-mission-politique-de-lonu\/","title":{"rendered":"Le Soudan Met Un Terme \u00ab\u00a0Imm\u00e9diat\u00a0\u00bb \u00c0 La Mission Politique De l&rsquo;ONU"},"content":{"rendered":"<p>Dans ce courrier officiel en arabe dat\u00e9 du 16 novembre &#8212; couvert par une lettre en anglais de l&rsquo;ambassadeur du Soudan \u00e0 l&rsquo;ONU Al-Harith Idriss Al-Harith &#8212; le ministre des Affaires \u00e9trang\u00e8res Ali Elsadig Ali fait part \u00e0 Antonio Guterres de \u00ab\u00a0la d\u00e9cision du gouvernement soudanais de mettre un terme avec effet imm\u00e9diat \u00e0 la Mission int\u00e9gr\u00e9e des Nations unies pour l\u2019assistance \u00e0 la transition au Soudan (Minuats)\u00a0\u00bb.<\/p>\n<p>Le porte-parole de M. Guterres, St\u00e9phane Dujarric, a confirm\u00e9 vendredi que cette lettre avait \u00e9t\u00e9 bien re\u00e7ue et pr\u00e9cis\u00e9 que la Minuats employait 245 personnes, dont 88 \u00e0 Port-Soudan (ville qui a pris le relais de Khartoum ravag\u00e9e, ndlr), Nairobi et Addis Abeba, au Kenya et en Ethiopie voisins.<\/p>\n<p>Ces courriers, que l&rsquo;AFP a consult\u00e9s vendredi, circulent depuis jeudi soir entre les membres du Conseil de s\u00e9curit\u00e9 justement r\u00e9unis pour d\u00e9battre du conflit au Soudan.<\/p>\n<p>En toute fin de r\u00e9union, \u00ab\u00a0coup de th\u00e9\u00e2tre\u00a0\u00bb selon l&rsquo;ONU lorsque le repr\u00e9sentant de Khartoum \u00ab\u00a0annonce la d\u00e9cision du gouvernement soudanais, \u00e0 savoir la fin de la mission\u00a0\u00bb.<\/p>\n<p>D&rsquo;apr\u00e8s Al-Harith Idriss Al-Harith, la Minuats \u00ab\u00a0ne r\u00e9pond plus aux besoins et priorit\u00e9s\u00a0\u00bb de son pays.<\/p>\n<p>Il a toutefois assur\u00e9 que Khartoum \u00ab\u00a0continuera \u00e0 travailler de mani\u00e8re constructive avec les Nations unies\u00a0\u00bb.<\/p>\n<p>St\u00e9phane Dujarric a rappel\u00e9 lors de son point presse quotidien que la Minuats devait de toute fa\u00e7on \u00eatre \u00e9ventuellement reconduite par une r\u00e9solution du Conseil de s\u00e9curit\u00e9 d&rsquo;ici au 3 d\u00e9cembre.<\/p>\n<p>Et \u00ab\u00a0le secr\u00e9taire g\u00e9n\u00e9ral a nomm\u00e9 Ian Martin pour conduire une \u00e9tude strat\u00e9gique de la mission de l&rsquo;ONU au Soudan afin de fournir au Conseil de s\u00e9curit\u00e9 des options sur la mani\u00e8re d&rsquo;adapter son mandat\u00a0\u00bb, a comment\u00e9 le diplomate.<\/p>\n<p>Le patron de l&rsquo;ONU a \u00e9galement nomm\u00e9 un diplomate alg\u00e9rien, Ramtane Lamamra, son \u00ab\u00a0\u00e9missaire personnel pour le Soudan\u00a0\u00bb, a ajout\u00e9 M. Dujarric en promettant \u00ab\u00a0la poursuite de l&rsquo;implication\u00a0\u00bb des Nations unies \u00ab\u00a0avec tous les protagonistes, autorit\u00e9s soudanaises et membres du Conseil de s\u00e9curit\u00e9, afin de clarifier les prochaines \u00e9tapes\u00a0\u00bb.<\/p>\n<p>Jeudi soir devant le Conseil, la sous-secr\u00e9taire g\u00e9n\u00e9rale de l&rsquo;ONU pour l&rsquo;Afrique, Martha Ama Akyaa Pobee, avait d\u00e9nonc\u00e9 l&rsquo;\u00e9largissement du conflit au Soudan \u00e0 d&rsquo;autres r\u00e9gions du pays, qui d\u00e9tient d\u00e9j\u00e0 le nombre le plus \u00e9lev\u00e9 au monde de personnes d\u00e9plac\u00e9es.<\/p>\n<p>Apr\u00e8s pr\u00e8s de sept mois de conflit entre l&rsquo;arm\u00e9e soudanaise, dirig\u00e9e par le g\u00e9n\u00e9ral Abdel Fattah al-Burhane, et les Forces de soutien rapide (FSR, paramilitaires) du g\u00e9n\u00e9ral Mohamed Hamdane Daglo, \u00ab\u00a0presque 25 millions de personnes au Soudan ont d\u00e9sormais besoin d&rsquo;aide humanitaire\u00a0\u00bb, avait relev\u00e9 lundi le chef des op\u00e9rations humanitaires de l&rsquo;ONU Martin Griffiths.<\/p>\n<p>D\u00e9clench\u00e9e le 15 avril, cette guerre entre l&rsquo;arm\u00e9e et les paramilitaires a fait plus de 10.000 morts selon une estimation de l&rsquo;ONG Armed Conflict Location &amp; Event Data Project (Acled), consid\u00e9r\u00e9e comme tr\u00e8s largement sous-estim\u00e9e.<\/p>\n","protected":false},"excerpt":{"rendered":"<p>Le Soudan r\u00e9clame depuis jeudi au secr\u00e9taire g\u00e9n\u00e9ral de l&rsquo;ONU la fin \u00ab\u00a0imm\u00e9diate\u00a0\u00bb de la mission politique des Nations unies dans ce pays en guerre, selon une lettre de Khartoum qui circule aux Nations unies.<\/p>\n","protected":false},"author":12963,"featured_media":36084,"comment_status":"open","ping_status":"open","sticky":false,"template":"","format":"standard","meta":{"footnotes":""},"categories":[67,69],"tags":[81,78,82],"class_list":{"0":"post-36087","1":"post","2":"type-post","3":"status-publish","4":"format-standard","5":"has-post-thumbnail","7":"category-actualites","8":"category-politique","9":"tag-actualites","10":"tag-apie-project-2","11":"tag-politique"},"yoast_head":"<!-- This site is optimized with the Yoast SEO plugin v24.4 - https:\/\/yoast.com\/wordpress\/plugins\/seo\/ -->\n<title>Le Soudan Met Un Terme &quot;Imm\u00e9diat&quot; \u00c0 La Mission Politique De l&#039;ONU - APIE NEWS<\/title>\n<meta name=\"robots\" content=\"index, follow, max-snippet:-1, max-image-preview:large, max-video-preview:-1\" \/>\n<link rel=\"canonical\" href=\"https:\/\/appsaf.apieproject.com\/news\/fr\/2023\/11\/27\/le-soudan-met-un-terme-immediat-a-la-mission-politique-de-lonu\/\" \/>\n<meta property=\"og:locale\" content=\"fr_FR\" \/>\n<meta property=\"og:type\" content=\"article\" \/>\n<meta property=\"og:title\" content=\"Le Soudan Met Un Terme &quot;Imm\u00e9diat&quot; \u00c0 La Mission Politique De l&#039;ONU - APIE NEWS\" \/>\n<meta property=\"og:description\" content=\"Le Soudan r\u00e9clame depuis jeudi au secr\u00e9taire g\u00e9n\u00e9ral de l&#039;ONU la fin &quot;imm\u00e9diate&quot; de la mission politique des Nations unies dans ce pays en guerre, selon une lettre de Khartoum qui circule aux Nations unies.\" \/>\n<meta property=\"og:url\" content=\"https:\/\/appsaf.apieproject.com\/news\/fr\/2023\/11\/27\/le-soudan-met-un-terme-immediat-a-la-mission-politique-de-lonu\/\" \/>\n<meta property=\"og:site_name\" content=\"APIE NEWS\" \/>\n<meta property=\"article:publisher\" content=\"https:\/\/facebook.com\/apieproject\" \/>\n<meta property=\"article:published_time\" content=\"2023-11-27T19:48:12+00:00\" \/>\n<meta property=\"article:modified_time\" content=\"2023-11-27T19:48:13+00:00\" \/>\n<meta property=\"og:image\" content=\"https:\/\/appsaf.apieproject.com\/news\/wp-content\/uploads\/sites\/29\/2023\/11\/Screenshot_20231122_165120-7d8c2c1686891b0ab065bead92f565ef.jpg\" \/>\n\t<meta property=\"og:image:width\" content=\"1080\" \/>\n\t<meta property=\"og:image:height\" content=\"768\" \/>\n\t<meta property=\"og:image:type\" content=\"image\/jpeg\" \/>\n<meta name=\"author\" content=\"staff\" \/>\n<meta name=\"twitter:card\" content=\"summary_large_image\" \/>\n<meta name=\"twitter:creator\" content=\"@apieproject\" \/>\n<meta name=\"twitter:site\" content=\"@apieproject\" \/>\n<meta name=\"twitter:label1\" content=\"\u00c9crit par\" \/>\n\t<meta name=\"twitter:data1\" content=\"staff\" \/>\n\t<meta name=\"twitter:label2\" content=\"Dur\u00e9e de lecture estim\u00e9e\" \/>\n\t<meta name=\"twitter:data2\" content=\"3 minutes\" \/>\n<script type=\"application\/ld+json\" class=\"yoast-schema-graph\">{\"@context\":\"https:\/\/schema.org\",\"@graph\":[{\"@type\":\"Article\",\"@id\":\"https:\/\/appsaf.apieproject.com\/news\/fr\/2023\/11\/27\/le-soudan-met-un-terme-immediat-a-la-mission-politique-de-lonu\/#article\",\"isPartOf\":{\"@id\":\"https:\/\/appsaf.apieproject.com\/news\/fr\/2023\/11\/27\/le-soudan-met-un-terme-immediat-a-la-mission-politique-de-lonu\/\"},\"author\":{\"name\":\"staff\",\"@id\":\"https:\/\/appsaf.apieproject.com\/news\/#\/schema\/person\/399517cac378948cd7b39086f9ddc2a7\"},\"headline\":\"Le Soudan Met Un Terme \u00ab\u00a0Imm\u00e9diat\u00a0\u00bb \u00c0 La Mission Politique De l&rsquo;ONU\",\"datePublished\":\"2023-11-27T19:48:12+00:00\",\"dateModified\":\"2023-11-27T19:48:13+00:00\",\"mainEntityOfPage\":{\"@id\":\"https:\/\/appsaf.apieproject.com\/news\/fr\/2023\/11\/27\/le-soudan-met-un-terme-immediat-a-la-mission-politique-de-lonu\/\"},\"wordCount\":531,\"commentCount\":0,\"publisher\":{\"@id\":\"https:\/\/appsaf.apieproject.com\/news\/#organization\"},\"image\":{\"@id\":\"https:\/\/appsaf.apieproject.com\/news\/fr\/2023\/11\/27\/le-soudan-met-un-terme-immediat-a-la-mission-politique-de-lonu\/#primaryimage\"},\"thumbnailUrl\":\"https:\/\/appsaf.apieproject.com\/news\/wp-content\/uploads\/sites\/29\/2023\/11\/Screenshot_20231122_165120-7d8c2c1686891b0ab065bead92f565ef.jpg\",\"keywords\":[\"actualites\",\"apie project\",\"politique\"],\"articleSection\":[\"Actualit\u00e9s\",\"Politique\"],\"inLanguage\":\"fr-FR\",\"potentialAction\":[{\"@type\":\"CommentAction\",\"name\":\"Comment\",\"target\":[\"https:\/\/appsaf.apieproject.com\/news\/fr\/2023\/11\/27\/le-soudan-met-un-terme-immediat-a-la-mission-politique-de-lonu\/#respond\"]}]},{\"@type\":\"WebPage\",\"@id\":\"https:\/\/appsaf.apieproject.com\/news\/fr\/2023\/11\/27\/le-soudan-met-un-terme-immediat-a-la-mission-politique-de-lonu\/\",\"url\":\"https:\/\/appsaf.apieproject.com\/news\/fr\/2023\/11\/27\/le-soudan-met-un-terme-immediat-a-la-mission-politique-de-lonu\/\",\"name\":\"Le Soudan Met Un Terme \\\"Imm\u00e9diat\\\" \u00c0 La Mission Politique De l'ONU - APIE NEWS\",\"isPartOf\":{\"@id\":\"https:\/\/appsaf.apieproject.com\/news\/#website\"},\"primaryImageOfPage\":{\"@id\":\"https:\/\/appsaf.apieproject.com\/news\/fr\/2023\/11\/27\/le-soudan-met-un-terme-immediat-a-la-mission-politique-de-lonu\/#primaryimage\"},\"image\":{\"@id\":\"https:\/\/appsaf.apieproject.com\/news\/fr\/2023\/11\/27\/le-soudan-met-un-terme-immediat-a-la-mission-politique-de-lonu\/#primaryimage\"},\"thumbnailUrl\":\"https:\/\/appsaf.apieproject.com\/news\/wp-content\/uploads\/sites\/29\/2023\/11\/Screenshot_20231122_165120-7d8c2c1686891b0ab065bead92f565ef.jpg\",\"datePublished\":\"2023-11-27T19:48:12+00:00\",\"dateModified\":\"2023-11-27T19:48:13+00:00\",\"breadcrumb\":{\"@id\":\"https:\/\/appsaf.apieproject.com\/news\/fr\/2023\/11\/27\/le-soudan-met-un-terme-immediat-a-la-mission-politique-de-lonu\/#breadcrumb\"},\"inLanguage\":\"fr-FR\",\"potentialAction\":[{\"@type\":\"ReadAction\",\"target\":[\"https:\/\/appsaf.apieproject.com\/news\/fr\/2023\/11\/27\/le-soudan-met-un-terme-immediat-a-la-mission-politique-de-lonu\/\"]}]},{\"@type\":\"ImageObject\",\"inLanguage\":\"fr-FR\",\"@id\":\"https:\/\/appsaf.apieproject.com\/news\/fr\/2023\/11\/27\/le-soudan-met-un-terme-immediat-a-la-mission-politique-de-lonu\/#primaryimage\",\"url\":\"https:\/\/appsaf.apieproject.com\/news\/wp-content\/uploads\/sites\/29\/2023\/11\/Screenshot_20231122_165120-7d8c2c1686891b0ab065bead92f565ef.jpg\",\"contentUrl\":\"https:\/\/appsaf.apieproject.com\/news\/wp-content\/uploads\/sites\/29\/2023\/11\/Screenshot_20231122_165120-7d8c2c1686891b0ab065bead92f565ef.jpg\",\"width\":1080,\"height\":768},{\"@type\":\"BreadcrumbList\",\"@id\":\"https:\/\/appsaf.apieproject.com\/news\/fr\/2023\/11\/27\/le-soudan-met-un-terme-immediat-a-la-mission-politique-de-lonu\/#breadcrumb\",\"itemListElement\":[{\"@type\":\"ListItem\",\"position\":1,\"name\":\"Home\",\"item\":\"https:\/\/appsaf.apieproject.com\/news\/fr\/home\/\"},{\"@type\":\"ListItem\",\"position\":2,\"name\":\"Le Soudan Met Un Terme &#8220;Imm\u00e9diat&#8221; \u00c0 La Mission Politique De l&#8217;ONU\"}]},{\"@type\":\"WebSite\",\"@id\":\"https:\/\/appsaf.apieproject.com\/news\/#website\",\"url\":\"https:\/\/appsaf.apieproject.com\/news\/\",\"name\":\"APIE NEWS\",\"description\":\"PANAFRICANISM NEWS PORTAL\",\"publisher\":{\"@id\":\"https:\/\/appsaf.apieproject.com\/news\/#organization\"},\"potentialAction\":[{\"@type\":\"SearchAction\",\"target\":{\"@type\":\"EntryPoint\",\"urlTemplate\":\"https:\/\/appsaf.apieproject.com\/news\/?s={search_term_string}\"},\"query-input\":{\"@type\":\"PropertyValueSpecification\",\"valueRequired\":true,\"valueName\":\"search_term_string\"}}],\"inLanguage\":\"fr-FR\"},{\"@type\":\"Organization\",\"@id\":\"https:\/\/appsaf.apieproject.com\/news\/#organization\",\"name\":\"APIE PROJECT\",\"url\":\"https:\/\/appsaf.apieproject.com\/news\/\",\"logo\":{\"@type\":\"ImageObject\",\"inLanguage\":\"fr-FR\",\"@id\":\"https:\/\/appsaf.apieproject.com\/news\/#\/schema\/logo\/image\/\",\"url\":\"https:\/\/appsaf.apieproject.com\/news\/wp-content\/uploads\/sites\/29\/2022\/07\/logo-R-TransparentBackground.png\",\"contentUrl\":\"https:\/\/appsaf.apieproject.com\/news\/wp-content\/uploads\/sites\/29\/2022\/07\/logo-R-TransparentBackground.png\",\"width\":512,\"height\":512,\"caption\":\"APIE PROJECT\"},\"image\":{\"@id\":\"https:\/\/appsaf.apieproject.com\/news\/#\/schema\/logo\/image\/\"},\"sameAs\":[\"https:\/\/facebook.com\/apieproject\",\"https:\/\/x.com\/apieproject\"]},{\"@type\":\"Person\",\"@id\":\"https:\/\/appsaf.apieproject.com\/news\/#\/schema\/person\/399517cac378948cd7b39086f9ddc2a7\",\"name\":\"staff\",\"image\":{\"@type\":\"ImageObject\",\"inLanguage\":\"fr-FR\",\"@id\":\"https:\/\/appsaf.apieproject.com\/news\/#\/schema\/person\/image\/\",\"url\":\"https:\/\/secure.gravatar.com\/avatar\/5386283c5db150efe261184bd59f072a?s=96&d=mm&r=g\",\"contentUrl\":\"https:\/\/secure.gravatar.com\/avatar\/5386283c5db150efe261184bd59f072a?s=96&d=mm&r=g\",\"caption\":\"staff\"},\"url\":\"https:\/\/appsaf.apieproject.com\/news\/fr\/author\/staff\/\"}]}<\/script>\n<!-- \/ Yoast SEO plugin. -->","yoast_head_json":{"title":"Le Soudan Met Un Terme \"Imm\u00e9diat\" \u00c0 La Mission Politique De l'ONU - APIE NEWS","robots":{"index":"index","follow":"follow","max-snippet":"max-snippet:-1","max-image-preview":"max-image-preview:large","max-video-preview":"max-video-preview:-1"},"canonical":"https:\/\/appsaf.apieproject.com\/news\/fr\/2023\/11\/27\/le-soudan-met-un-terme-immediat-a-la-mission-politique-de-lonu\/","og_locale":"fr_FR","og_type":"article","og_title":"Le Soudan Met Un Terme \"Imm\u00e9diat\" \u00c0 La Mission Politique De l'ONU - APIE NEWS","og_description":"Le Soudan r\u00e9clame depuis jeudi au secr\u00e9taire g\u00e9n\u00e9ral de l'ONU la fin \"imm\u00e9diate\" de la mission politique des Nations unies dans ce pays en guerre, selon une lettre de Khartoum qui circule aux Nations unies.","og_url":"https:\/\/appsaf.apieproject.com\/news\/fr\/2023\/11\/27\/le-soudan-met-un-terme-immediat-a-la-mission-politique-de-lonu\/","og_site_name":"APIE NEWS","article_publisher":"https:\/\/facebook.com\/apieproject","article_published_time":"2023-11-27T19:48:12+00:00","article_modified_time":"2023-11-27T19:48:13+00:00","og_image":[{"width":1080,"height":768,"url":"https:\/\/appsaf.apieproject.com\/news\/wp-content\/uploads\/sites\/29\/2023\/11\/Screenshot_20231122_165120-7d8c2c1686891b0ab065bead92f565ef.jpg","type":"image\/jpeg"}],"author":"staff","twitter_card":"summary_large_image","twitter_creator":"@apieproject","twitter_site":"@apieproject","twitter_misc":{"\u00c9crit par":"staff","Dur\u00e9e de lecture estim\u00e9e":"3 minutes"},"schema":{"@context":"https:\/\/schema.org","@graph":[{"@type":"Article","@id":"https:\/\/appsaf.apieproject.com\/news\/fr\/2023\/11\/27\/le-soudan-met-un-terme-immediat-a-la-mission-politique-de-lonu\/#article","isPartOf":{"@id":"https:\/\/appsaf.apieproject.com\/news\/fr\/2023\/11\/27\/le-soudan-met-un-terme-immediat-a-la-mission-politique-de-lonu\/"},"author":{"name":"staff","@id":"https:\/\/appsaf.apieproject.com\/news\/#\/schema\/person\/399517cac378948cd7b39086f9ddc2a7"},"headline":"Le Soudan Met Un Terme \u00ab\u00a0Imm\u00e9diat\u00a0\u00bb \u00c0 La Mission Politique De l&rsquo;ONU","datePublished":"2023-11-27T19:48:12+00:00","dateModified":"2023-11-27T19:48:13+00:00","mainEntityOfPage":{"@id":"https:\/\/appsaf.apieproject.com\/news\/fr\/2023\/11\/27\/le-soudan-met-un-terme-immediat-a-la-mission-politique-de-lonu\/"},"wordCount":531,"commentCount":0,"publisher":{"@id":"https:\/\/appsaf.apieproject.com\/news\/#organization"},"image":{"@id":"https:\/\/appsaf.apieproject.com\/news\/fr\/2023\/11\/27\/le-soudan-met-un-terme-immediat-a-la-mission-politique-de-lonu\/#primaryimage"},"thumbnailUrl":"https:\/\/appsaf.apieproject.com\/news\/wp-content\/uploads\/sites\/29\/2023\/11\/Screenshot_20231122_165120-7d8c2c1686891b0ab065bead92f565ef.jpg","keywords":["actualites","apie project","politique"],"articleSection":["Actualit\u00e9s","Politique"],"inLanguage":"fr-FR","potentialAction":[{"@type":"CommentAction","name":"Comment","target":["https:\/\/appsaf.apieproject.com\/news\/fr\/2023\/11\/27\/le-soudan-met-un-terme-immediat-a-la-mission-politique-de-lonu\/#respond"]}]},{"@type":"WebPage","@id":"https:\/\/appsaf.apieproject.com\/news\/fr\/2023\/11\/27\/le-soudan-met-un-terme-immediat-a-la-mission-politique-de-lonu\/","url":"https:\/\/appsaf.apieproject.com\/news\/fr\/2023\/11\/27\/le-soudan-met-un-terme-immediat-a-la-mission-politique-de-lonu\/","name":"Le Soudan Met Un Terme \"Imm\u00e9diat\" \u00c0 La Mission Politique De l'ONU - APIE NEWS","isPartOf":{"@id":"https:\/\/appsaf.apieproject.com\/news\/#website"},"primaryImageOfPage":{"@id":"https:\/\/appsaf.apieproject.com\/news\/fr\/2023\/11\/27\/le-soudan-met-un-terme-immediat-a-la-mission-politique-de-lonu\/#primaryimage"},"image":{"@id":"https:\/\/appsaf.apieproject.com\/news\/fr\/2023\/11\/27\/le-soudan-met-un-terme-immediat-a-la-mission-politique-de-lonu\/#primaryimage"},"thumbnailUrl":"https:\/\/appsaf.apieproject.com\/news\/wp-content\/uploads\/sites\/29\/2023\/11\/Screenshot_20231122_165120-7d8c2c1686891b0ab065bead92f565ef.jpg","datePublished":"2023-11-27T19:48:12+00:00","dateModified":"2023-11-27T19:48:13+00:00","breadcrumb":{"@id":"https:\/\/appsaf.apieproject.com\/news\/fr\/2023\/11\/27\/le-soudan-met-un-terme-immediat-a-la-mission-politique-de-lonu\/#breadcrumb"},"inLanguage":"fr-FR","potentialAction":[{"@type":"ReadAction","target":["https:\/\/appsaf.apieproject.com\/news\/fr\/2023\/11\/27\/le-soudan-met-un-terme-immediat-a-la-mission-politique-de-lonu\/"]}]},{"@type":"ImageObject","inLanguage":"fr-FR","@id":"https:\/\/appsaf.apieproject.com\/news\/fr\/2023\/11\/27\/le-soudan-met-un-terme-immediat-a-la-mission-politique-de-lonu\/#primaryimage","url":"https:\/\/appsaf.apieproject.com\/news\/wp-content\/uploads\/sites\/29\/2023\/11\/Screenshot_20231122_165120-7d8c2c1686891b0ab065bead92f565ef.jpg","contentUrl":"https:\/\/appsaf.apieproject.com\/news\/wp-content\/uploads\/sites\/29\/2023\/11\/Screenshot_20231122_165120-7d8c2c1686891b0ab065bead92f565ef.jpg","width":1080,"height":768},{"@type":"BreadcrumbList","@id":"https:\/\/appsaf.apieproject.com\/news\/fr\/2023\/11\/27\/le-soudan-met-un-terme-immediat-a-la-mission-politique-de-lonu\/#breadcrumb","itemListElement":[{"@type":"ListItem","position":1,"name":"Home","item":"https:\/\/appsaf.apieproject.com\/news\/fr\/home\/"},{"@type":"ListItem","position":2,"name":"Le Soudan Met Un Terme &#8220;Imm\u00e9diat&#8221; \u00c0 La Mission Politique De l&#8217;ONU"}]},{"@type":"WebSite","@id":"https:\/\/appsaf.apieproject.com\/news\/#website","url":"https:\/\/appsaf.apieproject.com\/news\/","name":"APIE NEWS","description":"PANAFRICANISM NEWS PORTAL","publisher":{"@id":"https:\/\/appsaf.apieproject.com\/news\/#organization"},"potentialAction":[{"@type":"SearchAction","target":{"@type":"EntryPoint","urlTemplate":"https:\/\/appsaf.apieproject.com\/news\/?s={search_term_string}"},"query-input":{"@type":"PropertyValueSpecification","valueRequired":true,"valueName":"search_term_string"}}],"inLanguage":"fr-FR"},{"@type":"Organization","@id":"https:\/\/appsaf.apieproject.com\/news\/#organization","name":"APIE PROJECT","url":"https:\/\/appsaf.apieproject.com\/news\/","logo":{"@type":"ImageObject","inLanguage":"fr-FR","@id":"https:\/\/appsaf.apieproject.com\/news\/#\/schema\/logo\/image\/","url":"https:\/\/appsaf.apieproject.com\/news\/wp-content\/uploads\/sites\/29\/2022\/07\/logo-R-TransparentBackground.png","contentUrl":"https:\/\/appsaf.apieproject.com\/news\/wp-content\/uploads\/sites\/29\/2022\/07\/logo-R-TransparentBackground.png","width":512,"height":512,"caption":"APIE PROJECT"},"image":{"@id":"https:\/\/appsaf.apieproject.com\/news\/#\/schema\/logo\/image\/"},"sameAs":["https:\/\/facebook.com\/apieproject","https:\/\/x.com\/apieproject"]},{"@type":"Person","@id":"https:\/\/appsaf.apieproject.com\/news\/#\/schema\/person\/399517cac378948cd7b39086f9ddc2a7","name":"staff","image":{"@type":"ImageObject","inLanguage":"fr-FR","@id":"https:\/\/appsaf.apieproject.com\/news\/#\/schema\/person\/image\/","url":"https:\/\/secure.gravatar.com\/avatar\/5386283c5db150efe261184bd59f072a?s=96&d=mm&r=g","contentUrl":"https:\/\/secure.gravatar.com\/avatar\/5386283c5db150efe261184bd59f072a?s=96&d=mm&r=g","caption":"staff"},"url":"https:\/\/appsaf.apieproject.com\/news\/fr\/author\/staff\/"}]}},"_links":{"self":[{"href":"https:\/\/appsaf.apieproject.com\/news\/fr\/wp-json\/wp\/v2\/posts\/36087","targetHints":{"allow":["GET"]}}],"collection":[{"href":"https:\/\/appsaf.apieproject.com\/news\/fr\/wp-json\/wp\/v2\/posts"}],"about":[{"href":"https:\/\/appsaf.apieproject.com\/news\/fr\/wp-json\/wp\/v2\/types\/post"}],"author":[{"embeddable":true,"href":"https:\/\/appsaf.apieproject.com\/news\/fr\/wp-json\/wp\/v2\/users\/12963"}],"replies":[{"embeddable":true,"href":"https:\/\/appsaf.apieproject.com\/news\/fr\/wp-json\/wp\/v2\/comments?post=36087"}],"version-history":[{"count":1,"href":"https:\/\/appsaf.apieproject.com\/news\/fr\/wp-json\/wp\/v2\/posts\/36087\/revisions"}],"predecessor-version":[{"id":36834,"href":"https:\/\/appsaf.apieproject.com\/news\/fr\/wp-json\/wp\/v2\/posts\/36087\/revisions\/36834"}],"wp:featuredmedia":[{"embeddable":true,"href":"https:\/\/appsaf.apieproject.com\/news\/fr\/wp-json\/wp\/v2\/media\/36084"}],"wp:attachment":[{"href":"https:\/\/appsaf.apieproject.com\/news\/fr\/wp-json\/wp\/v2\/media?parent=36087"}],"wp:term":[{"taxonomy":"category","embeddable":true,"href":"https:\/\/appsaf.apieproject.com\/news\/fr\/wp-json\/wp\/v2\/categories?post=36087"},{"taxonomy":"post_tag","embeddable":true,"href":"https:\/\/appsaf.apieproject.com\/news\/fr\/wp-json\/wp\/v2\/tags?post=36087"}],"curies":[{"name":"wp","href":"https:\/\/api.w.org\/{rel}","templated":true}]}}