{"id":36091,"date":"2023-11-27T19:46:44","date_gmt":"2023-11-27T19:46:44","guid":{"rendered":"https:\/\/appsaf.apieproject.com\/news\/?p=36091"},"modified":"2023-11-27T19:46:46","modified_gmt":"2023-11-27T19:46:46","slug":"joseph-boakai-officiellement-elu-president-du-liberia","status":"publish","type":"post","link":"https:\/\/appsaf.apieproject.com\/news\/fr\/2023\/11\/27\/joseph-boakai-officiellement-elu-president-du-liberia\/","title":{"rendered":"Joseph Boakai Officiellement \u00c9lu Pr\u00e9sident Du Liberia"},"content":{"rendered":"<p>M. Boakai, 78 ans, prendra pour six ans la t\u00eate de ce pays anglophone d&rsquo;environ cinq millions d&rsquo;habitants, l&rsquo;un des plus pauvres du monde.<\/p>\n<p>Ce vieux routier a \u00e9t\u00e9 le vice-pr\u00e9sident d&rsquo;Ellen Johnson Sirleaf, premi\u00e8re femme cheffe d&rsquo;\u00c9tat en Afrique, entre 2006 et 2018. Il a occup\u00e9 de nombreux postes au sein de l&rsquo;\u00c9tat ou du secteur priv\u00e9.<\/p>\n<p>Il l&rsquo;a emport\u00e9 avec 50,64 % des voix, contre 49,36 % pour M. Weah, a annonc\u00e9 lundi devant la presse Davidetta Browne Lansanah, pr\u00e9sidente de la commission \u00e9lectorale, apr\u00e8s le d\u00e9pouillement de tous les bulletins de vote.<\/p>\n<p>M. Boakai, qui ne devan\u00e7ait M. Weah que de 20 567 voix sur un peu plus de 1,6 million de votants, est rest\u00e9 jusqu&rsquo;alors \u00e9trangement silencieux, alors que ses supporteurs sont en liesse dans tout le pays depuis vendredi. Ils dansent dans les rues et en agitent des drapeaux \u00e0 son image.<\/p>\n<p>Un transfert pacifique<br \/>\nM. Weah, \u00e9lu en 2017 et en qu\u00eate d&rsquo;un second mandat, a reconnu la victoire de son adversaire d\u00e8s vendredi soir au vu de r\u00e9sultats presque finaux, s&rsquo;attirant les \u00e9loges de l&rsquo;\u00e9tranger pour favoriser ainsi un transfert de pouvoir non violent.<\/p>\n<p>Notre heure reviendra, a dit l&rsquo;ancienne vedette du soccer de 57 ans, dont les intentions apr\u00e8s la fin officielle de sa pr\u00e9sidence en janvier 2024 restent inconnues.<\/p>\n<p>Au-del\u00e0 du choix de la personne appel\u00e9e \u00e0 diriger ce pays en qu\u00eate de stabilit\u00e9 apr\u00e8s les ann\u00e9es de guerre civile et d&rsquo;\u00e9pid\u00e9mie d&rsquo;Ebola, l&rsquo;un des enjeux de l&rsquo;\u00e9lection \u00e9tait le d\u00e9roulement pacifique et r\u00e9gulier du scrutin, alors que la d\u00e9mocratie en Afrique de l&rsquo;Ouest a \u00e9t\u00e9 malmen\u00e9e ces derni\u00e8res ann\u00e9es par une succession de coups d&rsquo;\u00c9tat, notamment au Mali, au Niger et au Burkina Faso.<\/p>\n<p>La pr\u00e9sidente de la commission \u00e9lectorale a n\u00e9anmoins indiqu\u00e9 que cette derni\u00e8re avait re\u00e7u vendredi deux recours du parti de M. Weah contre le d\u00e9roulement de l&rsquo;\u00e9lection dans le comt\u00e9 de Nimba. La commission a 30 jours pour enqu\u00eater et se prononcer, a-t-elle ajout\u00e9.<\/p>\n<p>Reconnaissance de l&rsquo;\u00e9tranger<br \/>\nL&rsquo;Union africaine (UA) a f\u00e9licit\u00e9 lundi Joseph Boakai pour son \u00e9lection et salu\u00e9 le sens de l&rsquo;\u00c9tat de George Weah, en invitant \u00e9galement toutes les parties \u00e0 continuer \u00e0 faire preuve de maturit\u00e9 et \u00e0 engager le dialogue pour consolider la d\u00e9mocratie.<\/p>\n<p>Les Lib\u00e9riens ont d\u00e9montr\u00e9 une fois de plus que la d\u00e9mocratie est vivante dans l&rsquo;espace de la CEDEAO [Communaut\u00e9 \u00e9conomique des \u00c9tats de l&rsquo;Afrique de l&rsquo;Ouest] et que le changement par des voies pacifiques est possible, a dit dans un communiqu\u00e9 la CEDEAO, aux premi\u00e8res loges des changements abrupts de r\u00e9gime depuis 2020.<\/p>\n<p>M. Weah a contrecarr\u00e9 l&rsquo;id\u00e9e re\u00e7ue selon laquelle les transitions d\u00e9mocratiques \u00e9taient intenables en Afrique de l&rsquo;Ouest, a soulign\u00e9 le pr\u00e9sident du Nigeria, Bola Ahmed Tinubu, poids lourd de la CEDEAO<br \/>\nCommunaut\u00e9 \u00e9conomique des \u00c9tats de l&rsquo;Afrique de l&rsquo;ouest.<\/p>\n<p>\u00c0 Washington, Joe Biden a par ailleurs f\u00e9licit\u00e9 Joseph Boakai pour avoir remport\u00e9 une \u00e9lection pr\u00e9sidentielle libre et juste.<\/p>\n<p>Je veux aussi saluer George Weah pour avoir respect\u00e9 la volont\u00e9 du peuple et avoir fait passer le patriotisme avant le calcul politique, a ajout\u00e9 le pr\u00e9sident am\u00e9ricain dans un communiqu\u00e9, en estimant que le peuple lib\u00e9rien avait montr\u00e9 l&rsquo;exemple en Afrique de l&rsquo;Ouest et dans le monde.<\/p>\n<p>Plusieurs pr\u00e9sidentielles sont pr\u00e9vues en 2024 en Afrique de l&rsquo;Ouest : au S\u00e9n\u00e9gal, au Ghana, en Mauritanie, et th\u00e9oriquement au Mali et au Burkina Faso, dirig\u00e9s par des militaires.<\/p>\n<p>Un bon pr\u00e9sage<br \/>\nCette \u00e9lection \u00e9tait la premi\u00e8re organis\u00e9e sans la pr\u00e9sence de la mission des Nations unies au Liberia. Cette derni\u00e8re a op\u00e9r\u00e9 de 2003 \u00e0 2018 pour garantir la paix apr\u00e8s les guerres civiles.<\/p>\n<p>Des affrontements pendant la campagne ont fait plusieurs morts. Des incidents ont \u00e9t\u00e9 rapport\u00e9s entre les deux tours, faisant craindre des lendemains d&rsquo;\u00e9lection agit\u00e9s, surtout en cas d&rsquo;issue serr\u00e9e.<\/p>\n<p>Le scrutin a \u00e9t\u00e9 suivi par de nombreux observateurs \u00e9trangers et lib\u00e9riens, et les missions de l&rsquo;Union europ\u00e9enne et de la CEDEAO ont salu\u00e9 le d\u00e9roulement globalement pacifique du second tour.<\/p>\n<p>L&rsquo;\u00e9lection a eu lieu 20 ans apr\u00e8s la fin des guerres civiles au Liberia, qui ont fait plus de 250 000 morts entre 1989 et 2003 et dont le souvenir reste vivace. L&rsquo;ombre de cette histoire sanglante a nourri l&rsquo;inqui\u00e9tude, que M. Weah a dissip\u00e9e en grande partie vendredi en s&rsquo;inclinant devant M. Boakai.<\/p>\n","protected":false},"excerpt":{"rendered":"<p>Le v\u00e9t\u00e9ran de la politique lib\u00e9rienne Joseph Boakai a \u00e9t\u00e9 officiellement d\u00e9clar\u00e9 lundi vainqueur de la pr\u00e9sidentielle face au sortant George Weah, dont l&rsquo;\u00e9l\u00e9gance dans l&rsquo;acceptation de la d\u00e9faite a \u00e9t\u00e9 salu\u00e9e sur le continent africain et ailleurs dans le monde.<\/p>\n","protected":false},"author":12963,"featured_media":36088,"comment_status":"open","ping_status":"open","sticky":false,"template":"","format":"standard","meta":{"footnotes":""},"categories":[67,69],"tags":[81,78,82],"class_list":{"0":"post-36091","1":"post","2":"type-post","3":"status-publish","4":"format-standard","5":"has-post-thumbnail","7":"category-actualites","8":"category-politique","9":"tag-actualites","10":"tag-apie-project-2","11":"tag-politique"},"yoast_head":"<!-- This site is optimized with the Yoast SEO plugin v24.4 - https:\/\/yoast.com\/wordpress\/plugins\/seo\/ -->\n<title>Joseph Boakai Officiellement \u00c9lu Pr\u00e9sident Du Liberia - APIE NEWS<\/title>\n<meta name=\"robots\" content=\"index, follow, max-snippet:-1, max-image-preview:large, max-video-preview:-1\" \/>\n<link rel=\"canonical\" href=\"https:\/\/appsaf.apieproject.com\/news\/fr\/2023\/11\/27\/joseph-boakai-officiellement-elu-president-du-liberia\/\" \/>\n<meta property=\"og:locale\" content=\"fr_FR\" \/>\n<meta property=\"og:type\" content=\"article\" \/>\n<meta property=\"og:title\" content=\"Joseph Boakai Officiellement \u00c9lu Pr\u00e9sident Du Liberia - APIE NEWS\" \/>\n<meta property=\"og:description\" content=\"Le v\u00e9t\u00e9ran de la politique lib\u00e9rienne Joseph Boakai a \u00e9t\u00e9 officiellement d\u00e9clar\u00e9 lundi vainqueur de la pr\u00e9sidentielle face au sortant George Weah, dont l&#039;\u00e9l\u00e9gance dans l&#039;acceptation de la d\u00e9faite a \u00e9t\u00e9 salu\u00e9e sur le continent africain et ailleurs dans le monde.\" \/>\n<meta property=\"og:url\" content=\"https:\/\/appsaf.apieproject.com\/news\/fr\/2023\/11\/27\/joseph-boakai-officiellement-elu-president-du-liberia\/\" \/>\n<meta property=\"og:site_name\" content=\"APIE NEWS\" \/>\n<meta property=\"article:publisher\" content=\"https:\/\/facebook.com\/apieproject\" \/>\n<meta property=\"article:published_time\" content=\"2023-11-27T19:46:44+00:00\" \/>\n<meta property=\"article:modified_time\" content=\"2023-11-27T19:46:46+00:00\" \/>\n<meta property=\"og:image\" content=\"https:\/\/appsaf.apieproject.com\/news\/wp-content\/uploads\/sites\/29\/2023\/11\/Screenshot_20231122_165713-947e922b5a2aaa227a0ff70154cc3378.jpg\" \/>\n\t<meta property=\"og:image:width\" content=\"1080\" \/>\n\t<meta property=\"og:image:height\" content=\"594\" \/>\n\t<meta property=\"og:image:type\" content=\"image\/jpeg\" \/>\n<meta name=\"author\" content=\"staff\" \/>\n<meta name=\"twitter:card\" content=\"summary_large_image\" \/>\n<meta name=\"twitter:creator\" content=\"@apieproject\" \/>\n<meta name=\"twitter:site\" content=\"@apieproject\" \/>\n<meta name=\"twitter:label1\" content=\"\u00c9crit par\" \/>\n\t<meta name=\"twitter:data1\" content=\"staff\" \/>\n\t<meta name=\"twitter:label2\" content=\"Dur\u00e9e de lecture estim\u00e9e\" \/>\n\t<meta name=\"twitter:data2\" content=\"4 minutes\" \/>\n<script type=\"application\/ld+json\" class=\"yoast-schema-graph\">{\"@context\":\"https:\/\/schema.org\",\"@graph\":[{\"@type\":\"Article\",\"@id\":\"https:\/\/appsaf.apieproject.com\/news\/fr\/2023\/11\/27\/joseph-boakai-officiellement-elu-president-du-liberia\/#article\",\"isPartOf\":{\"@id\":\"https:\/\/appsaf.apieproject.com\/news\/fr\/2023\/11\/27\/joseph-boakai-officiellement-elu-president-du-liberia\/\"},\"author\":{\"name\":\"staff\",\"@id\":\"https:\/\/appsaf.apieproject.com\/news\/#\/schema\/person\/399517cac378948cd7b39086f9ddc2a7\"},\"headline\":\"Joseph Boakai Officiellement \u00c9lu Pr\u00e9sident Du Liberia\",\"datePublished\":\"2023-11-27T19:46:44+00:00\",\"dateModified\":\"2023-11-27T19:46:46+00:00\",\"mainEntityOfPage\":{\"@id\":\"https:\/\/appsaf.apieproject.com\/news\/fr\/2023\/11\/27\/joseph-boakai-officiellement-elu-president-du-liberia\/\"},\"wordCount\":794,\"commentCount\":0,\"publisher\":{\"@id\":\"https:\/\/appsaf.apieproject.com\/news\/#organization\"},\"image\":{\"@id\":\"https:\/\/appsaf.apieproject.com\/news\/fr\/2023\/11\/27\/joseph-boakai-officiellement-elu-president-du-liberia\/#primaryimage\"},\"thumbnailUrl\":\"https:\/\/appsaf.apieproject.com\/news\/wp-content\/uploads\/sites\/29\/2023\/11\/Screenshot_20231122_165713-947e922b5a2aaa227a0ff70154cc3378.jpg\",\"keywords\":[\"actualites\",\"apie project\",\"politique\"],\"articleSection\":[\"Actualit\u00e9s\",\"Politique\"],\"inLanguage\":\"fr-FR\",\"potentialAction\":[{\"@type\":\"CommentAction\",\"name\":\"Comment\",\"target\":[\"https:\/\/appsaf.apieproject.com\/news\/fr\/2023\/11\/27\/joseph-boakai-officiellement-elu-president-du-liberia\/#respond\"]}]},{\"@type\":\"WebPage\",\"@id\":\"https:\/\/appsaf.apieproject.com\/news\/fr\/2023\/11\/27\/joseph-boakai-officiellement-elu-president-du-liberia\/\",\"url\":\"https:\/\/appsaf.apieproject.com\/news\/fr\/2023\/11\/27\/joseph-boakai-officiellement-elu-president-du-liberia\/\",\"name\":\"Joseph Boakai Officiellement \u00c9lu Pr\u00e9sident Du Liberia - APIE NEWS\",\"isPartOf\":{\"@id\":\"https:\/\/appsaf.apieproject.com\/news\/#website\"},\"primaryImageOfPage\":{\"@id\":\"https:\/\/appsaf.apieproject.com\/news\/fr\/2023\/11\/27\/joseph-boakai-officiellement-elu-president-du-liberia\/#primaryimage\"},\"image\":{\"@id\":\"https:\/\/appsaf.apieproject.com\/news\/fr\/2023\/11\/27\/joseph-boakai-officiellement-elu-president-du-liberia\/#primaryimage\"},\"thumbnailUrl\":\"https:\/\/appsaf.apieproject.com\/news\/wp-content\/uploads\/sites\/29\/2023\/11\/Screenshot_20231122_165713-947e922b5a2aaa227a0ff70154cc3378.jpg\",\"datePublished\":\"2023-11-27T19:46:44+00:00\",\"dateModified\":\"2023-11-27T19:46:46+00:00\",\"breadcrumb\":{\"@id\":\"https:\/\/appsaf.apieproject.com\/news\/fr\/2023\/11\/27\/joseph-boakai-officiellement-elu-president-du-liberia\/#breadcrumb\"},\"inLanguage\":\"fr-FR\",\"potentialAction\":[{\"@type\":\"ReadAction\",\"target\":[\"https:\/\/appsaf.apieproject.com\/news\/fr\/2023\/11\/27\/joseph-boakai-officiellement-elu-president-du-liberia\/\"]}]},{\"@type\":\"ImageObject\",\"inLanguage\":\"fr-FR\",\"@id\":\"https:\/\/appsaf.apieproject.com\/news\/fr\/2023\/11\/27\/joseph-boakai-officiellement-elu-president-du-liberia\/#primaryimage\",\"url\":\"https:\/\/appsaf.apieproject.com\/news\/wp-content\/uploads\/sites\/29\/2023\/11\/Screenshot_20231122_165713-947e922b5a2aaa227a0ff70154cc3378.jpg\",\"contentUrl\":\"https:\/\/appsaf.apieproject.com\/news\/wp-content\/uploads\/sites\/29\/2023\/11\/Screenshot_20231122_165713-947e922b5a2aaa227a0ff70154cc3378.jpg\",\"width\":1080,\"height\":594},{\"@type\":\"BreadcrumbList\",\"@id\":\"https:\/\/appsaf.apieproject.com\/news\/fr\/2023\/11\/27\/joseph-boakai-officiellement-elu-president-du-liberia\/#breadcrumb\",\"itemListElement\":[{\"@type\":\"ListItem\",\"position\":1,\"name\":\"Home\",\"item\":\"https:\/\/appsaf.apieproject.com\/news\/fr\/home\/\"},{\"@type\":\"ListItem\",\"position\":2,\"name\":\"Joseph Boakai Officiellement \u00c9lu Pr\u00e9sident Du Liberia\"}]},{\"@type\":\"WebSite\",\"@id\":\"https:\/\/appsaf.apieproject.com\/news\/#website\",\"url\":\"https:\/\/appsaf.apieproject.com\/news\/\",\"name\":\"APIE NEWS\",\"description\":\"PANAFRICANISM NEWS PORTAL\",\"publisher\":{\"@id\":\"https:\/\/appsaf.apieproject.com\/news\/#organization\"},\"potentialAction\":[{\"@type\":\"SearchAction\",\"target\":{\"@type\":\"EntryPoint\",\"urlTemplate\":\"https:\/\/appsaf.apieproject.com\/news\/?s={search_term_string}\"},\"query-input\":{\"@type\":\"PropertyValueSpecification\",\"valueRequired\":true,\"valueName\":\"search_term_string\"}}],\"inLanguage\":\"fr-FR\"},{\"@type\":\"Organization\",\"@id\":\"https:\/\/appsaf.apieproject.com\/news\/#organization\",\"name\":\"APIE PROJECT\",\"url\":\"https:\/\/appsaf.apieproject.com\/news\/\",\"logo\":{\"@type\":\"ImageObject\",\"inLanguage\":\"fr-FR\",\"@id\":\"https:\/\/appsaf.apieproject.com\/news\/#\/schema\/logo\/image\/\",\"url\":\"https:\/\/appsaf.apieproject.com\/news\/wp-content\/uploads\/sites\/29\/2022\/07\/logo-R-TransparentBackground.png\",\"contentUrl\":\"https:\/\/appsaf.apieproject.com\/news\/wp-content\/uploads\/sites\/29\/2022\/07\/logo-R-TransparentBackground.png\",\"width\":512,\"height\":512,\"caption\":\"APIE PROJECT\"},\"image\":{\"@id\":\"https:\/\/appsaf.apieproject.com\/news\/#\/schema\/logo\/image\/\"},\"sameAs\":[\"https:\/\/facebook.com\/apieproject\",\"https:\/\/x.com\/apieproject\"]},{\"@type\":\"Person\",\"@id\":\"https:\/\/appsaf.apieproject.com\/news\/#\/schema\/person\/399517cac378948cd7b39086f9ddc2a7\",\"name\":\"staff\",\"image\":{\"@type\":\"ImageObject\",\"inLanguage\":\"fr-FR\",\"@id\":\"https:\/\/appsaf.apieproject.com\/news\/#\/schema\/person\/image\/\",\"url\":\"https:\/\/secure.gravatar.com\/avatar\/5386283c5db150efe261184bd59f072a?s=96&d=mm&r=g\",\"contentUrl\":\"https:\/\/secure.gravatar.com\/avatar\/5386283c5db150efe261184bd59f072a?s=96&d=mm&r=g\",\"caption\":\"staff\"},\"url\":\"https:\/\/appsaf.apieproject.com\/news\/fr\/author\/staff\/\"}]}<\/script>\n<!-- \/ Yoast SEO plugin. -->","yoast_head_json":{"title":"Joseph Boakai Officiellement \u00c9lu Pr\u00e9sident Du Liberia - APIE NEWS","robots":{"index":"index","follow":"follow","max-snippet":"max-snippet:-1","max-image-preview":"max-image-preview:large","max-video-preview":"max-video-preview:-1"},"canonical":"https:\/\/appsaf.apieproject.com\/news\/fr\/2023\/11\/27\/joseph-boakai-officiellement-elu-president-du-liberia\/","og_locale":"fr_FR","og_type":"article","og_title":"Joseph Boakai Officiellement \u00c9lu Pr\u00e9sident Du Liberia - APIE NEWS","og_description":"Le v\u00e9t\u00e9ran de la politique lib\u00e9rienne Joseph Boakai a \u00e9t\u00e9 officiellement d\u00e9clar\u00e9 lundi vainqueur de la pr\u00e9sidentielle face au sortant George Weah, dont l'\u00e9l\u00e9gance dans l'acceptation de la d\u00e9faite a \u00e9t\u00e9 salu\u00e9e sur le continent africain et ailleurs dans le monde.","og_url":"https:\/\/appsaf.apieproject.com\/news\/fr\/2023\/11\/27\/joseph-boakai-officiellement-elu-president-du-liberia\/","og_site_name":"APIE NEWS","article_publisher":"https:\/\/facebook.com\/apieproject","article_published_time":"2023-11-27T19:46:44+00:00","article_modified_time":"2023-11-27T19:46:46+00:00","og_image":[{"width":1080,"height":594,"url":"https:\/\/appsaf.apieproject.com\/news\/wp-content\/uploads\/sites\/29\/2023\/11\/Screenshot_20231122_165713-947e922b5a2aaa227a0ff70154cc3378.jpg","type":"image\/jpeg"}],"author":"staff","twitter_card":"summary_large_image","twitter_creator":"@apieproject","twitter_site":"@apieproject","twitter_misc":{"\u00c9crit par":"staff","Dur\u00e9e de lecture estim\u00e9e":"4 minutes"},"schema":{"@context":"https:\/\/schema.org","@graph":[{"@type":"Article","@id":"https:\/\/appsaf.apieproject.com\/news\/fr\/2023\/11\/27\/joseph-boakai-officiellement-elu-president-du-liberia\/#article","isPartOf":{"@id":"https:\/\/appsaf.apieproject.com\/news\/fr\/2023\/11\/27\/joseph-boakai-officiellement-elu-president-du-liberia\/"},"author":{"name":"staff","@id":"https:\/\/appsaf.apieproject.com\/news\/#\/schema\/person\/399517cac378948cd7b39086f9ddc2a7"},"headline":"Joseph Boakai Officiellement \u00c9lu Pr\u00e9sident Du Liberia","datePublished":"2023-11-27T19:46:44+00:00","dateModified":"2023-11-27T19:46:46+00:00","mainEntityOfPage":{"@id":"https:\/\/appsaf.apieproject.com\/news\/fr\/2023\/11\/27\/joseph-boakai-officiellement-elu-president-du-liberia\/"},"wordCount":794,"commentCount":0,"publisher":{"@id":"https:\/\/appsaf.apieproject.com\/news\/#organization"},"image":{"@id":"https:\/\/appsaf.apieproject.com\/news\/fr\/2023\/11\/27\/joseph-boakai-officiellement-elu-president-du-liberia\/#primaryimage"},"thumbnailUrl":"https:\/\/appsaf.apieproject.com\/news\/wp-content\/uploads\/sites\/29\/2023\/11\/Screenshot_20231122_165713-947e922b5a2aaa227a0ff70154cc3378.jpg","keywords":["actualites","apie project","politique"],"articleSection":["Actualit\u00e9s","Politique"],"inLanguage":"fr-FR","potentialAction":[{"@type":"CommentAction","name":"Comment","target":["https:\/\/appsaf.apieproject.com\/news\/fr\/2023\/11\/27\/joseph-boakai-officiellement-elu-president-du-liberia\/#respond"]}]},{"@type":"WebPage","@id":"https:\/\/appsaf.apieproject.com\/news\/fr\/2023\/11\/27\/joseph-boakai-officiellement-elu-president-du-liberia\/","url":"https:\/\/appsaf.apieproject.com\/news\/fr\/2023\/11\/27\/joseph-boakai-officiellement-elu-president-du-liberia\/","name":"Joseph Boakai Officiellement \u00c9lu Pr\u00e9sident Du Liberia - APIE NEWS","isPartOf":{"@id":"https:\/\/appsaf.apieproject.com\/news\/#website"},"primaryImageOfPage":{"@id":"https:\/\/appsaf.apieproject.com\/news\/fr\/2023\/11\/27\/joseph-boakai-officiellement-elu-president-du-liberia\/#primaryimage"},"image":{"@id":"https:\/\/appsaf.apieproject.com\/news\/fr\/2023\/11\/27\/joseph-boakai-officiellement-elu-president-du-liberia\/#primaryimage"},"thumbnailUrl":"https:\/\/appsaf.apieproject.com\/news\/wp-content\/uploads\/sites\/29\/2023\/11\/Screenshot_20231122_165713-947e922b5a2aaa227a0ff70154cc3378.jpg","datePublished":"2023-11-27T19:46:44+00:00","dateModified":"2023-11-27T19:46:46+00:00","breadcrumb":{"@id":"https:\/\/appsaf.apieproject.com\/news\/fr\/2023\/11\/27\/joseph-boakai-officiellement-elu-president-du-liberia\/#breadcrumb"},"inLanguage":"fr-FR","potentialAction":[{"@type":"ReadAction","target":["https:\/\/appsaf.apieproject.com\/news\/fr\/2023\/11\/27\/joseph-boakai-officiellement-elu-president-du-liberia\/"]}]},{"@type":"ImageObject","inLanguage":"fr-FR","@id":"https:\/\/appsaf.apieproject.com\/news\/fr\/2023\/11\/27\/joseph-boakai-officiellement-elu-president-du-liberia\/#primaryimage","url":"https:\/\/appsaf.apieproject.com\/news\/wp-content\/uploads\/sites\/29\/2023\/11\/Screenshot_20231122_165713-947e922b5a2aaa227a0ff70154cc3378.jpg","contentUrl":"https:\/\/appsaf.apieproject.com\/news\/wp-content\/uploads\/sites\/29\/2023\/11\/Screenshot_20231122_165713-947e922b5a2aaa227a0ff70154cc3378.jpg","width":1080,"height":594},{"@type":"BreadcrumbList","@id":"https:\/\/appsaf.apieproject.com\/news\/fr\/2023\/11\/27\/joseph-boakai-officiellement-elu-president-du-liberia\/#breadcrumb","itemListElement":[{"@type":"ListItem","position":1,"name":"Home","item":"https:\/\/appsaf.apieproject.com\/news\/fr\/home\/"},{"@type":"ListItem","position":2,"name":"Joseph Boakai Officiellement \u00c9lu Pr\u00e9sident Du Liberia"}]},{"@type":"WebSite","@id":"https:\/\/appsaf.apieproject.com\/news\/#website","url":"https:\/\/appsaf.apieproject.com\/news\/","name":"APIE NEWS","description":"PANAFRICANISM NEWS PORTAL","publisher":{"@id":"https:\/\/appsaf.apieproject.com\/news\/#organization"},"potentialAction":[{"@type":"SearchAction","target":{"@type":"EntryPoint","urlTemplate":"https:\/\/appsaf.apieproject.com\/news\/?s={search_term_string}"},"query-input":{"@type":"PropertyValueSpecification","valueRequired":true,"valueName":"search_term_string"}}],"inLanguage":"fr-FR"},{"@type":"Organization","@id":"https:\/\/appsaf.apieproject.com\/news\/#organization","name":"APIE PROJECT","url":"https:\/\/appsaf.apieproject.com\/news\/","logo":{"@type":"ImageObject","inLanguage":"fr-FR","@id":"https:\/\/appsaf.apieproject.com\/news\/#\/schema\/logo\/image\/","url":"https:\/\/appsaf.apieproject.com\/news\/wp-content\/uploads\/sites\/29\/2022\/07\/logo-R-TransparentBackground.png","contentUrl":"https:\/\/appsaf.apieproject.com\/news\/wp-content\/uploads\/sites\/29\/2022\/07\/logo-R-TransparentBackground.png","width":512,"height":512,"caption":"APIE PROJECT"},"image":{"@id":"https:\/\/appsaf.apieproject.com\/news\/#\/schema\/logo\/image\/"},"sameAs":["https:\/\/facebook.com\/apieproject","https:\/\/x.com\/apieproject"]},{"@type":"Person","@id":"https:\/\/appsaf.apieproject.com\/news\/#\/schema\/person\/399517cac378948cd7b39086f9ddc2a7","name":"staff","image":{"@type":"ImageObject","inLanguage":"fr-FR","@id":"https:\/\/appsaf.apieproject.com\/news\/#\/schema\/person\/image\/","url":"https:\/\/secure.gravatar.com\/avatar\/5386283c5db150efe261184bd59f072a?s=96&d=mm&r=g","contentUrl":"https:\/\/secure.gravatar.com\/avatar\/5386283c5db150efe261184bd59f072a?s=96&d=mm&r=g","caption":"staff"},"url":"https:\/\/appsaf.apieproject.com\/news\/fr\/author\/staff\/"}]}},"_links":{"self":[{"href":"https:\/\/appsaf.apieproject.com\/news\/fr\/wp-json\/wp\/v2\/posts\/36091","targetHints":{"allow":["GET"]}}],"collection":[{"href":"https:\/\/appsaf.apieproject.com\/news\/fr\/wp-json\/wp\/v2\/posts"}],"about":[{"href":"https:\/\/appsaf.apieproject.com\/news\/fr\/wp-json\/wp\/v2\/types\/post"}],"author":[{"embeddable":true,"href":"https:\/\/appsaf.apieproject.com\/news\/fr\/wp-json\/wp\/v2\/users\/12963"}],"replies":[{"embeddable":true,"href":"https:\/\/appsaf.apieproject.com\/news\/fr\/wp-json\/wp\/v2\/comments?post=36091"}],"version-history":[{"count":1,"href":"https:\/\/appsaf.apieproject.com\/news\/fr\/wp-json\/wp\/v2\/posts\/36091\/revisions"}],"predecessor-version":[{"id":36832,"href":"https:\/\/appsaf.apieproject.com\/news\/fr\/wp-json\/wp\/v2\/posts\/36091\/revisions\/36832"}],"wp:featuredmedia":[{"embeddable":true,"href":"https:\/\/appsaf.apieproject.com\/news\/fr\/wp-json\/wp\/v2\/media\/36088"}],"wp:attachment":[{"href":"https:\/\/appsaf.apieproject.com\/news\/fr\/wp-json\/wp\/v2\/media?parent=36091"}],"wp:term":[{"taxonomy":"category","embeddable":true,"href":"https:\/\/appsaf.apieproject.com\/news\/fr\/wp-json\/wp\/v2\/categories?post=36091"},{"taxonomy":"post_tag","embeddable":true,"href":"https:\/\/appsaf.apieproject.com\/news\/fr\/wp-json\/wp\/v2\/tags?post=36091"}],"curies":[{"name":"wp","href":"https:\/\/api.w.org\/{rel}","templated":true}]}}