{"id":36131,"date":"2023-11-27T19:31:35","date_gmt":"2023-11-27T19:31:35","guid":{"rendered":"https:\/\/appsaf.apieproject.com\/news\/?p=36131"},"modified":"2023-11-27T19:31:36","modified_gmt":"2023-11-27T19:31:36","slug":"plaidoyer-pour-une-industrie-de-la-mode-au-senegal","status":"publish","type":"post","link":"https:\/\/appsaf.apieproject.com\/news\/fr\/2023\/11\/27\/plaidoyer-pour-une-industrie-de-la-mode-au-senegal\/","title":{"rendered":"Plaidoyer Pour Une Industrie De La Mode Au S\u00e9n\u00e9gal"},"content":{"rendered":"<p>La styliste s\u00e9n\u00e9galaise Coll\u00e9 Sow Ardo a plaid\u00e9, mardi, pour l\u2019av\u00e8nement d\u2019une v\u00e9ritable industrie de la mode au S\u00e9n\u00e9gal estimant qu\u2019en d\u00e9pit de la \u00bbcr\u00e9ativit\u00e9 \u00bb et \u00bbla qualit\u00e9\u2019\u2019, les cr\u00e9ateurs peinent \u00e0 vendre et exporter leurs produits.<\/p>\n<p>L\u2019industrie de la mode est vierge en Afrique et non pas seulement au S\u00e9n\u00e9gal, a d\u00e9plor\u00e9 Mme Sow, rappelant que le S\u00e9n\u00e9gal comptait jadis des entreprises de textiles telles que Icotaf, Sotiba-Simpafric, la Sod\u00e9fitex (une agro-industrie cotonni\u00e8re cr\u00e9\u00e9e en 1974 et implant\u00e9e dans les r\u00e9gions agro-\u00e9cologiques du S\u00e9n\u00e9gal oriental et en haute Casamance), entre autres.<\/p>\n<p>\u2018\u2019Nous devons nous mettre ensemble pour travailler dans ce domaine pour qu\u2019on ait des industries culturelles cr\u00e9atives de la mode. Cela on ne l\u2019a pas, pour dire qu\u2019il y a beaucoup \u00e0 faire\u2019\u2019, a-t-elle dit lors d\u2019une conf\u00e9rence de presse anim\u00e9e, mardi, \u00e0 son showroom espace Valy Sakhir sur la corniche ouest de Dakar.<\/p>\n<p>Elle a aussi d\u00e9fendu son secteur en invitant les pouvoir publics \u00e0 soutenir la mode devant la directrice des arts Khoudia Diagne<\/p>\n<p>\u2018\u2019Chacun travaille dans son atelier, on ne vend pas assez, il est difficile de faire dix mod\u00e8les par jour, on ne peut pas faire face \u00e0 certaines commandes faute d\u2019une industrie. Il y a beaucoup de cr\u00e9ativit\u00e9 au S\u00e9n\u00e9gal et ailleurs en Afrique, la qualit\u00e9 est l\u00e0. Il faut qu\u2019on ait cette industrie\u2019\u2019, a lanc\u00e9 Coll\u00e9 Sow Ardo.<\/p>\n<p>Elle estime que \u2018\u2019la mode est oubli\u00e9e\u2019\u2019 par les pouvoirs publics.<\/p>\n<p>La styliste note \u2018\u2019un manque de respect\u2019\u2019 vis-\u00e0-vis de ce secteur de la mode qui n\u2019a b\u00e9n\u00e9fici\u00e9 que de 25 millions de francs CfA pour faire face \u00e0 la Covid-19 au moment o\u00f9 d\u2019autres secteurs de la culture ont re\u00e7u 1 milliard ou 500 millions de francs CFA.<\/p>\n<p>\u2018\u2019J\u2019ai refus\u00e9 de prendre cet argent. J\u2019ai confectionn\u00e9 des masques que j\u2019ai offerts. Il faut rectifier cela\u2019\u2019, a-t-elle dit en estimant que la mode est une niche de 40 m\u00e9tiers.<\/p>\n<p>La styliste va comm\u00e9morer les 40 ans de sa marque du 25 novembre au 3 d\u00e9cembre sous le signe de la transmission.<\/p>\n<p>La directrice des arts Khoudia Diagne a promis que la nouvelle Lettre de politique sectorielle prendra en compte les industries culturelles et cr\u00e9atives.<\/p>\n<p>Elle a conseill\u00e9 aux stylistes d\u2019\u00e9crire leurs projets et de les soumettre au minist\u00e8re de la Culture et du Patrimoine Historique.<\/p>\n","protected":false},"excerpt":{"rendered":"<p>La styliste s\u00e9n\u00e9galaise Coll\u00e9 Sow Ardo a plaid\u00e9, mardi, pour l\u2019av\u00e8nement d\u2019une v\u00e9ritable industrie de la mode au S\u00e9n\u00e9gal estimant qu\u2019en d\u00e9pit de la \u00bbcr\u00e9ativit\u00e9 \u00bb et \u00bbla qualit\u00e9\u2019\u2019, les cr\u00e9ateurs peinent \u00e0 vendre et exporter leurs produits.<\/p>\n","protected":false},"author":12963,"featured_media":36128,"comment_status":"open","ping_status":"open","sticky":false,"template":"","format":"standard","meta":{"footnotes":""},"categories":[57,63],"tags":[78,95,94],"class_list":{"0":"post-36131","1":"post","2":"type-post","3":"status-publish","4":"format-standard","5":"has-post-thumbnail","7":"category-mode","8":"category-mode-de-vie","9":"tag-apie-project-2","10":"tag-mode","11":"tag-mode-de-vie"},"yoast_head":"<!-- This site is optimized with the Yoast SEO plugin v24.4 - https:\/\/yoast.com\/wordpress\/plugins\/seo\/ -->\n<title>Plaidoyer Pour Une Industrie De La Mode Au S\u00e9n\u00e9gal - APIE NEWS<\/title>\n<meta name=\"robots\" content=\"index, follow, max-snippet:-1, max-image-preview:large, max-video-preview:-1\" \/>\n<link rel=\"canonical\" href=\"https:\/\/appsaf.apieproject.com\/news\/fr\/2023\/11\/27\/plaidoyer-pour-une-industrie-de-la-mode-au-senegal\/\" \/>\n<meta property=\"og:locale\" content=\"fr_FR\" \/>\n<meta property=\"og:type\" content=\"article\" \/>\n<meta property=\"og:title\" content=\"Plaidoyer Pour Une Industrie De La Mode Au S\u00e9n\u00e9gal - APIE NEWS\" \/>\n<meta property=\"og:description\" content=\"La styliste s\u00e9n\u00e9galaise Coll\u00e9 Sow Ardo a plaid\u00e9, mardi, pour l\u2019av\u00e8nement d\u2019une v\u00e9ritable industrie de la mode au S\u00e9n\u00e9gal estimant qu\u2019en d\u00e9pit de la \u00bbcr\u00e9ativit\u00e9 \u00bb et \u00bbla qualit\u00e9\u2019\u2019, les cr\u00e9ateurs peinent \u00e0 vendre et exporter leurs produits.\" \/>\n<meta property=\"og:url\" content=\"https:\/\/appsaf.apieproject.com\/news\/fr\/2023\/11\/27\/plaidoyer-pour-une-industrie-de-la-mode-au-senegal\/\" \/>\n<meta property=\"og:site_name\" content=\"APIE NEWS\" \/>\n<meta property=\"article:publisher\" content=\"https:\/\/facebook.com\/apieproject\" \/>\n<meta property=\"article:published_time\" content=\"2023-11-27T19:31:35+00:00\" \/>\n<meta property=\"article:modified_time\" content=\"2023-11-27T19:31:36+00:00\" \/>\n<meta property=\"og:image\" content=\"https:\/\/appsaf.apieproject.com\/news\/wp-content\/uploads\/sites\/29\/2023\/11\/maxresdefault_97-127e13535d914aa660713bb9f75e45bd.jpg\" \/>\n\t<meta property=\"og:image:width\" content=\"800\" \/>\n\t<meta property=\"og:image:height\" content=\"450\" \/>\n\t<meta property=\"og:image:type\" content=\"image\/jpeg\" \/>\n<meta name=\"author\" content=\"staff\" \/>\n<meta name=\"twitter:card\" content=\"summary_large_image\" \/>\n<meta name=\"twitter:creator\" content=\"@apieproject\" \/>\n<meta name=\"twitter:site\" content=\"@apieproject\" \/>\n<meta name=\"twitter:label1\" content=\"\u00c9crit par\" \/>\n\t<meta name=\"twitter:data1\" content=\"staff\" \/>\n\t<meta name=\"twitter:label2\" content=\"Dur\u00e9e de lecture estim\u00e9e\" \/>\n\t<meta name=\"twitter:data2\" content=\"2 minutes\" \/>\n<script type=\"application\/ld+json\" class=\"yoast-schema-graph\">{\"@context\":\"https:\/\/schema.org\",\"@graph\":[{\"@type\":\"Article\",\"@id\":\"https:\/\/appsaf.apieproject.com\/news\/fr\/2023\/11\/27\/plaidoyer-pour-une-industrie-de-la-mode-au-senegal\/#article\",\"isPartOf\":{\"@id\":\"https:\/\/appsaf.apieproject.com\/news\/fr\/2023\/11\/27\/plaidoyer-pour-une-industrie-de-la-mode-au-senegal\/\"},\"author\":{\"name\":\"staff\",\"@id\":\"https:\/\/appsaf.apieproject.com\/news\/#\/schema\/person\/399517cac378948cd7b39086f9ddc2a7\"},\"headline\":\"Plaidoyer Pour Une Industrie De La Mode Au S\u00e9n\u00e9gal\",\"datePublished\":\"2023-11-27T19:31:35+00:00\",\"dateModified\":\"2023-11-27T19:31:36+00:00\",\"mainEntityOfPage\":{\"@id\":\"https:\/\/appsaf.apieproject.com\/news\/fr\/2023\/11\/27\/plaidoyer-pour-une-industrie-de-la-mode-au-senegal\/\"},\"wordCount\":434,\"commentCount\":0,\"publisher\":{\"@id\":\"https:\/\/appsaf.apieproject.com\/news\/#organization\"},\"image\":{\"@id\":\"https:\/\/appsaf.apieproject.com\/news\/fr\/2023\/11\/27\/plaidoyer-pour-une-industrie-de-la-mode-au-senegal\/#primaryimage\"},\"thumbnailUrl\":\"https:\/\/appsaf.apieproject.com\/news\/wp-content\/uploads\/sites\/29\/2023\/11\/maxresdefault_97-127e13535d914aa660713bb9f75e45bd.jpg\",\"keywords\":[\"apie project\",\"mode\",\"mode de vie\"],\"articleSection\":[\"Mode\",\"Mode de Vie\"],\"inLanguage\":\"fr-FR\",\"potentialAction\":[{\"@type\":\"CommentAction\",\"name\":\"Comment\",\"target\":[\"https:\/\/appsaf.apieproject.com\/news\/fr\/2023\/11\/27\/plaidoyer-pour-une-industrie-de-la-mode-au-senegal\/#respond\"]}]},{\"@type\":\"WebPage\",\"@id\":\"https:\/\/appsaf.apieproject.com\/news\/fr\/2023\/11\/27\/plaidoyer-pour-une-industrie-de-la-mode-au-senegal\/\",\"url\":\"https:\/\/appsaf.apieproject.com\/news\/fr\/2023\/11\/27\/plaidoyer-pour-une-industrie-de-la-mode-au-senegal\/\",\"name\":\"Plaidoyer Pour Une Industrie De La Mode Au S\u00e9n\u00e9gal - APIE NEWS\",\"isPartOf\":{\"@id\":\"https:\/\/appsaf.apieproject.com\/news\/#website\"},\"primaryImageOfPage\":{\"@id\":\"https:\/\/appsaf.apieproject.com\/news\/fr\/2023\/11\/27\/plaidoyer-pour-une-industrie-de-la-mode-au-senegal\/#primaryimage\"},\"image\":{\"@id\":\"https:\/\/appsaf.apieproject.com\/news\/fr\/2023\/11\/27\/plaidoyer-pour-une-industrie-de-la-mode-au-senegal\/#primaryimage\"},\"thumbnailUrl\":\"https:\/\/appsaf.apieproject.com\/news\/wp-content\/uploads\/sites\/29\/2023\/11\/maxresdefault_97-127e13535d914aa660713bb9f75e45bd.jpg\",\"datePublished\":\"2023-11-27T19:31:35+00:00\",\"dateModified\":\"2023-11-27T19:31:36+00:00\",\"breadcrumb\":{\"@id\":\"https:\/\/appsaf.apieproject.com\/news\/fr\/2023\/11\/27\/plaidoyer-pour-une-industrie-de-la-mode-au-senegal\/#breadcrumb\"},\"inLanguage\":\"fr-FR\",\"potentialAction\":[{\"@type\":\"ReadAction\",\"target\":[\"https:\/\/appsaf.apieproject.com\/news\/fr\/2023\/11\/27\/plaidoyer-pour-une-industrie-de-la-mode-au-senegal\/\"]}]},{\"@type\":\"ImageObject\",\"inLanguage\":\"fr-FR\",\"@id\":\"https:\/\/appsaf.apieproject.com\/news\/fr\/2023\/11\/27\/plaidoyer-pour-une-industrie-de-la-mode-au-senegal\/#primaryimage\",\"url\":\"https:\/\/appsaf.apieproject.com\/news\/wp-content\/uploads\/sites\/29\/2023\/11\/maxresdefault_97-127e13535d914aa660713bb9f75e45bd.jpg\",\"contentUrl\":\"https:\/\/appsaf.apieproject.com\/news\/wp-content\/uploads\/sites\/29\/2023\/11\/maxresdefault_97-127e13535d914aa660713bb9f75e45bd.jpg\",\"width\":800,\"height\":450},{\"@type\":\"BreadcrumbList\",\"@id\":\"https:\/\/appsaf.apieproject.com\/news\/fr\/2023\/11\/27\/plaidoyer-pour-une-industrie-de-la-mode-au-senegal\/#breadcrumb\",\"itemListElement\":[{\"@type\":\"ListItem\",\"position\":1,\"name\":\"Home\",\"item\":\"https:\/\/appsaf.apieproject.com\/news\/fr\/home\/\"},{\"@type\":\"ListItem\",\"position\":2,\"name\":\"Plaidoyer Pour Une Industrie De La Mode Au S\u00e9n\u00e9gal\"}]},{\"@type\":\"WebSite\",\"@id\":\"https:\/\/appsaf.apieproject.com\/news\/#website\",\"url\":\"https:\/\/appsaf.apieproject.com\/news\/\",\"name\":\"APIE NEWS\",\"description\":\"PANAFRICANISM NEWS PORTAL\",\"publisher\":{\"@id\":\"https:\/\/appsaf.apieproject.com\/news\/#organization\"},\"potentialAction\":[{\"@type\":\"SearchAction\",\"target\":{\"@type\":\"EntryPoint\",\"urlTemplate\":\"https:\/\/appsaf.apieproject.com\/news\/?s={search_term_string}\"},\"query-input\":{\"@type\":\"PropertyValueSpecification\",\"valueRequired\":true,\"valueName\":\"search_term_string\"}}],\"inLanguage\":\"fr-FR\"},{\"@type\":\"Organization\",\"@id\":\"https:\/\/appsaf.apieproject.com\/news\/#organization\",\"name\":\"APIE PROJECT\",\"url\":\"https:\/\/appsaf.apieproject.com\/news\/\",\"logo\":{\"@type\":\"ImageObject\",\"inLanguage\":\"fr-FR\",\"@id\":\"https:\/\/appsaf.apieproject.com\/news\/#\/schema\/logo\/image\/\",\"url\":\"https:\/\/appsaf.apieproject.com\/news\/wp-content\/uploads\/sites\/29\/2022\/07\/logo-R-TransparentBackground.png\",\"contentUrl\":\"https:\/\/appsaf.apieproject.com\/news\/wp-content\/uploads\/sites\/29\/2022\/07\/logo-R-TransparentBackground.png\",\"width\":512,\"height\":512,\"caption\":\"APIE PROJECT\"},\"image\":{\"@id\":\"https:\/\/appsaf.apieproject.com\/news\/#\/schema\/logo\/image\/\"},\"sameAs\":[\"https:\/\/facebook.com\/apieproject\",\"https:\/\/x.com\/apieproject\"]},{\"@type\":\"Person\",\"@id\":\"https:\/\/appsaf.apieproject.com\/news\/#\/schema\/person\/399517cac378948cd7b39086f9ddc2a7\",\"name\":\"staff\",\"image\":{\"@type\":\"ImageObject\",\"inLanguage\":\"fr-FR\",\"@id\":\"https:\/\/appsaf.apieproject.com\/news\/#\/schema\/person\/image\/\",\"url\":\"https:\/\/secure.gravatar.com\/avatar\/5386283c5db150efe261184bd59f072a?s=96&d=mm&r=g\",\"contentUrl\":\"https:\/\/secure.gravatar.com\/avatar\/5386283c5db150efe261184bd59f072a?s=96&d=mm&r=g\",\"caption\":\"staff\"},\"url\":\"https:\/\/appsaf.apieproject.com\/news\/fr\/author\/staff\/\"}]}<\/script>\n<!-- \/ Yoast SEO plugin. -->","yoast_head_json":{"title":"Plaidoyer Pour Une Industrie De La Mode Au S\u00e9n\u00e9gal - APIE NEWS","robots":{"index":"index","follow":"follow","max-snippet":"max-snippet:-1","max-image-preview":"max-image-preview:large","max-video-preview":"max-video-preview:-1"},"canonical":"https:\/\/appsaf.apieproject.com\/news\/fr\/2023\/11\/27\/plaidoyer-pour-une-industrie-de-la-mode-au-senegal\/","og_locale":"fr_FR","og_type":"article","og_title":"Plaidoyer Pour Une Industrie De La Mode Au S\u00e9n\u00e9gal - APIE NEWS","og_description":"La styliste s\u00e9n\u00e9galaise Coll\u00e9 Sow Ardo a plaid\u00e9, mardi, pour l\u2019av\u00e8nement d\u2019une v\u00e9ritable industrie de la mode au S\u00e9n\u00e9gal estimant qu\u2019en d\u00e9pit de la \u00bbcr\u00e9ativit\u00e9 \u00bb et \u00bbla qualit\u00e9\u2019\u2019, les cr\u00e9ateurs peinent \u00e0 vendre et exporter leurs produits.","og_url":"https:\/\/appsaf.apieproject.com\/news\/fr\/2023\/11\/27\/plaidoyer-pour-une-industrie-de-la-mode-au-senegal\/","og_site_name":"APIE NEWS","article_publisher":"https:\/\/facebook.com\/apieproject","article_published_time":"2023-11-27T19:31:35+00:00","article_modified_time":"2023-11-27T19:31:36+00:00","og_image":[{"width":800,"height":450,"url":"https:\/\/appsaf.apieproject.com\/news\/wp-content\/uploads\/sites\/29\/2023\/11\/maxresdefault_97-127e13535d914aa660713bb9f75e45bd.jpg","type":"image\/jpeg"}],"author":"staff","twitter_card":"summary_large_image","twitter_creator":"@apieproject","twitter_site":"@apieproject","twitter_misc":{"\u00c9crit par":"staff","Dur\u00e9e de lecture estim\u00e9e":"2 minutes"},"schema":{"@context":"https:\/\/schema.org","@graph":[{"@type":"Article","@id":"https:\/\/appsaf.apieproject.com\/news\/fr\/2023\/11\/27\/plaidoyer-pour-une-industrie-de-la-mode-au-senegal\/#article","isPartOf":{"@id":"https:\/\/appsaf.apieproject.com\/news\/fr\/2023\/11\/27\/plaidoyer-pour-une-industrie-de-la-mode-au-senegal\/"},"author":{"name":"staff","@id":"https:\/\/appsaf.apieproject.com\/news\/#\/schema\/person\/399517cac378948cd7b39086f9ddc2a7"},"headline":"Plaidoyer Pour Une Industrie De La Mode Au S\u00e9n\u00e9gal","datePublished":"2023-11-27T19:31:35+00:00","dateModified":"2023-11-27T19:31:36+00:00","mainEntityOfPage":{"@id":"https:\/\/appsaf.apieproject.com\/news\/fr\/2023\/11\/27\/plaidoyer-pour-une-industrie-de-la-mode-au-senegal\/"},"wordCount":434,"commentCount":0,"publisher":{"@id":"https:\/\/appsaf.apieproject.com\/news\/#organization"},"image":{"@id":"https:\/\/appsaf.apieproject.com\/news\/fr\/2023\/11\/27\/plaidoyer-pour-une-industrie-de-la-mode-au-senegal\/#primaryimage"},"thumbnailUrl":"https:\/\/appsaf.apieproject.com\/news\/wp-content\/uploads\/sites\/29\/2023\/11\/maxresdefault_97-127e13535d914aa660713bb9f75e45bd.jpg","keywords":["apie project","mode","mode de vie"],"articleSection":["Mode","Mode de Vie"],"inLanguage":"fr-FR","potentialAction":[{"@type":"CommentAction","name":"Comment","target":["https:\/\/appsaf.apieproject.com\/news\/fr\/2023\/11\/27\/plaidoyer-pour-une-industrie-de-la-mode-au-senegal\/#respond"]}]},{"@type":"WebPage","@id":"https:\/\/appsaf.apieproject.com\/news\/fr\/2023\/11\/27\/plaidoyer-pour-une-industrie-de-la-mode-au-senegal\/","url":"https:\/\/appsaf.apieproject.com\/news\/fr\/2023\/11\/27\/plaidoyer-pour-une-industrie-de-la-mode-au-senegal\/","name":"Plaidoyer Pour Une Industrie De La Mode Au S\u00e9n\u00e9gal - APIE NEWS","isPartOf":{"@id":"https:\/\/appsaf.apieproject.com\/news\/#website"},"primaryImageOfPage":{"@id":"https:\/\/appsaf.apieproject.com\/news\/fr\/2023\/11\/27\/plaidoyer-pour-une-industrie-de-la-mode-au-senegal\/#primaryimage"},"image":{"@id":"https:\/\/appsaf.apieproject.com\/news\/fr\/2023\/11\/27\/plaidoyer-pour-une-industrie-de-la-mode-au-senegal\/#primaryimage"},"thumbnailUrl":"https:\/\/appsaf.apieproject.com\/news\/wp-content\/uploads\/sites\/29\/2023\/11\/maxresdefault_97-127e13535d914aa660713bb9f75e45bd.jpg","datePublished":"2023-11-27T19:31:35+00:00","dateModified":"2023-11-27T19:31:36+00:00","breadcrumb":{"@id":"https:\/\/appsaf.apieproject.com\/news\/fr\/2023\/11\/27\/plaidoyer-pour-une-industrie-de-la-mode-au-senegal\/#breadcrumb"},"inLanguage":"fr-FR","potentialAction":[{"@type":"ReadAction","target":["https:\/\/appsaf.apieproject.com\/news\/fr\/2023\/11\/27\/plaidoyer-pour-une-industrie-de-la-mode-au-senegal\/"]}]},{"@type":"ImageObject","inLanguage":"fr-FR","@id":"https:\/\/appsaf.apieproject.com\/news\/fr\/2023\/11\/27\/plaidoyer-pour-une-industrie-de-la-mode-au-senegal\/#primaryimage","url":"https:\/\/appsaf.apieproject.com\/news\/wp-content\/uploads\/sites\/29\/2023\/11\/maxresdefault_97-127e13535d914aa660713bb9f75e45bd.jpg","contentUrl":"https:\/\/appsaf.apieproject.com\/news\/wp-content\/uploads\/sites\/29\/2023\/11\/maxresdefault_97-127e13535d914aa660713bb9f75e45bd.jpg","width":800,"height":450},{"@type":"BreadcrumbList","@id":"https:\/\/appsaf.apieproject.com\/news\/fr\/2023\/11\/27\/plaidoyer-pour-une-industrie-de-la-mode-au-senegal\/#breadcrumb","itemListElement":[{"@type":"ListItem","position":1,"name":"Home","item":"https:\/\/appsaf.apieproject.com\/news\/fr\/home\/"},{"@type":"ListItem","position":2,"name":"Plaidoyer Pour Une Industrie De La Mode Au S\u00e9n\u00e9gal"}]},{"@type":"WebSite","@id":"https:\/\/appsaf.apieproject.com\/news\/#website","url":"https:\/\/appsaf.apieproject.com\/news\/","name":"APIE NEWS","description":"PANAFRICANISM NEWS PORTAL","publisher":{"@id":"https:\/\/appsaf.apieproject.com\/news\/#organization"},"potentialAction":[{"@type":"SearchAction","target":{"@type":"EntryPoint","urlTemplate":"https:\/\/appsaf.apieproject.com\/news\/?s={search_term_string}"},"query-input":{"@type":"PropertyValueSpecification","valueRequired":true,"valueName":"search_term_string"}}],"inLanguage":"fr-FR"},{"@type":"Organization","@id":"https:\/\/appsaf.apieproject.com\/news\/#organization","name":"APIE PROJECT","url":"https:\/\/appsaf.apieproject.com\/news\/","logo":{"@type":"ImageObject","inLanguage":"fr-FR","@id":"https:\/\/appsaf.apieproject.com\/news\/#\/schema\/logo\/image\/","url":"https:\/\/appsaf.apieproject.com\/news\/wp-content\/uploads\/sites\/29\/2022\/07\/logo-R-TransparentBackground.png","contentUrl":"https:\/\/appsaf.apieproject.com\/news\/wp-content\/uploads\/sites\/29\/2022\/07\/logo-R-TransparentBackground.png","width":512,"height":512,"caption":"APIE PROJECT"},"image":{"@id":"https:\/\/appsaf.apieproject.com\/news\/#\/schema\/logo\/image\/"},"sameAs":["https:\/\/facebook.com\/apieproject","https:\/\/x.com\/apieproject"]},{"@type":"Person","@id":"https:\/\/appsaf.apieproject.com\/news\/#\/schema\/person\/399517cac378948cd7b39086f9ddc2a7","name":"staff","image":{"@type":"ImageObject","inLanguage":"fr-FR","@id":"https:\/\/appsaf.apieproject.com\/news\/#\/schema\/person\/image\/","url":"https:\/\/secure.gravatar.com\/avatar\/5386283c5db150efe261184bd59f072a?s=96&d=mm&r=g","contentUrl":"https:\/\/secure.gravatar.com\/avatar\/5386283c5db150efe261184bd59f072a?s=96&d=mm&r=g","caption":"staff"},"url":"https:\/\/appsaf.apieproject.com\/news\/fr\/author\/staff\/"}]}},"_links":{"self":[{"href":"https:\/\/appsaf.apieproject.com\/news\/fr\/wp-json\/wp\/v2\/posts\/36131","targetHints":{"allow":["GET"]}}],"collection":[{"href":"https:\/\/appsaf.apieproject.com\/news\/fr\/wp-json\/wp\/v2\/posts"}],"about":[{"href":"https:\/\/appsaf.apieproject.com\/news\/fr\/wp-json\/wp\/v2\/types\/post"}],"author":[{"embeddable":true,"href":"https:\/\/appsaf.apieproject.com\/news\/fr\/wp-json\/wp\/v2\/users\/12963"}],"replies":[{"embeddable":true,"href":"https:\/\/appsaf.apieproject.com\/news\/fr\/wp-json\/wp\/v2\/comments?post=36131"}],"version-history":[{"count":1,"href":"https:\/\/appsaf.apieproject.com\/news\/fr\/wp-json\/wp\/v2\/posts\/36131\/revisions"}],"predecessor-version":[{"id":36815,"href":"https:\/\/appsaf.apieproject.com\/news\/fr\/wp-json\/wp\/v2\/posts\/36131\/revisions\/36815"}],"wp:featuredmedia":[{"embeddable":true,"href":"https:\/\/appsaf.apieproject.com\/news\/fr\/wp-json\/wp\/v2\/media\/36128"}],"wp:attachment":[{"href":"https:\/\/appsaf.apieproject.com\/news\/fr\/wp-json\/wp\/v2\/media?parent=36131"}],"wp:term":[{"taxonomy":"category","embeddable":true,"href":"https:\/\/appsaf.apieproject.com\/news\/fr\/wp-json\/wp\/v2\/categories?post=36131"},{"taxonomy":"post_tag","embeddable":true,"href":"https:\/\/appsaf.apieproject.com\/news\/fr\/wp-json\/wp\/v2\/tags?post=36131"}],"curies":[{"name":"wp","href":"https:\/\/api.w.org\/{rel}","templated":true}]}}