{"id":36135,"date":"2023-11-27T19:30:07","date_gmt":"2023-11-27T19:30:07","guid":{"rendered":"https:\/\/appsaf.apieproject.com\/news\/?p=36135"},"modified":"2023-11-27T19:30:10","modified_gmt":"2023-11-27T19:30:10","slug":"mode-la-fashion-week-reportee-en-avril-2024","status":"publish","type":"post","link":"https:\/\/appsaf.apieproject.com\/news\/fr\/2023\/11\/27\/mode-la-fashion-week-reportee-en-avril-2024\/","title":{"rendered":"Mode : La Fashion Week Report\u00e9e En Avril 2024"},"content":{"rendered":"<p>Cette d\u00e9cision a \u00e9t\u00e9 prise en consultation avec les partenaires et le minist\u00e8re de la Culture et de la Francophonie qui assure le parrainage de cet \u00e9v\u00e8nement. Elle vise \u00e0 renforcer l\u2019impact et l\u2019envergure de l\u2019\u00e9v\u00e9nement.<\/p>\n<p>Sous la direction artistique de M. Elie Kuame, fondateur de la maison de couture \u00e9ponyme, et avec le soutien du minist\u00e8re de la Culture et de la Francophonie, la Fashion Week By Elie Kuame vise \u00e0 mettre en lumi\u00e8re l\u2019\u00e9cosyst\u00e8me de la mode africaine, ses cr\u00e9ateurs et les savoir-faire artisanaux d\u2019exception.<\/p>\n<p>Elle vise \u00e0 stimuler les \u00e9changes, favoriser la collaboration autour des sujets et enjeux strat\u00e9giques li\u00e9s au secteur du luxe en Afrique et \u00e0 sensibiliser les pouvoirs publics et les investisseurs \u00e0 l&rsquo;importance de valoriser et d&rsquo;accompagner l&rsquo;industrie de la mode dans les pays africains.<\/p>\n<p>Plusieurs raisons militent en faveur de ce report, avec en toile de fond l\u2019organisation de la Coupe d&rsquo;Afrique des nations de football (Can 2023), le report de ses dates, passant du 5 au 10 d\u00e9cembre 2023 en avril 2024 pr\u00e9cis\u00e9ment du 17 au 21 avril.<\/p>\n<p>Mais aussi le minist\u00e8re de la Culture et de la Francophonie qui veut offrir une opportunit\u00e9 unique d&rsquo;\u00e9largir le rayonnement de l\u2019\u00e9v\u00e9nement et une exp\u00e9rience plus riche, plus dynamique pour tous les participants, tout en consolidant la position de la C\u00f4te d\u2019Ivoire sur la sc\u00e8ne mondiale de la mode.<\/p>\n<p>\u00ab\u00a0Le report de notre Fashion Week repr\u00e9sente une occasion exceptionnelle d&rsquo;\u00e9lever nos ambitions et de cr\u00e9er un \u00e9v\u00e9nement qui transcende les fronti\u00e8res. Nous comprenons que ce report puisse susciter des questions, mais nous tenons \u00e0 rassurer notre pr\u00e9cieuse communaut\u00e9 et nos partenaires que cette d\u00e9cision est guid\u00e9e par notre engagement ind\u00e9fectible envers Elie Kuame, \u00e9minent designer et fondateur de la maison de couture \u00e9ponyme.<\/p>\n<p>Il importe de pr\u00e9ciser que malgr\u00e9 le changement de dates de l\u2019\u00e9v\u00e9nement, le programme reste inchang\u00e9.<\/p>\n","protected":false},"excerpt":{"rendered":"<p>Annonc\u00e9e pour se tenir du 5 au 10 d\u00e9cembre 2023, la Fashion Week By Elie Kuame aura lieu finalement du 17 au 21 avril 2024. L\u2019information \u00e9mane des organisateurs de cet \u00e9v\u00e8nement \u00e0 travers un communiqu\u00e9 dont nous avons re\u00e7u copie.<\/p>\n","protected":false},"author":12963,"featured_media":36132,"comment_status":"open","ping_status":"open","sticky":false,"template":"","format":"standard","meta":{"footnotes":""},"categories":[57,63],"tags":[78,95,94],"class_list":{"0":"post-36135","1":"post","2":"type-post","3":"status-publish","4":"format-standard","5":"has-post-thumbnail","7":"category-mode","8":"category-mode-de-vie","9":"tag-apie-project-2","10":"tag-mode","11":"tag-mode-de-vie"},"yoast_head":"<!-- This site is optimized with the Yoast SEO plugin v24.4 - https:\/\/yoast.com\/wordpress\/plugins\/seo\/ -->\n<title>Mode : La Fashion Week Report\u00e9e En Avril 2024 - APIE NEWS<\/title>\n<meta name=\"robots\" content=\"index, follow, max-snippet:-1, max-image-preview:large, max-video-preview:-1\" \/>\n<link rel=\"canonical\" href=\"https:\/\/appsaf.apieproject.com\/news\/fr\/2023\/11\/27\/mode-la-fashion-week-reportee-en-avril-2024\/\" \/>\n<meta property=\"og:locale\" content=\"fr_FR\" \/>\n<meta property=\"og:type\" content=\"article\" \/>\n<meta property=\"og:title\" content=\"Mode : La Fashion Week Report\u00e9e En Avril 2024 - APIE NEWS\" \/>\n<meta property=\"og:description\" content=\"Annonc\u00e9e pour se tenir du 5 au 10 d\u00e9cembre 2023, la Fashion Week By Elie Kuame aura lieu finalement du 17 au 21 avril 2024. L\u2019information \u00e9mane des organisateurs de cet \u00e9v\u00e8nement \u00e0 travers un communiqu\u00e9 dont nous avons re\u00e7u copie.\" \/>\n<meta property=\"og:url\" content=\"https:\/\/appsaf.apieproject.com\/news\/fr\/2023\/11\/27\/mode-la-fashion-week-reportee-en-avril-2024\/\" \/>\n<meta property=\"og:site_name\" content=\"APIE NEWS\" \/>\n<meta property=\"article:publisher\" content=\"https:\/\/facebook.com\/apieproject\" \/>\n<meta property=\"article:published_time\" content=\"2023-11-27T19:30:07+00:00\" \/>\n<meta property=\"article:modified_time\" content=\"2023-11-27T19:30:10+00:00\" \/>\n<meta property=\"og:image\" content=\"https:\/\/appsaf.apieproject.com\/news\/wp-content\/uploads\/sites\/29\/2023\/11\/telechargement-8258aa08df137405c8f6b17de5a195ad.jpeg\" \/>\n\t<meta property=\"og:image:width\" content=\"400\" \/>\n\t<meta property=\"og:image:height\" content=\"228\" \/>\n\t<meta property=\"og:image:type\" content=\"image\/jpeg\" \/>\n<meta name=\"author\" content=\"staff\" \/>\n<meta name=\"twitter:card\" content=\"summary_large_image\" \/>\n<meta name=\"twitter:creator\" content=\"@apieproject\" \/>\n<meta name=\"twitter:site\" content=\"@apieproject\" \/>\n<meta name=\"twitter:label1\" content=\"\u00c9crit par\" \/>\n\t<meta name=\"twitter:data1\" content=\"staff\" \/>\n\t<meta name=\"twitter:label2\" content=\"Dur\u00e9e de lecture estim\u00e9e\" \/>\n\t<meta name=\"twitter:data2\" content=\"2 minutes\" \/>\n<script type=\"application\/ld+json\" class=\"yoast-schema-graph\">{\"@context\":\"https:\/\/schema.org\",\"@graph\":[{\"@type\":\"Article\",\"@id\":\"https:\/\/appsaf.apieproject.com\/news\/fr\/2023\/11\/27\/mode-la-fashion-week-reportee-en-avril-2024\/#article\",\"isPartOf\":{\"@id\":\"https:\/\/appsaf.apieproject.com\/news\/fr\/2023\/11\/27\/mode-la-fashion-week-reportee-en-avril-2024\/\"},\"author\":{\"name\":\"staff\",\"@id\":\"https:\/\/appsaf.apieproject.com\/news\/#\/schema\/person\/399517cac378948cd7b39086f9ddc2a7\"},\"headline\":\"Mode : La Fashion Week Report\u00e9e En Avril 2024\",\"datePublished\":\"2023-11-27T19:30:07+00:00\",\"dateModified\":\"2023-11-27T19:30:10+00:00\",\"mainEntityOfPage\":{\"@id\":\"https:\/\/appsaf.apieproject.com\/news\/fr\/2023\/11\/27\/mode-la-fashion-week-reportee-en-avril-2024\/\"},\"wordCount\":344,\"commentCount\":0,\"publisher\":{\"@id\":\"https:\/\/appsaf.apieproject.com\/news\/#organization\"},\"image\":{\"@id\":\"https:\/\/appsaf.apieproject.com\/news\/fr\/2023\/11\/27\/mode-la-fashion-week-reportee-en-avril-2024\/#primaryimage\"},\"thumbnailUrl\":\"https:\/\/appsaf.apieproject.com\/news\/wp-content\/uploads\/sites\/29\/2023\/11\/telechargement-8258aa08df137405c8f6b17de5a195ad.jpeg\",\"keywords\":[\"apie project\",\"mode\",\"mode de vie\"],\"articleSection\":[\"Mode\",\"Mode de Vie\"],\"inLanguage\":\"fr-FR\",\"potentialAction\":[{\"@type\":\"CommentAction\",\"name\":\"Comment\",\"target\":[\"https:\/\/appsaf.apieproject.com\/news\/fr\/2023\/11\/27\/mode-la-fashion-week-reportee-en-avril-2024\/#respond\"]}]},{\"@type\":\"WebPage\",\"@id\":\"https:\/\/appsaf.apieproject.com\/news\/fr\/2023\/11\/27\/mode-la-fashion-week-reportee-en-avril-2024\/\",\"url\":\"https:\/\/appsaf.apieproject.com\/news\/fr\/2023\/11\/27\/mode-la-fashion-week-reportee-en-avril-2024\/\",\"name\":\"Mode : La Fashion Week Report\u00e9e En Avril 2024 - APIE NEWS\",\"isPartOf\":{\"@id\":\"https:\/\/appsaf.apieproject.com\/news\/#website\"},\"primaryImageOfPage\":{\"@id\":\"https:\/\/appsaf.apieproject.com\/news\/fr\/2023\/11\/27\/mode-la-fashion-week-reportee-en-avril-2024\/#primaryimage\"},\"image\":{\"@id\":\"https:\/\/appsaf.apieproject.com\/news\/fr\/2023\/11\/27\/mode-la-fashion-week-reportee-en-avril-2024\/#primaryimage\"},\"thumbnailUrl\":\"https:\/\/appsaf.apieproject.com\/news\/wp-content\/uploads\/sites\/29\/2023\/11\/telechargement-8258aa08df137405c8f6b17de5a195ad.jpeg\",\"datePublished\":\"2023-11-27T19:30:07+00:00\",\"dateModified\":\"2023-11-27T19:30:10+00:00\",\"breadcrumb\":{\"@id\":\"https:\/\/appsaf.apieproject.com\/news\/fr\/2023\/11\/27\/mode-la-fashion-week-reportee-en-avril-2024\/#breadcrumb\"},\"inLanguage\":\"fr-FR\",\"potentialAction\":[{\"@type\":\"ReadAction\",\"target\":[\"https:\/\/appsaf.apieproject.com\/news\/fr\/2023\/11\/27\/mode-la-fashion-week-reportee-en-avril-2024\/\"]}]},{\"@type\":\"ImageObject\",\"inLanguage\":\"fr-FR\",\"@id\":\"https:\/\/appsaf.apieproject.com\/news\/fr\/2023\/11\/27\/mode-la-fashion-week-reportee-en-avril-2024\/#primaryimage\",\"url\":\"https:\/\/appsaf.apieproject.com\/news\/wp-content\/uploads\/sites\/29\/2023\/11\/telechargement-8258aa08df137405c8f6b17de5a195ad.jpeg\",\"contentUrl\":\"https:\/\/appsaf.apieproject.com\/news\/wp-content\/uploads\/sites\/29\/2023\/11\/telechargement-8258aa08df137405c8f6b17de5a195ad.jpeg\",\"width\":400,\"height\":228},{\"@type\":\"BreadcrumbList\",\"@id\":\"https:\/\/appsaf.apieproject.com\/news\/fr\/2023\/11\/27\/mode-la-fashion-week-reportee-en-avril-2024\/#breadcrumb\",\"itemListElement\":[{\"@type\":\"ListItem\",\"position\":1,\"name\":\"Home\",\"item\":\"https:\/\/appsaf.apieproject.com\/news\/fr\/home\/\"},{\"@type\":\"ListItem\",\"position\":2,\"name\":\"Mode : La Fashion Week Report\u00e9e En Avril 2024\"}]},{\"@type\":\"WebSite\",\"@id\":\"https:\/\/appsaf.apieproject.com\/news\/#website\",\"url\":\"https:\/\/appsaf.apieproject.com\/news\/\",\"name\":\"APIE NEWS\",\"description\":\"PANAFRICANISM NEWS PORTAL\",\"publisher\":{\"@id\":\"https:\/\/appsaf.apieproject.com\/news\/#organization\"},\"potentialAction\":[{\"@type\":\"SearchAction\",\"target\":{\"@type\":\"EntryPoint\",\"urlTemplate\":\"https:\/\/appsaf.apieproject.com\/news\/?s={search_term_string}\"},\"query-input\":{\"@type\":\"PropertyValueSpecification\",\"valueRequired\":true,\"valueName\":\"search_term_string\"}}],\"inLanguage\":\"fr-FR\"},{\"@type\":\"Organization\",\"@id\":\"https:\/\/appsaf.apieproject.com\/news\/#organization\",\"name\":\"APIE PROJECT\",\"url\":\"https:\/\/appsaf.apieproject.com\/news\/\",\"logo\":{\"@type\":\"ImageObject\",\"inLanguage\":\"fr-FR\",\"@id\":\"https:\/\/appsaf.apieproject.com\/news\/#\/schema\/logo\/image\/\",\"url\":\"https:\/\/appsaf.apieproject.com\/news\/wp-content\/uploads\/sites\/29\/2022\/07\/logo-R-TransparentBackground.png\",\"contentUrl\":\"https:\/\/appsaf.apieproject.com\/news\/wp-content\/uploads\/sites\/29\/2022\/07\/logo-R-TransparentBackground.png\",\"width\":512,\"height\":512,\"caption\":\"APIE PROJECT\"},\"image\":{\"@id\":\"https:\/\/appsaf.apieproject.com\/news\/#\/schema\/logo\/image\/\"},\"sameAs\":[\"https:\/\/facebook.com\/apieproject\",\"https:\/\/x.com\/apieproject\"]},{\"@type\":\"Person\",\"@id\":\"https:\/\/appsaf.apieproject.com\/news\/#\/schema\/person\/399517cac378948cd7b39086f9ddc2a7\",\"name\":\"staff\",\"image\":{\"@type\":\"ImageObject\",\"inLanguage\":\"fr-FR\",\"@id\":\"https:\/\/appsaf.apieproject.com\/news\/#\/schema\/person\/image\/\",\"url\":\"https:\/\/secure.gravatar.com\/avatar\/5386283c5db150efe261184bd59f072a?s=96&d=mm&r=g\",\"contentUrl\":\"https:\/\/secure.gravatar.com\/avatar\/5386283c5db150efe261184bd59f072a?s=96&d=mm&r=g\",\"caption\":\"staff\"},\"url\":\"https:\/\/appsaf.apieproject.com\/news\/fr\/author\/staff\/\"}]}<\/script>\n<!-- \/ Yoast SEO plugin. -->","yoast_head_json":{"title":"Mode : La Fashion Week Report\u00e9e En Avril 2024 - APIE NEWS","robots":{"index":"index","follow":"follow","max-snippet":"max-snippet:-1","max-image-preview":"max-image-preview:large","max-video-preview":"max-video-preview:-1"},"canonical":"https:\/\/appsaf.apieproject.com\/news\/fr\/2023\/11\/27\/mode-la-fashion-week-reportee-en-avril-2024\/","og_locale":"fr_FR","og_type":"article","og_title":"Mode : La Fashion Week Report\u00e9e En Avril 2024 - APIE NEWS","og_description":"Annonc\u00e9e pour se tenir du 5 au 10 d\u00e9cembre 2023, la Fashion Week By Elie Kuame aura lieu finalement du 17 au 21 avril 2024. L\u2019information \u00e9mane des organisateurs de cet \u00e9v\u00e8nement \u00e0 travers un communiqu\u00e9 dont nous avons re\u00e7u copie.","og_url":"https:\/\/appsaf.apieproject.com\/news\/fr\/2023\/11\/27\/mode-la-fashion-week-reportee-en-avril-2024\/","og_site_name":"APIE NEWS","article_publisher":"https:\/\/facebook.com\/apieproject","article_published_time":"2023-11-27T19:30:07+00:00","article_modified_time":"2023-11-27T19:30:10+00:00","og_image":[{"width":400,"height":228,"url":"https:\/\/appsaf.apieproject.com\/news\/wp-content\/uploads\/sites\/29\/2023\/11\/telechargement-8258aa08df137405c8f6b17de5a195ad.jpeg","type":"image\/jpeg"}],"author":"staff","twitter_card":"summary_large_image","twitter_creator":"@apieproject","twitter_site":"@apieproject","twitter_misc":{"\u00c9crit par":"staff","Dur\u00e9e de lecture estim\u00e9e":"2 minutes"},"schema":{"@context":"https:\/\/schema.org","@graph":[{"@type":"Article","@id":"https:\/\/appsaf.apieproject.com\/news\/fr\/2023\/11\/27\/mode-la-fashion-week-reportee-en-avril-2024\/#article","isPartOf":{"@id":"https:\/\/appsaf.apieproject.com\/news\/fr\/2023\/11\/27\/mode-la-fashion-week-reportee-en-avril-2024\/"},"author":{"name":"staff","@id":"https:\/\/appsaf.apieproject.com\/news\/#\/schema\/person\/399517cac378948cd7b39086f9ddc2a7"},"headline":"Mode : La Fashion Week Report\u00e9e En Avril 2024","datePublished":"2023-11-27T19:30:07+00:00","dateModified":"2023-11-27T19:30:10+00:00","mainEntityOfPage":{"@id":"https:\/\/appsaf.apieproject.com\/news\/fr\/2023\/11\/27\/mode-la-fashion-week-reportee-en-avril-2024\/"},"wordCount":344,"commentCount":0,"publisher":{"@id":"https:\/\/appsaf.apieproject.com\/news\/#organization"},"image":{"@id":"https:\/\/appsaf.apieproject.com\/news\/fr\/2023\/11\/27\/mode-la-fashion-week-reportee-en-avril-2024\/#primaryimage"},"thumbnailUrl":"https:\/\/appsaf.apieproject.com\/news\/wp-content\/uploads\/sites\/29\/2023\/11\/telechargement-8258aa08df137405c8f6b17de5a195ad.jpeg","keywords":["apie project","mode","mode de vie"],"articleSection":["Mode","Mode de Vie"],"inLanguage":"fr-FR","potentialAction":[{"@type":"CommentAction","name":"Comment","target":["https:\/\/appsaf.apieproject.com\/news\/fr\/2023\/11\/27\/mode-la-fashion-week-reportee-en-avril-2024\/#respond"]}]},{"@type":"WebPage","@id":"https:\/\/appsaf.apieproject.com\/news\/fr\/2023\/11\/27\/mode-la-fashion-week-reportee-en-avril-2024\/","url":"https:\/\/appsaf.apieproject.com\/news\/fr\/2023\/11\/27\/mode-la-fashion-week-reportee-en-avril-2024\/","name":"Mode : La Fashion Week Report\u00e9e En Avril 2024 - APIE NEWS","isPartOf":{"@id":"https:\/\/appsaf.apieproject.com\/news\/#website"},"primaryImageOfPage":{"@id":"https:\/\/appsaf.apieproject.com\/news\/fr\/2023\/11\/27\/mode-la-fashion-week-reportee-en-avril-2024\/#primaryimage"},"image":{"@id":"https:\/\/appsaf.apieproject.com\/news\/fr\/2023\/11\/27\/mode-la-fashion-week-reportee-en-avril-2024\/#primaryimage"},"thumbnailUrl":"https:\/\/appsaf.apieproject.com\/news\/wp-content\/uploads\/sites\/29\/2023\/11\/telechargement-8258aa08df137405c8f6b17de5a195ad.jpeg","datePublished":"2023-11-27T19:30:07+00:00","dateModified":"2023-11-27T19:30:10+00:00","breadcrumb":{"@id":"https:\/\/appsaf.apieproject.com\/news\/fr\/2023\/11\/27\/mode-la-fashion-week-reportee-en-avril-2024\/#breadcrumb"},"inLanguage":"fr-FR","potentialAction":[{"@type":"ReadAction","target":["https:\/\/appsaf.apieproject.com\/news\/fr\/2023\/11\/27\/mode-la-fashion-week-reportee-en-avril-2024\/"]}]},{"@type":"ImageObject","inLanguage":"fr-FR","@id":"https:\/\/appsaf.apieproject.com\/news\/fr\/2023\/11\/27\/mode-la-fashion-week-reportee-en-avril-2024\/#primaryimage","url":"https:\/\/appsaf.apieproject.com\/news\/wp-content\/uploads\/sites\/29\/2023\/11\/telechargement-8258aa08df137405c8f6b17de5a195ad.jpeg","contentUrl":"https:\/\/appsaf.apieproject.com\/news\/wp-content\/uploads\/sites\/29\/2023\/11\/telechargement-8258aa08df137405c8f6b17de5a195ad.jpeg","width":400,"height":228},{"@type":"BreadcrumbList","@id":"https:\/\/appsaf.apieproject.com\/news\/fr\/2023\/11\/27\/mode-la-fashion-week-reportee-en-avril-2024\/#breadcrumb","itemListElement":[{"@type":"ListItem","position":1,"name":"Home","item":"https:\/\/appsaf.apieproject.com\/news\/fr\/home\/"},{"@type":"ListItem","position":2,"name":"Mode : La Fashion Week Report\u00e9e En Avril 2024"}]},{"@type":"WebSite","@id":"https:\/\/appsaf.apieproject.com\/news\/#website","url":"https:\/\/appsaf.apieproject.com\/news\/","name":"APIE NEWS","description":"PANAFRICANISM NEWS PORTAL","publisher":{"@id":"https:\/\/appsaf.apieproject.com\/news\/#organization"},"potentialAction":[{"@type":"SearchAction","target":{"@type":"EntryPoint","urlTemplate":"https:\/\/appsaf.apieproject.com\/news\/?s={search_term_string}"},"query-input":{"@type":"PropertyValueSpecification","valueRequired":true,"valueName":"search_term_string"}}],"inLanguage":"fr-FR"},{"@type":"Organization","@id":"https:\/\/appsaf.apieproject.com\/news\/#organization","name":"APIE PROJECT","url":"https:\/\/appsaf.apieproject.com\/news\/","logo":{"@type":"ImageObject","inLanguage":"fr-FR","@id":"https:\/\/appsaf.apieproject.com\/news\/#\/schema\/logo\/image\/","url":"https:\/\/appsaf.apieproject.com\/news\/wp-content\/uploads\/sites\/29\/2022\/07\/logo-R-TransparentBackground.png","contentUrl":"https:\/\/appsaf.apieproject.com\/news\/wp-content\/uploads\/sites\/29\/2022\/07\/logo-R-TransparentBackground.png","width":512,"height":512,"caption":"APIE PROJECT"},"image":{"@id":"https:\/\/appsaf.apieproject.com\/news\/#\/schema\/logo\/image\/"},"sameAs":["https:\/\/facebook.com\/apieproject","https:\/\/x.com\/apieproject"]},{"@type":"Person","@id":"https:\/\/appsaf.apieproject.com\/news\/#\/schema\/person\/399517cac378948cd7b39086f9ddc2a7","name":"staff","image":{"@type":"ImageObject","inLanguage":"fr-FR","@id":"https:\/\/appsaf.apieproject.com\/news\/#\/schema\/person\/image\/","url":"https:\/\/secure.gravatar.com\/avatar\/5386283c5db150efe261184bd59f072a?s=96&d=mm&r=g","contentUrl":"https:\/\/secure.gravatar.com\/avatar\/5386283c5db150efe261184bd59f072a?s=96&d=mm&r=g","caption":"staff"},"url":"https:\/\/appsaf.apieproject.com\/news\/fr\/author\/staff\/"}]}},"_links":{"self":[{"href":"https:\/\/appsaf.apieproject.com\/news\/fr\/wp-json\/wp\/v2\/posts\/36135","targetHints":{"allow":["GET"]}}],"collection":[{"href":"https:\/\/appsaf.apieproject.com\/news\/fr\/wp-json\/wp\/v2\/posts"}],"about":[{"href":"https:\/\/appsaf.apieproject.com\/news\/fr\/wp-json\/wp\/v2\/types\/post"}],"author":[{"embeddable":true,"href":"https:\/\/appsaf.apieproject.com\/news\/fr\/wp-json\/wp\/v2\/users\/12963"}],"replies":[{"embeddable":true,"href":"https:\/\/appsaf.apieproject.com\/news\/fr\/wp-json\/wp\/v2\/comments?post=36135"}],"version-history":[{"count":1,"href":"https:\/\/appsaf.apieproject.com\/news\/fr\/wp-json\/wp\/v2\/posts\/36135\/revisions"}],"predecessor-version":[{"id":36813,"href":"https:\/\/appsaf.apieproject.com\/news\/fr\/wp-json\/wp\/v2\/posts\/36135\/revisions\/36813"}],"wp:featuredmedia":[{"embeddable":true,"href":"https:\/\/appsaf.apieproject.com\/news\/fr\/wp-json\/wp\/v2\/media\/36132"}],"wp:attachment":[{"href":"https:\/\/appsaf.apieproject.com\/news\/fr\/wp-json\/wp\/v2\/media?parent=36135"}],"wp:term":[{"taxonomy":"category","embeddable":true,"href":"https:\/\/appsaf.apieproject.com\/news\/fr\/wp-json\/wp\/v2\/categories?post=36135"},{"taxonomy":"post_tag","embeddable":true,"href":"https:\/\/appsaf.apieproject.com\/news\/fr\/wp-json\/wp\/v2\/tags?post=36135"}],"curies":[{"name":"wp","href":"https:\/\/api.w.org\/{rel}","templated":true}]}}