{"id":36990,"date":"2023-11-29T05:08:31","date_gmt":"2023-11-29T05:08:31","guid":{"rendered":"https:\/\/appsaf.apieproject.com\/news\/?p=36990"},"modified":"2023-11-29T05:08:34","modified_gmt":"2023-11-29T05:08:34","slug":"kemi-seba-la-deprogrammation-dune-interview-sur-une-chaine-francaise","status":"publish","type":"post","link":"https:\/\/appsaf.apieproject.com\/news\/fr\/2023\/11\/29\/kemi-seba-la-deprogrammation-dune-interview-sur-une-chaine-francaise\/","title":{"rendered":"K\u00e9mi S\u00e9ba: La D\u00e9programmation D\u2019une Interview Sur Une Cha\u00eene Fran\u00e7aise"},"content":{"rendered":"\n<p>Cette interview de 28 minutes devait \u00eatre diffus\u00e9e dans le cadre des \u00ab&nbsp;grands entretiens&nbsp;\u00bb propos\u00e9s sur La Cha\u00eene Parlementaire (LCP) par l&rsquo;\u00e9ditorialiste et directeur adjoint de la r\u00e9daction du journal&nbsp;<em>Le Figaro<\/em>, Yves Thr\u00e9ard.<\/p>\n\n\n\n<p>L&rsquo;annonce de sa diffusion a provoqu\u00e9 en quelques heures une lev\u00e9e de boucliers sur les r\u00e9seaux sociaux, notamment de la part de politiques ou d&rsquo;organisations de d\u00e9fense des droits humains comme la Ligue internationale contre le racisme et l&rsquo;antis\u00e9mitisme (Licra).<\/p>\n\n\n\n<p>Ces critiques soulignaient que K\u00e9mi S\u00e9ba est accus\u00e9 d&rsquo;\u00eatre un relais de la propagande russe, qu&rsquo;il a b\u00e9n\u00e9fici\u00e9 du soutien d&rsquo;Evgueni Prigojine, le chef du groupe paramilitaire Wagner et, que dans le pass\u00e9, il a \u00e9t\u00e9 condamn\u00e9 \u00e0 plusieurs reprises par la justice fran\u00e7aise pour incitation \u00e0 la haine raciale.<\/p>\n\n\n\n<h2 class=\"wp-block-heading\">K\u00e9mi S\u00e9ba \u00ab&nbsp;<em>n&rsquo;est pas un simple militant politique<\/em>&nbsp;\u00bb<\/h2>\n\n\n\n<p>Devant ce toll\u00e9, r\u00e9trop\u00e9dalage de LCP, qui annonce la d\u00e9programmation de l&rsquo;entretien. La cha\u00eene explique notamment avoir \u00e9chang\u00e9 avec le d\u00e9put\u00e9 Thomas Gassilloud, pr\u00e9sident de la Commission de la d\u00e9fense \u00e0 l&rsquo;Assembl\u00e9e nationale&#8230;<\/p>\n\n\n\n<p>Celui-ci a expliqu\u00e9 \u00e0 l\u2019Agence France Presse \u00ab&nbsp;<em>avoir jou\u00e9 son r\u00f4le de lanceur d&rsquo;alerte<\/em>&nbsp;\u00bb, soulignant que K\u00e9mi S\u00e9ba \u00ab&nbsp;<em>n&rsquo;est pas un simple militant politique<\/em>&nbsp;\u00bb, mais qu&rsquo;il sert \u00ab&nbsp;<em>une puissance \u00e9trang\u00e8re qui alimente le sentiment anti-fran\u00e7ais<\/em>&nbsp;\u00bb.<\/p>\n\n\n\n<p>Le principal int\u00e9ress\u00e9 a d\u00e9nonc\u00e9 un acte de censure et assur\u00e9 \u00eatre en possession de l&rsquo;enregistrement. De fait, la vid\u00e9o de l&rsquo;entretien tourne depuis hier sur les plateformes.<\/p>\n","protected":false},"excerpt":{"rendered":"<p>Cette interview de 28 minutes devait \u00eatre diffus\u00e9e dans le cadre des \u00ab&nbsp;grands entretiens&nbsp;\u00bb propos\u00e9s sur La Cha\u00eene Parlementaire (LCP) par l&rsquo;\u00e9ditorialiste et directeur adjoint de la r\u00e9daction du journal&nbsp;Le Figaro, Yves Thr\u00e9ard. L&rsquo;annonce de sa diffusion a provoqu\u00e9 en quelques heures une lev\u00e9e de boucliers sur les r\u00e9seaux sociaux, notamment de la part de [&hellip;]<\/p>\n","protected":false},"author":1,"featured_media":36991,"comment_status":"open","ping_status":"open","sticky":false,"template":"","format":"standard","meta":{"footnotes":""},"categories":[67,69,59],"tags":[81,78,82],"class_list":{"0":"post-36990","1":"post","2":"type-post","3":"status-publish","4":"format-standard","5":"has-post-thumbnail","7":"category-actualites","8":"category-politique","9":"category-speciaux","10":"tag-actualites","11":"tag-apie-project-2","12":"tag-politique"},"yoast_head":"<!-- This site is optimized with the Yoast SEO plugin v24.4 - https:\/\/yoast.com\/wordpress\/plugins\/seo\/ -->\n<title>K\u00e9mi S\u00e9ba: La D\u00e9programmation D\u2019une Interview Sur Une Cha\u00eene Fran\u00e7aise - APIE NEWS<\/title>\n<meta name=\"robots\" content=\"index, follow, max-snippet:-1, max-image-preview:large, max-video-preview:-1\" \/>\n<link rel=\"canonical\" href=\"https:\/\/appsaf.apieproject.com\/news\/fr\/2023\/11\/29\/kemi-seba-la-deprogrammation-dune-interview-sur-une-chaine-francaise\/\" \/>\n<meta property=\"og:locale\" content=\"fr_FR\" \/>\n<meta property=\"og:type\" content=\"article\" \/>\n<meta property=\"og:title\" content=\"K\u00e9mi S\u00e9ba: La D\u00e9programmation D\u2019une Interview Sur Une Cha\u00eene Fran\u00e7aise - APIE NEWS\" \/>\n<meta property=\"og:description\" content=\"Cette interview de 28 minutes devait \u00eatre diffus\u00e9e dans le cadre des \u00ab&nbsp;grands entretiens&nbsp;\u00bb propos\u00e9s sur La Cha\u00eene Parlementaire (LCP) par l&rsquo;\u00e9ditorialiste et directeur adjoint de la r\u00e9daction du journal&nbsp;Le Figaro, Yves Thr\u00e9ard. L&rsquo;annonce de sa diffusion a provoqu\u00e9 en quelques heures une lev\u00e9e de boucliers sur les r\u00e9seaux sociaux, notamment de la part de [&hellip;]\" \/>\n<meta property=\"og:url\" content=\"https:\/\/appsaf.apieproject.com\/news\/fr\/2023\/11\/29\/kemi-seba-la-deprogrammation-dune-interview-sur-une-chaine-francaise\/\" \/>\n<meta property=\"og:site_name\" content=\"APIE NEWS\" \/>\n<meta property=\"article:publisher\" content=\"https:\/\/facebook.com\/apieproject\" \/>\n<meta property=\"article:published_time\" content=\"2023-11-29T05:08:31+00:00\" \/>\n<meta property=\"article:modified_time\" content=\"2023-11-29T05:08:34+00:00\" \/>\n<meta property=\"og:image\" content=\"https:\/\/appsaf.apieproject.com\/news\/wp-content\/uploads\/sites\/29\/2023\/11\/Kemi.jpg\" \/>\n\t<meta property=\"og:image:width\" content=\"976\" \/>\n\t<meta property=\"og:image:height\" content=\"552\" \/>\n\t<meta property=\"og:image:type\" content=\"image\/jpeg\" \/>\n<meta name=\"author\" content=\"apieproject\" \/>\n<meta name=\"twitter:card\" content=\"summary_large_image\" \/>\n<meta name=\"twitter:creator\" content=\"@apieproject\" \/>\n<meta name=\"twitter:site\" content=\"@apieproject\" \/>\n<meta name=\"twitter:label1\" content=\"\u00c9crit par\" \/>\n\t<meta name=\"twitter:data1\" content=\"apieproject\" \/>\n\t<meta name=\"twitter:label2\" content=\"Dur\u00e9e de lecture estim\u00e9e\" \/>\n\t<meta name=\"twitter:data2\" content=\"1 minute\" \/>\n<script type=\"application\/ld+json\" class=\"yoast-schema-graph\">{\"@context\":\"https:\/\/schema.org\",\"@graph\":[{\"@type\":\"Article\",\"@id\":\"https:\/\/appsaf.apieproject.com\/news\/fr\/2023\/11\/29\/kemi-seba-la-deprogrammation-dune-interview-sur-une-chaine-francaise\/#article\",\"isPartOf\":{\"@id\":\"https:\/\/appsaf.apieproject.com\/news\/fr\/2023\/11\/29\/kemi-seba-la-deprogrammation-dune-interview-sur-une-chaine-francaise\/\"},\"author\":{\"name\":\"apieproject\",\"@id\":\"https:\/\/appsaf.apieproject.com\/news\/#\/schema\/person\/ad5502ca15531a327ebd9865992b8492\"},\"headline\":\"K\u00e9mi S\u00e9ba: La D\u00e9programmation D\u2019une Interview Sur Une Cha\u00eene Fran\u00e7aise\",\"datePublished\":\"2023-11-29T05:08:31+00:00\",\"dateModified\":\"2023-11-29T05:08:34+00:00\",\"mainEntityOfPage\":{\"@id\":\"https:\/\/appsaf.apieproject.com\/news\/fr\/2023\/11\/29\/kemi-seba-la-deprogrammation-dune-interview-sur-une-chaine-francaise\/\"},\"wordCount\":298,\"commentCount\":0,\"publisher\":{\"@id\":\"https:\/\/appsaf.apieproject.com\/news\/#organization\"},\"image\":{\"@id\":\"https:\/\/appsaf.apieproject.com\/news\/fr\/2023\/11\/29\/kemi-seba-la-deprogrammation-dune-interview-sur-une-chaine-francaise\/#primaryimage\"},\"thumbnailUrl\":\"https:\/\/appsaf.apieproject.com\/news\/wp-content\/uploads\/sites\/29\/2023\/11\/Kemi.jpg\",\"keywords\":[\"actualites\",\"apie project\",\"politique\"],\"articleSection\":[\"Actualit\u00e9s\",\"Politique\",\"Sp\u00e9ciaux\"],\"inLanguage\":\"fr-FR\",\"potentialAction\":[{\"@type\":\"CommentAction\",\"name\":\"Comment\",\"target\":[\"https:\/\/appsaf.apieproject.com\/news\/fr\/2023\/11\/29\/kemi-seba-la-deprogrammation-dune-interview-sur-une-chaine-francaise\/#respond\"]}]},{\"@type\":\"WebPage\",\"@id\":\"https:\/\/appsaf.apieproject.com\/news\/fr\/2023\/11\/29\/kemi-seba-la-deprogrammation-dune-interview-sur-une-chaine-francaise\/\",\"url\":\"https:\/\/appsaf.apieproject.com\/news\/fr\/2023\/11\/29\/kemi-seba-la-deprogrammation-dune-interview-sur-une-chaine-francaise\/\",\"name\":\"K\u00e9mi S\u00e9ba: La D\u00e9programmation D\u2019une Interview Sur Une Cha\u00eene Fran\u00e7aise - APIE NEWS\",\"isPartOf\":{\"@id\":\"https:\/\/appsaf.apieproject.com\/news\/#website\"},\"primaryImageOfPage\":{\"@id\":\"https:\/\/appsaf.apieproject.com\/news\/fr\/2023\/11\/29\/kemi-seba-la-deprogrammation-dune-interview-sur-une-chaine-francaise\/#primaryimage\"},\"image\":{\"@id\":\"https:\/\/appsaf.apieproject.com\/news\/fr\/2023\/11\/29\/kemi-seba-la-deprogrammation-dune-interview-sur-une-chaine-francaise\/#primaryimage\"},\"thumbnailUrl\":\"https:\/\/appsaf.apieproject.com\/news\/wp-content\/uploads\/sites\/29\/2023\/11\/Kemi.jpg\",\"datePublished\":\"2023-11-29T05:08:31+00:00\",\"dateModified\":\"2023-11-29T05:08:34+00:00\",\"breadcrumb\":{\"@id\":\"https:\/\/appsaf.apieproject.com\/news\/fr\/2023\/11\/29\/kemi-seba-la-deprogrammation-dune-interview-sur-une-chaine-francaise\/#breadcrumb\"},\"inLanguage\":\"fr-FR\",\"potentialAction\":[{\"@type\":\"ReadAction\",\"target\":[\"https:\/\/appsaf.apieproject.com\/news\/fr\/2023\/11\/29\/kemi-seba-la-deprogrammation-dune-interview-sur-une-chaine-francaise\/\"]}]},{\"@type\":\"ImageObject\",\"inLanguage\":\"fr-FR\",\"@id\":\"https:\/\/appsaf.apieproject.com\/news\/fr\/2023\/11\/29\/kemi-seba-la-deprogrammation-dune-interview-sur-une-chaine-francaise\/#primaryimage\",\"url\":\"https:\/\/appsaf.apieproject.com\/news\/wp-content\/uploads\/sites\/29\/2023\/11\/Kemi.jpg\",\"contentUrl\":\"https:\/\/appsaf.apieproject.com\/news\/wp-content\/uploads\/sites\/29\/2023\/11\/Kemi.jpg\",\"width\":976,\"height\":552},{\"@type\":\"BreadcrumbList\",\"@id\":\"https:\/\/appsaf.apieproject.com\/news\/fr\/2023\/11\/29\/kemi-seba-la-deprogrammation-dune-interview-sur-une-chaine-francaise\/#breadcrumb\",\"itemListElement\":[{\"@type\":\"ListItem\",\"position\":1,\"name\":\"Home\",\"item\":\"https:\/\/appsaf.apieproject.com\/news\/fr\/home\/\"},{\"@type\":\"ListItem\",\"position\":2,\"name\":\"K\u00e9mi S\u00e9ba: La D\u00e9programmation D\u2019une Interview Sur Une Cha\u00eene Fran\u00e7aise\"}]},{\"@type\":\"WebSite\",\"@id\":\"https:\/\/appsaf.apieproject.com\/news\/#website\",\"url\":\"https:\/\/appsaf.apieproject.com\/news\/\",\"name\":\"APIE NEWS\",\"description\":\"PANAFRICANISM NEWS PORTAL\",\"publisher\":{\"@id\":\"https:\/\/appsaf.apieproject.com\/news\/#organization\"},\"potentialAction\":[{\"@type\":\"SearchAction\",\"target\":{\"@type\":\"EntryPoint\",\"urlTemplate\":\"https:\/\/appsaf.apieproject.com\/news\/?s={search_term_string}\"},\"query-input\":{\"@type\":\"PropertyValueSpecification\",\"valueRequired\":true,\"valueName\":\"search_term_string\"}}],\"inLanguage\":\"fr-FR\"},{\"@type\":\"Organization\",\"@id\":\"https:\/\/appsaf.apieproject.com\/news\/#organization\",\"name\":\"APIE PROJECT\",\"url\":\"https:\/\/appsaf.apieproject.com\/news\/\",\"logo\":{\"@type\":\"ImageObject\",\"inLanguage\":\"fr-FR\",\"@id\":\"https:\/\/appsaf.apieproject.com\/news\/#\/schema\/logo\/image\/\",\"url\":\"https:\/\/appsaf.apieproject.com\/news\/wp-content\/uploads\/sites\/29\/2022\/07\/logo-R-TransparentBackground.png\",\"contentUrl\":\"https:\/\/appsaf.apieproject.com\/news\/wp-content\/uploads\/sites\/29\/2022\/07\/logo-R-TransparentBackground.png\",\"width\":512,\"height\":512,\"caption\":\"APIE PROJECT\"},\"image\":{\"@id\":\"https:\/\/appsaf.apieproject.com\/news\/#\/schema\/logo\/image\/\"},\"sameAs\":[\"https:\/\/facebook.com\/apieproject\",\"https:\/\/x.com\/apieproject\"]},{\"@type\":\"Person\",\"@id\":\"https:\/\/appsaf.apieproject.com\/news\/#\/schema\/person\/ad5502ca15531a327ebd9865992b8492\",\"name\":\"apieproject\",\"image\":{\"@type\":\"ImageObject\",\"inLanguage\":\"fr-FR\",\"@id\":\"https:\/\/appsaf.apieproject.com\/news\/#\/schema\/person\/image\/\",\"url\":\"https:\/\/secure.gravatar.com\/avatar\/8da820f890920c54e6a9a30087a8b9ec?s=96&d=mm&r=g\",\"contentUrl\":\"https:\/\/secure.gravatar.com\/avatar\/8da820f890920c54e6a9a30087a8b9ec?s=96&d=mm&r=g\",\"caption\":\"apieproject\"},\"url\":\"https:\/\/appsaf.apieproject.com\/news\/fr\/author\/apieproject\/\"}]}<\/script>\n<!-- \/ Yoast SEO plugin. -->","yoast_head_json":{"title":"K\u00e9mi S\u00e9ba: La D\u00e9programmation D\u2019une Interview Sur Une Cha\u00eene Fran\u00e7aise - APIE NEWS","robots":{"index":"index","follow":"follow","max-snippet":"max-snippet:-1","max-image-preview":"max-image-preview:large","max-video-preview":"max-video-preview:-1"},"canonical":"https:\/\/appsaf.apieproject.com\/news\/fr\/2023\/11\/29\/kemi-seba-la-deprogrammation-dune-interview-sur-une-chaine-francaise\/","og_locale":"fr_FR","og_type":"article","og_title":"K\u00e9mi S\u00e9ba: La D\u00e9programmation D\u2019une Interview Sur Une Cha\u00eene Fran\u00e7aise - APIE NEWS","og_description":"Cette interview de 28 minutes devait \u00eatre diffus\u00e9e dans le cadre des \u00ab&nbsp;grands entretiens&nbsp;\u00bb propos\u00e9s sur La Cha\u00eene Parlementaire (LCP) par l&rsquo;\u00e9ditorialiste et directeur adjoint de la r\u00e9daction du journal&nbsp;Le Figaro, Yves Thr\u00e9ard. L&rsquo;annonce de sa diffusion a provoqu\u00e9 en quelques heures une lev\u00e9e de boucliers sur les r\u00e9seaux sociaux, notamment de la part de [&hellip;]","og_url":"https:\/\/appsaf.apieproject.com\/news\/fr\/2023\/11\/29\/kemi-seba-la-deprogrammation-dune-interview-sur-une-chaine-francaise\/","og_site_name":"APIE NEWS","article_publisher":"https:\/\/facebook.com\/apieproject","article_published_time":"2023-11-29T05:08:31+00:00","article_modified_time":"2023-11-29T05:08:34+00:00","og_image":[{"width":976,"height":552,"url":"https:\/\/appsaf.apieproject.com\/news\/wp-content\/uploads\/sites\/29\/2023\/11\/Kemi.jpg","type":"image\/jpeg"}],"author":"apieproject","twitter_card":"summary_large_image","twitter_creator":"@apieproject","twitter_site":"@apieproject","twitter_misc":{"\u00c9crit par":"apieproject","Dur\u00e9e de lecture estim\u00e9e":"1 minute"},"schema":{"@context":"https:\/\/schema.org","@graph":[{"@type":"Article","@id":"https:\/\/appsaf.apieproject.com\/news\/fr\/2023\/11\/29\/kemi-seba-la-deprogrammation-dune-interview-sur-une-chaine-francaise\/#article","isPartOf":{"@id":"https:\/\/appsaf.apieproject.com\/news\/fr\/2023\/11\/29\/kemi-seba-la-deprogrammation-dune-interview-sur-une-chaine-francaise\/"},"author":{"name":"apieproject","@id":"https:\/\/appsaf.apieproject.com\/news\/#\/schema\/person\/ad5502ca15531a327ebd9865992b8492"},"headline":"K\u00e9mi S\u00e9ba: La D\u00e9programmation D\u2019une Interview Sur Une Cha\u00eene Fran\u00e7aise","datePublished":"2023-11-29T05:08:31+00:00","dateModified":"2023-11-29T05:08:34+00:00","mainEntityOfPage":{"@id":"https:\/\/appsaf.apieproject.com\/news\/fr\/2023\/11\/29\/kemi-seba-la-deprogrammation-dune-interview-sur-une-chaine-francaise\/"},"wordCount":298,"commentCount":0,"publisher":{"@id":"https:\/\/appsaf.apieproject.com\/news\/#organization"},"image":{"@id":"https:\/\/appsaf.apieproject.com\/news\/fr\/2023\/11\/29\/kemi-seba-la-deprogrammation-dune-interview-sur-une-chaine-francaise\/#primaryimage"},"thumbnailUrl":"https:\/\/appsaf.apieproject.com\/news\/wp-content\/uploads\/sites\/29\/2023\/11\/Kemi.jpg","keywords":["actualites","apie project","politique"],"articleSection":["Actualit\u00e9s","Politique","Sp\u00e9ciaux"],"inLanguage":"fr-FR","potentialAction":[{"@type":"CommentAction","name":"Comment","target":["https:\/\/appsaf.apieproject.com\/news\/fr\/2023\/11\/29\/kemi-seba-la-deprogrammation-dune-interview-sur-une-chaine-francaise\/#respond"]}]},{"@type":"WebPage","@id":"https:\/\/appsaf.apieproject.com\/news\/fr\/2023\/11\/29\/kemi-seba-la-deprogrammation-dune-interview-sur-une-chaine-francaise\/","url":"https:\/\/appsaf.apieproject.com\/news\/fr\/2023\/11\/29\/kemi-seba-la-deprogrammation-dune-interview-sur-une-chaine-francaise\/","name":"K\u00e9mi S\u00e9ba: La D\u00e9programmation D\u2019une Interview Sur Une Cha\u00eene Fran\u00e7aise - APIE NEWS","isPartOf":{"@id":"https:\/\/appsaf.apieproject.com\/news\/#website"},"primaryImageOfPage":{"@id":"https:\/\/appsaf.apieproject.com\/news\/fr\/2023\/11\/29\/kemi-seba-la-deprogrammation-dune-interview-sur-une-chaine-francaise\/#primaryimage"},"image":{"@id":"https:\/\/appsaf.apieproject.com\/news\/fr\/2023\/11\/29\/kemi-seba-la-deprogrammation-dune-interview-sur-une-chaine-francaise\/#primaryimage"},"thumbnailUrl":"https:\/\/appsaf.apieproject.com\/news\/wp-content\/uploads\/sites\/29\/2023\/11\/Kemi.jpg","datePublished":"2023-11-29T05:08:31+00:00","dateModified":"2023-11-29T05:08:34+00:00","breadcrumb":{"@id":"https:\/\/appsaf.apieproject.com\/news\/fr\/2023\/11\/29\/kemi-seba-la-deprogrammation-dune-interview-sur-une-chaine-francaise\/#breadcrumb"},"inLanguage":"fr-FR","potentialAction":[{"@type":"ReadAction","target":["https:\/\/appsaf.apieproject.com\/news\/fr\/2023\/11\/29\/kemi-seba-la-deprogrammation-dune-interview-sur-une-chaine-francaise\/"]}]},{"@type":"ImageObject","inLanguage":"fr-FR","@id":"https:\/\/appsaf.apieproject.com\/news\/fr\/2023\/11\/29\/kemi-seba-la-deprogrammation-dune-interview-sur-une-chaine-francaise\/#primaryimage","url":"https:\/\/appsaf.apieproject.com\/news\/wp-content\/uploads\/sites\/29\/2023\/11\/Kemi.jpg","contentUrl":"https:\/\/appsaf.apieproject.com\/news\/wp-content\/uploads\/sites\/29\/2023\/11\/Kemi.jpg","width":976,"height":552},{"@type":"BreadcrumbList","@id":"https:\/\/appsaf.apieproject.com\/news\/fr\/2023\/11\/29\/kemi-seba-la-deprogrammation-dune-interview-sur-une-chaine-francaise\/#breadcrumb","itemListElement":[{"@type":"ListItem","position":1,"name":"Home","item":"https:\/\/appsaf.apieproject.com\/news\/fr\/home\/"},{"@type":"ListItem","position":2,"name":"K\u00e9mi S\u00e9ba: La D\u00e9programmation D\u2019une Interview Sur Une Cha\u00eene Fran\u00e7aise"}]},{"@type":"WebSite","@id":"https:\/\/appsaf.apieproject.com\/news\/#website","url":"https:\/\/appsaf.apieproject.com\/news\/","name":"APIE NEWS","description":"PANAFRICANISM NEWS PORTAL","publisher":{"@id":"https:\/\/appsaf.apieproject.com\/news\/#organization"},"potentialAction":[{"@type":"SearchAction","target":{"@type":"EntryPoint","urlTemplate":"https:\/\/appsaf.apieproject.com\/news\/?s={search_term_string}"},"query-input":{"@type":"PropertyValueSpecification","valueRequired":true,"valueName":"search_term_string"}}],"inLanguage":"fr-FR"},{"@type":"Organization","@id":"https:\/\/appsaf.apieproject.com\/news\/#organization","name":"APIE PROJECT","url":"https:\/\/appsaf.apieproject.com\/news\/","logo":{"@type":"ImageObject","inLanguage":"fr-FR","@id":"https:\/\/appsaf.apieproject.com\/news\/#\/schema\/logo\/image\/","url":"https:\/\/appsaf.apieproject.com\/news\/wp-content\/uploads\/sites\/29\/2022\/07\/logo-R-TransparentBackground.png","contentUrl":"https:\/\/appsaf.apieproject.com\/news\/wp-content\/uploads\/sites\/29\/2022\/07\/logo-R-TransparentBackground.png","width":512,"height":512,"caption":"APIE PROJECT"},"image":{"@id":"https:\/\/appsaf.apieproject.com\/news\/#\/schema\/logo\/image\/"},"sameAs":["https:\/\/facebook.com\/apieproject","https:\/\/x.com\/apieproject"]},{"@type":"Person","@id":"https:\/\/appsaf.apieproject.com\/news\/#\/schema\/person\/ad5502ca15531a327ebd9865992b8492","name":"apieproject","image":{"@type":"ImageObject","inLanguage":"fr-FR","@id":"https:\/\/appsaf.apieproject.com\/news\/#\/schema\/person\/image\/","url":"https:\/\/secure.gravatar.com\/avatar\/8da820f890920c54e6a9a30087a8b9ec?s=96&d=mm&r=g","contentUrl":"https:\/\/secure.gravatar.com\/avatar\/8da820f890920c54e6a9a30087a8b9ec?s=96&d=mm&r=g","caption":"apieproject"},"url":"https:\/\/appsaf.apieproject.com\/news\/fr\/author\/apieproject\/"}]}},"_links":{"self":[{"href":"https:\/\/appsaf.apieproject.com\/news\/fr\/wp-json\/wp\/v2\/posts\/36990","targetHints":{"allow":["GET"]}}],"collection":[{"href":"https:\/\/appsaf.apieproject.com\/news\/fr\/wp-json\/wp\/v2\/posts"}],"about":[{"href":"https:\/\/appsaf.apieproject.com\/news\/fr\/wp-json\/wp\/v2\/types\/post"}],"author":[{"embeddable":true,"href":"https:\/\/appsaf.apieproject.com\/news\/fr\/wp-json\/wp\/v2\/users\/1"}],"replies":[{"embeddable":true,"href":"https:\/\/appsaf.apieproject.com\/news\/fr\/wp-json\/wp\/v2\/comments?post=36990"}],"version-history":[{"count":1,"href":"https:\/\/appsaf.apieproject.com\/news\/fr\/wp-json\/wp\/v2\/posts\/36990\/revisions"}],"predecessor-version":[{"id":36994,"href":"https:\/\/appsaf.apieproject.com\/news\/fr\/wp-json\/wp\/v2\/posts\/36990\/revisions\/36994"}],"wp:featuredmedia":[{"embeddable":true,"href":"https:\/\/appsaf.apieproject.com\/news\/fr\/wp-json\/wp\/v2\/media\/36991"}],"wp:attachment":[{"href":"https:\/\/appsaf.apieproject.com\/news\/fr\/wp-json\/wp\/v2\/media?parent=36990"}],"wp:term":[{"taxonomy":"category","embeddable":true,"href":"https:\/\/appsaf.apieproject.com\/news\/fr\/wp-json\/wp\/v2\/categories?post=36990"},{"taxonomy":"post_tag","embeddable":true,"href":"https:\/\/appsaf.apieproject.com\/news\/fr\/wp-json\/wp\/v2\/tags?post=36990"}],"curies":[{"name":"wp","href":"https:\/\/api.w.org\/{rel}","templated":true}]}}