{"id":37018,"date":"2023-11-30T04:09:19","date_gmt":"2023-11-30T04:09:19","guid":{"rendered":"https:\/\/appsaf.apieproject.com\/news\/?p=37018"},"modified":"2023-11-30T04:09:21","modified_gmt":"2023-11-30T04:09:21","slug":"comment-la-classe-politique-camerounaise-se-recompose-a-deux-ans-de-la-presidentielle-de-2025","status":"publish","type":"post","link":"https:\/\/appsaf.apieproject.com\/news\/fr\/2023\/11\/30\/comment-la-classe-politique-camerounaise-se-recompose-a-deux-ans-de-la-presidentielle-de-2025\/","title":{"rendered":"Comment La Classe Politique Camerounaise Se Recompose \u00c0 Deux Ans De La Pr\u00e9sidentielle De 2025"},"content":{"rendered":"<p>Cabral Libii, un congr\u00e8s sous fond de plainte<br \/>\nLe candidat arriv\u00e9 troisi\u00e8me lors de la derni\u00e8re pr\u00e9sidentielle n\u2019a certainement pas les journ\u00e9es tranquilles avec l\u2019encha\u00eenement des \u00e9v\u00e9nements de ces derniers jours.<\/p>\n<p>Le Parti camerounais pour la r\u00e9conciliation nationale (PCRN) qu\u2019il dirige depuis juillet 2019 s\u2019appr\u00eatait \u00e0 organiser un congr\u00e8s du 15 au 17 d\u00e9cembre prochain, en vue \u00ab d\u2019affiner les pr\u00e9paratifs des combats \u00e9lectoraux avenirs \u00bb, a confi\u00e9 Cabral Libii \u00e0 la presse.<\/p>\n<p>Mais, l\u2019ambition n\u2019a pas prosp\u00e9r\u00e9, le parti a \u00e9t\u00e9 notifi\u00e9 d\u2019un r\u00e9trop\u00e9dalage du sous-pr\u00e9fet du deuxi\u00e8me arrondissement de la ville baln\u00e9aire de Kibri dans le sud du pays o\u00f9 les assises devaient se tenir, revenant sur sa d\u00e9cision et interdisant la rencontre qu\u2019il avait autoris\u00e9e quelques jours plut\u00f4t.<\/p>\n<p>Raison \u00e9voqu\u00e9e par l\u2019autorit\u00e9 administrative, ce sont des \u00ab dissensions internes \u00e0 ce parti, susceptibles de troubler gravement l\u2019ordre public \u00bb, peut-on lire sur le document.<\/p>\n<p>En lien certainement avec la crise interne que traverse la formation politique depuis un moment. L\u2019actuel pr\u00e9sident du parti, Cabral Libii, doit compara\u00eetre le 4 janvier prochain, devant le tribunal de premi\u00e8re instance de Ka\u00e9l\u00e9 dans l\u2019Extr\u00eame-Nord du pays.<\/p>\n<p>La citation \u00e0 compara\u00eetre \u00e9mise par le juge, vient \u00e0 la suite d\u2019une plainte de Robert Kona, l\u2019un des fondateurs du PCRN, qui le dirigeait jusqu\u2019en juillet 2019, avant de passer le t\u00e9moin \u00e0 Cabral Libii et d\u2019en devenir pr\u00e9sident d\u2019honneur, et premier conseiller de M. Libii.<\/p>\n<p>Seulement, entre lui et l\u2019actuel pr\u00e9sident, ce n\u2019est vraisemblablement plus le grand amour \u00ab Il ne me prend plus au t\u00e9l\u00e9phone, il prend ses d\u00e9cisions seul sans me consulter, c\u2019est une d\u00e9rive autoritaire \u00bb lance Robert Kona, joint par BBC Afrique.<\/p>\n<p>Pourtant \u00ab les textes disent qu\u2019il doit me consulter avant toute prise de d\u00e9cisions\u00bb, explique-t-il, avant de conclure \u00ab je veux qu\u2019il me remette le parti \u00bb.<\/p>\n<p>Des d\u00e9clarations que rejette Cabral Libii, qui semble plut\u00f4t plus pr\u00e9occup\u00e9 par les raisons de l\u2019interdiction de son congr\u00e8s, qui dit-il \u00ab avait d\u00e9j\u00e0 enregistr\u00e9 plus de 1500 participants volontaires \u00bb.<\/p>\n<p>Selon lui, \u00ab il n\u2019y avait pourtant aucune inqui\u00e9tude \u00e0 se faire, \u00e9tant donn\u00e9 que les accusations de d\u00e9rives autoritaires \u00e9voqu\u00e9es n\u2019\u00e9manent que d\u2019une seule personne \u00bb, explique-t-il au t\u00e9l\u00e9phone.<\/p>\n<p>\u00ab La personne dont vous parlez, je ne comprends pas ses r\u00e9elles motivations. Tant\u00f4t, je suis autoritaire, tant\u00f4t, je ne lui rends pas compte, tant\u00f4t, je ne le consulte pas. En-tout-cas, je suis serein, je me pr\u00e9senterai au tribunal, et donnerai des arguments qui montrent que je ne suis pas fautif \u00bb, explique-t-il.<\/p>\n<p>Cabral Libii, 43 ans, a d\u00e9j\u00e0 connu une premi\u00e8re rupture de ban avec une formation politique avec laquelle il \u00e9tait partenaire. Il s\u2019agit du parti Univers, qui a pr\u00e9sent\u00e9 sa candidature pour la pr\u00e9sidentielle de 2018.<\/p>\n<p>Pr\u00e9sident du mouvement \u00ab 11 millions d\u2019inscrits \u00bb, qui l\u2019a r\u00e9v\u00e9l\u00e9 au grand public, il s\u2019est alli\u00e9 \u00e0 \u00ab Univers \u00bb, pour pouvoir participer \u00e0 l\u2019\u00e9lection, conform\u00e9ment au code \u00e9lectoral qui ne donne la possibilit\u00e9 de candidater, qu\u2019aux personnes pr\u00e9sent\u00e9es par des partis politiques ayant d\u00e9j\u00e0 des \u00e9lus (d\u00e9put\u00e9s ou conseillers municipaux), \u00e0 d\u00e9faut de recourir aux parrainages ; une deuxi\u00e8me option qui s\u2019av\u00e8re difficile dans le contexte camerounais.<\/p>\n<p>Mais quelques mois apr\u00e8s la pr\u00e9sidentielle, le candidat arriv\u00e9 troisi\u00e8me s\u2019est brouill\u00e9 avec le pr\u00e9sident du parti \u00ab Univers \u00bb, qui lui demandait des comptes de la gestions des finances li\u00e9es \u00e0 la pr\u00e9sidentielle qui venait de s\u2019achever.<\/p>\n<p>Il faudra donc rester attentif \u00e0 l\u2019issue du proc\u00e8s de Ka\u00e9l\u00e9 qui oppose M. Libii au fondateur du PCRN, car, le parti est une bonne garantie de participation \u00e0 la pr\u00e9sidentielle prochaine pour le d\u00e9put\u00e9 du Nyong Ek\u00e9l\u00e9.<\/p>\n<p>\u00c9tant donn\u00e9 que cette formation politique a particip\u00e9 aux derni\u00e8res l\u00e9gislatives et municipales et a engrang\u00e9 5 si\u00e8ges \u00e0 l&rsquo;Assembl\u00e9e nationale, 7 communes, et plus de 200 conseillers municipaux.<\/p>\n<p>Un verdict en sa d\u00e9faveur, pourrait mettre celui qu\u2019on appelait le \u00abMacron camerounais \u00bb en ballotage d\u00e9favorable, pour une \u00e9ventuelle participation \u00e0 l\u2019\u00e9lection pr\u00e9sidentielle.<\/p>\n<p>Maurice Kamto esp\u00e8re les locales avant la pr\u00e9sidentielle<\/p>\n<p>Maurice Kamto est arriv\u00e9 deuxi\u00e8me \u00e0 la pr\u00e9sidentielle 2018, dont il a revendiqu\u00e9 la victoire face au pr\u00e9sident Paul Biya, au pouvoir depuis 1982.<\/p>\n<p>Seulement, l\u2019opposant, ancien ministre d\u00e9l\u00e9gu\u00e9 \u00e0 la justice, aujourd\u2019hui \u00e2g\u00e9 de 69 ans risque de ne pas \u00eatre candidat \u00e0 la pr\u00e9sidentielle de 2025. La raison ? Son parti, le Mouvement pour la Renaissance du Cameroun (MRC) a boycott\u00e9 les l\u00e9gislatives et municipales de 2020, d\u00e9non\u00e7ant \u00ab un hold-up \u00e9lectoral \u00bb en pr\u00e9paration.<\/p>\n<p>Cette absence aux derni\u00e8res l\u00e9gislatives compromet fortement ses chances de participer \u00e0 la prochaine pr\u00e9sidentielle, \u00e9tant donn\u00e9 que le MRC qu\u2019il dirige n\u2019a aucun \u00e9lu sur l\u2019ensemble du territoire.<\/p>\n<p>Reste \u00e0 savoir s\u2019il optera pour une alliance avec un autre parti politique, ou s\u2019il choisira l\u2019option des parrainages.<\/p>\n<p>Mais depuis, l\u2019opposant tente de rassurer quant \u00e0 sa participation \u00e0 la pr\u00e9sidentielle, et exige la tenue de nouvelles l\u00e9gislatives et municipales, avant la pr\u00e9sidentielle.<\/p>\n<p>Les d\u00e9put\u00e9s et conseillers municipaux et d\u00e9put\u00e9s ayant \u00e9t\u00e9 \u00e9lus en f\u00e9vrier 2020 pour un mandat de 5 ans, cette option positionnerait les scrutins autour du mois de f\u00e9vrier 2025.<\/p>\n<p>Il faut tout de m\u00eame tenir compte du fait que dans l\u2019histoire du Cameroun depuis le retour du multipartisme en 1990, le pays n\u2019a jamais tenu des \u00e9lections l\u00e9gislatives municipales et pr\u00e9sidentielles la m\u00eame ann\u00e9e, \u00e0 l\u2019exception des l\u00e9gislatives de 1997, tenues s\u00e9par\u00e9ment des municipales.<\/p>\n<p>Les deux derniers scrutins coupl\u00e9s l\u00e9gislatives et municipales ont \u00e9t\u00e9 report\u00e9s. En 2012, c\u2019\u00e9tait pour donner du temps \u00e0 El\u00e9cam, l\u2019organe en charge des \u00e9lections dans le pays, r\u00e9cemment mis en place de se consolider et de r\u00e9unir les moyens mat\u00e9riels et financiers.<\/p>\n<p>En 2018, l\u2019\u00e9lection a \u00e9t\u00e9 report\u00e9e pour un an en juillet, mais ne s\u2019est finalement tenue qu\u2019en f\u00e9vrier 2020, sur la sollicitation de la pr\u00e9sidence de la R\u00e9publique, expliquant aux d\u00e9put\u00e9s que \u00ab\u00a0La tenue au cours de l&rsquo;ann\u00e9e 2018 des \u00e9lections pr\u00e9sidentielle, l\u00e9gislatives et municipales sensiblement aux m\u00eames p\u00e9riodes rend difficile leur organisation mat\u00e9rielle, \u00e0 cause du chevauchement des op\u00e9rations \u00e9lectorales.\u00a0\u00bb<\/p>\n<p>En attendant, le Mouvement Pour la Renaissance du Cameroun entend organiser une convention les 9 et 10 d\u00e9cembre prochain au palais des congr\u00e8s de Yaound\u00e9.<\/p>\n<p>Ev\u00e8nement pour lequel le parti attend toujours l\u2019autorisation de l\u2019autorit\u00e9 administrative comp\u00e9tente (le sous-pr\u00e9fet du premier arrondissement de Yaound\u00e9 Ndlr) depuis le d\u00e9p\u00f4t d\u2019une d\u00e9claration de manifestation \u00e0 son bureau, renseigne Maitre Christopher Ndong, secr\u00e9taire g\u00e9n\u00e9ral du MRC.<\/p>\n<p>Pr\u00e9sident de la commission \u00e9lectorale lors de ce congr\u00e8s, il a d\u00e9j\u00e0 \u00ab valid\u00e9 et invalid\u00e9 des candidatures pour la pr\u00e9sidence du parti et les a envoy\u00e9es \u00e0 Maurice Kamto \u00bb confie-t-il, avant de poursuivre \u00ab lorsqu\u2019il me fera un retour apr\u00e8s son avis, je publierai la liste \u00bb.<\/p>\n<p>Maurice Kamto est lui-m\u00eame candidat, selon la presse locale, m\u00eame si le concern\u00e9 ne s\u2019est pas encore prononc\u00e9 officiellement sur la question.<\/p>\n<p>L\u2019\u00e9ventualit\u00e9 de sa candidature a souvent \u00e9t\u00e9 contest\u00e9e au sein du parti. Deux virulents opposants \u00e0 cette candidature ont \u00e9t\u00e9 exclus du parti au cours des 6 derniers mois.<\/p>\n<p>Notamment Me Mich\u00e8le Ndoki, qui a appel\u00e9 clairement Maurice Kamto \u00e0 \u00ab ex\u00e9cuter le plan (alternance au sein du parti Ndrl) de d\u00e9part \u00bb et de ne pas se pr\u00e9senter, et d\u00e9nonc\u00e9 les \u00ab vagues de d\u00e9missions au sein du parti. \u00bb<\/p>\n<p>L\u2019avocate de 50 ans a \u00e9t\u00e9 exclue en juillet dernier pour \u00ab refus de se conformer \u00e0 la ligne politique et \u00e0 la discipline du parti \u00bb, selon la d\u00e9cision du parti.<\/p>\n<p>Pour elle, c\u2019\u00e9tait la suite logique des \u00e9v\u00e9nements, puisque \u00ab L\u2019objectif de mon exclusion \u00e9tait d\u2019emp\u00eacher ma candidature\u2026 Je suis exclue parce que j\u2019ai d\u00e9cid\u00e9 de m\u2019insurger contre la r\u00e9cup\u00e9ration du parti au service d\u2019un homme, et de ses ambitions \u00bb, a-t-elle confi\u00e9 \u00e0 une t\u00e9l\u00e9vision priv\u00e9e camerounaise, en r\u00e9action \u00e0 son exclusion d\u00e9finitive de la formation politique.<\/p>\n<p>Outre ces exclusions, plusieurs militants du parti ont d\u00e9missionn\u00e9, et plusieurs de ses militants de premier rang, comme le tr\u00e9sorier du parti, l\u2019universitaire Alain Fogue, ou encore le porte-parole de M. Kamto sont \u00e9crou\u00e9s pour 7 ans.<\/p>\n<p>Arr\u00eat\u00e9s avec des dizaines d\u2019autres militants, ils ont \u00e9t\u00e9 condamn\u00e9s pour \u00ab r\u00e9bellion et tentative d\u2019insurrection \u00bb apr\u00e8s avoir tent\u00e9 d\u2019organiser une marche pacifique en 2020, contre le gouvernement.<\/p>\n<p>Franck Biya, RDPC 2025, apr\u00e8s ou jamais ?<\/p>\n<p>C\u2019est l\u2019\u00e9l\u00e9ment nouveau au sein du parti au pouvoir. Franck Biya, fils a\u00een\u00e9 du pr\u00e9sident camerounais, a r\u00e9cemment pris la carte du parti que dirige son p\u00e8re depuis sa cr\u00e9ation en 1985.<\/p>\n<p>\u00c0 52 ans, on lui pr\u00eate depuis quelques ann\u00e9es, des ambitions pr\u00e9sidentielles, m\u00eame si lui-m\u00eame n&rsquo;a jamais pip\u00e9 sur le sujet.<\/p>\n<p>Mais les soup\u00e7ons vont bon train, depuis que les Camerounais voient cet homme d&rsquo;affaires op\u00e9rant dans le secteur de l&rsquo;exploitation foresti\u00e8re faire des apparitions publiques soit en tuniques du parti, soit lors des \u00e9v\u00e9nements sociaux comme ce fut le cas il y a quelques mois lors de l&rsquo;\u00e9boulement de terrain de Mbankollo \u00e0 Yaound\u00e9 .<\/p>\n<p>Lorsqu\u2019\u00e0 l\u2019occasion du 38e anniversaire du RDPC, le 6 novembre dernier, Franck Biya a prononc\u00e9 un discours dans lequel il faisait allusion \u00e0 son p\u00e8re comme \u00ab leader naturel du parti \u00bb et a sollicit\u00e9 le droit de r\u00e9serve sur les sujets politiques.<\/p>\n<p>Son acquisition de la carte de membre du parti, fait-il de lui un probable candidat \u00e0 la pr\u00e9sidentielle au nom du parti au pouvoir ?<\/p>\n<p>Pour le moment, on ne peut pas trop s\u2019avancer, il faudra certainement attendre le congr\u00e8s du parti, qui n\u2019a pas \u00e9t\u00e9 organis\u00e9 depuis 2011.<\/p>\n<p>C\u2019est dans cette instance que le pr\u00e9sident du parti, seul habilet\u00e9 \u00e0 repr\u00e9senter \u00ab\u00a0le parti du flambeau\u00a0\u00bb lors d\u2019une pr\u00e9sidentielle est d\u00e9sign\u00e9, et actuellement, c\u2019est Paul Biya, qui est \u00e0 ce poste depuis la cr\u00e9ation du parti il y a 38 ans.<\/p>\n<p>Compte-t-il le laisser ? Pour le moment, il maintient le suspense.<\/p>\n<p>Interrog\u00e9 en 2022 sur ses ambitions pour 2025, lors de la visite de son homologue fran\u00e7ais Emmanuel Macron \u00e0 Yaound\u00e9, le dirigeant de 90 ans a r\u00e9pondu \u00ab quand ce mandat (en cours) arrivera \u00e0 expiration, vous serez inform\u00e9s si je reste (au palais Ndlr) ou si je m\u2019en vais au village \u00bb.<\/p>\n<p>SDF, une premi\u00e8re sans Fru Ndi<\/p>\n<p>Le Social Democratic Front ira, s\u2019il le souhaite, \u00e0 des \u00e9lections pour la premi\u00e8re fois sans son fondateur, Ni John Fru Ndi, d\u00e9c\u00e9d\u00e9 en juin dernier et r\u00e9cemment inhum\u00e9.<\/p>\n<p>Le d\u00e9put\u00e9 Joshua Osih qui a r\u00e9cemment pris la t\u00eate du parti l\u2019avait d\u00e9j\u00e0 repr\u00e9sent\u00e9 en 2018 lors de la derni\u00e8re pr\u00e9sidentielle, o\u00f9 il est arriv\u00e9 4\u00e8me, avec 3,35 % de voix.<\/p>\n<p>Le parti, autre fois parmi les t\u00e9nors de la sc\u00e8ne politique, n\u2019a de cesse de son nombre d\u2019\u00e9lus et ses scores \u00e0 la pr\u00e9sidentielle d\u00e9gringoler.<\/p>\n<p>Apr\u00e8s avoir donn\u00e9 des sueurs froides au r\u00e9gime Biya en 1992 en perdant la pr\u00e9sidentielle avec une diff\u00e9rence de moins de 20 mille voix pour son candidat, Ni John Fru Ndi, face au pr\u00e9sident sortant, Paul Biya, le SDF n\u2019a plus jamais r\u00e9ussi \u00e0 aller au-del\u00e0 des 20% des suffrages \u00e0 la pr\u00e9sidentielle, et est parti de 43 d\u00e9put\u00e9s en 1997 \u00e0 seulement 5 pour la l\u00e9gislature en cours.<\/p>\n<p>Le parti vit depuis des ann\u00e9es au rythme des exclusions de militants qui tentent de ne pas se conformer aux r\u00e8gles du parti.<\/p>\n","protected":false},"excerpt":{"rendered":"<p>\u00c0 mesure qu\u2019on s\u2019\u00e9loigne de la pr\u00e9sidentielle de 2018, contest\u00e9e par le candidat arriv\u00e9 deuxi\u00e8me, et qu\u2019on se rapproche de celle de 2025, de nombreux changements interviennent dans la sc\u00e8ne politique. Ceux-ci pourraient \u00eatre d\u00e9terminants pour l\u2019issue du scrutin \u00e0 venir.<\/p>\n","protected":false},"author":12963,"featured_media":37015,"comment_status":"open","ping_status":"open","sticky":false,"template":"","format":"standard","meta":{"footnotes":""},"categories":[67,69],"tags":[81,78,82],"class_list":{"0":"post-37018","1":"post","2":"type-post","3":"status-publish","4":"format-standard","5":"has-post-thumbnail","7":"category-actualites","8":"category-politique","9":"tag-actualites","10":"tag-apie-project-2","11":"tag-politique"},"yoast_head":"<!-- This site is optimized with the Yoast SEO plugin v24.4 - https:\/\/yoast.com\/wordpress\/plugins\/seo\/ -->\n<title>Comment La Classe Politique Camerounaise Se Recompose \u00c0 Deux Ans De La Pr\u00e9sidentielle De 2025 - APIE NEWS<\/title>\n<meta name=\"robots\" content=\"index, follow, max-snippet:-1, max-image-preview:large, max-video-preview:-1\" \/>\n<link rel=\"canonical\" href=\"https:\/\/appsaf.apieproject.com\/news\/fr\/2023\/11\/30\/comment-la-classe-politique-camerounaise-se-recompose-a-deux-ans-de-la-presidentielle-de-2025\/\" \/>\n<meta property=\"og:locale\" content=\"fr_FR\" \/>\n<meta property=\"og:type\" content=\"article\" \/>\n<meta property=\"og:title\" content=\"Comment La Classe Politique Camerounaise Se Recompose \u00c0 Deux Ans De La Pr\u00e9sidentielle De 2025 - APIE NEWS\" \/>\n<meta property=\"og:description\" content=\"\u00c0 mesure qu\u2019on s\u2019\u00e9loigne de la pr\u00e9sidentielle de 2018, contest\u00e9e par le candidat arriv\u00e9 deuxi\u00e8me, et qu\u2019on se rapproche de celle de 2025, de nombreux changements interviennent dans la sc\u00e8ne politique. Ceux-ci pourraient \u00eatre d\u00e9terminants pour l\u2019issue du scrutin \u00e0 venir.\" \/>\n<meta property=\"og:url\" content=\"https:\/\/appsaf.apieproject.com\/news\/fr\/2023\/11\/30\/comment-la-classe-politique-camerounaise-se-recompose-a-deux-ans-de-la-presidentielle-de-2025\/\" \/>\n<meta property=\"og:site_name\" content=\"APIE NEWS\" \/>\n<meta property=\"article:publisher\" content=\"https:\/\/facebook.com\/apieproject\" \/>\n<meta property=\"article:published_time\" content=\"2023-11-30T04:09:19+00:00\" \/>\n<meta property=\"article:modified_time\" content=\"2023-11-30T04:09:21+00:00\" \/>\n<meta property=\"og:image\" content=\"https:\/\/appsaf.apieproject.com\/news\/wp-content\/uploads\/sites\/29\/2023\/11\/edfa1530-8d4a-11ee-835e-0ff56f3659b0-ed30b5dfef8f9d7bb40a40c16152f980.jpeg\" \/>\n\t<meta property=\"og:image:width\" content=\"800\" \/>\n\t<meta property=\"og:image:height\" content=\"450\" \/>\n\t<meta property=\"og:image:type\" content=\"image\/jpeg\" \/>\n<meta name=\"author\" content=\"staff\" \/>\n<meta name=\"twitter:card\" content=\"summary_large_image\" \/>\n<meta name=\"twitter:creator\" content=\"@apieproject\" \/>\n<meta name=\"twitter:site\" content=\"@apieproject\" \/>\n<meta name=\"twitter:label1\" content=\"\u00c9crit par\" \/>\n\t<meta name=\"twitter:data1\" content=\"staff\" \/>\n\t<meta name=\"twitter:label2\" content=\"Dur\u00e9e de lecture estim\u00e9e\" \/>\n\t<meta name=\"twitter:data2\" content=\"10 minutes\" \/>\n<script type=\"application\/ld+json\" class=\"yoast-schema-graph\">{\"@context\":\"https:\/\/schema.org\",\"@graph\":[{\"@type\":\"Article\",\"@id\":\"https:\/\/appsaf.apieproject.com\/news\/fr\/2023\/11\/30\/comment-la-classe-politique-camerounaise-se-recompose-a-deux-ans-de-la-presidentielle-de-2025\/#article\",\"isPartOf\":{\"@id\":\"https:\/\/appsaf.apieproject.com\/news\/fr\/2023\/11\/30\/comment-la-classe-politique-camerounaise-se-recompose-a-deux-ans-de-la-presidentielle-de-2025\/\"},\"author\":{\"name\":\"staff\",\"@id\":\"https:\/\/appsaf.apieproject.com\/news\/#\/schema\/person\/399517cac378948cd7b39086f9ddc2a7\"},\"headline\":\"Comment La Classe Politique Camerounaise Se Recompose \u00c0 Deux Ans De La Pr\u00e9sidentielle De 2025\",\"datePublished\":\"2023-11-30T04:09:19+00:00\",\"dateModified\":\"2023-11-30T04:09:21+00:00\",\"mainEntityOfPage\":{\"@id\":\"https:\/\/appsaf.apieproject.com\/news\/fr\/2023\/11\/30\/comment-la-classe-politique-camerounaise-se-recompose-a-deux-ans-de-la-presidentielle-de-2025\/\"},\"wordCount\":2046,\"commentCount\":0,\"publisher\":{\"@id\":\"https:\/\/appsaf.apieproject.com\/news\/#organization\"},\"image\":{\"@id\":\"https:\/\/appsaf.apieproject.com\/news\/fr\/2023\/11\/30\/comment-la-classe-politique-camerounaise-se-recompose-a-deux-ans-de-la-presidentielle-de-2025\/#primaryimage\"},\"thumbnailUrl\":\"https:\/\/appsaf.apieproject.com\/news\/wp-content\/uploads\/sites\/29\/2023\/11\/edfa1530-8d4a-11ee-835e-0ff56f3659b0-ed30b5dfef8f9d7bb40a40c16152f980.jpeg\",\"keywords\":[\"actualites\",\"apie project\",\"politique\"],\"articleSection\":[\"Actualit\u00e9s\",\"Politique\"],\"inLanguage\":\"fr-FR\",\"potentialAction\":[{\"@type\":\"CommentAction\",\"name\":\"Comment\",\"target\":[\"https:\/\/appsaf.apieproject.com\/news\/fr\/2023\/11\/30\/comment-la-classe-politique-camerounaise-se-recompose-a-deux-ans-de-la-presidentielle-de-2025\/#respond\"]}]},{\"@type\":\"WebPage\",\"@id\":\"https:\/\/appsaf.apieproject.com\/news\/fr\/2023\/11\/30\/comment-la-classe-politique-camerounaise-se-recompose-a-deux-ans-de-la-presidentielle-de-2025\/\",\"url\":\"https:\/\/appsaf.apieproject.com\/news\/fr\/2023\/11\/30\/comment-la-classe-politique-camerounaise-se-recompose-a-deux-ans-de-la-presidentielle-de-2025\/\",\"name\":\"Comment La Classe Politique Camerounaise Se Recompose \u00c0 Deux Ans De La Pr\u00e9sidentielle De 2025 - APIE NEWS\",\"isPartOf\":{\"@id\":\"https:\/\/appsaf.apieproject.com\/news\/#website\"},\"primaryImageOfPage\":{\"@id\":\"https:\/\/appsaf.apieproject.com\/news\/fr\/2023\/11\/30\/comment-la-classe-politique-camerounaise-se-recompose-a-deux-ans-de-la-presidentielle-de-2025\/#primaryimage\"},\"image\":{\"@id\":\"https:\/\/appsaf.apieproject.com\/news\/fr\/2023\/11\/30\/comment-la-classe-politique-camerounaise-se-recompose-a-deux-ans-de-la-presidentielle-de-2025\/#primaryimage\"},\"thumbnailUrl\":\"https:\/\/appsaf.apieproject.com\/news\/wp-content\/uploads\/sites\/29\/2023\/11\/edfa1530-8d4a-11ee-835e-0ff56f3659b0-ed30b5dfef8f9d7bb40a40c16152f980.jpeg\",\"datePublished\":\"2023-11-30T04:09:19+00:00\",\"dateModified\":\"2023-11-30T04:09:21+00:00\",\"breadcrumb\":{\"@id\":\"https:\/\/appsaf.apieproject.com\/news\/fr\/2023\/11\/30\/comment-la-classe-politique-camerounaise-se-recompose-a-deux-ans-de-la-presidentielle-de-2025\/#breadcrumb\"},\"inLanguage\":\"fr-FR\",\"potentialAction\":[{\"@type\":\"ReadAction\",\"target\":[\"https:\/\/appsaf.apieproject.com\/news\/fr\/2023\/11\/30\/comment-la-classe-politique-camerounaise-se-recompose-a-deux-ans-de-la-presidentielle-de-2025\/\"]}]},{\"@type\":\"ImageObject\",\"inLanguage\":\"fr-FR\",\"@id\":\"https:\/\/appsaf.apieproject.com\/news\/fr\/2023\/11\/30\/comment-la-classe-politique-camerounaise-se-recompose-a-deux-ans-de-la-presidentielle-de-2025\/#primaryimage\",\"url\":\"https:\/\/appsaf.apieproject.com\/news\/wp-content\/uploads\/sites\/29\/2023\/11\/edfa1530-8d4a-11ee-835e-0ff56f3659b0-ed30b5dfef8f9d7bb40a40c16152f980.jpeg\",\"contentUrl\":\"https:\/\/appsaf.apieproject.com\/news\/wp-content\/uploads\/sites\/29\/2023\/11\/edfa1530-8d4a-11ee-835e-0ff56f3659b0-ed30b5dfef8f9d7bb40a40c16152f980.jpeg\",\"width\":800,\"height\":450},{\"@type\":\"BreadcrumbList\",\"@id\":\"https:\/\/appsaf.apieproject.com\/news\/fr\/2023\/11\/30\/comment-la-classe-politique-camerounaise-se-recompose-a-deux-ans-de-la-presidentielle-de-2025\/#breadcrumb\",\"itemListElement\":[{\"@type\":\"ListItem\",\"position\":1,\"name\":\"Home\",\"item\":\"https:\/\/appsaf.apieproject.com\/news\/fr\/home\/\"},{\"@type\":\"ListItem\",\"position\":2,\"name\":\"Comment La Classe Politique Camerounaise Se Recompose \u00c0 Deux Ans De La Pr\u00e9sidentielle De 2025\"}]},{\"@type\":\"WebSite\",\"@id\":\"https:\/\/appsaf.apieproject.com\/news\/#website\",\"url\":\"https:\/\/appsaf.apieproject.com\/news\/\",\"name\":\"APIE NEWS\",\"description\":\"PANAFRICANISM NEWS PORTAL\",\"publisher\":{\"@id\":\"https:\/\/appsaf.apieproject.com\/news\/#organization\"},\"potentialAction\":[{\"@type\":\"SearchAction\",\"target\":{\"@type\":\"EntryPoint\",\"urlTemplate\":\"https:\/\/appsaf.apieproject.com\/news\/?s={search_term_string}\"},\"query-input\":{\"@type\":\"PropertyValueSpecification\",\"valueRequired\":true,\"valueName\":\"search_term_string\"}}],\"inLanguage\":\"fr-FR\"},{\"@type\":\"Organization\",\"@id\":\"https:\/\/appsaf.apieproject.com\/news\/#organization\",\"name\":\"APIE PROJECT\",\"url\":\"https:\/\/appsaf.apieproject.com\/news\/\",\"logo\":{\"@type\":\"ImageObject\",\"inLanguage\":\"fr-FR\",\"@id\":\"https:\/\/appsaf.apieproject.com\/news\/#\/schema\/logo\/image\/\",\"url\":\"https:\/\/appsaf.apieproject.com\/news\/wp-content\/uploads\/sites\/29\/2022\/07\/logo-R-TransparentBackground.png\",\"contentUrl\":\"https:\/\/appsaf.apieproject.com\/news\/wp-content\/uploads\/sites\/29\/2022\/07\/logo-R-TransparentBackground.png\",\"width\":512,\"height\":512,\"caption\":\"APIE PROJECT\"},\"image\":{\"@id\":\"https:\/\/appsaf.apieproject.com\/news\/#\/schema\/logo\/image\/\"},\"sameAs\":[\"https:\/\/facebook.com\/apieproject\",\"https:\/\/x.com\/apieproject\"]},{\"@type\":\"Person\",\"@id\":\"https:\/\/appsaf.apieproject.com\/news\/#\/schema\/person\/399517cac378948cd7b39086f9ddc2a7\",\"name\":\"staff\",\"image\":{\"@type\":\"ImageObject\",\"inLanguage\":\"fr-FR\",\"@id\":\"https:\/\/appsaf.apieproject.com\/news\/#\/schema\/person\/image\/\",\"url\":\"https:\/\/secure.gravatar.com\/avatar\/5386283c5db150efe261184bd59f072a?s=96&d=mm&r=g\",\"contentUrl\":\"https:\/\/secure.gravatar.com\/avatar\/5386283c5db150efe261184bd59f072a?s=96&d=mm&r=g\",\"caption\":\"staff\"},\"url\":\"https:\/\/appsaf.apieproject.com\/news\/fr\/author\/staff\/\"}]}<\/script>\n<!-- \/ Yoast SEO plugin. -->","yoast_head_json":{"title":"Comment La Classe Politique Camerounaise Se Recompose \u00c0 Deux Ans De La Pr\u00e9sidentielle De 2025 - APIE NEWS","robots":{"index":"index","follow":"follow","max-snippet":"max-snippet:-1","max-image-preview":"max-image-preview:large","max-video-preview":"max-video-preview:-1"},"canonical":"https:\/\/appsaf.apieproject.com\/news\/fr\/2023\/11\/30\/comment-la-classe-politique-camerounaise-se-recompose-a-deux-ans-de-la-presidentielle-de-2025\/","og_locale":"fr_FR","og_type":"article","og_title":"Comment La Classe Politique Camerounaise Se Recompose \u00c0 Deux Ans De La Pr\u00e9sidentielle De 2025 - APIE NEWS","og_description":"\u00c0 mesure qu\u2019on s\u2019\u00e9loigne de la pr\u00e9sidentielle de 2018, contest\u00e9e par le candidat arriv\u00e9 deuxi\u00e8me, et qu\u2019on se rapproche de celle de 2025, de nombreux changements interviennent dans la sc\u00e8ne politique. Ceux-ci pourraient \u00eatre d\u00e9terminants pour l\u2019issue du scrutin \u00e0 venir.","og_url":"https:\/\/appsaf.apieproject.com\/news\/fr\/2023\/11\/30\/comment-la-classe-politique-camerounaise-se-recompose-a-deux-ans-de-la-presidentielle-de-2025\/","og_site_name":"APIE NEWS","article_publisher":"https:\/\/facebook.com\/apieproject","article_published_time":"2023-11-30T04:09:19+00:00","article_modified_time":"2023-11-30T04:09:21+00:00","og_image":[{"width":800,"height":450,"url":"https:\/\/appsaf.apieproject.com\/news\/wp-content\/uploads\/sites\/29\/2023\/11\/edfa1530-8d4a-11ee-835e-0ff56f3659b0-ed30b5dfef8f9d7bb40a40c16152f980.jpeg","type":"image\/jpeg"}],"author":"staff","twitter_card":"summary_large_image","twitter_creator":"@apieproject","twitter_site":"@apieproject","twitter_misc":{"\u00c9crit par":"staff","Dur\u00e9e de lecture estim\u00e9e":"10 minutes"},"schema":{"@context":"https:\/\/schema.org","@graph":[{"@type":"Article","@id":"https:\/\/appsaf.apieproject.com\/news\/fr\/2023\/11\/30\/comment-la-classe-politique-camerounaise-se-recompose-a-deux-ans-de-la-presidentielle-de-2025\/#article","isPartOf":{"@id":"https:\/\/appsaf.apieproject.com\/news\/fr\/2023\/11\/30\/comment-la-classe-politique-camerounaise-se-recompose-a-deux-ans-de-la-presidentielle-de-2025\/"},"author":{"name":"staff","@id":"https:\/\/appsaf.apieproject.com\/news\/#\/schema\/person\/399517cac378948cd7b39086f9ddc2a7"},"headline":"Comment La Classe Politique Camerounaise Se Recompose \u00c0 Deux Ans De La Pr\u00e9sidentielle De 2025","datePublished":"2023-11-30T04:09:19+00:00","dateModified":"2023-11-30T04:09:21+00:00","mainEntityOfPage":{"@id":"https:\/\/appsaf.apieproject.com\/news\/fr\/2023\/11\/30\/comment-la-classe-politique-camerounaise-se-recompose-a-deux-ans-de-la-presidentielle-de-2025\/"},"wordCount":2046,"commentCount":0,"publisher":{"@id":"https:\/\/appsaf.apieproject.com\/news\/#organization"},"image":{"@id":"https:\/\/appsaf.apieproject.com\/news\/fr\/2023\/11\/30\/comment-la-classe-politique-camerounaise-se-recompose-a-deux-ans-de-la-presidentielle-de-2025\/#primaryimage"},"thumbnailUrl":"https:\/\/appsaf.apieproject.com\/news\/wp-content\/uploads\/sites\/29\/2023\/11\/edfa1530-8d4a-11ee-835e-0ff56f3659b0-ed30b5dfef8f9d7bb40a40c16152f980.jpeg","keywords":["actualites","apie project","politique"],"articleSection":["Actualit\u00e9s","Politique"],"inLanguage":"fr-FR","potentialAction":[{"@type":"CommentAction","name":"Comment","target":["https:\/\/appsaf.apieproject.com\/news\/fr\/2023\/11\/30\/comment-la-classe-politique-camerounaise-se-recompose-a-deux-ans-de-la-presidentielle-de-2025\/#respond"]}]},{"@type":"WebPage","@id":"https:\/\/appsaf.apieproject.com\/news\/fr\/2023\/11\/30\/comment-la-classe-politique-camerounaise-se-recompose-a-deux-ans-de-la-presidentielle-de-2025\/","url":"https:\/\/appsaf.apieproject.com\/news\/fr\/2023\/11\/30\/comment-la-classe-politique-camerounaise-se-recompose-a-deux-ans-de-la-presidentielle-de-2025\/","name":"Comment La Classe Politique Camerounaise Se Recompose \u00c0 Deux Ans De La Pr\u00e9sidentielle De 2025 - APIE NEWS","isPartOf":{"@id":"https:\/\/appsaf.apieproject.com\/news\/#website"},"primaryImageOfPage":{"@id":"https:\/\/appsaf.apieproject.com\/news\/fr\/2023\/11\/30\/comment-la-classe-politique-camerounaise-se-recompose-a-deux-ans-de-la-presidentielle-de-2025\/#primaryimage"},"image":{"@id":"https:\/\/appsaf.apieproject.com\/news\/fr\/2023\/11\/30\/comment-la-classe-politique-camerounaise-se-recompose-a-deux-ans-de-la-presidentielle-de-2025\/#primaryimage"},"thumbnailUrl":"https:\/\/appsaf.apieproject.com\/news\/wp-content\/uploads\/sites\/29\/2023\/11\/edfa1530-8d4a-11ee-835e-0ff56f3659b0-ed30b5dfef8f9d7bb40a40c16152f980.jpeg","datePublished":"2023-11-30T04:09:19+00:00","dateModified":"2023-11-30T04:09:21+00:00","breadcrumb":{"@id":"https:\/\/appsaf.apieproject.com\/news\/fr\/2023\/11\/30\/comment-la-classe-politique-camerounaise-se-recompose-a-deux-ans-de-la-presidentielle-de-2025\/#breadcrumb"},"inLanguage":"fr-FR","potentialAction":[{"@type":"ReadAction","target":["https:\/\/appsaf.apieproject.com\/news\/fr\/2023\/11\/30\/comment-la-classe-politique-camerounaise-se-recompose-a-deux-ans-de-la-presidentielle-de-2025\/"]}]},{"@type":"ImageObject","inLanguage":"fr-FR","@id":"https:\/\/appsaf.apieproject.com\/news\/fr\/2023\/11\/30\/comment-la-classe-politique-camerounaise-se-recompose-a-deux-ans-de-la-presidentielle-de-2025\/#primaryimage","url":"https:\/\/appsaf.apieproject.com\/news\/wp-content\/uploads\/sites\/29\/2023\/11\/edfa1530-8d4a-11ee-835e-0ff56f3659b0-ed30b5dfef8f9d7bb40a40c16152f980.jpeg","contentUrl":"https:\/\/appsaf.apieproject.com\/news\/wp-content\/uploads\/sites\/29\/2023\/11\/edfa1530-8d4a-11ee-835e-0ff56f3659b0-ed30b5dfef8f9d7bb40a40c16152f980.jpeg","width":800,"height":450},{"@type":"BreadcrumbList","@id":"https:\/\/appsaf.apieproject.com\/news\/fr\/2023\/11\/30\/comment-la-classe-politique-camerounaise-se-recompose-a-deux-ans-de-la-presidentielle-de-2025\/#breadcrumb","itemListElement":[{"@type":"ListItem","position":1,"name":"Home","item":"https:\/\/appsaf.apieproject.com\/news\/fr\/home\/"},{"@type":"ListItem","position":2,"name":"Comment La Classe Politique Camerounaise Se Recompose \u00c0 Deux Ans De La Pr\u00e9sidentielle De 2025"}]},{"@type":"WebSite","@id":"https:\/\/appsaf.apieproject.com\/news\/#website","url":"https:\/\/appsaf.apieproject.com\/news\/","name":"APIE NEWS","description":"PANAFRICANISM NEWS PORTAL","publisher":{"@id":"https:\/\/appsaf.apieproject.com\/news\/#organization"},"potentialAction":[{"@type":"SearchAction","target":{"@type":"EntryPoint","urlTemplate":"https:\/\/appsaf.apieproject.com\/news\/?s={search_term_string}"},"query-input":{"@type":"PropertyValueSpecification","valueRequired":true,"valueName":"search_term_string"}}],"inLanguage":"fr-FR"},{"@type":"Organization","@id":"https:\/\/appsaf.apieproject.com\/news\/#organization","name":"APIE PROJECT","url":"https:\/\/appsaf.apieproject.com\/news\/","logo":{"@type":"ImageObject","inLanguage":"fr-FR","@id":"https:\/\/appsaf.apieproject.com\/news\/#\/schema\/logo\/image\/","url":"https:\/\/appsaf.apieproject.com\/news\/wp-content\/uploads\/sites\/29\/2022\/07\/logo-R-TransparentBackground.png","contentUrl":"https:\/\/appsaf.apieproject.com\/news\/wp-content\/uploads\/sites\/29\/2022\/07\/logo-R-TransparentBackground.png","width":512,"height":512,"caption":"APIE PROJECT"},"image":{"@id":"https:\/\/appsaf.apieproject.com\/news\/#\/schema\/logo\/image\/"},"sameAs":["https:\/\/facebook.com\/apieproject","https:\/\/x.com\/apieproject"]},{"@type":"Person","@id":"https:\/\/appsaf.apieproject.com\/news\/#\/schema\/person\/399517cac378948cd7b39086f9ddc2a7","name":"staff","image":{"@type":"ImageObject","inLanguage":"fr-FR","@id":"https:\/\/appsaf.apieproject.com\/news\/#\/schema\/person\/image\/","url":"https:\/\/secure.gravatar.com\/avatar\/5386283c5db150efe261184bd59f072a?s=96&d=mm&r=g","contentUrl":"https:\/\/secure.gravatar.com\/avatar\/5386283c5db150efe261184bd59f072a?s=96&d=mm&r=g","caption":"staff"},"url":"https:\/\/appsaf.apieproject.com\/news\/fr\/author\/staff\/"}]}},"_links":{"self":[{"href":"https:\/\/appsaf.apieproject.com\/news\/fr\/wp-json\/wp\/v2\/posts\/37018","targetHints":{"allow":["GET"]}}],"collection":[{"href":"https:\/\/appsaf.apieproject.com\/news\/fr\/wp-json\/wp\/v2\/posts"}],"about":[{"href":"https:\/\/appsaf.apieproject.com\/news\/fr\/wp-json\/wp\/v2\/types\/post"}],"author":[{"embeddable":true,"href":"https:\/\/appsaf.apieproject.com\/news\/fr\/wp-json\/wp\/v2\/users\/12963"}],"replies":[{"embeddable":true,"href":"https:\/\/appsaf.apieproject.com\/news\/fr\/wp-json\/wp\/v2\/comments?post=37018"}],"version-history":[{"count":1,"href":"https:\/\/appsaf.apieproject.com\/news\/fr\/wp-json\/wp\/v2\/posts\/37018\/revisions"}],"predecessor-version":[{"id":37212,"href":"https:\/\/appsaf.apieproject.com\/news\/fr\/wp-json\/wp\/v2\/posts\/37018\/revisions\/37212"}],"wp:featuredmedia":[{"embeddable":true,"href":"https:\/\/appsaf.apieproject.com\/news\/fr\/wp-json\/wp\/v2\/media\/37015"}],"wp:attachment":[{"href":"https:\/\/appsaf.apieproject.com\/news\/fr\/wp-json\/wp\/v2\/media?parent=37018"}],"wp:term":[{"taxonomy":"category","embeddable":true,"href":"https:\/\/appsaf.apieproject.com\/news\/fr\/wp-json\/wp\/v2\/categories?post=37018"},{"taxonomy":"post_tag","embeddable":true,"href":"https:\/\/appsaf.apieproject.com\/news\/fr\/wp-json\/wp\/v2\/tags?post=37018"}],"curies":[{"name":"wp","href":"https:\/\/api.w.org\/{rel}","templated":true}]}}