{"id":37022,"date":"2023-11-30T04:10:46","date_gmt":"2023-11-30T04:10:46","guid":{"rendered":"https:\/\/appsaf.apieproject.com\/news\/?p=37022"},"modified":"2023-11-30T04:10:48","modified_gmt":"2023-11-30T04:10:48","slug":"des-biens-de-lemir-abdelkader-bientot-de-retour-en-algerie","status":"publish","type":"post","link":"https:\/\/appsaf.apieproject.com\/news\/fr\/2023\/11\/30\/des-biens-de-lemir-abdelkader-bientot-de-retour-en-algerie\/","title":{"rendered":"Des Biens De L\u2019\u00c9mir Abdelkader Bient\u00f4t De Retour En Alg\u00e9rie ?"},"content":{"rendered":"<p>Aux derni\u00e8res trav\u00e9es d\u2019une ann\u00e9e 2023 au cours de laquelle les relations France-Alg\u00e9rie ont fait grincer quelques incisives, au rythme du cha-cha-cha diplomatique Macron-Tebboune, la Commission mixte sur la colonisation tente de se frayer un chemin \u00e0 perspective historique. M\u00eame si les moyens mis en \u0153uvre ne semblent pas suffisants, tant aux dires des historiens alg\u00e9riens que de leurs coll\u00e8gues fran\u00e7ais, l\u2019ar\u00e9opage progresse, conscient qu\u2019il marche sur des \u0153ufs, tentant d\u2019extraire aux tabous les points de convergence.<\/p>\n<p>Logique des restitutions<br \/>\nCharg\u00e9e, depuis ao\u00fbt 2022, de faire la lumi\u00e8re sur le pass\u00e9 commun des deux pays, du d\u00e9but de la colonisation \u00e0 la fin de la guerre d\u2019ind\u00e9pendance, la commission s\u2019est r\u00e9unie pour la premi\u00e8re fois en Alg\u00e9rie, \u00e0 Constantine il y a quelques jours. La rencontre suivait une visioconf\u00e9rence en avril, et une r\u00e9union parisienne, en pr\u00e9sentiel, en juin. Les dix historiens viennent de rendre publiques leurs recommandations.<\/p>\n<p>Plus de six d\u00e9cennies apr\u00e8s les accords d\u2019Evian, les membres de la commission sugg\u00e8rent la poursuite acad\u00e9mique de \u00ab la r\u00e9alisation d\u2019une bibliographie commune des recherches et des sources imprim\u00e9es et manuscrites sur le XIXe si\u00e8cle \u00bb et la mise en \u0153uvre d\u2019un \u00ab programme d\u2019\u00e9change et de coop\u00e9ration scientifique comprenant des missions d\u2019\u00e9tudiants et de chercheurs alg\u00e9riens en France et de missions fran\u00e7aises en Alg\u00e9rie pour consulter les archives \u00bb. L\u2019objectif est l\u2019\u00e9tablissement d\u2019une chronologie consensuelle des crimes coloniaux. Du moyen terme \u2013 voire long terme \u2013 qui ne surprend gu\u00e8re, mais qui a le m\u00e9rite d\u2019opposer aux filigranes politiciens le s\u00e9rieux de d\u00e9marches universitaires.<\/p>\n<p>Pour ne pas faire b\u00e2iller avec du pur intellectualisme, les commissaires ont d\u00fb recommander des actes plus prosa\u00efques et potentiellement porteurs de court terme, suggestions inscrites dans la logique des restitutions qui jalonnent d\u00e9j\u00e0 le calendrier culturel franco-africain. Les historiens fran\u00e7ais et alg\u00e9riens proposent notamment la restitution \u00e0 l\u2019Alg\u00e9rie de \u00ab tous les biens symbolisant la souverainet\u00e9 de l\u2019\u00c9tat \u00bb de l\u2019\u00e9mir Abdelkader ibn Muhieddine, acteur mythique de la lutte anticoloniale \u00e0 qui l\u2019on attribue les pr\u00e9mices d\u2019un \u00c9tat alg\u00e9rien. Les d\u00e9bats devraient continuer sur le renvoi, en Alg\u00e9rie, de documents num\u00e9ris\u00e9s, de rouleaux, d\u2019archives, d\u2019un certain nombre de cr\u00e2nes de r\u00e9sistants et d\u2019autres restes du XIXe si\u00e8cle susceptibles d\u2019\u00eatre identifi\u00e9s.<\/p>\n<p>Certes, les commissions de cet acabit ont des avis essentiellement consultatifs qui doivent passer \u00e0 la moulinette des interpr\u00e8tes politiques. Rendez-vous aux prochaines r\u00e9unions\u2026<\/p>\n","protected":false},"excerpt":{"rendered":"<p>Apr\u00e8s une troisi\u00e8me r\u00e9union, dix historiens fran\u00e7ais et alg\u00e9riens sugg\u00e8rent l\u2019\u00e9tablissement d\u2019une chronologie des crimes coloniaux et la restitution des biens de l\u2019\u00e9mir Abdelkader.<\/p>\n","protected":false},"author":12963,"featured_media":37019,"comment_status":"open","ping_status":"open","sticky":false,"template":"","format":"standard","meta":{"footnotes":""},"categories":[67,69],"tags":[81,78,82],"class_list":{"0":"post-37022","1":"post","2":"type-post","3":"status-publish","4":"format-standard","5":"has-post-thumbnail","7":"category-actualites","8":"category-politique","9":"tag-actualites","10":"tag-apie-project-2","11":"tag-politique"},"yoast_head":"<!-- This site is optimized with the Yoast SEO plugin v24.4 - https:\/\/yoast.com\/wordpress\/plugins\/seo\/ -->\n<title>Des Biens De L\u2019\u00c9mir Abdelkader Bient\u00f4t De Retour En Alg\u00e9rie ? - APIE NEWS<\/title>\n<meta name=\"robots\" content=\"index, follow, max-snippet:-1, max-image-preview:large, max-video-preview:-1\" \/>\n<link rel=\"canonical\" href=\"https:\/\/appsaf.apieproject.com\/news\/fr\/2023\/11\/30\/des-biens-de-lemir-abdelkader-bientot-de-retour-en-algerie\/\" \/>\n<meta property=\"og:locale\" content=\"fr_FR\" \/>\n<meta property=\"og:type\" content=\"article\" \/>\n<meta property=\"og:title\" content=\"Des Biens De L\u2019\u00c9mir Abdelkader Bient\u00f4t De Retour En Alg\u00e9rie ? - APIE NEWS\" \/>\n<meta property=\"og:description\" content=\"Apr\u00e8s une troisi\u00e8me r\u00e9union, dix historiens fran\u00e7ais et alg\u00e9riens sugg\u00e8rent l\u2019\u00e9tablissement d\u2019une chronologie des crimes coloniaux et la restitution des biens de l\u2019\u00e9mir Abdelkader.\" \/>\n<meta property=\"og:url\" content=\"https:\/\/appsaf.apieproject.com\/news\/fr\/2023\/11\/30\/des-biens-de-lemir-abdelkader-bientot-de-retour-en-algerie\/\" \/>\n<meta property=\"og:site_name\" content=\"APIE NEWS\" \/>\n<meta property=\"article:publisher\" content=\"https:\/\/facebook.com\/apieproject\" \/>\n<meta property=\"article:published_time\" content=\"2023-11-30T04:10:46+00:00\" \/>\n<meta property=\"article:modified_time\" content=\"2023-11-30T04:10:48+00:00\" \/>\n<meta property=\"og:image\" content=\"https:\/\/appsaf.apieproject.com\/news\/wp-content\/uploads\/sites\/29\/2023\/11\/commission_france__algerie_emir_abdelkader_lrjpg-7db43b34c58518521c375f9b287ab29c.jpg\" \/>\n\t<meta property=\"og:image:width\" content=\"1215\" \/>\n\t<meta property=\"og:image:height\" content=\"810\" \/>\n\t<meta property=\"og:image:type\" content=\"image\/jpeg\" \/>\n<meta name=\"author\" content=\"staff\" \/>\n<meta name=\"twitter:card\" content=\"summary_large_image\" \/>\n<meta name=\"twitter:creator\" content=\"@apieproject\" \/>\n<meta name=\"twitter:site\" content=\"@apieproject\" \/>\n<meta name=\"twitter:label1\" content=\"\u00c9crit par\" \/>\n\t<meta name=\"twitter:data1\" content=\"staff\" \/>\n\t<meta name=\"twitter:label2\" content=\"Dur\u00e9e de lecture estim\u00e9e\" \/>\n\t<meta name=\"twitter:data2\" content=\"2 minutes\" \/>\n<script type=\"application\/ld+json\" class=\"yoast-schema-graph\">{\"@context\":\"https:\/\/schema.org\",\"@graph\":[{\"@type\":\"Article\",\"@id\":\"https:\/\/appsaf.apieproject.com\/news\/fr\/2023\/11\/30\/des-biens-de-lemir-abdelkader-bientot-de-retour-en-algerie\/#article\",\"isPartOf\":{\"@id\":\"https:\/\/appsaf.apieproject.com\/news\/fr\/2023\/11\/30\/des-biens-de-lemir-abdelkader-bientot-de-retour-en-algerie\/\"},\"author\":{\"name\":\"staff\",\"@id\":\"https:\/\/appsaf.apieproject.com\/news\/#\/schema\/person\/399517cac378948cd7b39086f9ddc2a7\"},\"headline\":\"Des Biens De L\u2019\u00c9mir Abdelkader Bient\u00f4t De Retour En Alg\u00e9rie ?\",\"datePublished\":\"2023-11-30T04:10:46+00:00\",\"dateModified\":\"2023-11-30T04:10:48+00:00\",\"mainEntityOfPage\":{\"@id\":\"https:\/\/appsaf.apieproject.com\/news\/fr\/2023\/11\/30\/des-biens-de-lemir-abdelkader-bientot-de-retour-en-algerie\/\"},\"wordCount\":463,\"commentCount\":0,\"publisher\":{\"@id\":\"https:\/\/appsaf.apieproject.com\/news\/#organization\"},\"image\":{\"@id\":\"https:\/\/appsaf.apieproject.com\/news\/fr\/2023\/11\/30\/des-biens-de-lemir-abdelkader-bientot-de-retour-en-algerie\/#primaryimage\"},\"thumbnailUrl\":\"https:\/\/appsaf.apieproject.com\/news\/wp-content\/uploads\/sites\/29\/2023\/11\/commission_france__algerie_emir_abdelkader_lrjpg-7db43b34c58518521c375f9b287ab29c.jpg\",\"keywords\":[\"actualites\",\"apie project\",\"politique\"],\"articleSection\":[\"Actualit\u00e9s\",\"Politique\"],\"inLanguage\":\"fr-FR\",\"potentialAction\":[{\"@type\":\"CommentAction\",\"name\":\"Comment\",\"target\":[\"https:\/\/appsaf.apieproject.com\/news\/fr\/2023\/11\/30\/des-biens-de-lemir-abdelkader-bientot-de-retour-en-algerie\/#respond\"]}]},{\"@type\":\"WebPage\",\"@id\":\"https:\/\/appsaf.apieproject.com\/news\/fr\/2023\/11\/30\/des-biens-de-lemir-abdelkader-bientot-de-retour-en-algerie\/\",\"url\":\"https:\/\/appsaf.apieproject.com\/news\/fr\/2023\/11\/30\/des-biens-de-lemir-abdelkader-bientot-de-retour-en-algerie\/\",\"name\":\"Des Biens De L\u2019\u00c9mir Abdelkader Bient\u00f4t De Retour En Alg\u00e9rie ? - APIE NEWS\",\"isPartOf\":{\"@id\":\"https:\/\/appsaf.apieproject.com\/news\/#website\"},\"primaryImageOfPage\":{\"@id\":\"https:\/\/appsaf.apieproject.com\/news\/fr\/2023\/11\/30\/des-biens-de-lemir-abdelkader-bientot-de-retour-en-algerie\/#primaryimage\"},\"image\":{\"@id\":\"https:\/\/appsaf.apieproject.com\/news\/fr\/2023\/11\/30\/des-biens-de-lemir-abdelkader-bientot-de-retour-en-algerie\/#primaryimage\"},\"thumbnailUrl\":\"https:\/\/appsaf.apieproject.com\/news\/wp-content\/uploads\/sites\/29\/2023\/11\/commission_france__algerie_emir_abdelkader_lrjpg-7db43b34c58518521c375f9b287ab29c.jpg\",\"datePublished\":\"2023-11-30T04:10:46+00:00\",\"dateModified\":\"2023-11-30T04:10:48+00:00\",\"breadcrumb\":{\"@id\":\"https:\/\/appsaf.apieproject.com\/news\/fr\/2023\/11\/30\/des-biens-de-lemir-abdelkader-bientot-de-retour-en-algerie\/#breadcrumb\"},\"inLanguage\":\"fr-FR\",\"potentialAction\":[{\"@type\":\"ReadAction\",\"target\":[\"https:\/\/appsaf.apieproject.com\/news\/fr\/2023\/11\/30\/des-biens-de-lemir-abdelkader-bientot-de-retour-en-algerie\/\"]}]},{\"@type\":\"ImageObject\",\"inLanguage\":\"fr-FR\",\"@id\":\"https:\/\/appsaf.apieproject.com\/news\/fr\/2023\/11\/30\/des-biens-de-lemir-abdelkader-bientot-de-retour-en-algerie\/#primaryimage\",\"url\":\"https:\/\/appsaf.apieproject.com\/news\/wp-content\/uploads\/sites\/29\/2023\/11\/commission_france__algerie_emir_abdelkader_lrjpg-7db43b34c58518521c375f9b287ab29c.jpg\",\"contentUrl\":\"https:\/\/appsaf.apieproject.com\/news\/wp-content\/uploads\/sites\/29\/2023\/11\/commission_france__algerie_emir_abdelkader_lrjpg-7db43b34c58518521c375f9b287ab29c.jpg\",\"width\":1215,\"height\":810},{\"@type\":\"BreadcrumbList\",\"@id\":\"https:\/\/appsaf.apieproject.com\/news\/fr\/2023\/11\/30\/des-biens-de-lemir-abdelkader-bientot-de-retour-en-algerie\/#breadcrumb\",\"itemListElement\":[{\"@type\":\"ListItem\",\"position\":1,\"name\":\"Home\",\"item\":\"https:\/\/appsaf.apieproject.com\/news\/fr\/home\/\"},{\"@type\":\"ListItem\",\"position\":2,\"name\":\"Des Biens De L\u2019\u00c9mir Abdelkader Bient\u00f4t De Retour En Alg\u00e9rie ?\"}]},{\"@type\":\"WebSite\",\"@id\":\"https:\/\/appsaf.apieproject.com\/news\/#website\",\"url\":\"https:\/\/appsaf.apieproject.com\/news\/\",\"name\":\"APIE NEWS\",\"description\":\"PANAFRICANISM NEWS PORTAL\",\"publisher\":{\"@id\":\"https:\/\/appsaf.apieproject.com\/news\/#organization\"},\"potentialAction\":[{\"@type\":\"SearchAction\",\"target\":{\"@type\":\"EntryPoint\",\"urlTemplate\":\"https:\/\/appsaf.apieproject.com\/news\/?s={search_term_string}\"},\"query-input\":{\"@type\":\"PropertyValueSpecification\",\"valueRequired\":true,\"valueName\":\"search_term_string\"}}],\"inLanguage\":\"fr-FR\"},{\"@type\":\"Organization\",\"@id\":\"https:\/\/appsaf.apieproject.com\/news\/#organization\",\"name\":\"APIE PROJECT\",\"url\":\"https:\/\/appsaf.apieproject.com\/news\/\",\"logo\":{\"@type\":\"ImageObject\",\"inLanguage\":\"fr-FR\",\"@id\":\"https:\/\/appsaf.apieproject.com\/news\/#\/schema\/logo\/image\/\",\"url\":\"https:\/\/appsaf.apieproject.com\/news\/wp-content\/uploads\/sites\/29\/2022\/07\/logo-R-TransparentBackground.png\",\"contentUrl\":\"https:\/\/appsaf.apieproject.com\/news\/wp-content\/uploads\/sites\/29\/2022\/07\/logo-R-TransparentBackground.png\",\"width\":512,\"height\":512,\"caption\":\"APIE PROJECT\"},\"image\":{\"@id\":\"https:\/\/appsaf.apieproject.com\/news\/#\/schema\/logo\/image\/\"},\"sameAs\":[\"https:\/\/facebook.com\/apieproject\",\"https:\/\/x.com\/apieproject\"]},{\"@type\":\"Person\",\"@id\":\"https:\/\/appsaf.apieproject.com\/news\/#\/schema\/person\/399517cac378948cd7b39086f9ddc2a7\",\"name\":\"staff\",\"image\":{\"@type\":\"ImageObject\",\"inLanguage\":\"fr-FR\",\"@id\":\"https:\/\/appsaf.apieproject.com\/news\/#\/schema\/person\/image\/\",\"url\":\"https:\/\/secure.gravatar.com\/avatar\/5386283c5db150efe261184bd59f072a?s=96&d=mm&r=g\",\"contentUrl\":\"https:\/\/secure.gravatar.com\/avatar\/5386283c5db150efe261184bd59f072a?s=96&d=mm&r=g\",\"caption\":\"staff\"},\"url\":\"https:\/\/appsaf.apieproject.com\/news\/fr\/author\/staff\/\"}]}<\/script>\n<!-- \/ Yoast SEO plugin. -->","yoast_head_json":{"title":"Des Biens De L\u2019\u00c9mir Abdelkader Bient\u00f4t De Retour En Alg\u00e9rie ? - APIE NEWS","robots":{"index":"index","follow":"follow","max-snippet":"max-snippet:-1","max-image-preview":"max-image-preview:large","max-video-preview":"max-video-preview:-1"},"canonical":"https:\/\/appsaf.apieproject.com\/news\/fr\/2023\/11\/30\/des-biens-de-lemir-abdelkader-bientot-de-retour-en-algerie\/","og_locale":"fr_FR","og_type":"article","og_title":"Des Biens De L\u2019\u00c9mir Abdelkader Bient\u00f4t De Retour En Alg\u00e9rie ? - APIE NEWS","og_description":"Apr\u00e8s une troisi\u00e8me r\u00e9union, dix historiens fran\u00e7ais et alg\u00e9riens sugg\u00e8rent l\u2019\u00e9tablissement d\u2019une chronologie des crimes coloniaux et la restitution des biens de l\u2019\u00e9mir Abdelkader.","og_url":"https:\/\/appsaf.apieproject.com\/news\/fr\/2023\/11\/30\/des-biens-de-lemir-abdelkader-bientot-de-retour-en-algerie\/","og_site_name":"APIE NEWS","article_publisher":"https:\/\/facebook.com\/apieproject","article_published_time":"2023-11-30T04:10:46+00:00","article_modified_time":"2023-11-30T04:10:48+00:00","og_image":[{"width":1215,"height":810,"url":"https:\/\/appsaf.apieproject.com\/news\/wp-content\/uploads\/sites\/29\/2023\/11\/commission_france__algerie_emir_abdelkader_lrjpg-7db43b34c58518521c375f9b287ab29c.jpg","type":"image\/jpeg"}],"author":"staff","twitter_card":"summary_large_image","twitter_creator":"@apieproject","twitter_site":"@apieproject","twitter_misc":{"\u00c9crit par":"staff","Dur\u00e9e de lecture estim\u00e9e":"2 minutes"},"schema":{"@context":"https:\/\/schema.org","@graph":[{"@type":"Article","@id":"https:\/\/appsaf.apieproject.com\/news\/fr\/2023\/11\/30\/des-biens-de-lemir-abdelkader-bientot-de-retour-en-algerie\/#article","isPartOf":{"@id":"https:\/\/appsaf.apieproject.com\/news\/fr\/2023\/11\/30\/des-biens-de-lemir-abdelkader-bientot-de-retour-en-algerie\/"},"author":{"name":"staff","@id":"https:\/\/appsaf.apieproject.com\/news\/#\/schema\/person\/399517cac378948cd7b39086f9ddc2a7"},"headline":"Des Biens De L\u2019\u00c9mir Abdelkader Bient\u00f4t De Retour En Alg\u00e9rie ?","datePublished":"2023-11-30T04:10:46+00:00","dateModified":"2023-11-30T04:10:48+00:00","mainEntityOfPage":{"@id":"https:\/\/appsaf.apieproject.com\/news\/fr\/2023\/11\/30\/des-biens-de-lemir-abdelkader-bientot-de-retour-en-algerie\/"},"wordCount":463,"commentCount":0,"publisher":{"@id":"https:\/\/appsaf.apieproject.com\/news\/#organization"},"image":{"@id":"https:\/\/appsaf.apieproject.com\/news\/fr\/2023\/11\/30\/des-biens-de-lemir-abdelkader-bientot-de-retour-en-algerie\/#primaryimage"},"thumbnailUrl":"https:\/\/appsaf.apieproject.com\/news\/wp-content\/uploads\/sites\/29\/2023\/11\/commission_france__algerie_emir_abdelkader_lrjpg-7db43b34c58518521c375f9b287ab29c.jpg","keywords":["actualites","apie project","politique"],"articleSection":["Actualit\u00e9s","Politique"],"inLanguage":"fr-FR","potentialAction":[{"@type":"CommentAction","name":"Comment","target":["https:\/\/appsaf.apieproject.com\/news\/fr\/2023\/11\/30\/des-biens-de-lemir-abdelkader-bientot-de-retour-en-algerie\/#respond"]}]},{"@type":"WebPage","@id":"https:\/\/appsaf.apieproject.com\/news\/fr\/2023\/11\/30\/des-biens-de-lemir-abdelkader-bientot-de-retour-en-algerie\/","url":"https:\/\/appsaf.apieproject.com\/news\/fr\/2023\/11\/30\/des-biens-de-lemir-abdelkader-bientot-de-retour-en-algerie\/","name":"Des Biens De L\u2019\u00c9mir Abdelkader Bient\u00f4t De Retour En Alg\u00e9rie ? - APIE NEWS","isPartOf":{"@id":"https:\/\/appsaf.apieproject.com\/news\/#website"},"primaryImageOfPage":{"@id":"https:\/\/appsaf.apieproject.com\/news\/fr\/2023\/11\/30\/des-biens-de-lemir-abdelkader-bientot-de-retour-en-algerie\/#primaryimage"},"image":{"@id":"https:\/\/appsaf.apieproject.com\/news\/fr\/2023\/11\/30\/des-biens-de-lemir-abdelkader-bientot-de-retour-en-algerie\/#primaryimage"},"thumbnailUrl":"https:\/\/appsaf.apieproject.com\/news\/wp-content\/uploads\/sites\/29\/2023\/11\/commission_france__algerie_emir_abdelkader_lrjpg-7db43b34c58518521c375f9b287ab29c.jpg","datePublished":"2023-11-30T04:10:46+00:00","dateModified":"2023-11-30T04:10:48+00:00","breadcrumb":{"@id":"https:\/\/appsaf.apieproject.com\/news\/fr\/2023\/11\/30\/des-biens-de-lemir-abdelkader-bientot-de-retour-en-algerie\/#breadcrumb"},"inLanguage":"fr-FR","potentialAction":[{"@type":"ReadAction","target":["https:\/\/appsaf.apieproject.com\/news\/fr\/2023\/11\/30\/des-biens-de-lemir-abdelkader-bientot-de-retour-en-algerie\/"]}]},{"@type":"ImageObject","inLanguage":"fr-FR","@id":"https:\/\/appsaf.apieproject.com\/news\/fr\/2023\/11\/30\/des-biens-de-lemir-abdelkader-bientot-de-retour-en-algerie\/#primaryimage","url":"https:\/\/appsaf.apieproject.com\/news\/wp-content\/uploads\/sites\/29\/2023\/11\/commission_france__algerie_emir_abdelkader_lrjpg-7db43b34c58518521c375f9b287ab29c.jpg","contentUrl":"https:\/\/appsaf.apieproject.com\/news\/wp-content\/uploads\/sites\/29\/2023\/11\/commission_france__algerie_emir_abdelkader_lrjpg-7db43b34c58518521c375f9b287ab29c.jpg","width":1215,"height":810},{"@type":"BreadcrumbList","@id":"https:\/\/appsaf.apieproject.com\/news\/fr\/2023\/11\/30\/des-biens-de-lemir-abdelkader-bientot-de-retour-en-algerie\/#breadcrumb","itemListElement":[{"@type":"ListItem","position":1,"name":"Home","item":"https:\/\/appsaf.apieproject.com\/news\/fr\/home\/"},{"@type":"ListItem","position":2,"name":"Des Biens De L\u2019\u00c9mir Abdelkader Bient\u00f4t De Retour En Alg\u00e9rie ?"}]},{"@type":"WebSite","@id":"https:\/\/appsaf.apieproject.com\/news\/#website","url":"https:\/\/appsaf.apieproject.com\/news\/","name":"APIE NEWS","description":"PANAFRICANISM NEWS PORTAL","publisher":{"@id":"https:\/\/appsaf.apieproject.com\/news\/#organization"},"potentialAction":[{"@type":"SearchAction","target":{"@type":"EntryPoint","urlTemplate":"https:\/\/appsaf.apieproject.com\/news\/?s={search_term_string}"},"query-input":{"@type":"PropertyValueSpecification","valueRequired":true,"valueName":"search_term_string"}}],"inLanguage":"fr-FR"},{"@type":"Organization","@id":"https:\/\/appsaf.apieproject.com\/news\/#organization","name":"APIE PROJECT","url":"https:\/\/appsaf.apieproject.com\/news\/","logo":{"@type":"ImageObject","inLanguage":"fr-FR","@id":"https:\/\/appsaf.apieproject.com\/news\/#\/schema\/logo\/image\/","url":"https:\/\/appsaf.apieproject.com\/news\/wp-content\/uploads\/sites\/29\/2022\/07\/logo-R-TransparentBackground.png","contentUrl":"https:\/\/appsaf.apieproject.com\/news\/wp-content\/uploads\/sites\/29\/2022\/07\/logo-R-TransparentBackground.png","width":512,"height":512,"caption":"APIE PROJECT"},"image":{"@id":"https:\/\/appsaf.apieproject.com\/news\/#\/schema\/logo\/image\/"},"sameAs":["https:\/\/facebook.com\/apieproject","https:\/\/x.com\/apieproject"]},{"@type":"Person","@id":"https:\/\/appsaf.apieproject.com\/news\/#\/schema\/person\/399517cac378948cd7b39086f9ddc2a7","name":"staff","image":{"@type":"ImageObject","inLanguage":"fr-FR","@id":"https:\/\/appsaf.apieproject.com\/news\/#\/schema\/person\/image\/","url":"https:\/\/secure.gravatar.com\/avatar\/5386283c5db150efe261184bd59f072a?s=96&d=mm&r=g","contentUrl":"https:\/\/secure.gravatar.com\/avatar\/5386283c5db150efe261184bd59f072a?s=96&d=mm&r=g","caption":"staff"},"url":"https:\/\/appsaf.apieproject.com\/news\/fr\/author\/staff\/"}]}},"_links":{"self":[{"href":"https:\/\/appsaf.apieproject.com\/news\/fr\/wp-json\/wp\/v2\/posts\/37022","targetHints":{"allow":["GET"]}}],"collection":[{"href":"https:\/\/appsaf.apieproject.com\/news\/fr\/wp-json\/wp\/v2\/posts"}],"about":[{"href":"https:\/\/appsaf.apieproject.com\/news\/fr\/wp-json\/wp\/v2\/types\/post"}],"author":[{"embeddable":true,"href":"https:\/\/appsaf.apieproject.com\/news\/fr\/wp-json\/wp\/v2\/users\/12963"}],"replies":[{"embeddable":true,"href":"https:\/\/appsaf.apieproject.com\/news\/fr\/wp-json\/wp\/v2\/comments?post=37022"}],"version-history":[{"count":1,"href":"https:\/\/appsaf.apieproject.com\/news\/fr\/wp-json\/wp\/v2\/posts\/37022\/revisions"}],"predecessor-version":[{"id":37213,"href":"https:\/\/appsaf.apieproject.com\/news\/fr\/wp-json\/wp\/v2\/posts\/37022\/revisions\/37213"}],"wp:featuredmedia":[{"embeddable":true,"href":"https:\/\/appsaf.apieproject.com\/news\/fr\/wp-json\/wp\/v2\/media\/37019"}],"wp:attachment":[{"href":"https:\/\/appsaf.apieproject.com\/news\/fr\/wp-json\/wp\/v2\/media?parent=37022"}],"wp:term":[{"taxonomy":"category","embeddable":true,"href":"https:\/\/appsaf.apieproject.com\/news\/fr\/wp-json\/wp\/v2\/categories?post=37022"},{"taxonomy":"post_tag","embeddable":true,"href":"https:\/\/appsaf.apieproject.com\/news\/fr\/wp-json\/wp\/v2\/tags?post=37022"}],"curies":[{"name":"wp","href":"https:\/\/api.w.org\/{rel}","templated":true}]}}