{"id":37066,"date":"2023-11-30T04:25:37","date_gmt":"2023-11-30T04:25:37","guid":{"rendered":"https:\/\/appsaf.apieproject.com\/news\/?p=37066"},"modified":"2023-11-30T04:25:40","modified_gmt":"2023-11-30T04:25:40","slug":"le-festival-de-mode-africaine-fete-ses-25-ans","status":"publish","type":"post","link":"https:\/\/appsaf.apieproject.com\/news\/fr\/2023\/11\/30\/le-festival-de-mode-africaine-fete-ses-25-ans\/","title":{"rendered":"Le Festival De Mode Africaine F\u00eate Ses 25 Ans"},"content":{"rendered":"<p>\u00abJe me bats depuis toutes ces ann\u00e9es pour prouver que l&rsquo;Afrique est cr\u00e9ative, capable de cr\u00e9er de l&#8217;emploi, lutter contre la pauvret\u00e9 et permettre de garder les Africains chez eux en p\u00e9rennisant leur propre savoir-faire \u00bb, confiait, la semaine derni\u00e8re, le cr\u00e9ateur nig\u00e9rien, Alphadi, en marge de la conf\u00e9rence de presse \u00e0 la Maison de l&rsquo;Afrique (Paris 16e), marquant les 25 ans du FIMA, le festival de mode africaine dont il est le fondateur. Vingt-cinq ans plus t\u00f4t, celui que l&rsquo;on surnomme \u00ab le magicien du d\u00e9sert \u00bb ouvrait les fronti\u00e8res du Niger, un pays longtemps affect\u00e9 par \u00ab une r\u00e9bellion farouche \u00bb. Yves Saint Laurent, Christian Lacroix, Paco Rabanne et Kenzo Takada atterrissaient en plein d\u00e9sert de Tiguidit, \u00e0 80 km d&rsquo;Agadez, pour pr\u00e9senter leurs collections de haute couture devant plus de 10 000 invit\u00e9s venus du monde entier, logeant sur place dans des tentes construites par un millier de femmes touar\u00e8gues.<\/p>\n<p>Le projet avait un but pr\u00e9cis : faire r\u00e9gner la paix en gagnant la reconnaissance des grandes capitales de la mode. \u00ab Notre combat a toujours \u00e9t\u00e9 de trouver des financiers europ\u00e9ens et africains qui croient en ce que nous r\u00e9alisons. \u00bb La France, le Maroc et le Niger avaient financ\u00e9 le festival \u00e0 hauteur de plusieurs millions d&rsquo;euros. Gr\u00e2ce \u00e0 l\u2019ouverture des fronti\u00e8res du Niger, Alphadi a rendu de nouveau possible le tourisme et attir\u00e9 les plus grandes personnalit\u00e9s dans un pays invisibilis\u00e9.<\/p>\n<p>Bient\u00f4t une \u00e9cole \u00e0 Niamey<br \/>\nInspir\u00e9s par la chaleur et la sensualit\u00e9 de l\u2019Afrique noire, les couturiers ont imagin\u00e9 des cr\u00e9ations aux nuances du continent, port\u00e9es par des mannequins panafricains. Les volumes, les mati\u00e8res, les bijoux\u2026 Chaque d\u00e9tail mettait en lumi\u00e8re la richesse d\u2019un territoire, comme le tissage \u00e0 la main, l\u2019utilisation de la soie, du wax ou encore du bogolan, un tissu africain ancestral. Loin de l\u2019Occident, la magie de la culture africaine op\u00e9rait gr\u00e2ce \u00e0 l\u2019ambiance festive orchestr\u00e9e par Alphadi et les performances musicales d\u2019A\u00efcha Kon\u00e9, Ami Koita ou Boncana Ma\u00efga. Pour certains cr\u00e9atifs, ce fut \u00e9galement l&rsquo;occasion r\u00eav\u00e9e de se faire rep\u00e9rer, comme pour le mannequin s\u00e9n\u00e9galais Mame Kew\u00e9, devenu l\u2019\u00e9g\u00e9rie d\u2019Yves Saint Laurent.<\/p>\n<p>Alphadi insiste toutefois : \u00ab Nous avons une vision minable de l&rsquo;Afrique, alors qu&rsquo;elle regorge de cr\u00e9ativit\u00e9! Depuis 1998, elle a grandement \u00e9volu\u00e9 sous l&rsquo;influence de la nouvelle g\u00e9n\u00e9ration de designers ouverts sur le monde gr\u00e2ce aux r\u00e9seaux sociaux. Plus que jamais, nous avons besoin d&rsquo;\u00eatre compris, financ\u00e9s et aim\u00e9s. \u00bb Cet anniversaire aurait d\u00fb \u00eatre l&rsquo;occasion d&rsquo;une \u00e9dition festive. Mais un \u00e9ni\u00e8me coup d&rsquo;\u00c9tat frappant le Niger en juillet dernier, a contraint Alphadi \u00e0 reporter l&rsquo;\u00e9v\u00e9nement \u00e0 d\u00e9cembre 2024. \u00ab En 1998, nous avions r\u00e9ussi \u00e0 convoquer cet esprit de paix, qui est de nouveau en train de s&rsquo;envenimer \u00bb, se d\u00e9sole-t-il. Heureusement, le contexte ne l&#8217;emp\u00eachera pas d&rsquo;ouvrir dans quelques semaines la premi\u00e8re \u00e9cole de mode dans la capitale, \u00e0 Niamey. \u00ab Mon pays m\u2019a donn\u00e9 un terrain de 300 m\u00e8tres carr\u00e9s pour ce projet, l\u2019ESMA (Ecole Sup\u00e9rieure de la mode et des Arts) qui r\u00e9unira 70 \u00e9tudiants africains et internationaux. \u00bb Un grand pas de plus pour la reconnaissance africaine.<\/p>\n","protected":false},"excerpt":{"rendered":"<p>Pour c\u00e9l\u00e9brer son quart de si\u00e8cle, le fondateur du FIMA, le couturier nig\u00e9rien Alphadi, se rem\u00e9more la premi\u00e8re \u00e9dition et d\u00e9voile son projet d\u2019\u00e9cole de mode \u00e0 Niamey.<\/p>\n","protected":false},"author":12963,"featured_media":37063,"comment_status":"open","ping_status":"open","sticky":false,"template":"","format":"standard","meta":{"footnotes":""},"categories":[57,63],"tags":[78,95,94],"class_list":{"0":"post-37066","1":"post","2":"type-post","3":"status-publish","4":"format-standard","5":"has-post-thumbnail","7":"category-mode","8":"category-mode-de-vie","9":"tag-apie-project-2","10":"tag-mode","11":"tag-mode-de-vie"},"yoast_head":"<!-- This site is optimized with the Yoast SEO plugin v24.4 - https:\/\/yoast.com\/wordpress\/plugins\/seo\/ -->\n<title>Le Festival De Mode Africaine F\u00eate Ses 25 Ans - APIE NEWS<\/title>\n<meta name=\"robots\" content=\"index, follow, max-snippet:-1, max-image-preview:large, max-video-preview:-1\" \/>\n<link rel=\"canonical\" href=\"https:\/\/appsaf.apieproject.com\/news\/fr\/2023\/11\/30\/le-festival-de-mode-africaine-fete-ses-25-ans\/\" \/>\n<meta property=\"og:locale\" content=\"fr_FR\" \/>\n<meta property=\"og:type\" content=\"article\" \/>\n<meta property=\"og:title\" content=\"Le Festival De Mode Africaine F\u00eate Ses 25 Ans - APIE NEWS\" \/>\n<meta property=\"og:description\" content=\"Pour c\u00e9l\u00e9brer son quart de si\u00e8cle, le fondateur du FIMA, le couturier nig\u00e9rien Alphadi, se rem\u00e9more la premi\u00e8re \u00e9dition et d\u00e9voile son projet d\u2019\u00e9cole de mode \u00e0 Niamey.\" \/>\n<meta property=\"og:url\" content=\"https:\/\/appsaf.apieproject.com\/news\/fr\/2023\/11\/30\/le-festival-de-mode-africaine-fete-ses-25-ans\/\" \/>\n<meta property=\"og:site_name\" content=\"APIE NEWS\" \/>\n<meta property=\"article:publisher\" content=\"https:\/\/facebook.com\/apieproject\" \/>\n<meta property=\"article:published_time\" content=\"2023-11-30T04:25:37+00:00\" \/>\n<meta property=\"article:modified_time\" content=\"2023-11-30T04:25:40+00:00\" \/>\n<meta property=\"og:image\" content=\"https:\/\/appsaf.apieproject.com\/news\/wp-content\/uploads\/sites\/29\/2023\/11\/02f69815021f7e52418d48436e3fd010fcf1c925c3bb33060e9cb5382055ebdf-fdb67854fec1182390f6baae741fcf6b.jpg\" \/>\n\t<meta property=\"og:image:width\" content=\"704\" \/>\n\t<meta property=\"og:image:height\" content=\"396\" \/>\n\t<meta property=\"og:image:type\" content=\"image\/jpeg\" \/>\n<meta name=\"author\" content=\"staff\" \/>\n<meta name=\"twitter:card\" content=\"summary_large_image\" \/>\n<meta name=\"twitter:creator\" content=\"@apieproject\" \/>\n<meta name=\"twitter:site\" content=\"@apieproject\" \/>\n<meta name=\"twitter:label1\" content=\"\u00c9crit par\" \/>\n\t<meta name=\"twitter:data1\" content=\"staff\" \/>\n\t<meta name=\"twitter:label2\" content=\"Dur\u00e9e de lecture estim\u00e9e\" \/>\n\t<meta name=\"twitter:data2\" content=\"3 minutes\" \/>\n<script type=\"application\/ld+json\" class=\"yoast-schema-graph\">{\"@context\":\"https:\/\/schema.org\",\"@graph\":[{\"@type\":\"Article\",\"@id\":\"https:\/\/appsaf.apieproject.com\/news\/fr\/2023\/11\/30\/le-festival-de-mode-africaine-fete-ses-25-ans\/#article\",\"isPartOf\":{\"@id\":\"https:\/\/appsaf.apieproject.com\/news\/fr\/2023\/11\/30\/le-festival-de-mode-africaine-fete-ses-25-ans\/\"},\"author\":{\"name\":\"staff\",\"@id\":\"https:\/\/appsaf.apieproject.com\/news\/#\/schema\/person\/399517cac378948cd7b39086f9ddc2a7\"},\"headline\":\"Le Festival De Mode Africaine F\u00eate Ses 25 Ans\",\"datePublished\":\"2023-11-30T04:25:37+00:00\",\"dateModified\":\"2023-11-30T04:25:40+00:00\",\"mainEntityOfPage\":{\"@id\":\"https:\/\/appsaf.apieproject.com\/news\/fr\/2023\/11\/30\/le-festival-de-mode-africaine-fete-ses-25-ans\/\"},\"wordCount\":580,\"commentCount\":0,\"publisher\":{\"@id\":\"https:\/\/appsaf.apieproject.com\/news\/#organization\"},\"image\":{\"@id\":\"https:\/\/appsaf.apieproject.com\/news\/fr\/2023\/11\/30\/le-festival-de-mode-africaine-fete-ses-25-ans\/#primaryimage\"},\"thumbnailUrl\":\"https:\/\/appsaf.apieproject.com\/news\/wp-content\/uploads\/sites\/29\/2023\/11\/02f69815021f7e52418d48436e3fd010fcf1c925c3bb33060e9cb5382055ebdf-fdb67854fec1182390f6baae741fcf6b.jpg\",\"keywords\":[\"apie project\",\"mode\",\"mode de vie\"],\"articleSection\":[\"Mode\",\"Mode de Vie\"],\"inLanguage\":\"fr-FR\",\"potentialAction\":[{\"@type\":\"CommentAction\",\"name\":\"Comment\",\"target\":[\"https:\/\/appsaf.apieproject.com\/news\/fr\/2023\/11\/30\/le-festival-de-mode-africaine-fete-ses-25-ans\/#respond\"]}]},{\"@type\":\"WebPage\",\"@id\":\"https:\/\/appsaf.apieproject.com\/news\/fr\/2023\/11\/30\/le-festival-de-mode-africaine-fete-ses-25-ans\/\",\"url\":\"https:\/\/appsaf.apieproject.com\/news\/fr\/2023\/11\/30\/le-festival-de-mode-africaine-fete-ses-25-ans\/\",\"name\":\"Le Festival De Mode Africaine F\u00eate Ses 25 Ans - APIE NEWS\",\"isPartOf\":{\"@id\":\"https:\/\/appsaf.apieproject.com\/news\/#website\"},\"primaryImageOfPage\":{\"@id\":\"https:\/\/appsaf.apieproject.com\/news\/fr\/2023\/11\/30\/le-festival-de-mode-africaine-fete-ses-25-ans\/#primaryimage\"},\"image\":{\"@id\":\"https:\/\/appsaf.apieproject.com\/news\/fr\/2023\/11\/30\/le-festival-de-mode-africaine-fete-ses-25-ans\/#primaryimage\"},\"thumbnailUrl\":\"https:\/\/appsaf.apieproject.com\/news\/wp-content\/uploads\/sites\/29\/2023\/11\/02f69815021f7e52418d48436e3fd010fcf1c925c3bb33060e9cb5382055ebdf-fdb67854fec1182390f6baae741fcf6b.jpg\",\"datePublished\":\"2023-11-30T04:25:37+00:00\",\"dateModified\":\"2023-11-30T04:25:40+00:00\",\"breadcrumb\":{\"@id\":\"https:\/\/appsaf.apieproject.com\/news\/fr\/2023\/11\/30\/le-festival-de-mode-africaine-fete-ses-25-ans\/#breadcrumb\"},\"inLanguage\":\"fr-FR\",\"potentialAction\":[{\"@type\":\"ReadAction\",\"target\":[\"https:\/\/appsaf.apieproject.com\/news\/fr\/2023\/11\/30\/le-festival-de-mode-africaine-fete-ses-25-ans\/\"]}]},{\"@type\":\"ImageObject\",\"inLanguage\":\"fr-FR\",\"@id\":\"https:\/\/appsaf.apieproject.com\/news\/fr\/2023\/11\/30\/le-festival-de-mode-africaine-fete-ses-25-ans\/#primaryimage\",\"url\":\"https:\/\/appsaf.apieproject.com\/news\/wp-content\/uploads\/sites\/29\/2023\/11\/02f69815021f7e52418d48436e3fd010fcf1c925c3bb33060e9cb5382055ebdf-fdb67854fec1182390f6baae741fcf6b.jpg\",\"contentUrl\":\"https:\/\/appsaf.apieproject.com\/news\/wp-content\/uploads\/sites\/29\/2023\/11\/02f69815021f7e52418d48436e3fd010fcf1c925c3bb33060e9cb5382055ebdf-fdb67854fec1182390f6baae741fcf6b.jpg\",\"width\":704,\"height\":396},{\"@type\":\"BreadcrumbList\",\"@id\":\"https:\/\/appsaf.apieproject.com\/news\/fr\/2023\/11\/30\/le-festival-de-mode-africaine-fete-ses-25-ans\/#breadcrumb\",\"itemListElement\":[{\"@type\":\"ListItem\",\"position\":1,\"name\":\"Home\",\"item\":\"https:\/\/appsaf.apieproject.com\/news\/fr\/home\/\"},{\"@type\":\"ListItem\",\"position\":2,\"name\":\"Le Festival De Mode Africaine F\u00eate Ses 25 Ans\"}]},{\"@type\":\"WebSite\",\"@id\":\"https:\/\/appsaf.apieproject.com\/news\/#website\",\"url\":\"https:\/\/appsaf.apieproject.com\/news\/\",\"name\":\"APIE NEWS\",\"description\":\"PANAFRICANISM NEWS PORTAL\",\"publisher\":{\"@id\":\"https:\/\/appsaf.apieproject.com\/news\/#organization\"},\"potentialAction\":[{\"@type\":\"SearchAction\",\"target\":{\"@type\":\"EntryPoint\",\"urlTemplate\":\"https:\/\/appsaf.apieproject.com\/news\/?s={search_term_string}\"},\"query-input\":{\"@type\":\"PropertyValueSpecification\",\"valueRequired\":true,\"valueName\":\"search_term_string\"}}],\"inLanguage\":\"fr-FR\"},{\"@type\":\"Organization\",\"@id\":\"https:\/\/appsaf.apieproject.com\/news\/#organization\",\"name\":\"APIE PROJECT\",\"url\":\"https:\/\/appsaf.apieproject.com\/news\/\",\"logo\":{\"@type\":\"ImageObject\",\"inLanguage\":\"fr-FR\",\"@id\":\"https:\/\/appsaf.apieproject.com\/news\/#\/schema\/logo\/image\/\",\"url\":\"https:\/\/appsaf.apieproject.com\/news\/wp-content\/uploads\/sites\/29\/2022\/07\/logo-R-TransparentBackground.png\",\"contentUrl\":\"https:\/\/appsaf.apieproject.com\/news\/wp-content\/uploads\/sites\/29\/2022\/07\/logo-R-TransparentBackground.png\",\"width\":512,\"height\":512,\"caption\":\"APIE PROJECT\"},\"image\":{\"@id\":\"https:\/\/appsaf.apieproject.com\/news\/#\/schema\/logo\/image\/\"},\"sameAs\":[\"https:\/\/facebook.com\/apieproject\",\"https:\/\/x.com\/apieproject\"]},{\"@type\":\"Person\",\"@id\":\"https:\/\/appsaf.apieproject.com\/news\/#\/schema\/person\/399517cac378948cd7b39086f9ddc2a7\",\"name\":\"staff\",\"image\":{\"@type\":\"ImageObject\",\"inLanguage\":\"fr-FR\",\"@id\":\"https:\/\/appsaf.apieproject.com\/news\/#\/schema\/person\/image\/\",\"url\":\"https:\/\/secure.gravatar.com\/avatar\/5386283c5db150efe261184bd59f072a?s=96&d=mm&r=g\",\"contentUrl\":\"https:\/\/secure.gravatar.com\/avatar\/5386283c5db150efe261184bd59f072a?s=96&d=mm&r=g\",\"caption\":\"staff\"},\"url\":\"https:\/\/appsaf.apieproject.com\/news\/fr\/author\/staff\/\"}]}<\/script>\n<!-- \/ Yoast SEO plugin. -->","yoast_head_json":{"title":"Le Festival De Mode Africaine F\u00eate Ses 25 Ans - APIE NEWS","robots":{"index":"index","follow":"follow","max-snippet":"max-snippet:-1","max-image-preview":"max-image-preview:large","max-video-preview":"max-video-preview:-1"},"canonical":"https:\/\/appsaf.apieproject.com\/news\/fr\/2023\/11\/30\/le-festival-de-mode-africaine-fete-ses-25-ans\/","og_locale":"fr_FR","og_type":"article","og_title":"Le Festival De Mode Africaine F\u00eate Ses 25 Ans - APIE NEWS","og_description":"Pour c\u00e9l\u00e9brer son quart de si\u00e8cle, le fondateur du FIMA, le couturier nig\u00e9rien Alphadi, se rem\u00e9more la premi\u00e8re \u00e9dition et d\u00e9voile son projet d\u2019\u00e9cole de mode \u00e0 Niamey.","og_url":"https:\/\/appsaf.apieproject.com\/news\/fr\/2023\/11\/30\/le-festival-de-mode-africaine-fete-ses-25-ans\/","og_site_name":"APIE NEWS","article_publisher":"https:\/\/facebook.com\/apieproject","article_published_time":"2023-11-30T04:25:37+00:00","article_modified_time":"2023-11-30T04:25:40+00:00","og_image":[{"width":704,"height":396,"url":"https:\/\/appsaf.apieproject.com\/news\/wp-content\/uploads\/sites\/29\/2023\/11\/02f69815021f7e52418d48436e3fd010fcf1c925c3bb33060e9cb5382055ebdf-fdb67854fec1182390f6baae741fcf6b.jpg","type":"image\/jpeg"}],"author":"staff","twitter_card":"summary_large_image","twitter_creator":"@apieproject","twitter_site":"@apieproject","twitter_misc":{"\u00c9crit par":"staff","Dur\u00e9e de lecture estim\u00e9e":"3 minutes"},"schema":{"@context":"https:\/\/schema.org","@graph":[{"@type":"Article","@id":"https:\/\/appsaf.apieproject.com\/news\/fr\/2023\/11\/30\/le-festival-de-mode-africaine-fete-ses-25-ans\/#article","isPartOf":{"@id":"https:\/\/appsaf.apieproject.com\/news\/fr\/2023\/11\/30\/le-festival-de-mode-africaine-fete-ses-25-ans\/"},"author":{"name":"staff","@id":"https:\/\/appsaf.apieproject.com\/news\/#\/schema\/person\/399517cac378948cd7b39086f9ddc2a7"},"headline":"Le Festival De Mode Africaine F\u00eate Ses 25 Ans","datePublished":"2023-11-30T04:25:37+00:00","dateModified":"2023-11-30T04:25:40+00:00","mainEntityOfPage":{"@id":"https:\/\/appsaf.apieproject.com\/news\/fr\/2023\/11\/30\/le-festival-de-mode-africaine-fete-ses-25-ans\/"},"wordCount":580,"commentCount":0,"publisher":{"@id":"https:\/\/appsaf.apieproject.com\/news\/#organization"},"image":{"@id":"https:\/\/appsaf.apieproject.com\/news\/fr\/2023\/11\/30\/le-festival-de-mode-africaine-fete-ses-25-ans\/#primaryimage"},"thumbnailUrl":"https:\/\/appsaf.apieproject.com\/news\/wp-content\/uploads\/sites\/29\/2023\/11\/02f69815021f7e52418d48436e3fd010fcf1c925c3bb33060e9cb5382055ebdf-fdb67854fec1182390f6baae741fcf6b.jpg","keywords":["apie project","mode","mode de vie"],"articleSection":["Mode","Mode de Vie"],"inLanguage":"fr-FR","potentialAction":[{"@type":"CommentAction","name":"Comment","target":["https:\/\/appsaf.apieproject.com\/news\/fr\/2023\/11\/30\/le-festival-de-mode-africaine-fete-ses-25-ans\/#respond"]}]},{"@type":"WebPage","@id":"https:\/\/appsaf.apieproject.com\/news\/fr\/2023\/11\/30\/le-festival-de-mode-africaine-fete-ses-25-ans\/","url":"https:\/\/appsaf.apieproject.com\/news\/fr\/2023\/11\/30\/le-festival-de-mode-africaine-fete-ses-25-ans\/","name":"Le Festival De Mode Africaine F\u00eate Ses 25 Ans - APIE NEWS","isPartOf":{"@id":"https:\/\/appsaf.apieproject.com\/news\/#website"},"primaryImageOfPage":{"@id":"https:\/\/appsaf.apieproject.com\/news\/fr\/2023\/11\/30\/le-festival-de-mode-africaine-fete-ses-25-ans\/#primaryimage"},"image":{"@id":"https:\/\/appsaf.apieproject.com\/news\/fr\/2023\/11\/30\/le-festival-de-mode-africaine-fete-ses-25-ans\/#primaryimage"},"thumbnailUrl":"https:\/\/appsaf.apieproject.com\/news\/wp-content\/uploads\/sites\/29\/2023\/11\/02f69815021f7e52418d48436e3fd010fcf1c925c3bb33060e9cb5382055ebdf-fdb67854fec1182390f6baae741fcf6b.jpg","datePublished":"2023-11-30T04:25:37+00:00","dateModified":"2023-11-30T04:25:40+00:00","breadcrumb":{"@id":"https:\/\/appsaf.apieproject.com\/news\/fr\/2023\/11\/30\/le-festival-de-mode-africaine-fete-ses-25-ans\/#breadcrumb"},"inLanguage":"fr-FR","potentialAction":[{"@type":"ReadAction","target":["https:\/\/appsaf.apieproject.com\/news\/fr\/2023\/11\/30\/le-festival-de-mode-africaine-fete-ses-25-ans\/"]}]},{"@type":"ImageObject","inLanguage":"fr-FR","@id":"https:\/\/appsaf.apieproject.com\/news\/fr\/2023\/11\/30\/le-festival-de-mode-africaine-fete-ses-25-ans\/#primaryimage","url":"https:\/\/appsaf.apieproject.com\/news\/wp-content\/uploads\/sites\/29\/2023\/11\/02f69815021f7e52418d48436e3fd010fcf1c925c3bb33060e9cb5382055ebdf-fdb67854fec1182390f6baae741fcf6b.jpg","contentUrl":"https:\/\/appsaf.apieproject.com\/news\/wp-content\/uploads\/sites\/29\/2023\/11\/02f69815021f7e52418d48436e3fd010fcf1c925c3bb33060e9cb5382055ebdf-fdb67854fec1182390f6baae741fcf6b.jpg","width":704,"height":396},{"@type":"BreadcrumbList","@id":"https:\/\/appsaf.apieproject.com\/news\/fr\/2023\/11\/30\/le-festival-de-mode-africaine-fete-ses-25-ans\/#breadcrumb","itemListElement":[{"@type":"ListItem","position":1,"name":"Home","item":"https:\/\/appsaf.apieproject.com\/news\/fr\/home\/"},{"@type":"ListItem","position":2,"name":"Le Festival De Mode Africaine F\u00eate Ses 25 Ans"}]},{"@type":"WebSite","@id":"https:\/\/appsaf.apieproject.com\/news\/#website","url":"https:\/\/appsaf.apieproject.com\/news\/","name":"APIE NEWS","description":"PANAFRICANISM NEWS PORTAL","publisher":{"@id":"https:\/\/appsaf.apieproject.com\/news\/#organization"},"potentialAction":[{"@type":"SearchAction","target":{"@type":"EntryPoint","urlTemplate":"https:\/\/appsaf.apieproject.com\/news\/?s={search_term_string}"},"query-input":{"@type":"PropertyValueSpecification","valueRequired":true,"valueName":"search_term_string"}}],"inLanguage":"fr-FR"},{"@type":"Organization","@id":"https:\/\/appsaf.apieproject.com\/news\/#organization","name":"APIE PROJECT","url":"https:\/\/appsaf.apieproject.com\/news\/","logo":{"@type":"ImageObject","inLanguage":"fr-FR","@id":"https:\/\/appsaf.apieproject.com\/news\/#\/schema\/logo\/image\/","url":"https:\/\/appsaf.apieproject.com\/news\/wp-content\/uploads\/sites\/29\/2022\/07\/logo-R-TransparentBackground.png","contentUrl":"https:\/\/appsaf.apieproject.com\/news\/wp-content\/uploads\/sites\/29\/2022\/07\/logo-R-TransparentBackground.png","width":512,"height":512,"caption":"APIE PROJECT"},"image":{"@id":"https:\/\/appsaf.apieproject.com\/news\/#\/schema\/logo\/image\/"},"sameAs":["https:\/\/facebook.com\/apieproject","https:\/\/x.com\/apieproject"]},{"@type":"Person","@id":"https:\/\/appsaf.apieproject.com\/news\/#\/schema\/person\/399517cac378948cd7b39086f9ddc2a7","name":"staff","image":{"@type":"ImageObject","inLanguage":"fr-FR","@id":"https:\/\/appsaf.apieproject.com\/news\/#\/schema\/person\/image\/","url":"https:\/\/secure.gravatar.com\/avatar\/5386283c5db150efe261184bd59f072a?s=96&d=mm&r=g","contentUrl":"https:\/\/secure.gravatar.com\/avatar\/5386283c5db150efe261184bd59f072a?s=96&d=mm&r=g","caption":"staff"},"url":"https:\/\/appsaf.apieproject.com\/news\/fr\/author\/staff\/"}]}},"_links":{"self":[{"href":"https:\/\/appsaf.apieproject.com\/news\/fr\/wp-json\/wp\/v2\/posts\/37066","targetHints":{"allow":["GET"]}}],"collection":[{"href":"https:\/\/appsaf.apieproject.com\/news\/fr\/wp-json\/wp\/v2\/posts"}],"about":[{"href":"https:\/\/appsaf.apieproject.com\/news\/fr\/wp-json\/wp\/v2\/types\/post"}],"author":[{"embeddable":true,"href":"https:\/\/appsaf.apieproject.com\/news\/fr\/wp-json\/wp\/v2\/users\/12963"}],"replies":[{"embeddable":true,"href":"https:\/\/appsaf.apieproject.com\/news\/fr\/wp-json\/wp\/v2\/comments?post=37066"}],"version-history":[{"count":1,"href":"https:\/\/appsaf.apieproject.com\/news\/fr\/wp-json\/wp\/v2\/posts\/37066\/revisions"}],"predecessor-version":[{"id":37229,"href":"https:\/\/appsaf.apieproject.com\/news\/fr\/wp-json\/wp\/v2\/posts\/37066\/revisions\/37229"}],"wp:featuredmedia":[{"embeddable":true,"href":"https:\/\/appsaf.apieproject.com\/news\/fr\/wp-json\/wp\/v2\/media\/37063"}],"wp:attachment":[{"href":"https:\/\/appsaf.apieproject.com\/news\/fr\/wp-json\/wp\/v2\/media?parent=37066"}],"wp:term":[{"taxonomy":"category","embeddable":true,"href":"https:\/\/appsaf.apieproject.com\/news\/fr\/wp-json\/wp\/v2\/categories?post=37066"},{"taxonomy":"post_tag","embeddable":true,"href":"https:\/\/appsaf.apieproject.com\/news\/fr\/wp-json\/wp\/v2\/tags?post=37066"}],"curies":[{"name":"wp","href":"https:\/\/api.w.org\/{rel}","templated":true}]}}