{"id":37316,"date":"2023-12-06T00:04:46","date_gmt":"2023-12-06T00:04:46","guid":{"rendered":"https:\/\/appsaf.apieproject.com\/news\/?p=37316"},"modified":"2023-12-06T00:04:47","modified_gmt":"2023-12-06T00:04:47","slug":"en-cote-divoire-abdourahmane-cisse-quitte-la-presidence","status":"publish","type":"post","link":"https:\/\/appsaf.apieproject.com\/news\/fr\/2023\/12\/06\/en-cote-divoire-abdourahmane-cisse-quitte-la-presidence\/","title":{"rendered":"En C\u00f4te d\u2019Ivoire, Abdourahmane Ciss\u00e9 Quitte La Pr\u00e9sidence"},"content":{"rendered":"<p>Apr\u00e8s l\u2019\u00e9viction de Patrick Achi de la primature, mi-octobre, c\u2019est un autre proche collaborateur d\u2019Alassane Ouattara qui va faire ses cartons. Nomm\u00e9 fin mars 2021 au secr\u00e9tariat g\u00e9n\u00e9ral de la pr\u00e9sidence, o\u00f9 il avait succ\u00e9d\u00e9 \u00e0 ce m\u00eame Patrick Achi, Abdourahmane Ciss\u00e9 a en effet \u00e9t\u00e9 remerci\u00e9 ce jeudi 30 novembre.<\/p>\n<p>\u00ab Le pr\u00e9sident de la R\u00e9publique exprime sa gratitude \u00e0 Monsieur Abdourahmane Ciss\u00e9 pour sa collaboration au bon fonctionnement de l\u2019institution ainsi que pour son engagement au service de l\u2019\u00c9tat \u00bb, est-il \u00e9crit dans un communiqu\u00e9 de la pr\u00e9sidence sign\u00e9 par sa secr\u00e9taire g\u00e9n\u00e9rale adjointe et ni\u00e8ce d\u2019Alassane Ouattara, Mass\u00e9r\u00e9 Tour\u00e9-Kon\u00e9. Ce d\u00e9part est act\u00e9 par un d\u00e9cret abrogeant celui portant nomination d\u2019Abdourahmane Ciss\u00e9. Ce dernier aurait fait part au pr\u00e9sident de son envie d\u2019une nouvelle aventure professionnelle.<\/p>\n<p>Symbole de renouvellement<br \/>\nAbdourahmane Ciss\u00e9, 42 ans, avait \u00e9t\u00e9 nomm\u00e9 \u00e0 ce poste-cl\u00e9 \u00e0 seulement 39 ans, incarnant le souhait de renouvellement g\u00e9n\u00e9rationnel de la classe politique \u00e9mis par le pr\u00e9sident Ouattara. Une nouvelle marche pour celui qui, en 2013 d\u00e9j\u00e0, avait attir\u00e9 les projecteurs en devenant le plus jeune ministre du gouvernement, en charge du Budget et du portefeuille de l\u2019\u00c9tat (il avait \u00e0 l\u2019\u00e9poque 32 ans).<\/p>\n<p>Le quadrag\u00e9naire avait commenc\u00e9 sa carri\u00e8re professionnelle en tant que trader \u00e0 Goldman Sachs International, \u00e0 Londres. En 2011, il quitte la prestigieuse banque d\u2019affaires et rentre en C\u00f4te d\u2019Ivoire, dans le sillage de l\u2019\u00e9lection d\u2019Alassane Ouattara.<\/p>\n<p>\u00ab Profonde gratitude \u00bb \u00e0 Ouattara<br \/>\nLe 23 novembre, il avait \u00e9t\u00e9 \u00e9lev\u00e9 au grade de Commandeur de l\u2019Ordre du m\u00e9rite pour le d\u00e9but de la production du gisement \u00ab Baleine \u00bb, un gisement p\u00e9trolier au potentiel consid\u00e9rable d\u00e9couvert par le groupe italien ENI, dirig\u00e9 par Claudio Descalzi.<\/p>\n<p>Sur son compte Facebook, il a remerci\u00e9 le chef de l\u2019\u00c9tat et lui a exprim\u00e9 sa \u00ab profonde gratitude \u00bb. \u00ab Ce fut des ann\u00e9es pleines de challenges, avec ses moments de joie et de doute, et une exp\u00e9rience inoubliable. Ce fut aussi l\u2019occasion de montrer que les jeunes sont capables, lorsque l\u2019occasion leur est offerte, d\u2019assumer pleinement les plus hautes fonctions de l\u2019\u00c9tat \u00bb, \u00e9crit-il.<\/p>\n","protected":false},"excerpt":{"rendered":"<p>Le quadrag\u00e9naire va quitter le secr\u00e9tariat g\u00e9n\u00e9ral de la pr\u00e9sidence, poste strat\u00e9gique qu\u2019il occupait sous l\u2019\u00e9gide d\u2019Alassane Ouattara depuis mars 2021.<\/p>\n","protected":false},"author":12963,"featured_media":37313,"comment_status":"open","ping_status":"open","sticky":false,"template":"","format":"standard","meta":{"footnotes":""},"categories":[67,69],"tags":[81,78,82],"class_list":{"0":"post-37316","1":"post","2":"type-post","3":"status-publish","4":"format-standard","5":"has-post-thumbnail","7":"category-actualites","8":"category-politique","9":"tag-actualites","10":"tag-apie-project-2","11":"tag-politique"},"yoast_head":"<!-- This site is optimized with the Yoast SEO plugin v24.4 - https:\/\/yoast.com\/wordpress\/plugins\/seo\/ -->\n<title>En C\u00f4te d\u2019Ivoire, Abdourahmane Ciss\u00e9 Quitte La Pr\u00e9sidence - APIE NEWS<\/title>\n<meta name=\"robots\" content=\"index, follow, max-snippet:-1, max-image-preview:large, max-video-preview:-1\" \/>\n<link rel=\"canonical\" href=\"https:\/\/appsaf.apieproject.com\/news\/fr\/2023\/12\/06\/en-cote-divoire-abdourahmane-cisse-quitte-la-presidence\/\" \/>\n<meta property=\"og:locale\" content=\"fr_FR\" \/>\n<meta property=\"og:type\" content=\"article\" \/>\n<meta property=\"og:title\" content=\"En C\u00f4te d\u2019Ivoire, Abdourahmane Ciss\u00e9 Quitte La Pr\u00e9sidence - APIE NEWS\" \/>\n<meta property=\"og:description\" content=\"Le quadrag\u00e9naire va quitter le secr\u00e9tariat g\u00e9n\u00e9ral de la pr\u00e9sidence, poste strat\u00e9gique qu\u2019il occupait sous l\u2019\u00e9gide d\u2019Alassane Ouattara depuis mars 2021.\" \/>\n<meta property=\"og:url\" content=\"https:\/\/appsaf.apieproject.com\/news\/fr\/2023\/12\/06\/en-cote-divoire-abdourahmane-cisse-quitte-la-presidence\/\" \/>\n<meta property=\"og:site_name\" content=\"APIE NEWS\" \/>\n<meta property=\"article:publisher\" content=\"https:\/\/facebook.com\/apieproject\" \/>\n<meta property=\"article:published_time\" content=\"2023-12-06T00:04:46+00:00\" \/>\n<meta property=\"article:modified_time\" content=\"2023-12-06T00:04:47+00:00\" \/>\n<meta property=\"og:image\" content=\"https:\/\/appsaf.apieproject.com\/news\/wp-content\/uploads\/sites\/29\/2023\/12\/whatsapp-image-2021-03-29-at-192516-5c9f8ccbe1f64842a9606dae8c4a97c4.jpeg\" \/>\n\t<meta property=\"og:image:width\" content=\"1215\" \/>\n\t<meta property=\"og:image:height\" content=\"810\" \/>\n\t<meta property=\"og:image:type\" content=\"image\/jpeg\" \/>\n<meta name=\"author\" content=\"staff\" \/>\n<meta name=\"twitter:card\" content=\"summary_large_image\" \/>\n<meta name=\"twitter:creator\" content=\"@apieproject\" \/>\n<meta name=\"twitter:site\" content=\"@apieproject\" \/>\n<meta name=\"twitter:label1\" content=\"\u00c9crit par\" \/>\n\t<meta name=\"twitter:data1\" content=\"staff\" \/>\n\t<meta name=\"twitter:label2\" content=\"Dur\u00e9e de lecture estim\u00e9e\" \/>\n\t<meta name=\"twitter:data2\" content=\"2 minutes\" \/>\n<script type=\"application\/ld+json\" class=\"yoast-schema-graph\">{\"@context\":\"https:\/\/schema.org\",\"@graph\":[{\"@type\":\"Article\",\"@id\":\"https:\/\/appsaf.apieproject.com\/news\/fr\/2023\/12\/06\/en-cote-divoire-abdourahmane-cisse-quitte-la-presidence\/#article\",\"isPartOf\":{\"@id\":\"https:\/\/appsaf.apieproject.com\/news\/fr\/2023\/12\/06\/en-cote-divoire-abdourahmane-cisse-quitte-la-presidence\/\"},\"author\":{\"name\":\"staff\",\"@id\":\"https:\/\/appsaf.apieproject.com\/news\/#\/schema\/person\/399517cac378948cd7b39086f9ddc2a7\"},\"headline\":\"En C\u00f4te d\u2019Ivoire, Abdourahmane Ciss\u00e9 Quitte La Pr\u00e9sidence\",\"datePublished\":\"2023-12-06T00:04:46+00:00\",\"dateModified\":\"2023-12-06T00:04:47+00:00\",\"mainEntityOfPage\":{\"@id\":\"https:\/\/appsaf.apieproject.com\/news\/fr\/2023\/12\/06\/en-cote-divoire-abdourahmane-cisse-quitte-la-presidence\/\"},\"wordCount\":386,\"commentCount\":0,\"publisher\":{\"@id\":\"https:\/\/appsaf.apieproject.com\/news\/#organization\"},\"image\":{\"@id\":\"https:\/\/appsaf.apieproject.com\/news\/fr\/2023\/12\/06\/en-cote-divoire-abdourahmane-cisse-quitte-la-presidence\/#primaryimage\"},\"thumbnailUrl\":\"https:\/\/appsaf.apieproject.com\/news\/wp-content\/uploads\/sites\/29\/2023\/12\/whatsapp-image-2021-03-29-at-192516-5c9f8ccbe1f64842a9606dae8c4a97c4.jpeg\",\"keywords\":[\"actualites\",\"apie project\",\"politique\"],\"articleSection\":[\"Actualit\u00e9s\",\"Politique\"],\"inLanguage\":\"fr-FR\",\"potentialAction\":[{\"@type\":\"CommentAction\",\"name\":\"Comment\",\"target\":[\"https:\/\/appsaf.apieproject.com\/news\/fr\/2023\/12\/06\/en-cote-divoire-abdourahmane-cisse-quitte-la-presidence\/#respond\"]}]},{\"@type\":\"WebPage\",\"@id\":\"https:\/\/appsaf.apieproject.com\/news\/fr\/2023\/12\/06\/en-cote-divoire-abdourahmane-cisse-quitte-la-presidence\/\",\"url\":\"https:\/\/appsaf.apieproject.com\/news\/fr\/2023\/12\/06\/en-cote-divoire-abdourahmane-cisse-quitte-la-presidence\/\",\"name\":\"En C\u00f4te d\u2019Ivoire, Abdourahmane Ciss\u00e9 Quitte La Pr\u00e9sidence - APIE NEWS\",\"isPartOf\":{\"@id\":\"https:\/\/appsaf.apieproject.com\/news\/#website\"},\"primaryImageOfPage\":{\"@id\":\"https:\/\/appsaf.apieproject.com\/news\/fr\/2023\/12\/06\/en-cote-divoire-abdourahmane-cisse-quitte-la-presidence\/#primaryimage\"},\"image\":{\"@id\":\"https:\/\/appsaf.apieproject.com\/news\/fr\/2023\/12\/06\/en-cote-divoire-abdourahmane-cisse-quitte-la-presidence\/#primaryimage\"},\"thumbnailUrl\":\"https:\/\/appsaf.apieproject.com\/news\/wp-content\/uploads\/sites\/29\/2023\/12\/whatsapp-image-2021-03-29-at-192516-5c9f8ccbe1f64842a9606dae8c4a97c4.jpeg\",\"datePublished\":\"2023-12-06T00:04:46+00:00\",\"dateModified\":\"2023-12-06T00:04:47+00:00\",\"breadcrumb\":{\"@id\":\"https:\/\/appsaf.apieproject.com\/news\/fr\/2023\/12\/06\/en-cote-divoire-abdourahmane-cisse-quitte-la-presidence\/#breadcrumb\"},\"inLanguage\":\"fr-FR\",\"potentialAction\":[{\"@type\":\"ReadAction\",\"target\":[\"https:\/\/appsaf.apieproject.com\/news\/fr\/2023\/12\/06\/en-cote-divoire-abdourahmane-cisse-quitte-la-presidence\/\"]}]},{\"@type\":\"ImageObject\",\"inLanguage\":\"fr-FR\",\"@id\":\"https:\/\/appsaf.apieproject.com\/news\/fr\/2023\/12\/06\/en-cote-divoire-abdourahmane-cisse-quitte-la-presidence\/#primaryimage\",\"url\":\"https:\/\/appsaf.apieproject.com\/news\/wp-content\/uploads\/sites\/29\/2023\/12\/whatsapp-image-2021-03-29-at-192516-5c9f8ccbe1f64842a9606dae8c4a97c4.jpeg\",\"contentUrl\":\"https:\/\/appsaf.apieproject.com\/news\/wp-content\/uploads\/sites\/29\/2023\/12\/whatsapp-image-2021-03-29-at-192516-5c9f8ccbe1f64842a9606dae8c4a97c4.jpeg\",\"width\":1215,\"height\":810},{\"@type\":\"BreadcrumbList\",\"@id\":\"https:\/\/appsaf.apieproject.com\/news\/fr\/2023\/12\/06\/en-cote-divoire-abdourahmane-cisse-quitte-la-presidence\/#breadcrumb\",\"itemListElement\":[{\"@type\":\"ListItem\",\"position\":1,\"name\":\"Home\",\"item\":\"https:\/\/appsaf.apieproject.com\/news\/fr\/home\/\"},{\"@type\":\"ListItem\",\"position\":2,\"name\":\"En C\u00f4te d\u2019Ivoire, Abdourahmane Ciss\u00e9 Quitte La Pr\u00e9sidence\"}]},{\"@type\":\"WebSite\",\"@id\":\"https:\/\/appsaf.apieproject.com\/news\/#website\",\"url\":\"https:\/\/appsaf.apieproject.com\/news\/\",\"name\":\"APIE NEWS\",\"description\":\"PANAFRICANISM NEWS PORTAL\",\"publisher\":{\"@id\":\"https:\/\/appsaf.apieproject.com\/news\/#organization\"},\"potentialAction\":[{\"@type\":\"SearchAction\",\"target\":{\"@type\":\"EntryPoint\",\"urlTemplate\":\"https:\/\/appsaf.apieproject.com\/news\/?s={search_term_string}\"},\"query-input\":{\"@type\":\"PropertyValueSpecification\",\"valueRequired\":true,\"valueName\":\"search_term_string\"}}],\"inLanguage\":\"fr-FR\"},{\"@type\":\"Organization\",\"@id\":\"https:\/\/appsaf.apieproject.com\/news\/#organization\",\"name\":\"APIE PROJECT\",\"url\":\"https:\/\/appsaf.apieproject.com\/news\/\",\"logo\":{\"@type\":\"ImageObject\",\"inLanguage\":\"fr-FR\",\"@id\":\"https:\/\/appsaf.apieproject.com\/news\/#\/schema\/logo\/image\/\",\"url\":\"https:\/\/appsaf.apieproject.com\/news\/wp-content\/uploads\/sites\/29\/2022\/07\/logo-R-TransparentBackground.png\",\"contentUrl\":\"https:\/\/appsaf.apieproject.com\/news\/wp-content\/uploads\/sites\/29\/2022\/07\/logo-R-TransparentBackground.png\",\"width\":512,\"height\":512,\"caption\":\"APIE PROJECT\"},\"image\":{\"@id\":\"https:\/\/appsaf.apieproject.com\/news\/#\/schema\/logo\/image\/\"},\"sameAs\":[\"https:\/\/facebook.com\/apieproject\",\"https:\/\/x.com\/apieproject\"]},{\"@type\":\"Person\",\"@id\":\"https:\/\/appsaf.apieproject.com\/news\/#\/schema\/person\/399517cac378948cd7b39086f9ddc2a7\",\"name\":\"staff\",\"image\":{\"@type\":\"ImageObject\",\"inLanguage\":\"fr-FR\",\"@id\":\"https:\/\/appsaf.apieproject.com\/news\/#\/schema\/person\/image\/\",\"url\":\"https:\/\/secure.gravatar.com\/avatar\/5386283c5db150efe261184bd59f072a?s=96&d=mm&r=g\",\"contentUrl\":\"https:\/\/secure.gravatar.com\/avatar\/5386283c5db150efe261184bd59f072a?s=96&d=mm&r=g\",\"caption\":\"staff\"},\"url\":\"https:\/\/appsaf.apieproject.com\/news\/fr\/author\/staff\/\"}]}<\/script>\n<!-- \/ Yoast SEO plugin. -->","yoast_head_json":{"title":"En C\u00f4te d\u2019Ivoire, Abdourahmane Ciss\u00e9 Quitte La Pr\u00e9sidence - APIE NEWS","robots":{"index":"index","follow":"follow","max-snippet":"max-snippet:-1","max-image-preview":"max-image-preview:large","max-video-preview":"max-video-preview:-1"},"canonical":"https:\/\/appsaf.apieproject.com\/news\/fr\/2023\/12\/06\/en-cote-divoire-abdourahmane-cisse-quitte-la-presidence\/","og_locale":"fr_FR","og_type":"article","og_title":"En C\u00f4te d\u2019Ivoire, Abdourahmane Ciss\u00e9 Quitte La Pr\u00e9sidence - APIE NEWS","og_description":"Le quadrag\u00e9naire va quitter le secr\u00e9tariat g\u00e9n\u00e9ral de la pr\u00e9sidence, poste strat\u00e9gique qu\u2019il occupait sous l\u2019\u00e9gide d\u2019Alassane Ouattara depuis mars 2021.","og_url":"https:\/\/appsaf.apieproject.com\/news\/fr\/2023\/12\/06\/en-cote-divoire-abdourahmane-cisse-quitte-la-presidence\/","og_site_name":"APIE NEWS","article_publisher":"https:\/\/facebook.com\/apieproject","article_published_time":"2023-12-06T00:04:46+00:00","article_modified_time":"2023-12-06T00:04:47+00:00","og_image":[{"width":1215,"height":810,"url":"https:\/\/appsaf.apieproject.com\/news\/wp-content\/uploads\/sites\/29\/2023\/12\/whatsapp-image-2021-03-29-at-192516-5c9f8ccbe1f64842a9606dae8c4a97c4.jpeg","type":"image\/jpeg"}],"author":"staff","twitter_card":"summary_large_image","twitter_creator":"@apieproject","twitter_site":"@apieproject","twitter_misc":{"\u00c9crit par":"staff","Dur\u00e9e de lecture estim\u00e9e":"2 minutes"},"schema":{"@context":"https:\/\/schema.org","@graph":[{"@type":"Article","@id":"https:\/\/appsaf.apieproject.com\/news\/fr\/2023\/12\/06\/en-cote-divoire-abdourahmane-cisse-quitte-la-presidence\/#article","isPartOf":{"@id":"https:\/\/appsaf.apieproject.com\/news\/fr\/2023\/12\/06\/en-cote-divoire-abdourahmane-cisse-quitte-la-presidence\/"},"author":{"name":"staff","@id":"https:\/\/appsaf.apieproject.com\/news\/#\/schema\/person\/399517cac378948cd7b39086f9ddc2a7"},"headline":"En C\u00f4te d\u2019Ivoire, Abdourahmane Ciss\u00e9 Quitte La Pr\u00e9sidence","datePublished":"2023-12-06T00:04:46+00:00","dateModified":"2023-12-06T00:04:47+00:00","mainEntityOfPage":{"@id":"https:\/\/appsaf.apieproject.com\/news\/fr\/2023\/12\/06\/en-cote-divoire-abdourahmane-cisse-quitte-la-presidence\/"},"wordCount":386,"commentCount":0,"publisher":{"@id":"https:\/\/appsaf.apieproject.com\/news\/#organization"},"image":{"@id":"https:\/\/appsaf.apieproject.com\/news\/fr\/2023\/12\/06\/en-cote-divoire-abdourahmane-cisse-quitte-la-presidence\/#primaryimage"},"thumbnailUrl":"https:\/\/appsaf.apieproject.com\/news\/wp-content\/uploads\/sites\/29\/2023\/12\/whatsapp-image-2021-03-29-at-192516-5c9f8ccbe1f64842a9606dae8c4a97c4.jpeg","keywords":["actualites","apie project","politique"],"articleSection":["Actualit\u00e9s","Politique"],"inLanguage":"fr-FR","potentialAction":[{"@type":"CommentAction","name":"Comment","target":["https:\/\/appsaf.apieproject.com\/news\/fr\/2023\/12\/06\/en-cote-divoire-abdourahmane-cisse-quitte-la-presidence\/#respond"]}]},{"@type":"WebPage","@id":"https:\/\/appsaf.apieproject.com\/news\/fr\/2023\/12\/06\/en-cote-divoire-abdourahmane-cisse-quitte-la-presidence\/","url":"https:\/\/appsaf.apieproject.com\/news\/fr\/2023\/12\/06\/en-cote-divoire-abdourahmane-cisse-quitte-la-presidence\/","name":"En C\u00f4te d\u2019Ivoire, Abdourahmane Ciss\u00e9 Quitte La Pr\u00e9sidence - APIE NEWS","isPartOf":{"@id":"https:\/\/appsaf.apieproject.com\/news\/#website"},"primaryImageOfPage":{"@id":"https:\/\/appsaf.apieproject.com\/news\/fr\/2023\/12\/06\/en-cote-divoire-abdourahmane-cisse-quitte-la-presidence\/#primaryimage"},"image":{"@id":"https:\/\/appsaf.apieproject.com\/news\/fr\/2023\/12\/06\/en-cote-divoire-abdourahmane-cisse-quitte-la-presidence\/#primaryimage"},"thumbnailUrl":"https:\/\/appsaf.apieproject.com\/news\/wp-content\/uploads\/sites\/29\/2023\/12\/whatsapp-image-2021-03-29-at-192516-5c9f8ccbe1f64842a9606dae8c4a97c4.jpeg","datePublished":"2023-12-06T00:04:46+00:00","dateModified":"2023-12-06T00:04:47+00:00","breadcrumb":{"@id":"https:\/\/appsaf.apieproject.com\/news\/fr\/2023\/12\/06\/en-cote-divoire-abdourahmane-cisse-quitte-la-presidence\/#breadcrumb"},"inLanguage":"fr-FR","potentialAction":[{"@type":"ReadAction","target":["https:\/\/appsaf.apieproject.com\/news\/fr\/2023\/12\/06\/en-cote-divoire-abdourahmane-cisse-quitte-la-presidence\/"]}]},{"@type":"ImageObject","inLanguage":"fr-FR","@id":"https:\/\/appsaf.apieproject.com\/news\/fr\/2023\/12\/06\/en-cote-divoire-abdourahmane-cisse-quitte-la-presidence\/#primaryimage","url":"https:\/\/appsaf.apieproject.com\/news\/wp-content\/uploads\/sites\/29\/2023\/12\/whatsapp-image-2021-03-29-at-192516-5c9f8ccbe1f64842a9606dae8c4a97c4.jpeg","contentUrl":"https:\/\/appsaf.apieproject.com\/news\/wp-content\/uploads\/sites\/29\/2023\/12\/whatsapp-image-2021-03-29-at-192516-5c9f8ccbe1f64842a9606dae8c4a97c4.jpeg","width":1215,"height":810},{"@type":"BreadcrumbList","@id":"https:\/\/appsaf.apieproject.com\/news\/fr\/2023\/12\/06\/en-cote-divoire-abdourahmane-cisse-quitte-la-presidence\/#breadcrumb","itemListElement":[{"@type":"ListItem","position":1,"name":"Home","item":"https:\/\/appsaf.apieproject.com\/news\/fr\/home\/"},{"@type":"ListItem","position":2,"name":"En C\u00f4te d\u2019Ivoire, Abdourahmane Ciss\u00e9 Quitte La Pr\u00e9sidence"}]},{"@type":"WebSite","@id":"https:\/\/appsaf.apieproject.com\/news\/#website","url":"https:\/\/appsaf.apieproject.com\/news\/","name":"APIE NEWS","description":"PANAFRICANISM NEWS PORTAL","publisher":{"@id":"https:\/\/appsaf.apieproject.com\/news\/#organization"},"potentialAction":[{"@type":"SearchAction","target":{"@type":"EntryPoint","urlTemplate":"https:\/\/appsaf.apieproject.com\/news\/?s={search_term_string}"},"query-input":{"@type":"PropertyValueSpecification","valueRequired":true,"valueName":"search_term_string"}}],"inLanguage":"fr-FR"},{"@type":"Organization","@id":"https:\/\/appsaf.apieproject.com\/news\/#organization","name":"APIE PROJECT","url":"https:\/\/appsaf.apieproject.com\/news\/","logo":{"@type":"ImageObject","inLanguage":"fr-FR","@id":"https:\/\/appsaf.apieproject.com\/news\/#\/schema\/logo\/image\/","url":"https:\/\/appsaf.apieproject.com\/news\/wp-content\/uploads\/sites\/29\/2022\/07\/logo-R-TransparentBackground.png","contentUrl":"https:\/\/appsaf.apieproject.com\/news\/wp-content\/uploads\/sites\/29\/2022\/07\/logo-R-TransparentBackground.png","width":512,"height":512,"caption":"APIE PROJECT"},"image":{"@id":"https:\/\/appsaf.apieproject.com\/news\/#\/schema\/logo\/image\/"},"sameAs":["https:\/\/facebook.com\/apieproject","https:\/\/x.com\/apieproject"]},{"@type":"Person","@id":"https:\/\/appsaf.apieproject.com\/news\/#\/schema\/person\/399517cac378948cd7b39086f9ddc2a7","name":"staff","image":{"@type":"ImageObject","inLanguage":"fr-FR","@id":"https:\/\/appsaf.apieproject.com\/news\/#\/schema\/person\/image\/","url":"https:\/\/secure.gravatar.com\/avatar\/5386283c5db150efe261184bd59f072a?s=96&d=mm&r=g","contentUrl":"https:\/\/secure.gravatar.com\/avatar\/5386283c5db150efe261184bd59f072a?s=96&d=mm&r=g","caption":"staff"},"url":"https:\/\/appsaf.apieproject.com\/news\/fr\/author\/staff\/"}]}},"_links":{"self":[{"href":"https:\/\/appsaf.apieproject.com\/news\/fr\/wp-json\/wp\/v2\/posts\/37316","targetHints":{"allow":["GET"]}}],"collection":[{"href":"https:\/\/appsaf.apieproject.com\/news\/fr\/wp-json\/wp\/v2\/posts"}],"about":[{"href":"https:\/\/appsaf.apieproject.com\/news\/fr\/wp-json\/wp\/v2\/types\/post"}],"author":[{"embeddable":true,"href":"https:\/\/appsaf.apieproject.com\/news\/fr\/wp-json\/wp\/v2\/users\/12963"}],"replies":[{"embeddable":true,"href":"https:\/\/appsaf.apieproject.com\/news\/fr\/wp-json\/wp\/v2\/comments?post=37316"}],"version-history":[{"count":1,"href":"https:\/\/appsaf.apieproject.com\/news\/fr\/wp-json\/wp\/v2\/posts\/37316\/revisions"}],"predecessor-version":[{"id":37513,"href":"https:\/\/appsaf.apieproject.com\/news\/fr\/wp-json\/wp\/v2\/posts\/37316\/revisions\/37513"}],"wp:featuredmedia":[{"embeddable":true,"href":"https:\/\/appsaf.apieproject.com\/news\/fr\/wp-json\/wp\/v2\/media\/37313"}],"wp:attachment":[{"href":"https:\/\/appsaf.apieproject.com\/news\/fr\/wp-json\/wp\/v2\/media?parent=37316"}],"wp:term":[{"taxonomy":"category","embeddable":true,"href":"https:\/\/appsaf.apieproject.com\/news\/fr\/wp-json\/wp\/v2\/categories?post=37316"},{"taxonomy":"post_tag","embeddable":true,"href":"https:\/\/appsaf.apieproject.com\/news\/fr\/wp-json\/wp\/v2\/tags?post=37316"}],"curies":[{"name":"wp","href":"https:\/\/api.w.org\/{rel}","templated":true}]}}