{"id":37328,"date":"2023-12-06T00:11:01","date_gmt":"2023-12-06T00:11:01","guid":{"rendered":"https:\/\/appsaf.apieproject.com\/news\/?p=37328"},"modified":"2023-12-06T00:11:03","modified_gmt":"2023-12-06T00:11:03","slug":"senegal-litterature-le-magistrat-papa-assane-toure-presente-son-ouvrage-sur-le-droit-penal-general-senegalais","status":"publish","type":"post","link":"https:\/\/appsaf.apieproject.com\/news\/fr\/2023\/12\/06\/senegal-litterature-le-magistrat-papa-assane-toure-presente-son-ouvrage-sur-le-droit-penal-general-senegalais\/","title":{"rendered":"S\u00e9n\u00e9gal-Litt\u00e9rature : Le Magistrat Papa Assane Tour\u00e9 Pr\u00e9sente Son Ouvrage Sur Le Droit P\u00e9nal G\u00e9n\u00e9ral S\u00e9n\u00e9galais"},"content":{"rendered":"<p>La c\u00e9r\u00e9monie de pr\u00e9sentation et de d\u00e9dicace, pr\u00e9vue \u00e0 Dakar, sera pr\u00e9sid\u00e9e par Cir\u00e9 Aly Ba, premier pr\u00e9sident de la Cour supr\u00eame.<\/p>\n<p>Elle sera marqu\u00e9e par l\u2019intervention de ce dernier et aussi celle du ministre secr\u00e9taire g\u00e9n\u00e9ral du gouvernement, Abdou Latif Coulibaly, de Me Mbaye Gu\u00e8ye, avocat \u00e0 la Cour et ancien b\u00e2tonnier de l\u2019Ordre des avocats, et du magistrat hors hi\u00e9rarchie, Ousmane Gu\u00e8ye.<\/p>\n<p>Les professeurs Amadou Faye et Cheikh Abdou Wakhab Ndiaye de l\u2019universit\u00e9 Cheikh Anta Diop y prendront part \u00e9galement.<\/p>\n<p>Les deux livres qui seront pr\u00e9sent\u00e9s traitent \u201cdes diff\u00e9rentes techniques du droit p\u00e9nal au S\u00e9n\u00e9gal\u2019\u2019, pr\u00e9cise l\u2019auteur.<\/p>\n<p>Charg\u00e9 des affaires juridiques au secr\u00e9tariat g\u00e9n\u00e9ral du gouvernement, Papa Assane Tour\u00e9, est revenu dans son ouvrage sur \u201cl\u2019infraction p\u00e9nale, la responsabilit\u00e9 p\u00e9nale et la sanction p\u00e9nale, \u00e0 la lumi\u00e8re des derni\u00e8res r\u00e9formes p\u00e9nales\u2019\u2019.<\/p>\n<p>\u201cLe pr\u00e9sent ouvrage constitue le premier consacr\u00e9 au droit p\u00e9nal s\u00e9n\u00e9galais, qui a pour source normative principale la loi n\u00b0 65-60 du 21 juillet 1965 portant code p\u00e9nal\u2019\u2019, a poursuivi l\u2019auteur. \u201cCette loi a \u00e9t\u00e9 plusieurs fois modifi\u00e9e et \u00e9clair\u00e9e par les d\u00e9cisions des cours et tribunaux ainsi que par les analyses de la doctrine\u2019\u2019, a rappel\u00e9 M. Tour\u00e9 dans la quatri\u00e8me de couverture.<\/p>\n<p>Il y ajoute que \u201cles deux livres sont destin\u00e9s aux \u00e9tudiants, aux universitaires, aux praticiens du droit (magistrats, avocats, policiers, gendarmes, etc.) ainsi qu\u2019aux citoyens d\u00e9sireux de comprendre les principes fondamentaux qui traversent le droit p\u00e9nal s\u00e9n\u00e9galais\u2019\u2019.<\/p>\n","protected":false},"excerpt":{"rendered":"<p>Le magistrat Papa Assane Tour\u00e9, secr\u00e9taire g\u00e9n\u00e9ral adjoint du gouvernement, pr\u00e9sente son ouvrage intitul\u00e9 \u201cDroit p\u00e9nal g\u00e9n\u00e9ral s\u00e9n\u00e9galais\u2019\u2019 et \u00e9dit\u00e9 en deux tomes par \u2018\u2019L\u2019Harmattan S\u00e9n\u00e9gal\u2019\u2019, ce vendredi, \u00e0 partir de 15 heures 30, a appris jeudi l\u2019APS.<\/p>\n","protected":false},"author":12963,"featured_media":37325,"comment_status":"open","ping_status":"open","sticky":false,"template":"","format":"standard","meta":{"footnotes":""},"categories":[67,53],"tags":[81,78,87],"class_list":{"0":"post-37328","1":"post","2":"type-post","3":"status-publish","4":"format-standard","5":"has-post-thumbnail","7":"category-actualites","8":"category-culture-fr","9":"tag-actualites","10":"tag-apie-project-2","11":"tag-culture-2"},"yoast_head":"<!-- This site is optimized with the Yoast SEO plugin v24.4 - https:\/\/yoast.com\/wordpress\/plugins\/seo\/ -->\n<title>S\u00e9n\u00e9gal-Litt\u00e9rature : Le Magistrat Papa Assane Tour\u00e9 Pr\u00e9sente Son Ouvrage Sur Le Droit P\u00e9nal G\u00e9n\u00e9ral S\u00e9n\u00e9galais - APIE NEWS<\/title>\n<meta name=\"robots\" content=\"index, follow, max-snippet:-1, max-image-preview:large, max-video-preview:-1\" \/>\n<link rel=\"canonical\" href=\"https:\/\/appsaf.apieproject.com\/news\/fr\/2023\/12\/06\/senegal-litterature-le-magistrat-papa-assane-toure-presente-son-ouvrage-sur-le-droit-penal-general-senegalais\/\" \/>\n<meta property=\"og:locale\" content=\"fr_FR\" \/>\n<meta property=\"og:type\" content=\"article\" \/>\n<meta property=\"og:title\" content=\"S\u00e9n\u00e9gal-Litt\u00e9rature : Le Magistrat Papa Assane Tour\u00e9 Pr\u00e9sente Son Ouvrage Sur Le Droit P\u00e9nal G\u00e9n\u00e9ral S\u00e9n\u00e9galais - APIE NEWS\" \/>\n<meta property=\"og:description\" content=\"Le magistrat Papa Assane Tour\u00e9, secr\u00e9taire g\u00e9n\u00e9ral adjoint du gouvernement, pr\u00e9sente son ouvrage intitul\u00e9 \u201cDroit p\u00e9nal g\u00e9n\u00e9ral s\u00e9n\u00e9galais\u2019\u2019 et \u00e9dit\u00e9 en deux tomes par \u2018\u2019L\u2019Harmattan S\u00e9n\u00e9gal\u2019\u2019, ce vendredi, \u00e0 partir de 15 heures 30, a appris jeudi l\u2019APS.\" \/>\n<meta property=\"og:url\" content=\"https:\/\/appsaf.apieproject.com\/news\/fr\/2023\/12\/06\/senegal-litterature-le-magistrat-papa-assane-toure-presente-son-ouvrage-sur-le-droit-penal-general-senegalais\/\" \/>\n<meta property=\"og:site_name\" content=\"APIE NEWS\" \/>\n<meta property=\"article:publisher\" content=\"https:\/\/facebook.com\/apieproject\" \/>\n<meta property=\"article:published_time\" content=\"2023-12-06T00:11:01+00:00\" \/>\n<meta property=\"article:modified_time\" content=\"2023-12-06T00:11:03+00:00\" \/>\n<meta property=\"og:image\" content=\"https:\/\/appsaf.apieproject.com\/news\/wp-content\/uploads\/sites\/29\/2023\/12\/Screenshot_20231201_094348-be5b3e01512c06a6992dfcda68abbc00.jpg\" \/>\n\t<meta property=\"og:image:width\" content=\"1012\" \/>\n\t<meta property=\"og:image:height\" content=\"557\" \/>\n\t<meta property=\"og:image:type\" content=\"image\/jpeg\" \/>\n<meta name=\"author\" content=\"staff\" \/>\n<meta name=\"twitter:card\" content=\"summary_large_image\" \/>\n<meta name=\"twitter:creator\" content=\"@apieproject\" \/>\n<meta name=\"twitter:site\" content=\"@apieproject\" \/>\n<meta name=\"twitter:label1\" content=\"\u00c9crit par\" \/>\n\t<meta name=\"twitter:data1\" content=\"staff\" \/>\n\t<meta name=\"twitter:label2\" content=\"Dur\u00e9e de lecture estim\u00e9e\" \/>\n\t<meta name=\"twitter:data2\" content=\"1 minute\" \/>\n<script type=\"application\/ld+json\" class=\"yoast-schema-graph\">{\"@context\":\"https:\/\/schema.org\",\"@graph\":[{\"@type\":\"Article\",\"@id\":\"https:\/\/appsaf.apieproject.com\/news\/fr\/2023\/12\/06\/senegal-litterature-le-magistrat-papa-assane-toure-presente-son-ouvrage-sur-le-droit-penal-general-senegalais\/#article\",\"isPartOf\":{\"@id\":\"https:\/\/appsaf.apieproject.com\/news\/fr\/2023\/12\/06\/senegal-litterature-le-magistrat-papa-assane-toure-presente-son-ouvrage-sur-le-droit-penal-general-senegalais\/\"},\"author\":{\"name\":\"staff\",\"@id\":\"https:\/\/appsaf.apieproject.com\/news\/#\/schema\/person\/399517cac378948cd7b39086f9ddc2a7\"},\"headline\":\"S\u00e9n\u00e9gal-Litt\u00e9rature : Le Magistrat Papa Assane Tour\u00e9 Pr\u00e9sente Son Ouvrage Sur Le Droit P\u00e9nal G\u00e9n\u00e9ral S\u00e9n\u00e9galais\",\"datePublished\":\"2023-12-06T00:11:01+00:00\",\"dateModified\":\"2023-12-06T00:11:03+00:00\",\"mainEntityOfPage\":{\"@id\":\"https:\/\/appsaf.apieproject.com\/news\/fr\/2023\/12\/06\/senegal-litterature-le-magistrat-papa-assane-toure-presente-son-ouvrage-sur-le-droit-penal-general-senegalais\/\"},\"wordCount\":308,\"commentCount\":0,\"publisher\":{\"@id\":\"https:\/\/appsaf.apieproject.com\/news\/#organization\"},\"image\":{\"@id\":\"https:\/\/appsaf.apieproject.com\/news\/fr\/2023\/12\/06\/senegal-litterature-le-magistrat-papa-assane-toure-presente-son-ouvrage-sur-le-droit-penal-general-senegalais\/#primaryimage\"},\"thumbnailUrl\":\"https:\/\/appsaf.apieproject.com\/news\/wp-content\/uploads\/sites\/29\/2023\/12\/Screenshot_20231201_094348-be5b3e01512c06a6992dfcda68abbc00.jpg\",\"keywords\":[\"actualites\",\"apie project\",\"culture\"],\"articleSection\":[\"Actualit\u00e9s\",\"Culture\"],\"inLanguage\":\"fr-FR\",\"potentialAction\":[{\"@type\":\"CommentAction\",\"name\":\"Comment\",\"target\":[\"https:\/\/appsaf.apieproject.com\/news\/fr\/2023\/12\/06\/senegal-litterature-le-magistrat-papa-assane-toure-presente-son-ouvrage-sur-le-droit-penal-general-senegalais\/#respond\"]}]},{\"@type\":\"WebPage\",\"@id\":\"https:\/\/appsaf.apieproject.com\/news\/fr\/2023\/12\/06\/senegal-litterature-le-magistrat-papa-assane-toure-presente-son-ouvrage-sur-le-droit-penal-general-senegalais\/\",\"url\":\"https:\/\/appsaf.apieproject.com\/news\/fr\/2023\/12\/06\/senegal-litterature-le-magistrat-papa-assane-toure-presente-son-ouvrage-sur-le-droit-penal-general-senegalais\/\",\"name\":\"S\u00e9n\u00e9gal-Litt\u00e9rature : Le Magistrat Papa Assane Tour\u00e9 Pr\u00e9sente Son Ouvrage Sur Le Droit P\u00e9nal G\u00e9n\u00e9ral S\u00e9n\u00e9galais - APIE NEWS\",\"isPartOf\":{\"@id\":\"https:\/\/appsaf.apieproject.com\/news\/#website\"},\"primaryImageOfPage\":{\"@id\":\"https:\/\/appsaf.apieproject.com\/news\/fr\/2023\/12\/06\/senegal-litterature-le-magistrat-papa-assane-toure-presente-son-ouvrage-sur-le-droit-penal-general-senegalais\/#primaryimage\"},\"image\":{\"@id\":\"https:\/\/appsaf.apieproject.com\/news\/fr\/2023\/12\/06\/senegal-litterature-le-magistrat-papa-assane-toure-presente-son-ouvrage-sur-le-droit-penal-general-senegalais\/#primaryimage\"},\"thumbnailUrl\":\"https:\/\/appsaf.apieproject.com\/news\/wp-content\/uploads\/sites\/29\/2023\/12\/Screenshot_20231201_094348-be5b3e01512c06a6992dfcda68abbc00.jpg\",\"datePublished\":\"2023-12-06T00:11:01+00:00\",\"dateModified\":\"2023-12-06T00:11:03+00:00\",\"breadcrumb\":{\"@id\":\"https:\/\/appsaf.apieproject.com\/news\/fr\/2023\/12\/06\/senegal-litterature-le-magistrat-papa-assane-toure-presente-son-ouvrage-sur-le-droit-penal-general-senegalais\/#breadcrumb\"},\"inLanguage\":\"fr-FR\",\"potentialAction\":[{\"@type\":\"ReadAction\",\"target\":[\"https:\/\/appsaf.apieproject.com\/news\/fr\/2023\/12\/06\/senegal-litterature-le-magistrat-papa-assane-toure-presente-son-ouvrage-sur-le-droit-penal-general-senegalais\/\"]}]},{\"@type\":\"ImageObject\",\"inLanguage\":\"fr-FR\",\"@id\":\"https:\/\/appsaf.apieproject.com\/news\/fr\/2023\/12\/06\/senegal-litterature-le-magistrat-papa-assane-toure-presente-son-ouvrage-sur-le-droit-penal-general-senegalais\/#primaryimage\",\"url\":\"https:\/\/appsaf.apieproject.com\/news\/wp-content\/uploads\/sites\/29\/2023\/12\/Screenshot_20231201_094348-be5b3e01512c06a6992dfcda68abbc00.jpg\",\"contentUrl\":\"https:\/\/appsaf.apieproject.com\/news\/wp-content\/uploads\/sites\/29\/2023\/12\/Screenshot_20231201_094348-be5b3e01512c06a6992dfcda68abbc00.jpg\",\"width\":1012,\"height\":557},{\"@type\":\"BreadcrumbList\",\"@id\":\"https:\/\/appsaf.apieproject.com\/news\/fr\/2023\/12\/06\/senegal-litterature-le-magistrat-papa-assane-toure-presente-son-ouvrage-sur-le-droit-penal-general-senegalais\/#breadcrumb\",\"itemListElement\":[{\"@type\":\"ListItem\",\"position\":1,\"name\":\"Home\",\"item\":\"https:\/\/appsaf.apieproject.com\/news\/fr\/home\/\"},{\"@type\":\"ListItem\",\"position\":2,\"name\":\"S\u00e9n\u00e9gal-Litt\u00e9rature : Le Magistrat Papa Assane Tour\u00e9 Pr\u00e9sente Son Ouvrage Sur Le Droit P\u00e9nal G\u00e9n\u00e9ral S\u00e9n\u00e9galais\"}]},{\"@type\":\"WebSite\",\"@id\":\"https:\/\/appsaf.apieproject.com\/news\/#website\",\"url\":\"https:\/\/appsaf.apieproject.com\/news\/\",\"name\":\"APIE NEWS\",\"description\":\"PANAFRICANISM NEWS PORTAL\",\"publisher\":{\"@id\":\"https:\/\/appsaf.apieproject.com\/news\/#organization\"},\"potentialAction\":[{\"@type\":\"SearchAction\",\"target\":{\"@type\":\"EntryPoint\",\"urlTemplate\":\"https:\/\/appsaf.apieproject.com\/news\/?s={search_term_string}\"},\"query-input\":{\"@type\":\"PropertyValueSpecification\",\"valueRequired\":true,\"valueName\":\"search_term_string\"}}],\"inLanguage\":\"fr-FR\"},{\"@type\":\"Organization\",\"@id\":\"https:\/\/appsaf.apieproject.com\/news\/#organization\",\"name\":\"APIE PROJECT\",\"url\":\"https:\/\/appsaf.apieproject.com\/news\/\",\"logo\":{\"@type\":\"ImageObject\",\"inLanguage\":\"fr-FR\",\"@id\":\"https:\/\/appsaf.apieproject.com\/news\/#\/schema\/logo\/image\/\",\"url\":\"https:\/\/appsaf.apieproject.com\/news\/wp-content\/uploads\/sites\/29\/2022\/07\/logo-R-TransparentBackground.png\",\"contentUrl\":\"https:\/\/appsaf.apieproject.com\/news\/wp-content\/uploads\/sites\/29\/2022\/07\/logo-R-TransparentBackground.png\",\"width\":512,\"height\":512,\"caption\":\"APIE PROJECT\"},\"image\":{\"@id\":\"https:\/\/appsaf.apieproject.com\/news\/#\/schema\/logo\/image\/\"},\"sameAs\":[\"https:\/\/facebook.com\/apieproject\",\"https:\/\/x.com\/apieproject\"]},{\"@type\":\"Person\",\"@id\":\"https:\/\/appsaf.apieproject.com\/news\/#\/schema\/person\/399517cac378948cd7b39086f9ddc2a7\",\"name\":\"staff\",\"image\":{\"@type\":\"ImageObject\",\"inLanguage\":\"fr-FR\",\"@id\":\"https:\/\/appsaf.apieproject.com\/news\/#\/schema\/person\/image\/\",\"url\":\"https:\/\/secure.gravatar.com\/avatar\/5386283c5db150efe261184bd59f072a?s=96&d=mm&r=g\",\"contentUrl\":\"https:\/\/secure.gravatar.com\/avatar\/5386283c5db150efe261184bd59f072a?s=96&d=mm&r=g\",\"caption\":\"staff\"},\"url\":\"https:\/\/appsaf.apieproject.com\/news\/fr\/author\/staff\/\"}]}<\/script>\n<!-- \/ Yoast SEO plugin. -->","yoast_head_json":{"title":"S\u00e9n\u00e9gal-Litt\u00e9rature : Le Magistrat Papa Assane Tour\u00e9 Pr\u00e9sente Son Ouvrage Sur Le Droit P\u00e9nal G\u00e9n\u00e9ral S\u00e9n\u00e9galais - APIE NEWS","robots":{"index":"index","follow":"follow","max-snippet":"max-snippet:-1","max-image-preview":"max-image-preview:large","max-video-preview":"max-video-preview:-1"},"canonical":"https:\/\/appsaf.apieproject.com\/news\/fr\/2023\/12\/06\/senegal-litterature-le-magistrat-papa-assane-toure-presente-son-ouvrage-sur-le-droit-penal-general-senegalais\/","og_locale":"fr_FR","og_type":"article","og_title":"S\u00e9n\u00e9gal-Litt\u00e9rature : Le Magistrat Papa Assane Tour\u00e9 Pr\u00e9sente Son Ouvrage Sur Le Droit P\u00e9nal G\u00e9n\u00e9ral S\u00e9n\u00e9galais - APIE NEWS","og_description":"Le magistrat Papa Assane Tour\u00e9, secr\u00e9taire g\u00e9n\u00e9ral adjoint du gouvernement, pr\u00e9sente son ouvrage intitul\u00e9 \u201cDroit p\u00e9nal g\u00e9n\u00e9ral s\u00e9n\u00e9galais\u2019\u2019 et \u00e9dit\u00e9 en deux tomes par \u2018\u2019L\u2019Harmattan S\u00e9n\u00e9gal\u2019\u2019, ce vendredi, \u00e0 partir de 15 heures 30, a appris jeudi l\u2019APS.","og_url":"https:\/\/appsaf.apieproject.com\/news\/fr\/2023\/12\/06\/senegal-litterature-le-magistrat-papa-assane-toure-presente-son-ouvrage-sur-le-droit-penal-general-senegalais\/","og_site_name":"APIE NEWS","article_publisher":"https:\/\/facebook.com\/apieproject","article_published_time":"2023-12-06T00:11:01+00:00","article_modified_time":"2023-12-06T00:11:03+00:00","og_image":[{"width":1012,"height":557,"url":"https:\/\/appsaf.apieproject.com\/news\/wp-content\/uploads\/sites\/29\/2023\/12\/Screenshot_20231201_094348-be5b3e01512c06a6992dfcda68abbc00.jpg","type":"image\/jpeg"}],"author":"staff","twitter_card":"summary_large_image","twitter_creator":"@apieproject","twitter_site":"@apieproject","twitter_misc":{"\u00c9crit par":"staff","Dur\u00e9e de lecture estim\u00e9e":"1 minute"},"schema":{"@context":"https:\/\/schema.org","@graph":[{"@type":"Article","@id":"https:\/\/appsaf.apieproject.com\/news\/fr\/2023\/12\/06\/senegal-litterature-le-magistrat-papa-assane-toure-presente-son-ouvrage-sur-le-droit-penal-general-senegalais\/#article","isPartOf":{"@id":"https:\/\/appsaf.apieproject.com\/news\/fr\/2023\/12\/06\/senegal-litterature-le-magistrat-papa-assane-toure-presente-son-ouvrage-sur-le-droit-penal-general-senegalais\/"},"author":{"name":"staff","@id":"https:\/\/appsaf.apieproject.com\/news\/#\/schema\/person\/399517cac378948cd7b39086f9ddc2a7"},"headline":"S\u00e9n\u00e9gal-Litt\u00e9rature : Le Magistrat Papa Assane Tour\u00e9 Pr\u00e9sente Son Ouvrage Sur Le Droit P\u00e9nal G\u00e9n\u00e9ral S\u00e9n\u00e9galais","datePublished":"2023-12-06T00:11:01+00:00","dateModified":"2023-12-06T00:11:03+00:00","mainEntityOfPage":{"@id":"https:\/\/appsaf.apieproject.com\/news\/fr\/2023\/12\/06\/senegal-litterature-le-magistrat-papa-assane-toure-presente-son-ouvrage-sur-le-droit-penal-general-senegalais\/"},"wordCount":308,"commentCount":0,"publisher":{"@id":"https:\/\/appsaf.apieproject.com\/news\/#organization"},"image":{"@id":"https:\/\/appsaf.apieproject.com\/news\/fr\/2023\/12\/06\/senegal-litterature-le-magistrat-papa-assane-toure-presente-son-ouvrage-sur-le-droit-penal-general-senegalais\/#primaryimage"},"thumbnailUrl":"https:\/\/appsaf.apieproject.com\/news\/wp-content\/uploads\/sites\/29\/2023\/12\/Screenshot_20231201_094348-be5b3e01512c06a6992dfcda68abbc00.jpg","keywords":["actualites","apie project","culture"],"articleSection":["Actualit\u00e9s","Culture"],"inLanguage":"fr-FR","potentialAction":[{"@type":"CommentAction","name":"Comment","target":["https:\/\/appsaf.apieproject.com\/news\/fr\/2023\/12\/06\/senegal-litterature-le-magistrat-papa-assane-toure-presente-son-ouvrage-sur-le-droit-penal-general-senegalais\/#respond"]}]},{"@type":"WebPage","@id":"https:\/\/appsaf.apieproject.com\/news\/fr\/2023\/12\/06\/senegal-litterature-le-magistrat-papa-assane-toure-presente-son-ouvrage-sur-le-droit-penal-general-senegalais\/","url":"https:\/\/appsaf.apieproject.com\/news\/fr\/2023\/12\/06\/senegal-litterature-le-magistrat-papa-assane-toure-presente-son-ouvrage-sur-le-droit-penal-general-senegalais\/","name":"S\u00e9n\u00e9gal-Litt\u00e9rature : Le Magistrat Papa Assane Tour\u00e9 Pr\u00e9sente Son Ouvrage Sur Le Droit P\u00e9nal G\u00e9n\u00e9ral S\u00e9n\u00e9galais - APIE NEWS","isPartOf":{"@id":"https:\/\/appsaf.apieproject.com\/news\/#website"},"primaryImageOfPage":{"@id":"https:\/\/appsaf.apieproject.com\/news\/fr\/2023\/12\/06\/senegal-litterature-le-magistrat-papa-assane-toure-presente-son-ouvrage-sur-le-droit-penal-general-senegalais\/#primaryimage"},"image":{"@id":"https:\/\/appsaf.apieproject.com\/news\/fr\/2023\/12\/06\/senegal-litterature-le-magistrat-papa-assane-toure-presente-son-ouvrage-sur-le-droit-penal-general-senegalais\/#primaryimage"},"thumbnailUrl":"https:\/\/appsaf.apieproject.com\/news\/wp-content\/uploads\/sites\/29\/2023\/12\/Screenshot_20231201_094348-be5b3e01512c06a6992dfcda68abbc00.jpg","datePublished":"2023-12-06T00:11:01+00:00","dateModified":"2023-12-06T00:11:03+00:00","breadcrumb":{"@id":"https:\/\/appsaf.apieproject.com\/news\/fr\/2023\/12\/06\/senegal-litterature-le-magistrat-papa-assane-toure-presente-son-ouvrage-sur-le-droit-penal-general-senegalais\/#breadcrumb"},"inLanguage":"fr-FR","potentialAction":[{"@type":"ReadAction","target":["https:\/\/appsaf.apieproject.com\/news\/fr\/2023\/12\/06\/senegal-litterature-le-magistrat-papa-assane-toure-presente-son-ouvrage-sur-le-droit-penal-general-senegalais\/"]}]},{"@type":"ImageObject","inLanguage":"fr-FR","@id":"https:\/\/appsaf.apieproject.com\/news\/fr\/2023\/12\/06\/senegal-litterature-le-magistrat-papa-assane-toure-presente-son-ouvrage-sur-le-droit-penal-general-senegalais\/#primaryimage","url":"https:\/\/appsaf.apieproject.com\/news\/wp-content\/uploads\/sites\/29\/2023\/12\/Screenshot_20231201_094348-be5b3e01512c06a6992dfcda68abbc00.jpg","contentUrl":"https:\/\/appsaf.apieproject.com\/news\/wp-content\/uploads\/sites\/29\/2023\/12\/Screenshot_20231201_094348-be5b3e01512c06a6992dfcda68abbc00.jpg","width":1012,"height":557},{"@type":"BreadcrumbList","@id":"https:\/\/appsaf.apieproject.com\/news\/fr\/2023\/12\/06\/senegal-litterature-le-magistrat-papa-assane-toure-presente-son-ouvrage-sur-le-droit-penal-general-senegalais\/#breadcrumb","itemListElement":[{"@type":"ListItem","position":1,"name":"Home","item":"https:\/\/appsaf.apieproject.com\/news\/fr\/home\/"},{"@type":"ListItem","position":2,"name":"S\u00e9n\u00e9gal-Litt\u00e9rature : Le Magistrat Papa Assane Tour\u00e9 Pr\u00e9sente Son Ouvrage Sur Le Droit P\u00e9nal G\u00e9n\u00e9ral S\u00e9n\u00e9galais"}]},{"@type":"WebSite","@id":"https:\/\/appsaf.apieproject.com\/news\/#website","url":"https:\/\/appsaf.apieproject.com\/news\/","name":"APIE NEWS","description":"PANAFRICANISM NEWS PORTAL","publisher":{"@id":"https:\/\/appsaf.apieproject.com\/news\/#organization"},"potentialAction":[{"@type":"SearchAction","target":{"@type":"EntryPoint","urlTemplate":"https:\/\/appsaf.apieproject.com\/news\/?s={search_term_string}"},"query-input":{"@type":"PropertyValueSpecification","valueRequired":true,"valueName":"search_term_string"}}],"inLanguage":"fr-FR"},{"@type":"Organization","@id":"https:\/\/appsaf.apieproject.com\/news\/#organization","name":"APIE PROJECT","url":"https:\/\/appsaf.apieproject.com\/news\/","logo":{"@type":"ImageObject","inLanguage":"fr-FR","@id":"https:\/\/appsaf.apieproject.com\/news\/#\/schema\/logo\/image\/","url":"https:\/\/appsaf.apieproject.com\/news\/wp-content\/uploads\/sites\/29\/2022\/07\/logo-R-TransparentBackground.png","contentUrl":"https:\/\/appsaf.apieproject.com\/news\/wp-content\/uploads\/sites\/29\/2022\/07\/logo-R-TransparentBackground.png","width":512,"height":512,"caption":"APIE PROJECT"},"image":{"@id":"https:\/\/appsaf.apieproject.com\/news\/#\/schema\/logo\/image\/"},"sameAs":["https:\/\/facebook.com\/apieproject","https:\/\/x.com\/apieproject"]},{"@type":"Person","@id":"https:\/\/appsaf.apieproject.com\/news\/#\/schema\/person\/399517cac378948cd7b39086f9ddc2a7","name":"staff","image":{"@type":"ImageObject","inLanguage":"fr-FR","@id":"https:\/\/appsaf.apieproject.com\/news\/#\/schema\/person\/image\/","url":"https:\/\/secure.gravatar.com\/avatar\/5386283c5db150efe261184bd59f072a?s=96&d=mm&r=g","contentUrl":"https:\/\/secure.gravatar.com\/avatar\/5386283c5db150efe261184bd59f072a?s=96&d=mm&r=g","caption":"staff"},"url":"https:\/\/appsaf.apieproject.com\/news\/fr\/author\/staff\/"}]}},"_links":{"self":[{"href":"https:\/\/appsaf.apieproject.com\/news\/fr\/wp-json\/wp\/v2\/posts\/37328","targetHints":{"allow":["GET"]}}],"collection":[{"href":"https:\/\/appsaf.apieproject.com\/news\/fr\/wp-json\/wp\/v2\/posts"}],"about":[{"href":"https:\/\/appsaf.apieproject.com\/news\/fr\/wp-json\/wp\/v2\/types\/post"}],"author":[{"embeddable":true,"href":"https:\/\/appsaf.apieproject.com\/news\/fr\/wp-json\/wp\/v2\/users\/12963"}],"replies":[{"embeddable":true,"href":"https:\/\/appsaf.apieproject.com\/news\/fr\/wp-json\/wp\/v2\/comments?post=37328"}],"version-history":[{"count":1,"href":"https:\/\/appsaf.apieproject.com\/news\/fr\/wp-json\/wp\/v2\/posts\/37328\/revisions"}],"predecessor-version":[{"id":37519,"href":"https:\/\/appsaf.apieproject.com\/news\/fr\/wp-json\/wp\/v2\/posts\/37328\/revisions\/37519"}],"wp:featuredmedia":[{"embeddable":true,"href":"https:\/\/appsaf.apieproject.com\/news\/fr\/wp-json\/wp\/v2\/media\/37325"}],"wp:attachment":[{"href":"https:\/\/appsaf.apieproject.com\/news\/fr\/wp-json\/wp\/v2\/media?parent=37328"}],"wp:term":[{"taxonomy":"category","embeddable":true,"href":"https:\/\/appsaf.apieproject.com\/news\/fr\/wp-json\/wp\/v2\/categories?post=37328"},{"taxonomy":"post_tag","embeddable":true,"href":"https:\/\/appsaf.apieproject.com\/news\/fr\/wp-json\/wp\/v2\/tags?post=37328"}],"curies":[{"name":"wp","href":"https:\/\/api.w.org\/{rel}","templated":true}]}}