{"id":37626,"date":"2023-12-10T22:45:56","date_gmt":"2023-12-10T22:45:56","guid":{"rendered":"https:\/\/appsaf.apieproject.com\/news\/?p=37626"},"modified":"2023-12-10T22:45:58","modified_gmt":"2023-12-10T22:45:58","slug":"gabon-le-premier-ministre-de-transition-a-presente-son-discours-de-politique-generale-devant-les-deputes","status":"publish","type":"post","link":"https:\/\/appsaf.apieproject.com\/news\/fr\/2023\/12\/10\/gabon-le-premier-ministre-de-transition-a-presente-son-discours-de-politique-generale-devant-les-deputes\/","title":{"rendered":"Gabon: Le Premier Ministre De Transition A Pr\u00e9sent\u00e9 Son Discours De Politique G\u00e9n\u00e9rale Devant Les D\u00e9put\u00e9s"},"content":{"rendered":"<p>Une feuille de route, \u00ab c&rsquo;est comme un v\u00e9hicule, il faut v\u00e9rifier les roues, le carburant, la batterie avant, si on ne veut pas tomber en panne \u00bb, a expliqu\u00e9 Raymond Ndong Sima. Le Premier ministre a appel\u00e9 \u00e0 la patience. Il a rappel\u00e9 les r\u00e9formes entreprises, l&rsquo;effort diplomatique pour revenir dans le concert des nations, le remboursement d&rsquo;arri\u00e9r\u00e9s, le dialogue avec les institutions internationales, ou les diagnostics en cours pour amorcer les prochains chantiers dans la sant\u00e9 ou encore l&rsquo;\u00e9ducation.<\/p>\n<p>\u00ab Susciter un climat de confiance \u00bb<\/p>\n<p>Le chef du gouvernement a rappel\u00e9 les \u00e9ch\u00e9ances de la transition : dialogue national en avril, r\u00e9f\u00e9rendum fin 2024, \u00e9lections en ao\u00fbt 2025. \u00ab Nous n&rsquo;avons pas d&rsquo;autre choix que de travailler ensemble, pour susciter un climat de confiance \u00bb, a d\u00e9clar\u00e9 Raymond Ndong Sima aux d\u00e9put\u00e9s.<\/p>\n<p>Quatorze d&rsquo;entre eux sont intervenus, soutenant l&rsquo;action du gouvernement tout en relayant les inqui\u00e9tudes des Gabonais sur le Code \u00e9lectoral, le ch\u00f4mage, la pauvret\u00e9, la vie ch\u00e8re. En bon \u00e9conomiste, le Premier ministre a rappel\u00e9 quelques principes et les handicaps actuels du Gabon, comme la d\u00e9pendance envers les investissements \u00e9trangers. Mais pour lui, ce sont les questions politiques qu&rsquo;il faut d&rsquo;abord r\u00e9gler. Sinon, \u00ab ce sera dur de faire des choix. Il faut attendre, \u00e7a va venir, la patience paie \u00bb, a-t-il dit.<\/p>\n<p>M\u00e9canisme de contr\u00f4le<\/p>\n<p>\u00ab Nous comptons sur vous \u00bb, a conclu le pr\u00e9sident de l&rsquo;Assembl\u00e9e. Jean-Fran\u00e7ois Ndongou qui a annonc\u00e9 un m\u00e9canisme pour contr\u00f4ler le respect de la feuille de route, car si Raymond Ndong Sima a la confiance de ses pairs, il n&rsquo;a pas non plus carte blanche.<\/p>\n","protected":false},"excerpt":{"rendered":"<p>Au Gabon, le Premier ministre de transition, Raymond Ndong Sima, a pr\u00e9sent\u00e9, le 7 d\u00e9cembre, son discours de politique g\u00e9n\u00e9rale devant les d\u00e9put\u00e9s, avant de r\u00e9pondre aux pr\u00e9occupations des parlementaires. Conscient d&rsquo;une volont\u00e9 g\u00e9n\u00e9rale d&rsquo;aller vite, de r\u00e9former le pays, le chef du gouvernement a appel\u00e9 \u00e0 la patience, tout en rappelant les chantiers en cours et \u00e0 venir.<\/p>\n","protected":false},"author":12963,"featured_media":37623,"comment_status":"open","ping_status":"open","sticky":false,"template":"","format":"standard","meta":{"footnotes":""},"categories":[67,69],"tags":[81,78,82],"class_list":{"0":"post-37626","1":"post","2":"type-post","3":"status-publish","4":"format-standard","5":"has-post-thumbnail","7":"category-actualites","8":"category-politique","9":"tag-actualites","10":"tag-apie-project-2","11":"tag-politique"},"yoast_head":"<!-- This site is optimized with the Yoast SEO plugin v24.4 - https:\/\/yoast.com\/wordpress\/plugins\/seo\/ -->\n<title>Gabon: Le Premier Ministre De Transition A Pr\u00e9sent\u00e9 Son Discours De Politique G\u00e9n\u00e9rale Devant Les D\u00e9put\u00e9s - APIE NEWS<\/title>\n<meta name=\"robots\" content=\"index, follow, max-snippet:-1, max-image-preview:large, max-video-preview:-1\" \/>\n<link rel=\"canonical\" href=\"https:\/\/appsaf.apieproject.com\/news\/fr\/2023\/12\/10\/gabon-le-premier-ministre-de-transition-a-presente-son-discours-de-politique-generale-devant-les-deputes\/\" \/>\n<meta property=\"og:locale\" content=\"fr_FR\" \/>\n<meta property=\"og:type\" content=\"article\" \/>\n<meta property=\"og:title\" content=\"Gabon: Le Premier Ministre De Transition A Pr\u00e9sent\u00e9 Son Discours De Politique G\u00e9n\u00e9rale Devant Les D\u00e9put\u00e9s - APIE NEWS\" \/>\n<meta property=\"og:description\" content=\"Au Gabon, le Premier ministre de transition, Raymond Ndong Sima, a pr\u00e9sent\u00e9, le 7 d\u00e9cembre, son discours de politique g\u00e9n\u00e9rale devant les d\u00e9put\u00e9s, avant de r\u00e9pondre aux pr\u00e9occupations des parlementaires. Conscient d&#039;une volont\u00e9 g\u00e9n\u00e9rale d&#039;aller vite, de r\u00e9former le pays, le chef du gouvernement a appel\u00e9 \u00e0 la patience, tout en rappelant les chantiers en cours et \u00e0 venir.\" \/>\n<meta property=\"og:url\" content=\"https:\/\/appsaf.apieproject.com\/news\/fr\/2023\/12\/10\/gabon-le-premier-ministre-de-transition-a-presente-son-discours-de-politique-generale-devant-les-deputes\/\" \/>\n<meta property=\"og:site_name\" content=\"APIE NEWS\" \/>\n<meta property=\"article:publisher\" content=\"https:\/\/facebook.com\/apieproject\" \/>\n<meta property=\"article:published_time\" content=\"2023-12-10T22:45:56+00:00\" \/>\n<meta property=\"article:modified_time\" content=\"2023-12-10T22:45:58+00:00\" \/>\n<meta property=\"og:image\" content=\"https:\/\/appsaf.apieproject.com\/news\/wp-content\/uploads\/sites\/29\/2023\/12\/Screenshot_20231208_142310-4ab9369fea1362b51b8d5fa1e62a3f30.jpg\" \/>\n\t<meta property=\"og:image:width\" content=\"1039\" \/>\n\t<meta property=\"og:image:height\" content=\"595\" \/>\n\t<meta property=\"og:image:type\" content=\"image\/jpeg\" \/>\n<meta name=\"author\" content=\"staff\" \/>\n<meta name=\"twitter:card\" content=\"summary_large_image\" \/>\n<meta name=\"twitter:creator\" content=\"@apieproject\" \/>\n<meta name=\"twitter:site\" content=\"@apieproject\" \/>\n<meta name=\"twitter:label1\" content=\"\u00c9crit par\" \/>\n\t<meta name=\"twitter:data1\" content=\"staff\" \/>\n\t<meta name=\"twitter:label2\" content=\"Dur\u00e9e de lecture estim\u00e9e\" \/>\n\t<meta name=\"twitter:data2\" content=\"1 minute\" \/>\n<script type=\"application\/ld+json\" class=\"yoast-schema-graph\">{\"@context\":\"https:\/\/schema.org\",\"@graph\":[{\"@type\":\"Article\",\"@id\":\"https:\/\/appsaf.apieproject.com\/news\/fr\/2023\/12\/10\/gabon-le-premier-ministre-de-transition-a-presente-son-discours-de-politique-generale-devant-les-deputes\/#article\",\"isPartOf\":{\"@id\":\"https:\/\/appsaf.apieproject.com\/news\/fr\/2023\/12\/10\/gabon-le-premier-ministre-de-transition-a-presente-son-discours-de-politique-generale-devant-les-deputes\/\"},\"author\":{\"name\":\"staff\",\"@id\":\"https:\/\/appsaf.apieproject.com\/news\/#\/schema\/person\/399517cac378948cd7b39086f9ddc2a7\"},\"headline\":\"Gabon: Le Premier Ministre De Transition A Pr\u00e9sent\u00e9 Son Discours De Politique G\u00e9n\u00e9rale Devant Les D\u00e9put\u00e9s\",\"datePublished\":\"2023-12-10T22:45:56+00:00\",\"dateModified\":\"2023-12-10T22:45:58+00:00\",\"mainEntityOfPage\":{\"@id\":\"https:\/\/appsaf.apieproject.com\/news\/fr\/2023\/12\/10\/gabon-le-premier-ministre-de-transition-a-presente-son-discours-de-politique-generale-devant-les-deputes\/\"},\"wordCount\":310,\"commentCount\":0,\"publisher\":{\"@id\":\"https:\/\/appsaf.apieproject.com\/news\/#organization\"},\"image\":{\"@id\":\"https:\/\/appsaf.apieproject.com\/news\/fr\/2023\/12\/10\/gabon-le-premier-ministre-de-transition-a-presente-son-discours-de-politique-generale-devant-les-deputes\/#primaryimage\"},\"thumbnailUrl\":\"https:\/\/appsaf.apieproject.com\/news\/wp-content\/uploads\/sites\/29\/2023\/12\/Screenshot_20231208_142310-4ab9369fea1362b51b8d5fa1e62a3f30.jpg\",\"keywords\":[\"actualites\",\"apie project\",\"politique\"],\"articleSection\":[\"Actualit\u00e9s\",\"Politique\"],\"inLanguage\":\"fr-FR\",\"potentialAction\":[{\"@type\":\"CommentAction\",\"name\":\"Comment\",\"target\":[\"https:\/\/appsaf.apieproject.com\/news\/fr\/2023\/12\/10\/gabon-le-premier-ministre-de-transition-a-presente-son-discours-de-politique-generale-devant-les-deputes\/#respond\"]}]},{\"@type\":\"WebPage\",\"@id\":\"https:\/\/appsaf.apieproject.com\/news\/fr\/2023\/12\/10\/gabon-le-premier-ministre-de-transition-a-presente-son-discours-de-politique-generale-devant-les-deputes\/\",\"url\":\"https:\/\/appsaf.apieproject.com\/news\/fr\/2023\/12\/10\/gabon-le-premier-ministre-de-transition-a-presente-son-discours-de-politique-generale-devant-les-deputes\/\",\"name\":\"Gabon: Le Premier Ministre De Transition A Pr\u00e9sent\u00e9 Son Discours De Politique G\u00e9n\u00e9rale Devant Les D\u00e9put\u00e9s - APIE NEWS\",\"isPartOf\":{\"@id\":\"https:\/\/appsaf.apieproject.com\/news\/#website\"},\"primaryImageOfPage\":{\"@id\":\"https:\/\/appsaf.apieproject.com\/news\/fr\/2023\/12\/10\/gabon-le-premier-ministre-de-transition-a-presente-son-discours-de-politique-generale-devant-les-deputes\/#primaryimage\"},\"image\":{\"@id\":\"https:\/\/appsaf.apieproject.com\/news\/fr\/2023\/12\/10\/gabon-le-premier-ministre-de-transition-a-presente-son-discours-de-politique-generale-devant-les-deputes\/#primaryimage\"},\"thumbnailUrl\":\"https:\/\/appsaf.apieproject.com\/news\/wp-content\/uploads\/sites\/29\/2023\/12\/Screenshot_20231208_142310-4ab9369fea1362b51b8d5fa1e62a3f30.jpg\",\"datePublished\":\"2023-12-10T22:45:56+00:00\",\"dateModified\":\"2023-12-10T22:45:58+00:00\",\"breadcrumb\":{\"@id\":\"https:\/\/appsaf.apieproject.com\/news\/fr\/2023\/12\/10\/gabon-le-premier-ministre-de-transition-a-presente-son-discours-de-politique-generale-devant-les-deputes\/#breadcrumb\"},\"inLanguage\":\"fr-FR\",\"potentialAction\":[{\"@type\":\"ReadAction\",\"target\":[\"https:\/\/appsaf.apieproject.com\/news\/fr\/2023\/12\/10\/gabon-le-premier-ministre-de-transition-a-presente-son-discours-de-politique-generale-devant-les-deputes\/\"]}]},{\"@type\":\"ImageObject\",\"inLanguage\":\"fr-FR\",\"@id\":\"https:\/\/appsaf.apieproject.com\/news\/fr\/2023\/12\/10\/gabon-le-premier-ministre-de-transition-a-presente-son-discours-de-politique-generale-devant-les-deputes\/#primaryimage\",\"url\":\"https:\/\/appsaf.apieproject.com\/news\/wp-content\/uploads\/sites\/29\/2023\/12\/Screenshot_20231208_142310-4ab9369fea1362b51b8d5fa1e62a3f30.jpg\",\"contentUrl\":\"https:\/\/appsaf.apieproject.com\/news\/wp-content\/uploads\/sites\/29\/2023\/12\/Screenshot_20231208_142310-4ab9369fea1362b51b8d5fa1e62a3f30.jpg\",\"width\":1039,\"height\":595},{\"@type\":\"BreadcrumbList\",\"@id\":\"https:\/\/appsaf.apieproject.com\/news\/fr\/2023\/12\/10\/gabon-le-premier-ministre-de-transition-a-presente-son-discours-de-politique-generale-devant-les-deputes\/#breadcrumb\",\"itemListElement\":[{\"@type\":\"ListItem\",\"position\":1,\"name\":\"Home\",\"item\":\"https:\/\/appsaf.apieproject.com\/news\/fr\/home\/\"},{\"@type\":\"ListItem\",\"position\":2,\"name\":\"Gabon: Le Premier Ministre De Transition A Pr\u00e9sent\u00e9 Son Discours De Politique G\u00e9n\u00e9rale Devant Les D\u00e9put\u00e9s\"}]},{\"@type\":\"WebSite\",\"@id\":\"https:\/\/appsaf.apieproject.com\/news\/#website\",\"url\":\"https:\/\/appsaf.apieproject.com\/news\/\",\"name\":\"APIE NEWS\",\"description\":\"PANAFRICANISM NEWS PORTAL\",\"publisher\":{\"@id\":\"https:\/\/appsaf.apieproject.com\/news\/#organization\"},\"potentialAction\":[{\"@type\":\"SearchAction\",\"target\":{\"@type\":\"EntryPoint\",\"urlTemplate\":\"https:\/\/appsaf.apieproject.com\/news\/?s={search_term_string}\"},\"query-input\":{\"@type\":\"PropertyValueSpecification\",\"valueRequired\":true,\"valueName\":\"search_term_string\"}}],\"inLanguage\":\"fr-FR\"},{\"@type\":\"Organization\",\"@id\":\"https:\/\/appsaf.apieproject.com\/news\/#organization\",\"name\":\"APIE PROJECT\",\"url\":\"https:\/\/appsaf.apieproject.com\/news\/\",\"logo\":{\"@type\":\"ImageObject\",\"inLanguage\":\"fr-FR\",\"@id\":\"https:\/\/appsaf.apieproject.com\/news\/#\/schema\/logo\/image\/\",\"url\":\"https:\/\/appsaf.apieproject.com\/news\/wp-content\/uploads\/sites\/29\/2022\/07\/logo-R-TransparentBackground.png\",\"contentUrl\":\"https:\/\/appsaf.apieproject.com\/news\/wp-content\/uploads\/sites\/29\/2022\/07\/logo-R-TransparentBackground.png\",\"width\":512,\"height\":512,\"caption\":\"APIE PROJECT\"},\"image\":{\"@id\":\"https:\/\/appsaf.apieproject.com\/news\/#\/schema\/logo\/image\/\"},\"sameAs\":[\"https:\/\/facebook.com\/apieproject\",\"https:\/\/x.com\/apieproject\"]},{\"@type\":\"Person\",\"@id\":\"https:\/\/appsaf.apieproject.com\/news\/#\/schema\/person\/399517cac378948cd7b39086f9ddc2a7\",\"name\":\"staff\",\"image\":{\"@type\":\"ImageObject\",\"inLanguage\":\"fr-FR\",\"@id\":\"https:\/\/appsaf.apieproject.com\/news\/#\/schema\/person\/image\/\",\"url\":\"https:\/\/secure.gravatar.com\/avatar\/5386283c5db150efe261184bd59f072a?s=96&d=mm&r=g\",\"contentUrl\":\"https:\/\/secure.gravatar.com\/avatar\/5386283c5db150efe261184bd59f072a?s=96&d=mm&r=g\",\"caption\":\"staff\"},\"url\":\"https:\/\/appsaf.apieproject.com\/news\/fr\/author\/staff\/\"}]}<\/script>\n<!-- \/ Yoast SEO plugin. -->","yoast_head_json":{"title":"Gabon: Le Premier Ministre De Transition A Pr\u00e9sent\u00e9 Son Discours De Politique G\u00e9n\u00e9rale Devant Les D\u00e9put\u00e9s - APIE NEWS","robots":{"index":"index","follow":"follow","max-snippet":"max-snippet:-1","max-image-preview":"max-image-preview:large","max-video-preview":"max-video-preview:-1"},"canonical":"https:\/\/appsaf.apieproject.com\/news\/fr\/2023\/12\/10\/gabon-le-premier-ministre-de-transition-a-presente-son-discours-de-politique-generale-devant-les-deputes\/","og_locale":"fr_FR","og_type":"article","og_title":"Gabon: Le Premier Ministre De Transition A Pr\u00e9sent\u00e9 Son Discours De Politique G\u00e9n\u00e9rale Devant Les D\u00e9put\u00e9s - APIE NEWS","og_description":"Au Gabon, le Premier ministre de transition, Raymond Ndong Sima, a pr\u00e9sent\u00e9, le 7 d\u00e9cembre, son discours de politique g\u00e9n\u00e9rale devant les d\u00e9put\u00e9s, avant de r\u00e9pondre aux pr\u00e9occupations des parlementaires. Conscient d'une volont\u00e9 g\u00e9n\u00e9rale d'aller vite, de r\u00e9former le pays, le chef du gouvernement a appel\u00e9 \u00e0 la patience, tout en rappelant les chantiers en cours et \u00e0 venir.","og_url":"https:\/\/appsaf.apieproject.com\/news\/fr\/2023\/12\/10\/gabon-le-premier-ministre-de-transition-a-presente-son-discours-de-politique-generale-devant-les-deputes\/","og_site_name":"APIE NEWS","article_publisher":"https:\/\/facebook.com\/apieproject","article_published_time":"2023-12-10T22:45:56+00:00","article_modified_time":"2023-12-10T22:45:58+00:00","og_image":[{"width":1039,"height":595,"url":"https:\/\/appsaf.apieproject.com\/news\/wp-content\/uploads\/sites\/29\/2023\/12\/Screenshot_20231208_142310-4ab9369fea1362b51b8d5fa1e62a3f30.jpg","type":"image\/jpeg"}],"author":"staff","twitter_card":"summary_large_image","twitter_creator":"@apieproject","twitter_site":"@apieproject","twitter_misc":{"\u00c9crit par":"staff","Dur\u00e9e de lecture estim\u00e9e":"1 minute"},"schema":{"@context":"https:\/\/schema.org","@graph":[{"@type":"Article","@id":"https:\/\/appsaf.apieproject.com\/news\/fr\/2023\/12\/10\/gabon-le-premier-ministre-de-transition-a-presente-son-discours-de-politique-generale-devant-les-deputes\/#article","isPartOf":{"@id":"https:\/\/appsaf.apieproject.com\/news\/fr\/2023\/12\/10\/gabon-le-premier-ministre-de-transition-a-presente-son-discours-de-politique-generale-devant-les-deputes\/"},"author":{"name":"staff","@id":"https:\/\/appsaf.apieproject.com\/news\/#\/schema\/person\/399517cac378948cd7b39086f9ddc2a7"},"headline":"Gabon: Le Premier Ministre De Transition A Pr\u00e9sent\u00e9 Son Discours De Politique G\u00e9n\u00e9rale Devant Les D\u00e9put\u00e9s","datePublished":"2023-12-10T22:45:56+00:00","dateModified":"2023-12-10T22:45:58+00:00","mainEntityOfPage":{"@id":"https:\/\/appsaf.apieproject.com\/news\/fr\/2023\/12\/10\/gabon-le-premier-ministre-de-transition-a-presente-son-discours-de-politique-generale-devant-les-deputes\/"},"wordCount":310,"commentCount":0,"publisher":{"@id":"https:\/\/appsaf.apieproject.com\/news\/#organization"},"image":{"@id":"https:\/\/appsaf.apieproject.com\/news\/fr\/2023\/12\/10\/gabon-le-premier-ministre-de-transition-a-presente-son-discours-de-politique-generale-devant-les-deputes\/#primaryimage"},"thumbnailUrl":"https:\/\/appsaf.apieproject.com\/news\/wp-content\/uploads\/sites\/29\/2023\/12\/Screenshot_20231208_142310-4ab9369fea1362b51b8d5fa1e62a3f30.jpg","keywords":["actualites","apie project","politique"],"articleSection":["Actualit\u00e9s","Politique"],"inLanguage":"fr-FR","potentialAction":[{"@type":"CommentAction","name":"Comment","target":["https:\/\/appsaf.apieproject.com\/news\/fr\/2023\/12\/10\/gabon-le-premier-ministre-de-transition-a-presente-son-discours-de-politique-generale-devant-les-deputes\/#respond"]}]},{"@type":"WebPage","@id":"https:\/\/appsaf.apieproject.com\/news\/fr\/2023\/12\/10\/gabon-le-premier-ministre-de-transition-a-presente-son-discours-de-politique-generale-devant-les-deputes\/","url":"https:\/\/appsaf.apieproject.com\/news\/fr\/2023\/12\/10\/gabon-le-premier-ministre-de-transition-a-presente-son-discours-de-politique-generale-devant-les-deputes\/","name":"Gabon: Le Premier Ministre De Transition A Pr\u00e9sent\u00e9 Son Discours De Politique G\u00e9n\u00e9rale Devant Les D\u00e9put\u00e9s - APIE NEWS","isPartOf":{"@id":"https:\/\/appsaf.apieproject.com\/news\/#website"},"primaryImageOfPage":{"@id":"https:\/\/appsaf.apieproject.com\/news\/fr\/2023\/12\/10\/gabon-le-premier-ministre-de-transition-a-presente-son-discours-de-politique-generale-devant-les-deputes\/#primaryimage"},"image":{"@id":"https:\/\/appsaf.apieproject.com\/news\/fr\/2023\/12\/10\/gabon-le-premier-ministre-de-transition-a-presente-son-discours-de-politique-generale-devant-les-deputes\/#primaryimage"},"thumbnailUrl":"https:\/\/appsaf.apieproject.com\/news\/wp-content\/uploads\/sites\/29\/2023\/12\/Screenshot_20231208_142310-4ab9369fea1362b51b8d5fa1e62a3f30.jpg","datePublished":"2023-12-10T22:45:56+00:00","dateModified":"2023-12-10T22:45:58+00:00","breadcrumb":{"@id":"https:\/\/appsaf.apieproject.com\/news\/fr\/2023\/12\/10\/gabon-le-premier-ministre-de-transition-a-presente-son-discours-de-politique-generale-devant-les-deputes\/#breadcrumb"},"inLanguage":"fr-FR","potentialAction":[{"@type":"ReadAction","target":["https:\/\/appsaf.apieproject.com\/news\/fr\/2023\/12\/10\/gabon-le-premier-ministre-de-transition-a-presente-son-discours-de-politique-generale-devant-les-deputes\/"]}]},{"@type":"ImageObject","inLanguage":"fr-FR","@id":"https:\/\/appsaf.apieproject.com\/news\/fr\/2023\/12\/10\/gabon-le-premier-ministre-de-transition-a-presente-son-discours-de-politique-generale-devant-les-deputes\/#primaryimage","url":"https:\/\/appsaf.apieproject.com\/news\/wp-content\/uploads\/sites\/29\/2023\/12\/Screenshot_20231208_142310-4ab9369fea1362b51b8d5fa1e62a3f30.jpg","contentUrl":"https:\/\/appsaf.apieproject.com\/news\/wp-content\/uploads\/sites\/29\/2023\/12\/Screenshot_20231208_142310-4ab9369fea1362b51b8d5fa1e62a3f30.jpg","width":1039,"height":595},{"@type":"BreadcrumbList","@id":"https:\/\/appsaf.apieproject.com\/news\/fr\/2023\/12\/10\/gabon-le-premier-ministre-de-transition-a-presente-son-discours-de-politique-generale-devant-les-deputes\/#breadcrumb","itemListElement":[{"@type":"ListItem","position":1,"name":"Home","item":"https:\/\/appsaf.apieproject.com\/news\/fr\/home\/"},{"@type":"ListItem","position":2,"name":"Gabon: Le Premier Ministre De Transition A Pr\u00e9sent\u00e9 Son Discours De Politique G\u00e9n\u00e9rale Devant Les D\u00e9put\u00e9s"}]},{"@type":"WebSite","@id":"https:\/\/appsaf.apieproject.com\/news\/#website","url":"https:\/\/appsaf.apieproject.com\/news\/","name":"APIE NEWS","description":"PANAFRICANISM NEWS PORTAL","publisher":{"@id":"https:\/\/appsaf.apieproject.com\/news\/#organization"},"potentialAction":[{"@type":"SearchAction","target":{"@type":"EntryPoint","urlTemplate":"https:\/\/appsaf.apieproject.com\/news\/?s={search_term_string}"},"query-input":{"@type":"PropertyValueSpecification","valueRequired":true,"valueName":"search_term_string"}}],"inLanguage":"fr-FR"},{"@type":"Organization","@id":"https:\/\/appsaf.apieproject.com\/news\/#organization","name":"APIE PROJECT","url":"https:\/\/appsaf.apieproject.com\/news\/","logo":{"@type":"ImageObject","inLanguage":"fr-FR","@id":"https:\/\/appsaf.apieproject.com\/news\/#\/schema\/logo\/image\/","url":"https:\/\/appsaf.apieproject.com\/news\/wp-content\/uploads\/sites\/29\/2022\/07\/logo-R-TransparentBackground.png","contentUrl":"https:\/\/appsaf.apieproject.com\/news\/wp-content\/uploads\/sites\/29\/2022\/07\/logo-R-TransparentBackground.png","width":512,"height":512,"caption":"APIE PROJECT"},"image":{"@id":"https:\/\/appsaf.apieproject.com\/news\/#\/schema\/logo\/image\/"},"sameAs":["https:\/\/facebook.com\/apieproject","https:\/\/x.com\/apieproject"]},{"@type":"Person","@id":"https:\/\/appsaf.apieproject.com\/news\/#\/schema\/person\/399517cac378948cd7b39086f9ddc2a7","name":"staff","image":{"@type":"ImageObject","inLanguage":"fr-FR","@id":"https:\/\/appsaf.apieproject.com\/news\/#\/schema\/person\/image\/","url":"https:\/\/secure.gravatar.com\/avatar\/5386283c5db150efe261184bd59f072a?s=96&d=mm&r=g","contentUrl":"https:\/\/secure.gravatar.com\/avatar\/5386283c5db150efe261184bd59f072a?s=96&d=mm&r=g","caption":"staff"},"url":"https:\/\/appsaf.apieproject.com\/news\/fr\/author\/staff\/"}]}},"_links":{"self":[{"href":"https:\/\/appsaf.apieproject.com\/news\/fr\/wp-json\/wp\/v2\/posts\/37626","targetHints":{"allow":["GET"]}}],"collection":[{"href":"https:\/\/appsaf.apieproject.com\/news\/fr\/wp-json\/wp\/v2\/posts"}],"about":[{"href":"https:\/\/appsaf.apieproject.com\/news\/fr\/wp-json\/wp\/v2\/types\/post"}],"author":[{"embeddable":true,"href":"https:\/\/appsaf.apieproject.com\/news\/fr\/wp-json\/wp\/v2\/users\/12963"}],"replies":[{"embeddable":true,"href":"https:\/\/appsaf.apieproject.com\/news\/fr\/wp-json\/wp\/v2\/comments?post=37626"}],"version-history":[{"count":1,"href":"https:\/\/appsaf.apieproject.com\/news\/fr\/wp-json\/wp\/v2\/posts\/37626\/revisions"}],"predecessor-version":[{"id":37820,"href":"https:\/\/appsaf.apieproject.com\/news\/fr\/wp-json\/wp\/v2\/posts\/37626\/revisions\/37820"}],"wp:featuredmedia":[{"embeddable":true,"href":"https:\/\/appsaf.apieproject.com\/news\/fr\/wp-json\/wp\/v2\/media\/37623"}],"wp:attachment":[{"href":"https:\/\/appsaf.apieproject.com\/news\/fr\/wp-json\/wp\/v2\/media?parent=37626"}],"wp:term":[{"taxonomy":"category","embeddable":true,"href":"https:\/\/appsaf.apieproject.com\/news\/fr\/wp-json\/wp\/v2\/categories?post=37626"},{"taxonomy":"post_tag","embeddable":true,"href":"https:\/\/appsaf.apieproject.com\/news\/fr\/wp-json\/wp\/v2\/tags?post=37626"}],"curies":[{"name":"wp","href":"https:\/\/api.w.org\/{rel}","templated":true}]}}