{"id":37630,"date":"2023-12-10T22:47:22","date_gmt":"2023-12-10T22:47:22","guid":{"rendered":"https:\/\/appsaf.apieproject.com\/news\/?p=37630"},"modified":"2023-12-10T22:47:24","modified_gmt":"2023-12-10T22:47:24","slug":"rdc-cinq-ans-apres-lalternance-politique-pas-de-paix-dans-lest-du-pays","status":"publish","type":"post","link":"https:\/\/appsaf.apieproject.com\/news\/fr\/2023\/12\/10\/rdc-cinq-ans-apres-lalternance-politique-pas-de-paix-dans-lest-du-pays\/","title":{"rendered":"RDC : Cinq Ans Apr\u00e8s L&rsquo;Alternance Politique, Pas De Paix Dans L&rsquo;Est Du Pays"},"content":{"rendered":"<p>Voici les principales d\u00e9clarations et d\u00e9cisions du pr\u00e9sident Tshisekedi, candidat \u00e0 sa r\u00e9\u00e9lection le 20 d\u00e9cembre, \u00e0 propos de cette crise s\u00e9curitaire.<\/p>\n<p>Janvier 2019 &#8211; Dans son discours d&rsquo;investiture, il place en premi\u00e8re priorit\u00e9 \u00ab\u00a0la pacification de tout le territoire national\u00a0\u00bb.<\/p>\n<p>Octobre 2019 &#8211; En visite dans l&rsquo;Est, il d\u00e9clare : \u00ab\u00a0Cette paix, croyez-moi, je suis pr\u00eat \u00e0 mourir pour qu&rsquo;elle soit une r\u00e9alit\u00e9\u00a0\u00bb.<\/p>\n<p>Une op\u00e9ration militaire dite \u00ab\u00a0de grande envergure\u00a0\u00bb est lanc\u00e9e pour \u00e9radiquer les ADF (Forces d\u00e9mocratiques alli\u00e9es), qui ont fait all\u00e9geance au groupe Etat islamique. En r\u00e9ponse, le groupe arm\u00e9 intensifie les massacres de civils.<\/p>\n<p>Mai 2021 &#8211; Il proclame pour les provinces du Nord-Kivu et de l&rsquo;Ituri l'\u00a0\u00bb\u00e9tat de si\u00e8ge\u00a0\u00bb, qui entre en vigueur le 6 mai et remplace l&rsquo;administration civile par des responsables militaires et policiers.<\/p>\n<p>Novembre 2021 &#8211; Avec son accord, l&rsquo;Ouganda d\u00e9clenche une op\u00e9ration militaire contre les ADF dans la partie nord du Nord-Kivu, \u00e9tendue ensuite en Ituri.<\/p>\n<p>Recours \u00e0 des soci\u00e9t\u00e9s priv\u00e9es pour lutter contre le M23<br \/>\n&#8211; La r\u00e9bellion du M23, en sommeil depuis une dizaine d&rsquo;ann\u00e9es et soutenue par le Rwanda, reprend l&rsquo;offensive dans le sud du Nord-Kivu.<\/p>\n<p>Fin 2022 &#8211; Deux soci\u00e9t\u00e9s militaires priv\u00e9es, Agemira RDC et Congo Protection, sont engag\u00e9es par l\u2019\u00c9tat congolais pour l&rsquo;aider \u00e0 lutter contre l&rsquo;avanc\u00e9e du M23. Elles totalisent plus d&rsquo;un millier d&rsquo;hommes, principalement originaires d&rsquo;Europe de l&rsquo;Est pour les troupes, de France pour les cadres.<\/p>\n<p>10 mai 2023 &#8211; Lors d&rsquo;une visite au Botswana, il critique la force de la Communaut\u00e9 d&rsquo;Afrique de l&rsquo;Est (EAC-RF) d\u00e9ploy\u00e9e depuis quelques mois avec son accord dans l&rsquo;est de la RDC pour lutter contre les groupes arm\u00e9s, lui reprochant une \u00ab\u00a0cohabitation\u00a0\u00bb avec les rebelles.<\/p>\n<p>La veille, la Communaut\u00e9 de d\u00e9veloppement de l&rsquo;Afrique australe (SADC) a annonc\u00e9 le d\u00e9ploiement de forces dans l&rsquo;est congolais, qui n&rsquo;a pas encore eu lieu.<\/p>\n<p>21 septembre 2023 &#8211; A la tribune de l&rsquo;ONU, il d\u00e9plore que la force de l&rsquo;ONU d\u00e9ploy\u00e9e depuis 1999 en RDC n&rsquo;ait \u00ab\u00a0pas r\u00e9ussi \u00e0 faire face aux r\u00e9bellions et conflits arm\u00e9s\u00a0\u00bb et insiste pour son \u00ab\u00a0retrait acc\u00e9l\u00e9r\u00e9\u00a0\u00bb \u00e0 partir de d\u00e9cembre.<\/p>\n<p>Fin septembre &#8211; Le pr\u00e9sident et plusieurs membres du gouvernement reconnaissent que des groupes arm\u00e9s et des \u00ab\u00a0volontaires pour la d\u00e9fense de la patrie\u00a0\u00bb sont utilis\u00e9s comme suppl\u00e9tifs des forces arm\u00e9es pour contrer l&rsquo;expansion du M23.<\/p>\n<p>13 octobre &#8211; Il annonce un \u00ab\u00a0all\u00e8gement progressif et graduel\u00a0\u00bb de l&rsquo;\u00e9tat de si\u00e8ge.<\/p>\n<p>3 d\u00e9cembre &#8211; Les troupes k\u00e9nyanes de force r\u00e9gionale de la Communaut\u00e9 d&rsquo;Afrique de l&rsquo;Est entament leur retrait de RDC apr\u00e8s le non renouvellement de leur mandat par Kinshasa.<\/p>\n","protected":false},"excerpt":{"rendered":"<p>En 2019, F\u00e9lix Tshisekedi succ\u00e9dait \u00e0 Joseph Kabila \u00e0 la pr\u00e9sidence de la R\u00e9publique d\u00e9mocratique du Congo et s&rsquo;engageait \u00e0 tout faire pour ramener la paix dans l&rsquo;est du pays, meurtri par 25 ans de conflits. Cinq ans apr\u00e8s, elle n&rsquo;est pas au rendez-vous. Plus de 150 groupes arm\u00e9s op\u00e8rent dans l&rsquo;est du pays.<\/p>\n","protected":false},"author":12963,"featured_media":37627,"comment_status":"open","ping_status":"open","sticky":false,"template":"","format":"standard","meta":{"footnotes":""},"categories":[67,69],"tags":[81,78,82],"class_list":{"0":"post-37630","1":"post","2":"type-post","3":"status-publish","4":"format-standard","5":"has-post-thumbnail","7":"category-actualites","8":"category-politique","9":"tag-actualites","10":"tag-apie-project-2","11":"tag-politique"},"yoast_head":"<!-- This site is optimized with the Yoast SEO plugin v24.4 - https:\/\/yoast.com\/wordpress\/plugins\/seo\/ -->\n<title>RDC : Cinq Ans Apr\u00e8s L&#039;Alternance Politique, Pas De Paix Dans L&#039;Est Du Pays - APIE NEWS<\/title>\n<meta name=\"robots\" content=\"index, follow, max-snippet:-1, max-image-preview:large, max-video-preview:-1\" \/>\n<link rel=\"canonical\" href=\"https:\/\/appsaf.apieproject.com\/news\/fr\/2023\/12\/10\/rdc-cinq-ans-apres-lalternance-politique-pas-de-paix-dans-lest-du-pays\/\" \/>\n<meta property=\"og:locale\" content=\"fr_FR\" \/>\n<meta property=\"og:type\" content=\"article\" \/>\n<meta property=\"og:title\" content=\"RDC : Cinq Ans Apr\u00e8s L&#039;Alternance Politique, Pas De Paix Dans L&#039;Est Du Pays - APIE NEWS\" \/>\n<meta property=\"og:description\" content=\"En 2019, F\u00e9lix Tshisekedi succ\u00e9dait \u00e0 Joseph Kabila \u00e0 la pr\u00e9sidence de la R\u00e9publique d\u00e9mocratique du Congo et s&#039;engageait \u00e0 tout faire pour ramener la paix dans l&#039;est du pays, meurtri par 25 ans de conflits. Cinq ans apr\u00e8s, elle n&#039;est pas au rendez-vous. Plus de 150 groupes arm\u00e9s op\u00e8rent dans l&#039;est du pays.\" \/>\n<meta property=\"og:url\" content=\"https:\/\/appsaf.apieproject.com\/news\/fr\/2023\/12\/10\/rdc-cinq-ans-apres-lalternance-politique-pas-de-paix-dans-lest-du-pays\/\" \/>\n<meta property=\"og:site_name\" content=\"APIE NEWS\" \/>\n<meta property=\"article:publisher\" content=\"https:\/\/facebook.com\/apieproject\" \/>\n<meta property=\"article:published_time\" content=\"2023-12-10T22:47:22+00:00\" \/>\n<meta property=\"article:modified_time\" content=\"2023-12-10T22:47:24+00:00\" \/>\n<meta property=\"og:image\" content=\"https:\/\/appsaf.apieproject.com\/news\/wp-content\/uploads\/sites\/29\/2023\/12\/MILICES-ARMEES-becb6979e7e33b45f52d86a3c2e657a0.jpg\" \/>\n\t<meta property=\"og:image:width\" content=\"734\" \/>\n\t<meta property=\"og:image:height\" content=\"489\" \/>\n\t<meta property=\"og:image:type\" content=\"image\/jpeg\" \/>\n<meta name=\"author\" content=\"staff\" \/>\n<meta name=\"twitter:card\" content=\"summary_large_image\" \/>\n<meta name=\"twitter:creator\" content=\"@apieproject\" \/>\n<meta name=\"twitter:site\" content=\"@apieproject\" \/>\n<meta name=\"twitter:label1\" content=\"\u00c9crit par\" \/>\n\t<meta name=\"twitter:data1\" content=\"staff\" \/>\n\t<meta name=\"twitter:label2\" content=\"Dur\u00e9e de lecture estim\u00e9e\" \/>\n\t<meta name=\"twitter:data2\" content=\"2 minutes\" \/>\n<script type=\"application\/ld+json\" class=\"yoast-schema-graph\">{\"@context\":\"https:\/\/schema.org\",\"@graph\":[{\"@type\":\"Article\",\"@id\":\"https:\/\/appsaf.apieproject.com\/news\/fr\/2023\/12\/10\/rdc-cinq-ans-apres-lalternance-politique-pas-de-paix-dans-lest-du-pays\/#article\",\"isPartOf\":{\"@id\":\"https:\/\/appsaf.apieproject.com\/news\/fr\/2023\/12\/10\/rdc-cinq-ans-apres-lalternance-politique-pas-de-paix-dans-lest-du-pays\/\"},\"author\":{\"name\":\"staff\",\"@id\":\"https:\/\/appsaf.apieproject.com\/news\/#\/schema\/person\/399517cac378948cd7b39086f9ddc2a7\"},\"headline\":\"RDC : Cinq Ans Apr\u00e8s L&rsquo;Alternance Politique, Pas De Paix Dans L&rsquo;Est Du Pays\",\"datePublished\":\"2023-12-10T22:47:22+00:00\",\"dateModified\":\"2023-12-10T22:47:24+00:00\",\"mainEntityOfPage\":{\"@id\":\"https:\/\/appsaf.apieproject.com\/news\/fr\/2023\/12\/10\/rdc-cinq-ans-apres-lalternance-politique-pas-de-paix-dans-lest-du-pays\/\"},\"wordCount\":502,\"commentCount\":0,\"publisher\":{\"@id\":\"https:\/\/appsaf.apieproject.com\/news\/#organization\"},\"image\":{\"@id\":\"https:\/\/appsaf.apieproject.com\/news\/fr\/2023\/12\/10\/rdc-cinq-ans-apres-lalternance-politique-pas-de-paix-dans-lest-du-pays\/#primaryimage\"},\"thumbnailUrl\":\"https:\/\/appsaf.apieproject.com\/news\/wp-content\/uploads\/sites\/29\/2023\/12\/MILICES-ARMEES-becb6979e7e33b45f52d86a3c2e657a0.jpg\",\"keywords\":[\"actualites\",\"apie project\",\"politique\"],\"articleSection\":[\"Actualit\u00e9s\",\"Politique\"],\"inLanguage\":\"fr-FR\",\"potentialAction\":[{\"@type\":\"CommentAction\",\"name\":\"Comment\",\"target\":[\"https:\/\/appsaf.apieproject.com\/news\/fr\/2023\/12\/10\/rdc-cinq-ans-apres-lalternance-politique-pas-de-paix-dans-lest-du-pays\/#respond\"]}]},{\"@type\":\"WebPage\",\"@id\":\"https:\/\/appsaf.apieproject.com\/news\/fr\/2023\/12\/10\/rdc-cinq-ans-apres-lalternance-politique-pas-de-paix-dans-lest-du-pays\/\",\"url\":\"https:\/\/appsaf.apieproject.com\/news\/fr\/2023\/12\/10\/rdc-cinq-ans-apres-lalternance-politique-pas-de-paix-dans-lest-du-pays\/\",\"name\":\"RDC : Cinq Ans Apr\u00e8s L'Alternance Politique, Pas De Paix Dans L'Est Du Pays - APIE NEWS\",\"isPartOf\":{\"@id\":\"https:\/\/appsaf.apieproject.com\/news\/#website\"},\"primaryImageOfPage\":{\"@id\":\"https:\/\/appsaf.apieproject.com\/news\/fr\/2023\/12\/10\/rdc-cinq-ans-apres-lalternance-politique-pas-de-paix-dans-lest-du-pays\/#primaryimage\"},\"image\":{\"@id\":\"https:\/\/appsaf.apieproject.com\/news\/fr\/2023\/12\/10\/rdc-cinq-ans-apres-lalternance-politique-pas-de-paix-dans-lest-du-pays\/#primaryimage\"},\"thumbnailUrl\":\"https:\/\/appsaf.apieproject.com\/news\/wp-content\/uploads\/sites\/29\/2023\/12\/MILICES-ARMEES-becb6979e7e33b45f52d86a3c2e657a0.jpg\",\"datePublished\":\"2023-12-10T22:47:22+00:00\",\"dateModified\":\"2023-12-10T22:47:24+00:00\",\"breadcrumb\":{\"@id\":\"https:\/\/appsaf.apieproject.com\/news\/fr\/2023\/12\/10\/rdc-cinq-ans-apres-lalternance-politique-pas-de-paix-dans-lest-du-pays\/#breadcrumb\"},\"inLanguage\":\"fr-FR\",\"potentialAction\":[{\"@type\":\"ReadAction\",\"target\":[\"https:\/\/appsaf.apieproject.com\/news\/fr\/2023\/12\/10\/rdc-cinq-ans-apres-lalternance-politique-pas-de-paix-dans-lest-du-pays\/\"]}]},{\"@type\":\"ImageObject\",\"inLanguage\":\"fr-FR\",\"@id\":\"https:\/\/appsaf.apieproject.com\/news\/fr\/2023\/12\/10\/rdc-cinq-ans-apres-lalternance-politique-pas-de-paix-dans-lest-du-pays\/#primaryimage\",\"url\":\"https:\/\/appsaf.apieproject.com\/news\/wp-content\/uploads\/sites\/29\/2023\/12\/MILICES-ARMEES-becb6979e7e33b45f52d86a3c2e657a0.jpg\",\"contentUrl\":\"https:\/\/appsaf.apieproject.com\/news\/wp-content\/uploads\/sites\/29\/2023\/12\/MILICES-ARMEES-becb6979e7e33b45f52d86a3c2e657a0.jpg\",\"width\":734,\"height\":489},{\"@type\":\"BreadcrumbList\",\"@id\":\"https:\/\/appsaf.apieproject.com\/news\/fr\/2023\/12\/10\/rdc-cinq-ans-apres-lalternance-politique-pas-de-paix-dans-lest-du-pays\/#breadcrumb\",\"itemListElement\":[{\"@type\":\"ListItem\",\"position\":1,\"name\":\"Home\",\"item\":\"https:\/\/appsaf.apieproject.com\/news\/fr\/home\/\"},{\"@type\":\"ListItem\",\"position\":2,\"name\":\"RDC : Cinq Ans Apr\u00e8s L&#8217;Alternance Politique, Pas De Paix Dans L&#8217;Est Du Pays\"}]},{\"@type\":\"WebSite\",\"@id\":\"https:\/\/appsaf.apieproject.com\/news\/#website\",\"url\":\"https:\/\/appsaf.apieproject.com\/news\/\",\"name\":\"APIE NEWS\",\"description\":\"PANAFRICANISM NEWS PORTAL\",\"publisher\":{\"@id\":\"https:\/\/appsaf.apieproject.com\/news\/#organization\"},\"potentialAction\":[{\"@type\":\"SearchAction\",\"target\":{\"@type\":\"EntryPoint\",\"urlTemplate\":\"https:\/\/appsaf.apieproject.com\/news\/?s={search_term_string}\"},\"query-input\":{\"@type\":\"PropertyValueSpecification\",\"valueRequired\":true,\"valueName\":\"search_term_string\"}}],\"inLanguage\":\"fr-FR\"},{\"@type\":\"Organization\",\"@id\":\"https:\/\/appsaf.apieproject.com\/news\/#organization\",\"name\":\"APIE PROJECT\",\"url\":\"https:\/\/appsaf.apieproject.com\/news\/\",\"logo\":{\"@type\":\"ImageObject\",\"inLanguage\":\"fr-FR\",\"@id\":\"https:\/\/appsaf.apieproject.com\/news\/#\/schema\/logo\/image\/\",\"url\":\"https:\/\/appsaf.apieproject.com\/news\/wp-content\/uploads\/sites\/29\/2022\/07\/logo-R-TransparentBackground.png\",\"contentUrl\":\"https:\/\/appsaf.apieproject.com\/news\/wp-content\/uploads\/sites\/29\/2022\/07\/logo-R-TransparentBackground.png\",\"width\":512,\"height\":512,\"caption\":\"APIE PROJECT\"},\"image\":{\"@id\":\"https:\/\/appsaf.apieproject.com\/news\/#\/schema\/logo\/image\/\"},\"sameAs\":[\"https:\/\/facebook.com\/apieproject\",\"https:\/\/x.com\/apieproject\"]},{\"@type\":\"Person\",\"@id\":\"https:\/\/appsaf.apieproject.com\/news\/#\/schema\/person\/399517cac378948cd7b39086f9ddc2a7\",\"name\":\"staff\",\"image\":{\"@type\":\"ImageObject\",\"inLanguage\":\"fr-FR\",\"@id\":\"https:\/\/appsaf.apieproject.com\/news\/#\/schema\/person\/image\/\",\"url\":\"https:\/\/secure.gravatar.com\/avatar\/5386283c5db150efe261184bd59f072a?s=96&d=mm&r=g\",\"contentUrl\":\"https:\/\/secure.gravatar.com\/avatar\/5386283c5db150efe261184bd59f072a?s=96&d=mm&r=g\",\"caption\":\"staff\"},\"url\":\"https:\/\/appsaf.apieproject.com\/news\/fr\/author\/staff\/\"}]}<\/script>\n<!-- \/ Yoast SEO plugin. -->","yoast_head_json":{"title":"RDC : Cinq Ans Apr\u00e8s L'Alternance Politique, Pas De Paix Dans L'Est Du Pays - APIE NEWS","robots":{"index":"index","follow":"follow","max-snippet":"max-snippet:-1","max-image-preview":"max-image-preview:large","max-video-preview":"max-video-preview:-1"},"canonical":"https:\/\/appsaf.apieproject.com\/news\/fr\/2023\/12\/10\/rdc-cinq-ans-apres-lalternance-politique-pas-de-paix-dans-lest-du-pays\/","og_locale":"fr_FR","og_type":"article","og_title":"RDC : Cinq Ans Apr\u00e8s L'Alternance Politique, Pas De Paix Dans L'Est Du Pays - APIE NEWS","og_description":"En 2019, F\u00e9lix Tshisekedi succ\u00e9dait \u00e0 Joseph Kabila \u00e0 la pr\u00e9sidence de la R\u00e9publique d\u00e9mocratique du Congo et s'engageait \u00e0 tout faire pour ramener la paix dans l'est du pays, meurtri par 25 ans de conflits. Cinq ans apr\u00e8s, elle n'est pas au rendez-vous. Plus de 150 groupes arm\u00e9s op\u00e8rent dans l'est du pays.","og_url":"https:\/\/appsaf.apieproject.com\/news\/fr\/2023\/12\/10\/rdc-cinq-ans-apres-lalternance-politique-pas-de-paix-dans-lest-du-pays\/","og_site_name":"APIE NEWS","article_publisher":"https:\/\/facebook.com\/apieproject","article_published_time":"2023-12-10T22:47:22+00:00","article_modified_time":"2023-12-10T22:47:24+00:00","og_image":[{"width":734,"height":489,"url":"https:\/\/appsaf.apieproject.com\/news\/wp-content\/uploads\/sites\/29\/2023\/12\/MILICES-ARMEES-becb6979e7e33b45f52d86a3c2e657a0.jpg","type":"image\/jpeg"}],"author":"staff","twitter_card":"summary_large_image","twitter_creator":"@apieproject","twitter_site":"@apieproject","twitter_misc":{"\u00c9crit par":"staff","Dur\u00e9e de lecture estim\u00e9e":"2 minutes"},"schema":{"@context":"https:\/\/schema.org","@graph":[{"@type":"Article","@id":"https:\/\/appsaf.apieproject.com\/news\/fr\/2023\/12\/10\/rdc-cinq-ans-apres-lalternance-politique-pas-de-paix-dans-lest-du-pays\/#article","isPartOf":{"@id":"https:\/\/appsaf.apieproject.com\/news\/fr\/2023\/12\/10\/rdc-cinq-ans-apres-lalternance-politique-pas-de-paix-dans-lest-du-pays\/"},"author":{"name":"staff","@id":"https:\/\/appsaf.apieproject.com\/news\/#\/schema\/person\/399517cac378948cd7b39086f9ddc2a7"},"headline":"RDC : Cinq Ans Apr\u00e8s L&rsquo;Alternance Politique, Pas De Paix Dans L&rsquo;Est Du Pays","datePublished":"2023-12-10T22:47:22+00:00","dateModified":"2023-12-10T22:47:24+00:00","mainEntityOfPage":{"@id":"https:\/\/appsaf.apieproject.com\/news\/fr\/2023\/12\/10\/rdc-cinq-ans-apres-lalternance-politique-pas-de-paix-dans-lest-du-pays\/"},"wordCount":502,"commentCount":0,"publisher":{"@id":"https:\/\/appsaf.apieproject.com\/news\/#organization"},"image":{"@id":"https:\/\/appsaf.apieproject.com\/news\/fr\/2023\/12\/10\/rdc-cinq-ans-apres-lalternance-politique-pas-de-paix-dans-lest-du-pays\/#primaryimage"},"thumbnailUrl":"https:\/\/appsaf.apieproject.com\/news\/wp-content\/uploads\/sites\/29\/2023\/12\/MILICES-ARMEES-becb6979e7e33b45f52d86a3c2e657a0.jpg","keywords":["actualites","apie project","politique"],"articleSection":["Actualit\u00e9s","Politique"],"inLanguage":"fr-FR","potentialAction":[{"@type":"CommentAction","name":"Comment","target":["https:\/\/appsaf.apieproject.com\/news\/fr\/2023\/12\/10\/rdc-cinq-ans-apres-lalternance-politique-pas-de-paix-dans-lest-du-pays\/#respond"]}]},{"@type":"WebPage","@id":"https:\/\/appsaf.apieproject.com\/news\/fr\/2023\/12\/10\/rdc-cinq-ans-apres-lalternance-politique-pas-de-paix-dans-lest-du-pays\/","url":"https:\/\/appsaf.apieproject.com\/news\/fr\/2023\/12\/10\/rdc-cinq-ans-apres-lalternance-politique-pas-de-paix-dans-lest-du-pays\/","name":"RDC : Cinq Ans Apr\u00e8s L'Alternance Politique, Pas De Paix Dans L'Est Du Pays - APIE NEWS","isPartOf":{"@id":"https:\/\/appsaf.apieproject.com\/news\/#website"},"primaryImageOfPage":{"@id":"https:\/\/appsaf.apieproject.com\/news\/fr\/2023\/12\/10\/rdc-cinq-ans-apres-lalternance-politique-pas-de-paix-dans-lest-du-pays\/#primaryimage"},"image":{"@id":"https:\/\/appsaf.apieproject.com\/news\/fr\/2023\/12\/10\/rdc-cinq-ans-apres-lalternance-politique-pas-de-paix-dans-lest-du-pays\/#primaryimage"},"thumbnailUrl":"https:\/\/appsaf.apieproject.com\/news\/wp-content\/uploads\/sites\/29\/2023\/12\/MILICES-ARMEES-becb6979e7e33b45f52d86a3c2e657a0.jpg","datePublished":"2023-12-10T22:47:22+00:00","dateModified":"2023-12-10T22:47:24+00:00","breadcrumb":{"@id":"https:\/\/appsaf.apieproject.com\/news\/fr\/2023\/12\/10\/rdc-cinq-ans-apres-lalternance-politique-pas-de-paix-dans-lest-du-pays\/#breadcrumb"},"inLanguage":"fr-FR","potentialAction":[{"@type":"ReadAction","target":["https:\/\/appsaf.apieproject.com\/news\/fr\/2023\/12\/10\/rdc-cinq-ans-apres-lalternance-politique-pas-de-paix-dans-lest-du-pays\/"]}]},{"@type":"ImageObject","inLanguage":"fr-FR","@id":"https:\/\/appsaf.apieproject.com\/news\/fr\/2023\/12\/10\/rdc-cinq-ans-apres-lalternance-politique-pas-de-paix-dans-lest-du-pays\/#primaryimage","url":"https:\/\/appsaf.apieproject.com\/news\/wp-content\/uploads\/sites\/29\/2023\/12\/MILICES-ARMEES-becb6979e7e33b45f52d86a3c2e657a0.jpg","contentUrl":"https:\/\/appsaf.apieproject.com\/news\/wp-content\/uploads\/sites\/29\/2023\/12\/MILICES-ARMEES-becb6979e7e33b45f52d86a3c2e657a0.jpg","width":734,"height":489},{"@type":"BreadcrumbList","@id":"https:\/\/appsaf.apieproject.com\/news\/fr\/2023\/12\/10\/rdc-cinq-ans-apres-lalternance-politique-pas-de-paix-dans-lest-du-pays\/#breadcrumb","itemListElement":[{"@type":"ListItem","position":1,"name":"Home","item":"https:\/\/appsaf.apieproject.com\/news\/fr\/home\/"},{"@type":"ListItem","position":2,"name":"RDC : Cinq Ans Apr\u00e8s L&#8217;Alternance Politique, Pas De Paix Dans L&#8217;Est Du Pays"}]},{"@type":"WebSite","@id":"https:\/\/appsaf.apieproject.com\/news\/#website","url":"https:\/\/appsaf.apieproject.com\/news\/","name":"APIE NEWS","description":"PANAFRICANISM NEWS PORTAL","publisher":{"@id":"https:\/\/appsaf.apieproject.com\/news\/#organization"},"potentialAction":[{"@type":"SearchAction","target":{"@type":"EntryPoint","urlTemplate":"https:\/\/appsaf.apieproject.com\/news\/?s={search_term_string}"},"query-input":{"@type":"PropertyValueSpecification","valueRequired":true,"valueName":"search_term_string"}}],"inLanguage":"fr-FR"},{"@type":"Organization","@id":"https:\/\/appsaf.apieproject.com\/news\/#organization","name":"APIE PROJECT","url":"https:\/\/appsaf.apieproject.com\/news\/","logo":{"@type":"ImageObject","inLanguage":"fr-FR","@id":"https:\/\/appsaf.apieproject.com\/news\/#\/schema\/logo\/image\/","url":"https:\/\/appsaf.apieproject.com\/news\/wp-content\/uploads\/sites\/29\/2022\/07\/logo-R-TransparentBackground.png","contentUrl":"https:\/\/appsaf.apieproject.com\/news\/wp-content\/uploads\/sites\/29\/2022\/07\/logo-R-TransparentBackground.png","width":512,"height":512,"caption":"APIE PROJECT"},"image":{"@id":"https:\/\/appsaf.apieproject.com\/news\/#\/schema\/logo\/image\/"},"sameAs":["https:\/\/facebook.com\/apieproject","https:\/\/x.com\/apieproject"]},{"@type":"Person","@id":"https:\/\/appsaf.apieproject.com\/news\/#\/schema\/person\/399517cac378948cd7b39086f9ddc2a7","name":"staff","image":{"@type":"ImageObject","inLanguage":"fr-FR","@id":"https:\/\/appsaf.apieproject.com\/news\/#\/schema\/person\/image\/","url":"https:\/\/secure.gravatar.com\/avatar\/5386283c5db150efe261184bd59f072a?s=96&d=mm&r=g","contentUrl":"https:\/\/secure.gravatar.com\/avatar\/5386283c5db150efe261184bd59f072a?s=96&d=mm&r=g","caption":"staff"},"url":"https:\/\/appsaf.apieproject.com\/news\/fr\/author\/staff\/"}]}},"_links":{"self":[{"href":"https:\/\/appsaf.apieproject.com\/news\/fr\/wp-json\/wp\/v2\/posts\/37630","targetHints":{"allow":["GET"]}}],"collection":[{"href":"https:\/\/appsaf.apieproject.com\/news\/fr\/wp-json\/wp\/v2\/posts"}],"about":[{"href":"https:\/\/appsaf.apieproject.com\/news\/fr\/wp-json\/wp\/v2\/types\/post"}],"author":[{"embeddable":true,"href":"https:\/\/appsaf.apieproject.com\/news\/fr\/wp-json\/wp\/v2\/users\/12963"}],"replies":[{"embeddable":true,"href":"https:\/\/appsaf.apieproject.com\/news\/fr\/wp-json\/wp\/v2\/comments?post=37630"}],"version-history":[{"count":1,"href":"https:\/\/appsaf.apieproject.com\/news\/fr\/wp-json\/wp\/v2\/posts\/37630\/revisions"}],"predecessor-version":[{"id":37822,"href":"https:\/\/appsaf.apieproject.com\/news\/fr\/wp-json\/wp\/v2\/posts\/37630\/revisions\/37822"}],"wp:featuredmedia":[{"embeddable":true,"href":"https:\/\/appsaf.apieproject.com\/news\/fr\/wp-json\/wp\/v2\/media\/37627"}],"wp:attachment":[{"href":"https:\/\/appsaf.apieproject.com\/news\/fr\/wp-json\/wp\/v2\/media?parent=37630"}],"wp:term":[{"taxonomy":"category","embeddable":true,"href":"https:\/\/appsaf.apieproject.com\/news\/fr\/wp-json\/wp\/v2\/categories?post=37630"},{"taxonomy":"post_tag","embeddable":true,"href":"https:\/\/appsaf.apieproject.com\/news\/fr\/wp-json\/wp\/v2\/tags?post=37630"}],"curies":[{"name":"wp","href":"https:\/\/api.w.org\/{rel}","templated":true}]}}