{"id":37642,"date":"2023-12-10T22:52:37","date_gmt":"2023-12-10T22:52:37","guid":{"rendered":"https:\/\/appsaf.apieproject.com\/news\/?p=37642"},"modified":"2023-12-10T22:52:39","modified_gmt":"2023-12-10T22:52:39","slug":"cote-divoire-le-festival-bo-balo-fete-la-culture-senufo","status":"publish","type":"post","link":"https:\/\/appsaf.apieproject.com\/news\/fr\/2023\/12\/10\/cote-divoire-le-festival-bo-balo-fete-la-culture-senufo\/","title":{"rendered":"C\u00f4te d\u2019Ivoire: Le Festival Bo Balo F\u00eate La Culture Senufo"},"content":{"rendered":"<p>En langue baoul\u00e9, \u00ab bo balo \u00bb signifie \u00ab faire la f\u00eate \u00bb. Organis\u00e9 et anim\u00e9 par une \u00e9quipe de b\u00e9n\u00e9voles bouak\u00e9ens, le festival fait la part belle \u00e0 la musique, mais aussi \u00e0 la culture et surtout \u00e0 l&rsquo;\u00e9change culturel. \u00ab La philosophie g\u00e9n\u00e9rale de Bo Balo, raconteRuth Taf\u00e9b\u00e9, chanteuse et coordinatrice du festival, c\u2019est de remettre la musique, et la culture en g\u00e9n\u00e9ral, dans son r\u00f4le, c\u2019est-\u00e0-dire de facilitateur de coh\u00e9sion sociale, de mieux vivre ensemble. Toujours dans cet esprit-l\u00e0, on essaie de passer de la tradition \u00e0 la modernit\u00e9 et de mettre le focus sur une ethnie particuli\u00e8re de C\u00f4te d\u2019Ivoire. Cette ann\u00e9e, c\u2019est le groupe Senufo. Nous organisons des conf\u00e9rences sur la culture Senufo, sur la transmission du patrimoine culturel et surtout sur les moyens dont on souhaiterait disposer pour la p\u00e9renniser \u00bb.<\/p>\n<p>Disparition ou p\u00e9rennisation d&rsquo;une culture ?<br \/>\nUne culture Senufo qui, comme d&rsquo;autres, a tendance \u00e0 dispara\u00eetre, regrette Pierre-andre Gnanzou, professeur de litt\u00e9rature de l\u2019Universit\u00e9 de Bouak\u00e9. D&rsquo;o\u00f9 l&rsquo;utilit\u00e9 d&rsquo;avoir ce genre de manifestation pour continuer de transmettre \u00e0 la jeunesse :\u00ab Le constat qu\u2019on fait, c\u2019est qu\u2019avec la mondialisation, les pratiques traditionnelles ont \u00e0 dispara\u00eetre. Pourquoi ? Parce que les jeunes qui sont cens\u00e9s assurer la rel\u00e8ve ne s\u2019y int\u00e9ressent plus. Qu\u2019on soit au pays Senufo, qu\u2019on soit au pays Akan, qu\u2019on soit au pays Mand\u00e9, quelle que soit la r\u00e9gion, c\u2019est le m\u00eame constat. Donc, ce qui s\u2019applique \u00e0 la culture Senufo s\u2019applique \u00e9galement aux autres cultures. Et aujourd\u2019hui, on en a besoin. C\u2019est-\u00e0-dire on doit multiplier ce genre d\u2018activit\u00e9s pour amener les jeunes \u00e0 comprendre que notre patrimoine culturel a besoin d\u2019\u00eatre pr\u00e9serv\u00e9, d\u2019\u00eatre sauvegard\u00e9. Par exemple, les langues maternelles ne sont m\u00eame plus parl\u00e9es par les jeunes. Je crois que c\u2019est important pour les jeunes de pouvoir s\u2019impr\u00e9gner de leur culture, de se l\u2019approprier et puis de passer \u00e0 la p\u00e9rennisation \u00bb.<\/p>\n<p>Smokey : \u00ab J\u2019ai h\u00e2te d\u2019y \u00eatre \u00bb<br \/>\n\u00c0 l\u2019occasion du festival Bo Balo,l&rsquo;une des t\u00eates d&rsquo;affiche vient en voisin au centre culturel Jacques Aka de Bouak\u00e9 : \u00ab On va se moquer comme d\u2019habitude \u00bb [rires]. Le chanteur Smockey du Burkina Faso assure le concert final. Ce sera sa premi\u00e8re prestation dans cette ville bouillonnante du centre de la Cote d&rsquo;Ivoire : \u00ab Je pense que c\u2019est n\u00e9cessaire. On a besoin de fen\u00eatres ouvertes sur l\u2019art comme \u00e7a, surtout dans des r\u00e9gions un peu isol\u00e9es. Et je dis bravo \u00e0 toute l\u2019\u00e9quipe qui a travaill\u00e9 dur pour mettre tout cela en place. \u00c7a va \u00eatre une premi\u00e8re pour moi et j\u2019ai h\u00e2te d\u2019y \u00eatre et de communier avec le public \u00bb.<\/p>\n<p>M\u00e9lange d&rsquo;artistes confirm\u00e9s et de ceux en devenir qui prennent part \u00e0 des master class, le festival Bo Balo est une sorte de p\u00e9pini\u00e8re culturelle o\u00f9 se m\u00e9langent les styles soul, traditionnel, fanfare ou rap.<\/p>\n","protected":false},"excerpt":{"rendered":"<p>Bouak\u00e9, la deuxi\u00e8me m\u00e9tropole de la C\u00f4te d\u2019Ivoire, est en f\u00eate ce vendredi et demain samedi avec le festival Bo Balo. La deuxi\u00e8me \u00e9dition propose des concerts, des expositions de photos, mais aussi de rencontres culturelles.<\/p>\n","protected":false},"author":12963,"featured_media":37639,"comment_status":"open","ping_status":"open","sticky":false,"template":"","format":"standard","meta":{"footnotes":""},"categories":[53,55],"tags":[78,87,88],"class_list":{"0":"post-37642","1":"post","2":"type-post","3":"status-publish","4":"format-standard","5":"has-post-thumbnail","7":"category-culture-fr","8":"category-divertissement","9":"tag-apie-project-2","10":"tag-culture-2","11":"tag-divertissement"},"yoast_head":"<!-- This site is optimized with the Yoast SEO plugin v24.4 - https:\/\/yoast.com\/wordpress\/plugins\/seo\/ -->\n<title>C\u00f4te d\u2019Ivoire: Le Festival Bo Balo F\u00eate La Culture Senufo - APIE NEWS<\/title>\n<meta name=\"robots\" content=\"index, follow, max-snippet:-1, max-image-preview:large, max-video-preview:-1\" \/>\n<link rel=\"canonical\" href=\"https:\/\/appsaf.apieproject.com\/news\/fr\/2023\/12\/10\/cote-divoire-le-festival-bo-balo-fete-la-culture-senufo\/\" \/>\n<meta property=\"og:locale\" content=\"fr_FR\" \/>\n<meta property=\"og:type\" content=\"article\" \/>\n<meta property=\"og:title\" content=\"C\u00f4te d\u2019Ivoire: Le Festival Bo Balo F\u00eate La Culture Senufo - APIE NEWS\" \/>\n<meta property=\"og:description\" content=\"Bouak\u00e9, la deuxi\u00e8me m\u00e9tropole de la C\u00f4te d\u2019Ivoire, est en f\u00eate ce vendredi et demain samedi avec le festival Bo Balo. La deuxi\u00e8me \u00e9dition propose des concerts, des expositions de photos, mais aussi de rencontres culturelles.\" \/>\n<meta property=\"og:url\" content=\"https:\/\/appsaf.apieproject.com\/news\/fr\/2023\/12\/10\/cote-divoire-le-festival-bo-balo-fete-la-culture-senufo\/\" \/>\n<meta property=\"og:site_name\" content=\"APIE NEWS\" \/>\n<meta property=\"article:publisher\" content=\"https:\/\/facebook.com\/apieproject\" \/>\n<meta property=\"article:published_time\" content=\"2023-12-10T22:52:37+00:00\" \/>\n<meta property=\"article:modified_time\" content=\"2023-12-10T22:52:39+00:00\" \/>\n<meta property=\"og:image\" content=\"https:\/\/appsaf.apieproject.com\/news\/wp-content\/uploads\/sites\/29\/2023\/12\/Screenshot_20231208_144729-c73c282d66a92288a05f2f13cd428940.jpg\" \/>\n\t<meta property=\"og:image:width\" content=\"1080\" \/>\n\t<meta property=\"og:image:height\" content=\"599\" \/>\n\t<meta property=\"og:image:type\" content=\"image\/jpeg\" \/>\n<meta name=\"author\" content=\"staff\" \/>\n<meta name=\"twitter:card\" content=\"summary_large_image\" \/>\n<meta name=\"twitter:creator\" content=\"@apieproject\" \/>\n<meta name=\"twitter:site\" content=\"@apieproject\" \/>\n<meta name=\"twitter:label1\" content=\"\u00c9crit par\" \/>\n\t<meta name=\"twitter:data1\" content=\"staff\" \/>\n\t<meta name=\"twitter:label2\" content=\"Dur\u00e9e de lecture estim\u00e9e\" \/>\n\t<meta name=\"twitter:data2\" content=\"3 minutes\" \/>\n<script type=\"application\/ld+json\" class=\"yoast-schema-graph\">{\"@context\":\"https:\/\/schema.org\",\"@graph\":[{\"@type\":\"Article\",\"@id\":\"https:\/\/appsaf.apieproject.com\/news\/fr\/2023\/12\/10\/cote-divoire-le-festival-bo-balo-fete-la-culture-senufo\/#article\",\"isPartOf\":{\"@id\":\"https:\/\/appsaf.apieproject.com\/news\/fr\/2023\/12\/10\/cote-divoire-le-festival-bo-balo-fete-la-culture-senufo\/\"},\"author\":{\"name\":\"staff\",\"@id\":\"https:\/\/appsaf.apieproject.com\/news\/#\/schema\/person\/399517cac378948cd7b39086f9ddc2a7\"},\"headline\":\"C\u00f4te d\u2019Ivoire: Le Festival Bo Balo F\u00eate La Culture Senufo\",\"datePublished\":\"2023-12-10T22:52:37+00:00\",\"dateModified\":\"2023-12-10T22:52:39+00:00\",\"mainEntityOfPage\":{\"@id\":\"https:\/\/appsaf.apieproject.com\/news\/fr\/2023\/12\/10\/cote-divoire-le-festival-bo-balo-fete-la-culture-senufo\/\"},\"wordCount\":540,\"commentCount\":0,\"publisher\":{\"@id\":\"https:\/\/appsaf.apieproject.com\/news\/#organization\"},\"image\":{\"@id\":\"https:\/\/appsaf.apieproject.com\/news\/fr\/2023\/12\/10\/cote-divoire-le-festival-bo-balo-fete-la-culture-senufo\/#primaryimage\"},\"thumbnailUrl\":\"https:\/\/appsaf.apieproject.com\/news\/wp-content\/uploads\/sites\/29\/2023\/12\/Screenshot_20231208_144729-c73c282d66a92288a05f2f13cd428940.jpg\",\"keywords\":[\"apie project\",\"culture\",\"divertissement\"],\"articleSection\":[\"Culture\",\"Divertissement\"],\"inLanguage\":\"fr-FR\",\"potentialAction\":[{\"@type\":\"CommentAction\",\"name\":\"Comment\",\"target\":[\"https:\/\/appsaf.apieproject.com\/news\/fr\/2023\/12\/10\/cote-divoire-le-festival-bo-balo-fete-la-culture-senufo\/#respond\"]}]},{\"@type\":\"WebPage\",\"@id\":\"https:\/\/appsaf.apieproject.com\/news\/fr\/2023\/12\/10\/cote-divoire-le-festival-bo-balo-fete-la-culture-senufo\/\",\"url\":\"https:\/\/appsaf.apieproject.com\/news\/fr\/2023\/12\/10\/cote-divoire-le-festival-bo-balo-fete-la-culture-senufo\/\",\"name\":\"C\u00f4te d\u2019Ivoire: Le Festival Bo Balo F\u00eate La Culture Senufo - APIE NEWS\",\"isPartOf\":{\"@id\":\"https:\/\/appsaf.apieproject.com\/news\/#website\"},\"primaryImageOfPage\":{\"@id\":\"https:\/\/appsaf.apieproject.com\/news\/fr\/2023\/12\/10\/cote-divoire-le-festival-bo-balo-fete-la-culture-senufo\/#primaryimage\"},\"image\":{\"@id\":\"https:\/\/appsaf.apieproject.com\/news\/fr\/2023\/12\/10\/cote-divoire-le-festival-bo-balo-fete-la-culture-senufo\/#primaryimage\"},\"thumbnailUrl\":\"https:\/\/appsaf.apieproject.com\/news\/wp-content\/uploads\/sites\/29\/2023\/12\/Screenshot_20231208_144729-c73c282d66a92288a05f2f13cd428940.jpg\",\"datePublished\":\"2023-12-10T22:52:37+00:00\",\"dateModified\":\"2023-12-10T22:52:39+00:00\",\"breadcrumb\":{\"@id\":\"https:\/\/appsaf.apieproject.com\/news\/fr\/2023\/12\/10\/cote-divoire-le-festival-bo-balo-fete-la-culture-senufo\/#breadcrumb\"},\"inLanguage\":\"fr-FR\",\"potentialAction\":[{\"@type\":\"ReadAction\",\"target\":[\"https:\/\/appsaf.apieproject.com\/news\/fr\/2023\/12\/10\/cote-divoire-le-festival-bo-balo-fete-la-culture-senufo\/\"]}]},{\"@type\":\"ImageObject\",\"inLanguage\":\"fr-FR\",\"@id\":\"https:\/\/appsaf.apieproject.com\/news\/fr\/2023\/12\/10\/cote-divoire-le-festival-bo-balo-fete-la-culture-senufo\/#primaryimage\",\"url\":\"https:\/\/appsaf.apieproject.com\/news\/wp-content\/uploads\/sites\/29\/2023\/12\/Screenshot_20231208_144729-c73c282d66a92288a05f2f13cd428940.jpg\",\"contentUrl\":\"https:\/\/appsaf.apieproject.com\/news\/wp-content\/uploads\/sites\/29\/2023\/12\/Screenshot_20231208_144729-c73c282d66a92288a05f2f13cd428940.jpg\",\"width\":1080,\"height\":599},{\"@type\":\"BreadcrumbList\",\"@id\":\"https:\/\/appsaf.apieproject.com\/news\/fr\/2023\/12\/10\/cote-divoire-le-festival-bo-balo-fete-la-culture-senufo\/#breadcrumb\",\"itemListElement\":[{\"@type\":\"ListItem\",\"position\":1,\"name\":\"Home\",\"item\":\"https:\/\/appsaf.apieproject.com\/news\/fr\/home\/\"},{\"@type\":\"ListItem\",\"position\":2,\"name\":\"C\u00f4te d\u2019Ivoire: Le Festival Bo Balo F\u00eate La Culture Senufo\"}]},{\"@type\":\"WebSite\",\"@id\":\"https:\/\/appsaf.apieproject.com\/news\/#website\",\"url\":\"https:\/\/appsaf.apieproject.com\/news\/\",\"name\":\"APIE NEWS\",\"description\":\"PANAFRICANISM NEWS PORTAL\",\"publisher\":{\"@id\":\"https:\/\/appsaf.apieproject.com\/news\/#organization\"},\"potentialAction\":[{\"@type\":\"SearchAction\",\"target\":{\"@type\":\"EntryPoint\",\"urlTemplate\":\"https:\/\/appsaf.apieproject.com\/news\/?s={search_term_string}\"},\"query-input\":{\"@type\":\"PropertyValueSpecification\",\"valueRequired\":true,\"valueName\":\"search_term_string\"}}],\"inLanguage\":\"fr-FR\"},{\"@type\":\"Organization\",\"@id\":\"https:\/\/appsaf.apieproject.com\/news\/#organization\",\"name\":\"APIE PROJECT\",\"url\":\"https:\/\/appsaf.apieproject.com\/news\/\",\"logo\":{\"@type\":\"ImageObject\",\"inLanguage\":\"fr-FR\",\"@id\":\"https:\/\/appsaf.apieproject.com\/news\/#\/schema\/logo\/image\/\",\"url\":\"https:\/\/appsaf.apieproject.com\/news\/wp-content\/uploads\/sites\/29\/2022\/07\/logo-R-TransparentBackground.png\",\"contentUrl\":\"https:\/\/appsaf.apieproject.com\/news\/wp-content\/uploads\/sites\/29\/2022\/07\/logo-R-TransparentBackground.png\",\"width\":512,\"height\":512,\"caption\":\"APIE PROJECT\"},\"image\":{\"@id\":\"https:\/\/appsaf.apieproject.com\/news\/#\/schema\/logo\/image\/\"},\"sameAs\":[\"https:\/\/facebook.com\/apieproject\",\"https:\/\/x.com\/apieproject\"]},{\"@type\":\"Person\",\"@id\":\"https:\/\/appsaf.apieproject.com\/news\/#\/schema\/person\/399517cac378948cd7b39086f9ddc2a7\",\"name\":\"staff\",\"image\":{\"@type\":\"ImageObject\",\"inLanguage\":\"fr-FR\",\"@id\":\"https:\/\/appsaf.apieproject.com\/news\/#\/schema\/person\/image\/\",\"url\":\"https:\/\/secure.gravatar.com\/avatar\/5386283c5db150efe261184bd59f072a?s=96&d=mm&r=g\",\"contentUrl\":\"https:\/\/secure.gravatar.com\/avatar\/5386283c5db150efe261184bd59f072a?s=96&d=mm&r=g\",\"caption\":\"staff\"},\"url\":\"https:\/\/appsaf.apieproject.com\/news\/fr\/author\/staff\/\"}]}<\/script>\n<!-- \/ Yoast SEO plugin. -->","yoast_head_json":{"title":"C\u00f4te d\u2019Ivoire: Le Festival Bo Balo F\u00eate La Culture Senufo - APIE NEWS","robots":{"index":"index","follow":"follow","max-snippet":"max-snippet:-1","max-image-preview":"max-image-preview:large","max-video-preview":"max-video-preview:-1"},"canonical":"https:\/\/appsaf.apieproject.com\/news\/fr\/2023\/12\/10\/cote-divoire-le-festival-bo-balo-fete-la-culture-senufo\/","og_locale":"fr_FR","og_type":"article","og_title":"C\u00f4te d\u2019Ivoire: Le Festival Bo Balo F\u00eate La Culture Senufo - APIE NEWS","og_description":"Bouak\u00e9, la deuxi\u00e8me m\u00e9tropole de la C\u00f4te d\u2019Ivoire, est en f\u00eate ce vendredi et demain samedi avec le festival Bo Balo. La deuxi\u00e8me \u00e9dition propose des concerts, des expositions de photos, mais aussi de rencontres culturelles.","og_url":"https:\/\/appsaf.apieproject.com\/news\/fr\/2023\/12\/10\/cote-divoire-le-festival-bo-balo-fete-la-culture-senufo\/","og_site_name":"APIE NEWS","article_publisher":"https:\/\/facebook.com\/apieproject","article_published_time":"2023-12-10T22:52:37+00:00","article_modified_time":"2023-12-10T22:52:39+00:00","og_image":[{"width":1080,"height":599,"url":"https:\/\/appsaf.apieproject.com\/news\/wp-content\/uploads\/sites\/29\/2023\/12\/Screenshot_20231208_144729-c73c282d66a92288a05f2f13cd428940.jpg","type":"image\/jpeg"}],"author":"staff","twitter_card":"summary_large_image","twitter_creator":"@apieproject","twitter_site":"@apieproject","twitter_misc":{"\u00c9crit par":"staff","Dur\u00e9e de lecture estim\u00e9e":"3 minutes"},"schema":{"@context":"https:\/\/schema.org","@graph":[{"@type":"Article","@id":"https:\/\/appsaf.apieproject.com\/news\/fr\/2023\/12\/10\/cote-divoire-le-festival-bo-balo-fete-la-culture-senufo\/#article","isPartOf":{"@id":"https:\/\/appsaf.apieproject.com\/news\/fr\/2023\/12\/10\/cote-divoire-le-festival-bo-balo-fete-la-culture-senufo\/"},"author":{"name":"staff","@id":"https:\/\/appsaf.apieproject.com\/news\/#\/schema\/person\/399517cac378948cd7b39086f9ddc2a7"},"headline":"C\u00f4te d\u2019Ivoire: Le Festival Bo Balo F\u00eate La Culture Senufo","datePublished":"2023-12-10T22:52:37+00:00","dateModified":"2023-12-10T22:52:39+00:00","mainEntityOfPage":{"@id":"https:\/\/appsaf.apieproject.com\/news\/fr\/2023\/12\/10\/cote-divoire-le-festival-bo-balo-fete-la-culture-senufo\/"},"wordCount":540,"commentCount":0,"publisher":{"@id":"https:\/\/appsaf.apieproject.com\/news\/#organization"},"image":{"@id":"https:\/\/appsaf.apieproject.com\/news\/fr\/2023\/12\/10\/cote-divoire-le-festival-bo-balo-fete-la-culture-senufo\/#primaryimage"},"thumbnailUrl":"https:\/\/appsaf.apieproject.com\/news\/wp-content\/uploads\/sites\/29\/2023\/12\/Screenshot_20231208_144729-c73c282d66a92288a05f2f13cd428940.jpg","keywords":["apie project","culture","divertissement"],"articleSection":["Culture","Divertissement"],"inLanguage":"fr-FR","potentialAction":[{"@type":"CommentAction","name":"Comment","target":["https:\/\/appsaf.apieproject.com\/news\/fr\/2023\/12\/10\/cote-divoire-le-festival-bo-balo-fete-la-culture-senufo\/#respond"]}]},{"@type":"WebPage","@id":"https:\/\/appsaf.apieproject.com\/news\/fr\/2023\/12\/10\/cote-divoire-le-festival-bo-balo-fete-la-culture-senufo\/","url":"https:\/\/appsaf.apieproject.com\/news\/fr\/2023\/12\/10\/cote-divoire-le-festival-bo-balo-fete-la-culture-senufo\/","name":"C\u00f4te d\u2019Ivoire: Le Festival Bo Balo F\u00eate La Culture Senufo - APIE NEWS","isPartOf":{"@id":"https:\/\/appsaf.apieproject.com\/news\/#website"},"primaryImageOfPage":{"@id":"https:\/\/appsaf.apieproject.com\/news\/fr\/2023\/12\/10\/cote-divoire-le-festival-bo-balo-fete-la-culture-senufo\/#primaryimage"},"image":{"@id":"https:\/\/appsaf.apieproject.com\/news\/fr\/2023\/12\/10\/cote-divoire-le-festival-bo-balo-fete-la-culture-senufo\/#primaryimage"},"thumbnailUrl":"https:\/\/appsaf.apieproject.com\/news\/wp-content\/uploads\/sites\/29\/2023\/12\/Screenshot_20231208_144729-c73c282d66a92288a05f2f13cd428940.jpg","datePublished":"2023-12-10T22:52:37+00:00","dateModified":"2023-12-10T22:52:39+00:00","breadcrumb":{"@id":"https:\/\/appsaf.apieproject.com\/news\/fr\/2023\/12\/10\/cote-divoire-le-festival-bo-balo-fete-la-culture-senufo\/#breadcrumb"},"inLanguage":"fr-FR","potentialAction":[{"@type":"ReadAction","target":["https:\/\/appsaf.apieproject.com\/news\/fr\/2023\/12\/10\/cote-divoire-le-festival-bo-balo-fete-la-culture-senufo\/"]}]},{"@type":"ImageObject","inLanguage":"fr-FR","@id":"https:\/\/appsaf.apieproject.com\/news\/fr\/2023\/12\/10\/cote-divoire-le-festival-bo-balo-fete-la-culture-senufo\/#primaryimage","url":"https:\/\/appsaf.apieproject.com\/news\/wp-content\/uploads\/sites\/29\/2023\/12\/Screenshot_20231208_144729-c73c282d66a92288a05f2f13cd428940.jpg","contentUrl":"https:\/\/appsaf.apieproject.com\/news\/wp-content\/uploads\/sites\/29\/2023\/12\/Screenshot_20231208_144729-c73c282d66a92288a05f2f13cd428940.jpg","width":1080,"height":599},{"@type":"BreadcrumbList","@id":"https:\/\/appsaf.apieproject.com\/news\/fr\/2023\/12\/10\/cote-divoire-le-festival-bo-balo-fete-la-culture-senufo\/#breadcrumb","itemListElement":[{"@type":"ListItem","position":1,"name":"Home","item":"https:\/\/appsaf.apieproject.com\/news\/fr\/home\/"},{"@type":"ListItem","position":2,"name":"C\u00f4te d\u2019Ivoire: Le Festival Bo Balo F\u00eate La Culture Senufo"}]},{"@type":"WebSite","@id":"https:\/\/appsaf.apieproject.com\/news\/#website","url":"https:\/\/appsaf.apieproject.com\/news\/","name":"APIE NEWS","description":"PANAFRICANISM NEWS PORTAL","publisher":{"@id":"https:\/\/appsaf.apieproject.com\/news\/#organization"},"potentialAction":[{"@type":"SearchAction","target":{"@type":"EntryPoint","urlTemplate":"https:\/\/appsaf.apieproject.com\/news\/?s={search_term_string}"},"query-input":{"@type":"PropertyValueSpecification","valueRequired":true,"valueName":"search_term_string"}}],"inLanguage":"fr-FR"},{"@type":"Organization","@id":"https:\/\/appsaf.apieproject.com\/news\/#organization","name":"APIE PROJECT","url":"https:\/\/appsaf.apieproject.com\/news\/","logo":{"@type":"ImageObject","inLanguage":"fr-FR","@id":"https:\/\/appsaf.apieproject.com\/news\/#\/schema\/logo\/image\/","url":"https:\/\/appsaf.apieproject.com\/news\/wp-content\/uploads\/sites\/29\/2022\/07\/logo-R-TransparentBackground.png","contentUrl":"https:\/\/appsaf.apieproject.com\/news\/wp-content\/uploads\/sites\/29\/2022\/07\/logo-R-TransparentBackground.png","width":512,"height":512,"caption":"APIE PROJECT"},"image":{"@id":"https:\/\/appsaf.apieproject.com\/news\/#\/schema\/logo\/image\/"},"sameAs":["https:\/\/facebook.com\/apieproject","https:\/\/x.com\/apieproject"]},{"@type":"Person","@id":"https:\/\/appsaf.apieproject.com\/news\/#\/schema\/person\/399517cac378948cd7b39086f9ddc2a7","name":"staff","image":{"@type":"ImageObject","inLanguage":"fr-FR","@id":"https:\/\/appsaf.apieproject.com\/news\/#\/schema\/person\/image\/","url":"https:\/\/secure.gravatar.com\/avatar\/5386283c5db150efe261184bd59f072a?s=96&d=mm&r=g","contentUrl":"https:\/\/secure.gravatar.com\/avatar\/5386283c5db150efe261184bd59f072a?s=96&d=mm&r=g","caption":"staff"},"url":"https:\/\/appsaf.apieproject.com\/news\/fr\/author\/staff\/"}]}},"_links":{"self":[{"href":"https:\/\/appsaf.apieproject.com\/news\/fr\/wp-json\/wp\/v2\/posts\/37642","targetHints":{"allow":["GET"]}}],"collection":[{"href":"https:\/\/appsaf.apieproject.com\/news\/fr\/wp-json\/wp\/v2\/posts"}],"about":[{"href":"https:\/\/appsaf.apieproject.com\/news\/fr\/wp-json\/wp\/v2\/types\/post"}],"author":[{"embeddable":true,"href":"https:\/\/appsaf.apieproject.com\/news\/fr\/wp-json\/wp\/v2\/users\/12963"}],"replies":[{"embeddable":true,"href":"https:\/\/appsaf.apieproject.com\/news\/fr\/wp-json\/wp\/v2\/comments?post=37642"}],"version-history":[{"count":1,"href":"https:\/\/appsaf.apieproject.com\/news\/fr\/wp-json\/wp\/v2\/posts\/37642\/revisions"}],"predecessor-version":[{"id":37826,"href":"https:\/\/appsaf.apieproject.com\/news\/fr\/wp-json\/wp\/v2\/posts\/37642\/revisions\/37826"}],"wp:featuredmedia":[{"embeddable":true,"href":"https:\/\/appsaf.apieproject.com\/news\/fr\/wp-json\/wp\/v2\/media\/37639"}],"wp:attachment":[{"href":"https:\/\/appsaf.apieproject.com\/news\/fr\/wp-json\/wp\/v2\/media?parent=37642"}],"wp:term":[{"taxonomy":"category","embeddable":true,"href":"https:\/\/appsaf.apieproject.com\/news\/fr\/wp-json\/wp\/v2\/categories?post=37642"},{"taxonomy":"post_tag","embeddable":true,"href":"https:\/\/appsaf.apieproject.com\/news\/fr\/wp-json\/wp\/v2\/tags?post=37642"}],"curies":[{"name":"wp","href":"https:\/\/api.w.org\/{rel}","templated":true}]}}