{"id":37646,"date":"2023-12-10T22:53:54","date_gmt":"2023-12-10T22:53:54","guid":{"rendered":"https:\/\/appsaf.apieproject.com\/news\/?p=37646"},"modified":"2023-12-10T22:53:55","modified_gmt":"2023-12-10T22:53:55","slug":"soiree-caritative-aux-saveurs-africaines-a-la-maison-de-la-culture-a-clermont-ferrand","status":"publish","type":"post","link":"https:\/\/appsaf.apieproject.com\/news\/fr\/2023\/12\/10\/soiree-caritative-aux-saveurs-africaines-a-la-maison-de-la-culture-a-clermont-ferrand\/","title":{"rendered":"Soir\u00e9e Caritative Aux Saveurs Africaines \u00c0 La Maison De La Culture \u00c0 Clermont-Ferrand"},"content":{"rendered":"<p>Ev\u00e9nement culturel s\u2019il en est, le gala de charit\u00e9, organis\u00e9 par Afrik\u2019horizon, a trois objectifs : \u00e9lire les ambassadeurs de la culture africaine en Auvergne, faire la promotion de la culture africaine \u00e0 travers la mode, la musique, le folklore, la gastronomie et r\u00e9colter des fonds pour des enfants malades.<br \/>\nC\u2019est dans la salle Boris-Vian de la Maison de la culture que les douze finalistes du concours Miss et Mister Afrik\u2019Auvergne, six filles et six gar\u00e7ons \u00e2g\u00e9s de 19 \u00e0 26 ans, d\u00e9fileront dans des tenues r\u00e9alis\u00e9es par des stylistes africains.<br \/>\nUn d\u00e9fil\u00e9 \u00e0 l\u2019issue duquel une miss et un mister avec leurs deux dauphins seront \u00e9lus. L\u2019occasion pour ces jeunes de s\u2019impliquer \u00e0 travers une cause qui les touche et leur permet de montrer leur talent dans l\u2019int\u00e9r\u00eat d\u2019enfants dans le besoin.<br \/>\n\u00ab\u00a0Leur r\u00f4le sera de porter des projets \u00e0 l\u2019endroit de l\u2019Afrique en lien avec notre territoire\u00a0\u00bb explique Lionel Kharim Ona, pr\u00e9sident d\u2019Afrik\u2019Horizons.<\/p>\n<p>\u00c0 l\u2019entracte, un cocktail aux saveurs africaines pr\u00e9par\u00e9 par des chefs et des traiteurs africains sera servi. Le tout accompagn\u00e9 des prestations d\u2019artistes locaux \u00e0 travers le th\u00e9\u00e2tre, la danse, les percussions et la chanson.<br \/>\n\u00ab\u00a0Cette soir\u00e9e a pour but de r\u00e9colter des fonds au profit de l\u2019association L\u2019Auvergne pour un enfant (*) qui, chaque ann\u00e9e, fait venir des enfants atteints de pathologies cardiaques qui sont soign\u00e9s et pris en charge, le temps de leurs op\u00e9rations en Auvergne-Rh\u00f4ne Alpes\u00a0\u00bb, explique le pr\u00e9sident.<\/p>\n<p>L\u2019ann\u00e9e derni\u00e8re, le collectif a r\u00e9uni plus de 3.000 \u20ac. Une somme qui a permis de financer l\u2019op\u00e9ration d\u2019un jeune gar\u00e7on burundais \u00e2g\u00e9 de 7 ans.<\/p>\n","protected":false},"excerpt":{"rendered":"<p>Le collectif Afrik\u2019horizons organise un gala de charit\u00e9 samedi 9 d\u00e9cembre \u00e0 17 heures \u00e0 la Maison de la culture.<\/p>\n","protected":false},"author":12963,"featured_media":37643,"comment_status":"open","ping_status":"open","sticky":false,"template":"","format":"standard","meta":{"footnotes":""},"categories":[67,53],"tags":[81,78,87],"class_list":{"0":"post-37646","1":"post","2":"type-post","3":"status-publish","4":"format-standard","5":"has-post-thumbnail","7":"category-actualites","8":"category-culture-fr","9":"tag-actualites","10":"tag-apie-project-2","11":"tag-culture-2"},"yoast_head":"<!-- This site is optimized with the Yoast SEO plugin v24.4 - https:\/\/yoast.com\/wordpress\/plugins\/seo\/ -->\n<title>Soir\u00e9e Caritative Aux Saveurs Africaines \u00c0 La Maison De La Culture \u00c0 Clermont-Ferrand - APIE NEWS<\/title>\n<meta name=\"robots\" content=\"index, follow, max-snippet:-1, max-image-preview:large, max-video-preview:-1\" \/>\n<link rel=\"canonical\" href=\"https:\/\/appsaf.apieproject.com\/news\/fr\/2023\/12\/10\/soiree-caritative-aux-saveurs-africaines-a-la-maison-de-la-culture-a-clermont-ferrand\/\" \/>\n<meta property=\"og:locale\" content=\"fr_FR\" \/>\n<meta property=\"og:type\" content=\"article\" \/>\n<meta property=\"og:title\" content=\"Soir\u00e9e Caritative Aux Saveurs Africaines \u00c0 La Maison De La Culture \u00c0 Clermont-Ferrand - APIE NEWS\" \/>\n<meta property=\"og:description\" content=\"Le collectif Afrik\u2019horizons organise un gala de charit\u00e9 samedi 9 d\u00e9cembre \u00e0 17 heures \u00e0 la Maison de la culture.\" \/>\n<meta property=\"og:url\" content=\"https:\/\/appsaf.apieproject.com\/news\/fr\/2023\/12\/10\/soiree-caritative-aux-saveurs-africaines-a-la-maison-de-la-culture-a-clermont-ferrand\/\" \/>\n<meta property=\"og:site_name\" content=\"APIE NEWS\" \/>\n<meta property=\"article:publisher\" content=\"https:\/\/facebook.com\/apieproject\" \/>\n<meta property=\"article:published_time\" content=\"2023-12-10T22:53:54+00:00\" \/>\n<meta property=\"article:modified_time\" content=\"2023-12-10T22:53:55+00:00\" \/>\n<meta property=\"og:image\" content=\"https:\/\/appsaf.apieproject.com\/news\/wp-content\/uploads\/sites\/29\/2023\/12\/2000006665811-bc102f79e34a0e8fb6ed129579eb8b20.jpg\" \/>\n\t<meta property=\"og:image:width\" content=\"657\" \/>\n\t<meta property=\"og:image:height\" content=\"379\" \/>\n\t<meta property=\"og:image:type\" content=\"image\/jpeg\" \/>\n<meta name=\"author\" content=\"staff\" \/>\n<meta name=\"twitter:card\" content=\"summary_large_image\" \/>\n<meta name=\"twitter:creator\" content=\"@apieproject\" \/>\n<meta name=\"twitter:site\" content=\"@apieproject\" \/>\n<meta name=\"twitter:label1\" content=\"\u00c9crit par\" \/>\n\t<meta name=\"twitter:data1\" content=\"staff\" \/>\n\t<meta name=\"twitter:label2\" content=\"Dur\u00e9e de lecture estim\u00e9e\" \/>\n\t<meta name=\"twitter:data2\" content=\"1 minute\" \/>\n<script type=\"application\/ld+json\" class=\"yoast-schema-graph\">{\"@context\":\"https:\/\/schema.org\",\"@graph\":[{\"@type\":\"Article\",\"@id\":\"https:\/\/appsaf.apieproject.com\/news\/fr\/2023\/12\/10\/soiree-caritative-aux-saveurs-africaines-a-la-maison-de-la-culture-a-clermont-ferrand\/#article\",\"isPartOf\":{\"@id\":\"https:\/\/appsaf.apieproject.com\/news\/fr\/2023\/12\/10\/soiree-caritative-aux-saveurs-africaines-a-la-maison-de-la-culture-a-clermont-ferrand\/\"},\"author\":{\"name\":\"staff\",\"@id\":\"https:\/\/appsaf.apieproject.com\/news\/#\/schema\/person\/399517cac378948cd7b39086f9ddc2a7\"},\"headline\":\"Soir\u00e9e Caritative Aux Saveurs Africaines \u00c0 La Maison De La Culture \u00c0 Clermont-Ferrand\",\"datePublished\":\"2023-12-10T22:53:54+00:00\",\"dateModified\":\"2023-12-10T22:53:55+00:00\",\"mainEntityOfPage\":{\"@id\":\"https:\/\/appsaf.apieproject.com\/news\/fr\/2023\/12\/10\/soiree-caritative-aux-saveurs-africaines-a-la-maison-de-la-culture-a-clermont-ferrand\/\"},\"wordCount\":307,\"commentCount\":0,\"publisher\":{\"@id\":\"https:\/\/appsaf.apieproject.com\/news\/#organization\"},\"image\":{\"@id\":\"https:\/\/appsaf.apieproject.com\/news\/fr\/2023\/12\/10\/soiree-caritative-aux-saveurs-africaines-a-la-maison-de-la-culture-a-clermont-ferrand\/#primaryimage\"},\"thumbnailUrl\":\"https:\/\/appsaf.apieproject.com\/news\/wp-content\/uploads\/sites\/29\/2023\/12\/2000006665811-bc102f79e34a0e8fb6ed129579eb8b20.jpg\",\"keywords\":[\"actualites\",\"apie project\",\"culture\"],\"articleSection\":[\"Actualit\u00e9s\",\"Culture\"],\"inLanguage\":\"fr-FR\",\"potentialAction\":[{\"@type\":\"CommentAction\",\"name\":\"Comment\",\"target\":[\"https:\/\/appsaf.apieproject.com\/news\/fr\/2023\/12\/10\/soiree-caritative-aux-saveurs-africaines-a-la-maison-de-la-culture-a-clermont-ferrand\/#respond\"]}]},{\"@type\":\"WebPage\",\"@id\":\"https:\/\/appsaf.apieproject.com\/news\/fr\/2023\/12\/10\/soiree-caritative-aux-saveurs-africaines-a-la-maison-de-la-culture-a-clermont-ferrand\/\",\"url\":\"https:\/\/appsaf.apieproject.com\/news\/fr\/2023\/12\/10\/soiree-caritative-aux-saveurs-africaines-a-la-maison-de-la-culture-a-clermont-ferrand\/\",\"name\":\"Soir\u00e9e Caritative Aux Saveurs Africaines \u00c0 La Maison De La Culture \u00c0 Clermont-Ferrand - APIE NEWS\",\"isPartOf\":{\"@id\":\"https:\/\/appsaf.apieproject.com\/news\/#website\"},\"primaryImageOfPage\":{\"@id\":\"https:\/\/appsaf.apieproject.com\/news\/fr\/2023\/12\/10\/soiree-caritative-aux-saveurs-africaines-a-la-maison-de-la-culture-a-clermont-ferrand\/#primaryimage\"},\"image\":{\"@id\":\"https:\/\/appsaf.apieproject.com\/news\/fr\/2023\/12\/10\/soiree-caritative-aux-saveurs-africaines-a-la-maison-de-la-culture-a-clermont-ferrand\/#primaryimage\"},\"thumbnailUrl\":\"https:\/\/appsaf.apieproject.com\/news\/wp-content\/uploads\/sites\/29\/2023\/12\/2000006665811-bc102f79e34a0e8fb6ed129579eb8b20.jpg\",\"datePublished\":\"2023-12-10T22:53:54+00:00\",\"dateModified\":\"2023-12-10T22:53:55+00:00\",\"breadcrumb\":{\"@id\":\"https:\/\/appsaf.apieproject.com\/news\/fr\/2023\/12\/10\/soiree-caritative-aux-saveurs-africaines-a-la-maison-de-la-culture-a-clermont-ferrand\/#breadcrumb\"},\"inLanguage\":\"fr-FR\",\"potentialAction\":[{\"@type\":\"ReadAction\",\"target\":[\"https:\/\/appsaf.apieproject.com\/news\/fr\/2023\/12\/10\/soiree-caritative-aux-saveurs-africaines-a-la-maison-de-la-culture-a-clermont-ferrand\/\"]}]},{\"@type\":\"ImageObject\",\"inLanguage\":\"fr-FR\",\"@id\":\"https:\/\/appsaf.apieproject.com\/news\/fr\/2023\/12\/10\/soiree-caritative-aux-saveurs-africaines-a-la-maison-de-la-culture-a-clermont-ferrand\/#primaryimage\",\"url\":\"https:\/\/appsaf.apieproject.com\/news\/wp-content\/uploads\/sites\/29\/2023\/12\/2000006665811-bc102f79e34a0e8fb6ed129579eb8b20.jpg\",\"contentUrl\":\"https:\/\/appsaf.apieproject.com\/news\/wp-content\/uploads\/sites\/29\/2023\/12\/2000006665811-bc102f79e34a0e8fb6ed129579eb8b20.jpg\",\"width\":657,\"height\":379},{\"@type\":\"BreadcrumbList\",\"@id\":\"https:\/\/appsaf.apieproject.com\/news\/fr\/2023\/12\/10\/soiree-caritative-aux-saveurs-africaines-a-la-maison-de-la-culture-a-clermont-ferrand\/#breadcrumb\",\"itemListElement\":[{\"@type\":\"ListItem\",\"position\":1,\"name\":\"Home\",\"item\":\"https:\/\/appsaf.apieproject.com\/news\/fr\/home\/\"},{\"@type\":\"ListItem\",\"position\":2,\"name\":\"Soir\u00e9e Caritative Aux Saveurs Africaines \u00c0 La Maison De La Culture \u00c0 Clermont-Ferrand\"}]},{\"@type\":\"WebSite\",\"@id\":\"https:\/\/appsaf.apieproject.com\/news\/#website\",\"url\":\"https:\/\/appsaf.apieproject.com\/news\/\",\"name\":\"APIE NEWS\",\"description\":\"PANAFRICANISM NEWS PORTAL\",\"publisher\":{\"@id\":\"https:\/\/appsaf.apieproject.com\/news\/#organization\"},\"potentialAction\":[{\"@type\":\"SearchAction\",\"target\":{\"@type\":\"EntryPoint\",\"urlTemplate\":\"https:\/\/appsaf.apieproject.com\/news\/?s={search_term_string}\"},\"query-input\":{\"@type\":\"PropertyValueSpecification\",\"valueRequired\":true,\"valueName\":\"search_term_string\"}}],\"inLanguage\":\"fr-FR\"},{\"@type\":\"Organization\",\"@id\":\"https:\/\/appsaf.apieproject.com\/news\/#organization\",\"name\":\"APIE PROJECT\",\"url\":\"https:\/\/appsaf.apieproject.com\/news\/\",\"logo\":{\"@type\":\"ImageObject\",\"inLanguage\":\"fr-FR\",\"@id\":\"https:\/\/appsaf.apieproject.com\/news\/#\/schema\/logo\/image\/\",\"url\":\"https:\/\/appsaf.apieproject.com\/news\/wp-content\/uploads\/sites\/29\/2022\/07\/logo-R-TransparentBackground.png\",\"contentUrl\":\"https:\/\/appsaf.apieproject.com\/news\/wp-content\/uploads\/sites\/29\/2022\/07\/logo-R-TransparentBackground.png\",\"width\":512,\"height\":512,\"caption\":\"APIE PROJECT\"},\"image\":{\"@id\":\"https:\/\/appsaf.apieproject.com\/news\/#\/schema\/logo\/image\/\"},\"sameAs\":[\"https:\/\/facebook.com\/apieproject\",\"https:\/\/x.com\/apieproject\"]},{\"@type\":\"Person\",\"@id\":\"https:\/\/appsaf.apieproject.com\/news\/#\/schema\/person\/399517cac378948cd7b39086f9ddc2a7\",\"name\":\"staff\",\"image\":{\"@type\":\"ImageObject\",\"inLanguage\":\"fr-FR\",\"@id\":\"https:\/\/appsaf.apieproject.com\/news\/#\/schema\/person\/image\/\",\"url\":\"https:\/\/secure.gravatar.com\/avatar\/5386283c5db150efe261184bd59f072a?s=96&d=mm&r=g\",\"contentUrl\":\"https:\/\/secure.gravatar.com\/avatar\/5386283c5db150efe261184bd59f072a?s=96&d=mm&r=g\",\"caption\":\"staff\"},\"url\":\"https:\/\/appsaf.apieproject.com\/news\/fr\/author\/staff\/\"}]}<\/script>\n<!-- \/ Yoast SEO plugin. -->","yoast_head_json":{"title":"Soir\u00e9e Caritative Aux Saveurs Africaines \u00c0 La Maison De La Culture \u00c0 Clermont-Ferrand - APIE NEWS","robots":{"index":"index","follow":"follow","max-snippet":"max-snippet:-1","max-image-preview":"max-image-preview:large","max-video-preview":"max-video-preview:-1"},"canonical":"https:\/\/appsaf.apieproject.com\/news\/fr\/2023\/12\/10\/soiree-caritative-aux-saveurs-africaines-a-la-maison-de-la-culture-a-clermont-ferrand\/","og_locale":"fr_FR","og_type":"article","og_title":"Soir\u00e9e Caritative Aux Saveurs Africaines \u00c0 La Maison De La Culture \u00c0 Clermont-Ferrand - APIE NEWS","og_description":"Le collectif Afrik\u2019horizons organise un gala de charit\u00e9 samedi 9 d\u00e9cembre \u00e0 17 heures \u00e0 la Maison de la culture.","og_url":"https:\/\/appsaf.apieproject.com\/news\/fr\/2023\/12\/10\/soiree-caritative-aux-saveurs-africaines-a-la-maison-de-la-culture-a-clermont-ferrand\/","og_site_name":"APIE NEWS","article_publisher":"https:\/\/facebook.com\/apieproject","article_published_time":"2023-12-10T22:53:54+00:00","article_modified_time":"2023-12-10T22:53:55+00:00","og_image":[{"width":657,"height":379,"url":"https:\/\/appsaf.apieproject.com\/news\/wp-content\/uploads\/sites\/29\/2023\/12\/2000006665811-bc102f79e34a0e8fb6ed129579eb8b20.jpg","type":"image\/jpeg"}],"author":"staff","twitter_card":"summary_large_image","twitter_creator":"@apieproject","twitter_site":"@apieproject","twitter_misc":{"\u00c9crit par":"staff","Dur\u00e9e de lecture estim\u00e9e":"1 minute"},"schema":{"@context":"https:\/\/schema.org","@graph":[{"@type":"Article","@id":"https:\/\/appsaf.apieproject.com\/news\/fr\/2023\/12\/10\/soiree-caritative-aux-saveurs-africaines-a-la-maison-de-la-culture-a-clermont-ferrand\/#article","isPartOf":{"@id":"https:\/\/appsaf.apieproject.com\/news\/fr\/2023\/12\/10\/soiree-caritative-aux-saveurs-africaines-a-la-maison-de-la-culture-a-clermont-ferrand\/"},"author":{"name":"staff","@id":"https:\/\/appsaf.apieproject.com\/news\/#\/schema\/person\/399517cac378948cd7b39086f9ddc2a7"},"headline":"Soir\u00e9e Caritative Aux Saveurs Africaines \u00c0 La Maison De La Culture \u00c0 Clermont-Ferrand","datePublished":"2023-12-10T22:53:54+00:00","dateModified":"2023-12-10T22:53:55+00:00","mainEntityOfPage":{"@id":"https:\/\/appsaf.apieproject.com\/news\/fr\/2023\/12\/10\/soiree-caritative-aux-saveurs-africaines-a-la-maison-de-la-culture-a-clermont-ferrand\/"},"wordCount":307,"commentCount":0,"publisher":{"@id":"https:\/\/appsaf.apieproject.com\/news\/#organization"},"image":{"@id":"https:\/\/appsaf.apieproject.com\/news\/fr\/2023\/12\/10\/soiree-caritative-aux-saveurs-africaines-a-la-maison-de-la-culture-a-clermont-ferrand\/#primaryimage"},"thumbnailUrl":"https:\/\/appsaf.apieproject.com\/news\/wp-content\/uploads\/sites\/29\/2023\/12\/2000006665811-bc102f79e34a0e8fb6ed129579eb8b20.jpg","keywords":["actualites","apie project","culture"],"articleSection":["Actualit\u00e9s","Culture"],"inLanguage":"fr-FR","potentialAction":[{"@type":"CommentAction","name":"Comment","target":["https:\/\/appsaf.apieproject.com\/news\/fr\/2023\/12\/10\/soiree-caritative-aux-saveurs-africaines-a-la-maison-de-la-culture-a-clermont-ferrand\/#respond"]}]},{"@type":"WebPage","@id":"https:\/\/appsaf.apieproject.com\/news\/fr\/2023\/12\/10\/soiree-caritative-aux-saveurs-africaines-a-la-maison-de-la-culture-a-clermont-ferrand\/","url":"https:\/\/appsaf.apieproject.com\/news\/fr\/2023\/12\/10\/soiree-caritative-aux-saveurs-africaines-a-la-maison-de-la-culture-a-clermont-ferrand\/","name":"Soir\u00e9e Caritative Aux Saveurs Africaines \u00c0 La Maison De La Culture \u00c0 Clermont-Ferrand - APIE NEWS","isPartOf":{"@id":"https:\/\/appsaf.apieproject.com\/news\/#website"},"primaryImageOfPage":{"@id":"https:\/\/appsaf.apieproject.com\/news\/fr\/2023\/12\/10\/soiree-caritative-aux-saveurs-africaines-a-la-maison-de-la-culture-a-clermont-ferrand\/#primaryimage"},"image":{"@id":"https:\/\/appsaf.apieproject.com\/news\/fr\/2023\/12\/10\/soiree-caritative-aux-saveurs-africaines-a-la-maison-de-la-culture-a-clermont-ferrand\/#primaryimage"},"thumbnailUrl":"https:\/\/appsaf.apieproject.com\/news\/wp-content\/uploads\/sites\/29\/2023\/12\/2000006665811-bc102f79e34a0e8fb6ed129579eb8b20.jpg","datePublished":"2023-12-10T22:53:54+00:00","dateModified":"2023-12-10T22:53:55+00:00","breadcrumb":{"@id":"https:\/\/appsaf.apieproject.com\/news\/fr\/2023\/12\/10\/soiree-caritative-aux-saveurs-africaines-a-la-maison-de-la-culture-a-clermont-ferrand\/#breadcrumb"},"inLanguage":"fr-FR","potentialAction":[{"@type":"ReadAction","target":["https:\/\/appsaf.apieproject.com\/news\/fr\/2023\/12\/10\/soiree-caritative-aux-saveurs-africaines-a-la-maison-de-la-culture-a-clermont-ferrand\/"]}]},{"@type":"ImageObject","inLanguage":"fr-FR","@id":"https:\/\/appsaf.apieproject.com\/news\/fr\/2023\/12\/10\/soiree-caritative-aux-saveurs-africaines-a-la-maison-de-la-culture-a-clermont-ferrand\/#primaryimage","url":"https:\/\/appsaf.apieproject.com\/news\/wp-content\/uploads\/sites\/29\/2023\/12\/2000006665811-bc102f79e34a0e8fb6ed129579eb8b20.jpg","contentUrl":"https:\/\/appsaf.apieproject.com\/news\/wp-content\/uploads\/sites\/29\/2023\/12\/2000006665811-bc102f79e34a0e8fb6ed129579eb8b20.jpg","width":657,"height":379},{"@type":"BreadcrumbList","@id":"https:\/\/appsaf.apieproject.com\/news\/fr\/2023\/12\/10\/soiree-caritative-aux-saveurs-africaines-a-la-maison-de-la-culture-a-clermont-ferrand\/#breadcrumb","itemListElement":[{"@type":"ListItem","position":1,"name":"Home","item":"https:\/\/appsaf.apieproject.com\/news\/fr\/home\/"},{"@type":"ListItem","position":2,"name":"Soir\u00e9e Caritative Aux Saveurs Africaines \u00c0 La Maison De La Culture \u00c0 Clermont-Ferrand"}]},{"@type":"WebSite","@id":"https:\/\/appsaf.apieproject.com\/news\/#website","url":"https:\/\/appsaf.apieproject.com\/news\/","name":"APIE NEWS","description":"PANAFRICANISM NEWS PORTAL","publisher":{"@id":"https:\/\/appsaf.apieproject.com\/news\/#organization"},"potentialAction":[{"@type":"SearchAction","target":{"@type":"EntryPoint","urlTemplate":"https:\/\/appsaf.apieproject.com\/news\/?s={search_term_string}"},"query-input":{"@type":"PropertyValueSpecification","valueRequired":true,"valueName":"search_term_string"}}],"inLanguage":"fr-FR"},{"@type":"Organization","@id":"https:\/\/appsaf.apieproject.com\/news\/#organization","name":"APIE PROJECT","url":"https:\/\/appsaf.apieproject.com\/news\/","logo":{"@type":"ImageObject","inLanguage":"fr-FR","@id":"https:\/\/appsaf.apieproject.com\/news\/#\/schema\/logo\/image\/","url":"https:\/\/appsaf.apieproject.com\/news\/wp-content\/uploads\/sites\/29\/2022\/07\/logo-R-TransparentBackground.png","contentUrl":"https:\/\/appsaf.apieproject.com\/news\/wp-content\/uploads\/sites\/29\/2022\/07\/logo-R-TransparentBackground.png","width":512,"height":512,"caption":"APIE PROJECT"},"image":{"@id":"https:\/\/appsaf.apieproject.com\/news\/#\/schema\/logo\/image\/"},"sameAs":["https:\/\/facebook.com\/apieproject","https:\/\/x.com\/apieproject"]},{"@type":"Person","@id":"https:\/\/appsaf.apieproject.com\/news\/#\/schema\/person\/399517cac378948cd7b39086f9ddc2a7","name":"staff","image":{"@type":"ImageObject","inLanguage":"fr-FR","@id":"https:\/\/appsaf.apieproject.com\/news\/#\/schema\/person\/image\/","url":"https:\/\/secure.gravatar.com\/avatar\/5386283c5db150efe261184bd59f072a?s=96&d=mm&r=g","contentUrl":"https:\/\/secure.gravatar.com\/avatar\/5386283c5db150efe261184bd59f072a?s=96&d=mm&r=g","caption":"staff"},"url":"https:\/\/appsaf.apieproject.com\/news\/fr\/author\/staff\/"}]}},"_links":{"self":[{"href":"https:\/\/appsaf.apieproject.com\/news\/fr\/wp-json\/wp\/v2\/posts\/37646","targetHints":{"allow":["GET"]}}],"collection":[{"href":"https:\/\/appsaf.apieproject.com\/news\/fr\/wp-json\/wp\/v2\/posts"}],"about":[{"href":"https:\/\/appsaf.apieproject.com\/news\/fr\/wp-json\/wp\/v2\/types\/post"}],"author":[{"embeddable":true,"href":"https:\/\/appsaf.apieproject.com\/news\/fr\/wp-json\/wp\/v2\/users\/12963"}],"replies":[{"embeddable":true,"href":"https:\/\/appsaf.apieproject.com\/news\/fr\/wp-json\/wp\/v2\/comments?post=37646"}],"version-history":[{"count":1,"href":"https:\/\/appsaf.apieproject.com\/news\/fr\/wp-json\/wp\/v2\/posts\/37646\/revisions"}],"predecessor-version":[{"id":37827,"href":"https:\/\/appsaf.apieproject.com\/news\/fr\/wp-json\/wp\/v2\/posts\/37646\/revisions\/37827"}],"wp:featuredmedia":[{"embeddable":true,"href":"https:\/\/appsaf.apieproject.com\/news\/fr\/wp-json\/wp\/v2\/media\/37643"}],"wp:attachment":[{"href":"https:\/\/appsaf.apieproject.com\/news\/fr\/wp-json\/wp\/v2\/media?parent=37646"}],"wp:term":[{"taxonomy":"category","embeddable":true,"href":"https:\/\/appsaf.apieproject.com\/news\/fr\/wp-json\/wp\/v2\/categories?post=37646"},{"taxonomy":"post_tag","embeddable":true,"href":"https:\/\/appsaf.apieproject.com\/news\/fr\/wp-json\/wp\/v2\/tags?post=37646"}],"curies":[{"name":"wp","href":"https:\/\/api.w.org\/{rel}","templated":true}]}}