{"id":37650,"date":"2023-12-10T22:55:11","date_gmt":"2023-12-10T22:55:11","guid":{"rendered":"https:\/\/appsaf.apieproject.com\/news\/?p=37650"},"modified":"2023-12-10T22:55:14","modified_gmt":"2023-12-10T22:55:14","slug":"culture-le-malhoun-inscrit-au-patrimoine-culturel-immateriel-de-lunesco","status":"publish","type":"post","link":"https:\/\/appsaf.apieproject.com\/news\/fr\/2023\/12\/10\/culture-le-malhoun-inscrit-au-patrimoine-culturel-immateriel-de-lunesco\/","title":{"rendered":"Culture: Le Malhoun Inscrit Au Patrimoine Culturel Immat\u00e9riel De l\u2019UNESCO"},"content":{"rendered":"<p>Cette inscription est une reconnaissance internationale d\u2019un h\u00e9ritage marocain authentique qui constitue l\u2019une des riches sources artistiques du Maroc et un composant de r\u00e9f\u00e9rence de l\u2019identit\u00e9 culturelle marocaine ancienne, indique le minist\u00e8re dans un communiqu\u00e9, ajoutant qu\u2019il s\u2019agit aussi d\u2019une consolidation des efforts d\u00e9ploy\u00e9s par le Maroc, sous la conduite \u00e9clair\u00e9e de Sa Majest\u00e9 le Roi Mohammed VI, dans le domaine de la pr\u00e9servation et de la conservation du patrimoine culturel marocain.<\/p>\n<p>A cette occasion, la secr\u00e9taire g\u00e9n\u00e9rale du d\u00e9partement de la Culture, Samira Malizi, a exprim\u00e9 au nom du Royaume du Maroc, devant les chefs de d\u00e9l\u00e9gation participant aux travaux du Comit\u00e9, sa gratitude au comit\u00e9 d\u2019\u00e9valuation, aux membres du Comit\u00e9 intergouvernemental ainsi qu\u2019au secr\u00e9tariat de la Convention de 2003, pour l\u2019inscription du Malhoun dans la liste repr\u00e9sentative du patrimoine culturel immat\u00e9riel de l\u2019Humanit\u00e9, souligne la m\u00eame source.<\/p>\n<p>Le Malhoun, un art pr\u00e9sent dans diff\u00e9rentes r\u00e9gions du territoire national marocain, constitue un symbole fondamental du patrimoine culturel marocain, pr\u00e9cise le communiqu\u00e9, notant que sa cons\u00e9cration en tant que patrimoine culturel de l\u2019Humanit\u00e9 est une reconnaissance de sa port\u00e9e humaine et humaniste, ainsi que des efforts d\u00e9ploy\u00e9s par le Royaume du Maroc, sous la sage conduite de Sa Majest\u00e9 le Roi Mohammed VI, pour pr\u00e9server son patrimoine culturel immat\u00e9riel, conform\u00e9ment \u00e0 ce que stipule la Convention de 2003.<\/p>\n<p>Cette inscription r\u00e9compense, par ailleurs, le grand travail collectif men\u00e9 par le minist\u00e8re de la Jeunesse, de la Culture et de la Communication en collaboration avec l\u2019Acad\u00e9mie du Royaume du Maroc et la Mission permanente du Royaume du Maroc aupr\u00e8s de l\u2019UNESCO, ajoute la m\u00eame source. Selon le dossier pr\u00e9sent\u00e9 devant le comit\u00e9 de candidature de l\u2019UNESCO, le Malhoun est une expression po\u00e9tico-musicale marocaine ancienne. N\u00e9 dans la r\u00e9gion de Tafilalet, dans le sud-est du Maroc, cet art s\u2019est d\u2019abord d\u00e9velopp\u00e9 au sein des zaou\u00efas de la r\u00e9gion, puis s\u2019est progressivement r\u00e9pandu et a atteint les grandes villes o\u00f9 il \u00e9tait principalement accueilli et interpr\u00e9t\u00e9 au sein des corporations d\u2019artisans des villes anciennes.<\/p>\n","protected":false},"excerpt":{"rendered":"<p>Le Malhoun a \u00e9t\u00e9 inscrit, mercredi au au Botswana, sur la liste du Patrimoine culturel immat\u00e9riel de l\u2019Humanit\u00e9, lors de la 18\u00e8me session du Comit\u00e9 intergouvernemental de sauvegarde du patrimoine culturel immat\u00e9riel de l\u2019UNESCO, a annonc\u00e9 le minist\u00e8re de la Jeunesse, de la Culture et de la Communication.<\/p>\n","protected":false},"author":12963,"featured_media":37647,"comment_status":"open","ping_status":"open","sticky":false,"template":"","format":"standard","meta":{"footnotes":""},"categories":[67,53],"tags":[81,78,87],"class_list":{"0":"post-37650","1":"post","2":"type-post","3":"status-publish","4":"format-standard","5":"has-post-thumbnail","7":"category-actualites","8":"category-culture-fr","9":"tag-actualites","10":"tag-apie-project-2","11":"tag-culture-2"},"yoast_head":"<!-- This site is optimized with the Yoast SEO plugin v24.4 - https:\/\/yoast.com\/wordpress\/plugins\/seo\/ -->\n<title>Culture: Le Malhoun Inscrit Au Patrimoine Culturel Immat\u00e9riel De l\u2019UNESCO - APIE NEWS<\/title>\n<meta name=\"robots\" content=\"index, follow, max-snippet:-1, max-image-preview:large, max-video-preview:-1\" \/>\n<link rel=\"canonical\" href=\"https:\/\/appsaf.apieproject.com\/news\/fr\/2023\/12\/10\/culture-le-malhoun-inscrit-au-patrimoine-culturel-immateriel-de-lunesco\/\" \/>\n<meta property=\"og:locale\" content=\"fr_FR\" \/>\n<meta property=\"og:type\" content=\"article\" \/>\n<meta property=\"og:title\" content=\"Culture: Le Malhoun Inscrit Au Patrimoine Culturel Immat\u00e9riel De l\u2019UNESCO - APIE NEWS\" \/>\n<meta property=\"og:description\" content=\"Le Malhoun a \u00e9t\u00e9 inscrit, mercredi au au Botswana, sur la liste du Patrimoine culturel immat\u00e9riel de l\u2019Humanit\u00e9, lors de la 18\u00e8me session du Comit\u00e9 intergouvernemental de sauvegarde du patrimoine culturel immat\u00e9riel de l\u2019UNESCO, a annonc\u00e9 le minist\u00e8re de la Jeunesse, de la Culture et de la Communication.\" \/>\n<meta property=\"og:url\" content=\"https:\/\/appsaf.apieproject.com\/news\/fr\/2023\/12\/10\/culture-le-malhoun-inscrit-au-patrimoine-culturel-immateriel-de-lunesco\/\" \/>\n<meta property=\"og:site_name\" content=\"APIE NEWS\" \/>\n<meta property=\"article:publisher\" content=\"https:\/\/facebook.com\/apieproject\" \/>\n<meta property=\"article:published_time\" content=\"2023-12-10T22:55:11+00:00\" \/>\n<meta property=\"article:modified_time\" content=\"2023-12-10T22:55:14+00:00\" \/>\n<meta property=\"og:image\" content=\"https:\/\/appsaf.apieproject.com\/news\/wp-content\/uploads\/sites\/29\/2023\/12\/Malhoun-e1701940131891-480977d00416cabceb0dd0ed43baa3c0.jpg\" \/>\n\t<meta property=\"og:image:width\" content=\"750\" \/>\n\t<meta property=\"og:image:height\" content=\"500\" \/>\n\t<meta property=\"og:image:type\" content=\"image\/jpeg\" \/>\n<meta name=\"author\" content=\"staff\" \/>\n<meta name=\"twitter:card\" content=\"summary_large_image\" \/>\n<meta name=\"twitter:creator\" content=\"@apieproject\" \/>\n<meta name=\"twitter:site\" content=\"@apieproject\" \/>\n<meta name=\"twitter:label1\" content=\"\u00c9crit par\" \/>\n\t<meta name=\"twitter:data1\" content=\"staff\" \/>\n\t<meta name=\"twitter:label2\" content=\"Dur\u00e9e de lecture estim\u00e9e\" \/>\n\t<meta name=\"twitter:data2\" content=\"2 minutes\" \/>\n<script type=\"application\/ld+json\" class=\"yoast-schema-graph\">{\"@context\":\"https:\/\/schema.org\",\"@graph\":[{\"@type\":\"Article\",\"@id\":\"https:\/\/appsaf.apieproject.com\/news\/fr\/2023\/12\/10\/culture-le-malhoun-inscrit-au-patrimoine-culturel-immateriel-de-lunesco\/#article\",\"isPartOf\":{\"@id\":\"https:\/\/appsaf.apieproject.com\/news\/fr\/2023\/12\/10\/culture-le-malhoun-inscrit-au-patrimoine-culturel-immateriel-de-lunesco\/\"},\"author\":{\"name\":\"staff\",\"@id\":\"https:\/\/appsaf.apieproject.com\/news\/#\/schema\/person\/399517cac378948cd7b39086f9ddc2a7\"},\"headline\":\"Culture: Le Malhoun Inscrit Au Patrimoine Culturel Immat\u00e9riel De l\u2019UNESCO\",\"datePublished\":\"2023-12-10T22:55:11+00:00\",\"dateModified\":\"2023-12-10T22:55:14+00:00\",\"mainEntityOfPage\":{\"@id\":\"https:\/\/appsaf.apieproject.com\/news\/fr\/2023\/12\/10\/culture-le-malhoun-inscrit-au-patrimoine-culturel-immateriel-de-lunesco\/\"},\"wordCount\":400,\"commentCount\":0,\"publisher\":{\"@id\":\"https:\/\/appsaf.apieproject.com\/news\/#organization\"},\"image\":{\"@id\":\"https:\/\/appsaf.apieproject.com\/news\/fr\/2023\/12\/10\/culture-le-malhoun-inscrit-au-patrimoine-culturel-immateriel-de-lunesco\/#primaryimage\"},\"thumbnailUrl\":\"https:\/\/appsaf.apieproject.com\/news\/wp-content\/uploads\/sites\/29\/2023\/12\/Malhoun-e1701940131891-480977d00416cabceb0dd0ed43baa3c0.jpg\",\"keywords\":[\"actualites\",\"apie project\",\"culture\"],\"articleSection\":[\"Actualit\u00e9s\",\"Culture\"],\"inLanguage\":\"fr-FR\",\"potentialAction\":[{\"@type\":\"CommentAction\",\"name\":\"Comment\",\"target\":[\"https:\/\/appsaf.apieproject.com\/news\/fr\/2023\/12\/10\/culture-le-malhoun-inscrit-au-patrimoine-culturel-immateriel-de-lunesco\/#respond\"]}]},{\"@type\":\"WebPage\",\"@id\":\"https:\/\/appsaf.apieproject.com\/news\/fr\/2023\/12\/10\/culture-le-malhoun-inscrit-au-patrimoine-culturel-immateriel-de-lunesco\/\",\"url\":\"https:\/\/appsaf.apieproject.com\/news\/fr\/2023\/12\/10\/culture-le-malhoun-inscrit-au-patrimoine-culturel-immateriel-de-lunesco\/\",\"name\":\"Culture: Le Malhoun Inscrit Au Patrimoine Culturel Immat\u00e9riel De l\u2019UNESCO - APIE NEWS\",\"isPartOf\":{\"@id\":\"https:\/\/appsaf.apieproject.com\/news\/#website\"},\"primaryImageOfPage\":{\"@id\":\"https:\/\/appsaf.apieproject.com\/news\/fr\/2023\/12\/10\/culture-le-malhoun-inscrit-au-patrimoine-culturel-immateriel-de-lunesco\/#primaryimage\"},\"image\":{\"@id\":\"https:\/\/appsaf.apieproject.com\/news\/fr\/2023\/12\/10\/culture-le-malhoun-inscrit-au-patrimoine-culturel-immateriel-de-lunesco\/#primaryimage\"},\"thumbnailUrl\":\"https:\/\/appsaf.apieproject.com\/news\/wp-content\/uploads\/sites\/29\/2023\/12\/Malhoun-e1701940131891-480977d00416cabceb0dd0ed43baa3c0.jpg\",\"datePublished\":\"2023-12-10T22:55:11+00:00\",\"dateModified\":\"2023-12-10T22:55:14+00:00\",\"breadcrumb\":{\"@id\":\"https:\/\/appsaf.apieproject.com\/news\/fr\/2023\/12\/10\/culture-le-malhoun-inscrit-au-patrimoine-culturel-immateriel-de-lunesco\/#breadcrumb\"},\"inLanguage\":\"fr-FR\",\"potentialAction\":[{\"@type\":\"ReadAction\",\"target\":[\"https:\/\/appsaf.apieproject.com\/news\/fr\/2023\/12\/10\/culture-le-malhoun-inscrit-au-patrimoine-culturel-immateriel-de-lunesco\/\"]}]},{\"@type\":\"ImageObject\",\"inLanguage\":\"fr-FR\",\"@id\":\"https:\/\/appsaf.apieproject.com\/news\/fr\/2023\/12\/10\/culture-le-malhoun-inscrit-au-patrimoine-culturel-immateriel-de-lunesco\/#primaryimage\",\"url\":\"https:\/\/appsaf.apieproject.com\/news\/wp-content\/uploads\/sites\/29\/2023\/12\/Malhoun-e1701940131891-480977d00416cabceb0dd0ed43baa3c0.jpg\",\"contentUrl\":\"https:\/\/appsaf.apieproject.com\/news\/wp-content\/uploads\/sites\/29\/2023\/12\/Malhoun-e1701940131891-480977d00416cabceb0dd0ed43baa3c0.jpg\",\"width\":750,\"height\":500},{\"@type\":\"BreadcrumbList\",\"@id\":\"https:\/\/appsaf.apieproject.com\/news\/fr\/2023\/12\/10\/culture-le-malhoun-inscrit-au-patrimoine-culturel-immateriel-de-lunesco\/#breadcrumb\",\"itemListElement\":[{\"@type\":\"ListItem\",\"position\":1,\"name\":\"Home\",\"item\":\"https:\/\/appsaf.apieproject.com\/news\/fr\/home\/\"},{\"@type\":\"ListItem\",\"position\":2,\"name\":\"Culture: Le Malhoun Inscrit Au Patrimoine Culturel Immat\u00e9riel De l\u2019UNESCO\"}]},{\"@type\":\"WebSite\",\"@id\":\"https:\/\/appsaf.apieproject.com\/news\/#website\",\"url\":\"https:\/\/appsaf.apieproject.com\/news\/\",\"name\":\"APIE NEWS\",\"description\":\"PANAFRICANISM NEWS PORTAL\",\"publisher\":{\"@id\":\"https:\/\/appsaf.apieproject.com\/news\/#organization\"},\"potentialAction\":[{\"@type\":\"SearchAction\",\"target\":{\"@type\":\"EntryPoint\",\"urlTemplate\":\"https:\/\/appsaf.apieproject.com\/news\/?s={search_term_string}\"},\"query-input\":{\"@type\":\"PropertyValueSpecification\",\"valueRequired\":true,\"valueName\":\"search_term_string\"}}],\"inLanguage\":\"fr-FR\"},{\"@type\":\"Organization\",\"@id\":\"https:\/\/appsaf.apieproject.com\/news\/#organization\",\"name\":\"APIE PROJECT\",\"url\":\"https:\/\/appsaf.apieproject.com\/news\/\",\"logo\":{\"@type\":\"ImageObject\",\"inLanguage\":\"fr-FR\",\"@id\":\"https:\/\/appsaf.apieproject.com\/news\/#\/schema\/logo\/image\/\",\"url\":\"https:\/\/appsaf.apieproject.com\/news\/wp-content\/uploads\/sites\/29\/2022\/07\/logo-R-TransparentBackground.png\",\"contentUrl\":\"https:\/\/appsaf.apieproject.com\/news\/wp-content\/uploads\/sites\/29\/2022\/07\/logo-R-TransparentBackground.png\",\"width\":512,\"height\":512,\"caption\":\"APIE PROJECT\"},\"image\":{\"@id\":\"https:\/\/appsaf.apieproject.com\/news\/#\/schema\/logo\/image\/\"},\"sameAs\":[\"https:\/\/facebook.com\/apieproject\",\"https:\/\/x.com\/apieproject\"]},{\"@type\":\"Person\",\"@id\":\"https:\/\/appsaf.apieproject.com\/news\/#\/schema\/person\/399517cac378948cd7b39086f9ddc2a7\",\"name\":\"staff\",\"image\":{\"@type\":\"ImageObject\",\"inLanguage\":\"fr-FR\",\"@id\":\"https:\/\/appsaf.apieproject.com\/news\/#\/schema\/person\/image\/\",\"url\":\"https:\/\/secure.gravatar.com\/avatar\/5386283c5db150efe261184bd59f072a?s=96&d=mm&r=g\",\"contentUrl\":\"https:\/\/secure.gravatar.com\/avatar\/5386283c5db150efe261184bd59f072a?s=96&d=mm&r=g\",\"caption\":\"staff\"},\"url\":\"https:\/\/appsaf.apieproject.com\/news\/fr\/author\/staff\/\"}]}<\/script>\n<!-- \/ Yoast SEO plugin. -->","yoast_head_json":{"title":"Culture: Le Malhoun Inscrit Au Patrimoine Culturel Immat\u00e9riel De l\u2019UNESCO - APIE NEWS","robots":{"index":"index","follow":"follow","max-snippet":"max-snippet:-1","max-image-preview":"max-image-preview:large","max-video-preview":"max-video-preview:-1"},"canonical":"https:\/\/appsaf.apieproject.com\/news\/fr\/2023\/12\/10\/culture-le-malhoun-inscrit-au-patrimoine-culturel-immateriel-de-lunesco\/","og_locale":"fr_FR","og_type":"article","og_title":"Culture: Le Malhoun Inscrit Au Patrimoine Culturel Immat\u00e9riel De l\u2019UNESCO - APIE NEWS","og_description":"Le Malhoun a \u00e9t\u00e9 inscrit, mercredi au au Botswana, sur la liste du Patrimoine culturel immat\u00e9riel de l\u2019Humanit\u00e9, lors de la 18\u00e8me session du Comit\u00e9 intergouvernemental de sauvegarde du patrimoine culturel immat\u00e9riel de l\u2019UNESCO, a annonc\u00e9 le minist\u00e8re de la Jeunesse, de la Culture et de la Communication.","og_url":"https:\/\/appsaf.apieproject.com\/news\/fr\/2023\/12\/10\/culture-le-malhoun-inscrit-au-patrimoine-culturel-immateriel-de-lunesco\/","og_site_name":"APIE NEWS","article_publisher":"https:\/\/facebook.com\/apieproject","article_published_time":"2023-12-10T22:55:11+00:00","article_modified_time":"2023-12-10T22:55:14+00:00","og_image":[{"width":750,"height":500,"url":"https:\/\/appsaf.apieproject.com\/news\/wp-content\/uploads\/sites\/29\/2023\/12\/Malhoun-e1701940131891-480977d00416cabceb0dd0ed43baa3c0.jpg","type":"image\/jpeg"}],"author":"staff","twitter_card":"summary_large_image","twitter_creator":"@apieproject","twitter_site":"@apieproject","twitter_misc":{"\u00c9crit par":"staff","Dur\u00e9e de lecture estim\u00e9e":"2 minutes"},"schema":{"@context":"https:\/\/schema.org","@graph":[{"@type":"Article","@id":"https:\/\/appsaf.apieproject.com\/news\/fr\/2023\/12\/10\/culture-le-malhoun-inscrit-au-patrimoine-culturel-immateriel-de-lunesco\/#article","isPartOf":{"@id":"https:\/\/appsaf.apieproject.com\/news\/fr\/2023\/12\/10\/culture-le-malhoun-inscrit-au-patrimoine-culturel-immateriel-de-lunesco\/"},"author":{"name":"staff","@id":"https:\/\/appsaf.apieproject.com\/news\/#\/schema\/person\/399517cac378948cd7b39086f9ddc2a7"},"headline":"Culture: Le Malhoun Inscrit Au Patrimoine Culturel Immat\u00e9riel De l\u2019UNESCO","datePublished":"2023-12-10T22:55:11+00:00","dateModified":"2023-12-10T22:55:14+00:00","mainEntityOfPage":{"@id":"https:\/\/appsaf.apieproject.com\/news\/fr\/2023\/12\/10\/culture-le-malhoun-inscrit-au-patrimoine-culturel-immateriel-de-lunesco\/"},"wordCount":400,"commentCount":0,"publisher":{"@id":"https:\/\/appsaf.apieproject.com\/news\/#organization"},"image":{"@id":"https:\/\/appsaf.apieproject.com\/news\/fr\/2023\/12\/10\/culture-le-malhoun-inscrit-au-patrimoine-culturel-immateriel-de-lunesco\/#primaryimage"},"thumbnailUrl":"https:\/\/appsaf.apieproject.com\/news\/wp-content\/uploads\/sites\/29\/2023\/12\/Malhoun-e1701940131891-480977d00416cabceb0dd0ed43baa3c0.jpg","keywords":["actualites","apie project","culture"],"articleSection":["Actualit\u00e9s","Culture"],"inLanguage":"fr-FR","potentialAction":[{"@type":"CommentAction","name":"Comment","target":["https:\/\/appsaf.apieproject.com\/news\/fr\/2023\/12\/10\/culture-le-malhoun-inscrit-au-patrimoine-culturel-immateriel-de-lunesco\/#respond"]}]},{"@type":"WebPage","@id":"https:\/\/appsaf.apieproject.com\/news\/fr\/2023\/12\/10\/culture-le-malhoun-inscrit-au-patrimoine-culturel-immateriel-de-lunesco\/","url":"https:\/\/appsaf.apieproject.com\/news\/fr\/2023\/12\/10\/culture-le-malhoun-inscrit-au-patrimoine-culturel-immateriel-de-lunesco\/","name":"Culture: Le Malhoun Inscrit Au Patrimoine Culturel Immat\u00e9riel De l\u2019UNESCO - APIE NEWS","isPartOf":{"@id":"https:\/\/appsaf.apieproject.com\/news\/#website"},"primaryImageOfPage":{"@id":"https:\/\/appsaf.apieproject.com\/news\/fr\/2023\/12\/10\/culture-le-malhoun-inscrit-au-patrimoine-culturel-immateriel-de-lunesco\/#primaryimage"},"image":{"@id":"https:\/\/appsaf.apieproject.com\/news\/fr\/2023\/12\/10\/culture-le-malhoun-inscrit-au-patrimoine-culturel-immateriel-de-lunesco\/#primaryimage"},"thumbnailUrl":"https:\/\/appsaf.apieproject.com\/news\/wp-content\/uploads\/sites\/29\/2023\/12\/Malhoun-e1701940131891-480977d00416cabceb0dd0ed43baa3c0.jpg","datePublished":"2023-12-10T22:55:11+00:00","dateModified":"2023-12-10T22:55:14+00:00","breadcrumb":{"@id":"https:\/\/appsaf.apieproject.com\/news\/fr\/2023\/12\/10\/culture-le-malhoun-inscrit-au-patrimoine-culturel-immateriel-de-lunesco\/#breadcrumb"},"inLanguage":"fr-FR","potentialAction":[{"@type":"ReadAction","target":["https:\/\/appsaf.apieproject.com\/news\/fr\/2023\/12\/10\/culture-le-malhoun-inscrit-au-patrimoine-culturel-immateriel-de-lunesco\/"]}]},{"@type":"ImageObject","inLanguage":"fr-FR","@id":"https:\/\/appsaf.apieproject.com\/news\/fr\/2023\/12\/10\/culture-le-malhoun-inscrit-au-patrimoine-culturel-immateriel-de-lunesco\/#primaryimage","url":"https:\/\/appsaf.apieproject.com\/news\/wp-content\/uploads\/sites\/29\/2023\/12\/Malhoun-e1701940131891-480977d00416cabceb0dd0ed43baa3c0.jpg","contentUrl":"https:\/\/appsaf.apieproject.com\/news\/wp-content\/uploads\/sites\/29\/2023\/12\/Malhoun-e1701940131891-480977d00416cabceb0dd0ed43baa3c0.jpg","width":750,"height":500},{"@type":"BreadcrumbList","@id":"https:\/\/appsaf.apieproject.com\/news\/fr\/2023\/12\/10\/culture-le-malhoun-inscrit-au-patrimoine-culturel-immateriel-de-lunesco\/#breadcrumb","itemListElement":[{"@type":"ListItem","position":1,"name":"Home","item":"https:\/\/appsaf.apieproject.com\/news\/fr\/home\/"},{"@type":"ListItem","position":2,"name":"Culture: Le Malhoun Inscrit Au Patrimoine Culturel Immat\u00e9riel De l\u2019UNESCO"}]},{"@type":"WebSite","@id":"https:\/\/appsaf.apieproject.com\/news\/#website","url":"https:\/\/appsaf.apieproject.com\/news\/","name":"APIE NEWS","description":"PANAFRICANISM NEWS PORTAL","publisher":{"@id":"https:\/\/appsaf.apieproject.com\/news\/#organization"},"potentialAction":[{"@type":"SearchAction","target":{"@type":"EntryPoint","urlTemplate":"https:\/\/appsaf.apieproject.com\/news\/?s={search_term_string}"},"query-input":{"@type":"PropertyValueSpecification","valueRequired":true,"valueName":"search_term_string"}}],"inLanguage":"fr-FR"},{"@type":"Organization","@id":"https:\/\/appsaf.apieproject.com\/news\/#organization","name":"APIE PROJECT","url":"https:\/\/appsaf.apieproject.com\/news\/","logo":{"@type":"ImageObject","inLanguage":"fr-FR","@id":"https:\/\/appsaf.apieproject.com\/news\/#\/schema\/logo\/image\/","url":"https:\/\/appsaf.apieproject.com\/news\/wp-content\/uploads\/sites\/29\/2022\/07\/logo-R-TransparentBackground.png","contentUrl":"https:\/\/appsaf.apieproject.com\/news\/wp-content\/uploads\/sites\/29\/2022\/07\/logo-R-TransparentBackground.png","width":512,"height":512,"caption":"APIE PROJECT"},"image":{"@id":"https:\/\/appsaf.apieproject.com\/news\/#\/schema\/logo\/image\/"},"sameAs":["https:\/\/facebook.com\/apieproject","https:\/\/x.com\/apieproject"]},{"@type":"Person","@id":"https:\/\/appsaf.apieproject.com\/news\/#\/schema\/person\/399517cac378948cd7b39086f9ddc2a7","name":"staff","image":{"@type":"ImageObject","inLanguage":"fr-FR","@id":"https:\/\/appsaf.apieproject.com\/news\/#\/schema\/person\/image\/","url":"https:\/\/secure.gravatar.com\/avatar\/5386283c5db150efe261184bd59f072a?s=96&d=mm&r=g","contentUrl":"https:\/\/secure.gravatar.com\/avatar\/5386283c5db150efe261184bd59f072a?s=96&d=mm&r=g","caption":"staff"},"url":"https:\/\/appsaf.apieproject.com\/news\/fr\/author\/staff\/"}]}},"_links":{"self":[{"href":"https:\/\/appsaf.apieproject.com\/news\/fr\/wp-json\/wp\/v2\/posts\/37650","targetHints":{"allow":["GET"]}}],"collection":[{"href":"https:\/\/appsaf.apieproject.com\/news\/fr\/wp-json\/wp\/v2\/posts"}],"about":[{"href":"https:\/\/appsaf.apieproject.com\/news\/fr\/wp-json\/wp\/v2\/types\/post"}],"author":[{"embeddable":true,"href":"https:\/\/appsaf.apieproject.com\/news\/fr\/wp-json\/wp\/v2\/users\/12963"}],"replies":[{"embeddable":true,"href":"https:\/\/appsaf.apieproject.com\/news\/fr\/wp-json\/wp\/v2\/comments?post=37650"}],"version-history":[{"count":1,"href":"https:\/\/appsaf.apieproject.com\/news\/fr\/wp-json\/wp\/v2\/posts\/37650\/revisions"}],"predecessor-version":[{"id":37828,"href":"https:\/\/appsaf.apieproject.com\/news\/fr\/wp-json\/wp\/v2\/posts\/37650\/revisions\/37828"}],"wp:featuredmedia":[{"embeddable":true,"href":"https:\/\/appsaf.apieproject.com\/news\/fr\/wp-json\/wp\/v2\/media\/37647"}],"wp:attachment":[{"href":"https:\/\/appsaf.apieproject.com\/news\/fr\/wp-json\/wp\/v2\/media?parent=37650"}],"wp:term":[{"taxonomy":"category","embeddable":true,"href":"https:\/\/appsaf.apieproject.com\/news\/fr\/wp-json\/wp\/v2\/categories?post=37650"},{"taxonomy":"post_tag","embeddable":true,"href":"https:\/\/appsaf.apieproject.com\/news\/fr\/wp-json\/wp\/v2\/tags?post=37650"}],"curies":[{"name":"wp","href":"https:\/\/api.w.org\/{rel}","templated":true}]}}