{"id":37993,"date":"2023-12-17T18:34:09","date_gmt":"2023-12-17T18:34:09","guid":{"rendered":"https:\/\/appsaf.apieproject.com\/news\/?p=37993"},"modified":"2023-12-17T18:34:11","modified_gmt":"2023-12-17T18:34:11","slug":"a-diella-un-rappeur-ouvre-un-studio-pour-participer-a-leclosion-de-jeunes-talents","status":"publish","type":"post","link":"https:\/\/appsaf.apieproject.com\/news\/fr\/2023\/12\/17\/a-diella-un-rappeur-ouvre-un-studio-pour-participer-a-leclosion-de-jeunes-talents\/","title":{"rendered":"A Diella, Un Rappeur Ouvre Un Studio Pour Participer \u00c0 L\u2019\u00c9closion De Jeunes Talents"},"content":{"rendered":"<p>Diella, une localit\u00e9 du Daande Mayo Sud, dans la commune de Horkodi\u00e9r\u00e9, est situ\u00e9 \u00e0 78 km de Matam, la capitale r\u00e9gionale. Dans un local un peu \u00e9troit sis au centre du village, quelques jeunes sirotent du th\u00e9, tout en \u00e9coutant de la musique rap distill\u00e9e par de puissants bafles connect\u00e9s \u00e0 un ordinateur. Aux manettes, le jeune rappeur MC Mody s\u2019amuse avec les boutons de sa table de mixage, les yeux riv\u00e9s sur un \u00e9cran d\u2019ordinateur affichant les titres de sons de rap qu\u2019il a lui-m\u00eame produits. A travers son studio baptis\u00e9 du nom de \u2018\u2019Palel daande mayo records\u2019\u2019, le jeune homme ambitionne de participer \u00e0 l\u2019\u00e9closion des jeunes talents de son village, mais aussi de toutes les localit\u00e9s environnantes et au-del\u00e0 de la r\u00e9gion de Matam, le d\u00e9partement Bakel et les localit\u00e9s de la rive gauche du fleuve S\u00e9n\u00e9gal, en Mauritanie. Il dit avoir mis en place ce studio en 2021 avec le souhait d\u2019accompagner ses \u00ab fr\u00e8res \u00bb d\u00e9sirant \u00e9voluer dans le rap. \u2018\u2019Nous ne voulons pas qu\u2019ils passent par les chemins cahoteux que nous avons connus, \u00e0 une \u00e9poque o\u00f9 il n\u2019existait aucune structure de production dans la r\u00e9gion de Matam\u2019\u2019, explique le musicien dans un entretien avec l\u2019APS. Pour se produire, rappelle-t-il, \u2018\u2019il fallait aller jusqu\u2019\u00e0 Dakar \u00bb. Une fois dans la capitale, \u2018\u2019l\u2019artiste ne disposait pas de beaucoup de temps pour se produire, sans compter la pression de la ville ou encore de celle des producteurs\u2019\u2019, souligne MC Mody. Tout cela, dit-il, peut faire perdre \u00e0 l\u2019artiste ses id\u00e9es et le pousser \u00e0 rater tout un projet artistique, explique Mc Mody, dont l\u2019ambition est de vouloir \u00e9viter de telles difficult\u00e9s aux jeunes qui viennent d\u2019embrasser une carri\u00e8re musicale. \u2018\u2019C\u2019est pour cela que nous avons d\u00e9cid\u00e9 de mettre en place +Palel daande mayo records+, pour aider les jeunes \u00e0 se produire dans la r\u00e9gion, sans se d\u00e9placer jusqu\u2019\u00e0 Dakar ni aller \u00e0 Matam. Nous avons depuis lors lanc\u00e9 des jeunes et pousser aussi d\u2019autres qui avaient d\u00e9j\u00e0 commenc\u00e9 leur carri\u00e8re\u2019\u2019, a laiss\u00e9 entendre le rappeur, tout de noir v\u00eatu. Il souligne que beaucoup d\u2019artistes viennent de localit\u00e9s tr\u00e8s \u00e9loign\u00e9es de son village situ\u00e9 \u00e0 trois kilom\u00e8tres de la route nationale, \u00e0 hauteur de Gassemb\u00e9ry, notamment Ran\u00e9rou, Bakel, Werma, Younouf\u00e9r\u00e9 et des villages voisins de la Mauritanie. Un disciple de Pako le\u00f1ol, le pr\u00e9curseur du rap en pulaar Le rappeur, connu \u00e9galement sous le nom de \u2018\u2019Mo Futaanke\u2019\u2019, dit avoir aim\u00e9 le rap gr\u00e2ce au duo form\u00e9 par Pako Le\u00f1ol et Abou Camara, il y a presque 20 ans. Les premi\u00e8res notes de ce groupe, compos\u00e9 d\u2019un S\u00e9n\u00e9galais et d\u2019un Mauritanien; l\u2019ont trouv\u00e9 \u00e0 Dakar, alors qu\u2019il cartonnait dans le Fouta, se souvient-il. C\u2019est en 2007 que MC Mody a d\u00e9cid\u00e9 de faire carri\u00e8re dans ce genre musical. Il commen\u00e7a \u00e0 les suivre partout et jouer \u00e0 leurs c\u00f4t\u00e9s, ce qui lui a valu le surnom de \u2018\u2019almudo Pako Le\u00f1ol \u2019\u2019 (disciple de Pako Le\u00f1ol). \u2018\u2019Un an plus tard, avec MC Allay, nous avons cr\u00e9\u00e9 le groupe Pellital le\u00f1ol. Depuis lors, nous avons sorti beaucoup de singles, alors que nous n\u2019avions pas de studio. Nous sommes en pleine pr\u00e9paration de la sortie de notre album +Daade gadane+ (les premi\u00e8res voix) qui sera produit par Blues Connexion de Baba Maal\u2019\u2019, pr\u00e9cise le musicien. Il ne veut pas se presser pour sortir un album, pr\u00e9f\u00e9rant, dit-il, prendre du temps pour sortir un produit bien fait, \u2018\u2019m\u00eame s\u2019il devait \u00eatre le seul de toute sa carri\u00e8re\u2019\u2019. Dans ses chansons, l\u2019artiste qui est aussi producteur, pr\u00f4ne une musique qui conscientise, \u00e9veille et \u00e9duque. Une musique qui participe aussi au d\u00e9veloppement du terroir. Actuellement, son opus intitul\u00e9 \u2018\u2019walam mi heba dedbo\u2019\u2019 (Aidez-moi \u00e0 avoir une femme) reste l\u2019un des sons les plus comment\u00e9s par les m\u00e9lomanes dans la r\u00e9gion depuis sa sortie, en 2019. \u2018\u2019Beaucoup de gens disent que je n\u2019ai jamais r\u00e9alis\u00e9 un produit aussi bon. Des jeunes comme des adultes et des vieux l\u2019\u00e9coutent et me font des retours positifs. J\u2019ai chant\u00e9 sur plusieurs sujets, mais qui n\u2019ont pas eu cette ampleur \u2019\u2019, dit-il. Lors de la c\u00e9r\u00e9monie de remise des ch\u00e8ques aux b\u00e9n\u00e9ficiaires du Fonds de d\u00e9veloppement des cultures urbaines (FDCU), MC Mody a chauff\u00e9 la salle du centre culturel de Matam avec ce son que le public reprenait en ch\u0153ur.<\/p>\n","protected":false},"excerpt":{"rendered":"<p>Le village de Diella, dans le d\u00e9partement de Kanel (nord), dispose d\u00e9sormais d\u2019un studio de production, \u2018\u2019Palel daande mayo records\u2019\u2019, gr\u00e2ce au musicien et producteur Mody Diacko alias MC Mody, dont l\u2019ambition est de participer \u00e0 l\u2019\u00e9closion de jeunes talents dans la r\u00e9gion de Matam et les localit\u00e9s voisines de la Mauritanie.<\/p>\n","protected":false},"author":12963,"featured_media":37990,"comment_status":"open","ping_status":"open","sticky":false,"template":"","format":"standard","meta":{"footnotes":""},"categories":[55,65],"tags":[78,88,91],"class_list":{"0":"post-37993","1":"post","2":"type-post","3":"status-publish","4":"format-standard","5":"has-post-thumbnail","7":"category-divertissement","8":"category-musique","9":"tag-apie-project-2","10":"tag-divertissement","11":"tag-musique"},"yoast_head":"<!-- This site is optimized with the Yoast SEO plugin v24.4 - https:\/\/yoast.com\/wordpress\/plugins\/seo\/ -->\n<title>A Diella, Un Rappeur Ouvre Un Studio Pour Participer \u00c0 L\u2019\u00c9closion De Jeunes Talents - APIE NEWS<\/title>\n<meta name=\"robots\" content=\"index, follow, max-snippet:-1, max-image-preview:large, max-video-preview:-1\" \/>\n<link rel=\"canonical\" href=\"https:\/\/appsaf.apieproject.com\/news\/fr\/2023\/12\/17\/a-diella-un-rappeur-ouvre-un-studio-pour-participer-a-leclosion-de-jeunes-talents\/\" \/>\n<meta property=\"og:locale\" content=\"fr_FR\" \/>\n<meta property=\"og:type\" content=\"article\" \/>\n<meta property=\"og:title\" content=\"A Diella, Un Rappeur Ouvre Un Studio Pour Participer \u00c0 L\u2019\u00c9closion De Jeunes Talents - APIE NEWS\" \/>\n<meta property=\"og:description\" content=\"Le village de Diella, dans le d\u00e9partement de Kanel (nord), dispose d\u00e9sormais d\u2019un studio de production, \u2018\u2019Palel daande mayo records\u2019\u2019, gr\u00e2ce au musicien et producteur Mody Diacko alias MC Mody, dont l\u2019ambition est de participer \u00e0 l\u2019\u00e9closion de jeunes talents dans la r\u00e9gion de Matam et les localit\u00e9s voisines de la Mauritanie.\" \/>\n<meta property=\"og:url\" content=\"https:\/\/appsaf.apieproject.com\/news\/fr\/2023\/12\/17\/a-diella-un-rappeur-ouvre-un-studio-pour-participer-a-leclosion-de-jeunes-talents\/\" \/>\n<meta property=\"og:site_name\" content=\"APIE NEWS\" \/>\n<meta property=\"article:publisher\" content=\"https:\/\/facebook.com\/apieproject\" \/>\n<meta property=\"article:published_time\" content=\"2023-12-17T18:34:09+00:00\" \/>\n<meta property=\"article:modified_time\" content=\"2023-12-17T18:34:11+00:00\" \/>\n<meta property=\"og:image\" content=\"https:\/\/appsaf.apieproject.com\/news\/wp-content\/uploads\/sites\/29\/2023\/12\/Screenshot_20231215_154204-3767b95253d6119e183755930070fa27.jpg\" \/>\n\t<meta property=\"og:image:width\" content=\"973\" \/>\n\t<meta property=\"og:image:height\" content=\"573\" \/>\n\t<meta property=\"og:image:type\" content=\"image\/jpeg\" \/>\n<meta name=\"author\" content=\"staff\" \/>\n<meta name=\"twitter:card\" content=\"summary_large_image\" \/>\n<meta name=\"twitter:creator\" content=\"@apieproject\" \/>\n<meta name=\"twitter:site\" content=\"@apieproject\" \/>\n<meta name=\"twitter:label1\" content=\"\u00c9crit par\" \/>\n\t<meta name=\"twitter:data1\" content=\"staff\" \/>\n\t<meta name=\"twitter:label2\" content=\"Dur\u00e9e de lecture estim\u00e9e\" \/>\n\t<meta name=\"twitter:data2\" content=\"4 minutes\" \/>\n<script type=\"application\/ld+json\" class=\"yoast-schema-graph\">{\"@context\":\"https:\/\/schema.org\",\"@graph\":[{\"@type\":\"Article\",\"@id\":\"https:\/\/appsaf.apieproject.com\/news\/fr\/2023\/12\/17\/a-diella-un-rappeur-ouvre-un-studio-pour-participer-a-leclosion-de-jeunes-talents\/#article\",\"isPartOf\":{\"@id\":\"https:\/\/appsaf.apieproject.com\/news\/fr\/2023\/12\/17\/a-diella-un-rappeur-ouvre-un-studio-pour-participer-a-leclosion-de-jeunes-talents\/\"},\"author\":{\"name\":\"staff\",\"@id\":\"https:\/\/appsaf.apieproject.com\/news\/#\/schema\/person\/399517cac378948cd7b39086f9ddc2a7\"},\"headline\":\"A Diella, Un Rappeur Ouvre Un Studio Pour Participer \u00c0 L\u2019\u00c9closion De Jeunes Talents\",\"datePublished\":\"2023-12-17T18:34:09+00:00\",\"dateModified\":\"2023-12-17T18:34:11+00:00\",\"mainEntityOfPage\":{\"@id\":\"https:\/\/appsaf.apieproject.com\/news\/fr\/2023\/12\/17\/a-diella-un-rappeur-ouvre-un-studio-pour-participer-a-leclosion-de-jeunes-talents\/\"},\"wordCount\":797,\"commentCount\":0,\"publisher\":{\"@id\":\"https:\/\/appsaf.apieproject.com\/news\/#organization\"},\"image\":{\"@id\":\"https:\/\/appsaf.apieproject.com\/news\/fr\/2023\/12\/17\/a-diella-un-rappeur-ouvre-un-studio-pour-participer-a-leclosion-de-jeunes-talents\/#primaryimage\"},\"thumbnailUrl\":\"https:\/\/appsaf.apieproject.com\/news\/wp-content\/uploads\/sites\/29\/2023\/12\/Screenshot_20231215_154204-3767b95253d6119e183755930070fa27.jpg\",\"keywords\":[\"apie project\",\"divertissement\",\"musique\"],\"articleSection\":[\"Divertissement\",\"Musique\"],\"inLanguage\":\"fr-FR\",\"potentialAction\":[{\"@type\":\"CommentAction\",\"name\":\"Comment\",\"target\":[\"https:\/\/appsaf.apieproject.com\/news\/fr\/2023\/12\/17\/a-diella-un-rappeur-ouvre-un-studio-pour-participer-a-leclosion-de-jeunes-talents\/#respond\"]}]},{\"@type\":\"WebPage\",\"@id\":\"https:\/\/appsaf.apieproject.com\/news\/fr\/2023\/12\/17\/a-diella-un-rappeur-ouvre-un-studio-pour-participer-a-leclosion-de-jeunes-talents\/\",\"url\":\"https:\/\/appsaf.apieproject.com\/news\/fr\/2023\/12\/17\/a-diella-un-rappeur-ouvre-un-studio-pour-participer-a-leclosion-de-jeunes-talents\/\",\"name\":\"A Diella, Un Rappeur Ouvre Un Studio Pour Participer \u00c0 L\u2019\u00c9closion De Jeunes Talents - APIE NEWS\",\"isPartOf\":{\"@id\":\"https:\/\/appsaf.apieproject.com\/news\/#website\"},\"primaryImageOfPage\":{\"@id\":\"https:\/\/appsaf.apieproject.com\/news\/fr\/2023\/12\/17\/a-diella-un-rappeur-ouvre-un-studio-pour-participer-a-leclosion-de-jeunes-talents\/#primaryimage\"},\"image\":{\"@id\":\"https:\/\/appsaf.apieproject.com\/news\/fr\/2023\/12\/17\/a-diella-un-rappeur-ouvre-un-studio-pour-participer-a-leclosion-de-jeunes-talents\/#primaryimage\"},\"thumbnailUrl\":\"https:\/\/appsaf.apieproject.com\/news\/wp-content\/uploads\/sites\/29\/2023\/12\/Screenshot_20231215_154204-3767b95253d6119e183755930070fa27.jpg\",\"datePublished\":\"2023-12-17T18:34:09+00:00\",\"dateModified\":\"2023-12-17T18:34:11+00:00\",\"breadcrumb\":{\"@id\":\"https:\/\/appsaf.apieproject.com\/news\/fr\/2023\/12\/17\/a-diella-un-rappeur-ouvre-un-studio-pour-participer-a-leclosion-de-jeunes-talents\/#breadcrumb\"},\"inLanguage\":\"fr-FR\",\"potentialAction\":[{\"@type\":\"ReadAction\",\"target\":[\"https:\/\/appsaf.apieproject.com\/news\/fr\/2023\/12\/17\/a-diella-un-rappeur-ouvre-un-studio-pour-participer-a-leclosion-de-jeunes-talents\/\"]}]},{\"@type\":\"ImageObject\",\"inLanguage\":\"fr-FR\",\"@id\":\"https:\/\/appsaf.apieproject.com\/news\/fr\/2023\/12\/17\/a-diella-un-rappeur-ouvre-un-studio-pour-participer-a-leclosion-de-jeunes-talents\/#primaryimage\",\"url\":\"https:\/\/appsaf.apieproject.com\/news\/wp-content\/uploads\/sites\/29\/2023\/12\/Screenshot_20231215_154204-3767b95253d6119e183755930070fa27.jpg\",\"contentUrl\":\"https:\/\/appsaf.apieproject.com\/news\/wp-content\/uploads\/sites\/29\/2023\/12\/Screenshot_20231215_154204-3767b95253d6119e183755930070fa27.jpg\",\"width\":973,\"height\":573},{\"@type\":\"BreadcrumbList\",\"@id\":\"https:\/\/appsaf.apieproject.com\/news\/fr\/2023\/12\/17\/a-diella-un-rappeur-ouvre-un-studio-pour-participer-a-leclosion-de-jeunes-talents\/#breadcrumb\",\"itemListElement\":[{\"@type\":\"ListItem\",\"position\":1,\"name\":\"Home\",\"item\":\"https:\/\/appsaf.apieproject.com\/news\/fr\/home\/\"},{\"@type\":\"ListItem\",\"position\":2,\"name\":\"A Diella, Un Rappeur Ouvre Un Studio Pour Participer \u00c0 L\u2019\u00c9closion De Jeunes Talents\"}]},{\"@type\":\"WebSite\",\"@id\":\"https:\/\/appsaf.apieproject.com\/news\/#website\",\"url\":\"https:\/\/appsaf.apieproject.com\/news\/\",\"name\":\"APIE NEWS\",\"description\":\"PANAFRICANISM NEWS PORTAL\",\"publisher\":{\"@id\":\"https:\/\/appsaf.apieproject.com\/news\/#organization\"},\"potentialAction\":[{\"@type\":\"SearchAction\",\"target\":{\"@type\":\"EntryPoint\",\"urlTemplate\":\"https:\/\/appsaf.apieproject.com\/news\/?s={search_term_string}\"},\"query-input\":{\"@type\":\"PropertyValueSpecification\",\"valueRequired\":true,\"valueName\":\"search_term_string\"}}],\"inLanguage\":\"fr-FR\"},{\"@type\":\"Organization\",\"@id\":\"https:\/\/appsaf.apieproject.com\/news\/#organization\",\"name\":\"APIE PROJECT\",\"url\":\"https:\/\/appsaf.apieproject.com\/news\/\",\"logo\":{\"@type\":\"ImageObject\",\"inLanguage\":\"fr-FR\",\"@id\":\"https:\/\/appsaf.apieproject.com\/news\/#\/schema\/logo\/image\/\",\"url\":\"https:\/\/appsaf.apieproject.com\/news\/wp-content\/uploads\/sites\/29\/2022\/07\/logo-R-TransparentBackground.png\",\"contentUrl\":\"https:\/\/appsaf.apieproject.com\/news\/wp-content\/uploads\/sites\/29\/2022\/07\/logo-R-TransparentBackground.png\",\"width\":512,\"height\":512,\"caption\":\"APIE PROJECT\"},\"image\":{\"@id\":\"https:\/\/appsaf.apieproject.com\/news\/#\/schema\/logo\/image\/\"},\"sameAs\":[\"https:\/\/facebook.com\/apieproject\",\"https:\/\/x.com\/apieproject\"]},{\"@type\":\"Person\",\"@id\":\"https:\/\/appsaf.apieproject.com\/news\/#\/schema\/person\/399517cac378948cd7b39086f9ddc2a7\",\"name\":\"staff\",\"image\":{\"@type\":\"ImageObject\",\"inLanguage\":\"fr-FR\",\"@id\":\"https:\/\/appsaf.apieproject.com\/news\/#\/schema\/person\/image\/\",\"url\":\"https:\/\/secure.gravatar.com\/avatar\/5386283c5db150efe261184bd59f072a?s=96&d=mm&r=g\",\"contentUrl\":\"https:\/\/secure.gravatar.com\/avatar\/5386283c5db150efe261184bd59f072a?s=96&d=mm&r=g\",\"caption\":\"staff\"},\"url\":\"https:\/\/appsaf.apieproject.com\/news\/fr\/author\/staff\/\"}]}<\/script>\n<!-- \/ Yoast SEO plugin. -->","yoast_head_json":{"title":"A Diella, Un Rappeur Ouvre Un Studio Pour Participer \u00c0 L\u2019\u00c9closion De Jeunes Talents - APIE NEWS","robots":{"index":"index","follow":"follow","max-snippet":"max-snippet:-1","max-image-preview":"max-image-preview:large","max-video-preview":"max-video-preview:-1"},"canonical":"https:\/\/appsaf.apieproject.com\/news\/fr\/2023\/12\/17\/a-diella-un-rappeur-ouvre-un-studio-pour-participer-a-leclosion-de-jeunes-talents\/","og_locale":"fr_FR","og_type":"article","og_title":"A Diella, Un Rappeur Ouvre Un Studio Pour Participer \u00c0 L\u2019\u00c9closion De Jeunes Talents - APIE NEWS","og_description":"Le village de Diella, dans le d\u00e9partement de Kanel (nord), dispose d\u00e9sormais d\u2019un studio de production, \u2018\u2019Palel daande mayo records\u2019\u2019, gr\u00e2ce au musicien et producteur Mody Diacko alias MC Mody, dont l\u2019ambition est de participer \u00e0 l\u2019\u00e9closion de jeunes talents dans la r\u00e9gion de Matam et les localit\u00e9s voisines de la Mauritanie.","og_url":"https:\/\/appsaf.apieproject.com\/news\/fr\/2023\/12\/17\/a-diella-un-rappeur-ouvre-un-studio-pour-participer-a-leclosion-de-jeunes-talents\/","og_site_name":"APIE NEWS","article_publisher":"https:\/\/facebook.com\/apieproject","article_published_time":"2023-12-17T18:34:09+00:00","article_modified_time":"2023-12-17T18:34:11+00:00","og_image":[{"width":973,"height":573,"url":"https:\/\/appsaf.apieproject.com\/news\/wp-content\/uploads\/sites\/29\/2023\/12\/Screenshot_20231215_154204-3767b95253d6119e183755930070fa27.jpg","type":"image\/jpeg"}],"author":"staff","twitter_card":"summary_large_image","twitter_creator":"@apieproject","twitter_site":"@apieproject","twitter_misc":{"\u00c9crit par":"staff","Dur\u00e9e de lecture estim\u00e9e":"4 minutes"},"schema":{"@context":"https:\/\/schema.org","@graph":[{"@type":"Article","@id":"https:\/\/appsaf.apieproject.com\/news\/fr\/2023\/12\/17\/a-diella-un-rappeur-ouvre-un-studio-pour-participer-a-leclosion-de-jeunes-talents\/#article","isPartOf":{"@id":"https:\/\/appsaf.apieproject.com\/news\/fr\/2023\/12\/17\/a-diella-un-rappeur-ouvre-un-studio-pour-participer-a-leclosion-de-jeunes-talents\/"},"author":{"name":"staff","@id":"https:\/\/appsaf.apieproject.com\/news\/#\/schema\/person\/399517cac378948cd7b39086f9ddc2a7"},"headline":"A Diella, Un Rappeur Ouvre Un Studio Pour Participer \u00c0 L\u2019\u00c9closion De Jeunes Talents","datePublished":"2023-12-17T18:34:09+00:00","dateModified":"2023-12-17T18:34:11+00:00","mainEntityOfPage":{"@id":"https:\/\/appsaf.apieproject.com\/news\/fr\/2023\/12\/17\/a-diella-un-rappeur-ouvre-un-studio-pour-participer-a-leclosion-de-jeunes-talents\/"},"wordCount":797,"commentCount":0,"publisher":{"@id":"https:\/\/appsaf.apieproject.com\/news\/#organization"},"image":{"@id":"https:\/\/appsaf.apieproject.com\/news\/fr\/2023\/12\/17\/a-diella-un-rappeur-ouvre-un-studio-pour-participer-a-leclosion-de-jeunes-talents\/#primaryimage"},"thumbnailUrl":"https:\/\/appsaf.apieproject.com\/news\/wp-content\/uploads\/sites\/29\/2023\/12\/Screenshot_20231215_154204-3767b95253d6119e183755930070fa27.jpg","keywords":["apie project","divertissement","musique"],"articleSection":["Divertissement","Musique"],"inLanguage":"fr-FR","potentialAction":[{"@type":"CommentAction","name":"Comment","target":["https:\/\/appsaf.apieproject.com\/news\/fr\/2023\/12\/17\/a-diella-un-rappeur-ouvre-un-studio-pour-participer-a-leclosion-de-jeunes-talents\/#respond"]}]},{"@type":"WebPage","@id":"https:\/\/appsaf.apieproject.com\/news\/fr\/2023\/12\/17\/a-diella-un-rappeur-ouvre-un-studio-pour-participer-a-leclosion-de-jeunes-talents\/","url":"https:\/\/appsaf.apieproject.com\/news\/fr\/2023\/12\/17\/a-diella-un-rappeur-ouvre-un-studio-pour-participer-a-leclosion-de-jeunes-talents\/","name":"A Diella, Un Rappeur Ouvre Un Studio Pour Participer \u00c0 L\u2019\u00c9closion De Jeunes Talents - APIE NEWS","isPartOf":{"@id":"https:\/\/appsaf.apieproject.com\/news\/#website"},"primaryImageOfPage":{"@id":"https:\/\/appsaf.apieproject.com\/news\/fr\/2023\/12\/17\/a-diella-un-rappeur-ouvre-un-studio-pour-participer-a-leclosion-de-jeunes-talents\/#primaryimage"},"image":{"@id":"https:\/\/appsaf.apieproject.com\/news\/fr\/2023\/12\/17\/a-diella-un-rappeur-ouvre-un-studio-pour-participer-a-leclosion-de-jeunes-talents\/#primaryimage"},"thumbnailUrl":"https:\/\/appsaf.apieproject.com\/news\/wp-content\/uploads\/sites\/29\/2023\/12\/Screenshot_20231215_154204-3767b95253d6119e183755930070fa27.jpg","datePublished":"2023-12-17T18:34:09+00:00","dateModified":"2023-12-17T18:34:11+00:00","breadcrumb":{"@id":"https:\/\/appsaf.apieproject.com\/news\/fr\/2023\/12\/17\/a-diella-un-rappeur-ouvre-un-studio-pour-participer-a-leclosion-de-jeunes-talents\/#breadcrumb"},"inLanguage":"fr-FR","potentialAction":[{"@type":"ReadAction","target":["https:\/\/appsaf.apieproject.com\/news\/fr\/2023\/12\/17\/a-diella-un-rappeur-ouvre-un-studio-pour-participer-a-leclosion-de-jeunes-talents\/"]}]},{"@type":"ImageObject","inLanguage":"fr-FR","@id":"https:\/\/appsaf.apieproject.com\/news\/fr\/2023\/12\/17\/a-diella-un-rappeur-ouvre-un-studio-pour-participer-a-leclosion-de-jeunes-talents\/#primaryimage","url":"https:\/\/appsaf.apieproject.com\/news\/wp-content\/uploads\/sites\/29\/2023\/12\/Screenshot_20231215_154204-3767b95253d6119e183755930070fa27.jpg","contentUrl":"https:\/\/appsaf.apieproject.com\/news\/wp-content\/uploads\/sites\/29\/2023\/12\/Screenshot_20231215_154204-3767b95253d6119e183755930070fa27.jpg","width":973,"height":573},{"@type":"BreadcrumbList","@id":"https:\/\/appsaf.apieproject.com\/news\/fr\/2023\/12\/17\/a-diella-un-rappeur-ouvre-un-studio-pour-participer-a-leclosion-de-jeunes-talents\/#breadcrumb","itemListElement":[{"@type":"ListItem","position":1,"name":"Home","item":"https:\/\/appsaf.apieproject.com\/news\/fr\/home\/"},{"@type":"ListItem","position":2,"name":"A Diella, Un Rappeur Ouvre Un Studio Pour Participer \u00c0 L\u2019\u00c9closion De Jeunes Talents"}]},{"@type":"WebSite","@id":"https:\/\/appsaf.apieproject.com\/news\/#website","url":"https:\/\/appsaf.apieproject.com\/news\/","name":"APIE NEWS","description":"PANAFRICANISM NEWS PORTAL","publisher":{"@id":"https:\/\/appsaf.apieproject.com\/news\/#organization"},"potentialAction":[{"@type":"SearchAction","target":{"@type":"EntryPoint","urlTemplate":"https:\/\/appsaf.apieproject.com\/news\/?s={search_term_string}"},"query-input":{"@type":"PropertyValueSpecification","valueRequired":true,"valueName":"search_term_string"}}],"inLanguage":"fr-FR"},{"@type":"Organization","@id":"https:\/\/appsaf.apieproject.com\/news\/#organization","name":"APIE PROJECT","url":"https:\/\/appsaf.apieproject.com\/news\/","logo":{"@type":"ImageObject","inLanguage":"fr-FR","@id":"https:\/\/appsaf.apieproject.com\/news\/#\/schema\/logo\/image\/","url":"https:\/\/appsaf.apieproject.com\/news\/wp-content\/uploads\/sites\/29\/2022\/07\/logo-R-TransparentBackground.png","contentUrl":"https:\/\/appsaf.apieproject.com\/news\/wp-content\/uploads\/sites\/29\/2022\/07\/logo-R-TransparentBackground.png","width":512,"height":512,"caption":"APIE PROJECT"},"image":{"@id":"https:\/\/appsaf.apieproject.com\/news\/#\/schema\/logo\/image\/"},"sameAs":["https:\/\/facebook.com\/apieproject","https:\/\/x.com\/apieproject"]},{"@type":"Person","@id":"https:\/\/appsaf.apieproject.com\/news\/#\/schema\/person\/399517cac378948cd7b39086f9ddc2a7","name":"staff","image":{"@type":"ImageObject","inLanguage":"fr-FR","@id":"https:\/\/appsaf.apieproject.com\/news\/#\/schema\/person\/image\/","url":"https:\/\/secure.gravatar.com\/avatar\/5386283c5db150efe261184bd59f072a?s=96&d=mm&r=g","contentUrl":"https:\/\/secure.gravatar.com\/avatar\/5386283c5db150efe261184bd59f072a?s=96&d=mm&r=g","caption":"staff"},"url":"https:\/\/appsaf.apieproject.com\/news\/fr\/author\/staff\/"}]}},"_links":{"self":[{"href":"https:\/\/appsaf.apieproject.com\/news\/fr\/wp-json\/wp\/v2\/posts\/37993","targetHints":{"allow":["GET"]}}],"collection":[{"href":"https:\/\/appsaf.apieproject.com\/news\/fr\/wp-json\/wp\/v2\/posts"}],"about":[{"href":"https:\/\/appsaf.apieproject.com\/news\/fr\/wp-json\/wp\/v2\/types\/post"}],"author":[{"embeddable":true,"href":"https:\/\/appsaf.apieproject.com\/news\/fr\/wp-json\/wp\/v2\/users\/12963"}],"replies":[{"embeddable":true,"href":"https:\/\/appsaf.apieproject.com\/news\/fr\/wp-json\/wp\/v2\/comments?post=37993"}],"version-history":[{"count":1,"href":"https:\/\/appsaf.apieproject.com\/news\/fr\/wp-json\/wp\/v2\/posts\/37993\/revisions"}],"predecessor-version":[{"id":38057,"href":"https:\/\/appsaf.apieproject.com\/news\/fr\/wp-json\/wp\/v2\/posts\/37993\/revisions\/38057"}],"wp:featuredmedia":[{"embeddable":true,"href":"https:\/\/appsaf.apieproject.com\/news\/fr\/wp-json\/wp\/v2\/media\/37990"}],"wp:attachment":[{"href":"https:\/\/appsaf.apieproject.com\/news\/fr\/wp-json\/wp\/v2\/media?parent=37993"}],"wp:term":[{"taxonomy":"category","embeddable":true,"href":"https:\/\/appsaf.apieproject.com\/news\/fr\/wp-json\/wp\/v2\/categories?post=37993"},{"taxonomy":"post_tag","embeddable":true,"href":"https:\/\/appsaf.apieproject.com\/news\/fr\/wp-json\/wp\/v2\/tags?post=37993"}],"curies":[{"name":"wp","href":"https:\/\/api.w.org\/{rel}","templated":true}]}}