{"id":38009,"date":"2023-12-17T18:46:16","date_gmt":"2023-12-17T18:46:16","guid":{"rendered":"https:\/\/appsaf.apieproject.com\/news\/?p=38009"},"modified":"2023-12-17T18:46:18","modified_gmt":"2023-12-17T18:46:18","slug":"senegal-la-mode-durable-au-coeur-de-la-dakar-fashion-week","status":"publish","type":"post","link":"https:\/\/appsaf.apieproject.com\/news\/fr\/2023\/12\/17\/senegal-la-mode-durable-au-coeur-de-la-dakar-fashion-week\/","title":{"rendered":"S\u00e9n\u00e9gal : La \u00ab\u00a0Mode Durable\u00a0\u00bb Au C\u0153ur De La Dakar Fashion Week"},"content":{"rendered":"<p>Si les cr\u00e9ateurs ont toujours choisi librement leurs th\u00e8mes, cette ann\u00e9e cependant, le recyclage est au c\u0153ur de ce rendez-vous face \u00e0 la prolif\u00e9ration des d\u00e9chets plastiques. L\u2019accent a donc \u00e9t\u00e9 mis sur la \u2018\u2019 mode durable\u2019\u2019.<\/p>\n<p>\u00ab\u00a0La nouveaut\u00e9 cette ann\u00e9e, c&rsquo;est qu&rsquo;on a&#8230; durant Dakar Fashion Week depuis quatre ou cinq ans maintenant, on aide les cr\u00e9ateurs qui font de la mode durable, sustainable, du recyclage. Et cette ann\u00e9e, leur collectif va d\u00e9filer pour le grand d\u00e9fil\u00e9, donc je suis tr\u00e8s fier d&rsquo;eux. Et puis, bien \u00e9videmment, l&rsquo;innovation, c&rsquo;est toujours les cr\u00e9ateurs, ils sont toujours innovants, nouveaux. On a Angola, C\u00f4te d&rsquo;Ivoire, Afrique du Sud, Congo, on a beaucoup de nationalit\u00e9s. Je suis tr\u00e8s contente de cette diversit\u00e9.\u00a0\u00bb, a expliqu\u00e9 Adama Ndiaye, organisatrice de la Dakar Fashion Week.<\/p>\n<p>La Dakar Fashion Week se veut une plateforme pour promouvoir et c\u00e9l\u00e9brer la cr\u00e9ativit\u00e9 africaine dans le domaine de la mode. Le secteur se porte comme charme, nonobstant l&rsquo;\u00e9ternel d\u00e9ficit de soutien financier.<\/p>\n<p>\u00ab\u00a0La mode africaine se porte tr\u00e8s bien, elle a juste besoin d&rsquo;un peu plus d&rsquo;argent. Elle a besoin d&rsquo;investissements, elle a besoin de fonds. Mais pour ce qui est de la cr\u00e9ativit\u00e9, c&rsquo;est l\u00e0, vous pouvez le voir chaque ann\u00e9e, \u00e7a brille de 1000 feux. Mais on est en train de travailler dessus. On est en train de le structurer. On est en train de faire le n\u00e9cessaire et nous-m\u00eame on va s&rsquo;organiser pour nous-m\u00eames, mettre notre argent et aider les n\u00f4tres, \u00e0 l&rsquo;aide de partenaires qui croient en cette mode et en cette jeunesse foisonnante.\u00a0\u00bb, rassure l&rsquo;organisatrice de la Dakar Fashion Week.<\/p>\n<p>Elle met en exergue la diversit\u00e9 des talents \u00e9mergents. Un soutien \u00e0 la nouvelle g\u00e9n\u00e9ration reconnu \u00e0 sa juste valeur. q<\/p>\n<p>\u00ab\u00a0Adama a vraiment mis en avant les jeunes cr\u00e9ateurs du S\u00e9n\u00e9gal. En fait, elle a l&rsquo;habitude de dire qu&rsquo;il n&rsquo;y a pas de jeunes cr\u00e9ateurs, tous les cr\u00e9ateurs sont des grands cr\u00e9ateurs, mais en fait, ce sont des cr\u00e9ateurs qui n&rsquo;avaient pas l&rsquo;opportunit\u00e9 d&rsquo;\u00eatre connus, mais qu&rsquo;ils ont un talent que tout le monde peut voir \u00e0 travers leurs r\u00e9alisations.\u00a0\u00bb, reconnait Massamba Ndiongue, styliste s\u00e9n\u00e9galais.<\/p>\n<p>Le jeu vaut sans nul doute cette chandelle. Et pour cause, la nouvelle g\u00e9n\u00e9ration incarnant l&rsquo;avenir de la mode africaine.<\/p>\n","protected":false},"excerpt":{"rendered":"<p>La 21 e \u00e9dition de la Dakar Fashion Week, rendez-Vous incontournable des passionn\u00e9s de la mode sur le continent et \u00e0 l&rsquo;\u00e9tranger s&rsquo;est d\u00e9rouler dans la capitale s\u00e9n\u00e9galaise du 7 d\u00e9cembre.<\/p>\n","protected":false},"author":12963,"featured_media":38006,"comment_status":"open","ping_status":"open","sticky":false,"template":"","format":"standard","meta":{"footnotes":""},"categories":[57,63],"tags":[78,95,94],"class_list":{"0":"post-38009","1":"post","2":"type-post","3":"status-publish","4":"format-standard","5":"has-post-thumbnail","7":"category-mode","8":"category-mode-de-vie","9":"tag-apie-project-2","10":"tag-mode","11":"tag-mode-de-vie"},"yoast_head":"<!-- This site is optimized with the Yoast SEO plugin v24.4 - https:\/\/yoast.com\/wordpress\/plugins\/seo\/ -->\n<title>S\u00e9n\u00e9gal : La &quot;Mode Durable&quot; Au C\u0153ur De La Dakar Fashion Week - APIE NEWS<\/title>\n<meta name=\"robots\" content=\"index, follow, max-snippet:-1, max-image-preview:large, max-video-preview:-1\" \/>\n<link rel=\"canonical\" href=\"https:\/\/appsaf.apieproject.com\/news\/fr\/2023\/12\/17\/senegal-la-mode-durable-au-coeur-de-la-dakar-fashion-week\/\" \/>\n<meta property=\"og:locale\" content=\"fr_FR\" \/>\n<meta property=\"og:type\" content=\"article\" \/>\n<meta property=\"og:title\" content=\"S\u00e9n\u00e9gal : La &quot;Mode Durable&quot; Au C\u0153ur De La Dakar Fashion Week - APIE NEWS\" \/>\n<meta property=\"og:description\" content=\"La 21 e \u00e9dition de la Dakar Fashion Week, rendez-Vous incontournable des passionn\u00e9s de la mode sur le continent et \u00e0 l&#039;\u00e9tranger s&#039;est d\u00e9rouler dans la capitale s\u00e9n\u00e9galaise du 7 d\u00e9cembre.\" \/>\n<meta property=\"og:url\" content=\"https:\/\/appsaf.apieproject.com\/news\/fr\/2023\/12\/17\/senegal-la-mode-durable-au-coeur-de-la-dakar-fashion-week\/\" \/>\n<meta property=\"og:site_name\" content=\"APIE NEWS\" \/>\n<meta property=\"article:publisher\" content=\"https:\/\/facebook.com\/apieproject\" \/>\n<meta property=\"article:published_time\" content=\"2023-12-17T18:46:16+00:00\" \/>\n<meta property=\"article:modified_time\" content=\"2023-12-17T18:46:18+00:00\" \/>\n<meta property=\"og:image\" content=\"https:\/\/appsaf.apieproject.com\/news\/wp-content\/uploads\/sites\/29\/2023\/12\/400x225_cmsv2_db6017aa-365d-5ca0-991a-db84909bd71a-8099218-a762c10f934c84149bf0dc2b91609cf1.jpg\" \/>\n\t<meta property=\"og:image:width\" content=\"400\" \/>\n\t<meta property=\"og:image:height\" content=\"225\" \/>\n\t<meta property=\"og:image:type\" content=\"image\/jpeg\" \/>\n<meta name=\"author\" content=\"staff\" \/>\n<meta name=\"twitter:card\" content=\"summary_large_image\" \/>\n<meta name=\"twitter:creator\" content=\"@apieproject\" \/>\n<meta name=\"twitter:site\" content=\"@apieproject\" \/>\n<meta name=\"twitter:label1\" content=\"\u00c9crit par\" \/>\n\t<meta name=\"twitter:data1\" content=\"staff\" \/>\n\t<meta name=\"twitter:label2\" content=\"Dur\u00e9e de lecture estim\u00e9e\" \/>\n\t<meta name=\"twitter:data2\" content=\"2 minutes\" \/>\n<script type=\"application\/ld+json\" class=\"yoast-schema-graph\">{\"@context\":\"https:\/\/schema.org\",\"@graph\":[{\"@type\":\"Article\",\"@id\":\"https:\/\/appsaf.apieproject.com\/news\/fr\/2023\/12\/17\/senegal-la-mode-durable-au-coeur-de-la-dakar-fashion-week\/#article\",\"isPartOf\":{\"@id\":\"https:\/\/appsaf.apieproject.com\/news\/fr\/2023\/12\/17\/senegal-la-mode-durable-au-coeur-de-la-dakar-fashion-week\/\"},\"author\":{\"name\":\"staff\",\"@id\":\"https:\/\/appsaf.apieproject.com\/news\/#\/schema\/person\/399517cac378948cd7b39086f9ddc2a7\"},\"headline\":\"S\u00e9n\u00e9gal : La \u00ab\u00a0Mode Durable\u00a0\u00bb Au C\u0153ur De La Dakar Fashion Week\",\"datePublished\":\"2023-12-17T18:46:16+00:00\",\"dateModified\":\"2023-12-17T18:46:18+00:00\",\"mainEntityOfPage\":{\"@id\":\"https:\/\/appsaf.apieproject.com\/news\/fr\/2023\/12\/17\/senegal-la-mode-durable-au-coeur-de-la-dakar-fashion-week\/\"},\"wordCount\":442,\"commentCount\":0,\"publisher\":{\"@id\":\"https:\/\/appsaf.apieproject.com\/news\/#organization\"},\"image\":{\"@id\":\"https:\/\/appsaf.apieproject.com\/news\/fr\/2023\/12\/17\/senegal-la-mode-durable-au-coeur-de-la-dakar-fashion-week\/#primaryimage\"},\"thumbnailUrl\":\"https:\/\/appsaf.apieproject.com\/news\/wp-content\/uploads\/sites\/29\/2023\/12\/400x225_cmsv2_db6017aa-365d-5ca0-991a-db84909bd71a-8099218-a762c10f934c84149bf0dc2b91609cf1.jpg\",\"keywords\":[\"apie project\",\"mode\",\"mode de vie\"],\"articleSection\":[\"Mode\",\"Mode de Vie\"],\"inLanguage\":\"fr-FR\",\"potentialAction\":[{\"@type\":\"CommentAction\",\"name\":\"Comment\",\"target\":[\"https:\/\/appsaf.apieproject.com\/news\/fr\/2023\/12\/17\/senegal-la-mode-durable-au-coeur-de-la-dakar-fashion-week\/#respond\"]}]},{\"@type\":\"WebPage\",\"@id\":\"https:\/\/appsaf.apieproject.com\/news\/fr\/2023\/12\/17\/senegal-la-mode-durable-au-coeur-de-la-dakar-fashion-week\/\",\"url\":\"https:\/\/appsaf.apieproject.com\/news\/fr\/2023\/12\/17\/senegal-la-mode-durable-au-coeur-de-la-dakar-fashion-week\/\",\"name\":\"S\u00e9n\u00e9gal : La \\\"Mode Durable\\\" Au C\u0153ur De La Dakar Fashion Week - APIE NEWS\",\"isPartOf\":{\"@id\":\"https:\/\/appsaf.apieproject.com\/news\/#website\"},\"primaryImageOfPage\":{\"@id\":\"https:\/\/appsaf.apieproject.com\/news\/fr\/2023\/12\/17\/senegal-la-mode-durable-au-coeur-de-la-dakar-fashion-week\/#primaryimage\"},\"image\":{\"@id\":\"https:\/\/appsaf.apieproject.com\/news\/fr\/2023\/12\/17\/senegal-la-mode-durable-au-coeur-de-la-dakar-fashion-week\/#primaryimage\"},\"thumbnailUrl\":\"https:\/\/appsaf.apieproject.com\/news\/wp-content\/uploads\/sites\/29\/2023\/12\/400x225_cmsv2_db6017aa-365d-5ca0-991a-db84909bd71a-8099218-a762c10f934c84149bf0dc2b91609cf1.jpg\",\"datePublished\":\"2023-12-17T18:46:16+00:00\",\"dateModified\":\"2023-12-17T18:46:18+00:00\",\"breadcrumb\":{\"@id\":\"https:\/\/appsaf.apieproject.com\/news\/fr\/2023\/12\/17\/senegal-la-mode-durable-au-coeur-de-la-dakar-fashion-week\/#breadcrumb\"},\"inLanguage\":\"fr-FR\",\"potentialAction\":[{\"@type\":\"ReadAction\",\"target\":[\"https:\/\/appsaf.apieproject.com\/news\/fr\/2023\/12\/17\/senegal-la-mode-durable-au-coeur-de-la-dakar-fashion-week\/\"]}]},{\"@type\":\"ImageObject\",\"inLanguage\":\"fr-FR\",\"@id\":\"https:\/\/appsaf.apieproject.com\/news\/fr\/2023\/12\/17\/senegal-la-mode-durable-au-coeur-de-la-dakar-fashion-week\/#primaryimage\",\"url\":\"https:\/\/appsaf.apieproject.com\/news\/wp-content\/uploads\/sites\/29\/2023\/12\/400x225_cmsv2_db6017aa-365d-5ca0-991a-db84909bd71a-8099218-a762c10f934c84149bf0dc2b91609cf1.jpg\",\"contentUrl\":\"https:\/\/appsaf.apieproject.com\/news\/wp-content\/uploads\/sites\/29\/2023\/12\/400x225_cmsv2_db6017aa-365d-5ca0-991a-db84909bd71a-8099218-a762c10f934c84149bf0dc2b91609cf1.jpg\",\"width\":400,\"height\":225},{\"@type\":\"BreadcrumbList\",\"@id\":\"https:\/\/appsaf.apieproject.com\/news\/fr\/2023\/12\/17\/senegal-la-mode-durable-au-coeur-de-la-dakar-fashion-week\/#breadcrumb\",\"itemListElement\":[{\"@type\":\"ListItem\",\"position\":1,\"name\":\"Home\",\"item\":\"https:\/\/appsaf.apieproject.com\/news\/fr\/home\/\"},{\"@type\":\"ListItem\",\"position\":2,\"name\":\"S\u00e9n\u00e9gal : La &#8220;Mode Durable&#8221; Au C\u0153ur De La Dakar Fashion Week\"}]},{\"@type\":\"WebSite\",\"@id\":\"https:\/\/appsaf.apieproject.com\/news\/#website\",\"url\":\"https:\/\/appsaf.apieproject.com\/news\/\",\"name\":\"APIE NEWS\",\"description\":\"PANAFRICANISM NEWS PORTAL\",\"publisher\":{\"@id\":\"https:\/\/appsaf.apieproject.com\/news\/#organization\"},\"potentialAction\":[{\"@type\":\"SearchAction\",\"target\":{\"@type\":\"EntryPoint\",\"urlTemplate\":\"https:\/\/appsaf.apieproject.com\/news\/?s={search_term_string}\"},\"query-input\":{\"@type\":\"PropertyValueSpecification\",\"valueRequired\":true,\"valueName\":\"search_term_string\"}}],\"inLanguage\":\"fr-FR\"},{\"@type\":\"Organization\",\"@id\":\"https:\/\/appsaf.apieproject.com\/news\/#organization\",\"name\":\"APIE PROJECT\",\"url\":\"https:\/\/appsaf.apieproject.com\/news\/\",\"logo\":{\"@type\":\"ImageObject\",\"inLanguage\":\"fr-FR\",\"@id\":\"https:\/\/appsaf.apieproject.com\/news\/#\/schema\/logo\/image\/\",\"url\":\"https:\/\/appsaf.apieproject.com\/news\/wp-content\/uploads\/sites\/29\/2022\/07\/logo-R-TransparentBackground.png\",\"contentUrl\":\"https:\/\/appsaf.apieproject.com\/news\/wp-content\/uploads\/sites\/29\/2022\/07\/logo-R-TransparentBackground.png\",\"width\":512,\"height\":512,\"caption\":\"APIE PROJECT\"},\"image\":{\"@id\":\"https:\/\/appsaf.apieproject.com\/news\/#\/schema\/logo\/image\/\"},\"sameAs\":[\"https:\/\/facebook.com\/apieproject\",\"https:\/\/x.com\/apieproject\"]},{\"@type\":\"Person\",\"@id\":\"https:\/\/appsaf.apieproject.com\/news\/#\/schema\/person\/399517cac378948cd7b39086f9ddc2a7\",\"name\":\"staff\",\"image\":{\"@type\":\"ImageObject\",\"inLanguage\":\"fr-FR\",\"@id\":\"https:\/\/appsaf.apieproject.com\/news\/#\/schema\/person\/image\/\",\"url\":\"https:\/\/secure.gravatar.com\/avatar\/5386283c5db150efe261184bd59f072a?s=96&d=mm&r=g\",\"contentUrl\":\"https:\/\/secure.gravatar.com\/avatar\/5386283c5db150efe261184bd59f072a?s=96&d=mm&r=g\",\"caption\":\"staff\"},\"url\":\"https:\/\/appsaf.apieproject.com\/news\/fr\/author\/staff\/\"}]}<\/script>\n<!-- \/ Yoast SEO plugin. -->","yoast_head_json":{"title":"S\u00e9n\u00e9gal : La \"Mode Durable\" Au C\u0153ur De La Dakar Fashion Week - APIE NEWS","robots":{"index":"index","follow":"follow","max-snippet":"max-snippet:-1","max-image-preview":"max-image-preview:large","max-video-preview":"max-video-preview:-1"},"canonical":"https:\/\/appsaf.apieproject.com\/news\/fr\/2023\/12\/17\/senegal-la-mode-durable-au-coeur-de-la-dakar-fashion-week\/","og_locale":"fr_FR","og_type":"article","og_title":"S\u00e9n\u00e9gal : La \"Mode Durable\" Au C\u0153ur De La Dakar Fashion Week - APIE NEWS","og_description":"La 21 e \u00e9dition de la Dakar Fashion Week, rendez-Vous incontournable des passionn\u00e9s de la mode sur le continent et \u00e0 l'\u00e9tranger s'est d\u00e9rouler dans la capitale s\u00e9n\u00e9galaise du 7 d\u00e9cembre.","og_url":"https:\/\/appsaf.apieproject.com\/news\/fr\/2023\/12\/17\/senegal-la-mode-durable-au-coeur-de-la-dakar-fashion-week\/","og_site_name":"APIE NEWS","article_publisher":"https:\/\/facebook.com\/apieproject","article_published_time":"2023-12-17T18:46:16+00:00","article_modified_time":"2023-12-17T18:46:18+00:00","og_image":[{"width":400,"height":225,"url":"https:\/\/appsaf.apieproject.com\/news\/wp-content\/uploads\/sites\/29\/2023\/12\/400x225_cmsv2_db6017aa-365d-5ca0-991a-db84909bd71a-8099218-a762c10f934c84149bf0dc2b91609cf1.jpg","type":"image\/jpeg"}],"author":"staff","twitter_card":"summary_large_image","twitter_creator":"@apieproject","twitter_site":"@apieproject","twitter_misc":{"\u00c9crit par":"staff","Dur\u00e9e de lecture estim\u00e9e":"2 minutes"},"schema":{"@context":"https:\/\/schema.org","@graph":[{"@type":"Article","@id":"https:\/\/appsaf.apieproject.com\/news\/fr\/2023\/12\/17\/senegal-la-mode-durable-au-coeur-de-la-dakar-fashion-week\/#article","isPartOf":{"@id":"https:\/\/appsaf.apieproject.com\/news\/fr\/2023\/12\/17\/senegal-la-mode-durable-au-coeur-de-la-dakar-fashion-week\/"},"author":{"name":"staff","@id":"https:\/\/appsaf.apieproject.com\/news\/#\/schema\/person\/399517cac378948cd7b39086f9ddc2a7"},"headline":"S\u00e9n\u00e9gal : La \u00ab\u00a0Mode Durable\u00a0\u00bb Au C\u0153ur De La Dakar Fashion Week","datePublished":"2023-12-17T18:46:16+00:00","dateModified":"2023-12-17T18:46:18+00:00","mainEntityOfPage":{"@id":"https:\/\/appsaf.apieproject.com\/news\/fr\/2023\/12\/17\/senegal-la-mode-durable-au-coeur-de-la-dakar-fashion-week\/"},"wordCount":442,"commentCount":0,"publisher":{"@id":"https:\/\/appsaf.apieproject.com\/news\/#organization"},"image":{"@id":"https:\/\/appsaf.apieproject.com\/news\/fr\/2023\/12\/17\/senegal-la-mode-durable-au-coeur-de-la-dakar-fashion-week\/#primaryimage"},"thumbnailUrl":"https:\/\/appsaf.apieproject.com\/news\/wp-content\/uploads\/sites\/29\/2023\/12\/400x225_cmsv2_db6017aa-365d-5ca0-991a-db84909bd71a-8099218-a762c10f934c84149bf0dc2b91609cf1.jpg","keywords":["apie project","mode","mode de vie"],"articleSection":["Mode","Mode de Vie"],"inLanguage":"fr-FR","potentialAction":[{"@type":"CommentAction","name":"Comment","target":["https:\/\/appsaf.apieproject.com\/news\/fr\/2023\/12\/17\/senegal-la-mode-durable-au-coeur-de-la-dakar-fashion-week\/#respond"]}]},{"@type":"WebPage","@id":"https:\/\/appsaf.apieproject.com\/news\/fr\/2023\/12\/17\/senegal-la-mode-durable-au-coeur-de-la-dakar-fashion-week\/","url":"https:\/\/appsaf.apieproject.com\/news\/fr\/2023\/12\/17\/senegal-la-mode-durable-au-coeur-de-la-dakar-fashion-week\/","name":"S\u00e9n\u00e9gal : La \"Mode Durable\" Au C\u0153ur De La Dakar Fashion Week - APIE NEWS","isPartOf":{"@id":"https:\/\/appsaf.apieproject.com\/news\/#website"},"primaryImageOfPage":{"@id":"https:\/\/appsaf.apieproject.com\/news\/fr\/2023\/12\/17\/senegal-la-mode-durable-au-coeur-de-la-dakar-fashion-week\/#primaryimage"},"image":{"@id":"https:\/\/appsaf.apieproject.com\/news\/fr\/2023\/12\/17\/senegal-la-mode-durable-au-coeur-de-la-dakar-fashion-week\/#primaryimage"},"thumbnailUrl":"https:\/\/appsaf.apieproject.com\/news\/wp-content\/uploads\/sites\/29\/2023\/12\/400x225_cmsv2_db6017aa-365d-5ca0-991a-db84909bd71a-8099218-a762c10f934c84149bf0dc2b91609cf1.jpg","datePublished":"2023-12-17T18:46:16+00:00","dateModified":"2023-12-17T18:46:18+00:00","breadcrumb":{"@id":"https:\/\/appsaf.apieproject.com\/news\/fr\/2023\/12\/17\/senegal-la-mode-durable-au-coeur-de-la-dakar-fashion-week\/#breadcrumb"},"inLanguage":"fr-FR","potentialAction":[{"@type":"ReadAction","target":["https:\/\/appsaf.apieproject.com\/news\/fr\/2023\/12\/17\/senegal-la-mode-durable-au-coeur-de-la-dakar-fashion-week\/"]}]},{"@type":"ImageObject","inLanguage":"fr-FR","@id":"https:\/\/appsaf.apieproject.com\/news\/fr\/2023\/12\/17\/senegal-la-mode-durable-au-coeur-de-la-dakar-fashion-week\/#primaryimage","url":"https:\/\/appsaf.apieproject.com\/news\/wp-content\/uploads\/sites\/29\/2023\/12\/400x225_cmsv2_db6017aa-365d-5ca0-991a-db84909bd71a-8099218-a762c10f934c84149bf0dc2b91609cf1.jpg","contentUrl":"https:\/\/appsaf.apieproject.com\/news\/wp-content\/uploads\/sites\/29\/2023\/12\/400x225_cmsv2_db6017aa-365d-5ca0-991a-db84909bd71a-8099218-a762c10f934c84149bf0dc2b91609cf1.jpg","width":400,"height":225},{"@type":"BreadcrumbList","@id":"https:\/\/appsaf.apieproject.com\/news\/fr\/2023\/12\/17\/senegal-la-mode-durable-au-coeur-de-la-dakar-fashion-week\/#breadcrumb","itemListElement":[{"@type":"ListItem","position":1,"name":"Home","item":"https:\/\/appsaf.apieproject.com\/news\/fr\/home\/"},{"@type":"ListItem","position":2,"name":"S\u00e9n\u00e9gal : La &#8220;Mode Durable&#8221; Au C\u0153ur De La Dakar Fashion Week"}]},{"@type":"WebSite","@id":"https:\/\/appsaf.apieproject.com\/news\/#website","url":"https:\/\/appsaf.apieproject.com\/news\/","name":"APIE NEWS","description":"PANAFRICANISM NEWS PORTAL","publisher":{"@id":"https:\/\/appsaf.apieproject.com\/news\/#organization"},"potentialAction":[{"@type":"SearchAction","target":{"@type":"EntryPoint","urlTemplate":"https:\/\/appsaf.apieproject.com\/news\/?s={search_term_string}"},"query-input":{"@type":"PropertyValueSpecification","valueRequired":true,"valueName":"search_term_string"}}],"inLanguage":"fr-FR"},{"@type":"Organization","@id":"https:\/\/appsaf.apieproject.com\/news\/#organization","name":"APIE PROJECT","url":"https:\/\/appsaf.apieproject.com\/news\/","logo":{"@type":"ImageObject","inLanguage":"fr-FR","@id":"https:\/\/appsaf.apieproject.com\/news\/#\/schema\/logo\/image\/","url":"https:\/\/appsaf.apieproject.com\/news\/wp-content\/uploads\/sites\/29\/2022\/07\/logo-R-TransparentBackground.png","contentUrl":"https:\/\/appsaf.apieproject.com\/news\/wp-content\/uploads\/sites\/29\/2022\/07\/logo-R-TransparentBackground.png","width":512,"height":512,"caption":"APIE PROJECT"},"image":{"@id":"https:\/\/appsaf.apieproject.com\/news\/#\/schema\/logo\/image\/"},"sameAs":["https:\/\/facebook.com\/apieproject","https:\/\/x.com\/apieproject"]},{"@type":"Person","@id":"https:\/\/appsaf.apieproject.com\/news\/#\/schema\/person\/399517cac378948cd7b39086f9ddc2a7","name":"staff","image":{"@type":"ImageObject","inLanguage":"fr-FR","@id":"https:\/\/appsaf.apieproject.com\/news\/#\/schema\/person\/image\/","url":"https:\/\/secure.gravatar.com\/avatar\/5386283c5db150efe261184bd59f072a?s=96&d=mm&r=g","contentUrl":"https:\/\/secure.gravatar.com\/avatar\/5386283c5db150efe261184bd59f072a?s=96&d=mm&r=g","caption":"staff"},"url":"https:\/\/appsaf.apieproject.com\/news\/fr\/author\/staff\/"}]}},"_links":{"self":[{"href":"https:\/\/appsaf.apieproject.com\/news\/fr\/wp-json\/wp\/v2\/posts\/38009","targetHints":{"allow":["GET"]}}],"collection":[{"href":"https:\/\/appsaf.apieproject.com\/news\/fr\/wp-json\/wp\/v2\/posts"}],"about":[{"href":"https:\/\/appsaf.apieproject.com\/news\/fr\/wp-json\/wp\/v2\/types\/post"}],"author":[{"embeddable":true,"href":"https:\/\/appsaf.apieproject.com\/news\/fr\/wp-json\/wp\/v2\/users\/12963"}],"replies":[{"embeddable":true,"href":"https:\/\/appsaf.apieproject.com\/news\/fr\/wp-json\/wp\/v2\/comments?post=38009"}],"version-history":[{"count":1,"href":"https:\/\/appsaf.apieproject.com\/news\/fr\/wp-json\/wp\/v2\/posts\/38009\/revisions"}],"predecessor-version":[{"id":38064,"href":"https:\/\/appsaf.apieproject.com\/news\/fr\/wp-json\/wp\/v2\/posts\/38009\/revisions\/38064"}],"wp:featuredmedia":[{"embeddable":true,"href":"https:\/\/appsaf.apieproject.com\/news\/fr\/wp-json\/wp\/v2\/media\/38006"}],"wp:attachment":[{"href":"https:\/\/appsaf.apieproject.com\/news\/fr\/wp-json\/wp\/v2\/media?parent=38009"}],"wp:term":[{"taxonomy":"category","embeddable":true,"href":"https:\/\/appsaf.apieproject.com\/news\/fr\/wp-json\/wp\/v2\/categories?post=38009"},{"taxonomy":"post_tag","embeddable":true,"href":"https:\/\/appsaf.apieproject.com\/news\/fr\/wp-json\/wp\/v2\/tags?post=38009"}],"curies":[{"name":"wp","href":"https:\/\/api.w.org\/{rel}","templated":true}]}}