{"id":39195,"date":"2024-06-30T23:18:20","date_gmt":"2024-06-30T23:18:20","guid":{"rendered":"https:\/\/appsaf.apieproject.com\/news\/?p=39195"},"modified":"2024-06-30T23:18:23","modified_gmt":"2024-06-30T23:18:23","slug":"elections-legislatives-2024-en-france","status":"publish","type":"post","link":"https:\/\/appsaf.apieproject.com\/news\/fr\/2024\/06\/30\/elections-legislatives-2024-en-france\/","title":{"rendered":"Elections L\u00e9gislatives 2024 En France"},"content":{"rendered":"\n<p>Ce dimanche 30\u00a0juin, les Fran\u00e7ais et Fran\u00e7aises ont \u00e9t\u00e9 appel\u00e9s aux urnes dans le cadre des \u00e9lections l\u00e9gislatives anticip\u00e9es d\u00e9clench\u00e9es \u00e0 la suite de la dissolution de l&rsquo;Assembl\u00e9e nationale par Emmanuel Macron le 9\u00a0juin dernier.<\/p>\n\n\n\n<p>Apr\u00e8s une campagne \u00e0 vive allure et parsem\u00e9e de rebondissements, les Fran\u00e7ais ont tranch\u00e9. Le Rassemblement national de Jordan Bardella est arriv\u00e9 en t\u00eate de ce premier tour des \u00e9lections l\u00e9gislatives anticip\u00e9es avec 34% des voix. Le Nouveau Front populaire d\u00e9croche quant \u00e0 lui 28,1% des votes. La majorit\u00e9 pr\u00e9sidentielle obtient 20,3% des voix. D\u00e9couvrez les derni\u00e8res informations sur ce scrutin tr\u00e8s important :<\/p>\n\n\n\n<h2 class=\"wp-block-heading\">23h54: Le Premier ministre Gabriel Attal (Ensemble) en t\u00eate dans les Hauts-de-Seine<\/h2>\n\n\n\n<p>Le Premier ministre Gabriel Attal est arriv\u00e9 dimanche en t\u00eate du premier tour des \u00e9lections l\u00e9gislatives anticip\u00e9es dimanche dans les Hauts-de-Seine, selon les r\u00e9sultats partiels du minist\u00e8re de l&rsquo;Int\u00e9rieur.<\/p>\n\n\n\n<p>M. Attal a r\u00e9colt\u00e9 43,93% des suffrages dans la 10e circonscription du d\u00e9partement, devan\u00e7ant de pr\u00e8s de huit points la candidate du Nouveau Front populaire, C\u00e9cile Soubelet, qui a en obtenu 35,64%, selon ces r\u00e9sultats fond\u00e9s sur 92,3% des bulletins d\u00e9pouill\u00e9s.<\/p>\n\n\n\n<h2 class=\"wp-block-heading\">22h21 : Elisabeth Borne (Ensemble) deuxi\u00e8me derri\u00e8re le candidat RN<\/h2>\n\n\n\n<p>L&rsquo;ancienne Premi\u00e8re ministre Elisabeth Borne (Ensemble) est arriv\u00e9e en deuxi\u00e8me position derri\u00e8re le candidat RN Nicolas Calbrix, selon des r\u00e9sultats d\u00e9finitifs du minist\u00e8re de l&rsquo;Int\u00e9rieur.<\/p>\n\n\n\n<p>Elisabeth Borne s&rsquo;est qualifi\u00e9e pour le deuxi\u00e8me tour des \u00e9lections l\u00e9gislatives avec 28,93% des voix, derri\u00e8re le candidat du RN (36,26%). Le candidat NFP No\u00e9 Gauchard est arriv\u00e9 troisi\u00e8me avec 23,16% des suffrages exprim\u00e9s.<\/p>\n\n\n\n<p>En 2022, la d\u00e9put\u00e9e sortante ne s&rsquo;en \u00e9tait sortie qu&rsquo;avec 52,5% devant le jeune candidat insoumis avant d&rsquo;entrer \u00e0 Matignon.<\/p>\n\n\n\n<h2 class=\"wp-block-heading\">22h16 : \u00ab\u00a0Pas une voix ne doit aller\u00a0\u00bb \u00e0 l&rsquo;extr\u00eame droite, clame le Premier ministre Gabriel Attal<\/h2>\n\n\n\n<p>\u00ab\u00a0Pas une voix ne doit aller\u00a0\u00bb \u00e0 l&rsquo;extr\u00eame droite, a clam\u00e9 le Premier ministre lors d&rsquo;une d\u00e9claration \u00e0 la presse.<\/p>\n\n\n\n<p>\u00ab\u00a0La le\u00e7on de ce soir, c&rsquo;est que l&rsquo;extr\u00eame droite est aux portes du pouvoir\u00a0\u00bb et \u00ab\u00a0donc notre objectif est clair: emp\u00eacher le Rassemblement national d&rsquo;avoir une majorit\u00e9 absolue au second tour\u00a0\u00bb, a-t-il d\u00e9clar\u00e9. Il a appel\u00e9 au \u00ab\u00a0d\u00e9sistement de nos candidats dont le maintien en troisi\u00e8me position aurait fait \u00e9lire un d\u00e9put\u00e9 Rassemblement national face \u00e0 un autre candidat qui d\u00e9fend comme nous les valeurs de la R\u00e9publique\u00a0\u00bb.<\/p>\n\n\n\n<h2 class=\"wp-block-heading\">21h54: Marion Mar\u00e9chal appelle les candidats LR \u00e0 se d\u00e9sister au second tour<\/h2>\n\n\n\n<p>L&rsquo;eurod\u00e9put\u00e9e ex-Reconqu\u00eate Marion Mar\u00e9chal, alli\u00e9e au Rassemblement national, a estim\u00e9 dimanche que la majorit\u00e9 absolue \u00e9tait \u00ab\u00a0possible\u00a0\u00bb mais \u00ab\u00a0pas encore acquise\u00a0\u00bb, et appel\u00e9 les candidats de droite \u00e0 faire barrage \u00e0 la \u00ab\u00a0coalition d&rsquo;extr\u00eame gauche\u00a0\u00bb.<\/p>\n\n\n\n<p>\u00ab\u00a0Il y a aujourd&rsquo;hui des candidats LR qui vont pouvoir se maintenir au second tour, des candidats LR qui n&rsquo;ont pas voulu faire l&rsquo;union au premier tour. Il est de leur responsabilit\u00e9 de ne pas se maintenir \u00e0 l&rsquo;occasion de ce deuxi\u00e8me tour pour ne pas risquer (&#8230;) de favoriser et de faire le lit, aujourd&rsquo;hui, de cette coalition d&rsquo;extr\u00eame gauche\u00a0\u00bb, a-t-elle dit sur BFMTV.<\/p>\n\n\n\n<h2 class=\"wp-block-heading\">21h28: Glucksmann veut \u00e9viter \u00ab\u00a0une catastrophe\u00a0\u00bb<\/h2>\n\n\n\n<p>Rapha\u00ebl Glucksmann a \u00e0 son tour appel\u00e9 les candidats de son parti arriv\u00e9s en troisi\u00e8me position \u00e0 se retirer pour faire barrage au RN. \u00ab\u00a0Nous avons sept jours pour \u00e9viter \u00e0 la France une catastrophe\u00a0\u00bb, a-t-il lanc\u00e9.<\/p>\n\n\n\n<h2 class=\"wp-block-heading\">21h20: Fran\u00e7ois Hollande tacle Emmanuel Macron<\/h2>\n\n\n\n<p>L&rsquo;ancien pr\u00e9sident de la R\u00e9publique Fran\u00e7ois Hollande a pris la parole dans la soir\u00e9e. Il en a profit\u00e9 pour tacler son successeur Emmanuel Macron. \u00ab\u00a0Le pr\u00e9sident de la R\u00e9publique para\u00eet effac\u00e9. La majorit\u00e9 est en lambeaux\u00a0\u00bb, a-t-il lanc\u00e9. Il s&rsquo;est \u00e9galement \u00e9tonn\u00e9 face aux discours du RN de ce dimanche soir. Marine Le Pen et Jordan Bardella parlent \u00ab\u00a0comme s&rsquo;ils avaient d\u00e9j\u00e0 gagn\u00e9\u00a0\u00bb, selon Hollande.<\/p>\n\n\n\n<h2 class=\"wp-block-heading\">21h13: le RN obtiendrait une large majorit\u00e9 relative, voire une majorit\u00e9 absolue, selon quatre projections en si\u00e8ges<\/h2>\n\n\n\n<p>Arriv\u00e9 nettement en t\u00eate au premier tour des \u00e9lections l\u00e9gislatives, le Rassemblement national et ses alli\u00e9s pourraient obtenir une large majorit\u00e9 relative \u00e0 l&rsquo;Assembl\u00e9e nationale, voire un majorit\u00e9 absolue, selon les projections de trois instituts de sondages qui leur pr\u00e9disent entre 240 et 310 si\u00e8ges.<\/p>\n\n\n\n<p>Le parti de Jordan Bardella et ses alli\u00e9s emmen\u00e9s par Eric Ciotti disposeraient d&rsquo;une majorit\u00e9 relative de 230 \u00e0 280 si\u00e8ges selon Ipsos, et de 240 \u00e0 270 si\u00e8ges d&rsquo;apr\u00e8s l&rsquo;Ifop, tandis que Elabe entrevoit la possibilit\u00e9 d&rsquo;une majorit\u00e9 absolue avec 260 \u00e0 310 d\u00e9put\u00e9s d&rsquo;extr\u00eame droite, tout comme OpinionWay avec une fourchette de 250 \u00e0 300 \u00e9lus.<\/p>\n\n\n\n<p>La gauche unie sous la banni\u00e8re \u00ab\u00a0Nouveau Front populaire\u00a0\u00bb n&rsquo;est donn\u00e9e en progression que par l&rsquo;Ifop, avec 180 \u00e0 200 si\u00e8ges contre 150 dans l&rsquo;Assembl\u00e9e sortante. Les autres projections lui pr\u00e9disent 125 \u00e0 165 d\u00e9put\u00e9s (Ipsos), entre 130 et 170 (Opinion Way) et 115 \u00e0 145 \u00e9lus \u00e0 l&rsquo;Assembl\u00e9e (Elabe).<\/p>\n\n\n\n<p>Tous les instituts de sondages actent en revanche la d\u00e9route du camp pr\u00e9sidentiel: la coalition \u00ab\u00a0Ensemble pour la R\u00e9publique\u00a0\u00bb est cr\u00e9dit\u00e9e au mieux de 90 \u00e0 120 si\u00e8ges par Elabe, contre environ 250 sortants. La d\u00e9b\u00e2cle serait m\u00eame pire \u00e0 en croire Ipsos (70 \u00e0 100), OpinionWay (65 \u00e0 105) et Ifop (60 \u00e0 90).<\/p>\n\n\n\n<p>Rel\u00e9gu\u00e9s loin derri\u00e8re, Les R\u00e9publicains qui n&rsquo;ont pas suivi Eric Ciotti perdraient eux aussi une partie de leur soixantaine de d\u00e9put\u00e9s sortants. Dans le meilleur des cas, Ipsos leur donne 40 \u00e0 60 si\u00e8ges, les trois autres instituts entre 30 et 50.<\/p>\n\n\n\n<h2 class=\"wp-block-heading\">21h05: Eric Ciotti s&rsquo;exprime<\/h2>\n\n\n\n<p>\u00ab\u00a0Les Fran\u00e7ais ont exprim\u00e9 leur volont\u00e9 de changement\u00a0\u00bb, a lanc\u00e9 Eric Ciotti. \u00ab\u00a0L&rsquo;union in\u00e9dite et historique que nous avons batie avec Jordan Bardella a mis fin \u00e0 des ann\u00e9es d&rsquo;immobilisme qui pla\u00e7ait la droite en position de spectateur du d\u00e9clin fran\u00e7ais. Oui, ce soir, la victoire est en vue. (&#8230;) L&rsquo;heure est grave ce soir car la France, la d\u00e9mocratie et nos institutions pourraient \u00eatre p\u00e9ril si l&rsquo;extr\u00eame gauche s&rsquo;accaparait le pouvoir.\u00a0\u00bb<\/p>\n\n\n\n<h2 class=\"wp-block-heading\">21h02: La majorit\u00e9 pr\u00e9sidentielle veut que ses candidats en troisi\u00e8me position se retirent pour faire barrage \u00e0 l&rsquo;extr\u00eame droite<\/h2>\n\n\n\n<p>Dans un communiqu\u00e9, Ensemble a appel\u00e9 ses candidats arriv\u00e9s en troisi\u00e8me position \u00e0 se retirer de la course \u00e9lectorale \u00ab\u00a0au profit des candidats en mesure de battre le Rassemblement national et avec qui nous partageons l&rsquo;essentiel: les valeurs de la R\u00e9publique\u00a0\u00bb.<\/p>\n\n\n\n<h2 class=\"wp-block-heading\">20h50 : Fabien Roussel \u00e9limin\u00e9 d\u00e8s le premier tour<\/h2>\n\n\n\n<p>Le pr\u00e9sident du parti communiste fran\u00e7ais a annonc\u00e9 \u00eatre \u00e9limin\u00e9 d\u00e8s le premier tour de ces \u00e9lections l\u00e9gislatives. C&rsquo;est un candidat du RN qui a \u00e9t\u00e9 \u00e9lu.<\/p>\n\n\n\n<h2 class=\"wp-block-heading\">20h40: \u00ab\u00a0La semaine qui commence sera d\u00e9terminante pour l&rsquo;avenir de notre pays\u00a0\u00bb<\/h2>\n\n\n\n<p>Edouard Philippe a \u00e0 son tour pris la parole. \u00ab\u00a0Pour le second tour, j&rsquo;appelle \u00e0 voter bien entendu pour les candidats Renaissance, Horizons et Modem qui demeurent en liste\u00a0\u00bb, a rappel\u00e9 l&rsquo;ancien Premier ministre. \u00ab\u00a0Aucune voix ne doit aller aux candidats du RN ou de La France Insoumise, avec lesquels nous ne partageons pas les m\u00eames valeurs.\u00a0\u00bb Il a d\u00e8s lors appel\u00e9 les candidats \u00ab\u00a0Horizons\u00a0\u00bb \u00e0 se retirer de la course s&rsquo;ils arrivent troisi\u00e8me pour laisser la place au candidat d\u00e9mocratique face \u00e0 un parti extr\u00eame.<\/p>\n\n\n\n<h2 class=\"wp-block-heading\">20h32: Jordan Bardella prend la parole<\/h2>\n\n\n\n<p>Le pr\u00e9sident du RN, qui est arriv\u00e9 en t\u00eate de ce premier tour des l\u00e9gislatives, a pris la parole \u00e0 20h30. \u00ab\u00a0Ce dimanche 30 juin, le peuple fran\u00e7ais a r\u00e9pondu \u00e0 l&rsquo;appel des urnes avec la participation la plus importante depuis 40 ans. Les Fran\u00e7ais ont fait honneur \u00e0 notre d\u00e9mocratie et je tiens \u00e0 les en remercier. Ils ont rendu un verdict sans appel et confirm\u00e9 leur volont\u00e9 de changement. En permettant aux candidats du RN d&rsquo;acc\u00e9der au second tour dans un maximum de circonscriptions, ils ont fait na\u00eetre un vent d&rsquo;espoir dans le pays. (&#8230;) Le camp pr\u00e9sidentiel n&rsquo;est plus en position de l&#8217;emporter. Le score \u00e9lev\u00e9 de l&rsquo;extr\u00eame gauche suscite une vive inqui\u00e9tude.\u00a0\u00bb<\/p>\n\n\n\n<p>Pour Jordan Bardella, une victoire du Nouveau Front populaire m\u00e8nerait \u00e0 une v\u00e9ritable \u00ab\u00a0insurrection\u00a0\u00bb. \u00ab\u00a0Dimanche prochain, si les \u00e9lecteurs nous donnent une majorit\u00e9 absolue, j&rsquo;entends \u00eatre le Premier ministre de tous les Fran\u00e7ais, le Premier ministre du quotidien, celui qui m\u00e8nera au r\u00e9tablissement de l&rsquo;ordre. J&rsquo;entends \u00eatre un Premier ministre de cohabitation, mais intransigeant sur la politique que nous mettrons en oeuvre.\u00a0\u00bb<\/p>\n\n\n\n<h2 class=\"wp-block-heading\">20h15: Jean-Luc M\u00e9lenchon s&rsquo;exprime<\/h2>\n\n\n\n<p>\u00ab\u00a0Le pays a \u00e9t\u00e9 mis tout soudain au d\u00e9fi d&rsquo;une dissolution pr\u00e9cipit\u00e9e. Le pr\u00e9sident Macron pensait enfermer \u00e0 nouveau l&rsquo;opinion dans le choix \u00e9touffant dont plus personne ne veut: lui ou le RN. Un vote massif a d\u00e9jou\u00e9 le pi\u00e8ge qui \u00e9tait tendu au pays. Ce vote a inflig\u00e9 une lourde et indiscutable d\u00e9faite au pr\u00e9sident, \u00e0 ses candidats et \u00e0 la majorit\u00e9 pr\u00e9sidentielle. M. Attal ne sera plus Premier ministre. (&#8230;) Il faut souligner que le progr\u00e8s consid\u00e9rable du retour aux urnes se r\u00e9alise, gr\u00e2ce \u00e0 l&rsquo;engagement de la jeunesse et des quartiers populaires. A pr\u00e9sent, nous allons vers un deuxi\u00e8me tour d&rsquo;une exceptionnelle intensit\u00e9. Il faut donner une majorit\u00e9 absolue au Nouveau Front populaire car il est la seule alternative. Il ne s&rsquo;agit pas seulement de voter contre le RN mais de voter pour un autre futur.\u00a0\u00bb<\/p>\n\n\n\n<p>\u00ab\u00a0Conform\u00e9ment \u00e0 nos principes, nulle part nous ne permettrons au RN de l&#8217;emporter, et c&rsquo;est pourquoi (&#8230;) dans le cas o\u00f9 nous serons arriv\u00e9s en 3e position, nous retirerons notre candidature. En toutes circonstances, notre consigne est claire : pas une voix de plus pour le RN.\u00a0\u00bb<\/p>\n\n\n\n<h2 class=\"wp-block-heading\">20h08: Marine Le Pen s&rsquo;exprime<\/h2>\n\n\n\n<p>L&rsquo;ancienne pr\u00e9sidente du parti d&rsquo;extr\u00eame droite, qui est d&rsquo;ores et d\u00e9j\u00e0 \u00e9lue d\u00e9put\u00e9e, a \u00e9t\u00e9 la premi\u00e8re \u00e0 prendre la parole apr\u00e8s l&rsquo;annonce des r\u00e9sultats en France. \u00ab\u00a0Les Fran\u00e7ais ont plac\u00e9 le RN en t\u00eate et ont pratiquement effac\u00e9 le bloc macroniste. Je me f\u00e9licite de la participation si \u00e9lev\u00e9e qui donne une force particuli\u00e8re aux r\u00e9sultats de ce soir\u00a0\u00bb, a lanc\u00e9 Marine Le Pen. \u00ab\u00a0Rien n&rsquo;est toutefois gagn\u00e9 et le second tour sera d\u00e9terminant, pour \u00e9viter au pays de tomber entre les mains d&rsquo;une coalition Nupes 2, qui imposerait Jean-Luc M\u00e9lenchon comme Premier ministre. Il nous faut une majorit\u00e9 absolue pour que Jordan Bardella soit nomm\u00e9 Premier ministre la semaine prochaine par Emmanuel Macron.\u00a0\u00bb<\/p>\n\n\n\n<h2 class=\"wp-block-heading\">20h05: Emmanuel Macron a r\u00e9agi face \u00e0 ces r\u00e9sultats<\/h2>\n\n\n\n<p>Emmanuel Macron a appel\u00e9 dimanche \u00e0 un \u00ab\u00a0large rassemblement\u00a0\u00bb au second tour des l\u00e9gislatives face au Rassemblement national, saluant une \u00ab\u00a0volont\u00e9 de clarifier la situation politique\u00a0\u00bb exprim\u00e9e au premier tour.<\/p>\n\n\n\n<p>\u00ab\u00a0Face au Rassemblement national, l&rsquo;heure est \u00e0 un large rassemblement clairement d\u00e9mocrate et r\u00e9publicain pour le second tour\u00a0\u00bb, a dit le pr\u00e9sident de la R\u00e9publique dans une d\u00e9claration \u00e9crite.<\/p>\n\n\n\n<p>\u00ab\u00a0La participation \u00e9lev\u00e9e au premier tour (..) t\u00e9moigne de l&rsquo;importance de ce vote pour tous nos compatriotes et de la volont\u00e9 de clarifier la situation politique. Leur choix d\u00e9mocratique nous oblige\u00a0\u00bb, a-t-il ajout\u00e9.<\/p>\n\n\n\n<h2 class=\"wp-block-heading\">20h : D\u00e9couvrez les r\u00e9sultats officiels de ces \u00e9lections l\u00e9gislatives fran\u00e7aises 2024<\/h2>\n\n\n\n<p>Ca y est ! Les r\u00e9sultats sont tomb\u00e9s. Comme le pr\u00e9disaient les premi\u00e8res estimations, le Rassemblement national arrive en t\u00eate de ce premier tour avec 34% des votes. Le Nouveau Front populaire d\u00e9croche quant \u00e0 lui 28,1%. La majorit\u00e9 pr\u00e9sidentielle, 20,3%. \u00ab\u00a0C&rsquo;est un moment historique. Nous n&rsquo;avions jamais connu \u00e7a\u00a0\u00bb, a comment\u00e9 Alain Duhamel sur BFMTV, en soulignant le succ\u00e8s du Rassemblement national qui pourrait d\u00e9crocher la majorit\u00e9 absolue au terme du deuxi\u00e8me tour.<\/p>\n\n\n\n<p><\/p>\n","protected":false},"excerpt":{"rendered":"<p>Ce dimanche 30\u00a0juin, les Fran\u00e7ais et Fran\u00e7aises ont \u00e9t\u00e9 appel\u00e9s aux urnes dans le cadre des \u00e9lections l\u00e9gislatives anticip\u00e9es d\u00e9clench\u00e9es \u00e0 la suite de la dissolution de l&rsquo;Assembl\u00e9e nationale par Emmanuel Macron le 9\u00a0juin dernier. Apr\u00e8s une campagne \u00e0 vive allure et parsem\u00e9e de rebondissements, les Fran\u00e7ais ont tranch\u00e9. Le Rassemblement national de Jordan Bardella [&hellip;]<\/p>\n","protected":false},"author":1,"featured_media":39192,"comment_status":"open","ping_status":"open","sticky":false,"template":"","format":"standard","meta":{"footnotes":""},"categories":[67,69,59],"tags":[81,78,82],"class_list":{"0":"post-39195","1":"post","2":"type-post","3":"status-publish","4":"format-standard","5":"has-post-thumbnail","7":"category-actualites","8":"category-politique","9":"category-speciaux","10":"tag-actualites","11":"tag-apie-project-2","12":"tag-politique"},"yoast_head":"<!-- This site is optimized with the Yoast SEO plugin v24.4 - https:\/\/yoast.com\/wordpress\/plugins\/seo\/ -->\n<title>Elections L\u00e9gislatives 2024 En France - APIE NEWS<\/title>\n<meta name=\"robots\" content=\"index, follow, max-snippet:-1, max-image-preview:large, max-video-preview:-1\" \/>\n<link rel=\"canonical\" href=\"https:\/\/appsaf.apieproject.com\/news\/fr\/2024\/06\/30\/elections-legislatives-2024-en-france\/\" \/>\n<meta property=\"og:locale\" content=\"fr_FR\" \/>\n<meta property=\"og:type\" content=\"article\" \/>\n<meta property=\"og:title\" content=\"Elections L\u00e9gislatives 2024 En France - APIE NEWS\" \/>\n<meta property=\"og:description\" content=\"Ce dimanche 30\u00a0juin, les Fran\u00e7ais et Fran\u00e7aises ont \u00e9t\u00e9 appel\u00e9s aux urnes dans le cadre des \u00e9lections l\u00e9gislatives anticip\u00e9es d\u00e9clench\u00e9es \u00e0 la suite de la dissolution de l&rsquo;Assembl\u00e9e nationale par Emmanuel Macron le 9\u00a0juin dernier. Apr\u00e8s une campagne \u00e0 vive allure et parsem\u00e9e de rebondissements, les Fran\u00e7ais ont tranch\u00e9. Le Rassemblement national de Jordan Bardella [&hellip;]\" \/>\n<meta property=\"og:url\" content=\"https:\/\/appsaf.apieproject.com\/news\/fr\/2024\/06\/30\/elections-legislatives-2024-en-france\/\" \/>\n<meta property=\"og:site_name\" content=\"APIE NEWS\" \/>\n<meta property=\"article:publisher\" content=\"https:\/\/facebook.com\/apieproject\" \/>\n<meta property=\"article:published_time\" content=\"2024-06-30T23:18:20+00:00\" \/>\n<meta property=\"article:modified_time\" content=\"2024-06-30T23:18:23+00:00\" \/>\n<meta property=\"og:image\" content=\"https:\/\/appsaf.apieproject.com\/news\/wp-content\/uploads\/sites\/29\/2024\/06\/france-elections.jpg\" \/>\n\t<meta property=\"og:image:width\" content=\"841\" \/>\n\t<meta property=\"og:image:height\" content=\"543\" \/>\n\t<meta property=\"og:image:type\" content=\"image\/jpeg\" \/>\n<meta name=\"author\" content=\"apieproject\" \/>\n<meta name=\"twitter:card\" content=\"summary_large_image\" \/>\n<meta name=\"twitter:creator\" content=\"@apieproject\" \/>\n<meta name=\"twitter:site\" content=\"@apieproject\" \/>\n<meta name=\"twitter:label1\" content=\"\u00c9crit par\" \/>\n\t<meta name=\"twitter:data1\" content=\"apieproject\" \/>\n\t<meta name=\"twitter:label2\" content=\"Dur\u00e9e de lecture estim\u00e9e\" \/>\n\t<meta name=\"twitter:data2\" content=\"10 minutes\" \/>\n<script type=\"application\/ld+json\" class=\"yoast-schema-graph\">{\"@context\":\"https:\/\/schema.org\",\"@graph\":[{\"@type\":\"Article\",\"@id\":\"https:\/\/appsaf.apieproject.com\/news\/fr\/2024\/06\/30\/elections-legislatives-2024-en-france\/#article\",\"isPartOf\":{\"@id\":\"https:\/\/appsaf.apieproject.com\/news\/fr\/2024\/06\/30\/elections-legislatives-2024-en-france\/\"},\"author\":{\"name\":\"apieproject\",\"@id\":\"https:\/\/appsaf.apieproject.com\/news\/#\/schema\/person\/ad5502ca15531a327ebd9865992b8492\"},\"headline\":\"Elections L\u00e9gislatives 2024 En France\",\"datePublished\":\"2024-06-30T23:18:20+00:00\",\"dateModified\":\"2024-06-30T23:18:23+00:00\",\"mainEntityOfPage\":{\"@id\":\"https:\/\/appsaf.apieproject.com\/news\/fr\/2024\/06\/30\/elections-legislatives-2024-en-france\/\"},\"wordCount\":2016,\"commentCount\":0,\"publisher\":{\"@id\":\"https:\/\/appsaf.apieproject.com\/news\/#organization\"},\"image\":{\"@id\":\"https:\/\/appsaf.apieproject.com\/news\/fr\/2024\/06\/30\/elections-legislatives-2024-en-france\/#primaryimage\"},\"thumbnailUrl\":\"https:\/\/appsaf.apieproject.com\/news\/wp-content\/uploads\/sites\/29\/2024\/06\/france-elections.jpg\",\"keywords\":[\"actualites\",\"apie project\",\"politique\"],\"articleSection\":[\"Actualit\u00e9s\",\"Politique\",\"Sp\u00e9ciaux\"],\"inLanguage\":\"fr-FR\",\"potentialAction\":[{\"@type\":\"CommentAction\",\"name\":\"Comment\",\"target\":[\"https:\/\/appsaf.apieproject.com\/news\/fr\/2024\/06\/30\/elections-legislatives-2024-en-france\/#respond\"]}]},{\"@type\":\"WebPage\",\"@id\":\"https:\/\/appsaf.apieproject.com\/news\/fr\/2024\/06\/30\/elections-legislatives-2024-en-france\/\",\"url\":\"https:\/\/appsaf.apieproject.com\/news\/fr\/2024\/06\/30\/elections-legislatives-2024-en-france\/\",\"name\":\"Elections L\u00e9gislatives 2024 En France - APIE NEWS\",\"isPartOf\":{\"@id\":\"https:\/\/appsaf.apieproject.com\/news\/#website\"},\"primaryImageOfPage\":{\"@id\":\"https:\/\/appsaf.apieproject.com\/news\/fr\/2024\/06\/30\/elections-legislatives-2024-en-france\/#primaryimage\"},\"image\":{\"@id\":\"https:\/\/appsaf.apieproject.com\/news\/fr\/2024\/06\/30\/elections-legislatives-2024-en-france\/#primaryimage\"},\"thumbnailUrl\":\"https:\/\/appsaf.apieproject.com\/news\/wp-content\/uploads\/sites\/29\/2024\/06\/france-elections.jpg\",\"datePublished\":\"2024-06-30T23:18:20+00:00\",\"dateModified\":\"2024-06-30T23:18:23+00:00\",\"breadcrumb\":{\"@id\":\"https:\/\/appsaf.apieproject.com\/news\/fr\/2024\/06\/30\/elections-legislatives-2024-en-france\/#breadcrumb\"},\"inLanguage\":\"fr-FR\",\"potentialAction\":[{\"@type\":\"ReadAction\",\"target\":[\"https:\/\/appsaf.apieproject.com\/news\/fr\/2024\/06\/30\/elections-legislatives-2024-en-france\/\"]}]},{\"@type\":\"ImageObject\",\"inLanguage\":\"fr-FR\",\"@id\":\"https:\/\/appsaf.apieproject.com\/news\/fr\/2024\/06\/30\/elections-legislatives-2024-en-france\/#primaryimage\",\"url\":\"https:\/\/appsaf.apieproject.com\/news\/wp-content\/uploads\/sites\/29\/2024\/06\/france-elections.jpg\",\"contentUrl\":\"https:\/\/appsaf.apieproject.com\/news\/wp-content\/uploads\/sites\/29\/2024\/06\/france-elections.jpg\",\"width\":841,\"height\":543},{\"@type\":\"BreadcrumbList\",\"@id\":\"https:\/\/appsaf.apieproject.com\/news\/fr\/2024\/06\/30\/elections-legislatives-2024-en-france\/#breadcrumb\",\"itemListElement\":[{\"@type\":\"ListItem\",\"position\":1,\"name\":\"Home\",\"item\":\"https:\/\/appsaf.apieproject.com\/news\/fr\/home\/\"},{\"@type\":\"ListItem\",\"position\":2,\"name\":\"Elections L\u00e9gislatives 2024 En France\"}]},{\"@type\":\"WebSite\",\"@id\":\"https:\/\/appsaf.apieproject.com\/news\/#website\",\"url\":\"https:\/\/appsaf.apieproject.com\/news\/\",\"name\":\"APIE NEWS\",\"description\":\"PANAFRICANISM NEWS PORTAL\",\"publisher\":{\"@id\":\"https:\/\/appsaf.apieproject.com\/news\/#organization\"},\"potentialAction\":[{\"@type\":\"SearchAction\",\"target\":{\"@type\":\"EntryPoint\",\"urlTemplate\":\"https:\/\/appsaf.apieproject.com\/news\/?s={search_term_string}\"},\"query-input\":{\"@type\":\"PropertyValueSpecification\",\"valueRequired\":true,\"valueName\":\"search_term_string\"}}],\"inLanguage\":\"fr-FR\"},{\"@type\":\"Organization\",\"@id\":\"https:\/\/appsaf.apieproject.com\/news\/#organization\",\"name\":\"APIE PROJECT\",\"url\":\"https:\/\/appsaf.apieproject.com\/news\/\",\"logo\":{\"@type\":\"ImageObject\",\"inLanguage\":\"fr-FR\",\"@id\":\"https:\/\/appsaf.apieproject.com\/news\/#\/schema\/logo\/image\/\",\"url\":\"https:\/\/appsaf.apieproject.com\/news\/wp-content\/uploads\/sites\/29\/2022\/07\/logo-R-TransparentBackground.png\",\"contentUrl\":\"https:\/\/appsaf.apieproject.com\/news\/wp-content\/uploads\/sites\/29\/2022\/07\/logo-R-TransparentBackground.png\",\"width\":512,\"height\":512,\"caption\":\"APIE PROJECT\"},\"image\":{\"@id\":\"https:\/\/appsaf.apieproject.com\/news\/#\/schema\/logo\/image\/\"},\"sameAs\":[\"https:\/\/facebook.com\/apieproject\",\"https:\/\/x.com\/apieproject\"]},{\"@type\":\"Person\",\"@id\":\"https:\/\/appsaf.apieproject.com\/news\/#\/schema\/person\/ad5502ca15531a327ebd9865992b8492\",\"name\":\"apieproject\",\"image\":{\"@type\":\"ImageObject\",\"inLanguage\":\"fr-FR\",\"@id\":\"https:\/\/appsaf.apieproject.com\/news\/#\/schema\/person\/image\/\",\"url\":\"https:\/\/secure.gravatar.com\/avatar\/8da820f890920c54e6a9a30087a8b9ec?s=96&d=mm&r=g\",\"contentUrl\":\"https:\/\/secure.gravatar.com\/avatar\/8da820f890920c54e6a9a30087a8b9ec?s=96&d=mm&r=g\",\"caption\":\"apieproject\"},\"url\":\"https:\/\/appsaf.apieproject.com\/news\/fr\/author\/apieproject\/\"}]}<\/script>\n<!-- \/ Yoast SEO plugin. -->","yoast_head_json":{"title":"Elections L\u00e9gislatives 2024 En France - APIE NEWS","robots":{"index":"index","follow":"follow","max-snippet":"max-snippet:-1","max-image-preview":"max-image-preview:large","max-video-preview":"max-video-preview:-1"},"canonical":"https:\/\/appsaf.apieproject.com\/news\/fr\/2024\/06\/30\/elections-legislatives-2024-en-france\/","og_locale":"fr_FR","og_type":"article","og_title":"Elections L\u00e9gislatives 2024 En France - APIE NEWS","og_description":"Ce dimanche 30\u00a0juin, les Fran\u00e7ais et Fran\u00e7aises ont \u00e9t\u00e9 appel\u00e9s aux urnes dans le cadre des \u00e9lections l\u00e9gislatives anticip\u00e9es d\u00e9clench\u00e9es \u00e0 la suite de la dissolution de l&rsquo;Assembl\u00e9e nationale par Emmanuel Macron le 9\u00a0juin dernier. Apr\u00e8s une campagne \u00e0 vive allure et parsem\u00e9e de rebondissements, les Fran\u00e7ais ont tranch\u00e9. Le Rassemblement national de Jordan Bardella [&hellip;]","og_url":"https:\/\/appsaf.apieproject.com\/news\/fr\/2024\/06\/30\/elections-legislatives-2024-en-france\/","og_site_name":"APIE NEWS","article_publisher":"https:\/\/facebook.com\/apieproject","article_published_time":"2024-06-30T23:18:20+00:00","article_modified_time":"2024-06-30T23:18:23+00:00","og_image":[{"width":841,"height":543,"url":"https:\/\/appsaf.apieproject.com\/news\/wp-content\/uploads\/sites\/29\/2024\/06\/france-elections.jpg","type":"image\/jpeg"}],"author":"apieproject","twitter_card":"summary_large_image","twitter_creator":"@apieproject","twitter_site":"@apieproject","twitter_misc":{"\u00c9crit par":"apieproject","Dur\u00e9e de lecture estim\u00e9e":"10 minutes"},"schema":{"@context":"https:\/\/schema.org","@graph":[{"@type":"Article","@id":"https:\/\/appsaf.apieproject.com\/news\/fr\/2024\/06\/30\/elections-legislatives-2024-en-france\/#article","isPartOf":{"@id":"https:\/\/appsaf.apieproject.com\/news\/fr\/2024\/06\/30\/elections-legislatives-2024-en-france\/"},"author":{"name":"apieproject","@id":"https:\/\/appsaf.apieproject.com\/news\/#\/schema\/person\/ad5502ca15531a327ebd9865992b8492"},"headline":"Elections L\u00e9gislatives 2024 En France","datePublished":"2024-06-30T23:18:20+00:00","dateModified":"2024-06-30T23:18:23+00:00","mainEntityOfPage":{"@id":"https:\/\/appsaf.apieproject.com\/news\/fr\/2024\/06\/30\/elections-legislatives-2024-en-france\/"},"wordCount":2016,"commentCount":0,"publisher":{"@id":"https:\/\/appsaf.apieproject.com\/news\/#organization"},"image":{"@id":"https:\/\/appsaf.apieproject.com\/news\/fr\/2024\/06\/30\/elections-legislatives-2024-en-france\/#primaryimage"},"thumbnailUrl":"https:\/\/appsaf.apieproject.com\/news\/wp-content\/uploads\/sites\/29\/2024\/06\/france-elections.jpg","keywords":["actualites","apie project","politique"],"articleSection":["Actualit\u00e9s","Politique","Sp\u00e9ciaux"],"inLanguage":"fr-FR","potentialAction":[{"@type":"CommentAction","name":"Comment","target":["https:\/\/appsaf.apieproject.com\/news\/fr\/2024\/06\/30\/elections-legislatives-2024-en-france\/#respond"]}]},{"@type":"WebPage","@id":"https:\/\/appsaf.apieproject.com\/news\/fr\/2024\/06\/30\/elections-legislatives-2024-en-france\/","url":"https:\/\/appsaf.apieproject.com\/news\/fr\/2024\/06\/30\/elections-legislatives-2024-en-france\/","name":"Elections L\u00e9gislatives 2024 En France - APIE NEWS","isPartOf":{"@id":"https:\/\/appsaf.apieproject.com\/news\/#website"},"primaryImageOfPage":{"@id":"https:\/\/appsaf.apieproject.com\/news\/fr\/2024\/06\/30\/elections-legislatives-2024-en-france\/#primaryimage"},"image":{"@id":"https:\/\/appsaf.apieproject.com\/news\/fr\/2024\/06\/30\/elections-legislatives-2024-en-france\/#primaryimage"},"thumbnailUrl":"https:\/\/appsaf.apieproject.com\/news\/wp-content\/uploads\/sites\/29\/2024\/06\/france-elections.jpg","datePublished":"2024-06-30T23:18:20+00:00","dateModified":"2024-06-30T23:18:23+00:00","breadcrumb":{"@id":"https:\/\/appsaf.apieproject.com\/news\/fr\/2024\/06\/30\/elections-legislatives-2024-en-france\/#breadcrumb"},"inLanguage":"fr-FR","potentialAction":[{"@type":"ReadAction","target":["https:\/\/appsaf.apieproject.com\/news\/fr\/2024\/06\/30\/elections-legislatives-2024-en-france\/"]}]},{"@type":"ImageObject","inLanguage":"fr-FR","@id":"https:\/\/appsaf.apieproject.com\/news\/fr\/2024\/06\/30\/elections-legislatives-2024-en-france\/#primaryimage","url":"https:\/\/appsaf.apieproject.com\/news\/wp-content\/uploads\/sites\/29\/2024\/06\/france-elections.jpg","contentUrl":"https:\/\/appsaf.apieproject.com\/news\/wp-content\/uploads\/sites\/29\/2024\/06\/france-elections.jpg","width":841,"height":543},{"@type":"BreadcrumbList","@id":"https:\/\/appsaf.apieproject.com\/news\/fr\/2024\/06\/30\/elections-legislatives-2024-en-france\/#breadcrumb","itemListElement":[{"@type":"ListItem","position":1,"name":"Home","item":"https:\/\/appsaf.apieproject.com\/news\/fr\/home\/"},{"@type":"ListItem","position":2,"name":"Elections L\u00e9gislatives 2024 En France"}]},{"@type":"WebSite","@id":"https:\/\/appsaf.apieproject.com\/news\/#website","url":"https:\/\/appsaf.apieproject.com\/news\/","name":"APIE NEWS","description":"PANAFRICANISM NEWS PORTAL","publisher":{"@id":"https:\/\/appsaf.apieproject.com\/news\/#organization"},"potentialAction":[{"@type":"SearchAction","target":{"@type":"EntryPoint","urlTemplate":"https:\/\/appsaf.apieproject.com\/news\/?s={search_term_string}"},"query-input":{"@type":"PropertyValueSpecification","valueRequired":true,"valueName":"search_term_string"}}],"inLanguage":"fr-FR"},{"@type":"Organization","@id":"https:\/\/appsaf.apieproject.com\/news\/#organization","name":"APIE PROJECT","url":"https:\/\/appsaf.apieproject.com\/news\/","logo":{"@type":"ImageObject","inLanguage":"fr-FR","@id":"https:\/\/appsaf.apieproject.com\/news\/#\/schema\/logo\/image\/","url":"https:\/\/appsaf.apieproject.com\/news\/wp-content\/uploads\/sites\/29\/2022\/07\/logo-R-TransparentBackground.png","contentUrl":"https:\/\/appsaf.apieproject.com\/news\/wp-content\/uploads\/sites\/29\/2022\/07\/logo-R-TransparentBackground.png","width":512,"height":512,"caption":"APIE PROJECT"},"image":{"@id":"https:\/\/appsaf.apieproject.com\/news\/#\/schema\/logo\/image\/"},"sameAs":["https:\/\/facebook.com\/apieproject","https:\/\/x.com\/apieproject"]},{"@type":"Person","@id":"https:\/\/appsaf.apieproject.com\/news\/#\/schema\/person\/ad5502ca15531a327ebd9865992b8492","name":"apieproject","image":{"@type":"ImageObject","inLanguage":"fr-FR","@id":"https:\/\/appsaf.apieproject.com\/news\/#\/schema\/person\/image\/","url":"https:\/\/secure.gravatar.com\/avatar\/8da820f890920c54e6a9a30087a8b9ec?s=96&d=mm&r=g","contentUrl":"https:\/\/secure.gravatar.com\/avatar\/8da820f890920c54e6a9a30087a8b9ec?s=96&d=mm&r=g","caption":"apieproject"},"url":"https:\/\/appsaf.apieproject.com\/news\/fr\/author\/apieproject\/"}]}},"_links":{"self":[{"href":"https:\/\/appsaf.apieproject.com\/news\/fr\/wp-json\/wp\/v2\/posts\/39195","targetHints":{"allow":["GET"]}}],"collection":[{"href":"https:\/\/appsaf.apieproject.com\/news\/fr\/wp-json\/wp\/v2\/posts"}],"about":[{"href":"https:\/\/appsaf.apieproject.com\/news\/fr\/wp-json\/wp\/v2\/types\/post"}],"author":[{"embeddable":true,"href":"https:\/\/appsaf.apieproject.com\/news\/fr\/wp-json\/wp\/v2\/users\/1"}],"replies":[{"embeddable":true,"href":"https:\/\/appsaf.apieproject.com\/news\/fr\/wp-json\/wp\/v2\/comments?post=39195"}],"version-history":[{"count":1,"href":"https:\/\/appsaf.apieproject.com\/news\/fr\/wp-json\/wp\/v2\/posts\/39195\/revisions"}],"predecessor-version":[{"id":39199,"href":"https:\/\/appsaf.apieproject.com\/news\/fr\/wp-json\/wp\/v2\/posts\/39195\/revisions\/39199"}],"wp:featuredmedia":[{"embeddable":true,"href":"https:\/\/appsaf.apieproject.com\/news\/fr\/wp-json\/wp\/v2\/media\/39192"}],"wp:attachment":[{"href":"https:\/\/appsaf.apieproject.com\/news\/fr\/wp-json\/wp\/v2\/media?parent=39195"}],"wp:term":[{"taxonomy":"category","embeddable":true,"href":"https:\/\/appsaf.apieproject.com\/news\/fr\/wp-json\/wp\/v2\/categories?post=39195"},{"taxonomy":"post_tag","embeddable":true,"href":"https:\/\/appsaf.apieproject.com\/news\/fr\/wp-json\/wp\/v2\/tags?post=39195"}],"curies":[{"name":"wp","href":"https:\/\/api.w.org\/{rel}","templated":true}]}}