{"id":39239,"date":"2024-07-08T05:12:22","date_gmt":"2024-07-08T05:12:22","guid":{"rendered":"https:\/\/appsaf.apieproject.com\/news\/?p=39239"},"modified":"2024-07-08T05:12:23","modified_gmt":"2024-07-08T05:12:23","slug":"france-le-nouveau-front-populaire-en-tete","status":"publish","type":"post","link":"https:\/\/appsaf.apieproject.com\/news\/fr\/2024\/07\/08\/france-le-nouveau-front-populaire-en-tete\/","title":{"rendered":"France: Le Nouveau Front Populaire En T\u00eate"},"content":{"rendered":"\n<p>Qui aura la majorit\u00e9\u202f? Les premiers r\u00e9sultats du second tour des \u00e9lections l\u00e9gislatives 2024 sont tomb\u00e9s ce dimanche 7 juillet 2024. Le Nouveau Front populaire est donn\u00e9 en t\u00eate, devant le camp pr\u00e9sidentiel et le Rassemblement national, selon la projection ELABE pour BFMTV\/RMC\/La Tribune Dimanche.<\/p>\n\n\n\n<p>\u00c9norme surprise: le Nouveau Front Populaire est donn\u00e9 en t\u00eate avec 182 d\u00e9put\u00e9s, d\u2019apr\u00e8s la projection ELABE (France enti\u00e8re) des \u00e9lections l\u00e9gislatives 2024 pour BFMTV\/RMC\/La Tribune Dimanche.<\/p>\n\n\n\n<p>Ensemble pour la R\u00e9publique (camp pr\u00e9sidentiel) devrait obtenir entre 163 si\u00e8ges \u00e0 l\u2019Assembl\u00e9e nationale. Enfin, sur la troisi\u00e8me marche du podium, le Rassemblement national avec 143 d\u00e9put\u00e9s.<\/p>\n\n\n\n<p><strong>Voici le nombre de si\u00e8ges obtenus selon les estimations ELABE:<\/strong><\/p>\n\n\n\n<ul class=\"wp-block-list\">\n<li><strong>Nouveau Front populaire : 182 si\u00e8ges\u00a0<\/strong>(LFI 75, PS 65, EELV 33, PCF 9)<\/li>\n\n\n\n<li><strong>Ensemble : 163 si\u00e8ges\u00a0<\/strong>(Renaissance 99, Modem 33, Horizons 26, Divers centre 4)\u00a0<\/li>\n\n\n\n<li><strong>RN : 143 si\u00e8ges<\/strong>\u00a0(RN 126, soutiens d\u2019Eric Ciotti 17)<\/li>\n\n\n\n<li>LR : 68 si\u00e8ges<\/li>\n\n\n\n<li>Divers gauche et dissidents NFP : 11 si\u00e8ges<\/li>\n\n\n\n<li>Autres : 10 si\u00e8ges<\/li>\n\n\n\n<li>Divers souverainistes et extr\u00eame droite : 0\u00a0<\/li>\n\n\n\n<li>Extr\u00eame gauche : 0 si\u00e8ge\u00a0<\/li>\n<\/ul>\n\n\n\n<h2 class=\"wp-block-heading\">M\u00c9LENCHON DEMANDE LE D\u00c9PART D&rsquo;ATTAL<\/h2>\n\n\n\n<p>Au RN, c&rsquo;est la d\u00e9ception. Certes, le parti \u00e0 la flamme engrange de nouveaux \u00e9lus, contre 89 en juin 2022, soit \u00ab\u00a0la perc\u00e9e la plus importante de toute son histoire\u00a0\u00bb, a revendiqu\u00e9 Jordan Bardella. Mais il voit s&rsquo;\u00e9vaporer le r\u00eave de hisser son jeune patron de 28 ans \u00e0 Matignon, port\u00e9 par une majorit\u00e9 absolue qui lui semblait atteignable au soir du premier tour. Une victoire attendue qui devait ouvrir la voie \u00e0 la conqu\u00eate du pouvoir pour Marine Le Pen en vue de la pr\u00e9sidentielle de 2027.<\/p>\n\n\n\n<p>\u00ab\u00a0Notre peuple a clairement \u00e9cart\u00e9 la solution du pire\u00a0\u00bb, a pour sa part lanc\u00e9 le chef de file de La France insoumise, Jean-Luc M\u00e9lenchon, triomphant. \u00ab\u00a0Le Premier ministre (Gabriel Attal) doit s&rsquo;en aller\u00a0\u00bb et le NFP doit \u00ab\u00a0gouverner\u00a0\u00bb, a-t-il ajout\u00e9.<\/p>\n\n\n\n<p>Mais avec une alliance h\u00e9t\u00e9rog\u00e8ne allant de LFI \u00e0 Place publique, avec notamment le retour \u00e0 l&rsquo;Assembl\u00e9e de l&rsquo;ancien pr\u00e9sident Fran\u00e7ois Hollande, \u00e9lu en Corr\u00e8ze, beaucoup de questions restent en suspens sur les rapports de force \u00e0 gauche.<\/p>\n\n\n\n<p>La tripartition jette en effet la France dans le brouillard, au terme d&rsquo;un scrutin qui a fortement mobilis\u00e9 les \u00e9lecteurs avec une participation de 67%, la plus forte depuis 1997. Car faute d&rsquo;atteindre la barre de 289 d\u00e9put\u00e9s, ou m\u00eame de s&rsquo;en approcher, aucun bloc ne semble en mesure de composer seul un gouvernement.<\/p>\n\n\n\n<p>Emmanuel Macron a d&rsquo;ailleurs rapidement appel\u00e9 \u00e0 la \u00ab\u00a0prudence\u00a0\u00bb, les r\u00e9sultats ne r\u00e9pondant pas \u00e0 la question de \u00ab\u00a0qui pour gouverner ?\u00a0\u00bb, selon son entourage, qui souligne que le bloc central \u00ab\u00a0est bien vivant\u00a0\u00bb. En attendant les intenses tractations \u00e0 venir, plusieurs sc\u00e9narios, tous in\u00e9dits sous la Ve R\u00e9publique, se dessinent.<\/p>\n\n\n\n<h2 class=\"wp-block-heading\">COALITION IN\u00c9DITE EN VUE?<\/h2>\n\n\n\n<p>Les partis de gauche et le camp macroniste trouveront-ils un improbable accord politique, apr\u00e8s deux ans \u00e0 ferrailler contre la r\u00e9forme des retraites ou encore la loi immigration? Quelle place dans le prochain dispositif pour Jean-Luc M\u00e9lenchon, dont la supr\u00e9matie \u00e0 gauche pourrait d\u00e9sormais \u00eatre contest\u00e9e par un Parti socialiste revigor\u00e9?<\/p>\n\n\n\n<p>Face \u00e0 une \u00ab\u00a0Assembl\u00e9e divis\u00e9e\u00a0\u00bb, \u00ab\u00a0il va falloir se comporter en adulte\u00a0\u00bb, a d\u00e9j\u00e0 pr\u00e9venu Rapha\u00ebl Glucksmann, le patron de Place publique qui s&rsquo;\u00e9tait frontalement oppos\u00e9 \u00e0 Jean-Luc M\u00e9lenchon lors de la campagne des europ\u00e9ennes du 9 juin. Le Premier secr\u00e9taire du PS Olivier Faure a, lui, appel\u00e9 le NFP \u00e0 \u00ab\u00a0refonder un projet collectif\u00a0\u00bb.<\/p>\n\n\n\n<p>La question se pose aussi de la strat\u00e9gie des R\u00e9publicains (LR), plong\u00e9s dans la tourmente apr\u00e8s le ralliement de leur chef Eric Ciotti au RN mais qui conservent un contingent d&rsquo;\u00e9lus plus que suffisant (57 \u00e0 67) pour se pr\u00e9senter comme un pivot \u00e0 l&rsquo;Assembl\u00e9e.<\/p>\n\n\n\n<p>\u00c0 trois semaines de l&rsquo;ouverture des Jeux olympiques, qui propulseront la France sous les projecteurs du monde entier, le pays pourrait aussi s&rsquo;orienter vers l&rsquo;hypoth\u00e8se d&rsquo;un gouvernement technique, comme celui qui avait sauv\u00e9 l&rsquo;Italie de la crise de la dette en 2011. \u00c0 condition de parvenir \u00e0 un consensus sur des personnalit\u00e9s.<\/p>\n\n\n\n<p>Dans des conditions si floues, Emmanuel Macron pourrait aussi \u00eatre amen\u00e9 \u00e0 temporiser alors que Gabriel Attal s&rsquo;est d\u00e9clar\u00e9 disponible pour assurer la continuit\u00e9 de l&rsquo;\u00c9tat \u00ab\u00a0aussi longtemps que n\u00e9cessaire\u00a0\u00bb.<\/p>\n\n\n\n<p>Le chef de l&rsquo;\u00c9tat, qui s&rsquo;est offert son traditionnel bain de foule dimanche au Touquet apr\u00e8s son vote, sort affaibli de cette s\u00e9quence d&rsquo;un mois, malgr\u00e9 le r\u00e9sultat honorable de son camp, avec notamment la r\u00e9\u00e9lection de G\u00e9rald Darmanin. La campagne \u00e9clair des l\u00e9gislatives se sera d\u00e9roul\u00e9e dans une atmosph\u00e8re tendue, marqu\u00e9e par des nombreuses agressions de candidats et militants, r\u00e9v\u00e9latrices d&rsquo;une France \u00e0 cran et divis\u00e9e.<\/p>\n\n\n\n<h2 class=\"wp-block-heading\">\u00ab\u00a0CREVER L&rsquo;ABC\u00c8S\u00a0\u00bb<\/h2>\n\n\n\n<p>Mais Emmanuel Macron aura-t-il \u00ab\u00a0r\u00e9ussi \u00e0 crever l&rsquo;abc\u00e8s\u00a0\u00bb du RN, comme l&rsquo;esp\u00e8re un de ses intimes? Et parviendra-t-il \u00e0 pr\u00e9server l&rsquo;unit\u00e9 de sa propre majorit\u00e9 alors que se profile d\u00e9j\u00e0 l&rsquo;\u00e9ch\u00e9ance de 2027 pour laquelle plusieurs t\u00e9nors, \u00e0 commencer par l&rsquo;ancien Premier ministre Edouard Philippe, nourrissent de hautes ambitions?<\/p>\n\n\n\n<p>Attendu mercredi au sommet de l&rsquo;Otan, le chef de l&rsquo;\u00c9tat devra en tous cas s&#8217;employer \u00e0 rassurer les partenaires et les milieux financiers sur la stabilit\u00e9 de la France.<\/p>\n\n\n\n<p>La semaine qui se profile va aussi produire son lot d&rsquo;\u00e2pres n\u00e9gociations pour les postes cl\u00e9s \u00e0 l&rsquo;Assembl\u00e9e, avant l&rsquo;ouverture le 18 juillet de la 17e l\u00e9gislature de la Ve R\u00e9publique qui d\u00e9butera par l&rsquo;\u00e9lection \u00e0 la pr\u00e9sidence, puis la constitution des groupes politiques.<\/p>\n","protected":false},"excerpt":{"rendered":"<p>Qui aura la majorit\u00e9\u202f? Les premiers r\u00e9sultats du second tour des \u00e9lections l\u00e9gislatives 2024 sont tomb\u00e9s ce dimanche 7 juillet 2024. Le Nouveau Front populaire est donn\u00e9 en t\u00eate, devant le camp pr\u00e9sidentiel et le Rassemblement national, selon la projection ELABE pour BFMTV\/RMC\/La Tribune Dimanche. \u00c9norme surprise: le Nouveau Front Populaire est donn\u00e9 en t\u00eate [&hellip;]<\/p>\n","protected":false},"author":1,"featured_media":39235,"comment_status":"open","ping_status":"open","sticky":false,"template":"","format":"standard","meta":{"footnotes":""},"categories":[67,69,59],"tags":[81,78,82],"class_list":{"0":"post-39239","1":"post","2":"type-post","3":"status-publish","4":"format-standard","5":"has-post-thumbnail","7":"category-actualites","8":"category-politique","9":"category-speciaux","10":"tag-actualites","11":"tag-apie-project-2","12":"tag-politique"},"yoast_head":"<!-- This site is optimized with the Yoast SEO plugin v24.4 - https:\/\/yoast.com\/wordpress\/plugins\/seo\/ -->\n<title>France: Le Nouveau Front Populaire En T\u00eate - APIE NEWS<\/title>\n<meta name=\"robots\" content=\"index, follow, max-snippet:-1, max-image-preview:large, max-video-preview:-1\" \/>\n<link rel=\"canonical\" href=\"https:\/\/appsaf.apieproject.com\/news\/fr\/2024\/07\/08\/france-le-nouveau-front-populaire-en-tete\/\" \/>\n<meta property=\"og:locale\" content=\"fr_FR\" \/>\n<meta property=\"og:type\" content=\"article\" \/>\n<meta property=\"og:title\" content=\"France: Le Nouveau Front Populaire En T\u00eate - APIE NEWS\" \/>\n<meta property=\"og:description\" content=\"Qui aura la majorit\u00e9\u202f? Les premiers r\u00e9sultats du second tour des \u00e9lections l\u00e9gislatives 2024 sont tomb\u00e9s ce dimanche 7 juillet 2024. Le Nouveau Front populaire est donn\u00e9 en t\u00eate, devant le camp pr\u00e9sidentiel et le Rassemblement national, selon la projection ELABE pour BFMTV\/RMC\/La Tribune Dimanche. \u00c9norme surprise: le Nouveau Front Populaire est donn\u00e9 en t\u00eate [&hellip;]\" \/>\n<meta property=\"og:url\" content=\"https:\/\/appsaf.apieproject.com\/news\/fr\/2024\/07\/08\/france-le-nouveau-front-populaire-en-tete\/\" \/>\n<meta property=\"og:site_name\" content=\"APIE NEWS\" \/>\n<meta property=\"article:publisher\" content=\"https:\/\/facebook.com\/apieproject\" \/>\n<meta property=\"article:published_time\" content=\"2024-07-08T05:12:22+00:00\" \/>\n<meta property=\"article:modified_time\" content=\"2024-07-08T05:12:23+00:00\" \/>\n<meta property=\"og:image\" content=\"https:\/\/appsaf.apieproject.com\/news\/wp-content\/uploads\/sites\/29\/2024\/07\/Jordan.jpg\" \/>\n\t<meta property=\"og:image:width\" content=\"603\" \/>\n\t<meta property=\"og:image:height\" content=\"401\" \/>\n\t<meta property=\"og:image:type\" content=\"image\/jpeg\" \/>\n<meta name=\"author\" content=\"apieproject\" \/>\n<meta name=\"twitter:card\" content=\"summary_large_image\" \/>\n<meta name=\"twitter:creator\" content=\"@apieproject\" \/>\n<meta name=\"twitter:site\" content=\"@apieproject\" \/>\n<meta name=\"twitter:label1\" content=\"\u00c9crit par\" \/>\n\t<meta name=\"twitter:data1\" content=\"apieproject\" \/>\n\t<meta name=\"twitter:label2\" content=\"Dur\u00e9e de lecture estim\u00e9e\" \/>\n\t<meta name=\"twitter:data2\" content=\"5 minutes\" \/>\n<script type=\"application\/ld+json\" class=\"yoast-schema-graph\">{\"@context\":\"https:\/\/schema.org\",\"@graph\":[{\"@type\":\"Article\",\"@id\":\"https:\/\/appsaf.apieproject.com\/news\/fr\/2024\/07\/08\/france-le-nouveau-front-populaire-en-tete\/#article\",\"isPartOf\":{\"@id\":\"https:\/\/appsaf.apieproject.com\/news\/fr\/2024\/07\/08\/france-le-nouveau-front-populaire-en-tete\/\"},\"author\":{\"name\":\"apieproject\",\"@id\":\"https:\/\/appsaf.apieproject.com\/news\/#\/schema\/person\/ad5502ca15531a327ebd9865992b8492\"},\"headline\":\"France: Le Nouveau Front Populaire En T\u00eate\",\"datePublished\":\"2024-07-08T05:12:22+00:00\",\"dateModified\":\"2024-07-08T05:12:23+00:00\",\"mainEntityOfPage\":{\"@id\":\"https:\/\/appsaf.apieproject.com\/news\/fr\/2024\/07\/08\/france-le-nouveau-front-populaire-en-tete\/\"},\"wordCount\":959,\"commentCount\":0,\"publisher\":{\"@id\":\"https:\/\/appsaf.apieproject.com\/news\/#organization\"},\"image\":{\"@id\":\"https:\/\/appsaf.apieproject.com\/news\/fr\/2024\/07\/08\/france-le-nouveau-front-populaire-en-tete\/#primaryimage\"},\"thumbnailUrl\":\"https:\/\/appsaf.apieproject.com\/news\/wp-content\/uploads\/sites\/29\/2024\/07\/Jordan.jpg\",\"keywords\":[\"actualites\",\"apie project\",\"politique\"],\"articleSection\":[\"Actualit\u00e9s\",\"Politique\",\"Sp\u00e9ciaux\"],\"inLanguage\":\"fr-FR\",\"potentialAction\":[{\"@type\":\"CommentAction\",\"name\":\"Comment\",\"target\":[\"https:\/\/appsaf.apieproject.com\/news\/fr\/2024\/07\/08\/france-le-nouveau-front-populaire-en-tete\/#respond\"]}]},{\"@type\":\"WebPage\",\"@id\":\"https:\/\/appsaf.apieproject.com\/news\/fr\/2024\/07\/08\/france-le-nouveau-front-populaire-en-tete\/\",\"url\":\"https:\/\/appsaf.apieproject.com\/news\/fr\/2024\/07\/08\/france-le-nouveau-front-populaire-en-tete\/\",\"name\":\"France: Le Nouveau Front Populaire En T\u00eate - APIE NEWS\",\"isPartOf\":{\"@id\":\"https:\/\/appsaf.apieproject.com\/news\/#website\"},\"primaryImageOfPage\":{\"@id\":\"https:\/\/appsaf.apieproject.com\/news\/fr\/2024\/07\/08\/france-le-nouveau-front-populaire-en-tete\/#primaryimage\"},\"image\":{\"@id\":\"https:\/\/appsaf.apieproject.com\/news\/fr\/2024\/07\/08\/france-le-nouveau-front-populaire-en-tete\/#primaryimage\"},\"thumbnailUrl\":\"https:\/\/appsaf.apieproject.com\/news\/wp-content\/uploads\/sites\/29\/2024\/07\/Jordan.jpg\",\"datePublished\":\"2024-07-08T05:12:22+00:00\",\"dateModified\":\"2024-07-08T05:12:23+00:00\",\"breadcrumb\":{\"@id\":\"https:\/\/appsaf.apieproject.com\/news\/fr\/2024\/07\/08\/france-le-nouveau-front-populaire-en-tete\/#breadcrumb\"},\"inLanguage\":\"fr-FR\",\"potentialAction\":[{\"@type\":\"ReadAction\",\"target\":[\"https:\/\/appsaf.apieproject.com\/news\/fr\/2024\/07\/08\/france-le-nouveau-front-populaire-en-tete\/\"]}]},{\"@type\":\"ImageObject\",\"inLanguage\":\"fr-FR\",\"@id\":\"https:\/\/appsaf.apieproject.com\/news\/fr\/2024\/07\/08\/france-le-nouveau-front-populaire-en-tete\/#primaryimage\",\"url\":\"https:\/\/appsaf.apieproject.com\/news\/wp-content\/uploads\/sites\/29\/2024\/07\/Jordan.jpg\",\"contentUrl\":\"https:\/\/appsaf.apieproject.com\/news\/wp-content\/uploads\/sites\/29\/2024\/07\/Jordan.jpg\",\"width\":603,\"height\":401},{\"@type\":\"BreadcrumbList\",\"@id\":\"https:\/\/appsaf.apieproject.com\/news\/fr\/2024\/07\/08\/france-le-nouveau-front-populaire-en-tete\/#breadcrumb\",\"itemListElement\":[{\"@type\":\"ListItem\",\"position\":1,\"name\":\"Home\",\"item\":\"https:\/\/appsaf.apieproject.com\/news\/fr\/home\/\"},{\"@type\":\"ListItem\",\"position\":2,\"name\":\"France: Le Nouveau Front Populaire En T\u00eate\"}]},{\"@type\":\"WebSite\",\"@id\":\"https:\/\/appsaf.apieproject.com\/news\/#website\",\"url\":\"https:\/\/appsaf.apieproject.com\/news\/\",\"name\":\"APIE NEWS\",\"description\":\"PANAFRICANISM NEWS PORTAL\",\"publisher\":{\"@id\":\"https:\/\/appsaf.apieproject.com\/news\/#organization\"},\"potentialAction\":[{\"@type\":\"SearchAction\",\"target\":{\"@type\":\"EntryPoint\",\"urlTemplate\":\"https:\/\/appsaf.apieproject.com\/news\/?s={search_term_string}\"},\"query-input\":{\"@type\":\"PropertyValueSpecification\",\"valueRequired\":true,\"valueName\":\"search_term_string\"}}],\"inLanguage\":\"fr-FR\"},{\"@type\":\"Organization\",\"@id\":\"https:\/\/appsaf.apieproject.com\/news\/#organization\",\"name\":\"APIE PROJECT\",\"url\":\"https:\/\/appsaf.apieproject.com\/news\/\",\"logo\":{\"@type\":\"ImageObject\",\"inLanguage\":\"fr-FR\",\"@id\":\"https:\/\/appsaf.apieproject.com\/news\/#\/schema\/logo\/image\/\",\"url\":\"https:\/\/appsaf.apieproject.com\/news\/wp-content\/uploads\/sites\/29\/2022\/07\/logo-R-TransparentBackground.png\",\"contentUrl\":\"https:\/\/appsaf.apieproject.com\/news\/wp-content\/uploads\/sites\/29\/2022\/07\/logo-R-TransparentBackground.png\",\"width\":512,\"height\":512,\"caption\":\"APIE PROJECT\"},\"image\":{\"@id\":\"https:\/\/appsaf.apieproject.com\/news\/#\/schema\/logo\/image\/\"},\"sameAs\":[\"https:\/\/facebook.com\/apieproject\",\"https:\/\/x.com\/apieproject\"]},{\"@type\":\"Person\",\"@id\":\"https:\/\/appsaf.apieproject.com\/news\/#\/schema\/person\/ad5502ca15531a327ebd9865992b8492\",\"name\":\"apieproject\",\"image\":{\"@type\":\"ImageObject\",\"inLanguage\":\"fr-FR\",\"@id\":\"https:\/\/appsaf.apieproject.com\/news\/#\/schema\/person\/image\/\",\"url\":\"https:\/\/secure.gravatar.com\/avatar\/8da820f890920c54e6a9a30087a8b9ec?s=96&d=mm&r=g\",\"contentUrl\":\"https:\/\/secure.gravatar.com\/avatar\/8da820f890920c54e6a9a30087a8b9ec?s=96&d=mm&r=g\",\"caption\":\"apieproject\"},\"url\":\"https:\/\/appsaf.apieproject.com\/news\/fr\/author\/apieproject\/\"}]}<\/script>\n<!-- \/ Yoast SEO plugin. -->","yoast_head_json":{"title":"France: Le Nouveau Front Populaire En T\u00eate - APIE NEWS","robots":{"index":"index","follow":"follow","max-snippet":"max-snippet:-1","max-image-preview":"max-image-preview:large","max-video-preview":"max-video-preview:-1"},"canonical":"https:\/\/appsaf.apieproject.com\/news\/fr\/2024\/07\/08\/france-le-nouveau-front-populaire-en-tete\/","og_locale":"fr_FR","og_type":"article","og_title":"France: Le Nouveau Front Populaire En T\u00eate - APIE NEWS","og_description":"Qui aura la majorit\u00e9\u202f? Les premiers r\u00e9sultats du second tour des \u00e9lections l\u00e9gislatives 2024 sont tomb\u00e9s ce dimanche 7 juillet 2024. Le Nouveau Front populaire est donn\u00e9 en t\u00eate, devant le camp pr\u00e9sidentiel et le Rassemblement national, selon la projection ELABE pour BFMTV\/RMC\/La Tribune Dimanche. \u00c9norme surprise: le Nouveau Front Populaire est donn\u00e9 en t\u00eate [&hellip;]","og_url":"https:\/\/appsaf.apieproject.com\/news\/fr\/2024\/07\/08\/france-le-nouveau-front-populaire-en-tete\/","og_site_name":"APIE NEWS","article_publisher":"https:\/\/facebook.com\/apieproject","article_published_time":"2024-07-08T05:12:22+00:00","article_modified_time":"2024-07-08T05:12:23+00:00","og_image":[{"width":603,"height":401,"url":"https:\/\/appsaf.apieproject.com\/news\/wp-content\/uploads\/sites\/29\/2024\/07\/Jordan.jpg","type":"image\/jpeg"}],"author":"apieproject","twitter_card":"summary_large_image","twitter_creator":"@apieproject","twitter_site":"@apieproject","twitter_misc":{"\u00c9crit par":"apieproject","Dur\u00e9e de lecture estim\u00e9e":"5 minutes"},"schema":{"@context":"https:\/\/schema.org","@graph":[{"@type":"Article","@id":"https:\/\/appsaf.apieproject.com\/news\/fr\/2024\/07\/08\/france-le-nouveau-front-populaire-en-tete\/#article","isPartOf":{"@id":"https:\/\/appsaf.apieproject.com\/news\/fr\/2024\/07\/08\/france-le-nouveau-front-populaire-en-tete\/"},"author":{"name":"apieproject","@id":"https:\/\/appsaf.apieproject.com\/news\/#\/schema\/person\/ad5502ca15531a327ebd9865992b8492"},"headline":"France: Le Nouveau Front Populaire En T\u00eate","datePublished":"2024-07-08T05:12:22+00:00","dateModified":"2024-07-08T05:12:23+00:00","mainEntityOfPage":{"@id":"https:\/\/appsaf.apieproject.com\/news\/fr\/2024\/07\/08\/france-le-nouveau-front-populaire-en-tete\/"},"wordCount":959,"commentCount":0,"publisher":{"@id":"https:\/\/appsaf.apieproject.com\/news\/#organization"},"image":{"@id":"https:\/\/appsaf.apieproject.com\/news\/fr\/2024\/07\/08\/france-le-nouveau-front-populaire-en-tete\/#primaryimage"},"thumbnailUrl":"https:\/\/appsaf.apieproject.com\/news\/wp-content\/uploads\/sites\/29\/2024\/07\/Jordan.jpg","keywords":["actualites","apie project","politique"],"articleSection":["Actualit\u00e9s","Politique","Sp\u00e9ciaux"],"inLanguage":"fr-FR","potentialAction":[{"@type":"CommentAction","name":"Comment","target":["https:\/\/appsaf.apieproject.com\/news\/fr\/2024\/07\/08\/france-le-nouveau-front-populaire-en-tete\/#respond"]}]},{"@type":"WebPage","@id":"https:\/\/appsaf.apieproject.com\/news\/fr\/2024\/07\/08\/france-le-nouveau-front-populaire-en-tete\/","url":"https:\/\/appsaf.apieproject.com\/news\/fr\/2024\/07\/08\/france-le-nouveau-front-populaire-en-tete\/","name":"France: Le Nouveau Front Populaire En T\u00eate - APIE NEWS","isPartOf":{"@id":"https:\/\/appsaf.apieproject.com\/news\/#website"},"primaryImageOfPage":{"@id":"https:\/\/appsaf.apieproject.com\/news\/fr\/2024\/07\/08\/france-le-nouveau-front-populaire-en-tete\/#primaryimage"},"image":{"@id":"https:\/\/appsaf.apieproject.com\/news\/fr\/2024\/07\/08\/france-le-nouveau-front-populaire-en-tete\/#primaryimage"},"thumbnailUrl":"https:\/\/appsaf.apieproject.com\/news\/wp-content\/uploads\/sites\/29\/2024\/07\/Jordan.jpg","datePublished":"2024-07-08T05:12:22+00:00","dateModified":"2024-07-08T05:12:23+00:00","breadcrumb":{"@id":"https:\/\/appsaf.apieproject.com\/news\/fr\/2024\/07\/08\/france-le-nouveau-front-populaire-en-tete\/#breadcrumb"},"inLanguage":"fr-FR","potentialAction":[{"@type":"ReadAction","target":["https:\/\/appsaf.apieproject.com\/news\/fr\/2024\/07\/08\/france-le-nouveau-front-populaire-en-tete\/"]}]},{"@type":"ImageObject","inLanguage":"fr-FR","@id":"https:\/\/appsaf.apieproject.com\/news\/fr\/2024\/07\/08\/france-le-nouveau-front-populaire-en-tete\/#primaryimage","url":"https:\/\/appsaf.apieproject.com\/news\/wp-content\/uploads\/sites\/29\/2024\/07\/Jordan.jpg","contentUrl":"https:\/\/appsaf.apieproject.com\/news\/wp-content\/uploads\/sites\/29\/2024\/07\/Jordan.jpg","width":603,"height":401},{"@type":"BreadcrumbList","@id":"https:\/\/appsaf.apieproject.com\/news\/fr\/2024\/07\/08\/france-le-nouveau-front-populaire-en-tete\/#breadcrumb","itemListElement":[{"@type":"ListItem","position":1,"name":"Home","item":"https:\/\/appsaf.apieproject.com\/news\/fr\/home\/"},{"@type":"ListItem","position":2,"name":"France: Le Nouveau Front Populaire En T\u00eate"}]},{"@type":"WebSite","@id":"https:\/\/appsaf.apieproject.com\/news\/#website","url":"https:\/\/appsaf.apieproject.com\/news\/","name":"APIE NEWS","description":"PANAFRICANISM NEWS PORTAL","publisher":{"@id":"https:\/\/appsaf.apieproject.com\/news\/#organization"},"potentialAction":[{"@type":"SearchAction","target":{"@type":"EntryPoint","urlTemplate":"https:\/\/appsaf.apieproject.com\/news\/?s={search_term_string}"},"query-input":{"@type":"PropertyValueSpecification","valueRequired":true,"valueName":"search_term_string"}}],"inLanguage":"fr-FR"},{"@type":"Organization","@id":"https:\/\/appsaf.apieproject.com\/news\/#organization","name":"APIE PROJECT","url":"https:\/\/appsaf.apieproject.com\/news\/","logo":{"@type":"ImageObject","inLanguage":"fr-FR","@id":"https:\/\/appsaf.apieproject.com\/news\/#\/schema\/logo\/image\/","url":"https:\/\/appsaf.apieproject.com\/news\/wp-content\/uploads\/sites\/29\/2022\/07\/logo-R-TransparentBackground.png","contentUrl":"https:\/\/appsaf.apieproject.com\/news\/wp-content\/uploads\/sites\/29\/2022\/07\/logo-R-TransparentBackground.png","width":512,"height":512,"caption":"APIE PROJECT"},"image":{"@id":"https:\/\/appsaf.apieproject.com\/news\/#\/schema\/logo\/image\/"},"sameAs":["https:\/\/facebook.com\/apieproject","https:\/\/x.com\/apieproject"]},{"@type":"Person","@id":"https:\/\/appsaf.apieproject.com\/news\/#\/schema\/person\/ad5502ca15531a327ebd9865992b8492","name":"apieproject","image":{"@type":"ImageObject","inLanguage":"fr-FR","@id":"https:\/\/appsaf.apieproject.com\/news\/#\/schema\/person\/image\/","url":"https:\/\/secure.gravatar.com\/avatar\/8da820f890920c54e6a9a30087a8b9ec?s=96&d=mm&r=g","contentUrl":"https:\/\/secure.gravatar.com\/avatar\/8da820f890920c54e6a9a30087a8b9ec?s=96&d=mm&r=g","caption":"apieproject"},"url":"https:\/\/appsaf.apieproject.com\/news\/fr\/author\/apieproject\/"}]}},"_links":{"self":[{"href":"https:\/\/appsaf.apieproject.com\/news\/fr\/wp-json\/wp\/v2\/posts\/39239","targetHints":{"allow":["GET"]}}],"collection":[{"href":"https:\/\/appsaf.apieproject.com\/news\/fr\/wp-json\/wp\/v2\/posts"}],"about":[{"href":"https:\/\/appsaf.apieproject.com\/news\/fr\/wp-json\/wp\/v2\/types\/post"}],"author":[{"embeddable":true,"href":"https:\/\/appsaf.apieproject.com\/news\/fr\/wp-json\/wp\/v2\/users\/1"}],"replies":[{"embeddable":true,"href":"https:\/\/appsaf.apieproject.com\/news\/fr\/wp-json\/wp\/v2\/comments?post=39239"}],"version-history":[{"count":1,"href":"https:\/\/appsaf.apieproject.com\/news\/fr\/wp-json\/wp\/v2\/posts\/39239\/revisions"}],"predecessor-version":[{"id":39240,"href":"https:\/\/appsaf.apieproject.com\/news\/fr\/wp-json\/wp\/v2\/posts\/39239\/revisions\/39240"}],"wp:featuredmedia":[{"embeddable":true,"href":"https:\/\/appsaf.apieproject.com\/news\/fr\/wp-json\/wp\/v2\/media\/39235"}],"wp:attachment":[{"href":"https:\/\/appsaf.apieproject.com\/news\/fr\/wp-json\/wp\/v2\/media?parent=39239"}],"wp:term":[{"taxonomy":"category","embeddable":true,"href":"https:\/\/appsaf.apieproject.com\/news\/fr\/wp-json\/wp\/v2\/categories?post=39239"},{"taxonomy":"post_tag","embeddable":true,"href":"https:\/\/appsaf.apieproject.com\/news\/fr\/wp-json\/wp\/v2\/tags?post=39239"}],"curies":[{"name":"wp","href":"https:\/\/api.w.org\/{rel}","templated":true}]}}