{"id":39248,"date":"2024-07-08T05:28:11","date_gmt":"2024-07-08T05:28:11","guid":{"rendered":"https:\/\/appsaf.apieproject.com\/news\/?p=39248"},"modified":"2024-07-08T05:28:12","modified_gmt":"2024-07-08T05:28:12","slug":"rdc-le-soutien-de-louganda-aux-rebelles-du-m23","status":"publish","type":"post","link":"https:\/\/appsaf.apieproject.com\/news\/fr\/2024\/07\/08\/rdc-le-soutien-de-louganda-aux-rebelles-du-m23\/","title":{"rendered":"RDC: Le Soutien De L\u2019Ouganda Aux Rebelles Du M23"},"content":{"rendered":"\n<p>Comme tous les six mois, les experts onusiens mandat\u00e9s par le Conseil de s\u00e9curit\u00e9 des Nations unies ont rendu leur rapport sur la situation en R\u00e9publique d\u00e9mocratique du Congo (RDC). Un \u00e9tat des lieux sur le niveau de violences auquel est confront\u00e9 le pays et notamment les provinces de l\u2019Est. L\u2019une des r\u00e9v\u00e9lations de ce rapport est le r\u00f4le que l\u2019Ouganda voisin joue dans le conflit qui oppose les forces loyalistes de RDC au groupe arm\u00e9 M23, soutenu par le Rwanda.<\/p>\n\n\n\n<p>Depuis deux ans maintenant, chaque rapport publi\u00e9 par les experts des Nations unies montrait, preuve \u00e0 l\u2019appui, la mont\u00e9e en puissance du soutien du Rwanda \u00e0 la r\u00e9bellion du M23 qui s\u00e9vit actuellement dans la province du Nord-Kivu. Cette fois-ci, un autre acteur r\u00e9gional est point\u00e9 du doigt : l\u2019Ouganda.<\/p>\n\n\n\n<p>Le groupe d\u00e9montre comment les officiels ougandais ont laiss\u00e9 les troupes du M23 et de l\u2019arm\u00e9e rwandaise transiter par l\u2019Ouganda sans aucune limite. Une pr\u00e9sence importante et visible qui, selon les experts, n\u2019a pas pu passer sous les radars du renseignement ougandais. Le rapport conclut donc \u00e0&nbsp;<em>\u00ab&nbsp;un support actif<\/em>&nbsp;\u00bb de certains officiers de l\u2019arm\u00e9e et du CMI, les renseignements militaires.<\/p>\n\n\n\n<p>Mais les experts vont plus loin puisqu\u2019il n\u2019est pas question que de transit sur les terres ougandaises&nbsp;: des responsables du mouvement arm\u00e9 se sont aussi rendus en Ouganda. Selon le rapport, Sultani Makenga, le chef militaire du M23, a \u00e9t\u00e9 signal\u00e9 plusieurs fois cette ann\u00e9e \u00e0 Entebbe et Kampala. Corneille Nangaa, le chef de la branche politique, a lui r\u00e9sid\u00e9 un temps dans la capitale ougandaise. Il y a m\u00eame tenu des r\u00e9unions avec des repr\u00e9sentants de certains groupes arm\u00e9s congolais.<\/p>\n\n\n\n<h2 class=\"wp-block-heading\">Renforcement du soutien rwandais<\/h2>\n\n\n\n<p>Concernant le r\u00f4le d\u00e9j\u00e0 connu du Rwanda, les experts d\u00e9taillent cette fois-ci la mont\u00e9e en puissance de l\u2019aide militaire. On peut lire dans le document qu\u2019au mois de janvier 2024, au moins 1 000 soldats rwandais (RDF) ont franchi la fronti\u00e8re au niveau de Kibumba, dans le territoire du Rutshuru. Des effectifs qui sont venus s\u2019ajouter \u00e0 ceux d\u00e9j\u00e0 pr\u00e9sents dans cette r\u00e9gion d\u00e9nomm\u00e9e le \u00ab&nbsp;petit Nord&nbsp;\u00bb.<\/p>\n\n\n\n<p>Les experts estiment qu\u2019il y avait entre 3 000 et 4 000 RDF d\u00e9ploy\u00e9s dans les territoires du Rutshuru, Masisi et Nyiragongo, au moment o\u00f9 ils mettaient le point final \u00e0 leur rapport. Davantage donc que l\u2019effectif du M23 estim\u00e9 lui \u00e0 3 000 combattants. Des militaires avec un \u00e9quipement de pointe et des v\u00e9hicules blind\u00e9s \u00e9quip\u00e9s de radars et de missiles sol-air.<\/p>\n\n\n\n<p>Les experts notent aussi que cette mont\u00e9e en puissance n\u2019a absolument pas \u00e9t\u00e9 frein\u00e9e par les multiples condamnations internationales. En effet, entre f\u00e9vrier et mars 2024, plusieurs organisations \u00e9tatiques et gouvernements occidentaux, dont les \u00c9tats-Unis, la France et l\u2019Union europ\u00e9enne, ont demand\u00e9 aux M23 de retirer ses troupes de RDC. En avril, le Conseil de s\u00e9curit\u00e9 des Nations unies avait, lui aussi, condamn\u00e9 \u00ab&nbsp;<em>le support militaire \u00e9tranger au M23<\/em>&nbsp;\u00bb.<\/p>\n\n\n\n<h2 class=\"wp-block-heading\">Naissance de l\u2019Alliance du fleuve Congo<\/h2>\n\n\n\n<p>Ce rapport des experts onusiens est le premier publi\u00e9 depuis l\u2019annonce de la cr\u00e9ation de l\u2019Alliance du fleuve Congo de Corneille Naanga, ancien pr\u00e9sident de la Commission \u00e9lectorale congolaise du temps de Joseph Kabila. Les experts d\u00e9taillent le processus de cr\u00e9ation de ce mouvement politico-militaire avec notamment les nombreux d\u00e9placements dans la r\u00e9gion des Grands Lacs des diff\u00e9rents responsables.<\/p>\n\n\n\n<p>Dans le document, il est \u00e9crit que le M23 et le gouvernement rwandais ont vu l\u2019\u00e9mergence de l\u2019AFC comme \u00ab&nbsp;<em>une opportunit\u00e9 de l\u00e9gitimer le M23 et ses r\u00e9clamations, tout en diminuant le r\u00f4le du Rwanda dans la crise<\/em>&nbsp;\u00bb.<\/p>\n\n\n\n<p>L\u2019Alliance continue de recruter d\u2019autres partenaires. Au Sud-Kivu, notamment, plusieurs leaders de groupes arm\u00e9s ont \u00e9t\u00e9 approch\u00e9s par l\u2019AFC, ce qui contribue, selon le rapport, \u00e0 faire naitre \u00ab&nbsp;<em>des tensions entre et au sein des groupes arm\u00e9s au Sud-Kivu au cours des derniers mois<\/em>&nbsp;\u00bb.<\/p>\n\n\n\n<h2 class=\"wp-block-heading\">Les ADF, le groupe le plus meurtrier<\/h2>\n\n\n\n<p>Dans les 45 pages du rapport est aussi \u00e9voqu\u00e9e l\u2019intensification des activit\u00e9s du groupe ADF (<em>Allied Democratic Forces<\/em>) avec des attaques principalement contre des civils, au Nord-Kivu et en Ituri. Les ADF sont actuellement en RDC le groupe arm\u00e9 le plus meurtrier puisque pr\u00e8s de 1 000 victimes ont \u00e9t\u00e9 recens\u00e9es en 2023, selon les auteurs.<\/p>\n\n\n\n<p>Autre constat des experts&nbsp;: la mont\u00e9e de l\u2019utilisation des enfants soldats dans les conflits \u00e0 l\u2019est de la RDC. \u00ab&nbsp;<em>Le recrutement d\u2019enfants a atteint un niveau alarmant au d\u00e9but de l\u2019ann\u00e9e 2024<\/em>&nbsp;\u00bb, peut-on lire. C\u2019est principalement dans le Nord-Kivu que les bellig\u00e9rants utilisent des enfants soldats dans les diff\u00e9rents camps.<\/p>\n\n\n\n<p>Tout d\u2019abord, le M23 et le Rwanda sont mis en cause. Des recrutements qui ont surtout eu lieu, pour les experts, apr\u00e8s l\u2019offensive d\u2019octobre 2023. Des enfants, de 10 ou 12 ans, recrut\u00e9s en RDC dans les zones contr\u00f4l\u00e9es, et parfois enr\u00f4l\u00e9s de\u00a0force. Le rapport \u00e9voque aussi des recrutements dans les camps de r\u00e9fugi\u00e9s au Rwanda (Mahama, Gisagara, Kizimba et Gihembe) et en Ouganda (Kyaka II et Nakivale).<\/p>\n\n\n\n<p>Du c\u00f4t\u00e9 de la coalition gouvernementale, les groupes wazalendos sont aussi accus\u00e9s d\u2019utiliser des enfants dans les combats. Le rapport \u00e9voque la pr\u00e9sence d\u2019enfants arm\u00e9s aux alentours de Goma et de Sak\u00e9, pr\u00e8s des camps de d\u00e9plac\u00e9s notamment. Plusieurs groupes sont cit\u00e9s dans ce document : le NDC-R\/Guidon, l\u2019APCLS, les FDLR, l\u2019UPCRL\u2026<\/p>\n\n\n\n<p>Enfin, sur cette question, le rapport note que \u00ab&nbsp;<em>m\u00eame si les FARDC [Forces arm\u00e9es de la RDC, NDLR] et certains chefs de groupes arm\u00e9s auraient interdit le recrutement et l&rsquo;utilisation d&rsquo;enfants et que certains groupes ont formellement accept\u00e9 de les lib\u00e9rer de leurs rangs, le Groupe n\u2019a trouv\u00e9 aucune preuve que de telles initiatives soient mis en \u0153uvre par l&rsquo;un des groupes Wazalendo<\/em>&nbsp;\u00bb.<\/p>\n\n\n\n<h2 class=\"wp-block-heading\">Vers de nouvelles sanctions&nbsp;?<\/h2>\n\n\n\n<p>Tout au long du document, les experts estiment qu\u2019une grande partie des faits relat\u00e9s peuvent faire l\u2019objet de sanction. Ce rapport doit donc th\u00e9oriquement servir de base de travail pour le comit\u00e9 Adhoc des Nations unies. C\u2019est \u00e0 partir de ces accusations que des sanctions, notamment \u00e9conomiques, peuvent \u00eatre prises au niveau de l\u2019ONU contre des acteurs impliqu\u00e9s dans les diff\u00e9rents conflits.<\/p>\n\n\n\n<p>Enfin, ces rapports peuvent aussi jouer un r\u00f4le de plaidoyer au niveau des \u00c9tats. Jusqu\u2019ici, en effet, c\u2019est sur la base du travail des experts de l\u2019ONU que plusieurs gouvernements ont condamn\u00e9s l\u2019action du Rwanda dans l\u2019est de la RDC et lui ont demand\u00e9 de retirer sans d\u00e9lais ses militaires pr\u00e9sents dans la zone.<\/p>\n","protected":false},"excerpt":{"rendered":"<p>Comme tous les six mois, les experts onusiens mandat\u00e9s par le Conseil de s\u00e9curit\u00e9 des Nations unies ont rendu leur rapport sur la situation en R\u00e9publique d\u00e9mocratique du Congo (RDC). Un \u00e9tat des lieux sur le niveau de violences auquel est confront\u00e9 le pays et notamment les provinces de l\u2019Est. L\u2019une des r\u00e9v\u00e9lations de ce [&hellip;]<\/p>\n","protected":false},"author":1,"featured_media":39249,"comment_status":"open","ping_status":"open","sticky":false,"template":"","format":"standard","meta":{"footnotes":""},"categories":[67,69,59],"tags":[81,78,82],"class_list":{"0":"post-39248","1":"post","2":"type-post","3":"status-publish","4":"format-standard","5":"has-post-thumbnail","7":"category-actualites","8":"category-politique","9":"category-speciaux","10":"tag-actualites","11":"tag-apie-project-2","12":"tag-politique"},"yoast_head":"<!-- This site is optimized with the Yoast SEO plugin v24.4 - https:\/\/yoast.com\/wordpress\/plugins\/seo\/ -->\n<title>RDC: Le Soutien De L\u2019Ouganda Aux Rebelles Du M23 - APIE NEWS<\/title>\n<meta name=\"robots\" content=\"index, follow, max-snippet:-1, max-image-preview:large, max-video-preview:-1\" \/>\n<link rel=\"canonical\" href=\"https:\/\/appsaf.apieproject.com\/news\/fr\/2024\/07\/08\/rdc-le-soutien-de-louganda-aux-rebelles-du-m23\/\" \/>\n<meta property=\"og:locale\" content=\"fr_FR\" \/>\n<meta property=\"og:type\" content=\"article\" \/>\n<meta property=\"og:title\" content=\"RDC: Le Soutien De L\u2019Ouganda Aux Rebelles Du M23 - APIE NEWS\" \/>\n<meta property=\"og:description\" content=\"Comme tous les six mois, les experts onusiens mandat\u00e9s par le Conseil de s\u00e9curit\u00e9 des Nations unies ont rendu leur rapport sur la situation en R\u00e9publique d\u00e9mocratique du Congo (RDC). Un \u00e9tat des lieux sur le niveau de violences auquel est confront\u00e9 le pays et notamment les provinces de l\u2019Est. L\u2019une des r\u00e9v\u00e9lations de ce [&hellip;]\" \/>\n<meta property=\"og:url\" content=\"https:\/\/appsaf.apieproject.com\/news\/fr\/2024\/07\/08\/rdc-le-soutien-de-louganda-aux-rebelles-du-m23\/\" \/>\n<meta property=\"og:site_name\" content=\"APIE NEWS\" \/>\n<meta property=\"article:publisher\" content=\"https:\/\/facebook.com\/apieproject\" \/>\n<meta property=\"article:published_time\" content=\"2024-07-08T05:28:11+00:00\" \/>\n<meta property=\"article:modified_time\" content=\"2024-07-08T05:28:12+00:00\" \/>\n<meta property=\"og:image\" content=\"https:\/\/appsaf.apieproject.com\/news\/wp-content\/uploads\/sites\/29\/2024\/07\/M23.jpg\" \/>\n\t<meta property=\"og:image:width\" content=\"979\" \/>\n\t<meta property=\"og:image:height\" content=\"550\" \/>\n\t<meta property=\"og:image:type\" content=\"image\/jpeg\" \/>\n<meta name=\"author\" content=\"apieproject\" \/>\n<meta name=\"twitter:card\" content=\"summary_large_image\" \/>\n<meta name=\"twitter:creator\" content=\"@apieproject\" \/>\n<meta name=\"twitter:site\" content=\"@apieproject\" \/>\n<meta name=\"twitter:label1\" content=\"\u00c9crit par\" \/>\n\t<meta name=\"twitter:data1\" content=\"apieproject\" \/>\n\t<meta name=\"twitter:label2\" content=\"Dur\u00e9e de lecture estim\u00e9e\" \/>\n\t<meta name=\"twitter:data2\" content=\"6 minutes\" \/>\n<script type=\"application\/ld+json\" class=\"yoast-schema-graph\">{\"@context\":\"https:\/\/schema.org\",\"@graph\":[{\"@type\":\"Article\",\"@id\":\"https:\/\/appsaf.apieproject.com\/news\/fr\/2024\/07\/08\/rdc-le-soutien-de-louganda-aux-rebelles-du-m23\/#article\",\"isPartOf\":{\"@id\":\"https:\/\/appsaf.apieproject.com\/news\/fr\/2024\/07\/08\/rdc-le-soutien-de-louganda-aux-rebelles-du-m23\/\"},\"author\":{\"name\":\"apieproject\",\"@id\":\"https:\/\/appsaf.apieproject.com\/news\/#\/schema\/person\/ad5502ca15531a327ebd9865992b8492\"},\"headline\":\"RDC: Le Soutien De L\u2019Ouganda Aux Rebelles Du M23\",\"datePublished\":\"2024-07-08T05:28:11+00:00\",\"dateModified\":\"2024-07-08T05:28:12+00:00\",\"mainEntityOfPage\":{\"@id\":\"https:\/\/appsaf.apieproject.com\/news\/fr\/2024\/07\/08\/rdc-le-soutien-de-louganda-aux-rebelles-du-m23\/\"},\"wordCount\":1182,\"commentCount\":0,\"publisher\":{\"@id\":\"https:\/\/appsaf.apieproject.com\/news\/#organization\"},\"image\":{\"@id\":\"https:\/\/appsaf.apieproject.com\/news\/fr\/2024\/07\/08\/rdc-le-soutien-de-louganda-aux-rebelles-du-m23\/#primaryimage\"},\"thumbnailUrl\":\"https:\/\/appsaf.apieproject.com\/news\/wp-content\/uploads\/sites\/29\/2024\/07\/M23.jpg\",\"keywords\":[\"actualites\",\"apie project\",\"politique\"],\"articleSection\":[\"Actualit\u00e9s\",\"Politique\",\"Sp\u00e9ciaux\"],\"inLanguage\":\"fr-FR\",\"potentialAction\":[{\"@type\":\"CommentAction\",\"name\":\"Comment\",\"target\":[\"https:\/\/appsaf.apieproject.com\/news\/fr\/2024\/07\/08\/rdc-le-soutien-de-louganda-aux-rebelles-du-m23\/#respond\"]}]},{\"@type\":\"WebPage\",\"@id\":\"https:\/\/appsaf.apieproject.com\/news\/fr\/2024\/07\/08\/rdc-le-soutien-de-louganda-aux-rebelles-du-m23\/\",\"url\":\"https:\/\/appsaf.apieproject.com\/news\/fr\/2024\/07\/08\/rdc-le-soutien-de-louganda-aux-rebelles-du-m23\/\",\"name\":\"RDC: Le Soutien De L\u2019Ouganda Aux Rebelles Du M23 - APIE NEWS\",\"isPartOf\":{\"@id\":\"https:\/\/appsaf.apieproject.com\/news\/#website\"},\"primaryImageOfPage\":{\"@id\":\"https:\/\/appsaf.apieproject.com\/news\/fr\/2024\/07\/08\/rdc-le-soutien-de-louganda-aux-rebelles-du-m23\/#primaryimage\"},\"image\":{\"@id\":\"https:\/\/appsaf.apieproject.com\/news\/fr\/2024\/07\/08\/rdc-le-soutien-de-louganda-aux-rebelles-du-m23\/#primaryimage\"},\"thumbnailUrl\":\"https:\/\/appsaf.apieproject.com\/news\/wp-content\/uploads\/sites\/29\/2024\/07\/M23.jpg\",\"datePublished\":\"2024-07-08T05:28:11+00:00\",\"dateModified\":\"2024-07-08T05:28:12+00:00\",\"breadcrumb\":{\"@id\":\"https:\/\/appsaf.apieproject.com\/news\/fr\/2024\/07\/08\/rdc-le-soutien-de-louganda-aux-rebelles-du-m23\/#breadcrumb\"},\"inLanguage\":\"fr-FR\",\"potentialAction\":[{\"@type\":\"ReadAction\",\"target\":[\"https:\/\/appsaf.apieproject.com\/news\/fr\/2024\/07\/08\/rdc-le-soutien-de-louganda-aux-rebelles-du-m23\/\"]}]},{\"@type\":\"ImageObject\",\"inLanguage\":\"fr-FR\",\"@id\":\"https:\/\/appsaf.apieproject.com\/news\/fr\/2024\/07\/08\/rdc-le-soutien-de-louganda-aux-rebelles-du-m23\/#primaryimage\",\"url\":\"https:\/\/appsaf.apieproject.com\/news\/wp-content\/uploads\/sites\/29\/2024\/07\/M23.jpg\",\"contentUrl\":\"https:\/\/appsaf.apieproject.com\/news\/wp-content\/uploads\/sites\/29\/2024\/07\/M23.jpg\",\"width\":979,\"height\":550},{\"@type\":\"BreadcrumbList\",\"@id\":\"https:\/\/appsaf.apieproject.com\/news\/fr\/2024\/07\/08\/rdc-le-soutien-de-louganda-aux-rebelles-du-m23\/#breadcrumb\",\"itemListElement\":[{\"@type\":\"ListItem\",\"position\":1,\"name\":\"Home\",\"item\":\"https:\/\/appsaf.apieproject.com\/news\/fr\/home\/\"},{\"@type\":\"ListItem\",\"position\":2,\"name\":\"RDC: Le Soutien De L\u2019Ouganda Aux Rebelles Du M23\"}]},{\"@type\":\"WebSite\",\"@id\":\"https:\/\/appsaf.apieproject.com\/news\/#website\",\"url\":\"https:\/\/appsaf.apieproject.com\/news\/\",\"name\":\"APIE NEWS\",\"description\":\"PANAFRICANISM NEWS PORTAL\",\"publisher\":{\"@id\":\"https:\/\/appsaf.apieproject.com\/news\/#organization\"},\"potentialAction\":[{\"@type\":\"SearchAction\",\"target\":{\"@type\":\"EntryPoint\",\"urlTemplate\":\"https:\/\/appsaf.apieproject.com\/news\/?s={search_term_string}\"},\"query-input\":{\"@type\":\"PropertyValueSpecification\",\"valueRequired\":true,\"valueName\":\"search_term_string\"}}],\"inLanguage\":\"fr-FR\"},{\"@type\":\"Organization\",\"@id\":\"https:\/\/appsaf.apieproject.com\/news\/#organization\",\"name\":\"APIE PROJECT\",\"url\":\"https:\/\/appsaf.apieproject.com\/news\/\",\"logo\":{\"@type\":\"ImageObject\",\"inLanguage\":\"fr-FR\",\"@id\":\"https:\/\/appsaf.apieproject.com\/news\/#\/schema\/logo\/image\/\",\"url\":\"https:\/\/appsaf.apieproject.com\/news\/wp-content\/uploads\/sites\/29\/2022\/07\/logo-R-TransparentBackground.png\",\"contentUrl\":\"https:\/\/appsaf.apieproject.com\/news\/wp-content\/uploads\/sites\/29\/2022\/07\/logo-R-TransparentBackground.png\",\"width\":512,\"height\":512,\"caption\":\"APIE PROJECT\"},\"image\":{\"@id\":\"https:\/\/appsaf.apieproject.com\/news\/#\/schema\/logo\/image\/\"},\"sameAs\":[\"https:\/\/facebook.com\/apieproject\",\"https:\/\/x.com\/apieproject\"]},{\"@type\":\"Person\",\"@id\":\"https:\/\/appsaf.apieproject.com\/news\/#\/schema\/person\/ad5502ca15531a327ebd9865992b8492\",\"name\":\"apieproject\",\"image\":{\"@type\":\"ImageObject\",\"inLanguage\":\"fr-FR\",\"@id\":\"https:\/\/appsaf.apieproject.com\/news\/#\/schema\/person\/image\/\",\"url\":\"https:\/\/secure.gravatar.com\/avatar\/8da820f890920c54e6a9a30087a8b9ec?s=96&d=mm&r=g\",\"contentUrl\":\"https:\/\/secure.gravatar.com\/avatar\/8da820f890920c54e6a9a30087a8b9ec?s=96&d=mm&r=g\",\"caption\":\"apieproject\"},\"url\":\"https:\/\/appsaf.apieproject.com\/news\/fr\/author\/apieproject\/\"}]}<\/script>\n<!-- \/ Yoast SEO plugin. -->","yoast_head_json":{"title":"RDC: Le Soutien De L\u2019Ouganda Aux Rebelles Du M23 - APIE NEWS","robots":{"index":"index","follow":"follow","max-snippet":"max-snippet:-1","max-image-preview":"max-image-preview:large","max-video-preview":"max-video-preview:-1"},"canonical":"https:\/\/appsaf.apieproject.com\/news\/fr\/2024\/07\/08\/rdc-le-soutien-de-louganda-aux-rebelles-du-m23\/","og_locale":"fr_FR","og_type":"article","og_title":"RDC: Le Soutien De L\u2019Ouganda Aux Rebelles Du M23 - APIE NEWS","og_description":"Comme tous les six mois, les experts onusiens mandat\u00e9s par le Conseil de s\u00e9curit\u00e9 des Nations unies ont rendu leur rapport sur la situation en R\u00e9publique d\u00e9mocratique du Congo (RDC). Un \u00e9tat des lieux sur le niveau de violences auquel est confront\u00e9 le pays et notamment les provinces de l\u2019Est. L\u2019une des r\u00e9v\u00e9lations de ce [&hellip;]","og_url":"https:\/\/appsaf.apieproject.com\/news\/fr\/2024\/07\/08\/rdc-le-soutien-de-louganda-aux-rebelles-du-m23\/","og_site_name":"APIE NEWS","article_publisher":"https:\/\/facebook.com\/apieproject","article_published_time":"2024-07-08T05:28:11+00:00","article_modified_time":"2024-07-08T05:28:12+00:00","og_image":[{"width":979,"height":550,"url":"https:\/\/appsaf.apieproject.com\/news\/wp-content\/uploads\/sites\/29\/2024\/07\/M23.jpg","type":"image\/jpeg"}],"author":"apieproject","twitter_card":"summary_large_image","twitter_creator":"@apieproject","twitter_site":"@apieproject","twitter_misc":{"\u00c9crit par":"apieproject","Dur\u00e9e de lecture estim\u00e9e":"6 minutes"},"schema":{"@context":"https:\/\/schema.org","@graph":[{"@type":"Article","@id":"https:\/\/appsaf.apieproject.com\/news\/fr\/2024\/07\/08\/rdc-le-soutien-de-louganda-aux-rebelles-du-m23\/#article","isPartOf":{"@id":"https:\/\/appsaf.apieproject.com\/news\/fr\/2024\/07\/08\/rdc-le-soutien-de-louganda-aux-rebelles-du-m23\/"},"author":{"name":"apieproject","@id":"https:\/\/appsaf.apieproject.com\/news\/#\/schema\/person\/ad5502ca15531a327ebd9865992b8492"},"headline":"RDC: Le Soutien De L\u2019Ouganda Aux Rebelles Du M23","datePublished":"2024-07-08T05:28:11+00:00","dateModified":"2024-07-08T05:28:12+00:00","mainEntityOfPage":{"@id":"https:\/\/appsaf.apieproject.com\/news\/fr\/2024\/07\/08\/rdc-le-soutien-de-louganda-aux-rebelles-du-m23\/"},"wordCount":1182,"commentCount":0,"publisher":{"@id":"https:\/\/appsaf.apieproject.com\/news\/#organization"},"image":{"@id":"https:\/\/appsaf.apieproject.com\/news\/fr\/2024\/07\/08\/rdc-le-soutien-de-louganda-aux-rebelles-du-m23\/#primaryimage"},"thumbnailUrl":"https:\/\/appsaf.apieproject.com\/news\/wp-content\/uploads\/sites\/29\/2024\/07\/M23.jpg","keywords":["actualites","apie project","politique"],"articleSection":["Actualit\u00e9s","Politique","Sp\u00e9ciaux"],"inLanguage":"fr-FR","potentialAction":[{"@type":"CommentAction","name":"Comment","target":["https:\/\/appsaf.apieproject.com\/news\/fr\/2024\/07\/08\/rdc-le-soutien-de-louganda-aux-rebelles-du-m23\/#respond"]}]},{"@type":"WebPage","@id":"https:\/\/appsaf.apieproject.com\/news\/fr\/2024\/07\/08\/rdc-le-soutien-de-louganda-aux-rebelles-du-m23\/","url":"https:\/\/appsaf.apieproject.com\/news\/fr\/2024\/07\/08\/rdc-le-soutien-de-louganda-aux-rebelles-du-m23\/","name":"RDC: Le Soutien De L\u2019Ouganda Aux Rebelles Du M23 - APIE NEWS","isPartOf":{"@id":"https:\/\/appsaf.apieproject.com\/news\/#website"},"primaryImageOfPage":{"@id":"https:\/\/appsaf.apieproject.com\/news\/fr\/2024\/07\/08\/rdc-le-soutien-de-louganda-aux-rebelles-du-m23\/#primaryimage"},"image":{"@id":"https:\/\/appsaf.apieproject.com\/news\/fr\/2024\/07\/08\/rdc-le-soutien-de-louganda-aux-rebelles-du-m23\/#primaryimage"},"thumbnailUrl":"https:\/\/appsaf.apieproject.com\/news\/wp-content\/uploads\/sites\/29\/2024\/07\/M23.jpg","datePublished":"2024-07-08T05:28:11+00:00","dateModified":"2024-07-08T05:28:12+00:00","breadcrumb":{"@id":"https:\/\/appsaf.apieproject.com\/news\/fr\/2024\/07\/08\/rdc-le-soutien-de-louganda-aux-rebelles-du-m23\/#breadcrumb"},"inLanguage":"fr-FR","potentialAction":[{"@type":"ReadAction","target":["https:\/\/appsaf.apieproject.com\/news\/fr\/2024\/07\/08\/rdc-le-soutien-de-louganda-aux-rebelles-du-m23\/"]}]},{"@type":"ImageObject","inLanguage":"fr-FR","@id":"https:\/\/appsaf.apieproject.com\/news\/fr\/2024\/07\/08\/rdc-le-soutien-de-louganda-aux-rebelles-du-m23\/#primaryimage","url":"https:\/\/appsaf.apieproject.com\/news\/wp-content\/uploads\/sites\/29\/2024\/07\/M23.jpg","contentUrl":"https:\/\/appsaf.apieproject.com\/news\/wp-content\/uploads\/sites\/29\/2024\/07\/M23.jpg","width":979,"height":550},{"@type":"BreadcrumbList","@id":"https:\/\/appsaf.apieproject.com\/news\/fr\/2024\/07\/08\/rdc-le-soutien-de-louganda-aux-rebelles-du-m23\/#breadcrumb","itemListElement":[{"@type":"ListItem","position":1,"name":"Home","item":"https:\/\/appsaf.apieproject.com\/news\/fr\/home\/"},{"@type":"ListItem","position":2,"name":"RDC: Le Soutien De L\u2019Ouganda Aux Rebelles Du M23"}]},{"@type":"WebSite","@id":"https:\/\/appsaf.apieproject.com\/news\/#website","url":"https:\/\/appsaf.apieproject.com\/news\/","name":"APIE NEWS","description":"PANAFRICANISM NEWS PORTAL","publisher":{"@id":"https:\/\/appsaf.apieproject.com\/news\/#organization"},"potentialAction":[{"@type":"SearchAction","target":{"@type":"EntryPoint","urlTemplate":"https:\/\/appsaf.apieproject.com\/news\/?s={search_term_string}"},"query-input":{"@type":"PropertyValueSpecification","valueRequired":true,"valueName":"search_term_string"}}],"inLanguage":"fr-FR"},{"@type":"Organization","@id":"https:\/\/appsaf.apieproject.com\/news\/#organization","name":"APIE PROJECT","url":"https:\/\/appsaf.apieproject.com\/news\/","logo":{"@type":"ImageObject","inLanguage":"fr-FR","@id":"https:\/\/appsaf.apieproject.com\/news\/#\/schema\/logo\/image\/","url":"https:\/\/appsaf.apieproject.com\/news\/wp-content\/uploads\/sites\/29\/2022\/07\/logo-R-TransparentBackground.png","contentUrl":"https:\/\/appsaf.apieproject.com\/news\/wp-content\/uploads\/sites\/29\/2022\/07\/logo-R-TransparentBackground.png","width":512,"height":512,"caption":"APIE PROJECT"},"image":{"@id":"https:\/\/appsaf.apieproject.com\/news\/#\/schema\/logo\/image\/"},"sameAs":["https:\/\/facebook.com\/apieproject","https:\/\/x.com\/apieproject"]},{"@type":"Person","@id":"https:\/\/appsaf.apieproject.com\/news\/#\/schema\/person\/ad5502ca15531a327ebd9865992b8492","name":"apieproject","image":{"@type":"ImageObject","inLanguage":"fr-FR","@id":"https:\/\/appsaf.apieproject.com\/news\/#\/schema\/person\/image\/","url":"https:\/\/secure.gravatar.com\/avatar\/8da820f890920c54e6a9a30087a8b9ec?s=96&d=mm&r=g","contentUrl":"https:\/\/secure.gravatar.com\/avatar\/8da820f890920c54e6a9a30087a8b9ec?s=96&d=mm&r=g","caption":"apieproject"},"url":"https:\/\/appsaf.apieproject.com\/news\/fr\/author\/apieproject\/"}]}},"_links":{"self":[{"href":"https:\/\/appsaf.apieproject.com\/news\/fr\/wp-json\/wp\/v2\/posts\/39248","targetHints":{"allow":["GET"]}}],"collection":[{"href":"https:\/\/appsaf.apieproject.com\/news\/fr\/wp-json\/wp\/v2\/posts"}],"about":[{"href":"https:\/\/appsaf.apieproject.com\/news\/fr\/wp-json\/wp\/v2\/types\/post"}],"author":[{"embeddable":true,"href":"https:\/\/appsaf.apieproject.com\/news\/fr\/wp-json\/wp\/v2\/users\/1"}],"replies":[{"embeddable":true,"href":"https:\/\/appsaf.apieproject.com\/news\/fr\/wp-json\/wp\/v2\/comments?post=39248"}],"version-history":[{"count":1,"href":"https:\/\/appsaf.apieproject.com\/news\/fr\/wp-json\/wp\/v2\/posts\/39248\/revisions"}],"predecessor-version":[{"id":39252,"href":"https:\/\/appsaf.apieproject.com\/news\/fr\/wp-json\/wp\/v2\/posts\/39248\/revisions\/39252"}],"wp:featuredmedia":[{"embeddable":true,"href":"https:\/\/appsaf.apieproject.com\/news\/fr\/wp-json\/wp\/v2\/media\/39249"}],"wp:attachment":[{"href":"https:\/\/appsaf.apieproject.com\/news\/fr\/wp-json\/wp\/v2\/media?parent=39248"}],"wp:term":[{"taxonomy":"category","embeddable":true,"href":"https:\/\/appsaf.apieproject.com\/news\/fr\/wp-json\/wp\/v2\/categories?post=39248"},{"taxonomy":"post_tag","embeddable":true,"href":"https:\/\/appsaf.apieproject.com\/news\/fr\/wp-json\/wp\/v2\/tags?post=39248"}],"curies":[{"name":"wp","href":"https:\/\/api.w.org\/{rel}","templated":true}]}}