{"id":39276,"date":"2024-07-14T23:47:20","date_gmt":"2024-07-14T23:47:20","guid":{"rendered":"https:\/\/appsaf.apieproject.com\/news\/?p=39276"},"modified":"2024-07-14T23:47:23","modified_gmt":"2024-07-14T23:47:23","slug":"moi-kadhafi-ingerence-occidentale-en-afrique-et-aux-antilles","status":"publish","type":"post","link":"https:\/\/appsaf.apieproject.com\/news\/fr\/2024\/07\/14\/moi-kadhafi-ingerence-occidentale-en-afrique-et-aux-antilles\/","title":{"rendered":"\u00ab\u00a0Moi, Kadhafi\u00a0\u00bb: Ing\u00e9rence Occidentale En Afrique Et Aux Antilles"},"content":{"rendered":"\n<p><em>\u00ab\u00a0Ils ont partag\u00e9 Africa, sans nous consulter, sans nous demander \/ Ils s\u2019\u00e9tonnent que nous soyons d\u00e9sunis.\u00a0\u00bb<\/em>\u00a0Sous les mots railleurs du chanteur ivoirien\u00a0Tiken Jah Fakoly, Serge Abatucci d\u00e9barque tout sourire sur la petite sc\u00e8ne de la Chapelle du verbe incarn\u00e9, \u00e0 Avignon.\u00a0<em>\u00ab\u00a0Moi, Paul, avec ma gueule de n\u00e8gre de la Cara\u00efbe, c\u2019est \u00e0 moi qu\u2019on a demand\u00e9 de jouer Kadhafi.\u00a0\u00bb<\/em><\/p>\n\n\n\n<p>Dans ce seul en sc\u00e8ne sous forme de mise en abyme, le com\u00e9dien martiniquais, \u00e9galement codirecteur de la compagnie Ks and Co en Guyane, incarne Paul, un com\u00e9dien sans grand succ\u00e8s choisi pour jouer\u00a0Kadhafi\u00a0au th\u00e9\u00e2tre. \u00c0 l\u2019image\u00a0de\u00a0son personnage, c\u2019est gr\u00e2ce \u00e0 sa ressemblance physique avec le dictateur libyen que l\u2019id\u00e9e d\u2019une pi\u00e8ce a germ\u00e9 dans la t\u00eate d\u2019Alain Tim\u00e1r<em>,\u00a0<\/em>metteur en sc\u00e8ne et directeur du Th\u00e9\u00e2tre des halles, \u00e0 Avignon. \u00ab\u00a0Quand Alain m\u2019a parl\u00e9 de son projet, on \u00e9tait en plein pendant les attentats et je r\u00e9fl\u00e9chissais beaucoup \u00e0 la question de la radicalisation, raconte Serge Abatucci. Je me questionnais sur cette col\u00e8re latente, car j\u2019en comprenais quelque chose. La figure de Kadhafi a fait tilt, car il fait aussi grand sens dans mes r\u00e9gions.\u00a0\u00bb<\/p>\n\n\n\n<h2 class=\"wp-block-heading\">Hant\u00e9 par le spectre de Kadhafi<\/h2>\n\n\n\n<p>Mais n\u2019\u00e9crit pas un spectacle sur Kadhafi qui veut. Les&nbsp;deux&nbsp;hommes s\u2019accompagnent de l\u2019auteure martiniquaise V\u00e9ronique Kanor et d\u2019Alfred Alexandre comme conseiller \u00e0 la dramaturgie. La gestation du projet dure neuf&nbsp;ans. \u00ab&nbsp;Entre le moment o\u00f9 Alain Tim\u00e1r m\u2019a propos\u00e9 d\u2019\u00e9crire un monologue pour Serge Abatucci dans le r\u00f4le de Kadhafi et le moment o\u00f9 je me suis mise r\u00e9ellement \u00e0 \u00e9crire, il s\u2019est pass\u00e9 un paquet de temps. Deux-trois&nbsp;ans. Comment \u00e9crire sur Kadhafi ? Quel Kadhafi \u00e9crire ?&nbsp;\u00bb<em>,<\/em>&nbsp;s\u2019interroge alors l\u2019\u00e9crivaine.<\/p>\n\n\n\n<p>Autour du dirigeant libyen, le myst\u00e8re plane. Comment comprendre qu\u2019il soit un tyran assoiff\u00e9 de sang aux yeux de l\u2019Occident, mais un lib\u00e9rateur visionnaire pour les peuples du Sud ? \u00ab\u00a0Si on\u00a0s\u2019empare\u00a0d\u2019un personnage comme Kadhafi, tout son itin\u00e9raire, de son enfance \u00e0 sa mort, nous int\u00e9resse, d\u2019un point de vue humain comme politique, explique Alain Tim\u00e1r. Cet homme politique a pu mettre en place l\u2019id\u00e9e d\u2019une unit\u00e9 de l\u2019Afrique, il a aid\u00e9 son peuple avec l\u2019\u00e9cole et la sant\u00e9 gratuites, puis il est devenu celui qu\u2019on a appel\u00e9 un \u201ctyran sanguinaire\u201d. C\u2019est une figure mythique et paradoxale.\u00a0\u00bb<\/p>\n\n\n\n<p>La premi\u00e8re mouture de l\u2019histoire ressemble plus \u00e0 une biographie du dirigeant libyen, mais est mise de c\u00f4t\u00e9. Apr\u00e8s deux r\u00e9sidences en Guyane puis en Martinique \u2013&nbsp;enrichies par de grandes discussions sur \u00ab&nbsp;nos col\u00e8res d\u2019afro-descendants, notre&nbsp;envie&nbsp;de tout faire p\u00e9ter, nos d\u00e9sarrois politiques, nos l\u00e2chet\u00e9s, nos courages&nbsp;\u00bb, relate V\u00e9ronique Kanor \u2013, l\u2019id\u00e9e surgit : partir de la Cara\u00efbe et de l\u2019intime. \u00ab&nbsp;J\u2019ai compris que la fa\u00e7on la plus juste d\u2019\u00e9crire Kadhafi \u00e9tait de partir de moi, de mes terres cr\u00e9oles et de mes sentiments de personne descendant d\u2019un peuple colonis\u00e9&nbsp;\u00bb, poursuit-elle. Ainsi na\u00eet Paul le com\u00e9dien, et Kadhafi devient un pr\u00e9texte pour \u00e9voquer les col\u00e8res refoul\u00e9es contre l\u2019Occident.<\/p>\n\n\n\n<h2 class=\"wp-block-heading\">Donner corps et voix aux col\u00e8res sourdes<\/h2>\n\n\n\n<p>La pi\u00e8ce fait le choix de se placer dans ce laps de temps juste avant que le dirigeant libyen ne se fasse tuer. En fond\u00a0de\u00a0salle, la vid\u00e9o de sa mort est projet\u00e9e. Peu \u00e0 peu, le com\u00e9dien se pare : lunettes, casquette et costume militaire. Bient\u00f4t, le parall\u00e8le s\u2019\u00e9tablit, les ranc\u0153urs accumul\u00e9es se font \u00e9cho, la col\u00e8re se d\u00e9verse. Paul le com\u00e9dien de la Cara\u00efbe se transforme en Kadhafi, figure panafricaine et dictatrice. Leurs deux voix ne font qu\u2019une, auxquelles s\u2019ajoutent les milliers d\u2019autres non entendues de l\u2019Afrique et des Outre-mer.\u00a0<em>\u00ab\u00a0Il a \u00e9t\u00e9 \u00e9crit pour moi, ce r\u00f4le, avec ma col\u00e8re \u00e0 moi\u00a0\u00bb,<\/em>\u00a0clame le protagoniste sur sc\u00e8ne.<\/p>\n\n\n\n<p>\u00ab&nbsp;Dans cette pi\u00e8ce, il y a une grande partie de mon v\u00e9cu dans cette r\u00e9gion-l\u00e0 qui&nbsp;dit&nbsp;la transmission de cette souffrance et de ce mal-\u00eatre ressass\u00e9 depuis les parents, les grands-parents, t\u00e9moigne Serge Abatucci. Cela se traduit dans les urnes. Comment aux Antilles, on peut voter \u00e0 30 % pour un parti raciste et x\u00e9nophobe, comme le Rassemblement national ? On nous a appris \u00e0 nous autoflageller puisque toutes les col\u00e8res exprim\u00e9es, m\u00eame dans un autre endroit, telle la Nouvelle-Cal\u00e9donie, sont retourn\u00e9es contre les personnes elles-m\u00eames. Cette col\u00e8re n\u2019est pas vue comme l\u00e9gitime, pas regard\u00e9e dans ce qui la g\u00e9n\u00e8re.&nbsp;\u00bb L\u2019ing\u00e9rence de l\u2019Occident sur les soci\u00e9t\u00e9s africaines et antillaises se retrouve vivement critiqu\u00e9e, mais sans cacher la perversit\u00e9 du&nbsp;dictateur&nbsp;libyen.<\/p>\n\n\n\n<h2 class=\"wp-block-heading\">Ambition panafricaine<\/h2>\n\n\n\n<p>Le spectacle s\u2019\u00e9paissit lors de la rencontre avec le public. En 2022, la pi\u00e8ce est jou\u00e9e \u00e0 Ouagadougou, au Burkina Faso, lors du festival Les r\u00e9cr\u00e9atrales. \u00ab\u00a0Nous avons \u00e9t\u00e9 invit\u00e9s au moment o\u00f9 il y avait toutes les questions sur la pr\u00e9sence fran\u00e7aise au Burkina. Et tenir ces propos-l\u00e0, en plein Sahel, au c\u0153ur du panafricanisme, de l\u2019ind\u00e9pendance de ces pays, c\u2019est l\u00e0 que le texte, m\u00eame au-del\u00e0 des mots, a \u00e9t\u00e9 le plus \u00e9prouv\u00e9. On a eu un succ\u00e8s fou!<em>,<\/em>\u00a0s\u2019enthousiasme le com\u00e9dien martiniquais. Pourtant, la situation s\u2019av\u00e8re tr\u00e8s diff\u00e9rente lorsque le spectacle est jou\u00e9 en Guadeloupe et en Martinique.\u00a0Malgr\u00e9\u00a0l\u2019enthousiasme initial des producteurs, la pi\u00e8ce n\u2019est finalement jou\u00e9e que deux fois sur chacune des \u00eeles.<\/p>\n\n\n\n<p>\u00ab&nbsp;C\u2019est l\u00e0 que j\u2019ai mesur\u00e9 le degr\u00e9 d\u2019ali\u00e9nation aux Antilles. Malgr\u00e9 l\u2019envie d\u2019ind\u00e9pendance et d\u2019autonomie, les attitudes sont compl\u00e8tement contradictoires&nbsp;\u00bb, regrette Serge Abatucci. Il rappelle le souhait qu\u2019avait Kadhafi de cr\u00e9er des \u00c9tats-Unis d\u2019Afrique, auxquels auraient \u00e9t\u00e9 associ\u00e9es les \u00eeles des Cara\u00efbes. Il ne baisse n\u00e9anmoins pas les bras et esp\u00e8re pouvoir y revenir pour amener ces questionnements politiques sur le devant de la sc\u00e8ne. \u00ab&nbsp;Comme le Paul le dit dans le spectacle : \u201cMa r\u00e9volte Kadhafi, j\u2019aimerais la jouer \u00e0 Port-au-Prince, \u00e0 Dakar, \u00e0 Sarcelles,&nbsp;dans&nbsp;les arri\u00e8re-cours du monde\u201d, et c\u2019est vrai.&nbsp;\u00bb<\/p>\n\n\n\n<p>Ces r\u00e9flexions concernent aussi l\u2019Hexagone. \u00ab\u00a0Le spectacle ouvre un autre espace, c\u2019est le questionnement de la r\u00e9alit\u00e9 de la France. Moi, je suis Fran\u00e7ais, mais qu\u2019est-ce que la France\u00a0? Et la France ultramarine\u00a0?\u00a0\u00bb<em>,\u00a0<\/em>s<em>\u2019<\/em>interroge-t-il. Sur sc\u00e8ne, Paul perd pied et se fait d\u00e9vorer par la col\u00e8re et la violence du dictateur. Ses derniers mots sonnent comme un appel\u00a0:\u00a0<em>\u00ab\u00a0Je n\u2019oublierai pas, et vous, vous souviendrez-vous de moi ?\u00a0\u00bb<\/em>\u00a0Il ne tient qu\u2019\u00e0 nous.<\/p>\n\n\n\n<p><strong><em>Moi, Kadhafi<\/em>&nbsp;(1 heure), de Alain Tim\u00e1r, avec Serge Abatucci<\/strong><\/p>\n\n\n\n<p><strong>Jusqu\u2019au 21 juillet, \u00e0 16&nbsp;h\u00ad 45, \u00e0 la Chapelle du verbe incarn\u00e9, salle&nbsp;\u00c9douard-Glissant,&nbsp;Avignon<\/strong><\/p>\n","protected":false},"excerpt":{"rendered":"<p>\u00ab\u00a0Ils ont partag\u00e9 Africa, sans nous consulter, sans nous demander \/ Ils s\u2019\u00e9tonnent que nous soyons d\u00e9sunis.\u00a0\u00bb\u00a0Sous les mots railleurs du chanteur ivoirien\u00a0Tiken Jah Fakoly, Serge Abatucci d\u00e9barque tout sourire sur la petite sc\u00e8ne de la Chapelle du verbe incarn\u00e9, \u00e0 Avignon.\u00a0\u00ab\u00a0Moi, Paul, avec ma gueule de n\u00e8gre de la Cara\u00efbe, c\u2019est \u00e0 moi qu\u2019on [&hellip;]<\/p>\n","protected":false},"author":1,"featured_media":39277,"comment_status":"open","ping_status":"open","sticky":false,"template":"","format":"standard","meta":{"footnotes":""},"categories":[67,53,59],"tags":[81,78,87],"class_list":{"0":"post-39276","1":"post","2":"type-post","3":"status-publish","4":"format-standard","5":"has-post-thumbnail","7":"category-actualites","8":"category-culture-fr","9":"category-speciaux","10":"tag-actualites","11":"tag-apie-project-2","12":"tag-culture-2"},"yoast_head":"<!-- This site is optimized with the Yoast SEO plugin v24.4 - https:\/\/yoast.com\/wordpress\/plugins\/seo\/ -->\n<title>\u00ab\u00a0Moi, Kadhafi\u00a0\u00bb: Ing\u00e9rence Occidentale En Afrique Et Aux Antilles - APIE NEWS<\/title>\n<meta name=\"robots\" content=\"index, follow, max-snippet:-1, max-image-preview:large, max-video-preview:-1\" \/>\n<link rel=\"canonical\" href=\"https:\/\/appsaf.apieproject.com\/news\/fr\/2024\/07\/14\/moi-kadhafi-ingerence-occidentale-en-afrique-et-aux-antilles\/\" \/>\n<meta property=\"og:locale\" content=\"fr_FR\" \/>\n<meta property=\"og:type\" content=\"article\" \/>\n<meta property=\"og:title\" content=\"\u00ab\u00a0Moi, Kadhafi\u00a0\u00bb: Ing\u00e9rence Occidentale En Afrique Et Aux Antilles - APIE NEWS\" \/>\n<meta property=\"og:description\" content=\"\u00ab\u00a0Ils ont partag\u00e9 Africa, sans nous consulter, sans nous demander \/ Ils s\u2019\u00e9tonnent que nous soyons d\u00e9sunis.\u00a0\u00bb\u00a0Sous les mots railleurs du chanteur ivoirien\u00a0Tiken Jah Fakoly, Serge Abatucci d\u00e9barque tout sourire sur la petite sc\u00e8ne de la Chapelle du verbe incarn\u00e9, \u00e0 Avignon.\u00a0\u00ab\u00a0Moi, Paul, avec ma gueule de n\u00e8gre de la Cara\u00efbe, c\u2019est \u00e0 moi qu\u2019on [&hellip;]\" \/>\n<meta property=\"og:url\" content=\"https:\/\/appsaf.apieproject.com\/news\/fr\/2024\/07\/14\/moi-kadhafi-ingerence-occidentale-en-afrique-et-aux-antilles\/\" \/>\n<meta property=\"og:site_name\" content=\"APIE NEWS\" \/>\n<meta property=\"article:publisher\" content=\"https:\/\/facebook.com\/apieproject\" \/>\n<meta property=\"article:published_time\" content=\"2024-07-14T23:47:20+00:00\" \/>\n<meta property=\"article:modified_time\" content=\"2024-07-14T23:47:23+00:00\" \/>\n<meta property=\"og:image\" content=\"https:\/\/appsaf.apieproject.com\/news\/wp-content\/uploads\/sites\/29\/2024\/07\/MoiKadhafi.jpg\" \/>\n\t<meta property=\"og:image:width\" content=\"1086\" \/>\n\t<meta property=\"og:image:height\" content=\"804\" \/>\n\t<meta property=\"og:image:type\" content=\"image\/jpeg\" \/>\n<meta name=\"author\" content=\"apieproject\" \/>\n<meta name=\"twitter:card\" content=\"summary_large_image\" \/>\n<meta name=\"twitter:creator\" content=\"@apieproject\" \/>\n<meta name=\"twitter:site\" content=\"@apieproject\" \/>\n<meta name=\"twitter:label1\" content=\"\u00c9crit par\" \/>\n\t<meta name=\"twitter:data1\" content=\"apieproject\" \/>\n\t<meta name=\"twitter:label2\" content=\"Dur\u00e9e de lecture estim\u00e9e\" \/>\n\t<meta name=\"twitter:data2\" content=\"6 minutes\" \/>\n<script type=\"application\/ld+json\" class=\"yoast-schema-graph\">{\"@context\":\"https:\/\/schema.org\",\"@graph\":[{\"@type\":\"Article\",\"@id\":\"https:\/\/appsaf.apieproject.com\/news\/fr\/2024\/07\/14\/moi-kadhafi-ingerence-occidentale-en-afrique-et-aux-antilles\/#article\",\"isPartOf\":{\"@id\":\"https:\/\/appsaf.apieproject.com\/news\/fr\/2024\/07\/14\/moi-kadhafi-ingerence-occidentale-en-afrique-et-aux-antilles\/\"},\"author\":{\"name\":\"apieproject\",\"@id\":\"https:\/\/appsaf.apieproject.com\/news\/#\/schema\/person\/ad5502ca15531a327ebd9865992b8492\"},\"headline\":\"\u00ab\u00a0Moi, Kadhafi\u00a0\u00bb: Ing\u00e9rence Occidentale En Afrique Et Aux Antilles\",\"datePublished\":\"2024-07-14T23:47:20+00:00\",\"dateModified\":\"2024-07-14T23:47:23+00:00\",\"mainEntityOfPage\":{\"@id\":\"https:\/\/appsaf.apieproject.com\/news\/fr\/2024\/07\/14\/moi-kadhafi-ingerence-occidentale-en-afrique-et-aux-antilles\/\"},\"wordCount\":1237,\"commentCount\":0,\"publisher\":{\"@id\":\"https:\/\/appsaf.apieproject.com\/news\/#organization\"},\"image\":{\"@id\":\"https:\/\/appsaf.apieproject.com\/news\/fr\/2024\/07\/14\/moi-kadhafi-ingerence-occidentale-en-afrique-et-aux-antilles\/#primaryimage\"},\"thumbnailUrl\":\"https:\/\/appsaf.apieproject.com\/news\/wp-content\/uploads\/sites\/29\/2024\/07\/MoiKadhafi.jpg\",\"keywords\":[\"actualites\",\"apie project\",\"culture\"],\"articleSection\":[\"Actualit\u00e9s\",\"Culture\",\"Sp\u00e9ciaux\"],\"inLanguage\":\"fr-FR\",\"potentialAction\":[{\"@type\":\"CommentAction\",\"name\":\"Comment\",\"target\":[\"https:\/\/appsaf.apieproject.com\/news\/fr\/2024\/07\/14\/moi-kadhafi-ingerence-occidentale-en-afrique-et-aux-antilles\/#respond\"]}]},{\"@type\":\"WebPage\",\"@id\":\"https:\/\/appsaf.apieproject.com\/news\/fr\/2024\/07\/14\/moi-kadhafi-ingerence-occidentale-en-afrique-et-aux-antilles\/\",\"url\":\"https:\/\/appsaf.apieproject.com\/news\/fr\/2024\/07\/14\/moi-kadhafi-ingerence-occidentale-en-afrique-et-aux-antilles\/\",\"name\":\"\u00ab\u00a0Moi, Kadhafi\u00a0\u00bb: Ing\u00e9rence Occidentale En Afrique Et Aux Antilles - APIE NEWS\",\"isPartOf\":{\"@id\":\"https:\/\/appsaf.apieproject.com\/news\/#website\"},\"primaryImageOfPage\":{\"@id\":\"https:\/\/appsaf.apieproject.com\/news\/fr\/2024\/07\/14\/moi-kadhafi-ingerence-occidentale-en-afrique-et-aux-antilles\/#primaryimage\"},\"image\":{\"@id\":\"https:\/\/appsaf.apieproject.com\/news\/fr\/2024\/07\/14\/moi-kadhafi-ingerence-occidentale-en-afrique-et-aux-antilles\/#primaryimage\"},\"thumbnailUrl\":\"https:\/\/appsaf.apieproject.com\/news\/wp-content\/uploads\/sites\/29\/2024\/07\/MoiKadhafi.jpg\",\"datePublished\":\"2024-07-14T23:47:20+00:00\",\"dateModified\":\"2024-07-14T23:47:23+00:00\",\"breadcrumb\":{\"@id\":\"https:\/\/appsaf.apieproject.com\/news\/fr\/2024\/07\/14\/moi-kadhafi-ingerence-occidentale-en-afrique-et-aux-antilles\/#breadcrumb\"},\"inLanguage\":\"fr-FR\",\"potentialAction\":[{\"@type\":\"ReadAction\",\"target\":[\"https:\/\/appsaf.apieproject.com\/news\/fr\/2024\/07\/14\/moi-kadhafi-ingerence-occidentale-en-afrique-et-aux-antilles\/\"]}]},{\"@type\":\"ImageObject\",\"inLanguage\":\"fr-FR\",\"@id\":\"https:\/\/appsaf.apieproject.com\/news\/fr\/2024\/07\/14\/moi-kadhafi-ingerence-occidentale-en-afrique-et-aux-antilles\/#primaryimage\",\"url\":\"https:\/\/appsaf.apieproject.com\/news\/wp-content\/uploads\/sites\/29\/2024\/07\/MoiKadhafi.jpg\",\"contentUrl\":\"https:\/\/appsaf.apieproject.com\/news\/wp-content\/uploads\/sites\/29\/2024\/07\/MoiKadhafi.jpg\",\"width\":1086,\"height\":804},{\"@type\":\"BreadcrumbList\",\"@id\":\"https:\/\/appsaf.apieproject.com\/news\/fr\/2024\/07\/14\/moi-kadhafi-ingerence-occidentale-en-afrique-et-aux-antilles\/#breadcrumb\",\"itemListElement\":[{\"@type\":\"ListItem\",\"position\":1,\"name\":\"Home\",\"item\":\"https:\/\/appsaf.apieproject.com\/news\/fr\/home\/\"},{\"@type\":\"ListItem\",\"position\":2,\"name\":\"\u00ab\u00a0Moi, Kadhafi\u00a0\u00bb: Ing\u00e9rence Occidentale En Afrique Et Aux Antilles\"}]},{\"@type\":\"WebSite\",\"@id\":\"https:\/\/appsaf.apieproject.com\/news\/#website\",\"url\":\"https:\/\/appsaf.apieproject.com\/news\/\",\"name\":\"APIE NEWS\",\"description\":\"PANAFRICANISM NEWS PORTAL\",\"publisher\":{\"@id\":\"https:\/\/appsaf.apieproject.com\/news\/#organization\"},\"potentialAction\":[{\"@type\":\"SearchAction\",\"target\":{\"@type\":\"EntryPoint\",\"urlTemplate\":\"https:\/\/appsaf.apieproject.com\/news\/?s={search_term_string}\"},\"query-input\":{\"@type\":\"PropertyValueSpecification\",\"valueRequired\":true,\"valueName\":\"search_term_string\"}}],\"inLanguage\":\"fr-FR\"},{\"@type\":\"Organization\",\"@id\":\"https:\/\/appsaf.apieproject.com\/news\/#organization\",\"name\":\"APIE PROJECT\",\"url\":\"https:\/\/appsaf.apieproject.com\/news\/\",\"logo\":{\"@type\":\"ImageObject\",\"inLanguage\":\"fr-FR\",\"@id\":\"https:\/\/appsaf.apieproject.com\/news\/#\/schema\/logo\/image\/\",\"url\":\"https:\/\/appsaf.apieproject.com\/news\/wp-content\/uploads\/sites\/29\/2022\/07\/logo-R-TransparentBackground.png\",\"contentUrl\":\"https:\/\/appsaf.apieproject.com\/news\/wp-content\/uploads\/sites\/29\/2022\/07\/logo-R-TransparentBackground.png\",\"width\":512,\"height\":512,\"caption\":\"APIE PROJECT\"},\"image\":{\"@id\":\"https:\/\/appsaf.apieproject.com\/news\/#\/schema\/logo\/image\/\"},\"sameAs\":[\"https:\/\/facebook.com\/apieproject\",\"https:\/\/x.com\/apieproject\"]},{\"@type\":\"Person\",\"@id\":\"https:\/\/appsaf.apieproject.com\/news\/#\/schema\/person\/ad5502ca15531a327ebd9865992b8492\",\"name\":\"apieproject\",\"image\":{\"@type\":\"ImageObject\",\"inLanguage\":\"fr-FR\",\"@id\":\"https:\/\/appsaf.apieproject.com\/news\/#\/schema\/person\/image\/\",\"url\":\"https:\/\/secure.gravatar.com\/avatar\/8da820f890920c54e6a9a30087a8b9ec?s=96&d=mm&r=g\",\"contentUrl\":\"https:\/\/secure.gravatar.com\/avatar\/8da820f890920c54e6a9a30087a8b9ec?s=96&d=mm&r=g\",\"caption\":\"apieproject\"},\"url\":\"https:\/\/appsaf.apieproject.com\/news\/fr\/author\/apieproject\/\"}]}<\/script>\n<!-- \/ Yoast SEO plugin. -->","yoast_head_json":{"title":"\u00ab\u00a0Moi, Kadhafi\u00a0\u00bb: Ing\u00e9rence Occidentale En Afrique Et Aux Antilles - APIE NEWS","robots":{"index":"index","follow":"follow","max-snippet":"max-snippet:-1","max-image-preview":"max-image-preview:large","max-video-preview":"max-video-preview:-1"},"canonical":"https:\/\/appsaf.apieproject.com\/news\/fr\/2024\/07\/14\/moi-kadhafi-ingerence-occidentale-en-afrique-et-aux-antilles\/","og_locale":"fr_FR","og_type":"article","og_title":"\u00ab\u00a0Moi, Kadhafi\u00a0\u00bb: Ing\u00e9rence Occidentale En Afrique Et Aux Antilles - APIE NEWS","og_description":"\u00ab\u00a0Ils ont partag\u00e9 Africa, sans nous consulter, sans nous demander \/ Ils s\u2019\u00e9tonnent que nous soyons d\u00e9sunis.\u00a0\u00bb\u00a0Sous les mots railleurs du chanteur ivoirien\u00a0Tiken Jah Fakoly, Serge Abatucci d\u00e9barque tout sourire sur la petite sc\u00e8ne de la Chapelle du verbe incarn\u00e9, \u00e0 Avignon.\u00a0\u00ab\u00a0Moi, Paul, avec ma gueule de n\u00e8gre de la Cara\u00efbe, c\u2019est \u00e0 moi qu\u2019on [&hellip;]","og_url":"https:\/\/appsaf.apieproject.com\/news\/fr\/2024\/07\/14\/moi-kadhafi-ingerence-occidentale-en-afrique-et-aux-antilles\/","og_site_name":"APIE NEWS","article_publisher":"https:\/\/facebook.com\/apieproject","article_published_time":"2024-07-14T23:47:20+00:00","article_modified_time":"2024-07-14T23:47:23+00:00","og_image":[{"width":1086,"height":804,"url":"https:\/\/appsaf.apieproject.com\/news\/wp-content\/uploads\/sites\/29\/2024\/07\/MoiKadhafi.jpg","type":"image\/jpeg"}],"author":"apieproject","twitter_card":"summary_large_image","twitter_creator":"@apieproject","twitter_site":"@apieproject","twitter_misc":{"\u00c9crit par":"apieproject","Dur\u00e9e de lecture estim\u00e9e":"6 minutes"},"schema":{"@context":"https:\/\/schema.org","@graph":[{"@type":"Article","@id":"https:\/\/appsaf.apieproject.com\/news\/fr\/2024\/07\/14\/moi-kadhafi-ingerence-occidentale-en-afrique-et-aux-antilles\/#article","isPartOf":{"@id":"https:\/\/appsaf.apieproject.com\/news\/fr\/2024\/07\/14\/moi-kadhafi-ingerence-occidentale-en-afrique-et-aux-antilles\/"},"author":{"name":"apieproject","@id":"https:\/\/appsaf.apieproject.com\/news\/#\/schema\/person\/ad5502ca15531a327ebd9865992b8492"},"headline":"\u00ab\u00a0Moi, Kadhafi\u00a0\u00bb: Ing\u00e9rence Occidentale En Afrique Et Aux Antilles","datePublished":"2024-07-14T23:47:20+00:00","dateModified":"2024-07-14T23:47:23+00:00","mainEntityOfPage":{"@id":"https:\/\/appsaf.apieproject.com\/news\/fr\/2024\/07\/14\/moi-kadhafi-ingerence-occidentale-en-afrique-et-aux-antilles\/"},"wordCount":1237,"commentCount":0,"publisher":{"@id":"https:\/\/appsaf.apieproject.com\/news\/#organization"},"image":{"@id":"https:\/\/appsaf.apieproject.com\/news\/fr\/2024\/07\/14\/moi-kadhafi-ingerence-occidentale-en-afrique-et-aux-antilles\/#primaryimage"},"thumbnailUrl":"https:\/\/appsaf.apieproject.com\/news\/wp-content\/uploads\/sites\/29\/2024\/07\/MoiKadhafi.jpg","keywords":["actualites","apie project","culture"],"articleSection":["Actualit\u00e9s","Culture","Sp\u00e9ciaux"],"inLanguage":"fr-FR","potentialAction":[{"@type":"CommentAction","name":"Comment","target":["https:\/\/appsaf.apieproject.com\/news\/fr\/2024\/07\/14\/moi-kadhafi-ingerence-occidentale-en-afrique-et-aux-antilles\/#respond"]}]},{"@type":"WebPage","@id":"https:\/\/appsaf.apieproject.com\/news\/fr\/2024\/07\/14\/moi-kadhafi-ingerence-occidentale-en-afrique-et-aux-antilles\/","url":"https:\/\/appsaf.apieproject.com\/news\/fr\/2024\/07\/14\/moi-kadhafi-ingerence-occidentale-en-afrique-et-aux-antilles\/","name":"\u00ab\u00a0Moi, Kadhafi\u00a0\u00bb: Ing\u00e9rence Occidentale En Afrique Et Aux Antilles - APIE NEWS","isPartOf":{"@id":"https:\/\/appsaf.apieproject.com\/news\/#website"},"primaryImageOfPage":{"@id":"https:\/\/appsaf.apieproject.com\/news\/fr\/2024\/07\/14\/moi-kadhafi-ingerence-occidentale-en-afrique-et-aux-antilles\/#primaryimage"},"image":{"@id":"https:\/\/appsaf.apieproject.com\/news\/fr\/2024\/07\/14\/moi-kadhafi-ingerence-occidentale-en-afrique-et-aux-antilles\/#primaryimage"},"thumbnailUrl":"https:\/\/appsaf.apieproject.com\/news\/wp-content\/uploads\/sites\/29\/2024\/07\/MoiKadhafi.jpg","datePublished":"2024-07-14T23:47:20+00:00","dateModified":"2024-07-14T23:47:23+00:00","breadcrumb":{"@id":"https:\/\/appsaf.apieproject.com\/news\/fr\/2024\/07\/14\/moi-kadhafi-ingerence-occidentale-en-afrique-et-aux-antilles\/#breadcrumb"},"inLanguage":"fr-FR","potentialAction":[{"@type":"ReadAction","target":["https:\/\/appsaf.apieproject.com\/news\/fr\/2024\/07\/14\/moi-kadhafi-ingerence-occidentale-en-afrique-et-aux-antilles\/"]}]},{"@type":"ImageObject","inLanguage":"fr-FR","@id":"https:\/\/appsaf.apieproject.com\/news\/fr\/2024\/07\/14\/moi-kadhafi-ingerence-occidentale-en-afrique-et-aux-antilles\/#primaryimage","url":"https:\/\/appsaf.apieproject.com\/news\/wp-content\/uploads\/sites\/29\/2024\/07\/MoiKadhafi.jpg","contentUrl":"https:\/\/appsaf.apieproject.com\/news\/wp-content\/uploads\/sites\/29\/2024\/07\/MoiKadhafi.jpg","width":1086,"height":804},{"@type":"BreadcrumbList","@id":"https:\/\/appsaf.apieproject.com\/news\/fr\/2024\/07\/14\/moi-kadhafi-ingerence-occidentale-en-afrique-et-aux-antilles\/#breadcrumb","itemListElement":[{"@type":"ListItem","position":1,"name":"Home","item":"https:\/\/appsaf.apieproject.com\/news\/fr\/home\/"},{"@type":"ListItem","position":2,"name":"\u00ab\u00a0Moi, Kadhafi\u00a0\u00bb: Ing\u00e9rence Occidentale En Afrique Et Aux Antilles"}]},{"@type":"WebSite","@id":"https:\/\/appsaf.apieproject.com\/news\/#website","url":"https:\/\/appsaf.apieproject.com\/news\/","name":"APIE NEWS","description":"PANAFRICANISM NEWS PORTAL","publisher":{"@id":"https:\/\/appsaf.apieproject.com\/news\/#organization"},"potentialAction":[{"@type":"SearchAction","target":{"@type":"EntryPoint","urlTemplate":"https:\/\/appsaf.apieproject.com\/news\/?s={search_term_string}"},"query-input":{"@type":"PropertyValueSpecification","valueRequired":true,"valueName":"search_term_string"}}],"inLanguage":"fr-FR"},{"@type":"Organization","@id":"https:\/\/appsaf.apieproject.com\/news\/#organization","name":"APIE PROJECT","url":"https:\/\/appsaf.apieproject.com\/news\/","logo":{"@type":"ImageObject","inLanguage":"fr-FR","@id":"https:\/\/appsaf.apieproject.com\/news\/#\/schema\/logo\/image\/","url":"https:\/\/appsaf.apieproject.com\/news\/wp-content\/uploads\/sites\/29\/2022\/07\/logo-R-TransparentBackground.png","contentUrl":"https:\/\/appsaf.apieproject.com\/news\/wp-content\/uploads\/sites\/29\/2022\/07\/logo-R-TransparentBackground.png","width":512,"height":512,"caption":"APIE PROJECT"},"image":{"@id":"https:\/\/appsaf.apieproject.com\/news\/#\/schema\/logo\/image\/"},"sameAs":["https:\/\/facebook.com\/apieproject","https:\/\/x.com\/apieproject"]},{"@type":"Person","@id":"https:\/\/appsaf.apieproject.com\/news\/#\/schema\/person\/ad5502ca15531a327ebd9865992b8492","name":"apieproject","image":{"@type":"ImageObject","inLanguage":"fr-FR","@id":"https:\/\/appsaf.apieproject.com\/news\/#\/schema\/person\/image\/","url":"https:\/\/secure.gravatar.com\/avatar\/8da820f890920c54e6a9a30087a8b9ec?s=96&d=mm&r=g","contentUrl":"https:\/\/secure.gravatar.com\/avatar\/8da820f890920c54e6a9a30087a8b9ec?s=96&d=mm&r=g","caption":"apieproject"},"url":"https:\/\/appsaf.apieproject.com\/news\/fr\/author\/apieproject\/"}]}},"_links":{"self":[{"href":"https:\/\/appsaf.apieproject.com\/news\/fr\/wp-json\/wp\/v2\/posts\/39276","targetHints":{"allow":["GET"]}}],"collection":[{"href":"https:\/\/appsaf.apieproject.com\/news\/fr\/wp-json\/wp\/v2\/posts"}],"about":[{"href":"https:\/\/appsaf.apieproject.com\/news\/fr\/wp-json\/wp\/v2\/types\/post"}],"author":[{"embeddable":true,"href":"https:\/\/appsaf.apieproject.com\/news\/fr\/wp-json\/wp\/v2\/users\/1"}],"replies":[{"embeddable":true,"href":"https:\/\/appsaf.apieproject.com\/news\/fr\/wp-json\/wp\/v2\/comments?post=39276"}],"version-history":[{"count":1,"href":"https:\/\/appsaf.apieproject.com\/news\/fr\/wp-json\/wp\/v2\/posts\/39276\/revisions"}],"predecessor-version":[{"id":39280,"href":"https:\/\/appsaf.apieproject.com\/news\/fr\/wp-json\/wp\/v2\/posts\/39276\/revisions\/39280"}],"wp:featuredmedia":[{"embeddable":true,"href":"https:\/\/appsaf.apieproject.com\/news\/fr\/wp-json\/wp\/v2\/media\/39277"}],"wp:attachment":[{"href":"https:\/\/appsaf.apieproject.com\/news\/fr\/wp-json\/wp\/v2\/media?parent=39276"}],"wp:term":[{"taxonomy":"category","embeddable":true,"href":"https:\/\/appsaf.apieproject.com\/news\/fr\/wp-json\/wp\/v2\/categories?post=39276"},{"taxonomy":"post_tag","embeddable":true,"href":"https:\/\/appsaf.apieproject.com\/news\/fr\/wp-json\/wp\/v2\/tags?post=39276"}],"curies":[{"name":"wp","href":"https:\/\/api.w.org\/{rel}","templated":true}]}}