{"id":39286,"date":"2024-07-15T00:12:47","date_gmt":"2024-07-15T00:12:47","guid":{"rendered":"https:\/\/appsaf.apieproject.com\/news\/?p=39286"},"modified":"2024-07-15T00:12:49","modified_gmt":"2024-07-15T00:12:49","slug":"cannabis-legal-le-maroc-se-lance-dans-la-course-au-marche-europeen","status":"publish","type":"post","link":"https:\/\/appsaf.apieproject.com\/news\/fr\/2024\/07\/15\/cannabis-legal-le-maroc-se-lance-dans-la-course-au-marche-europeen\/","title":{"rendered":"Cannabis L\u00e9gal\u00a0: Le Maroc Se Lance Dans La Course Au March\u00e9 Europ\u00e9en"},"content":{"rendered":"\n<p>Pour la premi\u00e8re fois, le\u00a0Maroc\u00a0a export\u00e9 du cannabis produit l\u00e9galement sur son sol. Vendu entre 1\u00a0400 et 1\u00a0800\u00a0euros le kilo, un quintal de r\u00e9sine \u00e0 teneur en THC inf\u00e9rieure \u00e0 1\u00a0% (la mol\u00e9cule \u00e0 l\u2019origine des effets psychotropes) a pris, au second trimestre, le chemin de la Suisse. Les montants sont symboliques, mais l\u2019engouement suscit\u00e9 par cette exportation, qui a \u00e9t\u00e9 abondamment comment\u00e9e dans la presse locale, illustre toutes les attentes que ce nouveau segment nourrit aupr\u00e8s des acteurs priv\u00e9s marocains.<\/p>\n\n\n\n<p>Car, depuis sa promulgation en\u00a02021, la loi sur l\u2019usage licite du cannabis\u00a0<em>\u00ab\u00a0\u00e0 des fins m\u00e9dicales, pharmaceutiques et industrielles\u00a0\u00bb<\/em>\u00a0donne des ailes aux investisseurs. On d\u00e9nombre pr\u00e8s de 200 op\u00e9rateurs actifs. Elle fait du Maroc un nouvel entrant sur un march\u00e9 mondial dont la valeur, pour le seul volet th\u00e9rapeutique, devrait d\u00e9passer les 50\u00a0milliards de dollars (46,2\u00a0milliards d\u2019euros) en\u00a02028, selon le fonds d\u2019investissement am\u00e9ricain Insight Partners.<\/p>\n\n\n\n<p>La F\u00e9d\u00e9ration marocaine de l\u2019industrie et de l\u2019innovation pharmaceutiques (FMIIP) parie ainsi sur\u00a0<em>\u00ab\u00a0un flux de revenus annuel de 4,2 \u00e0 6,3\u00a0milliards de dirhams\u00a0\u00bb\u00a0<\/em>(environ 400\u00a0\u00e0 600\u00a0millions d\u2019euros)<em>\u00a0<\/em>d\u2019ici \u00e0 quatre ans.<em>\u00a0<\/em>A condition que le Maroc atteigne\u00a0<em>\u00ab\u00a0une part de march\u00e9 europ\u00e9enne de 10\u00a0% \u00e0 15\u00a0%\u00a0\u00bb<\/em>, d\u00e9clarait en mai son pr\u00e9sident, qui table sur l\u2019appel d\u2019air provoqu\u00e9 par la vague de l\u00e9galisations dans l\u2019Union europ\u00e9enne (UE), o\u00f9 le cannabis m\u00e9dical est autoris\u00e9 dans 21 des 27 pays membres.<\/p>\n\n\n\n<h2 class=\"wp-block-heading\">Barri\u00e8res r\u00e9glementaires<\/h2>\n\n\n\n<p>Sur les rangs, le laboratoire pharmaceutique Sothema, qui a r\u00e9alis\u00e9 en&nbsp;2023 un chiffre d\u2019affaires de 230&nbsp;millions d\u2019euros, indique avoir d\u00e9velopp\u00e9 une quinzaine de m\u00e9dicaments \u00e0 base de cannabis \u00e0 haute teneur en THC. Pour <em>\u00ab&nbsp;traiter des pathologies douloureuses telles que les cancers, la scl\u00e9rose en plaques ou l\u2019\u00e9pilepsie&nbsp;\u00bb<\/em>, d\u00e9taille Khalid El-Attaoui. Le directeur de la filiale Axess Pharma, sp\u00e9cialis\u00e9e dans les traitements anticanc\u00e9reux, pr\u00e9voit leur commercialisation d\u2019ici \u00e0 2025.<\/p>\n\n\n\n<p>Dans son viseur, les march\u00e9s marocain et europ\u00e9en, principalement l\u2019Allemagne, le Danemark, la Suisse, l\u2019Italie et la France, qui a r\u00e9cemment autoris\u00e9 le cannabis m\u00e9dical \u00e0 titre exp\u00e9rimental. Reste \u00e0 lever les barri\u00e8res r\u00e9glementaires, tr\u00e8s contraignantes d\u00e8s lors qu\u2019il s\u2019agit de psychotropes. Mais Khalid El-Attaoui est confiant et met en avant <em>\u00ab\u00a0de bonnes pratiques agricoles, sans pesticides ni m\u00e9taux lourds, et des proc\u00e9d\u00e9s de fabrication reconnus, car nous exportons d\u00e9j\u00e0 des m\u00e9dicaments sans cannabis\u00a0\u00bb<\/em>.<\/p>\n\n\n\n<p>La France n\u2019est pas qu\u2019une cible \u00e0 l\u2019export. Des entreprises de l\u2019Hexagone participent au Maroc \u00e0 des groupements d\u2019int\u00e9r\u00eat, dont la coop\u00e9rative marocaine Bio Cannat, qui a transform\u00e9 une partie du cannabis export\u00e9 vers la Suisse. Son directeur, Aziz Makhlouf, ne souhaite pas communiquer<strong>\u00a0<\/strong>l\u2019identit\u00e9 des soci\u00e9t\u00e9s qui s\u2019y sont regroup\u00e9es, ni ses revenus,\u00a0<em>\u00ab\u00a0confidentiels\u00a0\u00bb<\/em>, mais assure que 80\u00a0% proviennent du march\u00e9 local.<\/p>\n\n\n\n<p>Bio Cannat pr\u00e9cise avoir fait enregistrer une dizaine de produits avec le concours de laboratoires marocains, et souligne qu\u2019une trentaine suppl\u00e9mentaire le sera prochainement. Essentiellement des compl\u00e9ments alimentaires et des cosm\u00e9tiques \u00e0 base de cannabidiol (CBD) sans THC, pour rem\u00e9dier \u00e0 diverses pathologies, dont le stress, la maladie de Parkinson et des affections de la peau. Une partie est commercialis\u00e9e depuis le 1<sup>er<\/sup>&nbsp;juin dans les pharmacies du Maroc.<\/p>\n\n\n\n<h2 class=\"wp-block-heading\">\u00ab&nbsp;Or vert&nbsp;\u00bb<\/h2>\n\n\n\n<p>A Rabat, l\u2019optimisme est de rigueur \u00e0 l\u2019Agence nationale de r\u00e9glementation des activit\u00e9s relatives au cannabis (ANRAC). <em>\u00ab\u00a0Avec le cannabis, nous pouvons r\u00e9aliser ce qui a \u00e9t\u00e9 fait avec l\u2019automobile\u00a0\u00bb<\/em>, qui est devenue en quinze ans le premier secteur exportateur du Maroc, avance-t-on \u00e0 l\u2019\u00e9tablissement public. Son directeur, Mohammed El-Gerrouj, revient tout juste de Londres, o\u00f9 il a visit\u00e9, fin juin, le salon Cannabis Europa, apr\u00e8s s\u2019\u00eatre rendu aux Pays-Bas, au Portugal et en R\u00e9publique tch\u00e8que, trois pays qui ont autoris\u00e9 le cannabis m\u00e9dical.<\/p>\n\n\n\n<p>Documents \u00e0 l\u2019appui, l\u2019ANRAC liste les innombrables secteurs qui pourront faire usage du cannabis marocain, que les journaux qualifient ici d\u2019<em>\u00ab\u00a0or vert\u00a0\u00bb<\/em>\u00a0: m\u00e9decine, mais aussi a\u00e9ronautique, agroalimentaire, construction, hygi\u00e8ne, papier, plastique, textile\u2026 Des march\u00e9s de niche seraient d\u00e9j\u00e0 investis par des op\u00e9rateurs, \u00e0 l\u2019instar des traitements au CBD pour les chevaux ou les animaux domestiques. Une activit\u00e9 dont les revenus mondiaux ont \u00e9t\u00e9 multipli\u00e9s par 700 ces deux derni\u00e8res ann\u00e9es, souligne\u00a0l\u2019ANRAC.<\/p>\n\n\n\n<p>Au c\u0153ur de la loi, la reconversion des cultures illicites en activit\u00e9s l\u00e9gales semble fonctionner. Les surfaces autoris\u00e9es grandissent\u00a0: moins de 300 hectares (ha) en\u00a02023\u00a0contre quelque 3\u00a0000\u00a0ha cette ann\u00e9e, r\u00e9partis entre Al-Hoceima, Chefchaouen et Taounate, trois provinces de la r\u00e9gion du Rif, au nord, o\u00f9 l\u2019\u00e9conomie du cannabis est ancienne. Le nombre des agriculteurs agr\u00e9\u00e9s augmente lui aussi, fr\u00f4lant d\u00e9sormais les 3\u00a0300, soit sept fois plus qu\u2019il y a un an. Leur int\u00e9r\u00eat est r\u00e9el, fait savoir l\u2019ANRAC, qui chiffre\u00a0<em>\u00ab\u00a0entre 10 et 20 dirhams\u00a0\u00bb\u00a0<\/em>(entre 0,93\u00a0euro et 1,87\u00a0euro)<em>\u00a0<\/em>le prix pay\u00e9 au producteur pour un kilo de cannabis vert illicite, contre\u00a0<em>\u00ab\u00a075\u00a0dirhams\u00a0\u00bb\u00a0<\/em>pour le cannabis autoris\u00e9, dont les tarifs font l\u2019objet de conventions.<\/p>\n\n\n\n<p>Sortir de l\u2019ill\u00e9galit\u00e9 est cependant s\u00e9v\u00e8rement conditionn\u00e9 et les cultivateurs qui ont franchi le pas ne repr\u00e9sentent encore qu\u2019une infime portion des 400&nbsp;000 personnes qui vivent, officiellement, du trafic. Il concernait en&nbsp;2019 plus de 55&nbsp;000&nbsp;ha de terres, selon les estimations. Les Nations unies rapportent que 23&nbsp;000 tonnes (t) d\u2019herbe et 800&nbsp;t de r\u00e9sine ont \u00e9t\u00e9 produites au Maroc en&nbsp;2021, faisant du royaume ch\u00e9rifien l\u2019un des principaux pays fournisseurs de cannabis dans le monde.<\/p>\n\n\n\n<h2 class=\"wp-block-heading\">\u00ab&nbsp;Patrimoine national&nbsp;\u00bb<\/h2>\n\n\n\n<p>En comparaison, la premi\u00e8re r\u00e9colte de cannabis l\u00e9gal n\u2019a fourni en&nbsp;2023 que 296&nbsp;t. Toutes les semences \u2013 plus de 2&nbsp;millions de graines \u2013 ont \u00e9t\u00e9 import\u00e9es d\u2019Europe, mais les semis ont eu lieu en juin et en juillet, \u00e0 une p\u00e9riode o\u00f9 le Maroc a connu des vagues de chaleur extr\u00eame, r\u00e9duisant les taux de germination et de lev\u00e9e des plants. L\u2019ANRAC \u00e9voque <em>\u00ab&nbsp;une perte de 20&nbsp;% li\u00e9e aux fortes temp\u00e9ratures&nbsp;\u00bb<\/em>, entre 47&nbsp;\u00b0C et 49&nbsp;\u00b0C, qui ont co\u00efncid\u00e9 avec la floraison du cannabis. Si certains agriculteurs ont r\u00e9alis\u00e9 un rendement de 6&nbsp;t\/ha, la moyenne s\u2019est situ\u00e9e autour de 18 quintaux.<\/p>\n\n\n\n<p>La comp\u00e9titivit\u00e9 du Maroc, dans un march\u00e9 fortement concurrentiel, est aussi en jeu. <em>\u00ab\u00a0Nos co\u00fbts de production sont plus \u00e9lev\u00e9s qu\u2019en Europe, parce que la fili\u00e8re se met en place et qu\u2019il y a eu beaucoup de pertes l\u2019an pass\u00e9\u00a0\u00bb<\/em>, observe Aziz Makhlouf, le directeur de la coop\u00e9rative Bio Cannat. La sp\u00e9cificit\u00e9 des cultures marocaines, qui sont toutes de plein air, accro\u00eet leur d\u00e9pendance aux conditions climatiques, quand les productions europ\u00e9ennes se font majoritairement sous serre.<\/p>\n\n\n\n<p>L\u2019ANRAC milite ainsi pour ne plus utiliser de semences import\u00e9es, qui ne se cultivent qu\u2019en syst\u00e8me irrigu\u00e9, et plaide pour valoriser\u00a0<em>\u00ab\u00a0un patrimoine national\u00a0\u00bb\u00a0<\/em>: la \u00ab\u00a0<em>beldiya\u00a0\u00bb<\/em>, une vari\u00e9t\u00e9 pr\u00e9coce de cannabis local, moins consommatrice d\u2019eau, dont les semis d\u00e9marrent en f\u00e9vrier. Mais la plante n\u2019ayant jamais \u00e9t\u00e9 certifi\u00e9e, sa production dans un cadre l\u00e9gal \u00e9tait jusque-l\u00e0 impossible. L\u2019agence y travaille, en collaboration avec l\u2019Institut national de la recherche agronomique (INRA)<strong>\u00a0<\/strong>du Maroc. Avec pour objectif\u00a0de mettre la \u00ab\u00a0<em>beldiya\u00a0\u00bb\u00a0<\/em>\u00e0 disposition des cultivateurs d\u00e8s 2025.<\/p>\n","protected":false},"excerpt":{"rendered":"<p>Pour la premi\u00e8re fois, le\u00a0Maroc\u00a0a export\u00e9 du cannabis produit l\u00e9galement sur son sol. Vendu entre 1\u00a0400 et 1\u00a0800\u00a0euros le kilo, un quintal de r\u00e9sine \u00e0 teneur en THC inf\u00e9rieure \u00e0 1\u00a0% (la mol\u00e9cule \u00e0 l\u2019origine des effets psychotropes) a pris, au second trimestre, le chemin de la Suisse. Les montants sont symboliques, mais l\u2019engouement suscit\u00e9 [&hellip;]<\/p>\n","protected":false},"author":1,"featured_media":39287,"comment_status":"open","ping_status":"open","sticky":false,"template":"","format":"standard","meta":{"footnotes":""},"categories":[53,63,59],"tags":[78,87,94],"class_list":{"0":"post-39286","1":"post","2":"type-post","3":"status-publish","4":"format-standard","5":"has-post-thumbnail","7":"category-culture-fr","8":"category-mode-de-vie","9":"category-speciaux","10":"tag-apie-project-2","11":"tag-culture-2","12":"tag-mode-de-vie"},"yoast_head":"<!-- This site is optimized with the Yoast SEO plugin v24.4 - https:\/\/yoast.com\/wordpress\/plugins\/seo\/ -->\n<title>Cannabis L\u00e9gal\u00a0: Le Maroc Se Lance Dans La Course Au March\u00e9 Europ\u00e9en - APIE NEWS<\/title>\n<meta name=\"robots\" content=\"index, follow, max-snippet:-1, max-image-preview:large, max-video-preview:-1\" \/>\n<link rel=\"canonical\" href=\"https:\/\/appsaf.apieproject.com\/news\/fr\/2024\/07\/15\/cannabis-legal-le-maroc-se-lance-dans-la-course-au-marche-europeen\/\" \/>\n<meta property=\"og:locale\" content=\"fr_FR\" \/>\n<meta property=\"og:type\" content=\"article\" \/>\n<meta property=\"og:title\" content=\"Cannabis L\u00e9gal\u00a0: Le Maroc Se Lance Dans La Course Au March\u00e9 Europ\u00e9en - APIE NEWS\" \/>\n<meta property=\"og:description\" content=\"Pour la premi\u00e8re fois, le\u00a0Maroc\u00a0a export\u00e9 du cannabis produit l\u00e9galement sur son sol. Vendu entre 1\u00a0400 et 1\u00a0800\u00a0euros le kilo, un quintal de r\u00e9sine \u00e0 teneur en THC inf\u00e9rieure \u00e0 1\u00a0% (la mol\u00e9cule \u00e0 l\u2019origine des effets psychotropes) a pris, au second trimestre, le chemin de la Suisse. Les montants sont symboliques, mais l\u2019engouement suscit\u00e9 [&hellip;]\" \/>\n<meta property=\"og:url\" content=\"https:\/\/appsaf.apieproject.com\/news\/fr\/2024\/07\/15\/cannabis-legal-le-maroc-se-lance-dans-la-course-au-marche-europeen\/\" \/>\n<meta property=\"og:site_name\" content=\"APIE NEWS\" \/>\n<meta property=\"article:publisher\" content=\"https:\/\/facebook.com\/apieproject\" \/>\n<meta property=\"article:published_time\" content=\"2024-07-15T00:12:47+00:00\" \/>\n<meta property=\"article:modified_time\" content=\"2024-07-15T00:12:49+00:00\" \/>\n<meta property=\"og:image\" content=\"https:\/\/appsaf.apieproject.com\/news\/wp-content\/uploads\/sites\/29\/2024\/07\/MarcoCannabis.jpg\" \/>\n\t<meta property=\"og:image:width\" content=\"558\" \/>\n\t<meta property=\"og:image:height\" content=\"369\" \/>\n\t<meta property=\"og:image:type\" content=\"image\/jpeg\" \/>\n<meta name=\"author\" content=\"apieproject\" \/>\n<meta name=\"twitter:card\" content=\"summary_large_image\" \/>\n<meta name=\"twitter:creator\" content=\"@apieproject\" \/>\n<meta name=\"twitter:site\" content=\"@apieproject\" \/>\n<meta name=\"twitter:label1\" content=\"\u00c9crit par\" \/>\n\t<meta name=\"twitter:data1\" content=\"apieproject\" \/>\n\t<meta name=\"twitter:label2\" content=\"Dur\u00e9e de lecture estim\u00e9e\" \/>\n\t<meta name=\"twitter:data2\" content=\"6 minutes\" \/>\n<script type=\"application\/ld+json\" class=\"yoast-schema-graph\">{\"@context\":\"https:\/\/schema.org\",\"@graph\":[{\"@type\":\"Article\",\"@id\":\"https:\/\/appsaf.apieproject.com\/news\/fr\/2024\/07\/15\/cannabis-legal-le-maroc-se-lance-dans-la-course-au-marche-europeen\/#article\",\"isPartOf\":{\"@id\":\"https:\/\/appsaf.apieproject.com\/news\/fr\/2024\/07\/15\/cannabis-legal-le-maroc-se-lance-dans-la-course-au-marche-europeen\/\"},\"author\":{\"name\":\"apieproject\",\"@id\":\"https:\/\/appsaf.apieproject.com\/news\/#\/schema\/person\/ad5502ca15531a327ebd9865992b8492\"},\"headline\":\"Cannabis L\u00e9gal\u00a0: Le Maroc Se Lance Dans La Course Au March\u00e9 Europ\u00e9en\",\"datePublished\":\"2024-07-15T00:12:47+00:00\",\"dateModified\":\"2024-07-15T00:12:49+00:00\",\"mainEntityOfPage\":{\"@id\":\"https:\/\/appsaf.apieproject.com\/news\/fr\/2024\/07\/15\/cannabis-legal-le-maroc-se-lance-dans-la-course-au-marche-europeen\/\"},\"wordCount\":1294,\"commentCount\":0,\"publisher\":{\"@id\":\"https:\/\/appsaf.apieproject.com\/news\/#organization\"},\"image\":{\"@id\":\"https:\/\/appsaf.apieproject.com\/news\/fr\/2024\/07\/15\/cannabis-legal-le-maroc-se-lance-dans-la-course-au-marche-europeen\/#primaryimage\"},\"thumbnailUrl\":\"https:\/\/appsaf.apieproject.com\/news\/wp-content\/uploads\/sites\/29\/2024\/07\/MarcoCannabis.jpg\",\"keywords\":[\"apie project\",\"culture\",\"mode de vie\"],\"articleSection\":[\"Culture\",\"Mode de Vie\",\"Sp\u00e9ciaux\"],\"inLanguage\":\"fr-FR\",\"potentialAction\":[{\"@type\":\"CommentAction\",\"name\":\"Comment\",\"target\":[\"https:\/\/appsaf.apieproject.com\/news\/fr\/2024\/07\/15\/cannabis-legal-le-maroc-se-lance-dans-la-course-au-marche-europeen\/#respond\"]}]},{\"@type\":\"WebPage\",\"@id\":\"https:\/\/appsaf.apieproject.com\/news\/fr\/2024\/07\/15\/cannabis-legal-le-maroc-se-lance-dans-la-course-au-marche-europeen\/\",\"url\":\"https:\/\/appsaf.apieproject.com\/news\/fr\/2024\/07\/15\/cannabis-legal-le-maroc-se-lance-dans-la-course-au-marche-europeen\/\",\"name\":\"Cannabis L\u00e9gal\u00a0: Le Maroc Se Lance Dans La Course Au March\u00e9 Europ\u00e9en - APIE NEWS\",\"isPartOf\":{\"@id\":\"https:\/\/appsaf.apieproject.com\/news\/#website\"},\"primaryImageOfPage\":{\"@id\":\"https:\/\/appsaf.apieproject.com\/news\/fr\/2024\/07\/15\/cannabis-legal-le-maroc-se-lance-dans-la-course-au-marche-europeen\/#primaryimage\"},\"image\":{\"@id\":\"https:\/\/appsaf.apieproject.com\/news\/fr\/2024\/07\/15\/cannabis-legal-le-maroc-se-lance-dans-la-course-au-marche-europeen\/#primaryimage\"},\"thumbnailUrl\":\"https:\/\/appsaf.apieproject.com\/news\/wp-content\/uploads\/sites\/29\/2024\/07\/MarcoCannabis.jpg\",\"datePublished\":\"2024-07-15T00:12:47+00:00\",\"dateModified\":\"2024-07-15T00:12:49+00:00\",\"breadcrumb\":{\"@id\":\"https:\/\/appsaf.apieproject.com\/news\/fr\/2024\/07\/15\/cannabis-legal-le-maroc-se-lance-dans-la-course-au-marche-europeen\/#breadcrumb\"},\"inLanguage\":\"fr-FR\",\"potentialAction\":[{\"@type\":\"ReadAction\",\"target\":[\"https:\/\/appsaf.apieproject.com\/news\/fr\/2024\/07\/15\/cannabis-legal-le-maroc-se-lance-dans-la-course-au-marche-europeen\/\"]}]},{\"@type\":\"ImageObject\",\"inLanguage\":\"fr-FR\",\"@id\":\"https:\/\/appsaf.apieproject.com\/news\/fr\/2024\/07\/15\/cannabis-legal-le-maroc-se-lance-dans-la-course-au-marche-europeen\/#primaryimage\",\"url\":\"https:\/\/appsaf.apieproject.com\/news\/wp-content\/uploads\/sites\/29\/2024\/07\/MarcoCannabis.jpg\",\"contentUrl\":\"https:\/\/appsaf.apieproject.com\/news\/wp-content\/uploads\/sites\/29\/2024\/07\/MarcoCannabis.jpg\",\"width\":558,\"height\":369},{\"@type\":\"BreadcrumbList\",\"@id\":\"https:\/\/appsaf.apieproject.com\/news\/fr\/2024\/07\/15\/cannabis-legal-le-maroc-se-lance-dans-la-course-au-marche-europeen\/#breadcrumb\",\"itemListElement\":[{\"@type\":\"ListItem\",\"position\":1,\"name\":\"Home\",\"item\":\"https:\/\/appsaf.apieproject.com\/news\/fr\/home\/\"},{\"@type\":\"ListItem\",\"position\":2,\"name\":\"Cannabis L\u00e9gal\u00a0: Le Maroc Se Lance Dans La Course Au March\u00e9 Europ\u00e9en\"}]},{\"@type\":\"WebSite\",\"@id\":\"https:\/\/appsaf.apieproject.com\/news\/#website\",\"url\":\"https:\/\/appsaf.apieproject.com\/news\/\",\"name\":\"APIE NEWS\",\"description\":\"PANAFRICANISM NEWS PORTAL\",\"publisher\":{\"@id\":\"https:\/\/appsaf.apieproject.com\/news\/#organization\"},\"potentialAction\":[{\"@type\":\"SearchAction\",\"target\":{\"@type\":\"EntryPoint\",\"urlTemplate\":\"https:\/\/appsaf.apieproject.com\/news\/?s={search_term_string}\"},\"query-input\":{\"@type\":\"PropertyValueSpecification\",\"valueRequired\":true,\"valueName\":\"search_term_string\"}}],\"inLanguage\":\"fr-FR\"},{\"@type\":\"Organization\",\"@id\":\"https:\/\/appsaf.apieproject.com\/news\/#organization\",\"name\":\"APIE PROJECT\",\"url\":\"https:\/\/appsaf.apieproject.com\/news\/\",\"logo\":{\"@type\":\"ImageObject\",\"inLanguage\":\"fr-FR\",\"@id\":\"https:\/\/appsaf.apieproject.com\/news\/#\/schema\/logo\/image\/\",\"url\":\"https:\/\/appsaf.apieproject.com\/news\/wp-content\/uploads\/sites\/29\/2022\/07\/logo-R-TransparentBackground.png\",\"contentUrl\":\"https:\/\/appsaf.apieproject.com\/news\/wp-content\/uploads\/sites\/29\/2022\/07\/logo-R-TransparentBackground.png\",\"width\":512,\"height\":512,\"caption\":\"APIE PROJECT\"},\"image\":{\"@id\":\"https:\/\/appsaf.apieproject.com\/news\/#\/schema\/logo\/image\/\"},\"sameAs\":[\"https:\/\/facebook.com\/apieproject\",\"https:\/\/x.com\/apieproject\"]},{\"@type\":\"Person\",\"@id\":\"https:\/\/appsaf.apieproject.com\/news\/#\/schema\/person\/ad5502ca15531a327ebd9865992b8492\",\"name\":\"apieproject\",\"image\":{\"@type\":\"ImageObject\",\"inLanguage\":\"fr-FR\",\"@id\":\"https:\/\/appsaf.apieproject.com\/news\/#\/schema\/person\/image\/\",\"url\":\"https:\/\/secure.gravatar.com\/avatar\/8da820f890920c54e6a9a30087a8b9ec?s=96&d=mm&r=g\",\"contentUrl\":\"https:\/\/secure.gravatar.com\/avatar\/8da820f890920c54e6a9a30087a8b9ec?s=96&d=mm&r=g\",\"caption\":\"apieproject\"},\"url\":\"https:\/\/appsaf.apieproject.com\/news\/fr\/author\/apieproject\/\"}]}<\/script>\n<!-- \/ Yoast SEO plugin. -->","yoast_head_json":{"title":"Cannabis L\u00e9gal\u00a0: Le Maroc Se Lance Dans La Course Au March\u00e9 Europ\u00e9en - APIE NEWS","robots":{"index":"index","follow":"follow","max-snippet":"max-snippet:-1","max-image-preview":"max-image-preview:large","max-video-preview":"max-video-preview:-1"},"canonical":"https:\/\/appsaf.apieproject.com\/news\/fr\/2024\/07\/15\/cannabis-legal-le-maroc-se-lance-dans-la-course-au-marche-europeen\/","og_locale":"fr_FR","og_type":"article","og_title":"Cannabis L\u00e9gal\u00a0: Le Maroc Se Lance Dans La Course Au March\u00e9 Europ\u00e9en - APIE NEWS","og_description":"Pour la premi\u00e8re fois, le\u00a0Maroc\u00a0a export\u00e9 du cannabis produit l\u00e9galement sur son sol. Vendu entre 1\u00a0400 et 1\u00a0800\u00a0euros le kilo, un quintal de r\u00e9sine \u00e0 teneur en THC inf\u00e9rieure \u00e0 1\u00a0% (la mol\u00e9cule \u00e0 l\u2019origine des effets psychotropes) a pris, au second trimestre, le chemin de la Suisse. Les montants sont symboliques, mais l\u2019engouement suscit\u00e9 [&hellip;]","og_url":"https:\/\/appsaf.apieproject.com\/news\/fr\/2024\/07\/15\/cannabis-legal-le-maroc-se-lance-dans-la-course-au-marche-europeen\/","og_site_name":"APIE NEWS","article_publisher":"https:\/\/facebook.com\/apieproject","article_published_time":"2024-07-15T00:12:47+00:00","article_modified_time":"2024-07-15T00:12:49+00:00","og_image":[{"width":558,"height":369,"url":"https:\/\/appsaf.apieproject.com\/news\/wp-content\/uploads\/sites\/29\/2024\/07\/MarcoCannabis.jpg","type":"image\/jpeg"}],"author":"apieproject","twitter_card":"summary_large_image","twitter_creator":"@apieproject","twitter_site":"@apieproject","twitter_misc":{"\u00c9crit par":"apieproject","Dur\u00e9e de lecture estim\u00e9e":"6 minutes"},"schema":{"@context":"https:\/\/schema.org","@graph":[{"@type":"Article","@id":"https:\/\/appsaf.apieproject.com\/news\/fr\/2024\/07\/15\/cannabis-legal-le-maroc-se-lance-dans-la-course-au-marche-europeen\/#article","isPartOf":{"@id":"https:\/\/appsaf.apieproject.com\/news\/fr\/2024\/07\/15\/cannabis-legal-le-maroc-se-lance-dans-la-course-au-marche-europeen\/"},"author":{"name":"apieproject","@id":"https:\/\/appsaf.apieproject.com\/news\/#\/schema\/person\/ad5502ca15531a327ebd9865992b8492"},"headline":"Cannabis L\u00e9gal\u00a0: Le Maroc Se Lance Dans La Course Au March\u00e9 Europ\u00e9en","datePublished":"2024-07-15T00:12:47+00:00","dateModified":"2024-07-15T00:12:49+00:00","mainEntityOfPage":{"@id":"https:\/\/appsaf.apieproject.com\/news\/fr\/2024\/07\/15\/cannabis-legal-le-maroc-se-lance-dans-la-course-au-marche-europeen\/"},"wordCount":1294,"commentCount":0,"publisher":{"@id":"https:\/\/appsaf.apieproject.com\/news\/#organization"},"image":{"@id":"https:\/\/appsaf.apieproject.com\/news\/fr\/2024\/07\/15\/cannabis-legal-le-maroc-se-lance-dans-la-course-au-marche-europeen\/#primaryimage"},"thumbnailUrl":"https:\/\/appsaf.apieproject.com\/news\/wp-content\/uploads\/sites\/29\/2024\/07\/MarcoCannabis.jpg","keywords":["apie project","culture","mode de vie"],"articleSection":["Culture","Mode de Vie","Sp\u00e9ciaux"],"inLanguage":"fr-FR","potentialAction":[{"@type":"CommentAction","name":"Comment","target":["https:\/\/appsaf.apieproject.com\/news\/fr\/2024\/07\/15\/cannabis-legal-le-maroc-se-lance-dans-la-course-au-marche-europeen\/#respond"]}]},{"@type":"WebPage","@id":"https:\/\/appsaf.apieproject.com\/news\/fr\/2024\/07\/15\/cannabis-legal-le-maroc-se-lance-dans-la-course-au-marche-europeen\/","url":"https:\/\/appsaf.apieproject.com\/news\/fr\/2024\/07\/15\/cannabis-legal-le-maroc-se-lance-dans-la-course-au-marche-europeen\/","name":"Cannabis L\u00e9gal\u00a0: Le Maroc Se Lance Dans La Course Au March\u00e9 Europ\u00e9en - APIE NEWS","isPartOf":{"@id":"https:\/\/appsaf.apieproject.com\/news\/#website"},"primaryImageOfPage":{"@id":"https:\/\/appsaf.apieproject.com\/news\/fr\/2024\/07\/15\/cannabis-legal-le-maroc-se-lance-dans-la-course-au-marche-europeen\/#primaryimage"},"image":{"@id":"https:\/\/appsaf.apieproject.com\/news\/fr\/2024\/07\/15\/cannabis-legal-le-maroc-se-lance-dans-la-course-au-marche-europeen\/#primaryimage"},"thumbnailUrl":"https:\/\/appsaf.apieproject.com\/news\/wp-content\/uploads\/sites\/29\/2024\/07\/MarcoCannabis.jpg","datePublished":"2024-07-15T00:12:47+00:00","dateModified":"2024-07-15T00:12:49+00:00","breadcrumb":{"@id":"https:\/\/appsaf.apieproject.com\/news\/fr\/2024\/07\/15\/cannabis-legal-le-maroc-se-lance-dans-la-course-au-marche-europeen\/#breadcrumb"},"inLanguage":"fr-FR","potentialAction":[{"@type":"ReadAction","target":["https:\/\/appsaf.apieproject.com\/news\/fr\/2024\/07\/15\/cannabis-legal-le-maroc-se-lance-dans-la-course-au-marche-europeen\/"]}]},{"@type":"ImageObject","inLanguage":"fr-FR","@id":"https:\/\/appsaf.apieproject.com\/news\/fr\/2024\/07\/15\/cannabis-legal-le-maroc-se-lance-dans-la-course-au-marche-europeen\/#primaryimage","url":"https:\/\/appsaf.apieproject.com\/news\/wp-content\/uploads\/sites\/29\/2024\/07\/MarcoCannabis.jpg","contentUrl":"https:\/\/appsaf.apieproject.com\/news\/wp-content\/uploads\/sites\/29\/2024\/07\/MarcoCannabis.jpg","width":558,"height":369},{"@type":"BreadcrumbList","@id":"https:\/\/appsaf.apieproject.com\/news\/fr\/2024\/07\/15\/cannabis-legal-le-maroc-se-lance-dans-la-course-au-marche-europeen\/#breadcrumb","itemListElement":[{"@type":"ListItem","position":1,"name":"Home","item":"https:\/\/appsaf.apieproject.com\/news\/fr\/home\/"},{"@type":"ListItem","position":2,"name":"Cannabis L\u00e9gal\u00a0: Le Maroc Se Lance Dans La Course Au March\u00e9 Europ\u00e9en"}]},{"@type":"WebSite","@id":"https:\/\/appsaf.apieproject.com\/news\/#website","url":"https:\/\/appsaf.apieproject.com\/news\/","name":"APIE NEWS","description":"PANAFRICANISM NEWS PORTAL","publisher":{"@id":"https:\/\/appsaf.apieproject.com\/news\/#organization"},"potentialAction":[{"@type":"SearchAction","target":{"@type":"EntryPoint","urlTemplate":"https:\/\/appsaf.apieproject.com\/news\/?s={search_term_string}"},"query-input":{"@type":"PropertyValueSpecification","valueRequired":true,"valueName":"search_term_string"}}],"inLanguage":"fr-FR"},{"@type":"Organization","@id":"https:\/\/appsaf.apieproject.com\/news\/#organization","name":"APIE PROJECT","url":"https:\/\/appsaf.apieproject.com\/news\/","logo":{"@type":"ImageObject","inLanguage":"fr-FR","@id":"https:\/\/appsaf.apieproject.com\/news\/#\/schema\/logo\/image\/","url":"https:\/\/appsaf.apieproject.com\/news\/wp-content\/uploads\/sites\/29\/2022\/07\/logo-R-TransparentBackground.png","contentUrl":"https:\/\/appsaf.apieproject.com\/news\/wp-content\/uploads\/sites\/29\/2022\/07\/logo-R-TransparentBackground.png","width":512,"height":512,"caption":"APIE PROJECT"},"image":{"@id":"https:\/\/appsaf.apieproject.com\/news\/#\/schema\/logo\/image\/"},"sameAs":["https:\/\/facebook.com\/apieproject","https:\/\/x.com\/apieproject"]},{"@type":"Person","@id":"https:\/\/appsaf.apieproject.com\/news\/#\/schema\/person\/ad5502ca15531a327ebd9865992b8492","name":"apieproject","image":{"@type":"ImageObject","inLanguage":"fr-FR","@id":"https:\/\/appsaf.apieproject.com\/news\/#\/schema\/person\/image\/","url":"https:\/\/secure.gravatar.com\/avatar\/8da820f890920c54e6a9a30087a8b9ec?s=96&d=mm&r=g","contentUrl":"https:\/\/secure.gravatar.com\/avatar\/8da820f890920c54e6a9a30087a8b9ec?s=96&d=mm&r=g","caption":"apieproject"},"url":"https:\/\/appsaf.apieproject.com\/news\/fr\/author\/apieproject\/"}]}},"_links":{"self":[{"href":"https:\/\/appsaf.apieproject.com\/news\/fr\/wp-json\/wp\/v2\/posts\/39286","targetHints":{"allow":["GET"]}}],"collection":[{"href":"https:\/\/appsaf.apieproject.com\/news\/fr\/wp-json\/wp\/v2\/posts"}],"about":[{"href":"https:\/\/appsaf.apieproject.com\/news\/fr\/wp-json\/wp\/v2\/types\/post"}],"author":[{"embeddable":true,"href":"https:\/\/appsaf.apieproject.com\/news\/fr\/wp-json\/wp\/v2\/users\/1"}],"replies":[{"embeddable":true,"href":"https:\/\/appsaf.apieproject.com\/news\/fr\/wp-json\/wp\/v2\/comments?post=39286"}],"version-history":[{"count":1,"href":"https:\/\/appsaf.apieproject.com\/news\/fr\/wp-json\/wp\/v2\/posts\/39286\/revisions"}],"predecessor-version":[{"id":39290,"href":"https:\/\/appsaf.apieproject.com\/news\/fr\/wp-json\/wp\/v2\/posts\/39286\/revisions\/39290"}],"wp:featuredmedia":[{"embeddable":true,"href":"https:\/\/appsaf.apieproject.com\/news\/fr\/wp-json\/wp\/v2\/media\/39287"}],"wp:attachment":[{"href":"https:\/\/appsaf.apieproject.com\/news\/fr\/wp-json\/wp\/v2\/media?parent=39286"}],"wp:term":[{"taxonomy":"category","embeddable":true,"href":"https:\/\/appsaf.apieproject.com\/news\/fr\/wp-json\/wp\/v2\/categories?post=39286"},{"taxonomy":"post_tag","embeddable":true,"href":"https:\/\/appsaf.apieproject.com\/news\/fr\/wp-json\/wp\/v2\/tags?post=39286"}],"curies":[{"name":"wp","href":"https:\/\/api.w.org\/{rel}","templated":true}]}}