{"id":39331,"date":"2024-07-21T22:55:50","date_gmt":"2024-07-21T22:55:50","guid":{"rendered":"https:\/\/appsaf.apieproject.com\/news\/?p=39331"},"modified":"2024-07-21T23:07:27","modified_gmt":"2024-07-21T23:07:27","slug":"mort-de-toumani-diabate-dieu-de-la-kora","status":"publish","type":"post","link":"https:\/\/appsaf.apieproject.com\/news\/fr\/2024\/07\/21\/mort-de-toumani-diabate-dieu-de-la-kora\/","title":{"rendered":"Mort De Toumani Diabat\u00e9: Dieu De La Kora"},"content":{"rendered":"\n<p>C&rsquo;est son fils\u00a0Sidiki Diabat\u00e9,\u00a0lui-m\u00eame musicien, qui l&rsquo;a annonc\u00e9 sur les r\u00e9seaux sociaux\u00a0: l&rsquo;artiste malien Toumani Diabat\u00e9 est d\u00e9c\u00e9d\u00e9 ce vendredi 19\u00a0juillet \u00e0 l&rsquo;\u00e2ge de 58\u00a0ans, \u00e0 la Clinique Golden Life o\u00f9 il \u00e9tait hospitalis\u00e9 depuis plusieurs jours \u00e0 Bamako pr\u00e9cise\u00a0Le journal du Mali.\u00a0Et tous les musiciens du monde sont en deuil tant sa kora avait fait le tour de la plan\u00e8te et s&rsquo;\u00e9tait accord\u00e9e avec tant d&rsquo;autres musiciens, des Cubains \u00e0 Bj\u00f6rk, et ses compatriotes comme le grand Ali Farka Tour\u00e9, avec lequel il a remport\u00e9 deux Grammy Awards, pour l&rsquo;album \u201cIn the Heart of the Moon\u201d puis\u00a0pour \u201cAli et Toumani\u201d. Ou encore Cheikh\u00a0Tidiane Seck. Mathieu Ch\u00e9did, qui l&rsquo;a souvent c\u00f4toy\u00e9 et jou\u00e9 avec\u00a0lui avait d\u00e9di\u00e9 une tr\u00e8s belle chanson Manitoumani o\u00f9 chantait aussi\u00a0Fatoumata Diawara.<\/p>\n\n\n\n<p>Nous l&rsquo;avions rencontr\u00e9 \u00e0 de nombreuses reprises, pour\u00a0France Culture,\u00a0et pour un livre sur les artistes bamakois, r\u00e9alis\u00e9 avec la photographe Christine Fleurent, et dont voici un extrait ci-dessous.<\/p>\n\n\n\n<p><em>\u00ab\u00a0Celle-l\u00e0\u00a0! Oui, c&rsquo;est bien lui, la main recourb\u00e9e sur le manche de son instrument, le buste l\u00e9g\u00e8rement inclin\u00e9 et le regard tourn\u00e9 vers l&rsquo;int\u00e9rieur du son qu&rsquo;il produit. Sur l&rsquo;\u00e9cran de l&rsquo;ordinateur de Christine Fleurent d\u00e9filent des photos de Toumani Diabat\u00e9, vol\u00e9es le temps d&rsquo;une r\u00e9p\u00e9tition dans ce local du quartier Ouolofobougou Bolibana, \u00e0 c\u00f4t\u00e9 du cin\u00e9ma Babemba. [\u2026]Voil\u00e0 Toumani lorsqu&rsquo;il joue. Je le sais, je l&rsquo;ai vu plusieurs fois en concert, le silence est absolu dans la salle, qui n&rsquo;existe plus r\u00e9ellement\u00a0; il n&rsquo;y a que le son, miel, cristal, gouttelettes de pluie\u2026 L&rsquo;artiste est un dieu de la kora. Il joue comme trois musiciens \u00e0 la fois de cette harpe-luth aux vingt et une cordes, caract\u00e9ristique de l&rsquo;Afrique de l&rsquo;Ouest, et plus particuli\u00e8rement de l&#8217;empire mandingue. On doit \u00e0 Toumani Diabat\u00e9 le premier album solo d&rsquo;un joueur de kora\u00a0: \u00ab\u00a0Kaira\u00a0\u00bb.<\/em><\/p>\n\n\n\n<p><em>\u00ab&nbsp;En 2006, \u00e0 Paris, le Louvre invitait le prix Nobel de litt\u00e9rature Toni Morrison \u00e0 \u00ab&nbsp;habiter&nbsp;\u00bb le mus\u00e9e \u00e0 sa fa\u00e7on. Elle avait choisi le th\u00e8me \u00ab&nbsp;\u00c9tranger chez soi&nbsp;\u00bb et, pour la partie musicale, avait convi\u00e9, parmi d&rsquo;autres, Toumani Diabat\u00e9. Dans ce lieu historique, Toumani apportait sa culture mandingue, vieille de sept cents ans. (..) Fils de Sidik\u00e9 Diabat\u00e9, d\u00e9j\u00e0 un roi de la kora au Mali, et de la chanteuse N\u00e9n\u00e9 Koita, Toumani est griot comme on l&rsquo;est de p\u00e8re en fils chez les siens. \u00ab&nbsp;griot ma\u00eetre-musicien, pr\u00e9cise-t-il, et maillon d&rsquo;une cha\u00eene qui remonte au xviiie si\u00e8cle\u2026 Si l&rsquo;Afrique de l&rsquo;Ouest \u00e9tait une personne vivante, le griot-djeli serait son sang.&nbsp;\u00bb L&rsquo;image est forte, mais Toumani ne s&rsquo;y arr\u00eate pas, m\u00ealant son sang \u00e0 celui des autres. Il s&rsquo;est alli\u00e9 au groupe de flamenco Ketama, au bluesman Taj Mahal, aux musiciens cubains du Buena Vista Social Club. En t\u00e9moigne le nom qu&rsquo;il a choisi pour sa formation, Symmetric Orchestra. Il signifie \u00ab&nbsp;compl\u00e9menta-&nbsp;rit\u00e9&nbsp;\u00bb, car le r\u00f4le du griot, et plus pr\u00e9cis\u00e9ment du griot-djeli, est d&rsquo;\u00e9tablir la communication entre les gens, et pas uniquement sur un plan historique.<\/em><\/p>\n\n\n\n<p><em>\u00ab&nbsp;Le Boulevard de l&rsquo;Ind\u00e9pendance&nbsp;\u00bb, titre d&rsquo;un de ses albums, est celui d&rsquo;une art\u00e8re qui m\u00e8ne Bamako \u00e0 toutes les anciennes r\u00e9gions du grand empire mandingue, dont Toumani reforme l&rsquo;\u00e2me musicale en lui ouvrant les portes de la modernit\u00e9. L&rsquo;artiste a su abolir les distances et d\u00e9placer les montagnes pour cr\u00e9er des rencontres et amener les autres chez lui, \u00e0 Bamako. Le producteur anglais Damon Albarn, ou encore la chanteuse islandaise Bj\u00f6rk, \u00ab&nbsp;tomb\u00e9e amoureuse de la kora\u2026&nbsp;\u00bb, me dit-il. Comme moi de celle de Toumani. J&rsquo;aurais \u00e9crit la plupart de ces lignes en sa compagnie, et celle de son ma\u00eetre, Ali Farka Tour\u00e9, \u00e0 l&rsquo;\u00e9coute en boucle de leur album commun, \u00ab&nbsp;In the Heart of the Moon&nbsp;\u00bb, qui se red\u00e9couvre \u00e0 l&rsquo;infini en grand classique universel. Depuis la mort d&rsquo;Ali Farka, Toumani pr\u00e9serve activement sa m\u00e9moire, \u00e0 la t\u00eate d&rsquo;une fondation et du festival qui se tient chaque ann\u00e9e dans le village natal du plus grand guitariste malien, Niafunk\u00e9. Leur rencontre a marqu\u00e9 les retrouvailles entre le Mali du Nord, celui d&rsquo;Ali Farka, et le Mali du Sud, celui de Toumani&nbsp;: deux \u00ab&nbsp;\u00e9trangers chez eux&nbsp;\u00bb, dialoguant.<\/em><\/p>\n\n\n\n<p><em>Un soir, au Casino de Paris, pour la sortie du deuxi\u00e8me album r\u00e9unissant Toumani et Ali Farka Tour\u00e9, qui parvint \u00e0 l&rsquo;enregistrer malgr\u00e9 sa maladie avanc\u00e9e, M, Matthieu Chedid, arriva sur sc\u00e8ne en guest-star. De ce duo unissant la guitare d&rsquo;un jeune musicien fran\u00e7ais \u00e0 la kora d&rsquo;un griot malien d&rsquo;aujourd&rsquo;hui sortirent des accords divins, \u00e0 la hauteur des notes venues du c\u0153ur de la lune, from the heart of the moon<\/em>.\u00a0\u00bb (Extrait de\u00a0<em>Novembre \u00e0 Bamako\u00a0<\/em>)\u00a0ed. Bec en l&rsquo;air-Cauris\u00a0Editions.<\/p>\n","protected":false},"excerpt":{"rendered":"<p>C&rsquo;est son fils\u00a0Sidiki Diabat\u00e9,\u00a0lui-m\u00eame musicien, qui l&rsquo;a annonc\u00e9 sur les r\u00e9seaux sociaux\u00a0: l&rsquo;artiste malien Toumani Diabat\u00e9 est d\u00e9c\u00e9d\u00e9 ce vendredi 19\u00a0juillet \u00e0 l&rsquo;\u00e2ge de 58\u00a0ans, \u00e0 la Clinique Golden Life o\u00f9 il \u00e9tait hospitalis\u00e9 depuis plusieurs jours \u00e0 Bamako pr\u00e9cise\u00a0Le journal du Mali.\u00a0Et tous les musiciens du monde sont en deuil tant sa kora avait [&hellip;]<\/p>\n","protected":false},"author":1,"featured_media":39333,"comment_status":"open","ping_status":"open","sticky":false,"template":"","format":"standard","meta":{"footnotes":""},"categories":[67,53,59],"tags":[81,78,87],"class_list":{"0":"post-39331","1":"post","2":"type-post","3":"status-publish","4":"format-standard","5":"has-post-thumbnail","7":"category-actualites","8":"category-culture-fr","9":"category-speciaux","10":"tag-actualites","11":"tag-apie-project-2","12":"tag-culture-2"},"yoast_head":"<!-- This site is optimized with the Yoast SEO plugin v24.4 - https:\/\/yoast.com\/wordpress\/plugins\/seo\/ -->\n<title>Mort De Toumani Diabat\u00e9: Dieu De La Kora - APIE NEWS<\/title>\n<meta name=\"robots\" content=\"index, follow, max-snippet:-1, max-image-preview:large, max-video-preview:-1\" \/>\n<link rel=\"canonical\" href=\"https:\/\/appsaf.apieproject.com\/news\/fr\/2024\/07\/21\/mort-de-toumani-diabate-dieu-de-la-kora\/\" \/>\n<meta property=\"og:locale\" content=\"fr_FR\" \/>\n<meta property=\"og:type\" content=\"article\" \/>\n<meta property=\"og:title\" content=\"Mort De Toumani Diabat\u00e9: Dieu De La Kora - APIE NEWS\" \/>\n<meta property=\"og:description\" content=\"C&rsquo;est son fils\u00a0Sidiki Diabat\u00e9,\u00a0lui-m\u00eame musicien, qui l&rsquo;a annonc\u00e9 sur les r\u00e9seaux sociaux\u00a0: l&rsquo;artiste malien Toumani Diabat\u00e9 est d\u00e9c\u00e9d\u00e9 ce vendredi 19\u00a0juillet \u00e0 l&rsquo;\u00e2ge de 58\u00a0ans, \u00e0 la Clinique Golden Life o\u00f9 il \u00e9tait hospitalis\u00e9 depuis plusieurs jours \u00e0 Bamako pr\u00e9cise\u00a0Le journal du Mali.\u00a0Et tous les musiciens du monde sont en deuil tant sa kora avait [&hellip;]\" \/>\n<meta property=\"og:url\" content=\"https:\/\/appsaf.apieproject.com\/news\/fr\/2024\/07\/21\/mort-de-toumani-diabate-dieu-de-la-kora\/\" \/>\n<meta property=\"og:site_name\" content=\"APIE NEWS\" \/>\n<meta property=\"article:publisher\" content=\"https:\/\/facebook.com\/apieproject\" \/>\n<meta property=\"article:published_time\" content=\"2024-07-21T22:55:50+00:00\" \/>\n<meta property=\"article:modified_time\" content=\"2024-07-21T23:07:27+00:00\" \/>\n<meta property=\"og:image\" content=\"https:\/\/appsaf.apieproject.com\/news\/wp-content\/uploads\/sites\/29\/2024\/07\/Toumani.jpg\" \/>\n\t<meta property=\"og:image:width\" content=\"741\" \/>\n\t<meta property=\"og:image:height\" content=\"406\" \/>\n\t<meta property=\"og:image:type\" content=\"image\/jpeg\" \/>\n<meta name=\"author\" content=\"apieproject\" \/>\n<meta name=\"twitter:card\" content=\"summary_large_image\" \/>\n<meta name=\"twitter:creator\" content=\"@apieproject\" \/>\n<meta name=\"twitter:site\" content=\"@apieproject\" \/>\n<meta name=\"twitter:label1\" content=\"\u00c9crit par\" \/>\n\t<meta name=\"twitter:data1\" content=\"apieproject\" \/>\n\t<meta name=\"twitter:label2\" content=\"Dur\u00e9e de lecture estim\u00e9e\" \/>\n\t<meta name=\"twitter:data2\" content=\"4 minutes\" \/>\n<script type=\"application\/ld+json\" class=\"yoast-schema-graph\">{\"@context\":\"https:\/\/schema.org\",\"@graph\":[{\"@type\":\"Article\",\"@id\":\"https:\/\/appsaf.apieproject.com\/news\/fr\/2024\/07\/21\/mort-de-toumani-diabate-dieu-de-la-kora\/#article\",\"isPartOf\":{\"@id\":\"https:\/\/appsaf.apieproject.com\/news\/fr\/2024\/07\/21\/mort-de-toumani-diabate-dieu-de-la-kora\/\"},\"author\":{\"name\":\"apieproject\",\"@id\":\"https:\/\/appsaf.apieproject.com\/news\/#\/schema\/person\/ad5502ca15531a327ebd9865992b8492\"},\"headline\":\"Mort De Toumani Diabat\u00e9: Dieu De La Kora\",\"datePublished\":\"2024-07-21T22:55:50+00:00\",\"dateModified\":\"2024-07-21T23:07:27+00:00\",\"mainEntityOfPage\":{\"@id\":\"https:\/\/appsaf.apieproject.com\/news\/fr\/2024\/07\/21\/mort-de-toumani-diabate-dieu-de-la-kora\/\"},\"wordCount\":878,\"commentCount\":0,\"publisher\":{\"@id\":\"https:\/\/appsaf.apieproject.com\/news\/#organization\"},\"image\":{\"@id\":\"https:\/\/appsaf.apieproject.com\/news\/fr\/2024\/07\/21\/mort-de-toumani-diabate-dieu-de-la-kora\/#primaryimage\"},\"thumbnailUrl\":\"https:\/\/appsaf.apieproject.com\/news\/wp-content\/uploads\/sites\/29\/2024\/07\/Toumani.jpg\",\"keywords\":[\"actualites\",\"apie project\",\"culture\"],\"articleSection\":[\"Actualit\u00e9s\",\"Culture\",\"Sp\u00e9ciaux\"],\"inLanguage\":\"fr-FR\",\"potentialAction\":[{\"@type\":\"CommentAction\",\"name\":\"Comment\",\"target\":[\"https:\/\/appsaf.apieproject.com\/news\/fr\/2024\/07\/21\/mort-de-toumani-diabate-dieu-de-la-kora\/#respond\"]}]},{\"@type\":\"WebPage\",\"@id\":\"https:\/\/appsaf.apieproject.com\/news\/fr\/2024\/07\/21\/mort-de-toumani-diabate-dieu-de-la-kora\/\",\"url\":\"https:\/\/appsaf.apieproject.com\/news\/fr\/2024\/07\/21\/mort-de-toumani-diabate-dieu-de-la-kora\/\",\"name\":\"Mort De Toumani Diabat\u00e9: Dieu De La Kora - APIE NEWS\",\"isPartOf\":{\"@id\":\"https:\/\/appsaf.apieproject.com\/news\/#website\"},\"primaryImageOfPage\":{\"@id\":\"https:\/\/appsaf.apieproject.com\/news\/fr\/2024\/07\/21\/mort-de-toumani-diabate-dieu-de-la-kora\/#primaryimage\"},\"image\":{\"@id\":\"https:\/\/appsaf.apieproject.com\/news\/fr\/2024\/07\/21\/mort-de-toumani-diabate-dieu-de-la-kora\/#primaryimage\"},\"thumbnailUrl\":\"https:\/\/appsaf.apieproject.com\/news\/wp-content\/uploads\/sites\/29\/2024\/07\/Toumani.jpg\",\"datePublished\":\"2024-07-21T22:55:50+00:00\",\"dateModified\":\"2024-07-21T23:07:27+00:00\",\"breadcrumb\":{\"@id\":\"https:\/\/appsaf.apieproject.com\/news\/fr\/2024\/07\/21\/mort-de-toumani-diabate-dieu-de-la-kora\/#breadcrumb\"},\"inLanguage\":\"fr-FR\",\"potentialAction\":[{\"@type\":\"ReadAction\",\"target\":[\"https:\/\/appsaf.apieproject.com\/news\/fr\/2024\/07\/21\/mort-de-toumani-diabate-dieu-de-la-kora\/\"]}]},{\"@type\":\"ImageObject\",\"inLanguage\":\"fr-FR\",\"@id\":\"https:\/\/appsaf.apieproject.com\/news\/fr\/2024\/07\/21\/mort-de-toumani-diabate-dieu-de-la-kora\/#primaryimage\",\"url\":\"https:\/\/appsaf.apieproject.com\/news\/wp-content\/uploads\/sites\/29\/2024\/07\/Toumani.jpg\",\"contentUrl\":\"https:\/\/appsaf.apieproject.com\/news\/wp-content\/uploads\/sites\/29\/2024\/07\/Toumani.jpg\",\"width\":741,\"height\":406},{\"@type\":\"BreadcrumbList\",\"@id\":\"https:\/\/appsaf.apieproject.com\/news\/fr\/2024\/07\/21\/mort-de-toumani-diabate-dieu-de-la-kora\/#breadcrumb\",\"itemListElement\":[{\"@type\":\"ListItem\",\"position\":1,\"name\":\"Home\",\"item\":\"https:\/\/appsaf.apieproject.com\/news\/fr\/home\/\"},{\"@type\":\"ListItem\",\"position\":2,\"name\":\"Mort De Toumani Diabat\u00e9: Dieu De La Kora\"}]},{\"@type\":\"WebSite\",\"@id\":\"https:\/\/appsaf.apieproject.com\/news\/#website\",\"url\":\"https:\/\/appsaf.apieproject.com\/news\/\",\"name\":\"APIE NEWS\",\"description\":\"PANAFRICANISM NEWS PORTAL\",\"publisher\":{\"@id\":\"https:\/\/appsaf.apieproject.com\/news\/#organization\"},\"potentialAction\":[{\"@type\":\"SearchAction\",\"target\":{\"@type\":\"EntryPoint\",\"urlTemplate\":\"https:\/\/appsaf.apieproject.com\/news\/?s={search_term_string}\"},\"query-input\":{\"@type\":\"PropertyValueSpecification\",\"valueRequired\":true,\"valueName\":\"search_term_string\"}}],\"inLanguage\":\"fr-FR\"},{\"@type\":\"Organization\",\"@id\":\"https:\/\/appsaf.apieproject.com\/news\/#organization\",\"name\":\"APIE PROJECT\",\"url\":\"https:\/\/appsaf.apieproject.com\/news\/\",\"logo\":{\"@type\":\"ImageObject\",\"inLanguage\":\"fr-FR\",\"@id\":\"https:\/\/appsaf.apieproject.com\/news\/#\/schema\/logo\/image\/\",\"url\":\"https:\/\/appsaf.apieproject.com\/news\/wp-content\/uploads\/sites\/29\/2022\/07\/logo-R-TransparentBackground.png\",\"contentUrl\":\"https:\/\/appsaf.apieproject.com\/news\/wp-content\/uploads\/sites\/29\/2022\/07\/logo-R-TransparentBackground.png\",\"width\":512,\"height\":512,\"caption\":\"APIE PROJECT\"},\"image\":{\"@id\":\"https:\/\/appsaf.apieproject.com\/news\/#\/schema\/logo\/image\/\"},\"sameAs\":[\"https:\/\/facebook.com\/apieproject\",\"https:\/\/x.com\/apieproject\"]},{\"@type\":\"Person\",\"@id\":\"https:\/\/appsaf.apieproject.com\/news\/#\/schema\/person\/ad5502ca15531a327ebd9865992b8492\",\"name\":\"apieproject\",\"image\":{\"@type\":\"ImageObject\",\"inLanguage\":\"fr-FR\",\"@id\":\"https:\/\/appsaf.apieproject.com\/news\/#\/schema\/person\/image\/\",\"url\":\"https:\/\/secure.gravatar.com\/avatar\/8da820f890920c54e6a9a30087a8b9ec?s=96&d=mm&r=g\",\"contentUrl\":\"https:\/\/secure.gravatar.com\/avatar\/8da820f890920c54e6a9a30087a8b9ec?s=96&d=mm&r=g\",\"caption\":\"apieproject\"},\"url\":\"https:\/\/appsaf.apieproject.com\/news\/fr\/author\/apieproject\/\"}]}<\/script>\n<!-- \/ Yoast SEO plugin. -->","yoast_head_json":{"title":"Mort De Toumani Diabat\u00e9: Dieu De La Kora - APIE NEWS","robots":{"index":"index","follow":"follow","max-snippet":"max-snippet:-1","max-image-preview":"max-image-preview:large","max-video-preview":"max-video-preview:-1"},"canonical":"https:\/\/appsaf.apieproject.com\/news\/fr\/2024\/07\/21\/mort-de-toumani-diabate-dieu-de-la-kora\/","og_locale":"fr_FR","og_type":"article","og_title":"Mort De Toumani Diabat\u00e9: Dieu De La Kora - APIE NEWS","og_description":"C&rsquo;est son fils\u00a0Sidiki Diabat\u00e9,\u00a0lui-m\u00eame musicien, qui l&rsquo;a annonc\u00e9 sur les r\u00e9seaux sociaux\u00a0: l&rsquo;artiste malien Toumani Diabat\u00e9 est d\u00e9c\u00e9d\u00e9 ce vendredi 19\u00a0juillet \u00e0 l&rsquo;\u00e2ge de 58\u00a0ans, \u00e0 la Clinique Golden Life o\u00f9 il \u00e9tait hospitalis\u00e9 depuis plusieurs jours \u00e0 Bamako pr\u00e9cise\u00a0Le journal du Mali.\u00a0Et tous les musiciens du monde sont en deuil tant sa kora avait [&hellip;]","og_url":"https:\/\/appsaf.apieproject.com\/news\/fr\/2024\/07\/21\/mort-de-toumani-diabate-dieu-de-la-kora\/","og_site_name":"APIE NEWS","article_publisher":"https:\/\/facebook.com\/apieproject","article_published_time":"2024-07-21T22:55:50+00:00","article_modified_time":"2024-07-21T23:07:27+00:00","og_image":[{"width":741,"height":406,"url":"https:\/\/appsaf.apieproject.com\/news\/wp-content\/uploads\/sites\/29\/2024\/07\/Toumani.jpg","type":"image\/jpeg"}],"author":"apieproject","twitter_card":"summary_large_image","twitter_creator":"@apieproject","twitter_site":"@apieproject","twitter_misc":{"\u00c9crit par":"apieproject","Dur\u00e9e de lecture estim\u00e9e":"4 minutes"},"schema":{"@context":"https:\/\/schema.org","@graph":[{"@type":"Article","@id":"https:\/\/appsaf.apieproject.com\/news\/fr\/2024\/07\/21\/mort-de-toumani-diabate-dieu-de-la-kora\/#article","isPartOf":{"@id":"https:\/\/appsaf.apieproject.com\/news\/fr\/2024\/07\/21\/mort-de-toumani-diabate-dieu-de-la-kora\/"},"author":{"name":"apieproject","@id":"https:\/\/appsaf.apieproject.com\/news\/#\/schema\/person\/ad5502ca15531a327ebd9865992b8492"},"headline":"Mort De Toumani Diabat\u00e9: Dieu De La Kora","datePublished":"2024-07-21T22:55:50+00:00","dateModified":"2024-07-21T23:07:27+00:00","mainEntityOfPage":{"@id":"https:\/\/appsaf.apieproject.com\/news\/fr\/2024\/07\/21\/mort-de-toumani-diabate-dieu-de-la-kora\/"},"wordCount":878,"commentCount":0,"publisher":{"@id":"https:\/\/appsaf.apieproject.com\/news\/#organization"},"image":{"@id":"https:\/\/appsaf.apieproject.com\/news\/fr\/2024\/07\/21\/mort-de-toumani-diabate-dieu-de-la-kora\/#primaryimage"},"thumbnailUrl":"https:\/\/appsaf.apieproject.com\/news\/wp-content\/uploads\/sites\/29\/2024\/07\/Toumani.jpg","keywords":["actualites","apie project","culture"],"articleSection":["Actualit\u00e9s","Culture","Sp\u00e9ciaux"],"inLanguage":"fr-FR","potentialAction":[{"@type":"CommentAction","name":"Comment","target":["https:\/\/appsaf.apieproject.com\/news\/fr\/2024\/07\/21\/mort-de-toumani-diabate-dieu-de-la-kora\/#respond"]}]},{"@type":"WebPage","@id":"https:\/\/appsaf.apieproject.com\/news\/fr\/2024\/07\/21\/mort-de-toumani-diabate-dieu-de-la-kora\/","url":"https:\/\/appsaf.apieproject.com\/news\/fr\/2024\/07\/21\/mort-de-toumani-diabate-dieu-de-la-kora\/","name":"Mort De Toumani Diabat\u00e9: Dieu De La Kora - APIE NEWS","isPartOf":{"@id":"https:\/\/appsaf.apieproject.com\/news\/#website"},"primaryImageOfPage":{"@id":"https:\/\/appsaf.apieproject.com\/news\/fr\/2024\/07\/21\/mort-de-toumani-diabate-dieu-de-la-kora\/#primaryimage"},"image":{"@id":"https:\/\/appsaf.apieproject.com\/news\/fr\/2024\/07\/21\/mort-de-toumani-diabate-dieu-de-la-kora\/#primaryimage"},"thumbnailUrl":"https:\/\/appsaf.apieproject.com\/news\/wp-content\/uploads\/sites\/29\/2024\/07\/Toumani.jpg","datePublished":"2024-07-21T22:55:50+00:00","dateModified":"2024-07-21T23:07:27+00:00","breadcrumb":{"@id":"https:\/\/appsaf.apieproject.com\/news\/fr\/2024\/07\/21\/mort-de-toumani-diabate-dieu-de-la-kora\/#breadcrumb"},"inLanguage":"fr-FR","potentialAction":[{"@type":"ReadAction","target":["https:\/\/appsaf.apieproject.com\/news\/fr\/2024\/07\/21\/mort-de-toumani-diabate-dieu-de-la-kora\/"]}]},{"@type":"ImageObject","inLanguage":"fr-FR","@id":"https:\/\/appsaf.apieproject.com\/news\/fr\/2024\/07\/21\/mort-de-toumani-diabate-dieu-de-la-kora\/#primaryimage","url":"https:\/\/appsaf.apieproject.com\/news\/wp-content\/uploads\/sites\/29\/2024\/07\/Toumani.jpg","contentUrl":"https:\/\/appsaf.apieproject.com\/news\/wp-content\/uploads\/sites\/29\/2024\/07\/Toumani.jpg","width":741,"height":406},{"@type":"BreadcrumbList","@id":"https:\/\/appsaf.apieproject.com\/news\/fr\/2024\/07\/21\/mort-de-toumani-diabate-dieu-de-la-kora\/#breadcrumb","itemListElement":[{"@type":"ListItem","position":1,"name":"Home","item":"https:\/\/appsaf.apieproject.com\/news\/fr\/home\/"},{"@type":"ListItem","position":2,"name":"Mort De Toumani Diabat\u00e9: Dieu De La Kora"}]},{"@type":"WebSite","@id":"https:\/\/appsaf.apieproject.com\/news\/#website","url":"https:\/\/appsaf.apieproject.com\/news\/","name":"APIE NEWS","description":"PANAFRICANISM NEWS PORTAL","publisher":{"@id":"https:\/\/appsaf.apieproject.com\/news\/#organization"},"potentialAction":[{"@type":"SearchAction","target":{"@type":"EntryPoint","urlTemplate":"https:\/\/appsaf.apieproject.com\/news\/?s={search_term_string}"},"query-input":{"@type":"PropertyValueSpecification","valueRequired":true,"valueName":"search_term_string"}}],"inLanguage":"fr-FR"},{"@type":"Organization","@id":"https:\/\/appsaf.apieproject.com\/news\/#organization","name":"APIE PROJECT","url":"https:\/\/appsaf.apieproject.com\/news\/","logo":{"@type":"ImageObject","inLanguage":"fr-FR","@id":"https:\/\/appsaf.apieproject.com\/news\/#\/schema\/logo\/image\/","url":"https:\/\/appsaf.apieproject.com\/news\/wp-content\/uploads\/sites\/29\/2022\/07\/logo-R-TransparentBackground.png","contentUrl":"https:\/\/appsaf.apieproject.com\/news\/wp-content\/uploads\/sites\/29\/2022\/07\/logo-R-TransparentBackground.png","width":512,"height":512,"caption":"APIE PROJECT"},"image":{"@id":"https:\/\/appsaf.apieproject.com\/news\/#\/schema\/logo\/image\/"},"sameAs":["https:\/\/facebook.com\/apieproject","https:\/\/x.com\/apieproject"]},{"@type":"Person","@id":"https:\/\/appsaf.apieproject.com\/news\/#\/schema\/person\/ad5502ca15531a327ebd9865992b8492","name":"apieproject","image":{"@type":"ImageObject","inLanguage":"fr-FR","@id":"https:\/\/appsaf.apieproject.com\/news\/#\/schema\/person\/image\/","url":"https:\/\/secure.gravatar.com\/avatar\/8da820f890920c54e6a9a30087a8b9ec?s=96&d=mm&r=g","contentUrl":"https:\/\/secure.gravatar.com\/avatar\/8da820f890920c54e6a9a30087a8b9ec?s=96&d=mm&r=g","caption":"apieproject"},"url":"https:\/\/appsaf.apieproject.com\/news\/fr\/author\/apieproject\/"}]}},"_links":{"self":[{"href":"https:\/\/appsaf.apieproject.com\/news\/fr\/wp-json\/wp\/v2\/posts\/39331","targetHints":{"allow":["GET"]}}],"collection":[{"href":"https:\/\/appsaf.apieproject.com\/news\/fr\/wp-json\/wp\/v2\/posts"}],"about":[{"href":"https:\/\/appsaf.apieproject.com\/news\/fr\/wp-json\/wp\/v2\/types\/post"}],"author":[{"embeddable":true,"href":"https:\/\/appsaf.apieproject.com\/news\/fr\/wp-json\/wp\/v2\/users\/1"}],"replies":[{"embeddable":true,"href":"https:\/\/appsaf.apieproject.com\/news\/fr\/wp-json\/wp\/v2\/comments?post=39331"}],"version-history":[{"count":1,"href":"https:\/\/appsaf.apieproject.com\/news\/fr\/wp-json\/wp\/v2\/posts\/39331\/revisions"}],"predecessor-version":[{"id":39332,"href":"https:\/\/appsaf.apieproject.com\/news\/fr\/wp-json\/wp\/v2\/posts\/39331\/revisions\/39332"}],"wp:featuredmedia":[{"embeddable":true,"href":"https:\/\/appsaf.apieproject.com\/news\/fr\/wp-json\/wp\/v2\/media\/39333"}],"wp:attachment":[{"href":"https:\/\/appsaf.apieproject.com\/news\/fr\/wp-json\/wp\/v2\/media?parent=39331"}],"wp:term":[{"taxonomy":"category","embeddable":true,"href":"https:\/\/appsaf.apieproject.com\/news\/fr\/wp-json\/wp\/v2\/categories?post=39331"},{"taxonomy":"post_tag","embeddable":true,"href":"https:\/\/appsaf.apieproject.com\/news\/fr\/wp-json\/wp\/v2\/tags?post=39331"}],"curies":[{"name":"wp","href":"https:\/\/api.w.org\/{rel}","templated":true}]}}